{"id":6458,"date":"2025-06-04T15:38:05","date_gmt":"2025-06-04T19:38:05","guid":{"rendered":"https:\/\/innoticiasbo.com\/?p=6458"},"modified":"2025-06-04T15:38:47","modified_gmt":"2025-06-04T19:38:47","slug":"tragedia-en-potosi-bus-se-accidenta-tras-desviar-un-bloqueo-y-deja-3-fallecidos-y-15-heridos","status":"publish","type":"post","link":"https:\/\/innoticiasbo.com\/index.php\/2025\/06\/04\/tragedia-en-potosi-bus-se-accidenta-tras-desviar-un-bloqueo-y-deja-3-fallecidos-y-15-heridos\/","title":{"rendered":"TRAGEDIA EN POTOS\u00cd: BUS SE ACCIDENTA TRAS DESVIAR UN BLOQUEO Y DEJA 3 FALLECIDOS Y 15 HERIDOS"},"content":{"rendered":"\n<p><\/p>\n\n\n\n<p>Cochabamba, 4 de junio de 2025.- Un bus de la empresa Trans Universo se accident\u00f3 en la madrugada de este mi\u00e9rcoles en la carretera diagonal Jaime Mendoza, cerca de la comunidad Sopoyo, en Potos\u00ed. El veh\u00edculo hab\u00eda desviado un punto de bloqueo en la localidad de Unc\u00eda y perdi\u00f3 el control en una curva, sufriendo un vuelco lateral izquierdo.<\/p>\n\n\n\n<figure class=\"wp-block-image size-large\"><img data-recalc-dims=\"1\" loading=\"lazy\" decoding=\"async\" width=\"640\" height=\"396\" src=\"https:\/\/i0.wp.com\/innoticiasbo.com\/wp-content\/uploads\/2025\/06\/fb_img_17490656825174242002552495084802.jpg?resize=640%2C396&#038;ssl=1\" alt=\"\" class=\"wp-image-6454\" srcset=\"https:\/\/i0.wp.com\/innoticiasbo.com\/wp-content\/uploads\/2025\/06\/fb_img_17490656825174242002552495084802.jpg?w=932&amp;ssl=1 932w, https:\/\/i0.wp.com\/innoticiasbo.com\/wp-content\/uploads\/2025\/06\/fb_img_17490656825174242002552495084802.jpg?resize=300%2C185&amp;ssl=1 300w, https:\/\/i0.wp.com\/innoticiasbo.com\/wp-content\/uploads\/2025\/06\/fb_img_17490656825174242002552495084802.jpg?resize=768%2C475&amp;ssl=1 768w\" sizes=\"auto, (max-width: 640px) 100vw, 640px\" \/><\/figure>\n\n\n\n<p>El accidente dej\u00f3 un saldo de tres personas fallecidas y 15 heridas, siete de las cuales fueron trasladadas al hospital Daniel Bracamonte, y ocho a centros m\u00e9dicos de Unc\u00eda y Llallagua. La Polic\u00eda inform\u00f3 que la mayor\u00eda de los heridos son policontusos.<\/p>\n\n\n\n<figure class=\"wp-block-image size-large\"><img data-recalc-dims=\"1\" loading=\"lazy\" decoding=\"async\" width=\"640\" height=\"591\" src=\"https:\/\/i0.wp.com\/innoticiasbo.com\/wp-content\/uploads\/2025\/06\/fb_img_17490656855478551497408520558310.jpg?resize=640%2C591&#038;ssl=1\" alt=\"\" class=\"wp-image-6456\" srcset=\"https:\/\/i0.wp.com\/innoticiasbo.com\/wp-content\/uploads\/2025\/06\/fb_img_17490656855478551497408520558310.jpg?resize=1024%2C945&amp;ssl=1 1024w, https:\/\/i0.wp.com\/innoticiasbo.com\/wp-content\/uploads\/2025\/06\/fb_img_17490656855478551497408520558310.jpg?resize=300%2C277&amp;ssl=1 300w, https:\/\/i0.wp.com\/innoticiasbo.com\/wp-content\/uploads\/2025\/06\/fb_img_17490656855478551497408520558310.jpg?resize=768%2C709&amp;ssl=1 768w, https:\/\/i0.wp.com\/innoticiasbo.com\/wp-content\/uploads\/2025\/06\/fb_img_17490656855478551497408520558310.jpg?w=1200&amp;ssl=1 1200w\" sizes=\"auto, (max-width: 640px) 100vw, 640px\" \/><\/figure>\n\n\n\n<figure class=\"wp-block-image\"><img data-recalc-dims=\"1\" loading=\"lazy\" decoding=\"async\" width=\"169\" height=\"300\" src=\"https:\/\/i0.wp.com\/innoticiasbo.com\/wp-content\/uploads\/2025\/06\/fb_img_17490656729945727748939840353810.jpg?resize=169%2C300&#038;ssl=1\" alt=\"\" class=\"wp-image-6455\" srcset=\"https:\/\/i0.wp.com\/innoticiasbo.com\/wp-content\/uploads\/2025\/06\/fb_img_17490656729945727748939840353810.jpg?resize=169%2C300&amp;ssl=1 169w, https:\/\/i0.wp.com\/innoticiasbo.com\/wp-content\/uploads\/2025\/06\/fb_img_17490656729945727748939840353810.jpg?w=540&amp;ssl=1 540w\" sizes=\"auto, (max-width: 169px) 100vw, 169px\" \/><\/figure>\n\n\n\n<p>El director de Tr\u00e1nsito, coronel Wilson Flores, indic\u00f3 que el chofer del bus tom\u00f3 un atajo en busca de llegar a La Paz, pero perdi\u00f3 el control del veh\u00edculo en una curva. El punto de bloqueo desviado fue en la localidad de Lagunillas, pr\u00f3ximo a Unc\u00eda.<\/p>\n\n\n\n<h1 class=\"wp-block-heading\"><\/h1>\n","protected":false},"excerpt":{"rendered":"<p>Cochabamba, 4 de junio de 2025.- Un bus de la empresa Trans Universo se accident\u00f3 en la madrugada de este mi\u00e9rcoles en la carretera diagonal Jaime Mendoza, cerca de la comunidad Sopoyo, en Potos\u00ed. El veh\u00edculo hab\u00eda desviado un punto de bloqueo en la localidad de Unc\u00eda y perdi\u00f3 el control en una curva, sufriendo&#8230;<\/p>\n","protected":false},"author":2,"featured_media":6457,"comment_status":"open","ping_status":"open","sticky":false,"template":"","format":"standard","meta":{"_jetpack_memberships_contains_paid_content":false,"footnotes":"","jetpack_publicize_message":"","jetpack_publicize_feature_enabled":true,"jetpack_social_post_already_shared":true,"jetpack_social_options":{"image_generator_settings":{"template":"highway","enabled":false},"version":2}},"categories":[1,15],"tags":[33,339,641,642,168,35],"class_list":["post-6458","post","type-post","status-publish","format-standard","has-post-thumbnail","hentry","category-bolivia","category-seguridad","tag-accidente","tag-bloqueos","tag-bus","tag-desvio","tag-evistas","tag-fallecidos"],"jetpack_publicize_connections":[],"yoast_head":"<!-- This site is optimized with the Yoast SEO plugin v23.4 - https:\/\/yoast.com\/wordpress\/plugins\/seo\/ -->\n<title>TRAGEDIA EN POTOS\u00cd: BUS SE ACCIDENTA TRAS DESVIAR UN BLOQUEO Y DEJA 3 FALLECIDOS Y 15 HERIDOS - innoticiasbo.com<\/title>\n<meta name=\"robots\" content=\"index, follow, max-snippet:-1, max-image-preview:large, max-video-preview:-1\" \/>\n<link rel=\"canonical\" href=\"https:\/\/innoticiasbo.com\/index.php\/2025\/06\/04\/tragedia-en-potosi-bus-se-accidenta-tras-desviar-un-bloqueo-y-deja-3-fallecidos-y-15-heridos\/\" \/>\n<meta property=\"og:locale\" content=\"es_ES\" \/>\n<meta property=\"og:type\" content=\"article\" \/>\n<meta property=\"og:title\" content=\"TRAGEDIA EN POTOS\u00cd: BUS SE ACCIDENTA TRAS DESVIAR UN BLOQUEO Y DEJA 3 FALLECIDOS Y 15 HERIDOS - innoticiasbo.com\" \/>\n<meta property=\"og:description\" content=\"Cochabamba, 4 de junio de 2025.- Un bus de la empresa Trans Universo se accident\u00f3 en la madrugada de este mi\u00e9rcoles en la carretera diagonal Jaime Mendoza, cerca de la comunidad Sopoyo, en Potos\u00ed. El veh\u00edculo hab\u00eda desviado un punto de bloqueo en la localidad de Unc\u00eda y perdi\u00f3 el control en una curva, sufriendo...\" \/>\n<meta property=\"og:url\" content=\"https:\/\/innoticiasbo.com\/index.php\/2025\/06\/04\/tragedia-en-potosi-bus-se-accidenta-tras-desviar-un-bloqueo-y-deja-3-fallecidos-y-15-heridos\/\" \/>\n<meta property=\"og:site_name\" content=\"innoticiasbo.com\" \/>\n<meta property=\"article:publisher\" content=\"https:\/\/www.facebook.com\/innoticiasbolivia\" \/>\n<meta property=\"article:published_time\" content=\"2025-06-04T19:38:05+00:00\" \/>\n<meta property=\"article:modified_time\" content=\"2025-06-04T19:38:47+00:00\" \/>\n<meta property=\"og:image\" content=\"https:\/\/i0.wp.com\/innoticiasbo.com\/wp-content\/uploads\/2025\/06\/FB_IMG_1749065682517.jpg?fit=932%2C576&ssl=1\" \/>\n\t<meta property=\"og:image:width\" content=\"932\" \/>\n\t<meta property=\"og:image:height\" content=\"576\" \/>\n\t<meta property=\"og:image:type\" content=\"image\/jpeg\" \/>\n<meta name=\"author\" content=\"Prensa\" \/>\n<meta name=\"twitter:card\" content=\"summary_large_image\" \/>\n<meta name=\"twitter:creator\" content=\"@innoticiasbo\" \/>\n<meta name=\"twitter:site\" content=\"@innoticiasbo\" \/>\n<meta name=\"twitter:label1\" content=\"Escrito por\" \/>\n\t<meta name=\"twitter:data1\" content=\"Prensa\" \/>\n\t<meta name=\"twitter:label2\" content=\"Tiempo de lectura\" \/>\n\t<meta name=\"twitter:data2\" content=\"1 minuto\" \/>\n<script type=\"application\/ld+json\" class=\"yoast-schema-graph\">{\"@context\":\"https:\/\/schema.org\",\"@graph\":[{\"@type\":\"Article\",\"@id\":\"https:\/\/innoticiasbo.com\/index.php\/2025\/06\/04\/tragedia-en-potosi-bus-se-accidenta-tras-desviar-un-bloqueo-y-deja-3-fallecidos-y-15-heridos\/#article\",\"isPartOf\":{\"@id\":\"https:\/\/innoticiasbo.com\/index.php\/2025\/06\/04\/tragedia-en-potosi-bus-se-accidenta-tras-desviar-un-bloqueo-y-deja-3-fallecidos-y-15-heridos\/\"},\"author\":{\"name\":\"Prensa\",\"@id\":\"https:\/\/innoticiasbo.com\/#\/schema\/person\/589cd527c4211df1b943bdad85ec07ce\"},\"headline\":\"TRAGEDIA EN POTOS\u00cd: BUS SE ACCIDENTA TRAS DESVIAR UN BLOQUEO Y DEJA 3 FALLECIDOS Y 15 HERIDOS\",\"datePublished\":\"2025-06-04T19:38:05+00:00\",\"dateModified\":\"2025-06-04T19:38:47+00:00\",\"mainEntityOfPage\":{\"@id\":\"https:\/\/innoticiasbo.com\/index.php\/2025\/06\/04\/tragedia-en-potosi-bus-se-accidenta-tras-desviar-un-bloqueo-y-deja-3-fallecidos-y-15-heridos\/\"},\"wordCount\":172,\"commentCount\":0,\"publisher\":{\"@id\":\"https:\/\/innoticiasbo.com\/#organization\"},\"image\":{\"@id\":\"https:\/\/innoticiasbo.com\/index.php\/2025\/06\/04\/tragedia-en-potosi-bus-se-accidenta-tras-desviar-un-bloqueo-y-deja-3-fallecidos-y-15-heridos\/#primaryimage\"},\"thumbnailUrl\":\"https:\/\/i0.wp.com\/innoticiasbo.com\/wp-content\/uploads\/2025\/06\/FB_IMG_1749065682517.jpg?fit=932%2C576&ssl=1\",\"keywords\":[\"accidente\",\"bloqueos\",\"bus\",\"desv\u00edo\",\"evistas\",\"fallecidos\"],\"articleSection\":[\"Bolivia\",\"Seguridad\"],\"inLanguage\":\"es\",\"potentialAction\":[{\"@type\":\"CommentAction\",\"name\":\"Comment\",\"target\":[\"https:\/\/innoticiasbo.com\/index.php\/2025\/06\/04\/tragedia-en-potosi-bus-se-accidenta-tras-desviar-un-bloqueo-y-deja-3-fallecidos-y-15-heridos\/#respond\"]}]},{\"@type\":\"WebPage\",\"@id\":\"https:\/\/innoticiasbo.com\/index.php\/2025\/06\/04\/tragedia-en-potosi-bus-se-accidenta-tras-desviar-un-bloqueo-y-deja-3-fallecidos-y-15-heridos\/\",\"url\":\"https:\/\/innoticiasbo.com\/index.php\/2025\/06\/04\/tragedia-en-potosi-bus-se-accidenta-tras-desviar-un-bloqueo-y-deja-3-fallecidos-y-15-heridos\/\",\"name\":\"TRAGEDIA EN POTOS\u00cd: BUS SE ACCIDENTA TRAS DESVIAR UN BLOQUEO Y DEJA 3 FALLECIDOS Y 15 HERIDOS - innoticiasbo.com\",\"isPartOf\":{\"@id\":\"https:\/\/innoticiasbo.com\/#website\"},\"primaryImageOfPage\":{\"@id\":\"https:\/\/innoticiasbo.com\/index.php\/2025\/06\/04\/tragedia-en-potosi-bus-se-accidenta-tras-desviar-un-bloqueo-y-deja-3-fallecidos-y-15-heridos\/#primaryimage\"},\"image\":{\"@id\":\"https:\/\/innoticiasbo.com\/index.php\/2025\/06\/04\/tragedia-en-potosi-bus-se-accidenta-tras-desviar-un-bloqueo-y-deja-3-fallecidos-y-15-heridos\/#primaryimage\"},\"thumbnailUrl\":\"https:\/\/i0.wp.com\/innoticiasbo.com\/wp-content\/uploads\/2025\/06\/FB_IMG_1749065682517.jpg?fit=932%2C576&ssl=1\",\"datePublished\":\"2025-06-04T19:38:05+00:00\",\"dateModified\":\"2025-06-04T19:38:47+00:00\",\"breadcrumb\":{\"@id\":\"https:\/\/innoticiasbo.com\/index.php\/2025\/06\/04\/tragedia-en-potosi-bus-se-accidenta-tras-desviar-un-bloqueo-y-deja-3-fallecidos-y-15-heridos\/#breadcrumb\"},\"inLanguage\":\"es\",\"potentialAction\":[{\"@type\":\"ReadAction\",\"target\":[\"https:\/\/innoticiasbo.com\/index.php\/2025\/06\/04\/tragedia-en-potosi-bus-se-accidenta-tras-desviar-un-bloqueo-y-deja-3-fallecidos-y-15-heridos\/\"]}]},{\"@type\":\"ImageObject\",\"inLanguage\":\"es\",\"@id\":\"https:\/\/innoticiasbo.com\/index.php\/2025\/06\/04\/tragedia-en-potosi-bus-se-accidenta-tras-desviar-un-bloqueo-y-deja-3-fallecidos-y-15-heridos\/#primaryimage\",\"url\":\"https:\/\/i0.wp.com\/innoticiasbo.com\/wp-content\/uploads\/2025\/06\/FB_IMG_1749065682517.jpg?fit=932%2C576&ssl=1\",\"contentUrl\":\"https:\/\/i0.wp.com\/innoticiasbo.com\/wp-content\/uploads\/2025\/06\/FB_IMG_1749065682517.jpg?fit=932%2C576&ssl=1\",\"width\":932,\"height\":576},{\"@type\":\"BreadcrumbList\",\"@id\":\"https:\/\/innoticiasbo.com\/index.php\/2025\/06\/04\/tragedia-en-potosi-bus-se-accidenta-tras-desviar-un-bloqueo-y-deja-3-fallecidos-y-15-heridos\/#breadcrumb\",\"itemListElement\":[{\"@type\":\"ListItem\",\"position\":1,\"name\":\"Portada\",\"item\":\"https:\/\/innoticiasbo.com\/\"},{\"@type\":\"ListItem\",\"position\":2,\"name\":\"TRAGEDIA EN POTOS\u00cd: BUS SE ACCIDENTA TRAS DESVIAR UN BLOQUEO Y DEJA 3 FALLECIDOS Y 15 HERIDOS\"}]},{\"@type\":\"WebSite\",\"@id\":\"https:\/\/innoticiasbo.com\/#website\",\"url\":\"https:\/\/innoticiasbo.com\/\",\"name\":\"innoticiasbo.com\",\"description\":\"\",\"publisher\":{\"@id\":\"https:\/\/innoticiasbo.com\/#organization\"},\"potentialAction\":[{\"@type\":\"SearchAction\",\"target\":{\"@type\":\"EntryPoint\",\"urlTemplate\":\"https:\/\/innoticiasbo.com\/?s={search_term_string}\"},\"query-input\":{\"@type\":\"PropertyValueSpecification\",\"valueRequired\":true,\"valueName\":\"search_term_string\"}}],\"inLanguage\":\"es\"},{\"@type\":\"Organization\",\"@id\":\"https:\/\/innoticiasbo.com\/#organization\",\"name\":\"innoticiasbo.com\",\"url\":\"https:\/\/innoticiasbo.com\/\",\"logo\":{\"@type\":\"ImageObject\",\"inLanguage\":\"es\",\"@id\":\"https:\/\/innoticiasbo.com\/#\/schema\/logo\/image\/\",\"url\":\"https:\/\/i0.wp.com\/innoticiasbo.com\/wp-content\/uploads\/2026\/04\/cropped-IN-LOGO.png?fit=1476%2C1476&ssl=1\",\"contentUrl\":\"https:\/\/i0.wp.com\/innoticiasbo.com\/wp-content\/uploads\/2026\/04\/cropped-IN-LOGO.png?fit=1476%2C1476&ssl=1\",\"width\":1476,\"height\":1476,\"caption\":\"innoticiasbo.com\"},\"image\":{\"@id\":\"https:\/\/innoticiasbo.com\/#\/schema\/logo\/image\/\"},\"sameAs\":[\"https:\/\/www.facebook.com\/innoticiasbolivia\",\"https:\/\/x.com\/innoticiasbo\",\"https:\/\/www.instagram.com\/innoticiasbo\",\"https:\/\/www.youtube.com\/innoticiasbo\"]},{\"@type\":\"Person\",\"@id\":\"https:\/\/innoticiasbo.com\/#\/schema\/person\/589cd527c4211df1b943bdad85ec07ce\",\"name\":\"Prensa\",\"image\":{\"@type\":\"ImageObject\",\"inLanguage\":\"es\",\"@id\":\"https:\/\/innoticiasbo.com\/#\/schema\/person\/image\/\",\"url\":\"https:\/\/secure.gravatar.com\/avatar\/d359bbdf112023c1c0a3ec7fe1600657?s=96&d=mm&r=g\",\"contentUrl\":\"https:\/\/secure.gravatar.com\/avatar\/d359bbdf112023c1c0a3ec7fe1600657?s=96&d=mm&r=g\",\"caption\":\"Prensa\"},\"sameAs\":[\"http:\/\/www.innoticiasbo.com\"],\"url\":\"https:\/\/innoticiasbo.com\/index.php\/author\/prensa\/\"}]}<\/script>\n<!-- \/ Yoast SEO plugin. -->","yoast_head_json":{"title":"TRAGEDIA EN POTOS\u00cd: BUS SE ACCIDENTA TRAS DESVIAR UN BLOQUEO Y DEJA 3 FALLECIDOS Y 15 HERIDOS - innoticiasbo.com","robots":{"index":"index","follow":"follow","max-snippet":"max-snippet:-1","max-image-preview":"max-image-preview:large","max-video-preview":"max-video-preview:-1"},"canonical":"https:\/\/innoticiasbo.com\/index.php\/2025\/06\/04\/tragedia-en-potosi-bus-se-accidenta-tras-desviar-un-bloqueo-y-deja-3-fallecidos-y-15-heridos\/","og_locale":"es_ES","og_type":"article","og_title":"TRAGEDIA EN POTOS\u00cd: BUS SE ACCIDENTA TRAS DESVIAR UN BLOQUEO Y DEJA 3 FALLECIDOS Y 15 HERIDOS - innoticiasbo.com","og_description":"Cochabamba, 4 de junio de 2025.- Un bus de la empresa Trans Universo se accident\u00f3 en la madrugada de este mi\u00e9rcoles en la carretera diagonal Jaime Mendoza, cerca de la comunidad Sopoyo, en Potos\u00ed. El veh\u00edculo hab\u00eda desviado un punto de bloqueo en la localidad de Unc\u00eda y perdi\u00f3 el control en una curva, sufriendo...","og_url":"https:\/\/innoticiasbo.com\/index.php\/2025\/06\/04\/tragedia-en-potosi-bus-se-accidenta-tras-desviar-un-bloqueo-y-deja-3-fallecidos-y-15-heridos\/","og_site_name":"innoticiasbo.com","article_publisher":"https:\/\/www.facebook.com\/innoticiasbolivia","article_published_time":"2025-06-04T19:38:05+00:00","article_modified_time":"2025-06-04T19:38:47+00:00","og_image":[{"width":932,"height":576,"url":"https:\/\/i0.wp.com\/innoticiasbo.com\/wp-content\/uploads\/2025\/06\/FB_IMG_1749065682517.jpg?fit=932%2C576&ssl=1","type":"image\/jpeg"}],"author":"Prensa","twitter_card":"summary_large_image","twitter_creator":"@innoticiasbo","twitter_site":"@innoticiasbo","twitter_misc":{"Escrito por":"Prensa","Tiempo de lectura":"1 minuto"},"schema":{"@context":"https:\/\/schema.org","@graph":[{"@type":"Article","@id":"https:\/\/innoticiasbo.com\/index.php\/2025\/06\/04\/tragedia-en-potosi-bus-se-accidenta-tras-desviar-un-bloqueo-y-deja-3-fallecidos-y-15-heridos\/#article","isPartOf":{"@id":"https:\/\/innoticiasbo.com\/index.php\/2025\/06\/04\/tragedia-en-potosi-bus-se-accidenta-tras-desviar-un-bloqueo-y-deja-3-fallecidos-y-15-heridos\/"},"author":{"name":"Prensa","@id":"https:\/\/innoticiasbo.com\/#\/schema\/person\/589cd527c4211df1b943bdad85ec07ce"},"headline":"TRAGEDIA EN POTOS\u00cd: BUS SE ACCIDENTA TRAS DESVIAR UN BLOQUEO Y DEJA 3 FALLECIDOS Y 15 HERIDOS","datePublished":"2025-06-04T19:38:05+00:00","dateModified":"2025-06-04T19:38:47+00:00","mainEntityOfPage":{"@id":"https:\/\/innoticiasbo.com\/index.php\/2025\/06\/04\/tragedia-en-potosi-bus-se-accidenta-tras-desviar-un-bloqueo-y-deja-3-fallecidos-y-15-heridos\/"},"wordCount":172,"commentCount":0,"publisher":{"@id":"https:\/\/innoticiasbo.com\/#organization"},"image":{"@id":"https:\/\/innoticiasbo.com\/index.php\/2025\/06\/04\/tragedia-en-potosi-bus-se-accidenta-tras-desviar-un-bloqueo-y-deja-3-fallecidos-y-15-heridos\/#primaryimage"},"thumbnailUrl":"https:\/\/i0.wp.com\/innoticiasbo.com\/wp-content\/uploads\/2025\/06\/FB_IMG_1749065682517.jpg?fit=932%2C576&ssl=1","keywords":["accidente","bloqueos","bus","desv\u00edo","evistas","fallecidos"],"articleSection":["Bolivia","Seguridad"],"inLanguage":"es","potentialAction":[{"@type":"CommentAction","name":"Comment","target":["https:\/\/innoticiasbo.com\/index.php\/2025\/06\/04\/tragedia-en-potosi-bus-se-accidenta-tras-desviar-un-bloqueo-y-deja-3-fallecidos-y-15-heridos\/#respond"]}]},{"@type":"WebPage","@id":"https:\/\/innoticiasbo.com\/index.php\/2025\/06\/04\/tragedia-en-potosi-bus-se-accidenta-tras-desviar-un-bloqueo-y-deja-3-fallecidos-y-15-heridos\/","url":"https:\/\/innoticiasbo.com\/index.php\/2025\/06\/04\/tragedia-en-potosi-bus-se-accidenta-tras-desviar-un-bloqueo-y-deja-3-fallecidos-y-15-heridos\/","name":"TRAGEDIA EN POTOS\u00cd: BUS SE ACCIDENTA TRAS DESVIAR UN BLOQUEO Y DEJA 3 FALLECIDOS Y 15 HERIDOS - innoticiasbo.com","isPartOf":{"@id":"https:\/\/innoticiasbo.com\/#website"},"primaryImageOfPage":{"@id":"https:\/\/innoticiasbo.com\/index.php\/2025\/06\/04\/tragedia-en-potosi-bus-se-accidenta-tras-desviar-un-bloqueo-y-deja-3-fallecidos-y-15-heridos\/#primaryimage"},"image":{"@id":"https:\/\/innoticiasbo.com\/index.php\/2025\/06\/04\/tragedia-en-potosi-bus-se-accidenta-tras-desviar-un-bloqueo-y-deja-3-fallecidos-y-15-heridos\/#primaryimage"},"thumbnailUrl":"https:\/\/i0.wp.com\/innoticiasbo.com\/wp-content\/uploads\/2025\/06\/FB_IMG_1749065682517.jpg?fit=932%2C576&ssl=1","datePublished":"2025-06-04T19:38:05+00:00","dateModified":"2025-06-04T19:38:47+00:00","breadcrumb":{"@id":"https:\/\/innoticiasbo.com\/index.php\/2025\/06\/04\/tragedia-en-potosi-bus-se-accidenta-tras-desviar-un-bloqueo-y-deja-3-fallecidos-y-15-heridos\/#breadcrumb"},"inLanguage":"es","potentialAction":[{"@type":"ReadAction","target":["https:\/\/innoticiasbo.com\/index.php\/2025\/06\/04\/tragedia-en-potosi-bus-se-accidenta-tras-desviar-un-bloqueo-y-deja-3-fallecidos-y-15-heridos\/"]}]},{"@type":"ImageObject","inLanguage":"es","@id":"https:\/\/innoticiasbo.com\/index.php\/2025\/06\/04\/tragedia-en-potosi-bus-se-accidenta-tras-desviar-un-bloqueo-y-deja-3-fallecidos-y-15-heridos\/#primaryimage","url":"https:\/\/i0.wp.com\/innoticiasbo.com\/wp-content\/uploads\/2025\/06\/FB_IMG_1749065682517.jpg?fit=932%2C576&ssl=1","contentUrl":"https:\/\/i0.wp.com\/innoticiasbo.com\/wp-content\/uploads\/2025\/06\/FB_IMG_1749065682517.jpg?fit=932%2C576&ssl=1","width":932,"height":576},{"@type":"BreadcrumbList","@id":"https:\/\/innoticiasbo.com\/index.php\/2025\/06\/04\/tragedia-en-potosi-bus-se-accidenta-tras-desviar-un-bloqueo-y-deja-3-fallecidos-y-15-heridos\/#breadcrumb","itemListElement":[{"@type":"ListItem","position":1,"name":"Portada","item":"https:\/\/innoticiasbo.com\/"},{"@type":"ListItem","position":2,"name":"TRAGEDIA EN POTOS\u00cd: BUS SE ACCIDENTA TRAS DESVIAR UN BLOQUEO Y DEJA 3 FALLECIDOS Y 15 HERIDOS"}]},{"@type":"WebSite","@id":"https:\/\/innoticiasbo.com\/#website","url":"https:\/\/innoticiasbo.com\/","name":"innoticiasbo.com","description":"","publisher":{"@id":"https:\/\/innoticiasbo.com\/#organization"},"potentialAction":[{"@type":"SearchAction","target":{"@type":"EntryPoint","urlTemplate":"https:\/\/innoticiasbo.com\/?s={search_term_string}"},"query-input":{"@type":"PropertyValueSpecification","valueRequired":true,"valueName":"search_term_string"}}],"inLanguage":"es"},{"@type":"Organization","@id":"https:\/\/innoticiasbo.com\/#organization","name":"innoticiasbo.com","url":"https:\/\/innoticiasbo.com\/","logo":{"@type":"ImageObject","inLanguage":"es","@id":"https:\/\/innoticiasbo.com\/#\/schema\/logo\/image\/","url":"https:\/\/i0.wp.com\/innoticiasbo.com\/wp-content\/uploads\/2026\/04\/cropped-IN-LOGO.png?fit=1476%2C1476&ssl=1","contentUrl":"https:\/\/i0.wp.com\/innoticiasbo.com\/wp-content\/uploads\/2026\/04\/cropped-IN-LOGO.png?fit=1476%2C1476&ssl=1","width":1476,"height":1476,"caption":"innoticiasbo.com"},"image":{"@id":"https:\/\/innoticiasbo.com\/#\/schema\/logo\/image\/"},"sameAs":["https:\/\/www.facebook.com\/innoticiasbolivia","https:\/\/x.com\/innoticiasbo","https:\/\/www.instagram.com\/innoticiasbo","https:\/\/www.youtube.com\/innoticiasbo"]},{"@type":"Person","@id":"https:\/\/innoticiasbo.com\/#\/schema\/person\/589cd527c4211df1b943bdad85ec07ce","name":"Prensa","image":{"@type":"ImageObject","inLanguage":"es","@id":"https:\/\/innoticiasbo.com\/#\/schema\/person\/image\/","url":"https:\/\/secure.gravatar.com\/avatar\/d359bbdf112023c1c0a3ec7fe1600657?s=96&d=mm&r=g","contentUrl":"https:\/\/secure.gravatar.com\/avatar\/d359bbdf112023c1c0a3ec7fe1600657?s=96&d=mm&r=g","caption":"Prensa"},"sameAs":["http:\/\/www.innoticiasbo.com"],"url":"https:\/\/innoticiasbo.com\/index.php\/author\/prensa\/"}]}},"jetpack_featured_media_url":"https:\/\/i0.wp.com\/innoticiasbo.com\/wp-content\/uploads\/2025\/06\/FB_IMG_1749065682517.jpg?fit=932%2C576&ssl=1","jetpack_likes_enabled":true,"jetpack_sharing_enabled":true,"jetpack_shortlink":"https:\/\/wp.me\/pg298x-1Ga","_links":{"self":[{"href":"https:\/\/innoticiasbo.com\/index.php\/wp-json\/wp\/v2\/posts\/6458","targetHints":{"allow":["GET"]}}],"collection":[{"href":"https:\/\/innoticiasbo.com\/index.php\/wp-json\/wp\/v2\/posts"}],"about":[{"href":"https:\/\/innoticiasbo.com\/index.php\/wp-json\/wp\/v2\/types\/post"}],"author":[{"embeddable":true,"href":"https:\/\/innoticiasbo.com\/index.php\/wp-json\/wp\/v2\/users\/2"}],"replies":[{"embeddable":true,"href":"https:\/\/innoticiasbo.com\/index.php\/wp-json\/wp\/v2\/comments?post=6458"}],"version-history":[{"count":1,"href":"https:\/\/innoticiasbo.com\/index.php\/wp-json\/wp\/v2\/posts\/6458\/revisions"}],"predecessor-version":[{"id":6459,"href":"https:\/\/innoticiasbo.com\/index.php\/wp-json\/wp\/v2\/posts\/6458\/revisions\/6459"}],"wp:featuredmedia":[{"embeddable":true,"href":"https:\/\/innoticiasbo.com\/index.php\/wp-json\/wp\/v2\/media\/6457"}],"wp:attachment":[{"href":"https:\/\/innoticiasbo.com\/index.php\/wp-json\/wp\/v2\/media?parent=6458"}],"wp:term":[{"taxonomy":"category","embeddable":true,"href":"https:\/\/innoticiasbo.com\/index.php\/wp-json\/wp\/v2\/categories?post=6458"},{"taxonomy":"post_tag","embeddable":true,"href":"https:\/\/innoticiasbo.com\/index.php\/wp-json\/wp\/v2\/tags?post=6458"}],"curies":[{"name":"wp","href":"https:\/\/api.w.org\/{rel}","templated":true}]}}