{"id":5984,"date":"2025-05-22T09:46:37","date_gmt":"2025-05-22T13:46:37","guid":{"rendered":"https:\/\/innoticiasbo.com\/?p=5984"},"modified":"2025-05-22T09:47:17","modified_gmt":"2025-05-22T13:47:17","slug":"el-ceo-logra-una-afectacion-al-contrabando-de-mas-de-bs-907-120","status":"publish","type":"post","link":"https:\/\/innoticiasbo.com\/index.php\/2025\/05\/22\/el-ceo-logra-una-afectacion-al-contrabando-de-mas-de-bs-907-120\/","title":{"rendered":"El CEO LOGRA UNA AFECTACI\u00d3N AL CONTRABANDO DE M\u00c1S DE BS. 907.120"},"content":{"rendered":"\n<p>La Paz, 22 de mayo de 2025.- .- El Comando Estrat\u00e9gico de Lucha Contra el Contrabando (CEO-LCC) logr\u00f3 una afectaci\u00f3n a este il\u00edcito de m\u00e1s de Bs907.120, a trav\u00e9s de operativos realizados del 09 al 20 de mayo, inform\u00f3 el Viceministro de Lucha Contra el Contrabando, Cnl. DAEN. (S.P.) Luis Am\u00edlcar Vel\u00e1squez.<\/p>\n\n\n\n<p>En el tramo carretero Villa Molino del departamento de La Paz, en un patrullaje m\u00f3vil por caminos alternos, la Fuerza de Tarea Conjunta (FTC) \u201cAgropecuaria\u201d incaut\u00f3 un veh\u00edculo tipo vagoneta con carga de combustible de contrabando entre gasolina y di\u00e9sel que fueron transportados al dep\u00f3sito de las instalaciones del Batall\u00f3n de Infanter\u00eda de Marina IV \u00abAlianza\u00bb en Chaguaya, asimismo en el sector de Puerto Acosta, los efectivos comisaron bidones de combustible que eran llevados en un minib\u00fas azul, destinados tambi\u00e9n al contrabando, mismos que fueron traslados a las instalaciones del Grupo de Tarea Conjunta (GTC) \u00abPuerto Acosta\u00bb y en otro de sus patrullajes por la localidad de Puerto Acosta, los militares comisaron bidones de combustible que eran trasladados en una camioneta blanca.<\/p>\n\n\n\n<figure class=\"wp-block-image size-large\"><img data-recalc-dims=\"1\" loading=\"lazy\" decoding=\"async\" width=\"640\" height=\"360\" src=\"https:\/\/i0.wp.com\/innoticiasbo.com\/wp-content\/uploads\/2025\/05\/img-20250521-wa02806500077268122282734.jpg?resize=640%2C360&#038;ssl=1\" alt=\"\" class=\"wp-image-5982\" srcset=\"https:\/\/i0.wp.com\/innoticiasbo.com\/wp-content\/uploads\/2025\/05\/img-20250521-wa02806500077268122282734.jpg?resize=1024%2C576&amp;ssl=1 1024w, https:\/\/i0.wp.com\/innoticiasbo.com\/wp-content\/uploads\/2025\/05\/img-20250521-wa02806500077268122282734.jpg?resize=300%2C169&amp;ssl=1 300w, https:\/\/i0.wp.com\/innoticiasbo.com\/wp-content\/uploads\/2025\/05\/img-20250521-wa02806500077268122282734.jpg?resize=768%2C432&amp;ssl=1 768w, https:\/\/i0.wp.com\/innoticiasbo.com\/wp-content\/uploads\/2025\/05\/img-20250521-wa02806500077268122282734.jpg?w=1156&amp;ssl=1 1156w\" sizes=\"auto, (max-width: 640px) 100vw, 640px\" \/><\/figure>\n\n\n\n<p>En el puesto de control de Chua (La Paz) los mismos efectivos, inspeccionaron un trailer de color verde y blanco el cual portaba mercader\u00eda de contrabando, consistente en ma\u00edz en gran cantidad y bolsas de cemento, que fueron entregados al Regimiento de Caballer\u00eda IV Ingavi.<\/p>\n\n\n\n<p>En el tramo carretero Chaguaya (La Paz), se incaut\u00f3 cinco mil litros de combustible entre gasolina y di\u00e9sel, adem\u00e1s de 210 quintales de az\u00facar.<\/p>\n\n\n\n<p>Tambi\u00e9n, la Fuerza de Tarea Conjunta \u201cAgropecuaria\u201d, intercept\u00f3 a tres veh\u00edculos de transporte p\u00fablico en el tramo carretero del sector Villa Molino (La Paz), el cual se encontraba bordeando la comunidad de Chaguaya, los camiones conten\u00edan bolsas de pl\u00e1stico y bidones de di\u00e9sel y gasolina, siendo comisados y entregados a las instalaciones del Batall\u00f3n de Infanter\u00eda de Marina IV \u00abAlianza\u00bb.<\/p>\n\n\n\n<p>Asimismo, durante el patrullaje m\u00f3vil por el tramo carretero Tambillo- La Paz, se intercept\u00f3 a un veh\u00edculo furg\u00f3n que llevaba garrafas de Gas Licuado de Petr\u00f3leo (GLP), que fueron trasladados a las instalaciones del Regimiento de Caballer\u00eda Mecanizada IV Ingavi.<\/p>\n\n\n\n<p>En el tramo carretero Chua- La Paz, en la inspecci\u00f3n ocular de un veh\u00edculo Nissan C\u00f3ndor color verde y blanco se comis\u00f3 82 yutes de papa y dos yutes de isa\u00f1a, que no contaban con documentaci\u00f3n, a su vez, el Servicio Nacional de Sanidad Agropecuaria e Inocuidad Alimentaria (Senasag) de Chua verific\u00f3 la cantidad excesiva de esta mercader\u00eda.<\/p>\n\n\n\n<figure class=\"wp-block-image size-large\"><img data-recalc-dims=\"1\" loading=\"lazy\" decoding=\"async\" width=\"640\" height=\"360\" src=\"https:\/\/i0.wp.com\/innoticiasbo.com\/wp-content\/uploads\/2025\/05\/img-20250521-wa02784923671498593818961.jpg?resize=640%2C360&#038;ssl=1\" alt=\"\" class=\"wp-image-5979\" srcset=\"https:\/\/i0.wp.com\/innoticiasbo.com\/wp-content\/uploads\/2025\/05\/img-20250521-wa02784923671498593818961.jpg?resize=1024%2C576&amp;ssl=1 1024w, https:\/\/i0.wp.com\/innoticiasbo.com\/wp-content\/uploads\/2025\/05\/img-20250521-wa02784923671498593818961.jpg?resize=300%2C169&amp;ssl=1 300w, https:\/\/i0.wp.com\/innoticiasbo.com\/wp-content\/uploads\/2025\/05\/img-20250521-wa02784923671498593818961.jpg?resize=768%2C432&amp;ssl=1 768w, https:\/\/i0.wp.com\/innoticiasbo.com\/wp-content\/uploads\/2025\/05\/img-20250521-wa02784923671498593818961.jpg?w=1156&amp;ssl=1 1156w\" sizes=\"auto, (max-width: 640px) 100vw, 640px\" \/><\/figure>\n\n\n\n<p>Por otro lado, en el sector se evidencio un cami\u00f3n con 92 yutes de papa de contrabando que tambi\u00e9n fueron comisados y sometidos a verificaci\u00f3n por el Senasag de Chua, siendo trasladados al recinto m\u00e1s pr\u00f3ximo de la Empresa de Apoyo a la Producci\u00f3n de Alimentos (Emapa).<\/p>\n\n\n\n<p>Entre los \u00faltimos comisos en la ruta Tito Yupanqui en la frontera con el Per\u00fa, se interrumpi\u00f3 el paso de un cami\u00f3n tipo furg\u00f3n con 100 cajas de pollo equivalente a 2.500 kilos sin documentaci\u00f3n de respaldo.<\/p>\n\n\n\n<figure class=\"wp-block-image size-large\"><img data-recalc-dims=\"1\" loading=\"lazy\" decoding=\"async\" width=\"640\" height=\"481\" src=\"https:\/\/i0.wp.com\/innoticiasbo.com\/wp-content\/uploads\/2025\/05\/img-20250521-wa02825799128671503210971.jpg?resize=640%2C481&#038;ssl=1\" alt=\"\" class=\"wp-image-5980\" srcset=\"https:\/\/i0.wp.com\/innoticiasbo.com\/wp-content\/uploads\/2025\/05\/img-20250521-wa02825799128671503210971.jpg?resize=1024%2C770&amp;ssl=1 1024w, https:\/\/i0.wp.com\/innoticiasbo.com\/wp-content\/uploads\/2025\/05\/img-20250521-wa02825799128671503210971.jpg?resize=300%2C226&amp;ssl=1 300w, https:\/\/i0.wp.com\/innoticiasbo.com\/wp-content\/uploads\/2025\/05\/img-20250521-wa02825799128671503210971.jpg?resize=768%2C578&amp;ssl=1 768w, https:\/\/i0.wp.com\/innoticiasbo.com\/wp-content\/uploads\/2025\/05\/img-20250521-wa02825799128671503210971.jpg?w=1280&amp;ssl=1 1280w\" sizes=\"auto, (max-width: 640px) 100vw, 640px\" \/><\/figure>\n\n\n\n<p>En un \u00faltimo control a cargo de la Fuerza de Tarea Conjunta (FTC) \u201cAgropecuaria\u201d, en el sector del Puente Internacional de la frontera Bolivia &#8211; Per\u00fa se evidenci\u00f3 la existencia de ganado de contrabando, pues no contaba con la correspondiente gu\u00eda de movimiento, siendo trasladado hacia las instalaciones del Regimiento de Caballer\u00eda Mecanizada 5 \u201cGeneral Jos\u00e9 Miguel Lanza\u201c para su custodia y resguardo.<\/p>\n\n\n\n<p>De la misma forma, el Grupo de Reacci\u00f3n Inmediata (GRI) \u201cLagunas 1\u201d, realiz\u00f3 el comiso de aproximadamente 80 fardos de ollas y utensilios de cocina en la localidad de Lagunas (Oruro), que eran desembarcados de un veh\u00edculo Nissan C\u00f3ndor que se encontraba enfangado; en el lugar, el veh\u00edculo de control de los militares fue atacado con miguelitos (p\u00faas met\u00e1licas afiladas que se colocan en las v\u00edas para pinchar los neum\u00e1ticos de los veh\u00edculos), sin embargo los efectivos militares se desplazaron inmediatamente por el lugar, logrando el comiso y la respectiva incineraci\u00f3n de la mercader\u00eda.<\/p>\n\n\n\n<figure class=\"wp-block-image size-large\"><img data-recalc-dims=\"1\" loading=\"lazy\" decoding=\"async\" width=\"640\" height=\"288\" src=\"https:\/\/i0.wp.com\/innoticiasbo.com\/wp-content\/uploads\/2025\/05\/img-20250521-wa02764983407600666864792.jpg?resize=640%2C288&#038;ssl=1\" alt=\"\" class=\"wp-image-5981\" srcset=\"https:\/\/i0.wp.com\/innoticiasbo.com\/wp-content\/uploads\/2025\/05\/img-20250521-wa02764983407600666864792.jpg?resize=1024%2C461&amp;ssl=1 1024w, https:\/\/i0.wp.com\/innoticiasbo.com\/wp-content\/uploads\/2025\/05\/img-20250521-wa02764983407600666864792.jpg?resize=300%2C135&amp;ssl=1 300w, https:\/\/i0.wp.com\/innoticiasbo.com\/wp-content\/uploads\/2025\/05\/img-20250521-wa02764983407600666864792.jpg?resize=768%2C346&amp;ssl=1 768w, https:\/\/i0.wp.com\/innoticiasbo.com\/wp-content\/uploads\/2025\/05\/img-20250521-wa02764983407600666864792.jpg?w=1280&amp;ssl=1 1280w\" sizes=\"auto, (max-width: 640px) 100vw, 640px\" \/><\/figure>\n\n\n\n<p>Por su parte, la Fuerza de Tarea Conjunta (FTC) \u201cDelta\u201d intercept\u00f3 un cami\u00f3n marca Volvo que transportaba carga de papa de contrabando en el sector de la tranca de Tocloca y Tupiza (Potos\u00ed), siendo trasladado a las instalaciones del Regimiento de Caballer\u00eda III \u00abChichas\u00bb.<\/p>\n\n\n\n<p>En cumplimiento a la Ley 1053 del Decreto Supremo N\u00b05245 de contrabando a la inversa el Viceministerio de Lucha Contra el Contrabando mediante su principal brazo operativo el (CEO- LCC), realiza las labores las 24 horas al d\u00eda y los siete d\u00edas a la semana para combatir a este il\u00edcito con el \u00fanico fin de proteger el bienestar com\u00fan de la ciudadan\u00eda.<\/p>\n\n\n\n<h1 class=\"wp-block-heading\"><\/h1>\n","protected":false},"excerpt":{"rendered":"<p>La Paz, 22 de mayo de 2025.- .- El Comando Estrat\u00e9gico de Lucha Contra el Contrabando (CEO-LCC) logr\u00f3 una afectaci\u00f3n a este il\u00edcito de m\u00e1s de Bs907.120, a trav\u00e9s de operativos realizados del 09 al 20 de mayo, inform\u00f3 el Viceministro de Lucha Contra el Contrabando, Cnl. DAEN. (S.P.) Luis Am\u00edlcar Vel\u00e1squez. En el tramo&#8230;<\/p>\n","protected":false},"author":2,"featured_media":5983,"comment_status":"open","ping_status":"open","sticky":false,"template":"","format":"standard","meta":{"_jetpack_memberships_contains_paid_content":false,"footnotes":"","jetpack_publicize_message":"","jetpack_publicize_feature_enabled":true,"jetpack_social_post_already_shared":true,"jetpack_social_options":{"image_generator_settings":{"template":"highway","enabled":false},"version":2}},"categories":[1],"tags":[114,112,113,22],"class_list":["post-5984","post","type-post","status-publish","format-standard","has-post-thumbnail","hentry","category-bolivia","tag-afectacion","tag-ceo","tag-contrabando","tag-innoticias"],"jetpack_publicize_connections":[],"yoast_head":"<!-- This site is optimized with the Yoast SEO plugin v23.4 - https:\/\/yoast.com\/wordpress\/plugins\/seo\/ -->\n<title>El CEO LOGRA UNA AFECTACI\u00d3N AL CONTRABANDO DE M\u00c1S DE BS. 907.120 - innoticiasbo.com<\/title>\n<meta name=\"robots\" content=\"index, follow, max-snippet:-1, max-image-preview:large, max-video-preview:-1\" \/>\n<link rel=\"canonical\" href=\"https:\/\/innoticiasbo.com\/index.php\/2025\/05\/22\/el-ceo-logra-una-afectacion-al-contrabando-de-mas-de-bs-907-120\/\" \/>\n<meta property=\"og:locale\" content=\"es_ES\" \/>\n<meta property=\"og:type\" content=\"article\" \/>\n<meta property=\"og:title\" content=\"El CEO LOGRA UNA AFECTACI\u00d3N AL CONTRABANDO DE M\u00c1S DE BS. 907.120 - innoticiasbo.com\" \/>\n<meta property=\"og:description\" content=\"La Paz, 22 de mayo de 2025.- .- El Comando Estrat\u00e9gico de Lucha Contra el Contrabando (CEO-LCC) logr\u00f3 una afectaci\u00f3n a este il\u00edcito de m\u00e1s de Bs907.120, a trav\u00e9s de operativos realizados del 09 al 20 de mayo, inform\u00f3 el Viceministro de Lucha Contra el Contrabando, Cnl. DAEN. (S.P.) Luis Am\u00edlcar Vel\u00e1squez. En el tramo...\" \/>\n<meta property=\"og:url\" content=\"https:\/\/innoticiasbo.com\/index.php\/2025\/05\/22\/el-ceo-logra-una-afectacion-al-contrabando-de-mas-de-bs-907-120\/\" \/>\n<meta property=\"og:site_name\" content=\"innoticiasbo.com\" \/>\n<meta property=\"article:publisher\" content=\"https:\/\/www.facebook.com\/innoticiasbolivia\" \/>\n<meta property=\"article:published_time\" content=\"2025-05-22T13:46:37+00:00\" \/>\n<meta property=\"article:modified_time\" content=\"2025-05-22T13:47:17+00:00\" \/>\n<meta property=\"og:image\" content=\"https:\/\/i0.wp.com\/innoticiasbo.com\/wp-content\/uploads\/2025\/05\/IMG-20250521-WA0276.jpg?fit=1280%2C576&ssl=1\" \/>\n\t<meta property=\"og:image:width\" content=\"1280\" \/>\n\t<meta property=\"og:image:height\" content=\"576\" \/>\n\t<meta property=\"og:image:type\" content=\"image\/jpeg\" \/>\n<meta name=\"author\" content=\"Prensa\" \/>\n<meta name=\"twitter:card\" content=\"summary_large_image\" \/>\n<meta name=\"twitter:creator\" content=\"@innoticiasbo\" \/>\n<meta name=\"twitter:site\" content=\"@innoticiasbo\" \/>\n<meta name=\"twitter:label1\" content=\"Escrito por\" \/>\n\t<meta name=\"twitter:data1\" content=\"Prensa\" \/>\n\t<meta name=\"twitter:label2\" content=\"Tiempo de lectura\" \/>\n\t<meta name=\"twitter:data2\" content=\"4 minutos\" \/>\n<script type=\"application\/ld+json\" class=\"yoast-schema-graph\">{\"@context\":\"https:\/\/schema.org\",\"@graph\":[{\"@type\":\"Article\",\"@id\":\"https:\/\/innoticiasbo.com\/index.php\/2025\/05\/22\/el-ceo-logra-una-afectacion-al-contrabando-de-mas-de-bs-907-120\/#article\",\"isPartOf\":{\"@id\":\"https:\/\/innoticiasbo.com\/index.php\/2025\/05\/22\/el-ceo-logra-una-afectacion-al-contrabando-de-mas-de-bs-907-120\/\"},\"author\":{\"name\":\"Prensa\",\"@id\":\"https:\/\/innoticiasbo.com\/#\/schema\/person\/589cd527c4211df1b943bdad85ec07ce\"},\"headline\":\"El CEO LOGRA UNA AFECTACI\u00d3N AL CONTRABANDO DE M\u00c1S DE BS. 907.120\",\"datePublished\":\"2025-05-22T13:46:37+00:00\",\"dateModified\":\"2025-05-22T13:47:17+00:00\",\"mainEntityOfPage\":{\"@id\":\"https:\/\/innoticiasbo.com\/index.php\/2025\/05\/22\/el-ceo-logra-una-afectacion-al-contrabando-de-mas-de-bs-907-120\/\"},\"wordCount\":818,\"commentCount\":0,\"publisher\":{\"@id\":\"https:\/\/innoticiasbo.com\/#organization\"},\"image\":{\"@id\":\"https:\/\/innoticiasbo.com\/index.php\/2025\/05\/22\/el-ceo-logra-una-afectacion-al-contrabando-de-mas-de-bs-907-120\/#primaryimage\"},\"thumbnailUrl\":\"https:\/\/i0.wp.com\/innoticiasbo.com\/wp-content\/uploads\/2025\/05\/IMG-20250521-WA0276.jpg?fit=1280%2C576&ssl=1\",\"keywords\":[\"afectaci\u00f3n\",\"CEO\",\"Contrabando\",\"innoticias\"],\"articleSection\":[\"Bolivia\"],\"inLanguage\":\"es\",\"potentialAction\":[{\"@type\":\"CommentAction\",\"name\":\"Comment\",\"target\":[\"https:\/\/innoticiasbo.com\/index.php\/2025\/05\/22\/el-ceo-logra-una-afectacion-al-contrabando-de-mas-de-bs-907-120\/#respond\"]}]},{\"@type\":\"WebPage\",\"@id\":\"https:\/\/innoticiasbo.com\/index.php\/2025\/05\/22\/el-ceo-logra-una-afectacion-al-contrabando-de-mas-de-bs-907-120\/\",\"url\":\"https:\/\/innoticiasbo.com\/index.php\/2025\/05\/22\/el-ceo-logra-una-afectacion-al-contrabando-de-mas-de-bs-907-120\/\",\"name\":\"El CEO LOGRA UNA AFECTACI\u00d3N AL CONTRABANDO DE M\u00c1S DE BS. 907.120 - innoticiasbo.com\",\"isPartOf\":{\"@id\":\"https:\/\/innoticiasbo.com\/#website\"},\"primaryImageOfPage\":{\"@id\":\"https:\/\/innoticiasbo.com\/index.php\/2025\/05\/22\/el-ceo-logra-una-afectacion-al-contrabando-de-mas-de-bs-907-120\/#primaryimage\"},\"image\":{\"@id\":\"https:\/\/innoticiasbo.com\/index.php\/2025\/05\/22\/el-ceo-logra-una-afectacion-al-contrabando-de-mas-de-bs-907-120\/#primaryimage\"},\"thumbnailUrl\":\"https:\/\/i0.wp.com\/innoticiasbo.com\/wp-content\/uploads\/2025\/05\/IMG-20250521-WA0276.jpg?fit=1280%2C576&ssl=1\",\"datePublished\":\"2025-05-22T13:46:37+00:00\",\"dateModified\":\"2025-05-22T13:47:17+00:00\",\"breadcrumb\":{\"@id\":\"https:\/\/innoticiasbo.com\/index.php\/2025\/05\/22\/el-ceo-logra-una-afectacion-al-contrabando-de-mas-de-bs-907-120\/#breadcrumb\"},\"inLanguage\":\"es\",\"potentialAction\":[{\"@type\":\"ReadAction\",\"target\":[\"https:\/\/innoticiasbo.com\/index.php\/2025\/05\/22\/el-ceo-logra-una-afectacion-al-contrabando-de-mas-de-bs-907-120\/\"]}]},{\"@type\":\"ImageObject\",\"inLanguage\":\"es\",\"@id\":\"https:\/\/innoticiasbo.com\/index.php\/2025\/05\/22\/el-ceo-logra-una-afectacion-al-contrabando-de-mas-de-bs-907-120\/#primaryimage\",\"url\":\"https:\/\/i0.wp.com\/innoticiasbo.com\/wp-content\/uploads\/2025\/05\/IMG-20250521-WA0276.jpg?fit=1280%2C576&ssl=1\",\"contentUrl\":\"https:\/\/i0.wp.com\/innoticiasbo.com\/wp-content\/uploads\/2025\/05\/IMG-20250521-WA0276.jpg?fit=1280%2C576&ssl=1\",\"width\":1280,\"height\":576},{\"@type\":\"BreadcrumbList\",\"@id\":\"https:\/\/innoticiasbo.com\/index.php\/2025\/05\/22\/el-ceo-logra-una-afectacion-al-contrabando-de-mas-de-bs-907-120\/#breadcrumb\",\"itemListElement\":[{\"@type\":\"ListItem\",\"position\":1,\"name\":\"Portada\",\"item\":\"https:\/\/innoticiasbo.com\/\"},{\"@type\":\"ListItem\",\"position\":2,\"name\":\"El CEO LOGRA UNA AFECTACI\u00d3N AL CONTRABANDO DE M\u00c1S DE BS. 907.120\"}]},{\"@type\":\"WebSite\",\"@id\":\"https:\/\/innoticiasbo.com\/#website\",\"url\":\"https:\/\/innoticiasbo.com\/\",\"name\":\"innoticiasbo.com\",\"description\":\"\",\"publisher\":{\"@id\":\"https:\/\/innoticiasbo.com\/#organization\"},\"potentialAction\":[{\"@type\":\"SearchAction\",\"target\":{\"@type\":\"EntryPoint\",\"urlTemplate\":\"https:\/\/innoticiasbo.com\/?s={search_term_string}\"},\"query-input\":{\"@type\":\"PropertyValueSpecification\",\"valueRequired\":true,\"valueName\":\"search_term_string\"}}],\"inLanguage\":\"es\"},{\"@type\":\"Organization\",\"@id\":\"https:\/\/innoticiasbo.com\/#organization\",\"name\":\"innoticiasbo.com\",\"url\":\"https:\/\/innoticiasbo.com\/\",\"logo\":{\"@type\":\"ImageObject\",\"inLanguage\":\"es\",\"@id\":\"https:\/\/innoticiasbo.com\/#\/schema\/logo\/image\/\",\"url\":\"https:\/\/i0.wp.com\/innoticiasbo.com\/wp-content\/uploads\/2026\/04\/cropped-IN-LOGO.png?fit=1476%2C1476&ssl=1\",\"contentUrl\":\"https:\/\/i0.wp.com\/innoticiasbo.com\/wp-content\/uploads\/2026\/04\/cropped-IN-LOGO.png?fit=1476%2C1476&ssl=1\",\"width\":1476,\"height\":1476,\"caption\":\"innoticiasbo.com\"},\"image\":{\"@id\":\"https:\/\/innoticiasbo.com\/#\/schema\/logo\/image\/\"},\"sameAs\":[\"https:\/\/www.facebook.com\/innoticiasbolivia\",\"https:\/\/x.com\/innoticiasbo\",\"https:\/\/www.instagram.com\/innoticiasbo\",\"https:\/\/www.youtube.com\/innoticiasbo\"]},{\"@type\":\"Person\",\"@id\":\"https:\/\/innoticiasbo.com\/#\/schema\/person\/589cd527c4211df1b943bdad85ec07ce\",\"name\":\"Prensa\",\"image\":{\"@type\":\"ImageObject\",\"inLanguage\":\"es\",\"@id\":\"https:\/\/innoticiasbo.com\/#\/schema\/person\/image\/\",\"url\":\"https:\/\/secure.gravatar.com\/avatar\/d359bbdf112023c1c0a3ec7fe1600657?s=96&d=mm&r=g\",\"contentUrl\":\"https:\/\/secure.gravatar.com\/avatar\/d359bbdf112023c1c0a3ec7fe1600657?s=96&d=mm&r=g\",\"caption\":\"Prensa\"},\"sameAs\":[\"http:\/\/www.innoticiasbo.com\"],\"url\":\"https:\/\/innoticiasbo.com\/index.php\/author\/prensa\/\"}]}<\/script>\n<!-- \/ Yoast SEO plugin. -->","yoast_head_json":{"title":"El CEO LOGRA UNA AFECTACI\u00d3N AL CONTRABANDO DE M\u00c1S DE BS. 907.120 - innoticiasbo.com","robots":{"index":"index","follow":"follow","max-snippet":"max-snippet:-1","max-image-preview":"max-image-preview:large","max-video-preview":"max-video-preview:-1"},"canonical":"https:\/\/innoticiasbo.com\/index.php\/2025\/05\/22\/el-ceo-logra-una-afectacion-al-contrabando-de-mas-de-bs-907-120\/","og_locale":"es_ES","og_type":"article","og_title":"El CEO LOGRA UNA AFECTACI\u00d3N AL CONTRABANDO DE M\u00c1S DE BS. 907.120 - innoticiasbo.com","og_description":"La Paz, 22 de mayo de 2025.- .- El Comando Estrat\u00e9gico de Lucha Contra el Contrabando (CEO-LCC) logr\u00f3 una afectaci\u00f3n a este il\u00edcito de m\u00e1s de Bs907.120, a trav\u00e9s de operativos realizados del 09 al 20 de mayo, inform\u00f3 el Viceministro de Lucha Contra el Contrabando, Cnl. DAEN. (S.P.) Luis Am\u00edlcar Vel\u00e1squez. En el tramo...","og_url":"https:\/\/innoticiasbo.com\/index.php\/2025\/05\/22\/el-ceo-logra-una-afectacion-al-contrabando-de-mas-de-bs-907-120\/","og_site_name":"innoticiasbo.com","article_publisher":"https:\/\/www.facebook.com\/innoticiasbolivia","article_published_time":"2025-05-22T13:46:37+00:00","article_modified_time":"2025-05-22T13:47:17+00:00","og_image":[{"width":1280,"height":576,"url":"https:\/\/i0.wp.com\/innoticiasbo.com\/wp-content\/uploads\/2025\/05\/IMG-20250521-WA0276.jpg?fit=1280%2C576&ssl=1","type":"image\/jpeg"}],"author":"Prensa","twitter_card":"summary_large_image","twitter_creator":"@innoticiasbo","twitter_site":"@innoticiasbo","twitter_misc":{"Escrito por":"Prensa","Tiempo de lectura":"4 minutos"},"schema":{"@context":"https:\/\/schema.org","@graph":[{"@type":"Article","@id":"https:\/\/innoticiasbo.com\/index.php\/2025\/05\/22\/el-ceo-logra-una-afectacion-al-contrabando-de-mas-de-bs-907-120\/#article","isPartOf":{"@id":"https:\/\/innoticiasbo.com\/index.php\/2025\/05\/22\/el-ceo-logra-una-afectacion-al-contrabando-de-mas-de-bs-907-120\/"},"author":{"name":"Prensa","@id":"https:\/\/innoticiasbo.com\/#\/schema\/person\/589cd527c4211df1b943bdad85ec07ce"},"headline":"El CEO LOGRA UNA AFECTACI\u00d3N AL CONTRABANDO DE M\u00c1S DE BS. 907.120","datePublished":"2025-05-22T13:46:37+00:00","dateModified":"2025-05-22T13:47:17+00:00","mainEntityOfPage":{"@id":"https:\/\/innoticiasbo.com\/index.php\/2025\/05\/22\/el-ceo-logra-una-afectacion-al-contrabando-de-mas-de-bs-907-120\/"},"wordCount":818,"commentCount":0,"publisher":{"@id":"https:\/\/innoticiasbo.com\/#organization"},"image":{"@id":"https:\/\/innoticiasbo.com\/index.php\/2025\/05\/22\/el-ceo-logra-una-afectacion-al-contrabando-de-mas-de-bs-907-120\/#primaryimage"},"thumbnailUrl":"https:\/\/i0.wp.com\/innoticiasbo.com\/wp-content\/uploads\/2025\/05\/IMG-20250521-WA0276.jpg?fit=1280%2C576&ssl=1","keywords":["afectaci\u00f3n","CEO","Contrabando","innoticias"],"articleSection":["Bolivia"],"inLanguage":"es","potentialAction":[{"@type":"CommentAction","name":"Comment","target":["https:\/\/innoticiasbo.com\/index.php\/2025\/05\/22\/el-ceo-logra-una-afectacion-al-contrabando-de-mas-de-bs-907-120\/#respond"]}]},{"@type":"WebPage","@id":"https:\/\/innoticiasbo.com\/index.php\/2025\/05\/22\/el-ceo-logra-una-afectacion-al-contrabando-de-mas-de-bs-907-120\/","url":"https:\/\/innoticiasbo.com\/index.php\/2025\/05\/22\/el-ceo-logra-una-afectacion-al-contrabando-de-mas-de-bs-907-120\/","name":"El CEO LOGRA UNA AFECTACI\u00d3N AL CONTRABANDO DE M\u00c1S DE BS. 907.120 - innoticiasbo.com","isPartOf":{"@id":"https:\/\/innoticiasbo.com\/#website"},"primaryImageOfPage":{"@id":"https:\/\/innoticiasbo.com\/index.php\/2025\/05\/22\/el-ceo-logra-una-afectacion-al-contrabando-de-mas-de-bs-907-120\/#primaryimage"},"image":{"@id":"https:\/\/innoticiasbo.com\/index.php\/2025\/05\/22\/el-ceo-logra-una-afectacion-al-contrabando-de-mas-de-bs-907-120\/#primaryimage"},"thumbnailUrl":"https:\/\/i0.wp.com\/innoticiasbo.com\/wp-content\/uploads\/2025\/05\/IMG-20250521-WA0276.jpg?fit=1280%2C576&ssl=1","datePublished":"2025-05-22T13:46:37+00:00","dateModified":"2025-05-22T13:47:17+00:00","breadcrumb":{"@id":"https:\/\/innoticiasbo.com\/index.php\/2025\/05\/22\/el-ceo-logra-una-afectacion-al-contrabando-de-mas-de-bs-907-120\/#breadcrumb"},"inLanguage":"es","potentialAction":[{"@type":"ReadAction","target":["https:\/\/innoticiasbo.com\/index.php\/2025\/05\/22\/el-ceo-logra-una-afectacion-al-contrabando-de-mas-de-bs-907-120\/"]}]},{"@type":"ImageObject","inLanguage":"es","@id":"https:\/\/innoticiasbo.com\/index.php\/2025\/05\/22\/el-ceo-logra-una-afectacion-al-contrabando-de-mas-de-bs-907-120\/#primaryimage","url":"https:\/\/i0.wp.com\/innoticiasbo.com\/wp-content\/uploads\/2025\/05\/IMG-20250521-WA0276.jpg?fit=1280%2C576&ssl=1","contentUrl":"https:\/\/i0.wp.com\/innoticiasbo.com\/wp-content\/uploads\/2025\/05\/IMG-20250521-WA0276.jpg?fit=1280%2C576&ssl=1","width":1280,"height":576},{"@type":"BreadcrumbList","@id":"https:\/\/innoticiasbo.com\/index.php\/2025\/05\/22\/el-ceo-logra-una-afectacion-al-contrabando-de-mas-de-bs-907-120\/#breadcrumb","itemListElement":[{"@type":"ListItem","position":1,"name":"Portada","item":"https:\/\/innoticiasbo.com\/"},{"@type":"ListItem","position":2,"name":"El CEO LOGRA UNA AFECTACI\u00d3N AL CONTRABANDO DE M\u00c1S DE BS. 907.120"}]},{"@type":"WebSite","@id":"https:\/\/innoticiasbo.com\/#website","url":"https:\/\/innoticiasbo.com\/","name":"innoticiasbo.com","description":"","publisher":{"@id":"https:\/\/innoticiasbo.com\/#organization"},"potentialAction":[{"@type":"SearchAction","target":{"@type":"EntryPoint","urlTemplate":"https:\/\/innoticiasbo.com\/?s={search_term_string}"},"query-input":{"@type":"PropertyValueSpecification","valueRequired":true,"valueName":"search_term_string"}}],"inLanguage":"es"},{"@type":"Organization","@id":"https:\/\/innoticiasbo.com\/#organization","name":"innoticiasbo.com","url":"https:\/\/innoticiasbo.com\/","logo":{"@type":"ImageObject","inLanguage":"es","@id":"https:\/\/innoticiasbo.com\/#\/schema\/logo\/image\/","url":"https:\/\/i0.wp.com\/innoticiasbo.com\/wp-content\/uploads\/2026\/04\/cropped-IN-LOGO.png?fit=1476%2C1476&ssl=1","contentUrl":"https:\/\/i0.wp.com\/innoticiasbo.com\/wp-content\/uploads\/2026\/04\/cropped-IN-LOGO.png?fit=1476%2C1476&ssl=1","width":1476,"height":1476,"caption":"innoticiasbo.com"},"image":{"@id":"https:\/\/innoticiasbo.com\/#\/schema\/logo\/image\/"},"sameAs":["https:\/\/www.facebook.com\/innoticiasbolivia","https:\/\/x.com\/innoticiasbo","https:\/\/www.instagram.com\/innoticiasbo","https:\/\/www.youtube.com\/innoticiasbo"]},{"@type":"Person","@id":"https:\/\/innoticiasbo.com\/#\/schema\/person\/589cd527c4211df1b943bdad85ec07ce","name":"Prensa","image":{"@type":"ImageObject","inLanguage":"es","@id":"https:\/\/innoticiasbo.com\/#\/schema\/person\/image\/","url":"https:\/\/secure.gravatar.com\/avatar\/d359bbdf112023c1c0a3ec7fe1600657?s=96&d=mm&r=g","contentUrl":"https:\/\/secure.gravatar.com\/avatar\/d359bbdf112023c1c0a3ec7fe1600657?s=96&d=mm&r=g","caption":"Prensa"},"sameAs":["http:\/\/www.innoticiasbo.com"],"url":"https:\/\/innoticiasbo.com\/index.php\/author\/prensa\/"}]}},"jetpack_featured_media_url":"https:\/\/i0.wp.com\/innoticiasbo.com\/wp-content\/uploads\/2025\/05\/IMG-20250521-WA0276.jpg?fit=1280%2C576&ssl=1","jetpack_likes_enabled":true,"jetpack_sharing_enabled":true,"jetpack_shortlink":"https:\/\/wp.me\/pg298x-1yw","_links":{"self":[{"href":"https:\/\/innoticiasbo.com\/index.php\/wp-json\/wp\/v2\/posts\/5984","targetHints":{"allow":["GET"]}}],"collection":[{"href":"https:\/\/innoticiasbo.com\/index.php\/wp-json\/wp\/v2\/posts"}],"about":[{"href":"https:\/\/innoticiasbo.com\/index.php\/wp-json\/wp\/v2\/types\/post"}],"author":[{"embeddable":true,"href":"https:\/\/innoticiasbo.com\/index.php\/wp-json\/wp\/v2\/users\/2"}],"replies":[{"embeddable":true,"href":"https:\/\/innoticiasbo.com\/index.php\/wp-json\/wp\/v2\/comments?post=5984"}],"version-history":[{"count":1,"href":"https:\/\/innoticiasbo.com\/index.php\/wp-json\/wp\/v2\/posts\/5984\/revisions"}],"predecessor-version":[{"id":5985,"href":"https:\/\/innoticiasbo.com\/index.php\/wp-json\/wp\/v2\/posts\/5984\/revisions\/5985"}],"wp:featuredmedia":[{"embeddable":true,"href":"https:\/\/innoticiasbo.com\/index.php\/wp-json\/wp\/v2\/media\/5983"}],"wp:attachment":[{"href":"https:\/\/innoticiasbo.com\/index.php\/wp-json\/wp\/v2\/media?parent=5984"}],"wp:term":[{"taxonomy":"category","embeddable":true,"href":"https:\/\/innoticiasbo.com\/index.php\/wp-json\/wp\/v2\/categories?post=5984"},{"taxonomy":"post_tag","embeddable":true,"href":"https:\/\/innoticiasbo.com\/index.php\/wp-json\/wp\/v2\/tags?post=5984"}],"curies":[{"name":"wp","href":"https:\/\/api.w.org\/{rel}","templated":true}]}}