{"id":5932,"date":"2025-05-20T20:03:15","date_gmt":"2025-05-21T00:03:15","guid":{"rendered":"https:\/\/innoticiasbo.com\/?p=5932"},"modified":"2025-05-20T20:03:47","modified_gmt":"2025-05-21T00:03:47","slug":"candidatura-de-jaime-dunn-en-suspenso-ngp-asegura-que-se-corregira-ante-el-organo-electoral","status":"publish","type":"post","link":"https:\/\/innoticiasbo.com\/index.php\/2025\/05\/20\/candidatura-de-jaime-dunn-en-suspenso-ngp-asegura-que-se-corregira-ante-el-organo-electoral\/","title":{"rendered":"CANDIDATURA DE JAIME DUNN EN SUSPENSO: NGP ASEGURA QUE SE CORREGIR\u00c1 ANTE EL \u00d3RGANO ELECTORAL"},"content":{"rendered":"\n<p><\/p>\n\n\n\n<p>La Paz, 20 de mayo de 2025.- Paul Coca, actual candidato uninominal a diputado por la circunscripci\u00f3n 7 por Nueva Generaci\u00f3n Patri\u00f3tica (NGP), confirm\u00f3 que Jaime Dunn no figura como candidato presidencial en la lista presentada ante el Tribunal Supremo Electoral (TSE). En su lugar, aparece el nombre de Fidel Tapia Zambrana como candidato a presidente, acompa\u00f1ado de Edgar Uriona como candidato a vicepresidente.<\/p>\n\n\n\n<figure class=\"wp-block-image size-large\"><img data-recalc-dims=\"1\" loading=\"lazy\" decoding=\"async\" width=\"640\" height=\"426\" src=\"https:\/\/i0.wp.com\/innoticiasbo.com\/wp-content\/uploads\/2025\/05\/img-20250510-wa01263852372270794218878.jpg?resize=640%2C426&#038;ssl=1\" alt=\"\" class=\"wp-image-5929\" srcset=\"https:\/\/i0.wp.com\/innoticiasbo.com\/wp-content\/uploads\/2025\/05\/img-20250510-wa01263852372270794218878.jpg?resize=1024%2C682&amp;ssl=1 1024w, https:\/\/i0.wp.com\/innoticiasbo.com\/wp-content\/uploads\/2025\/05\/img-20250510-wa01263852372270794218878.jpg?resize=300%2C200&amp;ssl=1 300w, https:\/\/i0.wp.com\/innoticiasbo.com\/wp-content\/uploads\/2025\/05\/img-20250510-wa01263852372270794218878.jpg?resize=768%2C512&amp;ssl=1 768w, https:\/\/i0.wp.com\/innoticiasbo.com\/wp-content\/uploads\/2025\/05\/img-20250510-wa01263852372270794218878.jpg?resize=1536%2C1023&amp;ssl=1 1536w, https:\/\/i0.wp.com\/innoticiasbo.com\/wp-content\/uploads\/2025\/05\/img-20250510-wa01263852372270794218878.jpg?resize=600%2C400&amp;ssl=1 600w, https:\/\/i0.wp.com\/innoticiasbo.com\/wp-content\/uploads\/2025\/05\/img-20250510-wa01263852372270794218878.jpg?w=1600&amp;ssl=1 1600w, https:\/\/i0.wp.com\/innoticiasbo.com\/wp-content\/uploads\/2025\/05\/img-20250510-wa01263852372270794218878.jpg?w=1280&amp;ssl=1 1280w\" sizes=\"auto, (max-width: 640px) 100vw, 640px\" \/><\/figure>\n\n\n\n<p>Sin embargo, Coca asegur\u00f3 que m\u00e1s adelante esta situaci\u00f3n ser\u00e1 subsanada ante el \u00d3rgano Electoral y que Dunn ser\u00e1 habilitado como candidato presidencial del partido.<\/p>\n\n\n\n<p>\u201cJaime Dunn es nuestro candidato a la presidencia, por supuesto. Los delegados de Nueva Generaci\u00f3n Patri\u00f3tica, partido que me ha invitado a postularme como candidato por la circunscripci\u00f3n 7, est\u00e1n resolviendo, desde el punto de vista t\u00e9cnico-jur\u00eddico, los aspectos necesarios para consolidar la candidatura de Jaime Dunn\u201d, declar\u00f3 Coca.<\/p>\n\n\n\n<figure class=\"wp-block-image size-large\"><img data-recalc-dims=\"1\" loading=\"lazy\" decoding=\"async\" width=\"640\" height=\"426\" src=\"https:\/\/i0.wp.com\/innoticiasbo.com\/wp-content\/uploads\/2025\/05\/img-20250515-wa0191637473440537395842.jpg?resize=640%2C426&#038;ssl=1\" alt=\"\" class=\"wp-image-5930\" srcset=\"https:\/\/i0.wp.com\/innoticiasbo.com\/wp-content\/uploads\/2025\/05\/img-20250515-wa0191637473440537395842.jpg?resize=1024%2C682&amp;ssl=1 1024w, https:\/\/i0.wp.com\/innoticiasbo.com\/wp-content\/uploads\/2025\/05\/img-20250515-wa0191637473440537395842.jpg?resize=300%2C200&amp;ssl=1 300w, https:\/\/i0.wp.com\/innoticiasbo.com\/wp-content\/uploads\/2025\/05\/img-20250515-wa0191637473440537395842.jpg?resize=768%2C512&amp;ssl=1 768w, https:\/\/i0.wp.com\/innoticiasbo.com\/wp-content\/uploads\/2025\/05\/img-20250515-wa0191637473440537395842.jpg?resize=1536%2C1023&amp;ssl=1 1536w, https:\/\/i0.wp.com\/innoticiasbo.com\/wp-content\/uploads\/2025\/05\/img-20250515-wa0191637473440537395842.jpg?resize=600%2C400&amp;ssl=1 600w, https:\/\/i0.wp.com\/innoticiasbo.com\/wp-content\/uploads\/2025\/05\/img-20250515-wa0191637473440537395842.jpg?w=1600&amp;ssl=1 1600w, https:\/\/i0.wp.com\/innoticiasbo.com\/wp-content\/uploads\/2025\/05\/img-20250515-wa0191637473440537395842.jpg?w=1280&amp;ssl=1 1280w\" sizes=\"auto, (max-width: 640px) 100vw, 640px\" \/><\/figure>\n\n\n\n<p>Ante la consulta sobre por qu\u00e9 Dunn no fue inscrito y si esto se deb\u00eda al incumplimiento de alg\u00fan requisito, Coca respondi\u00f3: \u201cNo, ninguno. Pero, como le digo, en mi calidad de invitado desconozco completamente la raz\u00f3n interna por la cual se inscribi\u00f3 a otra persona, cuando el verdadero candidato es Jaime Dunn\u201d.<br \/>Fuente: Red Uno<\/p>\n","protected":false},"excerpt":{"rendered":"<p>La Paz, 20 de mayo de 2025.- Paul Coca, actual candidato uninominal a diputado por la circunscripci\u00f3n 7 por Nueva Generaci\u00f3n Patri\u00f3tica (NGP), confirm\u00f3 que Jaime Dunn no figura como candidato presidencial en la lista presentada ante el Tribunal Supremo Electoral (TSE). En su lugar, aparece el nombre de Fidel Tapia Zambrana como candidato a&#8230;<\/p>\n","protected":false},"author":2,"featured_media":5931,"comment_status":"open","ping_status":"open","sticky":false,"template":"","format":"standard","meta":{"_jetpack_memberships_contains_paid_content":false,"footnotes":"","jetpack_publicize_message":"","jetpack_publicize_feature_enabled":true,"jetpack_social_post_already_shared":true,"jetpack_social_options":{"image_generator_settings":{"template":"highway","enabled":false},"version":2}},"categories":[1,3],"tags":[375,138,22,302,465],"class_list":["post-5932","post","type-post","status-publish","format-standard","has-post-thumbnail","hentry","category-bolivia","category-politica","tag-candidatura","tag-edgar-uriona","tag-innoticias","tag-jaime-dunn","tag-npg"],"jetpack_publicize_connections":[],"yoast_head":"<!-- This site is optimized with the Yoast SEO plugin v23.4 - https:\/\/yoast.com\/wordpress\/plugins\/seo\/ -->\n<title>CANDIDATURA DE JAIME DUNN EN SUSPENSO: NGP ASEGURA QUE SE CORREGIR\u00c1 ANTE EL \u00d3RGANO ELECTORAL - innoticiasbo.com<\/title>\n<meta name=\"robots\" content=\"index, follow, max-snippet:-1, max-image-preview:large, max-video-preview:-1\" \/>\n<link rel=\"canonical\" href=\"https:\/\/innoticiasbo.com\/index.php\/2025\/05\/20\/candidatura-de-jaime-dunn-en-suspenso-ngp-asegura-que-se-corregira-ante-el-organo-electoral\/\" \/>\n<meta property=\"og:locale\" content=\"es_ES\" \/>\n<meta property=\"og:type\" content=\"article\" \/>\n<meta property=\"og:title\" content=\"CANDIDATURA DE JAIME DUNN EN SUSPENSO: NGP ASEGURA QUE SE CORREGIR\u00c1 ANTE EL \u00d3RGANO ELECTORAL - innoticiasbo.com\" \/>\n<meta property=\"og:description\" content=\"La Paz, 20 de mayo de 2025.- Paul Coca, actual candidato uninominal a diputado por la circunscripci\u00f3n 7 por Nueva Generaci\u00f3n Patri\u00f3tica (NGP), confirm\u00f3 que Jaime Dunn no figura como candidato presidencial en la lista presentada ante el Tribunal Supremo Electoral (TSE). En su lugar, aparece el nombre de Fidel Tapia Zambrana como candidato a...\" \/>\n<meta property=\"og:url\" content=\"https:\/\/innoticiasbo.com\/index.php\/2025\/05\/20\/candidatura-de-jaime-dunn-en-suspenso-ngp-asegura-que-se-corregira-ante-el-organo-electoral\/\" \/>\n<meta property=\"og:site_name\" content=\"innoticiasbo.com\" \/>\n<meta property=\"article:publisher\" content=\"https:\/\/www.facebook.com\/innoticiasbolivia\" \/>\n<meta property=\"article:published_time\" content=\"2025-05-21T00:03:15+00:00\" \/>\n<meta property=\"article:modified_time\" content=\"2025-05-21T00:03:47+00:00\" \/>\n<meta property=\"og:image\" content=\"https:\/\/i0.wp.com\/innoticiasbo.com\/wp-content\/uploads\/2025\/05\/IMG-20250510-WA0126-1.jpg?fit=1600%2C1066&ssl=1\" \/>\n\t<meta property=\"og:image:width\" content=\"1600\" \/>\n\t<meta property=\"og:image:height\" content=\"1066\" \/>\n\t<meta property=\"og:image:type\" content=\"image\/jpeg\" \/>\n<meta name=\"author\" content=\"Prensa\" \/>\n<meta name=\"twitter:card\" content=\"summary_large_image\" \/>\n<meta name=\"twitter:creator\" content=\"@innoticiasbo\" \/>\n<meta name=\"twitter:site\" content=\"@innoticiasbo\" \/>\n<meta name=\"twitter:label1\" content=\"Escrito por\" \/>\n\t<meta name=\"twitter:data1\" content=\"Prensa\" \/>\n\t<meta name=\"twitter:label2\" content=\"Tiempo de lectura\" \/>\n\t<meta name=\"twitter:data2\" content=\"1 minuto\" \/>\n<script type=\"application\/ld+json\" class=\"yoast-schema-graph\">{\"@context\":\"https:\/\/schema.org\",\"@graph\":[{\"@type\":\"Article\",\"@id\":\"https:\/\/innoticiasbo.com\/index.php\/2025\/05\/20\/candidatura-de-jaime-dunn-en-suspenso-ngp-asegura-que-se-corregira-ante-el-organo-electoral\/#article\",\"isPartOf\":{\"@id\":\"https:\/\/innoticiasbo.com\/index.php\/2025\/05\/20\/candidatura-de-jaime-dunn-en-suspenso-ngp-asegura-que-se-corregira-ante-el-organo-electoral\/\"},\"author\":{\"name\":\"Prensa\",\"@id\":\"https:\/\/innoticiasbo.com\/#\/schema\/person\/589cd527c4211df1b943bdad85ec07ce\"},\"headline\":\"CANDIDATURA DE JAIME DUNN EN SUSPENSO: NGP ASEGURA QUE SE CORREGIR\u00c1 ANTE EL \u00d3RGANO ELECTORAL\",\"datePublished\":\"2025-05-21T00:03:15+00:00\",\"dateModified\":\"2025-05-21T00:03:47+00:00\",\"mainEntityOfPage\":{\"@id\":\"https:\/\/innoticiasbo.com\/index.php\/2025\/05\/20\/candidatura-de-jaime-dunn-en-suspenso-ngp-asegura-que-se-corregira-ante-el-organo-electoral\/\"},\"wordCount\":221,\"commentCount\":0,\"publisher\":{\"@id\":\"https:\/\/innoticiasbo.com\/#organization\"},\"image\":{\"@id\":\"https:\/\/innoticiasbo.com\/index.php\/2025\/05\/20\/candidatura-de-jaime-dunn-en-suspenso-ngp-asegura-que-se-corregira-ante-el-organo-electoral\/#primaryimage\"},\"thumbnailUrl\":\"https:\/\/i0.wp.com\/innoticiasbo.com\/wp-content\/uploads\/2025\/05\/IMG-20250510-WA0126-1.jpg?fit=1600%2C1066&ssl=1\",\"keywords\":[\"candidatura\",\"\u00c9dgar Uriona\",\"innoticias\",\"Jaime Dunn\",\"NPG\"],\"articleSection\":[\"Bolivia\",\"Pol\u00edtica\"],\"inLanguage\":\"es\",\"potentialAction\":[{\"@type\":\"CommentAction\",\"name\":\"Comment\",\"target\":[\"https:\/\/innoticiasbo.com\/index.php\/2025\/05\/20\/candidatura-de-jaime-dunn-en-suspenso-ngp-asegura-que-se-corregira-ante-el-organo-electoral\/#respond\"]}]},{\"@type\":\"WebPage\",\"@id\":\"https:\/\/innoticiasbo.com\/index.php\/2025\/05\/20\/candidatura-de-jaime-dunn-en-suspenso-ngp-asegura-que-se-corregira-ante-el-organo-electoral\/\",\"url\":\"https:\/\/innoticiasbo.com\/index.php\/2025\/05\/20\/candidatura-de-jaime-dunn-en-suspenso-ngp-asegura-que-se-corregira-ante-el-organo-electoral\/\",\"name\":\"CANDIDATURA DE JAIME DUNN EN SUSPENSO: NGP ASEGURA QUE SE CORREGIR\u00c1 ANTE EL \u00d3RGANO ELECTORAL - innoticiasbo.com\",\"isPartOf\":{\"@id\":\"https:\/\/innoticiasbo.com\/#website\"},\"primaryImageOfPage\":{\"@id\":\"https:\/\/innoticiasbo.com\/index.php\/2025\/05\/20\/candidatura-de-jaime-dunn-en-suspenso-ngp-asegura-que-se-corregira-ante-el-organo-electoral\/#primaryimage\"},\"image\":{\"@id\":\"https:\/\/innoticiasbo.com\/index.php\/2025\/05\/20\/candidatura-de-jaime-dunn-en-suspenso-ngp-asegura-que-se-corregira-ante-el-organo-electoral\/#primaryimage\"},\"thumbnailUrl\":\"https:\/\/i0.wp.com\/innoticiasbo.com\/wp-content\/uploads\/2025\/05\/IMG-20250510-WA0126-1.jpg?fit=1600%2C1066&ssl=1\",\"datePublished\":\"2025-05-21T00:03:15+00:00\",\"dateModified\":\"2025-05-21T00:03:47+00:00\",\"breadcrumb\":{\"@id\":\"https:\/\/innoticiasbo.com\/index.php\/2025\/05\/20\/candidatura-de-jaime-dunn-en-suspenso-ngp-asegura-que-se-corregira-ante-el-organo-electoral\/#breadcrumb\"},\"inLanguage\":\"es\",\"potentialAction\":[{\"@type\":\"ReadAction\",\"target\":[\"https:\/\/innoticiasbo.com\/index.php\/2025\/05\/20\/candidatura-de-jaime-dunn-en-suspenso-ngp-asegura-que-se-corregira-ante-el-organo-electoral\/\"]}]},{\"@type\":\"ImageObject\",\"inLanguage\":\"es\",\"@id\":\"https:\/\/innoticiasbo.com\/index.php\/2025\/05\/20\/candidatura-de-jaime-dunn-en-suspenso-ngp-asegura-que-se-corregira-ante-el-organo-electoral\/#primaryimage\",\"url\":\"https:\/\/i0.wp.com\/innoticiasbo.com\/wp-content\/uploads\/2025\/05\/IMG-20250510-WA0126-1.jpg?fit=1600%2C1066&ssl=1\",\"contentUrl\":\"https:\/\/i0.wp.com\/innoticiasbo.com\/wp-content\/uploads\/2025\/05\/IMG-20250510-WA0126-1.jpg?fit=1600%2C1066&ssl=1\",\"width\":1600,\"height\":1066},{\"@type\":\"BreadcrumbList\",\"@id\":\"https:\/\/innoticiasbo.com\/index.php\/2025\/05\/20\/candidatura-de-jaime-dunn-en-suspenso-ngp-asegura-que-se-corregira-ante-el-organo-electoral\/#breadcrumb\",\"itemListElement\":[{\"@type\":\"ListItem\",\"position\":1,\"name\":\"Portada\",\"item\":\"https:\/\/innoticiasbo.com\/\"},{\"@type\":\"ListItem\",\"position\":2,\"name\":\"CANDIDATURA DE JAIME DUNN EN SUSPENSO: NGP ASEGURA QUE SE CORREGIR\u00c1 ANTE EL \u00d3RGANO ELECTORAL\"}]},{\"@type\":\"WebSite\",\"@id\":\"https:\/\/innoticiasbo.com\/#website\",\"url\":\"https:\/\/innoticiasbo.com\/\",\"name\":\"innoticiasbo.com\",\"description\":\"\",\"publisher\":{\"@id\":\"https:\/\/innoticiasbo.com\/#organization\"},\"potentialAction\":[{\"@type\":\"SearchAction\",\"target\":{\"@type\":\"EntryPoint\",\"urlTemplate\":\"https:\/\/innoticiasbo.com\/?s={search_term_string}\"},\"query-input\":{\"@type\":\"PropertyValueSpecification\",\"valueRequired\":true,\"valueName\":\"search_term_string\"}}],\"inLanguage\":\"es\"},{\"@type\":\"Organization\",\"@id\":\"https:\/\/innoticiasbo.com\/#organization\",\"name\":\"innoticiasbo.com\",\"url\":\"https:\/\/innoticiasbo.com\/\",\"logo\":{\"@type\":\"ImageObject\",\"inLanguage\":\"es\",\"@id\":\"https:\/\/innoticiasbo.com\/#\/schema\/logo\/image\/\",\"url\":\"https:\/\/i0.wp.com\/innoticiasbo.com\/wp-content\/uploads\/2026\/04\/cropped-IN-LOGO.png?fit=1476%2C1476&ssl=1\",\"contentUrl\":\"https:\/\/i0.wp.com\/innoticiasbo.com\/wp-content\/uploads\/2026\/04\/cropped-IN-LOGO.png?fit=1476%2C1476&ssl=1\",\"width\":1476,\"height\":1476,\"caption\":\"innoticiasbo.com\"},\"image\":{\"@id\":\"https:\/\/innoticiasbo.com\/#\/schema\/logo\/image\/\"},\"sameAs\":[\"https:\/\/www.facebook.com\/innoticiasbolivia\",\"https:\/\/x.com\/innoticiasbo\",\"https:\/\/www.instagram.com\/innoticiasbo\",\"https:\/\/www.youtube.com\/innoticiasbo\"]},{\"@type\":\"Person\",\"@id\":\"https:\/\/innoticiasbo.com\/#\/schema\/person\/589cd527c4211df1b943bdad85ec07ce\",\"name\":\"Prensa\",\"image\":{\"@type\":\"ImageObject\",\"inLanguage\":\"es\",\"@id\":\"https:\/\/innoticiasbo.com\/#\/schema\/person\/image\/\",\"url\":\"https:\/\/secure.gravatar.com\/avatar\/d359bbdf112023c1c0a3ec7fe1600657?s=96&d=mm&r=g\",\"contentUrl\":\"https:\/\/secure.gravatar.com\/avatar\/d359bbdf112023c1c0a3ec7fe1600657?s=96&d=mm&r=g\",\"caption\":\"Prensa\"},\"sameAs\":[\"http:\/\/www.innoticiasbo.com\"],\"url\":\"https:\/\/innoticiasbo.com\/index.php\/author\/prensa\/\"}]}<\/script>\n<!-- \/ Yoast SEO plugin. -->","yoast_head_json":{"title":"CANDIDATURA DE JAIME DUNN EN SUSPENSO: NGP ASEGURA QUE SE CORREGIR\u00c1 ANTE EL \u00d3RGANO ELECTORAL - innoticiasbo.com","robots":{"index":"index","follow":"follow","max-snippet":"max-snippet:-1","max-image-preview":"max-image-preview:large","max-video-preview":"max-video-preview:-1"},"canonical":"https:\/\/innoticiasbo.com\/index.php\/2025\/05\/20\/candidatura-de-jaime-dunn-en-suspenso-ngp-asegura-que-se-corregira-ante-el-organo-electoral\/","og_locale":"es_ES","og_type":"article","og_title":"CANDIDATURA DE JAIME DUNN EN SUSPENSO: NGP ASEGURA QUE SE CORREGIR\u00c1 ANTE EL \u00d3RGANO ELECTORAL - innoticiasbo.com","og_description":"La Paz, 20 de mayo de 2025.- Paul Coca, actual candidato uninominal a diputado por la circunscripci\u00f3n 7 por Nueva Generaci\u00f3n Patri\u00f3tica (NGP), confirm\u00f3 que Jaime Dunn no figura como candidato presidencial en la lista presentada ante el Tribunal Supremo Electoral (TSE). En su lugar, aparece el nombre de Fidel Tapia Zambrana como candidato a...","og_url":"https:\/\/innoticiasbo.com\/index.php\/2025\/05\/20\/candidatura-de-jaime-dunn-en-suspenso-ngp-asegura-que-se-corregira-ante-el-organo-electoral\/","og_site_name":"innoticiasbo.com","article_publisher":"https:\/\/www.facebook.com\/innoticiasbolivia","article_published_time":"2025-05-21T00:03:15+00:00","article_modified_time":"2025-05-21T00:03:47+00:00","og_image":[{"width":1600,"height":1066,"url":"https:\/\/i0.wp.com\/innoticiasbo.com\/wp-content\/uploads\/2025\/05\/IMG-20250510-WA0126-1.jpg?fit=1600%2C1066&ssl=1","type":"image\/jpeg"}],"author":"Prensa","twitter_card":"summary_large_image","twitter_creator":"@innoticiasbo","twitter_site":"@innoticiasbo","twitter_misc":{"Escrito por":"Prensa","Tiempo de lectura":"1 minuto"},"schema":{"@context":"https:\/\/schema.org","@graph":[{"@type":"Article","@id":"https:\/\/innoticiasbo.com\/index.php\/2025\/05\/20\/candidatura-de-jaime-dunn-en-suspenso-ngp-asegura-que-se-corregira-ante-el-organo-electoral\/#article","isPartOf":{"@id":"https:\/\/innoticiasbo.com\/index.php\/2025\/05\/20\/candidatura-de-jaime-dunn-en-suspenso-ngp-asegura-que-se-corregira-ante-el-organo-electoral\/"},"author":{"name":"Prensa","@id":"https:\/\/innoticiasbo.com\/#\/schema\/person\/589cd527c4211df1b943bdad85ec07ce"},"headline":"CANDIDATURA DE JAIME DUNN EN SUSPENSO: NGP ASEGURA QUE SE CORREGIR\u00c1 ANTE EL \u00d3RGANO ELECTORAL","datePublished":"2025-05-21T00:03:15+00:00","dateModified":"2025-05-21T00:03:47+00:00","mainEntityOfPage":{"@id":"https:\/\/innoticiasbo.com\/index.php\/2025\/05\/20\/candidatura-de-jaime-dunn-en-suspenso-ngp-asegura-que-se-corregira-ante-el-organo-electoral\/"},"wordCount":221,"commentCount":0,"publisher":{"@id":"https:\/\/innoticiasbo.com\/#organization"},"image":{"@id":"https:\/\/innoticiasbo.com\/index.php\/2025\/05\/20\/candidatura-de-jaime-dunn-en-suspenso-ngp-asegura-que-se-corregira-ante-el-organo-electoral\/#primaryimage"},"thumbnailUrl":"https:\/\/i0.wp.com\/innoticiasbo.com\/wp-content\/uploads\/2025\/05\/IMG-20250510-WA0126-1.jpg?fit=1600%2C1066&ssl=1","keywords":["candidatura","\u00c9dgar Uriona","innoticias","Jaime Dunn","NPG"],"articleSection":["Bolivia","Pol\u00edtica"],"inLanguage":"es","potentialAction":[{"@type":"CommentAction","name":"Comment","target":["https:\/\/innoticiasbo.com\/index.php\/2025\/05\/20\/candidatura-de-jaime-dunn-en-suspenso-ngp-asegura-que-se-corregira-ante-el-organo-electoral\/#respond"]}]},{"@type":"WebPage","@id":"https:\/\/innoticiasbo.com\/index.php\/2025\/05\/20\/candidatura-de-jaime-dunn-en-suspenso-ngp-asegura-que-se-corregira-ante-el-organo-electoral\/","url":"https:\/\/innoticiasbo.com\/index.php\/2025\/05\/20\/candidatura-de-jaime-dunn-en-suspenso-ngp-asegura-que-se-corregira-ante-el-organo-electoral\/","name":"CANDIDATURA DE JAIME DUNN EN SUSPENSO: NGP ASEGURA QUE SE CORREGIR\u00c1 ANTE EL \u00d3RGANO ELECTORAL - innoticiasbo.com","isPartOf":{"@id":"https:\/\/innoticiasbo.com\/#website"},"primaryImageOfPage":{"@id":"https:\/\/innoticiasbo.com\/index.php\/2025\/05\/20\/candidatura-de-jaime-dunn-en-suspenso-ngp-asegura-que-se-corregira-ante-el-organo-electoral\/#primaryimage"},"image":{"@id":"https:\/\/innoticiasbo.com\/index.php\/2025\/05\/20\/candidatura-de-jaime-dunn-en-suspenso-ngp-asegura-que-se-corregira-ante-el-organo-electoral\/#primaryimage"},"thumbnailUrl":"https:\/\/i0.wp.com\/innoticiasbo.com\/wp-content\/uploads\/2025\/05\/IMG-20250510-WA0126-1.jpg?fit=1600%2C1066&ssl=1","datePublished":"2025-05-21T00:03:15+00:00","dateModified":"2025-05-21T00:03:47+00:00","breadcrumb":{"@id":"https:\/\/innoticiasbo.com\/index.php\/2025\/05\/20\/candidatura-de-jaime-dunn-en-suspenso-ngp-asegura-que-se-corregira-ante-el-organo-electoral\/#breadcrumb"},"inLanguage":"es","potentialAction":[{"@type":"ReadAction","target":["https:\/\/innoticiasbo.com\/index.php\/2025\/05\/20\/candidatura-de-jaime-dunn-en-suspenso-ngp-asegura-que-se-corregira-ante-el-organo-electoral\/"]}]},{"@type":"ImageObject","inLanguage":"es","@id":"https:\/\/innoticiasbo.com\/index.php\/2025\/05\/20\/candidatura-de-jaime-dunn-en-suspenso-ngp-asegura-que-se-corregira-ante-el-organo-electoral\/#primaryimage","url":"https:\/\/i0.wp.com\/innoticiasbo.com\/wp-content\/uploads\/2025\/05\/IMG-20250510-WA0126-1.jpg?fit=1600%2C1066&ssl=1","contentUrl":"https:\/\/i0.wp.com\/innoticiasbo.com\/wp-content\/uploads\/2025\/05\/IMG-20250510-WA0126-1.jpg?fit=1600%2C1066&ssl=1","width":1600,"height":1066},{"@type":"BreadcrumbList","@id":"https:\/\/innoticiasbo.com\/index.php\/2025\/05\/20\/candidatura-de-jaime-dunn-en-suspenso-ngp-asegura-que-se-corregira-ante-el-organo-electoral\/#breadcrumb","itemListElement":[{"@type":"ListItem","position":1,"name":"Portada","item":"https:\/\/innoticiasbo.com\/"},{"@type":"ListItem","position":2,"name":"CANDIDATURA DE JAIME DUNN EN SUSPENSO: NGP ASEGURA QUE SE CORREGIR\u00c1 ANTE EL \u00d3RGANO ELECTORAL"}]},{"@type":"WebSite","@id":"https:\/\/innoticiasbo.com\/#website","url":"https:\/\/innoticiasbo.com\/","name":"innoticiasbo.com","description":"","publisher":{"@id":"https:\/\/innoticiasbo.com\/#organization"},"potentialAction":[{"@type":"SearchAction","target":{"@type":"EntryPoint","urlTemplate":"https:\/\/innoticiasbo.com\/?s={search_term_string}"},"query-input":{"@type":"PropertyValueSpecification","valueRequired":true,"valueName":"search_term_string"}}],"inLanguage":"es"},{"@type":"Organization","@id":"https:\/\/innoticiasbo.com\/#organization","name":"innoticiasbo.com","url":"https:\/\/innoticiasbo.com\/","logo":{"@type":"ImageObject","inLanguage":"es","@id":"https:\/\/innoticiasbo.com\/#\/schema\/logo\/image\/","url":"https:\/\/i0.wp.com\/innoticiasbo.com\/wp-content\/uploads\/2026\/04\/cropped-IN-LOGO.png?fit=1476%2C1476&ssl=1","contentUrl":"https:\/\/i0.wp.com\/innoticiasbo.com\/wp-content\/uploads\/2026\/04\/cropped-IN-LOGO.png?fit=1476%2C1476&ssl=1","width":1476,"height":1476,"caption":"innoticiasbo.com"},"image":{"@id":"https:\/\/innoticiasbo.com\/#\/schema\/logo\/image\/"},"sameAs":["https:\/\/www.facebook.com\/innoticiasbolivia","https:\/\/x.com\/innoticiasbo","https:\/\/www.instagram.com\/innoticiasbo","https:\/\/www.youtube.com\/innoticiasbo"]},{"@type":"Person","@id":"https:\/\/innoticiasbo.com\/#\/schema\/person\/589cd527c4211df1b943bdad85ec07ce","name":"Prensa","image":{"@type":"ImageObject","inLanguage":"es","@id":"https:\/\/innoticiasbo.com\/#\/schema\/person\/image\/","url":"https:\/\/secure.gravatar.com\/avatar\/d359bbdf112023c1c0a3ec7fe1600657?s=96&d=mm&r=g","contentUrl":"https:\/\/secure.gravatar.com\/avatar\/d359bbdf112023c1c0a3ec7fe1600657?s=96&d=mm&r=g","caption":"Prensa"},"sameAs":["http:\/\/www.innoticiasbo.com"],"url":"https:\/\/innoticiasbo.com\/index.php\/author\/prensa\/"}]}},"jetpack_featured_media_url":"https:\/\/i0.wp.com\/innoticiasbo.com\/wp-content\/uploads\/2025\/05\/IMG-20250510-WA0126-1.jpg?fit=1600%2C1066&ssl=1","jetpack_likes_enabled":true,"jetpack_sharing_enabled":true,"jetpack_shortlink":"https:\/\/wp.me\/pg298x-1xG","_links":{"self":[{"href":"https:\/\/innoticiasbo.com\/index.php\/wp-json\/wp\/v2\/posts\/5932","targetHints":{"allow":["GET"]}}],"collection":[{"href":"https:\/\/innoticiasbo.com\/index.php\/wp-json\/wp\/v2\/posts"}],"about":[{"href":"https:\/\/innoticiasbo.com\/index.php\/wp-json\/wp\/v2\/types\/post"}],"author":[{"embeddable":true,"href":"https:\/\/innoticiasbo.com\/index.php\/wp-json\/wp\/v2\/users\/2"}],"replies":[{"embeddable":true,"href":"https:\/\/innoticiasbo.com\/index.php\/wp-json\/wp\/v2\/comments?post=5932"}],"version-history":[{"count":1,"href":"https:\/\/innoticiasbo.com\/index.php\/wp-json\/wp\/v2\/posts\/5932\/revisions"}],"predecessor-version":[{"id":5933,"href":"https:\/\/innoticiasbo.com\/index.php\/wp-json\/wp\/v2\/posts\/5932\/revisions\/5933"}],"wp:featuredmedia":[{"embeddable":true,"href":"https:\/\/innoticiasbo.com\/index.php\/wp-json\/wp\/v2\/media\/5931"}],"wp:attachment":[{"href":"https:\/\/innoticiasbo.com\/index.php\/wp-json\/wp\/v2\/media?parent=5932"}],"wp:term":[{"taxonomy":"category","embeddable":true,"href":"https:\/\/innoticiasbo.com\/index.php\/wp-json\/wp\/v2\/categories?post=5932"},{"taxonomy":"post_tag","embeddable":true,"href":"https:\/\/innoticiasbo.com\/index.php\/wp-json\/wp\/v2\/tags?post=5932"}],"curies":[{"name":"wp","href":"https:\/\/api.w.org\/{rel}","templated":true}]}}