{"id":5866,"date":"2025-05-19T23:57:51","date_gmt":"2025-05-20T03:57:51","guid":{"rendered":"https:\/\/innoticiasbo.com\/?p=5866"},"modified":"2025-05-19T23:58:42","modified_gmt":"2025-05-20T03:58:42","slug":"johnny-eligio-a-felipe-quispe-un-dirigente-gremial-de-el-alto-como-vicepresidente","status":"publish","type":"post","link":"https:\/\/innoticiasbo.com\/index.php\/2025\/05\/19\/johnny-eligio-a-felipe-quispe-un-dirigente-gremial-de-el-alto-como-vicepresidente\/","title":{"rendered":"JOHNNY ELIGI\u00d3 A FELIPE QUISPE, UN DIRIGENTE GREMIAL DE El ALTO, COMO VICEPRESIDENTE"},"content":{"rendered":"\n<p>La Paz, 19 de mayo de 2025.- El alcalde de Santa Cruz, Johnny Fernandez, anunci\u00f3 la noche de este lunes que \u00e9l es el candidato a la Presidencia del Estado y que su compa\u00f1ero de f\u00f3rmula es el dirigente gremail Felipe Quispe.<\/p>\n\n\n\n<p>El binomio conformado por el alcalde cruce\u00f1o y el dirigente gremial de El Alto encabezar\u00e1 la f\u00f3rmula de la alianza la Fuerza del Pueblo.<\/p>\n\n\n\n<figure class=\"wp-block-image size-large\"><img data-recalc-dims=\"1\" loading=\"lazy\" decoding=\"async\" width=\"640\" height=\"361\" src=\"https:\/\/i0.wp.com\/innoticiasbo.com\/wp-content\/uploads\/2025\/05\/screenshot_20250519_235658_capcut7409844516002116279.jpg?resize=640%2C361&#038;ssl=1\" alt=\"\" class=\"wp-image-5864\" srcset=\"https:\/\/i0.wp.com\/innoticiasbo.com\/wp-content\/uploads\/2025\/05\/screenshot_20250519_235658_capcut7409844516002116279.jpg?resize=1024%2C578&amp;ssl=1 1024w, https:\/\/i0.wp.com\/innoticiasbo.com\/wp-content\/uploads\/2025\/05\/screenshot_20250519_235658_capcut7409844516002116279.jpg?resize=300%2C169&amp;ssl=1 300w, https:\/\/i0.wp.com\/innoticiasbo.com\/wp-content\/uploads\/2025\/05\/screenshot_20250519_235658_capcut7409844516002116279.jpg?resize=768%2C433&amp;ssl=1 768w, https:\/\/i0.wp.com\/innoticiasbo.com\/wp-content\/uploads\/2025\/05\/screenshot_20250519_235658_capcut7409844516002116279.jpg?w=1079&amp;ssl=1 1079w\" sizes=\"auto, (max-width: 640px) 100vw, 640px\" \/><\/figure>\n\n\n\n<p>Quispe es dirigente gremial del sector norte de la ciudad de El Alto y en los \u00faltimos dias expres\u00f3 su preocupaci\u00f3n por la devaluaci\u00f3n de la moneda boliviana.<\/p>\n\n\n\n<p>\u201cPor eso nosotros estamos preocupados, nosotros no podemos mentir el arroz el az\u00facar toda la canasta familiar se ha disparado autom\u00e1ticamente por falta del d\u00f3lar por falta del di\u00e9sel, por eso nosotros no tenemos que mentir al pa\u00eds como lo hace la COR\u201d, manifest\u00f3.<\/p>\n\n\n\n<p>Fuente: Urgente.bo <\/p>\n","protected":false},"excerpt":{"rendered":"<p>La Paz, 19 de mayo de 2025.- El alcalde de Santa Cruz, Johnny Fernandez, anunci\u00f3 la noche de este lunes que \u00e9l es el candidato a la Presidencia del Estado y que su compa\u00f1ero de f\u00f3rmula es el dirigente gremail Felipe Quispe. El binomio conformado por el alcalde cruce\u00f1o y el dirigente gremial de El&#8230;<\/p>\n","protected":false},"author":2,"featured_media":5865,"comment_status":"open","ping_status":"open","sticky":false,"template":"","format":"standard","meta":{"_jetpack_memberships_contains_paid_content":false,"footnotes":"","jetpack_publicize_message":"","jetpack_publicize_feature_enabled":true,"jetpack_social_post_already_shared":true,"jetpack_social_options":{"image_generator_settings":{"template":"highway","enabled":false},"version":2}},"categories":[1,3],"tags":[30,453,22,452,445],"class_list":["post-5866","post","type-post","status-publish","format-standard","has-post-thumbnail","hentry","category-bolivia","category-politica","tag-elecciones-bolivia2025","tag-felipe-quispe","tag-innoticias","tag-johnny-fernandez","tag-ucs"],"jetpack_publicize_connections":[],"yoast_head":"<!-- This site is optimized with the Yoast SEO plugin v23.4 - https:\/\/yoast.com\/wordpress\/plugins\/seo\/ -->\n<title>JOHNNY ELIGI\u00d3 A FELIPE QUISPE, UN DIRIGENTE GREMIAL DE El ALTO, COMO VICEPRESIDENTE - innoticiasbo.com<\/title>\n<meta name=\"robots\" content=\"index, follow, max-snippet:-1, max-image-preview:large, max-video-preview:-1\" \/>\n<link rel=\"canonical\" href=\"https:\/\/innoticiasbo.com\/index.php\/2025\/05\/19\/johnny-eligio-a-felipe-quispe-un-dirigente-gremial-de-el-alto-como-vicepresidente\/\" \/>\n<meta property=\"og:locale\" content=\"es_ES\" \/>\n<meta property=\"og:type\" content=\"article\" \/>\n<meta property=\"og:title\" content=\"JOHNNY ELIGI\u00d3 A FELIPE QUISPE, UN DIRIGENTE GREMIAL DE El ALTO, COMO VICEPRESIDENTE - innoticiasbo.com\" \/>\n<meta property=\"og:description\" content=\"La Paz, 19 de mayo de 2025.- El alcalde de Santa Cruz, Johnny Fernandez, anunci\u00f3 la noche de este lunes que \u00e9l es el candidato a la Presidencia del Estado y que su compa\u00f1ero de f\u00f3rmula es el dirigente gremail Felipe Quispe. El binomio conformado por el alcalde cruce\u00f1o y el dirigente gremial de El...\" \/>\n<meta property=\"og:url\" content=\"https:\/\/innoticiasbo.com\/index.php\/2025\/05\/19\/johnny-eligio-a-felipe-quispe-un-dirigente-gremial-de-el-alto-como-vicepresidente\/\" \/>\n<meta property=\"og:site_name\" content=\"innoticiasbo.com\" \/>\n<meta property=\"article:publisher\" content=\"https:\/\/www.facebook.com\/innoticiasbolivia\" \/>\n<meta property=\"article:published_time\" content=\"2025-05-20T03:57:51+00:00\" \/>\n<meta property=\"article:modified_time\" content=\"2025-05-20T03:58:42+00:00\" \/>\n<meta property=\"og:image\" content=\"https:\/\/i0.wp.com\/innoticiasbo.com\/wp-content\/uploads\/2025\/05\/Screenshot_20250519_235735_CapCut.jpg?fit=1039%2C606&ssl=1\" \/>\n\t<meta property=\"og:image:width\" content=\"1039\" \/>\n\t<meta property=\"og:image:height\" content=\"606\" \/>\n\t<meta property=\"og:image:type\" content=\"image\/jpeg\" \/>\n<meta name=\"author\" content=\"Prensa\" \/>\n<meta name=\"twitter:card\" content=\"summary_large_image\" \/>\n<meta name=\"twitter:creator\" content=\"@innoticiasbo\" \/>\n<meta name=\"twitter:site\" content=\"@innoticiasbo\" \/>\n<meta name=\"twitter:label1\" content=\"Escrito por\" \/>\n\t<meta name=\"twitter:data1\" content=\"Prensa\" \/>\n\t<meta name=\"twitter:label2\" content=\"Tiempo de lectura\" \/>\n\t<meta name=\"twitter:data2\" content=\"1 minuto\" \/>\n<script type=\"application\/ld+json\" class=\"yoast-schema-graph\">{\"@context\":\"https:\/\/schema.org\",\"@graph\":[{\"@type\":\"Article\",\"@id\":\"https:\/\/innoticiasbo.com\/index.php\/2025\/05\/19\/johnny-eligio-a-felipe-quispe-un-dirigente-gremial-de-el-alto-como-vicepresidente\/#article\",\"isPartOf\":{\"@id\":\"https:\/\/innoticiasbo.com\/index.php\/2025\/05\/19\/johnny-eligio-a-felipe-quispe-un-dirigente-gremial-de-el-alto-como-vicepresidente\/\"},\"author\":{\"name\":\"Prensa\",\"@id\":\"https:\/\/innoticiasbo.com\/#\/schema\/person\/589cd527c4211df1b943bdad85ec07ce\"},\"headline\":\"JOHNNY ELIGI\u00d3 A FELIPE QUISPE, UN DIRIGENTE GREMIAL DE El ALTO, COMO VICEPRESIDENTE\",\"datePublished\":\"2025-05-20T03:57:51+00:00\",\"dateModified\":\"2025-05-20T03:58:42+00:00\",\"mainEntityOfPage\":{\"@id\":\"https:\/\/innoticiasbo.com\/index.php\/2025\/05\/19\/johnny-eligio-a-felipe-quispe-un-dirigente-gremial-de-el-alto-como-vicepresidente\/\"},\"wordCount\":164,\"commentCount\":0,\"publisher\":{\"@id\":\"https:\/\/innoticiasbo.com\/#organization\"},\"image\":{\"@id\":\"https:\/\/innoticiasbo.com\/index.php\/2025\/05\/19\/johnny-eligio-a-felipe-quispe-un-dirigente-gremial-de-el-alto-como-vicepresidente\/#primaryimage\"},\"thumbnailUrl\":\"https:\/\/i0.wp.com\/innoticiasbo.com\/wp-content\/uploads\/2025\/05\/Screenshot_20250519_235735_CapCut.jpg?fit=1039%2C606&ssl=1\",\"keywords\":[\"Elecciones Bolivia2025\",\"Felipe Quispe\",\"innoticias\",\"Johnny Fern\u00e1ndez\",\"Ucs\"],\"articleSection\":[\"Bolivia\",\"Pol\u00edtica\"],\"inLanguage\":\"es\",\"potentialAction\":[{\"@type\":\"CommentAction\",\"name\":\"Comment\",\"target\":[\"https:\/\/innoticiasbo.com\/index.php\/2025\/05\/19\/johnny-eligio-a-felipe-quispe-un-dirigente-gremial-de-el-alto-como-vicepresidente\/#respond\"]}]},{\"@type\":\"WebPage\",\"@id\":\"https:\/\/innoticiasbo.com\/index.php\/2025\/05\/19\/johnny-eligio-a-felipe-quispe-un-dirigente-gremial-de-el-alto-como-vicepresidente\/\",\"url\":\"https:\/\/innoticiasbo.com\/index.php\/2025\/05\/19\/johnny-eligio-a-felipe-quispe-un-dirigente-gremial-de-el-alto-como-vicepresidente\/\",\"name\":\"JOHNNY ELIGI\u00d3 A FELIPE QUISPE, UN DIRIGENTE GREMIAL DE El ALTO, COMO VICEPRESIDENTE - innoticiasbo.com\",\"isPartOf\":{\"@id\":\"https:\/\/innoticiasbo.com\/#website\"},\"primaryImageOfPage\":{\"@id\":\"https:\/\/innoticiasbo.com\/index.php\/2025\/05\/19\/johnny-eligio-a-felipe-quispe-un-dirigente-gremial-de-el-alto-como-vicepresidente\/#primaryimage\"},\"image\":{\"@id\":\"https:\/\/innoticiasbo.com\/index.php\/2025\/05\/19\/johnny-eligio-a-felipe-quispe-un-dirigente-gremial-de-el-alto-como-vicepresidente\/#primaryimage\"},\"thumbnailUrl\":\"https:\/\/i0.wp.com\/innoticiasbo.com\/wp-content\/uploads\/2025\/05\/Screenshot_20250519_235735_CapCut.jpg?fit=1039%2C606&ssl=1\",\"datePublished\":\"2025-05-20T03:57:51+00:00\",\"dateModified\":\"2025-05-20T03:58:42+00:00\",\"breadcrumb\":{\"@id\":\"https:\/\/innoticiasbo.com\/index.php\/2025\/05\/19\/johnny-eligio-a-felipe-quispe-un-dirigente-gremial-de-el-alto-como-vicepresidente\/#breadcrumb\"},\"inLanguage\":\"es\",\"potentialAction\":[{\"@type\":\"ReadAction\",\"target\":[\"https:\/\/innoticiasbo.com\/index.php\/2025\/05\/19\/johnny-eligio-a-felipe-quispe-un-dirigente-gremial-de-el-alto-como-vicepresidente\/\"]}]},{\"@type\":\"ImageObject\",\"inLanguage\":\"es\",\"@id\":\"https:\/\/innoticiasbo.com\/index.php\/2025\/05\/19\/johnny-eligio-a-felipe-quispe-un-dirigente-gremial-de-el-alto-como-vicepresidente\/#primaryimage\",\"url\":\"https:\/\/i0.wp.com\/innoticiasbo.com\/wp-content\/uploads\/2025\/05\/Screenshot_20250519_235735_CapCut.jpg?fit=1039%2C606&ssl=1\",\"contentUrl\":\"https:\/\/i0.wp.com\/innoticiasbo.com\/wp-content\/uploads\/2025\/05\/Screenshot_20250519_235735_CapCut.jpg?fit=1039%2C606&ssl=1\",\"width\":1039,\"height\":606},{\"@type\":\"BreadcrumbList\",\"@id\":\"https:\/\/innoticiasbo.com\/index.php\/2025\/05\/19\/johnny-eligio-a-felipe-quispe-un-dirigente-gremial-de-el-alto-como-vicepresidente\/#breadcrumb\",\"itemListElement\":[{\"@type\":\"ListItem\",\"position\":1,\"name\":\"Portada\",\"item\":\"https:\/\/innoticiasbo.com\/\"},{\"@type\":\"ListItem\",\"position\":2,\"name\":\"JOHNNY ELIGI\u00d3 A FELIPE QUISPE, UN DIRIGENTE GREMIAL DE El ALTO, COMO VICEPRESIDENTE\"}]},{\"@type\":\"WebSite\",\"@id\":\"https:\/\/innoticiasbo.com\/#website\",\"url\":\"https:\/\/innoticiasbo.com\/\",\"name\":\"innoticiasbo.com\",\"description\":\"\",\"publisher\":{\"@id\":\"https:\/\/innoticiasbo.com\/#organization\"},\"potentialAction\":[{\"@type\":\"SearchAction\",\"target\":{\"@type\":\"EntryPoint\",\"urlTemplate\":\"https:\/\/innoticiasbo.com\/?s={search_term_string}\"},\"query-input\":{\"@type\":\"PropertyValueSpecification\",\"valueRequired\":true,\"valueName\":\"search_term_string\"}}],\"inLanguage\":\"es\"},{\"@type\":\"Organization\",\"@id\":\"https:\/\/innoticiasbo.com\/#organization\",\"name\":\"innoticiasbo.com\",\"url\":\"https:\/\/innoticiasbo.com\/\",\"logo\":{\"@type\":\"ImageObject\",\"inLanguage\":\"es\",\"@id\":\"https:\/\/innoticiasbo.com\/#\/schema\/logo\/image\/\",\"url\":\"https:\/\/i0.wp.com\/innoticiasbo.com\/wp-content\/uploads\/2026\/04\/cropped-IN-LOGO.png?fit=1476%2C1476&ssl=1\",\"contentUrl\":\"https:\/\/i0.wp.com\/innoticiasbo.com\/wp-content\/uploads\/2026\/04\/cropped-IN-LOGO.png?fit=1476%2C1476&ssl=1\",\"width\":1476,\"height\":1476,\"caption\":\"innoticiasbo.com\"},\"image\":{\"@id\":\"https:\/\/innoticiasbo.com\/#\/schema\/logo\/image\/\"},\"sameAs\":[\"https:\/\/www.facebook.com\/innoticiasbolivia\",\"https:\/\/x.com\/innoticiasbo\",\"https:\/\/www.instagram.com\/innoticiasbo\",\"https:\/\/www.youtube.com\/innoticiasbo\"]},{\"@type\":\"Person\",\"@id\":\"https:\/\/innoticiasbo.com\/#\/schema\/person\/589cd527c4211df1b943bdad85ec07ce\",\"name\":\"Prensa\",\"image\":{\"@type\":\"ImageObject\",\"inLanguage\":\"es\",\"@id\":\"https:\/\/innoticiasbo.com\/#\/schema\/person\/image\/\",\"url\":\"https:\/\/secure.gravatar.com\/avatar\/d359bbdf112023c1c0a3ec7fe1600657?s=96&d=mm&r=g\",\"contentUrl\":\"https:\/\/secure.gravatar.com\/avatar\/d359bbdf112023c1c0a3ec7fe1600657?s=96&d=mm&r=g\",\"caption\":\"Prensa\"},\"sameAs\":[\"http:\/\/www.innoticiasbo.com\"],\"url\":\"https:\/\/innoticiasbo.com\/index.php\/author\/prensa\/\"}]}<\/script>\n<!-- \/ Yoast SEO plugin. -->","yoast_head_json":{"title":"JOHNNY ELIGI\u00d3 A FELIPE QUISPE, UN DIRIGENTE GREMIAL DE El ALTO, COMO VICEPRESIDENTE - innoticiasbo.com","robots":{"index":"index","follow":"follow","max-snippet":"max-snippet:-1","max-image-preview":"max-image-preview:large","max-video-preview":"max-video-preview:-1"},"canonical":"https:\/\/innoticiasbo.com\/index.php\/2025\/05\/19\/johnny-eligio-a-felipe-quispe-un-dirigente-gremial-de-el-alto-como-vicepresidente\/","og_locale":"es_ES","og_type":"article","og_title":"JOHNNY ELIGI\u00d3 A FELIPE QUISPE, UN DIRIGENTE GREMIAL DE El ALTO, COMO VICEPRESIDENTE - innoticiasbo.com","og_description":"La Paz, 19 de mayo de 2025.- El alcalde de Santa Cruz, Johnny Fernandez, anunci\u00f3 la noche de este lunes que \u00e9l es el candidato a la Presidencia del Estado y que su compa\u00f1ero de f\u00f3rmula es el dirigente gremail Felipe Quispe. El binomio conformado por el alcalde cruce\u00f1o y el dirigente gremial de El...","og_url":"https:\/\/innoticiasbo.com\/index.php\/2025\/05\/19\/johnny-eligio-a-felipe-quispe-un-dirigente-gremial-de-el-alto-como-vicepresidente\/","og_site_name":"innoticiasbo.com","article_publisher":"https:\/\/www.facebook.com\/innoticiasbolivia","article_published_time":"2025-05-20T03:57:51+00:00","article_modified_time":"2025-05-20T03:58:42+00:00","og_image":[{"width":1039,"height":606,"url":"https:\/\/i0.wp.com\/innoticiasbo.com\/wp-content\/uploads\/2025\/05\/Screenshot_20250519_235735_CapCut.jpg?fit=1039%2C606&ssl=1","type":"image\/jpeg"}],"author":"Prensa","twitter_card":"summary_large_image","twitter_creator":"@innoticiasbo","twitter_site":"@innoticiasbo","twitter_misc":{"Escrito por":"Prensa","Tiempo de lectura":"1 minuto"},"schema":{"@context":"https:\/\/schema.org","@graph":[{"@type":"Article","@id":"https:\/\/innoticiasbo.com\/index.php\/2025\/05\/19\/johnny-eligio-a-felipe-quispe-un-dirigente-gremial-de-el-alto-como-vicepresidente\/#article","isPartOf":{"@id":"https:\/\/innoticiasbo.com\/index.php\/2025\/05\/19\/johnny-eligio-a-felipe-quispe-un-dirigente-gremial-de-el-alto-como-vicepresidente\/"},"author":{"name":"Prensa","@id":"https:\/\/innoticiasbo.com\/#\/schema\/person\/589cd527c4211df1b943bdad85ec07ce"},"headline":"JOHNNY ELIGI\u00d3 A FELIPE QUISPE, UN DIRIGENTE GREMIAL DE El ALTO, COMO VICEPRESIDENTE","datePublished":"2025-05-20T03:57:51+00:00","dateModified":"2025-05-20T03:58:42+00:00","mainEntityOfPage":{"@id":"https:\/\/innoticiasbo.com\/index.php\/2025\/05\/19\/johnny-eligio-a-felipe-quispe-un-dirigente-gremial-de-el-alto-como-vicepresidente\/"},"wordCount":164,"commentCount":0,"publisher":{"@id":"https:\/\/innoticiasbo.com\/#organization"},"image":{"@id":"https:\/\/innoticiasbo.com\/index.php\/2025\/05\/19\/johnny-eligio-a-felipe-quispe-un-dirigente-gremial-de-el-alto-como-vicepresidente\/#primaryimage"},"thumbnailUrl":"https:\/\/i0.wp.com\/innoticiasbo.com\/wp-content\/uploads\/2025\/05\/Screenshot_20250519_235735_CapCut.jpg?fit=1039%2C606&ssl=1","keywords":["Elecciones Bolivia2025","Felipe Quispe","innoticias","Johnny Fern\u00e1ndez","Ucs"],"articleSection":["Bolivia","Pol\u00edtica"],"inLanguage":"es","potentialAction":[{"@type":"CommentAction","name":"Comment","target":["https:\/\/innoticiasbo.com\/index.php\/2025\/05\/19\/johnny-eligio-a-felipe-quispe-un-dirigente-gremial-de-el-alto-como-vicepresidente\/#respond"]}]},{"@type":"WebPage","@id":"https:\/\/innoticiasbo.com\/index.php\/2025\/05\/19\/johnny-eligio-a-felipe-quispe-un-dirigente-gremial-de-el-alto-como-vicepresidente\/","url":"https:\/\/innoticiasbo.com\/index.php\/2025\/05\/19\/johnny-eligio-a-felipe-quispe-un-dirigente-gremial-de-el-alto-como-vicepresidente\/","name":"JOHNNY ELIGI\u00d3 A FELIPE QUISPE, UN DIRIGENTE GREMIAL DE El ALTO, COMO VICEPRESIDENTE - innoticiasbo.com","isPartOf":{"@id":"https:\/\/innoticiasbo.com\/#website"},"primaryImageOfPage":{"@id":"https:\/\/innoticiasbo.com\/index.php\/2025\/05\/19\/johnny-eligio-a-felipe-quispe-un-dirigente-gremial-de-el-alto-como-vicepresidente\/#primaryimage"},"image":{"@id":"https:\/\/innoticiasbo.com\/index.php\/2025\/05\/19\/johnny-eligio-a-felipe-quispe-un-dirigente-gremial-de-el-alto-como-vicepresidente\/#primaryimage"},"thumbnailUrl":"https:\/\/i0.wp.com\/innoticiasbo.com\/wp-content\/uploads\/2025\/05\/Screenshot_20250519_235735_CapCut.jpg?fit=1039%2C606&ssl=1","datePublished":"2025-05-20T03:57:51+00:00","dateModified":"2025-05-20T03:58:42+00:00","breadcrumb":{"@id":"https:\/\/innoticiasbo.com\/index.php\/2025\/05\/19\/johnny-eligio-a-felipe-quispe-un-dirigente-gremial-de-el-alto-como-vicepresidente\/#breadcrumb"},"inLanguage":"es","potentialAction":[{"@type":"ReadAction","target":["https:\/\/innoticiasbo.com\/index.php\/2025\/05\/19\/johnny-eligio-a-felipe-quispe-un-dirigente-gremial-de-el-alto-como-vicepresidente\/"]}]},{"@type":"ImageObject","inLanguage":"es","@id":"https:\/\/innoticiasbo.com\/index.php\/2025\/05\/19\/johnny-eligio-a-felipe-quispe-un-dirigente-gremial-de-el-alto-como-vicepresidente\/#primaryimage","url":"https:\/\/i0.wp.com\/innoticiasbo.com\/wp-content\/uploads\/2025\/05\/Screenshot_20250519_235735_CapCut.jpg?fit=1039%2C606&ssl=1","contentUrl":"https:\/\/i0.wp.com\/innoticiasbo.com\/wp-content\/uploads\/2025\/05\/Screenshot_20250519_235735_CapCut.jpg?fit=1039%2C606&ssl=1","width":1039,"height":606},{"@type":"BreadcrumbList","@id":"https:\/\/innoticiasbo.com\/index.php\/2025\/05\/19\/johnny-eligio-a-felipe-quispe-un-dirigente-gremial-de-el-alto-como-vicepresidente\/#breadcrumb","itemListElement":[{"@type":"ListItem","position":1,"name":"Portada","item":"https:\/\/innoticiasbo.com\/"},{"@type":"ListItem","position":2,"name":"JOHNNY ELIGI\u00d3 A FELIPE QUISPE, UN DIRIGENTE GREMIAL DE El ALTO, COMO VICEPRESIDENTE"}]},{"@type":"WebSite","@id":"https:\/\/innoticiasbo.com\/#website","url":"https:\/\/innoticiasbo.com\/","name":"innoticiasbo.com","description":"","publisher":{"@id":"https:\/\/innoticiasbo.com\/#organization"},"potentialAction":[{"@type":"SearchAction","target":{"@type":"EntryPoint","urlTemplate":"https:\/\/innoticiasbo.com\/?s={search_term_string}"},"query-input":{"@type":"PropertyValueSpecification","valueRequired":true,"valueName":"search_term_string"}}],"inLanguage":"es"},{"@type":"Organization","@id":"https:\/\/innoticiasbo.com\/#organization","name":"innoticiasbo.com","url":"https:\/\/innoticiasbo.com\/","logo":{"@type":"ImageObject","inLanguage":"es","@id":"https:\/\/innoticiasbo.com\/#\/schema\/logo\/image\/","url":"https:\/\/i0.wp.com\/innoticiasbo.com\/wp-content\/uploads\/2026\/04\/cropped-IN-LOGO.png?fit=1476%2C1476&ssl=1","contentUrl":"https:\/\/i0.wp.com\/innoticiasbo.com\/wp-content\/uploads\/2026\/04\/cropped-IN-LOGO.png?fit=1476%2C1476&ssl=1","width":1476,"height":1476,"caption":"innoticiasbo.com"},"image":{"@id":"https:\/\/innoticiasbo.com\/#\/schema\/logo\/image\/"},"sameAs":["https:\/\/www.facebook.com\/innoticiasbolivia","https:\/\/x.com\/innoticiasbo","https:\/\/www.instagram.com\/innoticiasbo","https:\/\/www.youtube.com\/innoticiasbo"]},{"@type":"Person","@id":"https:\/\/innoticiasbo.com\/#\/schema\/person\/589cd527c4211df1b943bdad85ec07ce","name":"Prensa","image":{"@type":"ImageObject","inLanguage":"es","@id":"https:\/\/innoticiasbo.com\/#\/schema\/person\/image\/","url":"https:\/\/secure.gravatar.com\/avatar\/d359bbdf112023c1c0a3ec7fe1600657?s=96&d=mm&r=g","contentUrl":"https:\/\/secure.gravatar.com\/avatar\/d359bbdf112023c1c0a3ec7fe1600657?s=96&d=mm&r=g","caption":"Prensa"},"sameAs":["http:\/\/www.innoticiasbo.com"],"url":"https:\/\/innoticiasbo.com\/index.php\/author\/prensa\/"}]}},"jetpack_featured_media_url":"https:\/\/i0.wp.com\/innoticiasbo.com\/wp-content\/uploads\/2025\/05\/Screenshot_20250519_235735_CapCut.jpg?fit=1039%2C606&ssl=1","jetpack_likes_enabled":true,"jetpack_sharing_enabled":true,"jetpack_shortlink":"https:\/\/wp.me\/pg298x-1wC","_links":{"self":[{"href":"https:\/\/innoticiasbo.com\/index.php\/wp-json\/wp\/v2\/posts\/5866","targetHints":{"allow":["GET"]}}],"collection":[{"href":"https:\/\/innoticiasbo.com\/index.php\/wp-json\/wp\/v2\/posts"}],"about":[{"href":"https:\/\/innoticiasbo.com\/index.php\/wp-json\/wp\/v2\/types\/post"}],"author":[{"embeddable":true,"href":"https:\/\/innoticiasbo.com\/index.php\/wp-json\/wp\/v2\/users\/2"}],"replies":[{"embeddable":true,"href":"https:\/\/innoticiasbo.com\/index.php\/wp-json\/wp\/v2\/comments?post=5866"}],"version-history":[{"count":2,"href":"https:\/\/innoticiasbo.com\/index.php\/wp-json\/wp\/v2\/posts\/5866\/revisions"}],"predecessor-version":[{"id":5868,"href":"https:\/\/innoticiasbo.com\/index.php\/wp-json\/wp\/v2\/posts\/5866\/revisions\/5868"}],"wp:featuredmedia":[{"embeddable":true,"href":"https:\/\/innoticiasbo.com\/index.php\/wp-json\/wp\/v2\/media\/5865"}],"wp:attachment":[{"href":"https:\/\/innoticiasbo.com\/index.php\/wp-json\/wp\/v2\/media?parent=5866"}],"wp:term":[{"taxonomy":"category","embeddable":true,"href":"https:\/\/innoticiasbo.com\/index.php\/wp-json\/wp\/v2\/categories?post=5866"},{"taxonomy":"post_tag","embeddable":true,"href":"https:\/\/innoticiasbo.com\/index.php\/wp-json\/wp\/v2\/tags?post=5866"}],"curies":[{"name":"wp","href":"https:\/\/api.w.org\/{rel}","templated":true}]}}