{"id":5862,"date":"2025-05-19T23:51:57","date_gmt":"2025-05-20T03:51:57","guid":{"rendered":"https:\/\/innoticiasbo.com\/?p=5862"},"modified":"2025-05-19T23:52:59","modified_gmt":"2025-05-20T03:52:59","slug":"gobierno-senala-que-no-promovio-ninguna-de-las-acciones-interpuestas-contra-el-proceso-electoral","status":"publish","type":"post","link":"https:\/\/innoticiasbo.com\/index.php\/2025\/05\/19\/gobierno-senala-que-no-promovio-ninguna-de-las-acciones-interpuestas-contra-el-proceso-electoral\/","title":{"rendered":"GOBIERNO SE\u00d1ALA QUE NO PROMOVI\u00d3 NINGUNA DE LAS ACCIONES INTERPUESTAS CONTRA EL PROCESO ELECTORAL"},"content":{"rendered":"\n<p>La Paz, 19 de mayo de 2025.- Mediante un comunicado el gobierno&nbsp; manifest\u00f3&nbsp; lo siguiente:<\/p>\n\n\n\n<p>El Ministerio de Justicia y Transparencia Institucional informa a la opini\u00f3n p\u00fablica que ninguna de las acciones constitucionales interpuestas en diferentes Salas Constitucionales ni denuncias al cumplimiento del r\u00e9gimen electoral, presentadas ante el Tribunal Supremo Electoral fueron promovidas por el Gobierno Central o alguna de sus dependencias.<br>Por el contrario, resulta importante se\u00f1alar que al menos una denuncia y una acci\u00f3n de cumplimiento presentadas recientemente involucran al propio instrumento pol\u00edtico Movimiento al Socialismo \u2013 MAS-IPSP, lo que demuestra que estos recursos fueron interpuestos en el ejercicio leg\u00edtimo del erecho constitucional de todo ciudadano a la impugnaci\u00f3n y el acceso a la justicia y sin discriminar el partido o agrupaci\u00f3n pol\u00edtica que se trate.<\/p>\n\n\n\n<figure class=\"wp-block-image size-large\"><img data-recalc-dims=\"1\" loading=\"lazy\" decoding=\"async\" width=\"640\" height=\"537\" src=\"https:\/\/i0.wp.com\/innoticiasbo.com\/wp-content\/uploads\/2025\/05\/fb_img_17477129636065008219794597877497.jpg?resize=640%2C537&#038;ssl=1\" alt=\"\" class=\"wp-image-5860\" srcset=\"https:\/\/i0.wp.com\/innoticiasbo.com\/wp-content\/uploads\/2025\/05\/fb_img_17477129636065008219794597877497.jpg?w=940&amp;ssl=1 940w, https:\/\/i0.wp.com\/innoticiasbo.com\/wp-content\/uploads\/2025\/05\/fb_img_17477129636065008219794597877497.jpg?resize=300%2C251&amp;ssl=1 300w, https:\/\/i0.wp.com\/innoticiasbo.com\/wp-content\/uploads\/2025\/05\/fb_img_17477129636065008219794597877497.jpg?resize=768%2C644&amp;ssl=1 768w\" sizes=\"auto, (max-width: 640px) 100vw, 640px\" \/><\/figure>\n\n\n\n<p><br>En tal marco, corresponde a los \u00f3rganos Judicial y Electoral actuar en el cumplimiento de sus funciones constitucionales con plena independencia, conforme al principio de separaci\u00f3n y coordinaci\u00f3n de poderes del Estado Plurinacional de Bolivia.<\/p>\n\n\n\n<p><br>Finalmente, se aclara que varios de los recursos fueron presentados por el ciudadano Peter Erlwein Beckhauser, candidato a diputado plurinominal por la alianza \u201cUnidad\u201d.<\/p>\n","protected":false},"excerpt":{"rendered":"<p>La Paz, 19 de mayo de 2025.- Mediante un comunicado el gobierno&nbsp; manifest\u00f3&nbsp; lo siguiente: El Ministerio de Justicia y Transparencia Institucional informa a la opini\u00f3n p\u00fablica que ninguna de las acciones constitucionales interpuestas en diferentes Salas Constitucionales ni denuncias al cumplimiento del r\u00e9gimen electoral, presentadas ante el Tribunal Supremo Electoral fueron promovidas por el&#8230;<\/p>\n","protected":false},"author":2,"featured_media":5861,"comment_status":"open","ping_status":"open","sticky":false,"template":"","format":"standard","meta":{"_jetpack_memberships_contains_paid_content":false,"footnotes":"","jetpack_publicize_message":"","jetpack_publicize_feature_enabled":true,"jetpack_social_post_already_shared":true,"jetpack_social_options":{"image_generator_settings":{"template":"highway","enabled":false},"version":2}},"categories":[1,3],"tags":[451,224,177,450],"class_list":["post-5862","post","type-post","status-publish","format-standard","has-post-thumbnail","hentry","category-bolivia","category-politica","tag-deslizamientos-responsabilidad","tag-elecciones-bolivia-2025","tag-gobierno","tag-ministerio-de-justicia"],"jetpack_publicize_connections":[],"yoast_head":"<!-- This site is optimized with the Yoast SEO plugin v23.4 - https:\/\/yoast.com\/wordpress\/plugins\/seo\/ -->\n<title>GOBIERNO SE\u00d1ALA QUE NO PROMOVI\u00d3 NINGUNA DE LAS ACCIONES INTERPUESTAS CONTRA EL PROCESO ELECTORAL - innoticiasbo.com<\/title>\n<meta name=\"robots\" content=\"index, follow, max-snippet:-1, max-image-preview:large, max-video-preview:-1\" \/>\n<link rel=\"canonical\" href=\"https:\/\/innoticiasbo.com\/index.php\/2025\/05\/19\/gobierno-senala-que-no-promovio-ninguna-de-las-acciones-interpuestas-contra-el-proceso-electoral\/\" \/>\n<meta property=\"og:locale\" content=\"es_ES\" \/>\n<meta property=\"og:type\" content=\"article\" \/>\n<meta property=\"og:title\" content=\"GOBIERNO SE\u00d1ALA QUE NO PROMOVI\u00d3 NINGUNA DE LAS ACCIONES INTERPUESTAS CONTRA EL PROCESO ELECTORAL - innoticiasbo.com\" \/>\n<meta property=\"og:description\" content=\"La Paz, 19 de mayo de 2025.- Mediante un comunicado el gobierno&nbsp; manifest\u00f3&nbsp; lo siguiente: El Ministerio de Justicia y Transparencia Institucional informa a la opini\u00f3n p\u00fablica que ninguna de las acciones constitucionales interpuestas en diferentes Salas Constitucionales ni denuncias al cumplimiento del r\u00e9gimen electoral, presentadas ante el Tribunal Supremo Electoral fueron promovidas por el...\" \/>\n<meta property=\"og:url\" content=\"https:\/\/innoticiasbo.com\/index.php\/2025\/05\/19\/gobierno-senala-que-no-promovio-ninguna-de-las-acciones-interpuestas-contra-el-proceso-electoral\/\" \/>\n<meta property=\"og:site_name\" content=\"innoticiasbo.com\" \/>\n<meta property=\"article:publisher\" content=\"https:\/\/www.facebook.com\/innoticiasbolivia\" \/>\n<meta property=\"article:published_time\" content=\"2025-05-20T03:51:57+00:00\" \/>\n<meta property=\"article:modified_time\" content=\"2025-05-20T03:52:59+00:00\" \/>\n<meta property=\"og:image\" content=\"https:\/\/i0.wp.com\/innoticiasbo.com\/wp-content\/uploads\/2025\/05\/FB_IMG_1747712963606.jpg?fit=940%2C788&ssl=1\" \/>\n\t<meta property=\"og:image:width\" content=\"940\" \/>\n\t<meta property=\"og:image:height\" content=\"788\" \/>\n\t<meta property=\"og:image:type\" content=\"image\/jpeg\" \/>\n<meta name=\"author\" content=\"Prensa\" \/>\n<meta name=\"twitter:card\" content=\"summary_large_image\" \/>\n<meta name=\"twitter:creator\" content=\"@innoticiasbo\" \/>\n<meta name=\"twitter:site\" content=\"@innoticiasbo\" \/>\n<meta name=\"twitter:label1\" content=\"Escrito por\" \/>\n\t<meta name=\"twitter:data1\" content=\"Prensa\" \/>\n\t<meta name=\"twitter:label2\" content=\"Tiempo de lectura\" \/>\n\t<meta name=\"twitter:data2\" content=\"1 minuto\" \/>\n<script type=\"application\/ld+json\" class=\"yoast-schema-graph\">{\"@context\":\"https:\/\/schema.org\",\"@graph\":[{\"@type\":\"Article\",\"@id\":\"https:\/\/innoticiasbo.com\/index.php\/2025\/05\/19\/gobierno-senala-que-no-promovio-ninguna-de-las-acciones-interpuestas-contra-el-proceso-electoral\/#article\",\"isPartOf\":{\"@id\":\"https:\/\/innoticiasbo.com\/index.php\/2025\/05\/19\/gobierno-senala-que-no-promovio-ninguna-de-las-acciones-interpuestas-contra-el-proceso-electoral\/\"},\"author\":{\"name\":\"Prensa\",\"@id\":\"https:\/\/innoticiasbo.com\/#\/schema\/person\/589cd527c4211df1b943bdad85ec07ce\"},\"headline\":\"GOBIERNO SE\u00d1ALA QUE NO PROMOVI\u00d3 NINGUNA DE LAS ACCIONES INTERPUESTAS CONTRA EL PROCESO ELECTORAL\",\"datePublished\":\"2025-05-20T03:51:57+00:00\",\"dateModified\":\"2025-05-20T03:52:59+00:00\",\"mainEntityOfPage\":{\"@id\":\"https:\/\/innoticiasbo.com\/index.php\/2025\/05\/19\/gobierno-senala-que-no-promovio-ninguna-de-las-acciones-interpuestas-contra-el-proceso-electoral\/\"},\"wordCount\":214,\"commentCount\":0,\"publisher\":{\"@id\":\"https:\/\/innoticiasbo.com\/#organization\"},\"image\":{\"@id\":\"https:\/\/innoticiasbo.com\/index.php\/2025\/05\/19\/gobierno-senala-que-no-promovio-ninguna-de-las-acciones-interpuestas-contra-el-proceso-electoral\/#primaryimage\"},\"thumbnailUrl\":\"https:\/\/i0.wp.com\/innoticiasbo.com\/wp-content\/uploads\/2025\/05\/FB_IMG_1747712963606.jpg?fit=940%2C788&ssl=1\",\"keywords\":[\"deslizamientos responsabilidad\",\"elecciones Bolivia 2025\",\"gobierno\",\"ministerio de justicia\"],\"articleSection\":[\"Bolivia\",\"Pol\u00edtica\"],\"inLanguage\":\"es\",\"potentialAction\":[{\"@type\":\"CommentAction\",\"name\":\"Comment\",\"target\":[\"https:\/\/innoticiasbo.com\/index.php\/2025\/05\/19\/gobierno-senala-que-no-promovio-ninguna-de-las-acciones-interpuestas-contra-el-proceso-electoral\/#respond\"]}]},{\"@type\":\"WebPage\",\"@id\":\"https:\/\/innoticiasbo.com\/index.php\/2025\/05\/19\/gobierno-senala-que-no-promovio-ninguna-de-las-acciones-interpuestas-contra-el-proceso-electoral\/\",\"url\":\"https:\/\/innoticiasbo.com\/index.php\/2025\/05\/19\/gobierno-senala-que-no-promovio-ninguna-de-las-acciones-interpuestas-contra-el-proceso-electoral\/\",\"name\":\"GOBIERNO SE\u00d1ALA QUE NO PROMOVI\u00d3 NINGUNA DE LAS ACCIONES INTERPUESTAS CONTRA EL PROCESO ELECTORAL - innoticiasbo.com\",\"isPartOf\":{\"@id\":\"https:\/\/innoticiasbo.com\/#website\"},\"primaryImageOfPage\":{\"@id\":\"https:\/\/innoticiasbo.com\/index.php\/2025\/05\/19\/gobierno-senala-que-no-promovio-ninguna-de-las-acciones-interpuestas-contra-el-proceso-electoral\/#primaryimage\"},\"image\":{\"@id\":\"https:\/\/innoticiasbo.com\/index.php\/2025\/05\/19\/gobierno-senala-que-no-promovio-ninguna-de-las-acciones-interpuestas-contra-el-proceso-electoral\/#primaryimage\"},\"thumbnailUrl\":\"https:\/\/i0.wp.com\/innoticiasbo.com\/wp-content\/uploads\/2025\/05\/FB_IMG_1747712963606.jpg?fit=940%2C788&ssl=1\",\"datePublished\":\"2025-05-20T03:51:57+00:00\",\"dateModified\":\"2025-05-20T03:52:59+00:00\",\"breadcrumb\":{\"@id\":\"https:\/\/innoticiasbo.com\/index.php\/2025\/05\/19\/gobierno-senala-que-no-promovio-ninguna-de-las-acciones-interpuestas-contra-el-proceso-electoral\/#breadcrumb\"},\"inLanguage\":\"es\",\"potentialAction\":[{\"@type\":\"ReadAction\",\"target\":[\"https:\/\/innoticiasbo.com\/index.php\/2025\/05\/19\/gobierno-senala-que-no-promovio-ninguna-de-las-acciones-interpuestas-contra-el-proceso-electoral\/\"]}]},{\"@type\":\"ImageObject\",\"inLanguage\":\"es\",\"@id\":\"https:\/\/innoticiasbo.com\/index.php\/2025\/05\/19\/gobierno-senala-que-no-promovio-ninguna-de-las-acciones-interpuestas-contra-el-proceso-electoral\/#primaryimage\",\"url\":\"https:\/\/i0.wp.com\/innoticiasbo.com\/wp-content\/uploads\/2025\/05\/FB_IMG_1747712963606.jpg?fit=940%2C788&ssl=1\",\"contentUrl\":\"https:\/\/i0.wp.com\/innoticiasbo.com\/wp-content\/uploads\/2025\/05\/FB_IMG_1747712963606.jpg?fit=940%2C788&ssl=1\",\"width\":940,\"height\":788},{\"@type\":\"BreadcrumbList\",\"@id\":\"https:\/\/innoticiasbo.com\/index.php\/2025\/05\/19\/gobierno-senala-que-no-promovio-ninguna-de-las-acciones-interpuestas-contra-el-proceso-electoral\/#breadcrumb\",\"itemListElement\":[{\"@type\":\"ListItem\",\"position\":1,\"name\":\"Portada\",\"item\":\"https:\/\/innoticiasbo.com\/\"},{\"@type\":\"ListItem\",\"position\":2,\"name\":\"GOBIERNO SE\u00d1ALA QUE NO PROMOVI\u00d3 NINGUNA DE LAS ACCIONES INTERPUESTAS CONTRA EL PROCESO ELECTORAL\"}]},{\"@type\":\"WebSite\",\"@id\":\"https:\/\/innoticiasbo.com\/#website\",\"url\":\"https:\/\/innoticiasbo.com\/\",\"name\":\"innoticiasbo.com\",\"description\":\"\",\"publisher\":{\"@id\":\"https:\/\/innoticiasbo.com\/#organization\"},\"potentialAction\":[{\"@type\":\"SearchAction\",\"target\":{\"@type\":\"EntryPoint\",\"urlTemplate\":\"https:\/\/innoticiasbo.com\/?s={search_term_string}\"},\"query-input\":{\"@type\":\"PropertyValueSpecification\",\"valueRequired\":true,\"valueName\":\"search_term_string\"}}],\"inLanguage\":\"es\"},{\"@type\":\"Organization\",\"@id\":\"https:\/\/innoticiasbo.com\/#organization\",\"name\":\"innoticiasbo.com\",\"url\":\"https:\/\/innoticiasbo.com\/\",\"logo\":{\"@type\":\"ImageObject\",\"inLanguage\":\"es\",\"@id\":\"https:\/\/innoticiasbo.com\/#\/schema\/logo\/image\/\",\"url\":\"https:\/\/i0.wp.com\/innoticiasbo.com\/wp-content\/uploads\/2026\/04\/cropped-IN-LOGO.png?fit=1476%2C1476&ssl=1\",\"contentUrl\":\"https:\/\/i0.wp.com\/innoticiasbo.com\/wp-content\/uploads\/2026\/04\/cropped-IN-LOGO.png?fit=1476%2C1476&ssl=1\",\"width\":1476,\"height\":1476,\"caption\":\"innoticiasbo.com\"},\"image\":{\"@id\":\"https:\/\/innoticiasbo.com\/#\/schema\/logo\/image\/\"},\"sameAs\":[\"https:\/\/www.facebook.com\/innoticiasbolivia\",\"https:\/\/x.com\/innoticiasbo\",\"https:\/\/www.instagram.com\/innoticiasbo\",\"https:\/\/www.youtube.com\/innoticiasbo\"]},{\"@type\":\"Person\",\"@id\":\"https:\/\/innoticiasbo.com\/#\/schema\/person\/589cd527c4211df1b943bdad85ec07ce\",\"name\":\"Prensa\",\"image\":{\"@type\":\"ImageObject\",\"inLanguage\":\"es\",\"@id\":\"https:\/\/innoticiasbo.com\/#\/schema\/person\/image\/\",\"url\":\"https:\/\/secure.gravatar.com\/avatar\/d359bbdf112023c1c0a3ec7fe1600657?s=96&d=mm&r=g\",\"contentUrl\":\"https:\/\/secure.gravatar.com\/avatar\/d359bbdf112023c1c0a3ec7fe1600657?s=96&d=mm&r=g\",\"caption\":\"Prensa\"},\"sameAs\":[\"http:\/\/www.innoticiasbo.com\"],\"url\":\"https:\/\/innoticiasbo.com\/index.php\/author\/prensa\/\"}]}<\/script>\n<!-- \/ Yoast SEO plugin. -->","yoast_head_json":{"title":"GOBIERNO SE\u00d1ALA QUE NO PROMOVI\u00d3 NINGUNA DE LAS ACCIONES INTERPUESTAS CONTRA EL PROCESO ELECTORAL - innoticiasbo.com","robots":{"index":"index","follow":"follow","max-snippet":"max-snippet:-1","max-image-preview":"max-image-preview:large","max-video-preview":"max-video-preview:-1"},"canonical":"https:\/\/innoticiasbo.com\/index.php\/2025\/05\/19\/gobierno-senala-que-no-promovio-ninguna-de-las-acciones-interpuestas-contra-el-proceso-electoral\/","og_locale":"es_ES","og_type":"article","og_title":"GOBIERNO SE\u00d1ALA QUE NO PROMOVI\u00d3 NINGUNA DE LAS ACCIONES INTERPUESTAS CONTRA EL PROCESO ELECTORAL - innoticiasbo.com","og_description":"La Paz, 19 de mayo de 2025.- Mediante un comunicado el gobierno&nbsp; manifest\u00f3&nbsp; lo siguiente: El Ministerio de Justicia y Transparencia Institucional informa a la opini\u00f3n p\u00fablica que ninguna de las acciones constitucionales interpuestas en diferentes Salas Constitucionales ni denuncias al cumplimiento del r\u00e9gimen electoral, presentadas ante el Tribunal Supremo Electoral fueron promovidas por el...","og_url":"https:\/\/innoticiasbo.com\/index.php\/2025\/05\/19\/gobierno-senala-que-no-promovio-ninguna-de-las-acciones-interpuestas-contra-el-proceso-electoral\/","og_site_name":"innoticiasbo.com","article_publisher":"https:\/\/www.facebook.com\/innoticiasbolivia","article_published_time":"2025-05-20T03:51:57+00:00","article_modified_time":"2025-05-20T03:52:59+00:00","og_image":[{"width":940,"height":788,"url":"https:\/\/i0.wp.com\/innoticiasbo.com\/wp-content\/uploads\/2025\/05\/FB_IMG_1747712963606.jpg?fit=940%2C788&ssl=1","type":"image\/jpeg"}],"author":"Prensa","twitter_card":"summary_large_image","twitter_creator":"@innoticiasbo","twitter_site":"@innoticiasbo","twitter_misc":{"Escrito por":"Prensa","Tiempo de lectura":"1 minuto"},"schema":{"@context":"https:\/\/schema.org","@graph":[{"@type":"Article","@id":"https:\/\/innoticiasbo.com\/index.php\/2025\/05\/19\/gobierno-senala-que-no-promovio-ninguna-de-las-acciones-interpuestas-contra-el-proceso-electoral\/#article","isPartOf":{"@id":"https:\/\/innoticiasbo.com\/index.php\/2025\/05\/19\/gobierno-senala-que-no-promovio-ninguna-de-las-acciones-interpuestas-contra-el-proceso-electoral\/"},"author":{"name":"Prensa","@id":"https:\/\/innoticiasbo.com\/#\/schema\/person\/589cd527c4211df1b943bdad85ec07ce"},"headline":"GOBIERNO SE\u00d1ALA QUE NO PROMOVI\u00d3 NINGUNA DE LAS ACCIONES INTERPUESTAS CONTRA EL PROCESO ELECTORAL","datePublished":"2025-05-20T03:51:57+00:00","dateModified":"2025-05-20T03:52:59+00:00","mainEntityOfPage":{"@id":"https:\/\/innoticiasbo.com\/index.php\/2025\/05\/19\/gobierno-senala-que-no-promovio-ninguna-de-las-acciones-interpuestas-contra-el-proceso-electoral\/"},"wordCount":214,"commentCount":0,"publisher":{"@id":"https:\/\/innoticiasbo.com\/#organization"},"image":{"@id":"https:\/\/innoticiasbo.com\/index.php\/2025\/05\/19\/gobierno-senala-que-no-promovio-ninguna-de-las-acciones-interpuestas-contra-el-proceso-electoral\/#primaryimage"},"thumbnailUrl":"https:\/\/i0.wp.com\/innoticiasbo.com\/wp-content\/uploads\/2025\/05\/FB_IMG_1747712963606.jpg?fit=940%2C788&ssl=1","keywords":["deslizamientos responsabilidad","elecciones Bolivia 2025","gobierno","ministerio de justicia"],"articleSection":["Bolivia","Pol\u00edtica"],"inLanguage":"es","potentialAction":[{"@type":"CommentAction","name":"Comment","target":["https:\/\/innoticiasbo.com\/index.php\/2025\/05\/19\/gobierno-senala-que-no-promovio-ninguna-de-las-acciones-interpuestas-contra-el-proceso-electoral\/#respond"]}]},{"@type":"WebPage","@id":"https:\/\/innoticiasbo.com\/index.php\/2025\/05\/19\/gobierno-senala-que-no-promovio-ninguna-de-las-acciones-interpuestas-contra-el-proceso-electoral\/","url":"https:\/\/innoticiasbo.com\/index.php\/2025\/05\/19\/gobierno-senala-que-no-promovio-ninguna-de-las-acciones-interpuestas-contra-el-proceso-electoral\/","name":"GOBIERNO SE\u00d1ALA QUE NO PROMOVI\u00d3 NINGUNA DE LAS ACCIONES INTERPUESTAS CONTRA EL PROCESO ELECTORAL - innoticiasbo.com","isPartOf":{"@id":"https:\/\/innoticiasbo.com\/#website"},"primaryImageOfPage":{"@id":"https:\/\/innoticiasbo.com\/index.php\/2025\/05\/19\/gobierno-senala-que-no-promovio-ninguna-de-las-acciones-interpuestas-contra-el-proceso-electoral\/#primaryimage"},"image":{"@id":"https:\/\/innoticiasbo.com\/index.php\/2025\/05\/19\/gobierno-senala-que-no-promovio-ninguna-de-las-acciones-interpuestas-contra-el-proceso-electoral\/#primaryimage"},"thumbnailUrl":"https:\/\/i0.wp.com\/innoticiasbo.com\/wp-content\/uploads\/2025\/05\/FB_IMG_1747712963606.jpg?fit=940%2C788&ssl=1","datePublished":"2025-05-20T03:51:57+00:00","dateModified":"2025-05-20T03:52:59+00:00","breadcrumb":{"@id":"https:\/\/innoticiasbo.com\/index.php\/2025\/05\/19\/gobierno-senala-que-no-promovio-ninguna-de-las-acciones-interpuestas-contra-el-proceso-electoral\/#breadcrumb"},"inLanguage":"es","potentialAction":[{"@type":"ReadAction","target":["https:\/\/innoticiasbo.com\/index.php\/2025\/05\/19\/gobierno-senala-que-no-promovio-ninguna-de-las-acciones-interpuestas-contra-el-proceso-electoral\/"]}]},{"@type":"ImageObject","inLanguage":"es","@id":"https:\/\/innoticiasbo.com\/index.php\/2025\/05\/19\/gobierno-senala-que-no-promovio-ninguna-de-las-acciones-interpuestas-contra-el-proceso-electoral\/#primaryimage","url":"https:\/\/i0.wp.com\/innoticiasbo.com\/wp-content\/uploads\/2025\/05\/FB_IMG_1747712963606.jpg?fit=940%2C788&ssl=1","contentUrl":"https:\/\/i0.wp.com\/innoticiasbo.com\/wp-content\/uploads\/2025\/05\/FB_IMG_1747712963606.jpg?fit=940%2C788&ssl=1","width":940,"height":788},{"@type":"BreadcrumbList","@id":"https:\/\/innoticiasbo.com\/index.php\/2025\/05\/19\/gobierno-senala-que-no-promovio-ninguna-de-las-acciones-interpuestas-contra-el-proceso-electoral\/#breadcrumb","itemListElement":[{"@type":"ListItem","position":1,"name":"Portada","item":"https:\/\/innoticiasbo.com\/"},{"@type":"ListItem","position":2,"name":"GOBIERNO SE\u00d1ALA QUE NO PROMOVI\u00d3 NINGUNA DE LAS ACCIONES INTERPUESTAS CONTRA EL PROCESO ELECTORAL"}]},{"@type":"WebSite","@id":"https:\/\/innoticiasbo.com\/#website","url":"https:\/\/innoticiasbo.com\/","name":"innoticiasbo.com","description":"","publisher":{"@id":"https:\/\/innoticiasbo.com\/#organization"},"potentialAction":[{"@type":"SearchAction","target":{"@type":"EntryPoint","urlTemplate":"https:\/\/innoticiasbo.com\/?s={search_term_string}"},"query-input":{"@type":"PropertyValueSpecification","valueRequired":true,"valueName":"search_term_string"}}],"inLanguage":"es"},{"@type":"Organization","@id":"https:\/\/innoticiasbo.com\/#organization","name":"innoticiasbo.com","url":"https:\/\/innoticiasbo.com\/","logo":{"@type":"ImageObject","inLanguage":"es","@id":"https:\/\/innoticiasbo.com\/#\/schema\/logo\/image\/","url":"https:\/\/i0.wp.com\/innoticiasbo.com\/wp-content\/uploads\/2026\/04\/cropped-IN-LOGO.png?fit=1476%2C1476&ssl=1","contentUrl":"https:\/\/i0.wp.com\/innoticiasbo.com\/wp-content\/uploads\/2026\/04\/cropped-IN-LOGO.png?fit=1476%2C1476&ssl=1","width":1476,"height":1476,"caption":"innoticiasbo.com"},"image":{"@id":"https:\/\/innoticiasbo.com\/#\/schema\/logo\/image\/"},"sameAs":["https:\/\/www.facebook.com\/innoticiasbolivia","https:\/\/x.com\/innoticiasbo","https:\/\/www.instagram.com\/innoticiasbo","https:\/\/www.youtube.com\/innoticiasbo"]},{"@type":"Person","@id":"https:\/\/innoticiasbo.com\/#\/schema\/person\/589cd527c4211df1b943bdad85ec07ce","name":"Prensa","image":{"@type":"ImageObject","inLanguage":"es","@id":"https:\/\/innoticiasbo.com\/#\/schema\/person\/image\/","url":"https:\/\/secure.gravatar.com\/avatar\/d359bbdf112023c1c0a3ec7fe1600657?s=96&d=mm&r=g","contentUrl":"https:\/\/secure.gravatar.com\/avatar\/d359bbdf112023c1c0a3ec7fe1600657?s=96&d=mm&r=g","caption":"Prensa"},"sameAs":["http:\/\/www.innoticiasbo.com"],"url":"https:\/\/innoticiasbo.com\/index.php\/author\/prensa\/"}]}},"jetpack_featured_media_url":"https:\/\/i0.wp.com\/innoticiasbo.com\/wp-content\/uploads\/2025\/05\/FB_IMG_1747712963606.jpg?fit=940%2C788&ssl=1","jetpack_likes_enabled":true,"jetpack_sharing_enabled":true,"jetpack_shortlink":"https:\/\/wp.me\/pg298x-1wy","_links":{"self":[{"href":"https:\/\/innoticiasbo.com\/index.php\/wp-json\/wp\/v2\/posts\/5862","targetHints":{"allow":["GET"]}}],"collection":[{"href":"https:\/\/innoticiasbo.com\/index.php\/wp-json\/wp\/v2\/posts"}],"about":[{"href":"https:\/\/innoticiasbo.com\/index.php\/wp-json\/wp\/v2\/types\/post"}],"author":[{"embeddable":true,"href":"https:\/\/innoticiasbo.com\/index.php\/wp-json\/wp\/v2\/users\/2"}],"replies":[{"embeddable":true,"href":"https:\/\/innoticiasbo.com\/index.php\/wp-json\/wp\/v2\/comments?post=5862"}],"version-history":[{"count":1,"href":"https:\/\/innoticiasbo.com\/index.php\/wp-json\/wp\/v2\/posts\/5862\/revisions"}],"predecessor-version":[{"id":5863,"href":"https:\/\/innoticiasbo.com\/index.php\/wp-json\/wp\/v2\/posts\/5862\/revisions\/5863"}],"wp:featuredmedia":[{"embeddable":true,"href":"https:\/\/innoticiasbo.com\/index.php\/wp-json\/wp\/v2\/media\/5861"}],"wp:attachment":[{"href":"https:\/\/innoticiasbo.com\/index.php\/wp-json\/wp\/v2\/media?parent=5862"}],"wp:term":[{"taxonomy":"category","embeddable":true,"href":"https:\/\/innoticiasbo.com\/index.php\/wp-json\/wp\/v2\/categories?post=5862"},{"taxonomy":"post_tag","embeddable":true,"href":"https:\/\/innoticiasbo.com\/index.php\/wp-json\/wp\/v2\/tags?post=5862"}],"curies":[{"name":"wp","href":"https:\/\/api.w.org\/{rel}","templated":true}]}}