{"id":5858,"date":"2025-05-19T23:15:27","date_gmt":"2025-05-20T03:15:27","guid":{"rendered":"https:\/\/innoticiasbo.com\/?p=5858"},"modified":"2025-05-19T23:16:35","modified_gmt":"2025-05-20T03:16:35","slug":"expulsan-de-la-alianza-unidad-al-activista-que-anulo-dos-partidos-y-que-buscaba-lo-mismo-con-el-mts","status":"publish","type":"post","link":"https:\/\/innoticiasbo.com\/index.php\/2025\/05\/19\/expulsan-de-la-alianza-unidad-al-activista-que-anulo-dos-partidos-y-que-buscaba-lo-mismo-con-el-mts\/","title":{"rendered":"EXPULSAN DE LA ALIANZA UNIDAD AL ACTIVISTA QUE ANUL\u00d3 DOS PARTIDOS Y QUE BUSCABA LO MISMO CON EL MTS"},"content":{"rendered":"\n<p>Santa Cruz, 19 de mayo de 2025.- El activista Peter Erlwein Beckhauser, que present\u00f3 cuatro demandas de cancelaci\u00f3n de personer\u00eda jur\u00eddica contra igual n\u00famero de organizaciones pol\u00edticas, fue eliminado de las listas de candidatura de la alianza Unidad, liderada por Samuel Doria Medina.<\/p>\n\n\n\n<p>Esta noche en red Uno, Erlwein Beckhauser dijo: \u201cme sacaron de la lista, me dejaron solo\u201d y se quebr\u00f3 en llanto.<\/p>\n\n\n\n<figure class=\"wp-block-image size-large\"><img data-recalc-dims=\"1\" loading=\"lazy\" decoding=\"async\" width=\"640\" height=\"441\" src=\"https:\/\/i0.wp.com\/innoticiasbo.com\/wp-content\/uploads\/2025\/05\/peter_04785545741155011642.jpg?resize=640%2C441&#038;ssl=1\" alt=\"\" class=\"wp-image-5856\" srcset=\"https:\/\/i0.wp.com\/innoticiasbo.com\/wp-content\/uploads\/2025\/05\/peter_04785545741155011642.jpg?w=896&amp;ssl=1 896w, https:\/\/i0.wp.com\/innoticiasbo.com\/wp-content\/uploads\/2025\/05\/peter_04785545741155011642.jpg?resize=300%2C207&amp;ssl=1 300w, https:\/\/i0.wp.com\/innoticiasbo.com\/wp-content\/uploads\/2025\/05\/peter_04785545741155011642.jpg?resize=768%2C529&amp;ssl=1 768w\" sizes=\"auto, (max-width: 640px) 100vw, 640px\" \/><\/figure>\n\n\n\n<p>Erlwein Beckhauser figura como candidato a diputado suplente por la alianza Unidad que postula a Doria Medina.<\/p>\n\n\n\n<p>\u201cEs una pelea del oficialismo, y ya sabemos que estos \u00faltimos 20 a\u00f1os han manipulado a la justicia e instituciones para lograr su objetivo. Estas inhabilitaciones es una pelea dentro del MAS\u201d, hab\u00eda dicho en la ma\u00f1ana Doria Medina<\/p>\n\n\n\n<p>Sin embargo, la noche de este lunes, Doria Medina tom\u00f3 la decisi\u00f3n de sacarlo de las listas de candidatos.<\/p>\n\n\n\n<p>Fuente: Urgente.bo <\/p>\n","protected":false},"excerpt":{"rendered":"<p>Santa Cruz, 19 de mayo de 2025.- El activista Peter Erlwein Beckhauser, que present\u00f3 cuatro demandas de cancelaci\u00f3n de personer\u00eda jur\u00eddica contra igual n\u00famero de organizaciones pol\u00edticas, fue eliminado de las listas de candidatura de la alianza Unidad, liderada por Samuel Doria Medina. Esta noche en red Uno, Erlwein Beckhauser dijo: \u201cme sacaron de la&#8230;<\/p>\n","protected":false},"author":2,"featured_media":5857,"comment_status":"open","ping_status":"open","sticky":false,"template":"","format":"standard","meta":{"_jetpack_memberships_contains_paid_content":false,"footnotes":"","jetpack_publicize_message":"","jetpack_publicize_feature_enabled":true,"jetpack_social_post_already_shared":true,"jetpack_social_options":{"image_generator_settings":{"template":"highway","enabled":false},"version":2}},"categories":[1,3],"tags":[446,30,447,448,449,44],"class_list":["post-5858","post","type-post","status-publish","format-standard","has-post-thumbnail","hentry","category-bolivia","category-politica","tag-activista","tag-elecciones-bolivia2025","tag-erlwein-beckhauser","tag-expulsado","tag-inhabilitar","tag-samuel-doria-medina"],"jetpack_publicize_connections":[],"yoast_head":"<!-- This site is optimized with the Yoast SEO plugin v23.4 - https:\/\/yoast.com\/wordpress\/plugins\/seo\/ -->\n<title>EXPULSAN DE LA ALIANZA UNIDAD AL ACTIVISTA QUE ANUL\u00d3 DOS PARTIDOS Y QUE BUSCABA LO MISMO CON EL MTS - innoticiasbo.com<\/title>\n<meta name=\"robots\" content=\"index, follow, max-snippet:-1, max-image-preview:large, max-video-preview:-1\" \/>\n<link rel=\"canonical\" href=\"https:\/\/innoticiasbo.com\/index.php\/2025\/05\/19\/expulsan-de-la-alianza-unidad-al-activista-que-anulo-dos-partidos-y-que-buscaba-lo-mismo-con-el-mts\/\" \/>\n<meta property=\"og:locale\" content=\"es_ES\" \/>\n<meta property=\"og:type\" content=\"article\" \/>\n<meta property=\"og:title\" content=\"EXPULSAN DE LA ALIANZA UNIDAD AL ACTIVISTA QUE ANUL\u00d3 DOS PARTIDOS Y QUE BUSCABA LO MISMO CON EL MTS - innoticiasbo.com\" \/>\n<meta property=\"og:description\" content=\"Santa Cruz, 19 de mayo de 2025.- El activista Peter Erlwein Beckhauser, que present\u00f3 cuatro demandas de cancelaci\u00f3n de personer\u00eda jur\u00eddica contra igual n\u00famero de organizaciones pol\u00edticas, fue eliminado de las listas de candidatura de la alianza Unidad, liderada por Samuel Doria Medina. Esta noche en red Uno, Erlwein Beckhauser dijo: \u201cme sacaron de la...\" \/>\n<meta property=\"og:url\" content=\"https:\/\/innoticiasbo.com\/index.php\/2025\/05\/19\/expulsan-de-la-alianza-unidad-al-activista-que-anulo-dos-partidos-y-que-buscaba-lo-mismo-con-el-mts\/\" \/>\n<meta property=\"og:site_name\" content=\"innoticiasbo.com\" \/>\n<meta property=\"article:publisher\" content=\"https:\/\/www.facebook.com\/innoticiasbolivia\" \/>\n<meta property=\"article:published_time\" content=\"2025-05-20T03:15:27+00:00\" \/>\n<meta property=\"article:modified_time\" content=\"2025-05-20T03:16:35+00:00\" \/>\n<meta property=\"og:image\" content=\"https:\/\/i0.wp.com\/innoticiasbo.com\/wp-content\/uploads\/2025\/05\/peter_0.jpg?fit=896%2C617&ssl=1\" \/>\n\t<meta property=\"og:image:width\" content=\"896\" \/>\n\t<meta property=\"og:image:height\" content=\"617\" \/>\n\t<meta property=\"og:image:type\" content=\"image\/jpeg\" \/>\n<meta name=\"author\" content=\"Prensa\" \/>\n<meta name=\"twitter:card\" content=\"summary_large_image\" \/>\n<meta name=\"twitter:creator\" content=\"@innoticiasbo\" \/>\n<meta name=\"twitter:site\" content=\"@innoticiasbo\" \/>\n<meta name=\"twitter:label1\" content=\"Escrito por\" \/>\n\t<meta name=\"twitter:data1\" content=\"Prensa\" \/>\n\t<meta name=\"twitter:label2\" content=\"Tiempo de lectura\" \/>\n\t<meta name=\"twitter:data2\" content=\"1 minuto\" \/>\n<script type=\"application\/ld+json\" class=\"yoast-schema-graph\">{\"@context\":\"https:\/\/schema.org\",\"@graph\":[{\"@type\":\"Article\",\"@id\":\"https:\/\/innoticiasbo.com\/index.php\/2025\/05\/19\/expulsan-de-la-alianza-unidad-al-activista-que-anulo-dos-partidos-y-que-buscaba-lo-mismo-con-el-mts\/#article\",\"isPartOf\":{\"@id\":\"https:\/\/innoticiasbo.com\/index.php\/2025\/05\/19\/expulsan-de-la-alianza-unidad-al-activista-que-anulo-dos-partidos-y-que-buscaba-lo-mismo-con-el-mts\/\"},\"author\":{\"name\":\"Prensa\",\"@id\":\"https:\/\/innoticiasbo.com\/#\/schema\/person\/589cd527c4211df1b943bdad85ec07ce\"},\"headline\":\"EXPULSAN DE LA ALIANZA UNIDAD AL ACTIVISTA QUE ANUL\u00d3 DOS PARTIDOS Y QUE BUSCABA LO MISMO CON EL MTS\",\"datePublished\":\"2025-05-20T03:15:27+00:00\",\"dateModified\":\"2025-05-20T03:16:35+00:00\",\"mainEntityOfPage\":{\"@id\":\"https:\/\/innoticiasbo.com\/index.php\/2025\/05\/19\/expulsan-de-la-alianza-unidad-al-activista-que-anulo-dos-partidos-y-que-buscaba-lo-mismo-con-el-mts\/\"},\"wordCount\":168,\"commentCount\":0,\"publisher\":{\"@id\":\"https:\/\/innoticiasbo.com\/#organization\"},\"image\":{\"@id\":\"https:\/\/innoticiasbo.com\/index.php\/2025\/05\/19\/expulsan-de-la-alianza-unidad-al-activista-que-anulo-dos-partidos-y-que-buscaba-lo-mismo-con-el-mts\/#primaryimage\"},\"thumbnailUrl\":\"https:\/\/i0.wp.com\/innoticiasbo.com\/wp-content\/uploads\/2025\/05\/peter_0.jpg?fit=896%2C617&ssl=1\",\"keywords\":[\"activista\",\"Elecciones Bolivia2025\",\"Erlwein Beckhauser\",\"expulsado\",\"inhabilitar\",\"Samuel Doria Medina\"],\"articleSection\":[\"Bolivia\",\"Pol\u00edtica\"],\"inLanguage\":\"es\",\"potentialAction\":[{\"@type\":\"CommentAction\",\"name\":\"Comment\",\"target\":[\"https:\/\/innoticiasbo.com\/index.php\/2025\/05\/19\/expulsan-de-la-alianza-unidad-al-activista-que-anulo-dos-partidos-y-que-buscaba-lo-mismo-con-el-mts\/#respond\"]}]},{\"@type\":\"WebPage\",\"@id\":\"https:\/\/innoticiasbo.com\/index.php\/2025\/05\/19\/expulsan-de-la-alianza-unidad-al-activista-que-anulo-dos-partidos-y-que-buscaba-lo-mismo-con-el-mts\/\",\"url\":\"https:\/\/innoticiasbo.com\/index.php\/2025\/05\/19\/expulsan-de-la-alianza-unidad-al-activista-que-anulo-dos-partidos-y-que-buscaba-lo-mismo-con-el-mts\/\",\"name\":\"EXPULSAN DE LA ALIANZA UNIDAD AL ACTIVISTA QUE ANUL\u00d3 DOS PARTIDOS Y QUE BUSCABA LO MISMO CON EL MTS - innoticiasbo.com\",\"isPartOf\":{\"@id\":\"https:\/\/innoticiasbo.com\/#website\"},\"primaryImageOfPage\":{\"@id\":\"https:\/\/innoticiasbo.com\/index.php\/2025\/05\/19\/expulsan-de-la-alianza-unidad-al-activista-que-anulo-dos-partidos-y-que-buscaba-lo-mismo-con-el-mts\/#primaryimage\"},\"image\":{\"@id\":\"https:\/\/innoticiasbo.com\/index.php\/2025\/05\/19\/expulsan-de-la-alianza-unidad-al-activista-que-anulo-dos-partidos-y-que-buscaba-lo-mismo-con-el-mts\/#primaryimage\"},\"thumbnailUrl\":\"https:\/\/i0.wp.com\/innoticiasbo.com\/wp-content\/uploads\/2025\/05\/peter_0.jpg?fit=896%2C617&ssl=1\",\"datePublished\":\"2025-05-20T03:15:27+00:00\",\"dateModified\":\"2025-05-20T03:16:35+00:00\",\"breadcrumb\":{\"@id\":\"https:\/\/innoticiasbo.com\/index.php\/2025\/05\/19\/expulsan-de-la-alianza-unidad-al-activista-que-anulo-dos-partidos-y-que-buscaba-lo-mismo-con-el-mts\/#breadcrumb\"},\"inLanguage\":\"es\",\"potentialAction\":[{\"@type\":\"ReadAction\",\"target\":[\"https:\/\/innoticiasbo.com\/index.php\/2025\/05\/19\/expulsan-de-la-alianza-unidad-al-activista-que-anulo-dos-partidos-y-que-buscaba-lo-mismo-con-el-mts\/\"]}]},{\"@type\":\"ImageObject\",\"inLanguage\":\"es\",\"@id\":\"https:\/\/innoticiasbo.com\/index.php\/2025\/05\/19\/expulsan-de-la-alianza-unidad-al-activista-que-anulo-dos-partidos-y-que-buscaba-lo-mismo-con-el-mts\/#primaryimage\",\"url\":\"https:\/\/i0.wp.com\/innoticiasbo.com\/wp-content\/uploads\/2025\/05\/peter_0.jpg?fit=896%2C617&ssl=1\",\"contentUrl\":\"https:\/\/i0.wp.com\/innoticiasbo.com\/wp-content\/uploads\/2025\/05\/peter_0.jpg?fit=896%2C617&ssl=1\",\"width\":896,\"height\":617},{\"@type\":\"BreadcrumbList\",\"@id\":\"https:\/\/innoticiasbo.com\/index.php\/2025\/05\/19\/expulsan-de-la-alianza-unidad-al-activista-que-anulo-dos-partidos-y-que-buscaba-lo-mismo-con-el-mts\/#breadcrumb\",\"itemListElement\":[{\"@type\":\"ListItem\",\"position\":1,\"name\":\"Portada\",\"item\":\"https:\/\/innoticiasbo.com\/\"},{\"@type\":\"ListItem\",\"position\":2,\"name\":\"EXPULSAN DE LA ALIANZA UNIDAD AL ACTIVISTA QUE ANUL\u00d3 DOS PARTIDOS Y QUE BUSCABA LO MISMO CON EL MTS\"}]},{\"@type\":\"WebSite\",\"@id\":\"https:\/\/innoticiasbo.com\/#website\",\"url\":\"https:\/\/innoticiasbo.com\/\",\"name\":\"innoticiasbo.com\",\"description\":\"\",\"publisher\":{\"@id\":\"https:\/\/innoticiasbo.com\/#organization\"},\"potentialAction\":[{\"@type\":\"SearchAction\",\"target\":{\"@type\":\"EntryPoint\",\"urlTemplate\":\"https:\/\/innoticiasbo.com\/?s={search_term_string}\"},\"query-input\":{\"@type\":\"PropertyValueSpecification\",\"valueRequired\":true,\"valueName\":\"search_term_string\"}}],\"inLanguage\":\"es\"},{\"@type\":\"Organization\",\"@id\":\"https:\/\/innoticiasbo.com\/#organization\",\"name\":\"innoticiasbo.com\",\"url\":\"https:\/\/innoticiasbo.com\/\",\"logo\":{\"@type\":\"ImageObject\",\"inLanguage\":\"es\",\"@id\":\"https:\/\/innoticiasbo.com\/#\/schema\/logo\/image\/\",\"url\":\"https:\/\/i0.wp.com\/innoticiasbo.com\/wp-content\/uploads\/2026\/04\/cropped-IN-LOGO.png?fit=1476%2C1476&ssl=1\",\"contentUrl\":\"https:\/\/i0.wp.com\/innoticiasbo.com\/wp-content\/uploads\/2026\/04\/cropped-IN-LOGO.png?fit=1476%2C1476&ssl=1\",\"width\":1476,\"height\":1476,\"caption\":\"innoticiasbo.com\"},\"image\":{\"@id\":\"https:\/\/innoticiasbo.com\/#\/schema\/logo\/image\/\"},\"sameAs\":[\"https:\/\/www.facebook.com\/innoticiasbolivia\",\"https:\/\/x.com\/innoticiasbo\",\"https:\/\/www.instagram.com\/innoticiasbo\",\"https:\/\/www.youtube.com\/innoticiasbo\"]},{\"@type\":\"Person\",\"@id\":\"https:\/\/innoticiasbo.com\/#\/schema\/person\/589cd527c4211df1b943bdad85ec07ce\",\"name\":\"Prensa\",\"image\":{\"@type\":\"ImageObject\",\"inLanguage\":\"es\",\"@id\":\"https:\/\/innoticiasbo.com\/#\/schema\/person\/image\/\",\"url\":\"https:\/\/secure.gravatar.com\/avatar\/d359bbdf112023c1c0a3ec7fe1600657?s=96&d=mm&r=g\",\"contentUrl\":\"https:\/\/secure.gravatar.com\/avatar\/d359bbdf112023c1c0a3ec7fe1600657?s=96&d=mm&r=g\",\"caption\":\"Prensa\"},\"sameAs\":[\"http:\/\/www.innoticiasbo.com\"],\"url\":\"https:\/\/innoticiasbo.com\/index.php\/author\/prensa\/\"}]}<\/script>\n<!-- \/ Yoast SEO plugin. -->","yoast_head_json":{"title":"EXPULSAN DE LA ALIANZA UNIDAD AL ACTIVISTA QUE ANUL\u00d3 DOS PARTIDOS Y QUE BUSCABA LO MISMO CON EL MTS - innoticiasbo.com","robots":{"index":"index","follow":"follow","max-snippet":"max-snippet:-1","max-image-preview":"max-image-preview:large","max-video-preview":"max-video-preview:-1"},"canonical":"https:\/\/innoticiasbo.com\/index.php\/2025\/05\/19\/expulsan-de-la-alianza-unidad-al-activista-que-anulo-dos-partidos-y-que-buscaba-lo-mismo-con-el-mts\/","og_locale":"es_ES","og_type":"article","og_title":"EXPULSAN DE LA ALIANZA UNIDAD AL ACTIVISTA QUE ANUL\u00d3 DOS PARTIDOS Y QUE BUSCABA LO MISMO CON EL MTS - innoticiasbo.com","og_description":"Santa Cruz, 19 de mayo de 2025.- El activista Peter Erlwein Beckhauser, que present\u00f3 cuatro demandas de cancelaci\u00f3n de personer\u00eda jur\u00eddica contra igual n\u00famero de organizaciones pol\u00edticas, fue eliminado de las listas de candidatura de la alianza Unidad, liderada por Samuel Doria Medina. Esta noche en red Uno, Erlwein Beckhauser dijo: \u201cme sacaron de la...","og_url":"https:\/\/innoticiasbo.com\/index.php\/2025\/05\/19\/expulsan-de-la-alianza-unidad-al-activista-que-anulo-dos-partidos-y-que-buscaba-lo-mismo-con-el-mts\/","og_site_name":"innoticiasbo.com","article_publisher":"https:\/\/www.facebook.com\/innoticiasbolivia","article_published_time":"2025-05-20T03:15:27+00:00","article_modified_time":"2025-05-20T03:16:35+00:00","og_image":[{"width":896,"height":617,"url":"https:\/\/i0.wp.com\/innoticiasbo.com\/wp-content\/uploads\/2025\/05\/peter_0.jpg?fit=896%2C617&ssl=1","type":"image\/jpeg"}],"author":"Prensa","twitter_card":"summary_large_image","twitter_creator":"@innoticiasbo","twitter_site":"@innoticiasbo","twitter_misc":{"Escrito por":"Prensa","Tiempo de lectura":"1 minuto"},"schema":{"@context":"https:\/\/schema.org","@graph":[{"@type":"Article","@id":"https:\/\/innoticiasbo.com\/index.php\/2025\/05\/19\/expulsan-de-la-alianza-unidad-al-activista-que-anulo-dos-partidos-y-que-buscaba-lo-mismo-con-el-mts\/#article","isPartOf":{"@id":"https:\/\/innoticiasbo.com\/index.php\/2025\/05\/19\/expulsan-de-la-alianza-unidad-al-activista-que-anulo-dos-partidos-y-que-buscaba-lo-mismo-con-el-mts\/"},"author":{"name":"Prensa","@id":"https:\/\/innoticiasbo.com\/#\/schema\/person\/589cd527c4211df1b943bdad85ec07ce"},"headline":"EXPULSAN DE LA ALIANZA UNIDAD AL ACTIVISTA QUE ANUL\u00d3 DOS PARTIDOS Y QUE BUSCABA LO MISMO CON EL MTS","datePublished":"2025-05-20T03:15:27+00:00","dateModified":"2025-05-20T03:16:35+00:00","mainEntityOfPage":{"@id":"https:\/\/innoticiasbo.com\/index.php\/2025\/05\/19\/expulsan-de-la-alianza-unidad-al-activista-que-anulo-dos-partidos-y-que-buscaba-lo-mismo-con-el-mts\/"},"wordCount":168,"commentCount":0,"publisher":{"@id":"https:\/\/innoticiasbo.com\/#organization"},"image":{"@id":"https:\/\/innoticiasbo.com\/index.php\/2025\/05\/19\/expulsan-de-la-alianza-unidad-al-activista-que-anulo-dos-partidos-y-que-buscaba-lo-mismo-con-el-mts\/#primaryimage"},"thumbnailUrl":"https:\/\/i0.wp.com\/innoticiasbo.com\/wp-content\/uploads\/2025\/05\/peter_0.jpg?fit=896%2C617&ssl=1","keywords":["activista","Elecciones Bolivia2025","Erlwein Beckhauser","expulsado","inhabilitar","Samuel Doria Medina"],"articleSection":["Bolivia","Pol\u00edtica"],"inLanguage":"es","potentialAction":[{"@type":"CommentAction","name":"Comment","target":["https:\/\/innoticiasbo.com\/index.php\/2025\/05\/19\/expulsan-de-la-alianza-unidad-al-activista-que-anulo-dos-partidos-y-que-buscaba-lo-mismo-con-el-mts\/#respond"]}]},{"@type":"WebPage","@id":"https:\/\/innoticiasbo.com\/index.php\/2025\/05\/19\/expulsan-de-la-alianza-unidad-al-activista-que-anulo-dos-partidos-y-que-buscaba-lo-mismo-con-el-mts\/","url":"https:\/\/innoticiasbo.com\/index.php\/2025\/05\/19\/expulsan-de-la-alianza-unidad-al-activista-que-anulo-dos-partidos-y-que-buscaba-lo-mismo-con-el-mts\/","name":"EXPULSAN DE LA ALIANZA UNIDAD AL ACTIVISTA QUE ANUL\u00d3 DOS PARTIDOS Y QUE BUSCABA LO MISMO CON EL MTS - innoticiasbo.com","isPartOf":{"@id":"https:\/\/innoticiasbo.com\/#website"},"primaryImageOfPage":{"@id":"https:\/\/innoticiasbo.com\/index.php\/2025\/05\/19\/expulsan-de-la-alianza-unidad-al-activista-que-anulo-dos-partidos-y-que-buscaba-lo-mismo-con-el-mts\/#primaryimage"},"image":{"@id":"https:\/\/innoticiasbo.com\/index.php\/2025\/05\/19\/expulsan-de-la-alianza-unidad-al-activista-que-anulo-dos-partidos-y-que-buscaba-lo-mismo-con-el-mts\/#primaryimage"},"thumbnailUrl":"https:\/\/i0.wp.com\/innoticiasbo.com\/wp-content\/uploads\/2025\/05\/peter_0.jpg?fit=896%2C617&ssl=1","datePublished":"2025-05-20T03:15:27+00:00","dateModified":"2025-05-20T03:16:35+00:00","breadcrumb":{"@id":"https:\/\/innoticiasbo.com\/index.php\/2025\/05\/19\/expulsan-de-la-alianza-unidad-al-activista-que-anulo-dos-partidos-y-que-buscaba-lo-mismo-con-el-mts\/#breadcrumb"},"inLanguage":"es","potentialAction":[{"@type":"ReadAction","target":["https:\/\/innoticiasbo.com\/index.php\/2025\/05\/19\/expulsan-de-la-alianza-unidad-al-activista-que-anulo-dos-partidos-y-que-buscaba-lo-mismo-con-el-mts\/"]}]},{"@type":"ImageObject","inLanguage":"es","@id":"https:\/\/innoticiasbo.com\/index.php\/2025\/05\/19\/expulsan-de-la-alianza-unidad-al-activista-que-anulo-dos-partidos-y-que-buscaba-lo-mismo-con-el-mts\/#primaryimage","url":"https:\/\/i0.wp.com\/innoticiasbo.com\/wp-content\/uploads\/2025\/05\/peter_0.jpg?fit=896%2C617&ssl=1","contentUrl":"https:\/\/i0.wp.com\/innoticiasbo.com\/wp-content\/uploads\/2025\/05\/peter_0.jpg?fit=896%2C617&ssl=1","width":896,"height":617},{"@type":"BreadcrumbList","@id":"https:\/\/innoticiasbo.com\/index.php\/2025\/05\/19\/expulsan-de-la-alianza-unidad-al-activista-que-anulo-dos-partidos-y-que-buscaba-lo-mismo-con-el-mts\/#breadcrumb","itemListElement":[{"@type":"ListItem","position":1,"name":"Portada","item":"https:\/\/innoticiasbo.com\/"},{"@type":"ListItem","position":2,"name":"EXPULSAN DE LA ALIANZA UNIDAD AL ACTIVISTA QUE ANUL\u00d3 DOS PARTIDOS Y QUE BUSCABA LO MISMO CON EL MTS"}]},{"@type":"WebSite","@id":"https:\/\/innoticiasbo.com\/#website","url":"https:\/\/innoticiasbo.com\/","name":"innoticiasbo.com","description":"","publisher":{"@id":"https:\/\/innoticiasbo.com\/#organization"},"potentialAction":[{"@type":"SearchAction","target":{"@type":"EntryPoint","urlTemplate":"https:\/\/innoticiasbo.com\/?s={search_term_string}"},"query-input":{"@type":"PropertyValueSpecification","valueRequired":true,"valueName":"search_term_string"}}],"inLanguage":"es"},{"@type":"Organization","@id":"https:\/\/innoticiasbo.com\/#organization","name":"innoticiasbo.com","url":"https:\/\/innoticiasbo.com\/","logo":{"@type":"ImageObject","inLanguage":"es","@id":"https:\/\/innoticiasbo.com\/#\/schema\/logo\/image\/","url":"https:\/\/i0.wp.com\/innoticiasbo.com\/wp-content\/uploads\/2026\/04\/cropped-IN-LOGO.png?fit=1476%2C1476&ssl=1","contentUrl":"https:\/\/i0.wp.com\/innoticiasbo.com\/wp-content\/uploads\/2026\/04\/cropped-IN-LOGO.png?fit=1476%2C1476&ssl=1","width":1476,"height":1476,"caption":"innoticiasbo.com"},"image":{"@id":"https:\/\/innoticiasbo.com\/#\/schema\/logo\/image\/"},"sameAs":["https:\/\/www.facebook.com\/innoticiasbolivia","https:\/\/x.com\/innoticiasbo","https:\/\/www.instagram.com\/innoticiasbo","https:\/\/www.youtube.com\/innoticiasbo"]},{"@type":"Person","@id":"https:\/\/innoticiasbo.com\/#\/schema\/person\/589cd527c4211df1b943bdad85ec07ce","name":"Prensa","image":{"@type":"ImageObject","inLanguage":"es","@id":"https:\/\/innoticiasbo.com\/#\/schema\/person\/image\/","url":"https:\/\/secure.gravatar.com\/avatar\/d359bbdf112023c1c0a3ec7fe1600657?s=96&d=mm&r=g","contentUrl":"https:\/\/secure.gravatar.com\/avatar\/d359bbdf112023c1c0a3ec7fe1600657?s=96&d=mm&r=g","caption":"Prensa"},"sameAs":["http:\/\/www.innoticiasbo.com"],"url":"https:\/\/innoticiasbo.com\/index.php\/author\/prensa\/"}]}},"jetpack_featured_media_url":"https:\/\/i0.wp.com\/innoticiasbo.com\/wp-content\/uploads\/2025\/05\/peter_0.jpg?fit=896%2C617&ssl=1","jetpack_likes_enabled":true,"jetpack_sharing_enabled":true,"jetpack_shortlink":"https:\/\/wp.me\/pg298x-1wu","_links":{"self":[{"href":"https:\/\/innoticiasbo.com\/index.php\/wp-json\/wp\/v2\/posts\/5858","targetHints":{"allow":["GET"]}}],"collection":[{"href":"https:\/\/innoticiasbo.com\/index.php\/wp-json\/wp\/v2\/posts"}],"about":[{"href":"https:\/\/innoticiasbo.com\/index.php\/wp-json\/wp\/v2\/types\/post"}],"author":[{"embeddable":true,"href":"https:\/\/innoticiasbo.com\/index.php\/wp-json\/wp\/v2\/users\/2"}],"replies":[{"embeddable":true,"href":"https:\/\/innoticiasbo.com\/index.php\/wp-json\/wp\/v2\/comments?post=5858"}],"version-history":[{"count":1,"href":"https:\/\/innoticiasbo.com\/index.php\/wp-json\/wp\/v2\/posts\/5858\/revisions"}],"predecessor-version":[{"id":5859,"href":"https:\/\/innoticiasbo.com\/index.php\/wp-json\/wp\/v2\/posts\/5858\/revisions\/5859"}],"wp:featuredmedia":[{"embeddable":true,"href":"https:\/\/innoticiasbo.com\/index.php\/wp-json\/wp\/v2\/media\/5857"}],"wp:attachment":[{"href":"https:\/\/innoticiasbo.com\/index.php\/wp-json\/wp\/v2\/media?parent=5858"}],"wp:term":[{"taxonomy":"category","embeddable":true,"href":"https:\/\/innoticiasbo.com\/index.php\/wp-json\/wp\/v2\/categories?post=5858"},{"taxonomy":"post_tag","embeddable":true,"href":"https:\/\/innoticiasbo.com\/index.php\/wp-json\/wp\/v2\/tags?post=5858"}],"curies":[{"name":"wp","href":"https:\/\/api.w.org\/{rel}","templated":true}]}}