{"id":5839,"date":"2025-05-19T14:40:58","date_gmt":"2025-05-19T18:40:58","guid":{"rendered":"https:\/\/innoticiasbo.com\/?p=5839"},"modified":"2025-05-19T14:42:17","modified_gmt":"2025-05-19T18:42:17","slug":"el-tse-y-andronico-dicen-que-no-fueron-notificados-con-la-resolucion","status":"publish","type":"post","link":"https:\/\/innoticiasbo.com\/index.php\/2025\/05\/19\/el-tse-y-andronico-dicen-que-no-fueron-notificados-con-la-resolucion\/","title":{"rendered":"EL TSE Y ANDR\u00d3NICO DICEN QUE NO FUERON NOTIFICADOS CON LA RESOLUCI\u00d3N"},"content":{"rendered":"\n<p>La Paz, 19 de mayo de 2025.- Mientras una multitud avanza se acerca a la sede del Tribunal Supremo Electoral, los delegados de la Alianza Popular est\u00e1n con la inscripci\u00f3n de sus candidatos a las elecciones generales del 17 de agosto.<\/p>\n\n\n\n<figure class=\"wp-block-image size-large\"><img data-recalc-dims=\"1\" loading=\"lazy\" decoding=\"async\" width=\"640\" height=\"403\" src=\"https:\/\/i0.wp.com\/innoticiasbo.com\/wp-content\/uploads\/2025\/05\/fb_img_17476741447965173410139846425609.jpg?resize=640%2C403&#038;ssl=1\" alt=\"\" class=\"wp-image-5835\" srcset=\"https:\/\/i0.wp.com\/innoticiasbo.com\/wp-content\/uploads\/2025\/05\/fb_img_17476741447965173410139846425609.jpg?resize=1024%2C645&amp;ssl=1 1024w, https:\/\/i0.wp.com\/innoticiasbo.com\/wp-content\/uploads\/2025\/05\/fb_img_17476741447965173410139846425609.jpg?resize=300%2C189&amp;ssl=1 300w, https:\/\/i0.wp.com\/innoticiasbo.com\/wp-content\/uploads\/2025\/05\/fb_img_17476741447965173410139846425609.jpg?resize=768%2C484&amp;ssl=1 768w, https:\/\/i0.wp.com\/innoticiasbo.com\/wp-content\/uploads\/2025\/05\/fb_img_17476741447965173410139846425609.jpg?resize=150%2C95&amp;ssl=1 150w, https:\/\/i0.wp.com\/innoticiasbo.com\/wp-content\/uploads\/2025\/05\/fb_img_17476741447965173410139846425609.jpg?w=1080&amp;ssl=1 1080w\" sizes=\"auto, (max-width: 640px) 100vw, 640px\" \/><\/figure>\n\n\n\n<p class=\"rtejustify\">El secretario de C\u00e1mara del TSE, Luis Fernando Artegada, hizo conocer este lunes que la Alianza Popular ya est\u00e1 registrando candidatos en el Sistema y que no han sido notificados respecto a ninguna Resoluci\u00f3n de Salas Constitucionales<\/p>\n\n\n\n<p class=\"rtejustify\">Manifest\u00f3 tambi\u00e9n que en caso de llegar alguna disposici\u00f3n de manera oficial ser\u00e1 la Sala Plena del TSE, la que tenga la \u00faltima palabra respecto al tema, de momento la inscripci\u00f3n se desarrolla con normalidad.<\/p>\n\n\n\n<figure class=\"wp-block-image size-large\"><img data-recalc-dims=\"1\" loading=\"lazy\" decoding=\"async\" width=\"640\" height=\"344\" src=\"https:\/\/i0.wp.com\/innoticiasbo.com\/wp-content\/uploads\/2025\/05\/screenshot_20250518_165057_canva8269505715760882788.jpg?resize=640%2C344&#038;ssl=1\" alt=\"\" class=\"wp-image-5836\" srcset=\"https:\/\/i0.wp.com\/innoticiasbo.com\/wp-content\/uploads\/2025\/05\/screenshot_20250518_165057_canva8269505715760882788.jpg?w=899&amp;ssl=1 899w, https:\/\/i0.wp.com\/innoticiasbo.com\/wp-content\/uploads\/2025\/05\/screenshot_20250518_165057_canva8269505715760882788.jpg?resize=300%2C161&amp;ssl=1 300w, https:\/\/i0.wp.com\/innoticiasbo.com\/wp-content\/uploads\/2025\/05\/screenshot_20250518_165057_canva8269505715760882788.jpg?resize=768%2C413&amp;ssl=1 768w\" sizes=\"auto, (max-width: 640px) 100vw, 640px\" \/><\/figure>\n\n\n\n<p class=\"rtejustify\">Mientras tanto, miles de personas que son seguidores de la Alianza Popular llegan a la plaza Abaroa para continuar con el procedimiento.<\/p>\n\n\n\n<p class=\"rtejustify\">El candidato a la presidencia por la Alianza Popular, Andr\u00f3nico Rodr\u00edguez, confirm\u00f3 que la organizaci\u00f3n pol\u00edtica no ha sido notifiicada con la resoluci\u00f3n de la Sala Primera Constitucional del Beni, que orden\u00f3 suspender la inscripci\u00f3n de candidaturas.<\/p>\n","protected":false},"excerpt":{"rendered":"<p>La Paz, 19 de mayo de 2025.- Mientras una multitud avanza se acerca a la sede del Tribunal Supremo Electoral, los delegados de la Alianza Popular est\u00e1n con la inscripci\u00f3n de sus candidatos a las elecciones generales del 17 de agosto. El secretario de C\u00e1mara del TSE, Luis Fernando Artegada, hizo conocer este lunes que&#8230;<\/p>\n","protected":false},"author":2,"featured_media":5838,"comment_status":"open","ping_status":"open","sticky":false,"template":"","format":"standard","meta":{"_jetpack_memberships_contains_paid_content":false,"footnotes":"","jetpack_publicize_message":"","jetpack_publicize_feature_enabled":true,"jetpack_social_post_already_shared":true,"jetpack_social_options":{"image_generator_settings":{"template":"highway","enabled":false},"version":2}},"categories":[1,3],"tags":[64,30,22,444,431],"class_list":["post-5839","post","type-post","status-publish","format-standard","has-post-thumbnail","hentry","category-bolivia","category-politica","tag-andronico-rodriguez","tag-elecciones-bolivia2025","tag-innoticias","tag-inscripcion","tag-mariana-prado"],"jetpack_publicize_connections":[],"yoast_head":"<!-- This site is optimized with the Yoast SEO plugin v23.4 - https:\/\/yoast.com\/wordpress\/plugins\/seo\/ -->\n<title>EL TSE Y ANDR\u00d3NICO DICEN QUE NO FUERON NOTIFICADOS CON LA RESOLUCI\u00d3N - innoticiasbo.com<\/title>\n<meta name=\"robots\" content=\"index, follow, max-snippet:-1, max-image-preview:large, max-video-preview:-1\" \/>\n<link rel=\"canonical\" href=\"https:\/\/innoticiasbo.com\/index.php\/2025\/05\/19\/el-tse-y-andronico-dicen-que-no-fueron-notificados-con-la-resolucion\/\" \/>\n<meta property=\"og:locale\" content=\"es_ES\" \/>\n<meta property=\"og:type\" content=\"article\" \/>\n<meta property=\"og:title\" content=\"EL TSE Y ANDR\u00d3NICO DICEN QUE NO FUERON NOTIFICADOS CON LA RESOLUCI\u00d3N - innoticiasbo.com\" \/>\n<meta property=\"og:description\" content=\"La Paz, 19 de mayo de 2025.- Mientras una multitud avanza se acerca a la sede del Tribunal Supremo Electoral, los delegados de la Alianza Popular est\u00e1n con la inscripci\u00f3n de sus candidatos a las elecciones generales del 17 de agosto. El secretario de C\u00e1mara del TSE, Luis Fernando Artegada, hizo conocer este lunes que...\" \/>\n<meta property=\"og:url\" content=\"https:\/\/innoticiasbo.com\/index.php\/2025\/05\/19\/el-tse-y-andronico-dicen-que-no-fueron-notificados-con-la-resolucion\/\" \/>\n<meta property=\"og:site_name\" content=\"innoticiasbo.com\" \/>\n<meta property=\"article:publisher\" content=\"https:\/\/www.facebook.com\/innoticiasbolivia\" \/>\n<meta property=\"article:published_time\" content=\"2025-05-19T18:40:58+00:00\" \/>\n<meta property=\"article:modified_time\" content=\"2025-05-19T18:42:17+00:00\" \/>\n<meta property=\"og:image\" content=\"https:\/\/i0.wp.com\/innoticiasbo.com\/wp-content\/uploads\/2025\/05\/FB_IMG_1747674142740-1.jpg?fit=1042%2C777&ssl=1\" \/>\n\t<meta property=\"og:image:width\" content=\"1042\" \/>\n\t<meta property=\"og:image:height\" content=\"777\" \/>\n\t<meta property=\"og:image:type\" content=\"image\/jpeg\" \/>\n<meta name=\"author\" content=\"Prensa\" \/>\n<meta name=\"twitter:card\" content=\"summary_large_image\" \/>\n<meta name=\"twitter:creator\" content=\"@innoticiasbo\" \/>\n<meta name=\"twitter:site\" content=\"@innoticiasbo\" \/>\n<meta name=\"twitter:label1\" content=\"Escrito por\" \/>\n\t<meta name=\"twitter:data1\" content=\"Prensa\" \/>\n\t<meta name=\"twitter:label2\" content=\"Tiempo de lectura\" \/>\n\t<meta name=\"twitter:data2\" content=\"1 minuto\" \/>\n<script type=\"application\/ld+json\" class=\"yoast-schema-graph\">{\"@context\":\"https:\/\/schema.org\",\"@graph\":[{\"@type\":\"Article\",\"@id\":\"https:\/\/innoticiasbo.com\/index.php\/2025\/05\/19\/el-tse-y-andronico-dicen-que-no-fueron-notificados-con-la-resolucion\/#article\",\"isPartOf\":{\"@id\":\"https:\/\/innoticiasbo.com\/index.php\/2025\/05\/19\/el-tse-y-andronico-dicen-que-no-fueron-notificados-con-la-resolucion\/\"},\"author\":{\"name\":\"Prensa\",\"@id\":\"https:\/\/innoticiasbo.com\/#\/schema\/person\/589cd527c4211df1b943bdad85ec07ce\"},\"headline\":\"EL TSE Y ANDR\u00d3NICO DICEN QUE NO FUERON NOTIFICADOS CON LA RESOLUCI\u00d3N\",\"datePublished\":\"2025-05-19T18:40:58+00:00\",\"dateModified\":\"2025-05-19T18:42:17+00:00\",\"mainEntityOfPage\":{\"@id\":\"https:\/\/innoticiasbo.com\/index.php\/2025\/05\/19\/el-tse-y-andronico-dicen-que-no-fueron-notificados-con-la-resolucion\/\"},\"wordCount\":197,\"commentCount\":0,\"publisher\":{\"@id\":\"https:\/\/innoticiasbo.com\/#organization\"},\"image\":{\"@id\":\"https:\/\/innoticiasbo.com\/index.php\/2025\/05\/19\/el-tse-y-andronico-dicen-que-no-fueron-notificados-con-la-resolucion\/#primaryimage\"},\"thumbnailUrl\":\"https:\/\/i0.wp.com\/innoticiasbo.com\/wp-content\/uploads\/2025\/05\/FB_IMG_1747674142740-1.jpg?fit=1042%2C777&ssl=1\",\"keywords\":[\"Andr\u00f3nico Rodr\u00edguez\",\"Elecciones Bolivia2025\",\"innoticias\",\"inscripci\u00f3n\",\"Mariana Prado\"],\"articleSection\":[\"Bolivia\",\"Pol\u00edtica\"],\"inLanguage\":\"es\",\"potentialAction\":[{\"@type\":\"CommentAction\",\"name\":\"Comment\",\"target\":[\"https:\/\/innoticiasbo.com\/index.php\/2025\/05\/19\/el-tse-y-andronico-dicen-que-no-fueron-notificados-con-la-resolucion\/#respond\"]}]},{\"@type\":\"WebPage\",\"@id\":\"https:\/\/innoticiasbo.com\/index.php\/2025\/05\/19\/el-tse-y-andronico-dicen-que-no-fueron-notificados-con-la-resolucion\/\",\"url\":\"https:\/\/innoticiasbo.com\/index.php\/2025\/05\/19\/el-tse-y-andronico-dicen-que-no-fueron-notificados-con-la-resolucion\/\",\"name\":\"EL TSE Y ANDR\u00d3NICO DICEN QUE NO FUERON NOTIFICADOS CON LA RESOLUCI\u00d3N - innoticiasbo.com\",\"isPartOf\":{\"@id\":\"https:\/\/innoticiasbo.com\/#website\"},\"primaryImageOfPage\":{\"@id\":\"https:\/\/innoticiasbo.com\/index.php\/2025\/05\/19\/el-tse-y-andronico-dicen-que-no-fueron-notificados-con-la-resolucion\/#primaryimage\"},\"image\":{\"@id\":\"https:\/\/innoticiasbo.com\/index.php\/2025\/05\/19\/el-tse-y-andronico-dicen-que-no-fueron-notificados-con-la-resolucion\/#primaryimage\"},\"thumbnailUrl\":\"https:\/\/i0.wp.com\/innoticiasbo.com\/wp-content\/uploads\/2025\/05\/FB_IMG_1747674142740-1.jpg?fit=1042%2C777&ssl=1\",\"datePublished\":\"2025-05-19T18:40:58+00:00\",\"dateModified\":\"2025-05-19T18:42:17+00:00\",\"breadcrumb\":{\"@id\":\"https:\/\/innoticiasbo.com\/index.php\/2025\/05\/19\/el-tse-y-andronico-dicen-que-no-fueron-notificados-con-la-resolucion\/#breadcrumb\"},\"inLanguage\":\"es\",\"potentialAction\":[{\"@type\":\"ReadAction\",\"target\":[\"https:\/\/innoticiasbo.com\/index.php\/2025\/05\/19\/el-tse-y-andronico-dicen-que-no-fueron-notificados-con-la-resolucion\/\"]}]},{\"@type\":\"ImageObject\",\"inLanguage\":\"es\",\"@id\":\"https:\/\/innoticiasbo.com\/index.php\/2025\/05\/19\/el-tse-y-andronico-dicen-que-no-fueron-notificados-con-la-resolucion\/#primaryimage\",\"url\":\"https:\/\/i0.wp.com\/innoticiasbo.com\/wp-content\/uploads\/2025\/05\/FB_IMG_1747674142740-1.jpg?fit=1042%2C777&ssl=1\",\"contentUrl\":\"https:\/\/i0.wp.com\/innoticiasbo.com\/wp-content\/uploads\/2025\/05\/FB_IMG_1747674142740-1.jpg?fit=1042%2C777&ssl=1\",\"width\":1042,\"height\":777},{\"@type\":\"BreadcrumbList\",\"@id\":\"https:\/\/innoticiasbo.com\/index.php\/2025\/05\/19\/el-tse-y-andronico-dicen-que-no-fueron-notificados-con-la-resolucion\/#breadcrumb\",\"itemListElement\":[{\"@type\":\"ListItem\",\"position\":1,\"name\":\"Portada\",\"item\":\"https:\/\/innoticiasbo.com\/\"},{\"@type\":\"ListItem\",\"position\":2,\"name\":\"EL TSE Y ANDR\u00d3NICO DICEN QUE NO FUERON NOTIFICADOS CON LA RESOLUCI\u00d3N\"}]},{\"@type\":\"WebSite\",\"@id\":\"https:\/\/innoticiasbo.com\/#website\",\"url\":\"https:\/\/innoticiasbo.com\/\",\"name\":\"innoticiasbo.com\",\"description\":\"\",\"publisher\":{\"@id\":\"https:\/\/innoticiasbo.com\/#organization\"},\"potentialAction\":[{\"@type\":\"SearchAction\",\"target\":{\"@type\":\"EntryPoint\",\"urlTemplate\":\"https:\/\/innoticiasbo.com\/?s={search_term_string}\"},\"query-input\":{\"@type\":\"PropertyValueSpecification\",\"valueRequired\":true,\"valueName\":\"search_term_string\"}}],\"inLanguage\":\"es\"},{\"@type\":\"Organization\",\"@id\":\"https:\/\/innoticiasbo.com\/#organization\",\"name\":\"innoticiasbo.com\",\"url\":\"https:\/\/innoticiasbo.com\/\",\"logo\":{\"@type\":\"ImageObject\",\"inLanguage\":\"es\",\"@id\":\"https:\/\/innoticiasbo.com\/#\/schema\/logo\/image\/\",\"url\":\"https:\/\/i0.wp.com\/innoticiasbo.com\/wp-content\/uploads\/2026\/04\/cropped-IN-LOGO.png?fit=1476%2C1476&ssl=1\",\"contentUrl\":\"https:\/\/i0.wp.com\/innoticiasbo.com\/wp-content\/uploads\/2026\/04\/cropped-IN-LOGO.png?fit=1476%2C1476&ssl=1\",\"width\":1476,\"height\":1476,\"caption\":\"innoticiasbo.com\"},\"image\":{\"@id\":\"https:\/\/innoticiasbo.com\/#\/schema\/logo\/image\/\"},\"sameAs\":[\"https:\/\/www.facebook.com\/innoticiasbolivia\",\"https:\/\/x.com\/innoticiasbo\",\"https:\/\/www.instagram.com\/innoticiasbo\",\"https:\/\/www.youtube.com\/innoticiasbo\"]},{\"@type\":\"Person\",\"@id\":\"https:\/\/innoticiasbo.com\/#\/schema\/person\/589cd527c4211df1b943bdad85ec07ce\",\"name\":\"Prensa\",\"image\":{\"@type\":\"ImageObject\",\"inLanguage\":\"es\",\"@id\":\"https:\/\/innoticiasbo.com\/#\/schema\/person\/image\/\",\"url\":\"https:\/\/secure.gravatar.com\/avatar\/d359bbdf112023c1c0a3ec7fe1600657?s=96&d=mm&r=g\",\"contentUrl\":\"https:\/\/secure.gravatar.com\/avatar\/d359bbdf112023c1c0a3ec7fe1600657?s=96&d=mm&r=g\",\"caption\":\"Prensa\"},\"sameAs\":[\"http:\/\/www.innoticiasbo.com\"],\"url\":\"https:\/\/innoticiasbo.com\/index.php\/author\/prensa\/\"}]}<\/script>\n<!-- \/ Yoast SEO plugin. -->","yoast_head_json":{"title":"EL TSE Y ANDR\u00d3NICO DICEN QUE NO FUERON NOTIFICADOS CON LA RESOLUCI\u00d3N - innoticiasbo.com","robots":{"index":"index","follow":"follow","max-snippet":"max-snippet:-1","max-image-preview":"max-image-preview:large","max-video-preview":"max-video-preview:-1"},"canonical":"https:\/\/innoticiasbo.com\/index.php\/2025\/05\/19\/el-tse-y-andronico-dicen-que-no-fueron-notificados-con-la-resolucion\/","og_locale":"es_ES","og_type":"article","og_title":"EL TSE Y ANDR\u00d3NICO DICEN QUE NO FUERON NOTIFICADOS CON LA RESOLUCI\u00d3N - innoticiasbo.com","og_description":"La Paz, 19 de mayo de 2025.- Mientras una multitud avanza se acerca a la sede del Tribunal Supremo Electoral, los delegados de la Alianza Popular est\u00e1n con la inscripci\u00f3n de sus candidatos a las elecciones generales del 17 de agosto. El secretario de C\u00e1mara del TSE, Luis Fernando Artegada, hizo conocer este lunes que...","og_url":"https:\/\/innoticiasbo.com\/index.php\/2025\/05\/19\/el-tse-y-andronico-dicen-que-no-fueron-notificados-con-la-resolucion\/","og_site_name":"innoticiasbo.com","article_publisher":"https:\/\/www.facebook.com\/innoticiasbolivia","article_published_time":"2025-05-19T18:40:58+00:00","article_modified_time":"2025-05-19T18:42:17+00:00","og_image":[{"width":1042,"height":777,"url":"https:\/\/i0.wp.com\/innoticiasbo.com\/wp-content\/uploads\/2025\/05\/FB_IMG_1747674142740-1.jpg?fit=1042%2C777&ssl=1","type":"image\/jpeg"}],"author":"Prensa","twitter_card":"summary_large_image","twitter_creator":"@innoticiasbo","twitter_site":"@innoticiasbo","twitter_misc":{"Escrito por":"Prensa","Tiempo de lectura":"1 minuto"},"schema":{"@context":"https:\/\/schema.org","@graph":[{"@type":"Article","@id":"https:\/\/innoticiasbo.com\/index.php\/2025\/05\/19\/el-tse-y-andronico-dicen-que-no-fueron-notificados-con-la-resolucion\/#article","isPartOf":{"@id":"https:\/\/innoticiasbo.com\/index.php\/2025\/05\/19\/el-tse-y-andronico-dicen-que-no-fueron-notificados-con-la-resolucion\/"},"author":{"name":"Prensa","@id":"https:\/\/innoticiasbo.com\/#\/schema\/person\/589cd527c4211df1b943bdad85ec07ce"},"headline":"EL TSE Y ANDR\u00d3NICO DICEN QUE NO FUERON NOTIFICADOS CON LA RESOLUCI\u00d3N","datePublished":"2025-05-19T18:40:58+00:00","dateModified":"2025-05-19T18:42:17+00:00","mainEntityOfPage":{"@id":"https:\/\/innoticiasbo.com\/index.php\/2025\/05\/19\/el-tse-y-andronico-dicen-que-no-fueron-notificados-con-la-resolucion\/"},"wordCount":197,"commentCount":0,"publisher":{"@id":"https:\/\/innoticiasbo.com\/#organization"},"image":{"@id":"https:\/\/innoticiasbo.com\/index.php\/2025\/05\/19\/el-tse-y-andronico-dicen-que-no-fueron-notificados-con-la-resolucion\/#primaryimage"},"thumbnailUrl":"https:\/\/i0.wp.com\/innoticiasbo.com\/wp-content\/uploads\/2025\/05\/FB_IMG_1747674142740-1.jpg?fit=1042%2C777&ssl=1","keywords":["Andr\u00f3nico Rodr\u00edguez","Elecciones Bolivia2025","innoticias","inscripci\u00f3n","Mariana Prado"],"articleSection":["Bolivia","Pol\u00edtica"],"inLanguage":"es","potentialAction":[{"@type":"CommentAction","name":"Comment","target":["https:\/\/innoticiasbo.com\/index.php\/2025\/05\/19\/el-tse-y-andronico-dicen-que-no-fueron-notificados-con-la-resolucion\/#respond"]}]},{"@type":"WebPage","@id":"https:\/\/innoticiasbo.com\/index.php\/2025\/05\/19\/el-tse-y-andronico-dicen-que-no-fueron-notificados-con-la-resolucion\/","url":"https:\/\/innoticiasbo.com\/index.php\/2025\/05\/19\/el-tse-y-andronico-dicen-que-no-fueron-notificados-con-la-resolucion\/","name":"EL TSE Y ANDR\u00d3NICO DICEN QUE NO FUERON NOTIFICADOS CON LA RESOLUCI\u00d3N - innoticiasbo.com","isPartOf":{"@id":"https:\/\/innoticiasbo.com\/#website"},"primaryImageOfPage":{"@id":"https:\/\/innoticiasbo.com\/index.php\/2025\/05\/19\/el-tse-y-andronico-dicen-que-no-fueron-notificados-con-la-resolucion\/#primaryimage"},"image":{"@id":"https:\/\/innoticiasbo.com\/index.php\/2025\/05\/19\/el-tse-y-andronico-dicen-que-no-fueron-notificados-con-la-resolucion\/#primaryimage"},"thumbnailUrl":"https:\/\/i0.wp.com\/innoticiasbo.com\/wp-content\/uploads\/2025\/05\/FB_IMG_1747674142740-1.jpg?fit=1042%2C777&ssl=1","datePublished":"2025-05-19T18:40:58+00:00","dateModified":"2025-05-19T18:42:17+00:00","breadcrumb":{"@id":"https:\/\/innoticiasbo.com\/index.php\/2025\/05\/19\/el-tse-y-andronico-dicen-que-no-fueron-notificados-con-la-resolucion\/#breadcrumb"},"inLanguage":"es","potentialAction":[{"@type":"ReadAction","target":["https:\/\/innoticiasbo.com\/index.php\/2025\/05\/19\/el-tse-y-andronico-dicen-que-no-fueron-notificados-con-la-resolucion\/"]}]},{"@type":"ImageObject","inLanguage":"es","@id":"https:\/\/innoticiasbo.com\/index.php\/2025\/05\/19\/el-tse-y-andronico-dicen-que-no-fueron-notificados-con-la-resolucion\/#primaryimage","url":"https:\/\/i0.wp.com\/innoticiasbo.com\/wp-content\/uploads\/2025\/05\/FB_IMG_1747674142740-1.jpg?fit=1042%2C777&ssl=1","contentUrl":"https:\/\/i0.wp.com\/innoticiasbo.com\/wp-content\/uploads\/2025\/05\/FB_IMG_1747674142740-1.jpg?fit=1042%2C777&ssl=1","width":1042,"height":777},{"@type":"BreadcrumbList","@id":"https:\/\/innoticiasbo.com\/index.php\/2025\/05\/19\/el-tse-y-andronico-dicen-que-no-fueron-notificados-con-la-resolucion\/#breadcrumb","itemListElement":[{"@type":"ListItem","position":1,"name":"Portada","item":"https:\/\/innoticiasbo.com\/"},{"@type":"ListItem","position":2,"name":"EL TSE Y ANDR\u00d3NICO DICEN QUE NO FUERON NOTIFICADOS CON LA RESOLUCI\u00d3N"}]},{"@type":"WebSite","@id":"https:\/\/innoticiasbo.com\/#website","url":"https:\/\/innoticiasbo.com\/","name":"innoticiasbo.com","description":"","publisher":{"@id":"https:\/\/innoticiasbo.com\/#organization"},"potentialAction":[{"@type":"SearchAction","target":{"@type":"EntryPoint","urlTemplate":"https:\/\/innoticiasbo.com\/?s={search_term_string}"},"query-input":{"@type":"PropertyValueSpecification","valueRequired":true,"valueName":"search_term_string"}}],"inLanguage":"es"},{"@type":"Organization","@id":"https:\/\/innoticiasbo.com\/#organization","name":"innoticiasbo.com","url":"https:\/\/innoticiasbo.com\/","logo":{"@type":"ImageObject","inLanguage":"es","@id":"https:\/\/innoticiasbo.com\/#\/schema\/logo\/image\/","url":"https:\/\/i0.wp.com\/innoticiasbo.com\/wp-content\/uploads\/2026\/04\/cropped-IN-LOGO.png?fit=1476%2C1476&ssl=1","contentUrl":"https:\/\/i0.wp.com\/innoticiasbo.com\/wp-content\/uploads\/2026\/04\/cropped-IN-LOGO.png?fit=1476%2C1476&ssl=1","width":1476,"height":1476,"caption":"innoticiasbo.com"},"image":{"@id":"https:\/\/innoticiasbo.com\/#\/schema\/logo\/image\/"},"sameAs":["https:\/\/www.facebook.com\/innoticiasbolivia","https:\/\/x.com\/innoticiasbo","https:\/\/www.instagram.com\/innoticiasbo","https:\/\/www.youtube.com\/innoticiasbo"]},{"@type":"Person","@id":"https:\/\/innoticiasbo.com\/#\/schema\/person\/589cd527c4211df1b943bdad85ec07ce","name":"Prensa","image":{"@type":"ImageObject","inLanguage":"es","@id":"https:\/\/innoticiasbo.com\/#\/schema\/person\/image\/","url":"https:\/\/secure.gravatar.com\/avatar\/d359bbdf112023c1c0a3ec7fe1600657?s=96&d=mm&r=g","contentUrl":"https:\/\/secure.gravatar.com\/avatar\/d359bbdf112023c1c0a3ec7fe1600657?s=96&d=mm&r=g","caption":"Prensa"},"sameAs":["http:\/\/www.innoticiasbo.com"],"url":"https:\/\/innoticiasbo.com\/index.php\/author\/prensa\/"}]}},"jetpack_featured_media_url":"https:\/\/i0.wp.com\/innoticiasbo.com\/wp-content\/uploads\/2025\/05\/FB_IMG_1747674142740-1.jpg?fit=1042%2C777&ssl=1","jetpack_likes_enabled":true,"jetpack_sharing_enabled":true,"jetpack_shortlink":"https:\/\/wp.me\/pg298x-1wb","_links":{"self":[{"href":"https:\/\/innoticiasbo.com\/index.php\/wp-json\/wp\/v2\/posts\/5839","targetHints":{"allow":["GET"]}}],"collection":[{"href":"https:\/\/innoticiasbo.com\/index.php\/wp-json\/wp\/v2\/posts"}],"about":[{"href":"https:\/\/innoticiasbo.com\/index.php\/wp-json\/wp\/v2\/types\/post"}],"author":[{"embeddable":true,"href":"https:\/\/innoticiasbo.com\/index.php\/wp-json\/wp\/v2\/users\/2"}],"replies":[{"embeddable":true,"href":"https:\/\/innoticiasbo.com\/index.php\/wp-json\/wp\/v2\/comments?post=5839"}],"version-history":[{"count":1,"href":"https:\/\/innoticiasbo.com\/index.php\/wp-json\/wp\/v2\/posts\/5839\/revisions"}],"predecessor-version":[{"id":5840,"href":"https:\/\/innoticiasbo.com\/index.php\/wp-json\/wp\/v2\/posts\/5839\/revisions\/5840"}],"wp:featuredmedia":[{"embeddable":true,"href":"https:\/\/innoticiasbo.com\/index.php\/wp-json\/wp\/v2\/media\/5838"}],"wp:attachment":[{"href":"https:\/\/innoticiasbo.com\/index.php\/wp-json\/wp\/v2\/media?parent=5839"}],"wp:term":[{"taxonomy":"category","embeddable":true,"href":"https:\/\/innoticiasbo.com\/index.php\/wp-json\/wp\/v2\/categories?post=5839"},{"taxonomy":"post_tag","embeddable":true,"href":"https:\/\/innoticiasbo.com\/index.php\/wp-json\/wp\/v2\/tags?post=5839"}],"curies":[{"name":"wp","href":"https:\/\/api.w.org\/{rel}","templated":true}]}}