{"id":5833,"date":"2025-05-19T14:38:17","date_gmt":"2025-05-19T18:38:17","guid":{"rendered":"https:\/\/innoticiasbo.com\/?p=5833"},"modified":"2025-05-19T14:38:16","modified_gmt":"2025-05-19T18:38:16","slug":"andronico-se-quedo-sin-sigla-sala-constitucional-de-beni-ordeno-al-tse-no-inscribir-a-candidatos-del-mts","status":"publish","type":"post","link":"https:\/\/innoticiasbo.com\/index.php\/2025\/05\/19\/andronico-se-quedo-sin-sigla-sala-constitucional-de-beni-ordeno-al-tse-no-inscribir-a-candidatos-del-mts\/","title":{"rendered":"\u00bfANDR\u00d3NICO SE QUED\u00d3 SIN SIGLA? SALA CONSTITUCIONAL DE BENI ORDEN\u00d3 AL TSE NO INSCRIBIR A CANDIDATOS DEL MTS"},"content":{"rendered":"\n<p>Beni, 19 de mayo de 2025.- La Sala Constitucional Primera del Tribunal Departamental de Justicia de Beni dispuso este lunes la suspensi\u00f3n inmediata de la inscripci\u00f3n de candidaturas del Movimiento Tercer Sistema (MTS), en el marco de una acci\u00f3n de cumplimiento interpuesta por el activista cruce\u00f1o Peter Erwlein Beckhauser. La medida se mantendr\u00e1 vigente hasta que se lleve a cabo una audiencia p\u00fablica fijada para el mi\u00e9rcoles 21 de mayo a las 08:30 horas.<\/p>\n\n\n\n<figure class=\"wp-block-image size-large\"><img data-recalc-dims=\"1\" loading=\"lazy\" decoding=\"async\" width=\"640\" height=\"427\" src=\"https:\/\/i0.wp.com\/innoticiasbo.com\/wp-content\/uploads\/2025\/05\/fb_img_17476741397483673307001885495393.jpg?resize=640%2C427&#038;ssl=1\" alt=\"\" class=\"wp-image-5829\" srcset=\"https:\/\/i0.wp.com\/innoticiasbo.com\/wp-content\/uploads\/2025\/05\/fb_img_17476741397483673307001885495393.jpg?resize=1024%2C683&amp;ssl=1 1024w, https:\/\/i0.wp.com\/innoticiasbo.com\/wp-content\/uploads\/2025\/05\/fb_img_17476741397483673307001885495393.jpg?resize=300%2C200&amp;ssl=1 300w, https:\/\/i0.wp.com\/innoticiasbo.com\/wp-content\/uploads\/2025\/05\/fb_img_17476741397483673307001885495393.jpg?resize=768%2C512&amp;ssl=1 768w, https:\/\/i0.wp.com\/innoticiasbo.com\/wp-content\/uploads\/2025\/05\/fb_img_17476741397483673307001885495393.jpg?resize=600%2C400&amp;ssl=1 600w, https:\/\/i0.wp.com\/innoticiasbo.com\/wp-content\/uploads\/2025\/05\/fb_img_17476741397483673307001885495393.jpg?w=1080&amp;ssl=1 1080w\" sizes=\"auto, (max-width: 640px) 100vw, 640px\" \/><\/figure>\n\n\n\n<p>La resoluci\u00f3n judicial responde a una denuncia en la que se se\u00f1ala que el partido liderado por F\u00e9lix Patzi no habr\u00eda cumplido con la renovaci\u00f3n de su directiva, pese a que el Tribunal Supremo Electoral (TSE) le habr\u00eda instruido hacerlo. \u201cConsiderando que al haberse cumplido con los requisitos previos y establecidos en el art\u00edculo 33 de la Ley 254 (\u2026) se admite la presente acci\u00f3n de cumplimiento\u201d, se\u00f1ala parte del documento judicial.<\/p>\n\n\n\n<figure class=\"wp-block-image size-large\"><img data-recalc-dims=\"1\" loading=\"lazy\" decoding=\"async\" width=\"640\" height=\"988\" src=\"https:\/\/i0.wp.com\/innoticiasbo.com\/wp-content\/uploads\/2025\/05\/fb_img_1747678596416341456982507533842.jpg?resize=640%2C988&#038;ssl=1\" alt=\"\" class=\"wp-image-5830\" srcset=\"https:\/\/i0.wp.com\/innoticiasbo.com\/wp-content\/uploads\/2025\/05\/fb_img_1747678596416341456982507533842.jpg?resize=663%2C1024&amp;ssl=1 663w, https:\/\/i0.wp.com\/innoticiasbo.com\/wp-content\/uploads\/2025\/05\/fb_img_1747678596416341456982507533842.jpg?resize=194%2C300&amp;ssl=1 194w, https:\/\/i0.wp.com\/innoticiasbo.com\/wp-content\/uploads\/2025\/05\/fb_img_1747678596416341456982507533842.jpg?resize=768%2C1187&amp;ssl=1 768w, https:\/\/i0.wp.com\/innoticiasbo.com\/wp-content\/uploads\/2025\/05\/fb_img_1747678596416341456982507533842.jpg?w=932&amp;ssl=1 932w\" sizes=\"auto, (max-width: 640px) 100vw, 640px\" \/><\/figure>\n\n\n\n<figure class=\"wp-block-image\"><img data-recalc-dims=\"1\" loading=\"lazy\" decoding=\"async\" width=\"640\" height=\"893\" src=\"https:\/\/i0.wp.com\/innoticiasbo.com\/wp-content\/uploads\/2025\/05\/fb_img_17476785984877069624170364940314.jpg?resize=640%2C893&#038;ssl=1\" alt=\"\" class=\"wp-image-5831\" srcset=\"https:\/\/i0.wp.com\/innoticiasbo.com\/wp-content\/uploads\/2025\/05\/fb_img_17476785984877069624170364940314.jpg?resize=734%2C1024&amp;ssl=1 734w, https:\/\/i0.wp.com\/innoticiasbo.com\/wp-content\/uploads\/2025\/05\/fb_img_17476785984877069624170364940314.jpg?resize=215%2C300&amp;ssl=1 215w, https:\/\/i0.wp.com\/innoticiasbo.com\/wp-content\/uploads\/2025\/05\/fb_img_17476785984877069624170364940314.jpg?resize=768%2C1072&amp;ssl=1 768w, https:\/\/i0.wp.com\/innoticiasbo.com\/wp-content\/uploads\/2025\/05\/fb_img_17476785984877069624170364940314.jpg?w=1032&amp;ssl=1 1032w\" sizes=\"auto, (max-width: 640px) 100vw, 640px\" \/><\/figure>\n\n\n\n<p>EL DENUNCIANTE ES CANDIDATO DE SAMUEL<\/p>\n\n\n\n<p>El recurso fue presentado inicialmente ante el TSE y posteriormente ante el Tribunal de Justicia del Beni por Beckhauser, quien actualmente figura como candidato a diputado plurinominal por la alianza Unidad, encabezada por Samuel Doria Medina. El accionante solicit\u00f3 que se ordene la suspensi\u00f3n del MTS en las elecciones previstas para el 17 de agosto de 2025, citando el incumplimiento de cinco resoluciones emitidas por el \u00f3rgano electoral.<\/p>\n\n\n\n<p>Como parte de la medida cautelar, el tribunal beniano orden\u00f3 al TSE \u201cla suspensi\u00f3n de la participaci\u00f3n del partido pol\u00edtico Movimiento Tercer Sistema en los comicios electorales (\u2026) debiendo suspenderse la inscripci\u00f3n de candidaturas del MTS\u201d, decisi\u00f3n que debe aplicarse de manera inmediata.<\/p>\n\n\n\n<p>El proceso judicial contin\u00faa en curso y ser\u00e1 en la audiencia del 21 de mayo cuando se defina el futuro de la participaci\u00f3n electoral del MTS en los pr\u00f3ximos comicios.<\/p>\n\n\n\n<p>Fuente: Correo del Sur<\/p>\n\n\n\n<h1 class=\"wp-block-heading\"><\/h1>\n","protected":false},"excerpt":{"rendered":"<p>Beni, 19 de mayo de 2025.- La Sala Constitucional Primera del Tribunal Departamental de Justicia de Beni dispuso este lunes la suspensi\u00f3n inmediata de la inscripci\u00f3n de candidaturas del Movimiento Tercer Sistema (MTS), en el marco de una acci\u00f3n de cumplimiento interpuesta por el activista cruce\u00f1o Peter Erwlein Beckhauser. La medida se mantendr\u00e1 vigente hasta&#8230;<\/p>\n","protected":false},"author":2,"featured_media":5832,"comment_status":"open","ping_status":"open","sticky":false,"template":"","format":"standard","meta":{"_jetpack_memberships_contains_paid_content":false,"footnotes":"","jetpack_publicize_message":"","jetpack_publicize_feature_enabled":true,"jetpack_social_post_already_shared":true,"jetpack_social_options":{"image_generator_settings":{"template":"highway","enabled":false},"version":2}},"categories":[1,3],"tags":[64,22,431,441,443,440,442,139],"class_list":["post-5833","post","type-post","status-publish","format-standard","has-post-thumbnail","hentry","category-bolivia","category-politica","tag-andronico-rodriguez","tag-innoticias","tag-mariana-prado","tag-mts","tag-sala-constitucional","tag-sigla","tag-suspension","tag-tse"],"jetpack_publicize_connections":[],"yoast_head":"<!-- This site is optimized with the Yoast SEO plugin v23.4 - https:\/\/yoast.com\/wordpress\/plugins\/seo\/ -->\n<title>\u00bfANDR\u00d3NICO SE QUED\u00d3 SIN SIGLA? SALA CONSTITUCIONAL DE BENI ORDEN\u00d3 AL TSE NO INSCRIBIR A CANDIDATOS DEL MTS - innoticiasbo.com<\/title>\n<meta name=\"robots\" content=\"index, follow, max-snippet:-1, max-image-preview:large, max-video-preview:-1\" \/>\n<link rel=\"canonical\" href=\"https:\/\/innoticiasbo.com\/index.php\/2025\/05\/19\/andronico-se-quedo-sin-sigla-sala-constitucional-de-beni-ordeno-al-tse-no-inscribir-a-candidatos-del-mts\/\" \/>\n<meta property=\"og:locale\" content=\"es_ES\" \/>\n<meta property=\"og:type\" content=\"article\" \/>\n<meta property=\"og:title\" content=\"\u00bfANDR\u00d3NICO SE QUED\u00d3 SIN SIGLA? SALA CONSTITUCIONAL DE BENI ORDEN\u00d3 AL TSE NO INSCRIBIR A CANDIDATOS DEL MTS - innoticiasbo.com\" \/>\n<meta property=\"og:description\" content=\"Beni, 19 de mayo de 2025.- La Sala Constitucional Primera del Tribunal Departamental de Justicia de Beni dispuso este lunes la suspensi\u00f3n inmediata de la inscripci\u00f3n de candidaturas del Movimiento Tercer Sistema (MTS), en el marco de una acci\u00f3n de cumplimiento interpuesta por el activista cruce\u00f1o Peter Erwlein Beckhauser. La medida se mantendr\u00e1 vigente hasta...\" \/>\n<meta property=\"og:url\" content=\"https:\/\/innoticiasbo.com\/index.php\/2025\/05\/19\/andronico-se-quedo-sin-sigla-sala-constitucional-de-beni-ordeno-al-tse-no-inscribir-a-candidatos-del-mts\/\" \/>\n<meta property=\"og:site_name\" content=\"innoticiasbo.com\" \/>\n<meta property=\"article:publisher\" content=\"https:\/\/www.facebook.com\/innoticiasbolivia\" \/>\n<meta property=\"article:published_time\" content=\"2025-05-19T18:38:17+00:00\" \/>\n<meta property=\"article:modified_time\" content=\"2025-05-19T18:38:16+00:00\" \/>\n<meta property=\"og:image\" content=\"https:\/\/i0.wp.com\/innoticiasbo.com\/wp-content\/uploads\/2025\/05\/2025051914023258777.jpg?fit=992%2C558&ssl=1\" \/>\n\t<meta property=\"og:image:width\" content=\"992\" \/>\n\t<meta property=\"og:image:height\" content=\"558\" \/>\n\t<meta property=\"og:image:type\" content=\"image\/jpeg\" \/>\n<meta name=\"author\" content=\"Prensa\" \/>\n<meta name=\"twitter:card\" content=\"summary_large_image\" \/>\n<meta name=\"twitter:creator\" content=\"@innoticiasbo\" \/>\n<meta name=\"twitter:site\" content=\"@innoticiasbo\" \/>\n<meta name=\"twitter:label1\" content=\"Escrito por\" \/>\n\t<meta name=\"twitter:data1\" content=\"Prensa\" \/>\n\t<meta name=\"twitter:label2\" content=\"Tiempo de lectura\" \/>\n\t<meta name=\"twitter:data2\" content=\"2 minutos\" \/>\n<script type=\"application\/ld+json\" class=\"yoast-schema-graph\">{\"@context\":\"https:\/\/schema.org\",\"@graph\":[{\"@type\":\"Article\",\"@id\":\"https:\/\/innoticiasbo.com\/index.php\/2025\/05\/19\/andronico-se-quedo-sin-sigla-sala-constitucional-de-beni-ordeno-al-tse-no-inscribir-a-candidatos-del-mts\/#article\",\"isPartOf\":{\"@id\":\"https:\/\/innoticiasbo.com\/index.php\/2025\/05\/19\/andronico-se-quedo-sin-sigla-sala-constitucional-de-beni-ordeno-al-tse-no-inscribir-a-candidatos-del-mts\/\"},\"author\":{\"name\":\"Prensa\",\"@id\":\"https:\/\/innoticiasbo.com\/#\/schema\/person\/589cd527c4211df1b943bdad85ec07ce\"},\"headline\":\"\u00bfANDR\u00d3NICO SE QUED\u00d3 SIN SIGLA? SALA CONSTITUCIONAL DE BENI ORDEN\u00d3 AL TSE NO INSCRIBIR A CANDIDATOS DEL MTS\",\"datePublished\":\"2025-05-19T18:38:17+00:00\",\"dateModified\":\"2025-05-19T18:38:16+00:00\",\"mainEntityOfPage\":{\"@id\":\"https:\/\/innoticiasbo.com\/index.php\/2025\/05\/19\/andronico-se-quedo-sin-sigla-sala-constitucional-de-beni-ordeno-al-tse-no-inscribir-a-candidatos-del-mts\/\"},\"wordCount\":330,\"commentCount\":0,\"publisher\":{\"@id\":\"https:\/\/innoticiasbo.com\/#organization\"},\"image\":{\"@id\":\"https:\/\/innoticiasbo.com\/index.php\/2025\/05\/19\/andronico-se-quedo-sin-sigla-sala-constitucional-de-beni-ordeno-al-tse-no-inscribir-a-candidatos-del-mts\/#primaryimage\"},\"thumbnailUrl\":\"https:\/\/i0.wp.com\/innoticiasbo.com\/wp-content\/uploads\/2025\/05\/2025051914023258777.jpg?fit=992%2C558&ssl=1\",\"keywords\":[\"Andr\u00f3nico Rodr\u00edguez\",\"innoticias\",\"Mariana Prado\",\"MTS\",\"sala Constitucional\",\"sigla\",\"SUSPENSI\u00d3N\",\"TSE\"],\"articleSection\":[\"Bolivia\",\"Pol\u00edtica\"],\"inLanguage\":\"es\",\"potentialAction\":[{\"@type\":\"CommentAction\",\"name\":\"Comment\",\"target\":[\"https:\/\/innoticiasbo.com\/index.php\/2025\/05\/19\/andronico-se-quedo-sin-sigla-sala-constitucional-de-beni-ordeno-al-tse-no-inscribir-a-candidatos-del-mts\/#respond\"]}]},{\"@type\":\"WebPage\",\"@id\":\"https:\/\/innoticiasbo.com\/index.php\/2025\/05\/19\/andronico-se-quedo-sin-sigla-sala-constitucional-de-beni-ordeno-al-tse-no-inscribir-a-candidatos-del-mts\/\",\"url\":\"https:\/\/innoticiasbo.com\/index.php\/2025\/05\/19\/andronico-se-quedo-sin-sigla-sala-constitucional-de-beni-ordeno-al-tse-no-inscribir-a-candidatos-del-mts\/\",\"name\":\"\u00bfANDR\u00d3NICO SE QUED\u00d3 SIN SIGLA? SALA CONSTITUCIONAL DE BENI ORDEN\u00d3 AL TSE NO INSCRIBIR A CANDIDATOS DEL MTS - innoticiasbo.com\",\"isPartOf\":{\"@id\":\"https:\/\/innoticiasbo.com\/#website\"},\"primaryImageOfPage\":{\"@id\":\"https:\/\/innoticiasbo.com\/index.php\/2025\/05\/19\/andronico-se-quedo-sin-sigla-sala-constitucional-de-beni-ordeno-al-tse-no-inscribir-a-candidatos-del-mts\/#primaryimage\"},\"image\":{\"@id\":\"https:\/\/innoticiasbo.com\/index.php\/2025\/05\/19\/andronico-se-quedo-sin-sigla-sala-constitucional-de-beni-ordeno-al-tse-no-inscribir-a-candidatos-del-mts\/#primaryimage\"},\"thumbnailUrl\":\"https:\/\/i0.wp.com\/innoticiasbo.com\/wp-content\/uploads\/2025\/05\/2025051914023258777.jpg?fit=992%2C558&ssl=1\",\"datePublished\":\"2025-05-19T18:38:17+00:00\",\"dateModified\":\"2025-05-19T18:38:16+00:00\",\"breadcrumb\":{\"@id\":\"https:\/\/innoticiasbo.com\/index.php\/2025\/05\/19\/andronico-se-quedo-sin-sigla-sala-constitucional-de-beni-ordeno-al-tse-no-inscribir-a-candidatos-del-mts\/#breadcrumb\"},\"inLanguage\":\"es\",\"potentialAction\":[{\"@type\":\"ReadAction\",\"target\":[\"https:\/\/innoticiasbo.com\/index.php\/2025\/05\/19\/andronico-se-quedo-sin-sigla-sala-constitucional-de-beni-ordeno-al-tse-no-inscribir-a-candidatos-del-mts\/\"]}]},{\"@type\":\"ImageObject\",\"inLanguage\":\"es\",\"@id\":\"https:\/\/innoticiasbo.com\/index.php\/2025\/05\/19\/andronico-se-quedo-sin-sigla-sala-constitucional-de-beni-ordeno-al-tse-no-inscribir-a-candidatos-del-mts\/#primaryimage\",\"url\":\"https:\/\/i0.wp.com\/innoticiasbo.com\/wp-content\/uploads\/2025\/05\/2025051914023258777.jpg?fit=992%2C558&ssl=1\",\"contentUrl\":\"https:\/\/i0.wp.com\/innoticiasbo.com\/wp-content\/uploads\/2025\/05\/2025051914023258777.jpg?fit=992%2C558&ssl=1\",\"width\":992,\"height\":558},{\"@type\":\"BreadcrumbList\",\"@id\":\"https:\/\/innoticiasbo.com\/index.php\/2025\/05\/19\/andronico-se-quedo-sin-sigla-sala-constitucional-de-beni-ordeno-al-tse-no-inscribir-a-candidatos-del-mts\/#breadcrumb\",\"itemListElement\":[{\"@type\":\"ListItem\",\"position\":1,\"name\":\"Portada\",\"item\":\"https:\/\/innoticiasbo.com\/\"},{\"@type\":\"ListItem\",\"position\":2,\"name\":\"\u00bfANDR\u00d3NICO SE QUED\u00d3 SIN SIGLA? SALA CONSTITUCIONAL DE BENI ORDEN\u00d3 AL TSE NO INSCRIBIR A CANDIDATOS DEL MTS\"}]},{\"@type\":\"WebSite\",\"@id\":\"https:\/\/innoticiasbo.com\/#website\",\"url\":\"https:\/\/innoticiasbo.com\/\",\"name\":\"innoticiasbo.com\",\"description\":\"\",\"publisher\":{\"@id\":\"https:\/\/innoticiasbo.com\/#organization\"},\"potentialAction\":[{\"@type\":\"SearchAction\",\"target\":{\"@type\":\"EntryPoint\",\"urlTemplate\":\"https:\/\/innoticiasbo.com\/?s={search_term_string}\"},\"query-input\":{\"@type\":\"PropertyValueSpecification\",\"valueRequired\":true,\"valueName\":\"search_term_string\"}}],\"inLanguage\":\"es\"},{\"@type\":\"Organization\",\"@id\":\"https:\/\/innoticiasbo.com\/#organization\",\"name\":\"innoticiasbo.com\",\"url\":\"https:\/\/innoticiasbo.com\/\",\"logo\":{\"@type\":\"ImageObject\",\"inLanguage\":\"es\",\"@id\":\"https:\/\/innoticiasbo.com\/#\/schema\/logo\/image\/\",\"url\":\"https:\/\/i0.wp.com\/innoticiasbo.com\/wp-content\/uploads\/2026\/04\/cropped-IN-LOGO.png?fit=1476%2C1476&ssl=1\",\"contentUrl\":\"https:\/\/i0.wp.com\/innoticiasbo.com\/wp-content\/uploads\/2026\/04\/cropped-IN-LOGO.png?fit=1476%2C1476&ssl=1\",\"width\":1476,\"height\":1476,\"caption\":\"innoticiasbo.com\"},\"image\":{\"@id\":\"https:\/\/innoticiasbo.com\/#\/schema\/logo\/image\/\"},\"sameAs\":[\"https:\/\/www.facebook.com\/innoticiasbolivia\",\"https:\/\/x.com\/innoticiasbo\",\"https:\/\/www.instagram.com\/innoticiasbo\",\"https:\/\/www.youtube.com\/innoticiasbo\"]},{\"@type\":\"Person\",\"@id\":\"https:\/\/innoticiasbo.com\/#\/schema\/person\/589cd527c4211df1b943bdad85ec07ce\",\"name\":\"Prensa\",\"image\":{\"@type\":\"ImageObject\",\"inLanguage\":\"es\",\"@id\":\"https:\/\/innoticiasbo.com\/#\/schema\/person\/image\/\",\"url\":\"https:\/\/secure.gravatar.com\/avatar\/d359bbdf112023c1c0a3ec7fe1600657?s=96&d=mm&r=g\",\"contentUrl\":\"https:\/\/secure.gravatar.com\/avatar\/d359bbdf112023c1c0a3ec7fe1600657?s=96&d=mm&r=g\",\"caption\":\"Prensa\"},\"sameAs\":[\"http:\/\/www.innoticiasbo.com\"],\"url\":\"https:\/\/innoticiasbo.com\/index.php\/author\/prensa\/\"}]}<\/script>\n<!-- \/ Yoast SEO plugin. -->","yoast_head_json":{"title":"\u00bfANDR\u00d3NICO SE QUED\u00d3 SIN SIGLA? SALA CONSTITUCIONAL DE BENI ORDEN\u00d3 AL TSE NO INSCRIBIR A CANDIDATOS DEL MTS - innoticiasbo.com","robots":{"index":"index","follow":"follow","max-snippet":"max-snippet:-1","max-image-preview":"max-image-preview:large","max-video-preview":"max-video-preview:-1"},"canonical":"https:\/\/innoticiasbo.com\/index.php\/2025\/05\/19\/andronico-se-quedo-sin-sigla-sala-constitucional-de-beni-ordeno-al-tse-no-inscribir-a-candidatos-del-mts\/","og_locale":"es_ES","og_type":"article","og_title":"\u00bfANDR\u00d3NICO SE QUED\u00d3 SIN SIGLA? SALA CONSTITUCIONAL DE BENI ORDEN\u00d3 AL TSE NO INSCRIBIR A CANDIDATOS DEL MTS - innoticiasbo.com","og_description":"Beni, 19 de mayo de 2025.- La Sala Constitucional Primera del Tribunal Departamental de Justicia de Beni dispuso este lunes la suspensi\u00f3n inmediata de la inscripci\u00f3n de candidaturas del Movimiento Tercer Sistema (MTS), en el marco de una acci\u00f3n de cumplimiento interpuesta por el activista cruce\u00f1o Peter Erwlein Beckhauser. La medida se mantendr\u00e1 vigente hasta...","og_url":"https:\/\/innoticiasbo.com\/index.php\/2025\/05\/19\/andronico-se-quedo-sin-sigla-sala-constitucional-de-beni-ordeno-al-tse-no-inscribir-a-candidatos-del-mts\/","og_site_name":"innoticiasbo.com","article_publisher":"https:\/\/www.facebook.com\/innoticiasbolivia","article_published_time":"2025-05-19T18:38:17+00:00","article_modified_time":"2025-05-19T18:38:16+00:00","og_image":[{"width":992,"height":558,"url":"https:\/\/i0.wp.com\/innoticiasbo.com\/wp-content\/uploads\/2025\/05\/2025051914023258777.jpg?fit=992%2C558&ssl=1","type":"image\/jpeg"}],"author":"Prensa","twitter_card":"summary_large_image","twitter_creator":"@innoticiasbo","twitter_site":"@innoticiasbo","twitter_misc":{"Escrito por":"Prensa","Tiempo de lectura":"2 minutos"},"schema":{"@context":"https:\/\/schema.org","@graph":[{"@type":"Article","@id":"https:\/\/innoticiasbo.com\/index.php\/2025\/05\/19\/andronico-se-quedo-sin-sigla-sala-constitucional-de-beni-ordeno-al-tse-no-inscribir-a-candidatos-del-mts\/#article","isPartOf":{"@id":"https:\/\/innoticiasbo.com\/index.php\/2025\/05\/19\/andronico-se-quedo-sin-sigla-sala-constitucional-de-beni-ordeno-al-tse-no-inscribir-a-candidatos-del-mts\/"},"author":{"name":"Prensa","@id":"https:\/\/innoticiasbo.com\/#\/schema\/person\/589cd527c4211df1b943bdad85ec07ce"},"headline":"\u00bfANDR\u00d3NICO SE QUED\u00d3 SIN SIGLA? SALA CONSTITUCIONAL DE BENI ORDEN\u00d3 AL TSE NO INSCRIBIR A CANDIDATOS DEL MTS","datePublished":"2025-05-19T18:38:17+00:00","dateModified":"2025-05-19T18:38:16+00:00","mainEntityOfPage":{"@id":"https:\/\/innoticiasbo.com\/index.php\/2025\/05\/19\/andronico-se-quedo-sin-sigla-sala-constitucional-de-beni-ordeno-al-tse-no-inscribir-a-candidatos-del-mts\/"},"wordCount":330,"commentCount":0,"publisher":{"@id":"https:\/\/innoticiasbo.com\/#organization"},"image":{"@id":"https:\/\/innoticiasbo.com\/index.php\/2025\/05\/19\/andronico-se-quedo-sin-sigla-sala-constitucional-de-beni-ordeno-al-tse-no-inscribir-a-candidatos-del-mts\/#primaryimage"},"thumbnailUrl":"https:\/\/i0.wp.com\/innoticiasbo.com\/wp-content\/uploads\/2025\/05\/2025051914023258777.jpg?fit=992%2C558&ssl=1","keywords":["Andr\u00f3nico Rodr\u00edguez","innoticias","Mariana Prado","MTS","sala Constitucional","sigla","SUSPENSI\u00d3N","TSE"],"articleSection":["Bolivia","Pol\u00edtica"],"inLanguage":"es","potentialAction":[{"@type":"CommentAction","name":"Comment","target":["https:\/\/innoticiasbo.com\/index.php\/2025\/05\/19\/andronico-se-quedo-sin-sigla-sala-constitucional-de-beni-ordeno-al-tse-no-inscribir-a-candidatos-del-mts\/#respond"]}]},{"@type":"WebPage","@id":"https:\/\/innoticiasbo.com\/index.php\/2025\/05\/19\/andronico-se-quedo-sin-sigla-sala-constitucional-de-beni-ordeno-al-tse-no-inscribir-a-candidatos-del-mts\/","url":"https:\/\/innoticiasbo.com\/index.php\/2025\/05\/19\/andronico-se-quedo-sin-sigla-sala-constitucional-de-beni-ordeno-al-tse-no-inscribir-a-candidatos-del-mts\/","name":"\u00bfANDR\u00d3NICO SE QUED\u00d3 SIN SIGLA? SALA CONSTITUCIONAL DE BENI ORDEN\u00d3 AL TSE NO INSCRIBIR A CANDIDATOS DEL MTS - innoticiasbo.com","isPartOf":{"@id":"https:\/\/innoticiasbo.com\/#website"},"primaryImageOfPage":{"@id":"https:\/\/innoticiasbo.com\/index.php\/2025\/05\/19\/andronico-se-quedo-sin-sigla-sala-constitucional-de-beni-ordeno-al-tse-no-inscribir-a-candidatos-del-mts\/#primaryimage"},"image":{"@id":"https:\/\/innoticiasbo.com\/index.php\/2025\/05\/19\/andronico-se-quedo-sin-sigla-sala-constitucional-de-beni-ordeno-al-tse-no-inscribir-a-candidatos-del-mts\/#primaryimage"},"thumbnailUrl":"https:\/\/i0.wp.com\/innoticiasbo.com\/wp-content\/uploads\/2025\/05\/2025051914023258777.jpg?fit=992%2C558&ssl=1","datePublished":"2025-05-19T18:38:17+00:00","dateModified":"2025-05-19T18:38:16+00:00","breadcrumb":{"@id":"https:\/\/innoticiasbo.com\/index.php\/2025\/05\/19\/andronico-se-quedo-sin-sigla-sala-constitucional-de-beni-ordeno-al-tse-no-inscribir-a-candidatos-del-mts\/#breadcrumb"},"inLanguage":"es","potentialAction":[{"@type":"ReadAction","target":["https:\/\/innoticiasbo.com\/index.php\/2025\/05\/19\/andronico-se-quedo-sin-sigla-sala-constitucional-de-beni-ordeno-al-tse-no-inscribir-a-candidatos-del-mts\/"]}]},{"@type":"ImageObject","inLanguage":"es","@id":"https:\/\/innoticiasbo.com\/index.php\/2025\/05\/19\/andronico-se-quedo-sin-sigla-sala-constitucional-de-beni-ordeno-al-tse-no-inscribir-a-candidatos-del-mts\/#primaryimage","url":"https:\/\/i0.wp.com\/innoticiasbo.com\/wp-content\/uploads\/2025\/05\/2025051914023258777.jpg?fit=992%2C558&ssl=1","contentUrl":"https:\/\/i0.wp.com\/innoticiasbo.com\/wp-content\/uploads\/2025\/05\/2025051914023258777.jpg?fit=992%2C558&ssl=1","width":992,"height":558},{"@type":"BreadcrumbList","@id":"https:\/\/innoticiasbo.com\/index.php\/2025\/05\/19\/andronico-se-quedo-sin-sigla-sala-constitucional-de-beni-ordeno-al-tse-no-inscribir-a-candidatos-del-mts\/#breadcrumb","itemListElement":[{"@type":"ListItem","position":1,"name":"Portada","item":"https:\/\/innoticiasbo.com\/"},{"@type":"ListItem","position":2,"name":"\u00bfANDR\u00d3NICO SE QUED\u00d3 SIN SIGLA? SALA CONSTITUCIONAL DE BENI ORDEN\u00d3 AL TSE NO INSCRIBIR A CANDIDATOS DEL MTS"}]},{"@type":"WebSite","@id":"https:\/\/innoticiasbo.com\/#website","url":"https:\/\/innoticiasbo.com\/","name":"innoticiasbo.com","description":"","publisher":{"@id":"https:\/\/innoticiasbo.com\/#organization"},"potentialAction":[{"@type":"SearchAction","target":{"@type":"EntryPoint","urlTemplate":"https:\/\/innoticiasbo.com\/?s={search_term_string}"},"query-input":{"@type":"PropertyValueSpecification","valueRequired":true,"valueName":"search_term_string"}}],"inLanguage":"es"},{"@type":"Organization","@id":"https:\/\/innoticiasbo.com\/#organization","name":"innoticiasbo.com","url":"https:\/\/innoticiasbo.com\/","logo":{"@type":"ImageObject","inLanguage":"es","@id":"https:\/\/innoticiasbo.com\/#\/schema\/logo\/image\/","url":"https:\/\/i0.wp.com\/innoticiasbo.com\/wp-content\/uploads\/2026\/04\/cropped-IN-LOGO.png?fit=1476%2C1476&ssl=1","contentUrl":"https:\/\/i0.wp.com\/innoticiasbo.com\/wp-content\/uploads\/2026\/04\/cropped-IN-LOGO.png?fit=1476%2C1476&ssl=1","width":1476,"height":1476,"caption":"innoticiasbo.com"},"image":{"@id":"https:\/\/innoticiasbo.com\/#\/schema\/logo\/image\/"},"sameAs":["https:\/\/www.facebook.com\/innoticiasbolivia","https:\/\/x.com\/innoticiasbo","https:\/\/www.instagram.com\/innoticiasbo","https:\/\/www.youtube.com\/innoticiasbo"]},{"@type":"Person","@id":"https:\/\/innoticiasbo.com\/#\/schema\/person\/589cd527c4211df1b943bdad85ec07ce","name":"Prensa","image":{"@type":"ImageObject","inLanguage":"es","@id":"https:\/\/innoticiasbo.com\/#\/schema\/person\/image\/","url":"https:\/\/secure.gravatar.com\/avatar\/d359bbdf112023c1c0a3ec7fe1600657?s=96&d=mm&r=g","contentUrl":"https:\/\/secure.gravatar.com\/avatar\/d359bbdf112023c1c0a3ec7fe1600657?s=96&d=mm&r=g","caption":"Prensa"},"sameAs":["http:\/\/www.innoticiasbo.com"],"url":"https:\/\/innoticiasbo.com\/index.php\/author\/prensa\/"}]}},"jetpack_featured_media_url":"https:\/\/i0.wp.com\/innoticiasbo.com\/wp-content\/uploads\/2025\/05\/2025051914023258777.jpg?fit=992%2C558&ssl=1","jetpack_likes_enabled":true,"jetpack_sharing_enabled":true,"jetpack_shortlink":"https:\/\/wp.me\/pg298x-1w5","_links":{"self":[{"href":"https:\/\/innoticiasbo.com\/index.php\/wp-json\/wp\/v2\/posts\/5833","targetHints":{"allow":["GET"]}}],"collection":[{"href":"https:\/\/innoticiasbo.com\/index.php\/wp-json\/wp\/v2\/posts"}],"about":[{"href":"https:\/\/innoticiasbo.com\/index.php\/wp-json\/wp\/v2\/types\/post"}],"author":[{"embeddable":true,"href":"https:\/\/innoticiasbo.com\/index.php\/wp-json\/wp\/v2\/users\/2"}],"replies":[{"embeddable":true,"href":"https:\/\/innoticiasbo.com\/index.php\/wp-json\/wp\/v2\/comments?post=5833"}],"version-history":[{"count":1,"href":"https:\/\/innoticiasbo.com\/index.php\/wp-json\/wp\/v2\/posts\/5833\/revisions"}],"predecessor-version":[{"id":5834,"href":"https:\/\/innoticiasbo.com\/index.php\/wp-json\/wp\/v2\/posts\/5833\/revisions\/5834"}],"wp:featuredmedia":[{"embeddable":true,"href":"https:\/\/innoticiasbo.com\/index.php\/wp-json\/wp\/v2\/media\/5832"}],"wp:attachment":[{"href":"https:\/\/innoticiasbo.com\/index.php\/wp-json\/wp\/v2\/media?parent=5833"}],"wp:term":[{"taxonomy":"category","embeddable":true,"href":"https:\/\/innoticiasbo.com\/index.php\/wp-json\/wp\/v2\/categories?post=5833"},{"taxonomy":"post_tag","embeddable":true,"href":"https:\/\/innoticiasbo.com\/index.php\/wp-json\/wp\/v2\/tags?post=5833"}],"curies":[{"name":"wp","href":"https:\/\/api.w.org\/{rel}","templated":true}]}}