{"id":5822,"date":"2025-05-19T12:14:09","date_gmt":"2025-05-19T16:14:09","guid":{"rendered":"https:\/\/innoticiasbo.com\/?p=5822"},"modified":"2025-05-19T12:15:00","modified_gmt":"2025-05-19T16:15:00","slug":"manfred-reyes-villacon-orden-la-transformacion-comienza-ahora","status":"publish","type":"post","link":"https:\/\/innoticiasbo.com\/index.php\/2025\/05\/19\/manfred-reyes-villacon-orden-la-transformacion-comienza-ahora\/","title":{"rendered":"MANFRED REYES VILLA:\u00bbCON ORDEN, LA TRANSFORMACI\u00d3N COMIENZA AHORA\u00bb"},"content":{"rendered":"\n<p><br><p><\/p>\n\n\n\n<p><em>Cochabamba, 19 de mayo de 2025.<\/em>&#8211; El l\u00edder de APB S\u00famate, Manfred Reyes Villa, fue proclamado oficialmente como precandidato a la Presidencia de Bolivia, acompa\u00f1ado por el cruce\u00f1o Juan Carlos Medrano como su compa\u00f1ero de f\u00f3rmula rumbo a las elecciones generales del 17 de agosto de 2025.<\/p>\n\n\n\n<p>Con un mensaje de renovaci\u00f3n, lucha contra la corrupci\u00f3n y unidad nacional, la dupla lanz\u00f3 una propuesta que marca el inicio de un nuevo ciclo pol\u00edtico en Bolivia: uno que abre las puertas a la juventud y enfrenta los desaf\u00edos econ\u00f3micos, sociales e institucionales con decisi\u00f3n y propuestas concretas.<\/p>\n\n\n\n<figure class=\"wp-block-image size-large\"><img data-recalc-dims=\"1\" loading=\"lazy\" decoding=\"async\" width=\"640\" height=\"426\" src=\"https:\/\/i0.wp.com\/innoticiasbo.com\/wp-content\/uploads\/2025\/05\/img-20250519-wa00803663911774590002397.jpg?resize=640%2C426&#038;ssl=1\" alt=\"\" class=\"wp-image-5817\" srcset=\"https:\/\/i0.wp.com\/innoticiasbo.com\/wp-content\/uploads\/2025\/05\/img-20250519-wa00803663911774590002397.jpg?resize=1024%2C681&amp;ssl=1 1024w, https:\/\/i0.wp.com\/innoticiasbo.com\/wp-content\/uploads\/2025\/05\/img-20250519-wa00803663911774590002397.jpg?resize=300%2C200&amp;ssl=1 300w, https:\/\/i0.wp.com\/innoticiasbo.com\/wp-content\/uploads\/2025\/05\/img-20250519-wa00803663911774590002397.jpg?resize=768%2C511&amp;ssl=1 768w, https:\/\/i0.wp.com\/innoticiasbo.com\/wp-content\/uploads\/2025\/05\/img-20250519-wa00803663911774590002397.jpg?resize=1536%2C1022&amp;ssl=1 1536w, https:\/\/i0.wp.com\/innoticiasbo.com\/wp-content\/uploads\/2025\/05\/img-20250519-wa00803663911774590002397.jpg?resize=600%2C400&amp;ssl=1 600w, https:\/\/i0.wp.com\/innoticiasbo.com\/wp-content\/uploads\/2025\/05\/img-20250519-wa00803663911774590002397.jpg?w=2000&amp;ssl=1 2000w, https:\/\/i0.wp.com\/innoticiasbo.com\/wp-content\/uploads\/2025\/05\/img-20250519-wa00803663911774590002397.jpg?w=1280&amp;ssl=1 1280w, https:\/\/i0.wp.com\/innoticiasbo.com\/wp-content\/uploads\/2025\/05\/img-20250519-wa00803663911774590002397.jpg?w=1920&amp;ssl=1 1920w\" sizes=\"auto, (max-width: 640px) 100vw, 640px\" \/><\/figure>\n\n\n\n<p>\u201cMi vicepresidente es un l\u00edder cruce\u00f1o joven, que ha forjado su liderazgo en las calles, persiguiendo a los corruptos. Juntos vamos a transformar Bolivia\u201d, asegur\u00f3 Manfred, destacando el perfil ciudadano y comprometido de Medrano.<\/p>\n\n\n\n<p><em>Un nuevo liderazgo para Bolivia<\/em><\/p>\n\n\n\n<p><br>Durante el acto, Reyes Villa fue enf\u00e1tico al subrayar que Bolivia necesita una transformaci\u00f3n real, encabezada por una nueva generaci\u00f3n de l\u00edderes:<\/p>\n\n\n\n<figure class=\"wp-block-image size-large\"><img data-recalc-dims=\"1\" loading=\"lazy\" decoding=\"async\" width=\"640\" height=\"426\" src=\"https:\/\/i0.wp.com\/innoticiasbo.com\/wp-content\/uploads\/2025\/05\/img-20250519-wa00794008519917402879171.jpg?resize=640%2C426&#038;ssl=1\" alt=\"\" class=\"wp-image-5818\" srcset=\"https:\/\/i0.wp.com\/innoticiasbo.com\/wp-content\/uploads\/2025\/05\/img-20250519-wa00794008519917402879171.jpg?resize=1024%2C681&amp;ssl=1 1024w, https:\/\/i0.wp.com\/innoticiasbo.com\/wp-content\/uploads\/2025\/05\/img-20250519-wa00794008519917402879171.jpg?resize=300%2C200&amp;ssl=1 300w, https:\/\/i0.wp.com\/innoticiasbo.com\/wp-content\/uploads\/2025\/05\/img-20250519-wa00794008519917402879171.jpg?resize=768%2C511&amp;ssl=1 768w, https:\/\/i0.wp.com\/innoticiasbo.com\/wp-content\/uploads\/2025\/05\/img-20250519-wa00794008519917402879171.jpg?resize=1536%2C1022&amp;ssl=1 1536w, https:\/\/i0.wp.com\/innoticiasbo.com\/wp-content\/uploads\/2025\/05\/img-20250519-wa00794008519917402879171.jpg?resize=600%2C400&amp;ssl=1 600w, https:\/\/i0.wp.com\/innoticiasbo.com\/wp-content\/uploads\/2025\/05\/img-20250519-wa00794008519917402879171.jpg?w=2000&amp;ssl=1 2000w, https:\/\/i0.wp.com\/innoticiasbo.com\/wp-content\/uploads\/2025\/05\/img-20250519-wa00794008519917402879171.jpg?w=1280&amp;ssl=1 1280w, https:\/\/i0.wp.com\/innoticiasbo.com\/wp-content\/uploads\/2025\/05\/img-20250519-wa00794008519917402879171.jpg?w=1920&amp;ssl=1 1920w\" sizes=\"auto, (max-width: 640px) 100vw, 640px\" \/><\/figure>\n\n\n\n<p>\u201cLos que han gobernado el pa\u00eds ya tuvieron su oportunidad. Son ex presidentes y ex ministros. Ahora, voy a construir una Bolivia para todos\u201d.<\/p>\n\n\n\n<p>Por su parte, Juan Carlos Medrano, precandidato a vicepresidente, reafirm\u00f3 que este proyecto representa el inicio de un nuevo tiempo para la juventud boliviana:<\/p>\n\n\n\n<p>\u201cEste es el proyecto de la nueva generaci\u00f3n pol\u00edtica, donde abrimos las puertas a la juventud de nuestro pa\u00eds\u201d, se\u00f1al\u00f3 ante la ovaci\u00f3n del p\u00fablico.<\/p>\n\n\n\n<p><em>Contra la corrupci\u00f3n y por un Parlamento del pueblo<\/em><\/p>\n\n\n\n<figure class=\"wp-block-image size-large\"><img data-recalc-dims=\"1\" loading=\"lazy\" decoding=\"async\" width=\"640\" height=\"426\" src=\"https:\/\/i0.wp.com\/innoticiasbo.com\/wp-content\/uploads\/2025\/05\/img-20250519-wa00823977821308036219542.jpg?resize=640%2C426&#038;ssl=1\" alt=\"\" class=\"wp-image-5819\" srcset=\"https:\/\/i0.wp.com\/innoticiasbo.com\/wp-content\/uploads\/2025\/05\/img-20250519-wa00823977821308036219542.jpg?resize=1024%2C681&amp;ssl=1 1024w, https:\/\/i0.wp.com\/innoticiasbo.com\/wp-content\/uploads\/2025\/05\/img-20250519-wa00823977821308036219542.jpg?resize=300%2C200&amp;ssl=1 300w, https:\/\/i0.wp.com\/innoticiasbo.com\/wp-content\/uploads\/2025\/05\/img-20250519-wa00823977821308036219542.jpg?resize=768%2C511&amp;ssl=1 768w, https:\/\/i0.wp.com\/innoticiasbo.com\/wp-content\/uploads\/2025\/05\/img-20250519-wa00823977821308036219542.jpg?resize=1536%2C1022&amp;ssl=1 1536w, https:\/\/i0.wp.com\/innoticiasbo.com\/wp-content\/uploads\/2025\/05\/img-20250519-wa00823977821308036219542.jpg?resize=600%2C400&amp;ssl=1 600w, https:\/\/i0.wp.com\/innoticiasbo.com\/wp-content\/uploads\/2025\/05\/img-20250519-wa00823977821308036219542.jpg?w=2000&amp;ssl=1 2000w, https:\/\/i0.wp.com\/innoticiasbo.com\/wp-content\/uploads\/2025\/05\/img-20250519-wa00823977821308036219542.jpg?w=1280&amp;ssl=1 1280w, https:\/\/i0.wp.com\/innoticiasbo.com\/wp-content\/uploads\/2025\/05\/img-20250519-wa00823977821308036219542.jpg?w=1920&amp;ssl=1 1920w\" sizes=\"auto, (max-width: 640px) 100vw, 640px\" \/><\/figure>\n\n\n\n<p><br>Uno de los ejes centrales del mensaje de Medrano fue el combate frontal a la corrupci\u00f3n y la necesidad de recuperar las instituciones p\u00fablicas:<\/p>\n\n\n\n<p>\u201cHa llegado el momento de sacar a la corrupci\u00f3n del gobierno y de consolidar una Asamblea fuerte que represente los intereses del pueblo\u201d, declar\u00f3.<\/p>\n\n\n\n<p>\u201cQue se cuiden los maleantes, porque vamos a meter presos a todos los p\u00edcaros\u201d, sentenci\u00f3 con firmeza.<\/p>\n\n\n\n<p>Reyes Villa respald\u00f3 esa visi\u00f3n con el llamado a elegir senadores y diputados comprometidos con la transformaci\u00f3n del pa\u00eds:<\/p>\n\n\n\n<p>\u201cNecesitamos un Parlamento fuerte que apruebe las leyes que Bolivia necesita para salir adelante\u201d.<\/p>\n\n\n\n<figure class=\"wp-block-image size-large\"><img data-recalc-dims=\"1\" loading=\"lazy\" decoding=\"async\" width=\"640\" height=\"426\" src=\"https:\/\/i0.wp.com\/innoticiasbo.com\/wp-content\/uploads\/2025\/05\/img-20250519-wa007827616921827600639.jpg?resize=640%2C426&#038;ssl=1\" alt=\"\" class=\"wp-image-5820\" srcset=\"https:\/\/i0.wp.com\/innoticiasbo.com\/wp-content\/uploads\/2025\/05\/img-20250519-wa007827616921827600639.jpg?resize=1024%2C681&amp;ssl=1 1024w, https:\/\/i0.wp.com\/innoticiasbo.com\/wp-content\/uploads\/2025\/05\/img-20250519-wa007827616921827600639.jpg?resize=300%2C200&amp;ssl=1 300w, https:\/\/i0.wp.com\/innoticiasbo.com\/wp-content\/uploads\/2025\/05\/img-20250519-wa007827616921827600639.jpg?resize=768%2C511&amp;ssl=1 768w, https:\/\/i0.wp.com\/innoticiasbo.com\/wp-content\/uploads\/2025\/05\/img-20250519-wa007827616921827600639.jpg?resize=600%2C400&amp;ssl=1 600w, https:\/\/i0.wp.com\/innoticiasbo.com\/wp-content\/uploads\/2025\/05\/img-20250519-wa007827616921827600639.jpg?w=1040&amp;ssl=1 1040w\" sizes=\"auto, (max-width: 640px) 100vw, 640px\" \/><\/figure>\n\n\n\n<p>El binomio tambi\u00e9n present\u00f3 propuestas claras en materia econ\u00f3mica. Reyes Villa expuso su visi\u00f3n de modernizar el aparato productivo, promover alianzas p\u00fablico-privadas y atraer inversiones:<\/p>\n\n\n\n<p>\u201cVamos a generar fuentes de empleo mediante el empresariado privado, alianzas p\u00fablico-privadas y un nuevo c\u00f3digo tributario que haga atractiva a Bolivia para la inversi\u00f3n extranjera\u201d.<\/p>\n\n\n\n<p>El modelo, asegur\u00f3, ya ha sido exitoso en Cochabamba y puede replicarse a nivel nacional con resultados positivos para la poblaci\u00f3n.<\/p>\n","protected":false},"excerpt":{"rendered":"<p>Cochabamba, 19 de mayo de 2025.&#8211; El l\u00edder de APB S\u00famate, Manfred Reyes Villa, fue proclamado oficialmente como precandidato a la Presidencia de Bolivia, acompa\u00f1ado por el cruce\u00f1o Juan Carlos Medrano como su compa\u00f1ero de f\u00f3rmula rumbo a las elecciones generales del 17 de agosto de 2025. Con un mensaje de renovaci\u00f3n, lucha contra la&#8230;<\/p>\n","protected":false},"author":2,"featured_media":5821,"comment_status":"open","ping_status":"open","sticky":false,"template":"","format":"standard","meta":{"_jetpack_memberships_contains_paid_content":false,"footnotes":"","jetpack_publicize_message":"","jetpack_publicize_feature_enabled":true,"jetpack_social_post_already_shared":true,"jetpack_social_options":{"image_generator_settings":{"template":"highway","enabled":false},"version":2}},"categories":[1,3],"tags":[347,30,22,429,31,430],"class_list":["post-5822","post","type-post","status-publish","format-standard","has-post-thumbnail","hentry","category-bolivia","category-politica","tag-binomio","tag-elecciones-bolivia2025","tag-innoticias","tag-juan-carlos-medrano","tag-manfred-reyes-villa","tag-sumate"],"jetpack_publicize_connections":[],"yoast_head":"<!-- This site is optimized with the Yoast SEO plugin v23.4 - https:\/\/yoast.com\/wordpress\/plugins\/seo\/ -->\n<title>MANFRED REYES VILLA:&quot;CON ORDEN, LA TRANSFORMACI\u00d3N COMIENZA AHORA&quot; - innoticiasbo.com<\/title>\n<meta name=\"robots\" content=\"index, follow, max-snippet:-1, max-image-preview:large, max-video-preview:-1\" \/>\n<link rel=\"canonical\" href=\"https:\/\/innoticiasbo.com\/index.php\/2025\/05\/19\/manfred-reyes-villacon-orden-la-transformacion-comienza-ahora\/\" \/>\n<meta property=\"og:locale\" content=\"es_ES\" \/>\n<meta property=\"og:type\" content=\"article\" \/>\n<meta property=\"og:title\" content=\"MANFRED REYES VILLA:&quot;CON ORDEN, LA TRANSFORMACI\u00d3N COMIENZA AHORA&quot; - innoticiasbo.com\" \/>\n<meta property=\"og:description\" content=\"Cochabamba, 19 de mayo de 2025.&#8211; El l\u00edder de APB S\u00famate, Manfred Reyes Villa, fue proclamado oficialmente como precandidato a la Presidencia de Bolivia, acompa\u00f1ado por el cruce\u00f1o Juan Carlos Medrano como su compa\u00f1ero de f\u00f3rmula rumbo a las elecciones generales del 17 de agosto de 2025. Con un mensaje de renovaci\u00f3n, lucha contra la...\" \/>\n<meta property=\"og:url\" content=\"https:\/\/innoticiasbo.com\/index.php\/2025\/05\/19\/manfred-reyes-villacon-orden-la-transformacion-comienza-ahora\/\" \/>\n<meta property=\"og:site_name\" content=\"innoticiasbo.com\" \/>\n<meta property=\"article:publisher\" content=\"https:\/\/www.facebook.com\/innoticiasbolivia\" \/>\n<meta property=\"article:published_time\" content=\"2025-05-19T16:14:09+00:00\" \/>\n<meta property=\"article:modified_time\" content=\"2025-05-19T16:15:00+00:00\" \/>\n<meta property=\"og:image\" content=\"https:\/\/i0.wp.com\/innoticiasbo.com\/wp-content\/uploads\/2025\/05\/IMG-20250519-WA0080-scaled.jpg?fit=2560%2C1703&ssl=1\" \/>\n\t<meta property=\"og:image:width\" content=\"2560\" \/>\n\t<meta property=\"og:image:height\" content=\"1703\" \/>\n\t<meta property=\"og:image:type\" content=\"image\/jpeg\" \/>\n<meta name=\"author\" content=\"Prensa\" \/>\n<meta name=\"twitter:card\" content=\"summary_large_image\" \/>\n<meta name=\"twitter:creator\" content=\"@innoticiasbo\" \/>\n<meta name=\"twitter:site\" content=\"@innoticiasbo\" \/>\n<meta name=\"twitter:label1\" content=\"Escrito por\" \/>\n\t<meta name=\"twitter:data1\" content=\"Prensa\" \/>\n\t<meta name=\"twitter:label2\" content=\"Tiempo de lectura\" \/>\n\t<meta name=\"twitter:data2\" content=\"2 minutos\" \/>\n<script type=\"application\/ld+json\" class=\"yoast-schema-graph\">{\"@context\":\"https:\/\/schema.org\",\"@graph\":[{\"@type\":\"Article\",\"@id\":\"https:\/\/innoticiasbo.com\/index.php\/2025\/05\/19\/manfred-reyes-villacon-orden-la-transformacion-comienza-ahora\/#article\",\"isPartOf\":{\"@id\":\"https:\/\/innoticiasbo.com\/index.php\/2025\/05\/19\/manfred-reyes-villacon-orden-la-transformacion-comienza-ahora\/\"},\"author\":{\"name\":\"Prensa\",\"@id\":\"https:\/\/innoticiasbo.com\/#\/schema\/person\/589cd527c4211df1b943bdad85ec07ce\"},\"headline\":\"MANFRED REYES VILLA:\u00bbCON ORDEN, LA TRANSFORMACI\u00d3N COMIENZA AHORA\u00bb\",\"datePublished\":\"2025-05-19T16:14:09+00:00\",\"dateModified\":\"2025-05-19T16:15:00+00:00\",\"mainEntityOfPage\":{\"@id\":\"https:\/\/innoticiasbo.com\/index.php\/2025\/05\/19\/manfred-reyes-villacon-orden-la-transformacion-comienza-ahora\/\"},\"wordCount\":457,\"commentCount\":0,\"publisher\":{\"@id\":\"https:\/\/innoticiasbo.com\/#organization\"},\"image\":{\"@id\":\"https:\/\/innoticiasbo.com\/index.php\/2025\/05\/19\/manfred-reyes-villacon-orden-la-transformacion-comienza-ahora\/#primaryimage\"},\"thumbnailUrl\":\"https:\/\/i0.wp.com\/innoticiasbo.com\/wp-content\/uploads\/2025\/05\/IMG-20250519-WA0080-scaled.jpg?fit=2560%2C1703&ssl=1\",\"keywords\":[\"binomio\",\"Elecciones Bolivia2025\",\"innoticias\",\"Juan Carlos Medrano\",\"Manfred Reyes Villa\",\"SUMATE\"],\"articleSection\":[\"Bolivia\",\"Pol\u00edtica\"],\"inLanguage\":\"es\",\"potentialAction\":[{\"@type\":\"CommentAction\",\"name\":\"Comment\",\"target\":[\"https:\/\/innoticiasbo.com\/index.php\/2025\/05\/19\/manfred-reyes-villacon-orden-la-transformacion-comienza-ahora\/#respond\"]}]},{\"@type\":\"WebPage\",\"@id\":\"https:\/\/innoticiasbo.com\/index.php\/2025\/05\/19\/manfred-reyes-villacon-orden-la-transformacion-comienza-ahora\/\",\"url\":\"https:\/\/innoticiasbo.com\/index.php\/2025\/05\/19\/manfred-reyes-villacon-orden-la-transformacion-comienza-ahora\/\",\"name\":\"MANFRED REYES VILLA:\\\"CON ORDEN, LA TRANSFORMACI\u00d3N COMIENZA AHORA\\\" - innoticiasbo.com\",\"isPartOf\":{\"@id\":\"https:\/\/innoticiasbo.com\/#website\"},\"primaryImageOfPage\":{\"@id\":\"https:\/\/innoticiasbo.com\/index.php\/2025\/05\/19\/manfred-reyes-villacon-orden-la-transformacion-comienza-ahora\/#primaryimage\"},\"image\":{\"@id\":\"https:\/\/innoticiasbo.com\/index.php\/2025\/05\/19\/manfred-reyes-villacon-orden-la-transformacion-comienza-ahora\/#primaryimage\"},\"thumbnailUrl\":\"https:\/\/i0.wp.com\/innoticiasbo.com\/wp-content\/uploads\/2025\/05\/IMG-20250519-WA0080-scaled.jpg?fit=2560%2C1703&ssl=1\",\"datePublished\":\"2025-05-19T16:14:09+00:00\",\"dateModified\":\"2025-05-19T16:15:00+00:00\",\"breadcrumb\":{\"@id\":\"https:\/\/innoticiasbo.com\/index.php\/2025\/05\/19\/manfred-reyes-villacon-orden-la-transformacion-comienza-ahora\/#breadcrumb\"},\"inLanguage\":\"es\",\"potentialAction\":[{\"@type\":\"ReadAction\",\"target\":[\"https:\/\/innoticiasbo.com\/index.php\/2025\/05\/19\/manfred-reyes-villacon-orden-la-transformacion-comienza-ahora\/\"]}]},{\"@type\":\"ImageObject\",\"inLanguage\":\"es\",\"@id\":\"https:\/\/innoticiasbo.com\/index.php\/2025\/05\/19\/manfred-reyes-villacon-orden-la-transformacion-comienza-ahora\/#primaryimage\",\"url\":\"https:\/\/i0.wp.com\/innoticiasbo.com\/wp-content\/uploads\/2025\/05\/IMG-20250519-WA0080-scaled.jpg?fit=2560%2C1703&ssl=1\",\"contentUrl\":\"https:\/\/i0.wp.com\/innoticiasbo.com\/wp-content\/uploads\/2025\/05\/IMG-20250519-WA0080-scaled.jpg?fit=2560%2C1703&ssl=1\",\"width\":2560,\"height\":1703},{\"@type\":\"BreadcrumbList\",\"@id\":\"https:\/\/innoticiasbo.com\/index.php\/2025\/05\/19\/manfred-reyes-villacon-orden-la-transformacion-comienza-ahora\/#breadcrumb\",\"itemListElement\":[{\"@type\":\"ListItem\",\"position\":1,\"name\":\"Portada\",\"item\":\"https:\/\/innoticiasbo.com\/\"},{\"@type\":\"ListItem\",\"position\":2,\"name\":\"MANFRED REYES VILLA:\u00bbCON ORDEN, LA TRANSFORMACI\u00d3N COMIENZA AHORA\u00bb\"}]},{\"@type\":\"WebSite\",\"@id\":\"https:\/\/innoticiasbo.com\/#website\",\"url\":\"https:\/\/innoticiasbo.com\/\",\"name\":\"innoticiasbo.com\",\"description\":\"\",\"publisher\":{\"@id\":\"https:\/\/innoticiasbo.com\/#organization\"},\"potentialAction\":[{\"@type\":\"SearchAction\",\"target\":{\"@type\":\"EntryPoint\",\"urlTemplate\":\"https:\/\/innoticiasbo.com\/?s={search_term_string}\"},\"query-input\":{\"@type\":\"PropertyValueSpecification\",\"valueRequired\":true,\"valueName\":\"search_term_string\"}}],\"inLanguage\":\"es\"},{\"@type\":\"Organization\",\"@id\":\"https:\/\/innoticiasbo.com\/#organization\",\"name\":\"innoticiasbo.com\",\"url\":\"https:\/\/innoticiasbo.com\/\",\"logo\":{\"@type\":\"ImageObject\",\"inLanguage\":\"es\",\"@id\":\"https:\/\/innoticiasbo.com\/#\/schema\/logo\/image\/\",\"url\":\"https:\/\/i0.wp.com\/innoticiasbo.com\/wp-content\/uploads\/2026\/04\/cropped-IN-LOGO.png?fit=1476%2C1476&ssl=1\",\"contentUrl\":\"https:\/\/i0.wp.com\/innoticiasbo.com\/wp-content\/uploads\/2026\/04\/cropped-IN-LOGO.png?fit=1476%2C1476&ssl=1\",\"width\":1476,\"height\":1476,\"caption\":\"innoticiasbo.com\"},\"image\":{\"@id\":\"https:\/\/innoticiasbo.com\/#\/schema\/logo\/image\/\"},\"sameAs\":[\"https:\/\/www.facebook.com\/innoticiasbolivia\",\"https:\/\/x.com\/innoticiasbo\",\"https:\/\/www.instagram.com\/innoticiasbo\",\"https:\/\/www.youtube.com\/innoticiasbo\"]},{\"@type\":\"Person\",\"@id\":\"https:\/\/innoticiasbo.com\/#\/schema\/person\/589cd527c4211df1b943bdad85ec07ce\",\"name\":\"Prensa\",\"image\":{\"@type\":\"ImageObject\",\"inLanguage\":\"es\",\"@id\":\"https:\/\/innoticiasbo.com\/#\/schema\/person\/image\/\",\"url\":\"https:\/\/secure.gravatar.com\/avatar\/d359bbdf112023c1c0a3ec7fe1600657?s=96&d=mm&r=g\",\"contentUrl\":\"https:\/\/secure.gravatar.com\/avatar\/d359bbdf112023c1c0a3ec7fe1600657?s=96&d=mm&r=g\",\"caption\":\"Prensa\"},\"sameAs\":[\"http:\/\/www.innoticiasbo.com\"],\"url\":\"https:\/\/innoticiasbo.com\/index.php\/author\/prensa\/\"}]}<\/script>\n<!-- \/ Yoast SEO plugin. -->","yoast_head_json":{"title":"MANFRED REYES VILLA:\"CON ORDEN, LA TRANSFORMACI\u00d3N COMIENZA AHORA\" - innoticiasbo.com","robots":{"index":"index","follow":"follow","max-snippet":"max-snippet:-1","max-image-preview":"max-image-preview:large","max-video-preview":"max-video-preview:-1"},"canonical":"https:\/\/innoticiasbo.com\/index.php\/2025\/05\/19\/manfred-reyes-villacon-orden-la-transformacion-comienza-ahora\/","og_locale":"es_ES","og_type":"article","og_title":"MANFRED REYES VILLA:\"CON ORDEN, LA TRANSFORMACI\u00d3N COMIENZA AHORA\" - innoticiasbo.com","og_description":"Cochabamba, 19 de mayo de 2025.&#8211; El l\u00edder de APB S\u00famate, Manfred Reyes Villa, fue proclamado oficialmente como precandidato a la Presidencia de Bolivia, acompa\u00f1ado por el cruce\u00f1o Juan Carlos Medrano como su compa\u00f1ero de f\u00f3rmula rumbo a las elecciones generales del 17 de agosto de 2025. Con un mensaje de renovaci\u00f3n, lucha contra la...","og_url":"https:\/\/innoticiasbo.com\/index.php\/2025\/05\/19\/manfred-reyes-villacon-orden-la-transformacion-comienza-ahora\/","og_site_name":"innoticiasbo.com","article_publisher":"https:\/\/www.facebook.com\/innoticiasbolivia","article_published_time":"2025-05-19T16:14:09+00:00","article_modified_time":"2025-05-19T16:15:00+00:00","og_image":[{"width":2560,"height":1703,"url":"https:\/\/i0.wp.com\/innoticiasbo.com\/wp-content\/uploads\/2025\/05\/IMG-20250519-WA0080-scaled.jpg?fit=2560%2C1703&ssl=1","type":"image\/jpeg"}],"author":"Prensa","twitter_card":"summary_large_image","twitter_creator":"@innoticiasbo","twitter_site":"@innoticiasbo","twitter_misc":{"Escrito por":"Prensa","Tiempo de lectura":"2 minutos"},"schema":{"@context":"https:\/\/schema.org","@graph":[{"@type":"Article","@id":"https:\/\/innoticiasbo.com\/index.php\/2025\/05\/19\/manfred-reyes-villacon-orden-la-transformacion-comienza-ahora\/#article","isPartOf":{"@id":"https:\/\/innoticiasbo.com\/index.php\/2025\/05\/19\/manfred-reyes-villacon-orden-la-transformacion-comienza-ahora\/"},"author":{"name":"Prensa","@id":"https:\/\/innoticiasbo.com\/#\/schema\/person\/589cd527c4211df1b943bdad85ec07ce"},"headline":"MANFRED REYES VILLA:\u00bbCON ORDEN, LA TRANSFORMACI\u00d3N COMIENZA AHORA\u00bb","datePublished":"2025-05-19T16:14:09+00:00","dateModified":"2025-05-19T16:15:00+00:00","mainEntityOfPage":{"@id":"https:\/\/innoticiasbo.com\/index.php\/2025\/05\/19\/manfred-reyes-villacon-orden-la-transformacion-comienza-ahora\/"},"wordCount":457,"commentCount":0,"publisher":{"@id":"https:\/\/innoticiasbo.com\/#organization"},"image":{"@id":"https:\/\/innoticiasbo.com\/index.php\/2025\/05\/19\/manfred-reyes-villacon-orden-la-transformacion-comienza-ahora\/#primaryimage"},"thumbnailUrl":"https:\/\/i0.wp.com\/innoticiasbo.com\/wp-content\/uploads\/2025\/05\/IMG-20250519-WA0080-scaled.jpg?fit=2560%2C1703&ssl=1","keywords":["binomio","Elecciones Bolivia2025","innoticias","Juan Carlos Medrano","Manfred Reyes Villa","SUMATE"],"articleSection":["Bolivia","Pol\u00edtica"],"inLanguage":"es","potentialAction":[{"@type":"CommentAction","name":"Comment","target":["https:\/\/innoticiasbo.com\/index.php\/2025\/05\/19\/manfred-reyes-villacon-orden-la-transformacion-comienza-ahora\/#respond"]}]},{"@type":"WebPage","@id":"https:\/\/innoticiasbo.com\/index.php\/2025\/05\/19\/manfred-reyes-villacon-orden-la-transformacion-comienza-ahora\/","url":"https:\/\/innoticiasbo.com\/index.php\/2025\/05\/19\/manfred-reyes-villacon-orden-la-transformacion-comienza-ahora\/","name":"MANFRED REYES VILLA:\"CON ORDEN, LA TRANSFORMACI\u00d3N COMIENZA AHORA\" - innoticiasbo.com","isPartOf":{"@id":"https:\/\/innoticiasbo.com\/#website"},"primaryImageOfPage":{"@id":"https:\/\/innoticiasbo.com\/index.php\/2025\/05\/19\/manfred-reyes-villacon-orden-la-transformacion-comienza-ahora\/#primaryimage"},"image":{"@id":"https:\/\/innoticiasbo.com\/index.php\/2025\/05\/19\/manfred-reyes-villacon-orden-la-transformacion-comienza-ahora\/#primaryimage"},"thumbnailUrl":"https:\/\/i0.wp.com\/innoticiasbo.com\/wp-content\/uploads\/2025\/05\/IMG-20250519-WA0080-scaled.jpg?fit=2560%2C1703&ssl=1","datePublished":"2025-05-19T16:14:09+00:00","dateModified":"2025-05-19T16:15:00+00:00","breadcrumb":{"@id":"https:\/\/innoticiasbo.com\/index.php\/2025\/05\/19\/manfred-reyes-villacon-orden-la-transformacion-comienza-ahora\/#breadcrumb"},"inLanguage":"es","potentialAction":[{"@type":"ReadAction","target":["https:\/\/innoticiasbo.com\/index.php\/2025\/05\/19\/manfred-reyes-villacon-orden-la-transformacion-comienza-ahora\/"]}]},{"@type":"ImageObject","inLanguage":"es","@id":"https:\/\/innoticiasbo.com\/index.php\/2025\/05\/19\/manfred-reyes-villacon-orden-la-transformacion-comienza-ahora\/#primaryimage","url":"https:\/\/i0.wp.com\/innoticiasbo.com\/wp-content\/uploads\/2025\/05\/IMG-20250519-WA0080-scaled.jpg?fit=2560%2C1703&ssl=1","contentUrl":"https:\/\/i0.wp.com\/innoticiasbo.com\/wp-content\/uploads\/2025\/05\/IMG-20250519-WA0080-scaled.jpg?fit=2560%2C1703&ssl=1","width":2560,"height":1703},{"@type":"BreadcrumbList","@id":"https:\/\/innoticiasbo.com\/index.php\/2025\/05\/19\/manfred-reyes-villacon-orden-la-transformacion-comienza-ahora\/#breadcrumb","itemListElement":[{"@type":"ListItem","position":1,"name":"Portada","item":"https:\/\/innoticiasbo.com\/"},{"@type":"ListItem","position":2,"name":"MANFRED REYES VILLA:\u00bbCON ORDEN, LA TRANSFORMACI\u00d3N COMIENZA AHORA\u00bb"}]},{"@type":"WebSite","@id":"https:\/\/innoticiasbo.com\/#website","url":"https:\/\/innoticiasbo.com\/","name":"innoticiasbo.com","description":"","publisher":{"@id":"https:\/\/innoticiasbo.com\/#organization"},"potentialAction":[{"@type":"SearchAction","target":{"@type":"EntryPoint","urlTemplate":"https:\/\/innoticiasbo.com\/?s={search_term_string}"},"query-input":{"@type":"PropertyValueSpecification","valueRequired":true,"valueName":"search_term_string"}}],"inLanguage":"es"},{"@type":"Organization","@id":"https:\/\/innoticiasbo.com\/#organization","name":"innoticiasbo.com","url":"https:\/\/innoticiasbo.com\/","logo":{"@type":"ImageObject","inLanguage":"es","@id":"https:\/\/innoticiasbo.com\/#\/schema\/logo\/image\/","url":"https:\/\/i0.wp.com\/innoticiasbo.com\/wp-content\/uploads\/2026\/04\/cropped-IN-LOGO.png?fit=1476%2C1476&ssl=1","contentUrl":"https:\/\/i0.wp.com\/innoticiasbo.com\/wp-content\/uploads\/2026\/04\/cropped-IN-LOGO.png?fit=1476%2C1476&ssl=1","width":1476,"height":1476,"caption":"innoticiasbo.com"},"image":{"@id":"https:\/\/innoticiasbo.com\/#\/schema\/logo\/image\/"},"sameAs":["https:\/\/www.facebook.com\/innoticiasbolivia","https:\/\/x.com\/innoticiasbo","https:\/\/www.instagram.com\/innoticiasbo","https:\/\/www.youtube.com\/innoticiasbo"]},{"@type":"Person","@id":"https:\/\/innoticiasbo.com\/#\/schema\/person\/589cd527c4211df1b943bdad85ec07ce","name":"Prensa","image":{"@type":"ImageObject","inLanguage":"es","@id":"https:\/\/innoticiasbo.com\/#\/schema\/person\/image\/","url":"https:\/\/secure.gravatar.com\/avatar\/d359bbdf112023c1c0a3ec7fe1600657?s=96&d=mm&r=g","contentUrl":"https:\/\/secure.gravatar.com\/avatar\/d359bbdf112023c1c0a3ec7fe1600657?s=96&d=mm&r=g","caption":"Prensa"},"sameAs":["http:\/\/www.innoticiasbo.com"],"url":"https:\/\/innoticiasbo.com\/index.php\/author\/prensa\/"}]}},"jetpack_featured_media_url":"https:\/\/i0.wp.com\/innoticiasbo.com\/wp-content\/uploads\/2025\/05\/IMG-20250519-WA0080-scaled.jpg?fit=2560%2C1703&ssl=1","jetpack_likes_enabled":true,"jetpack_sharing_enabled":true,"jetpack_shortlink":"https:\/\/wp.me\/pg298x-1vU","_links":{"self":[{"href":"https:\/\/innoticiasbo.com\/index.php\/wp-json\/wp\/v2\/posts\/5822","targetHints":{"allow":["GET"]}}],"collection":[{"href":"https:\/\/innoticiasbo.com\/index.php\/wp-json\/wp\/v2\/posts"}],"about":[{"href":"https:\/\/innoticiasbo.com\/index.php\/wp-json\/wp\/v2\/types\/post"}],"author":[{"embeddable":true,"href":"https:\/\/innoticiasbo.com\/index.php\/wp-json\/wp\/v2\/users\/2"}],"replies":[{"embeddable":true,"href":"https:\/\/innoticiasbo.com\/index.php\/wp-json\/wp\/v2\/comments?post=5822"}],"version-history":[{"count":1,"href":"https:\/\/innoticiasbo.com\/index.php\/wp-json\/wp\/v2\/posts\/5822\/revisions"}],"predecessor-version":[{"id":5823,"href":"https:\/\/innoticiasbo.com\/index.php\/wp-json\/wp\/v2\/posts\/5822\/revisions\/5823"}],"wp:featuredmedia":[{"embeddable":true,"href":"https:\/\/innoticiasbo.com\/index.php\/wp-json\/wp\/v2\/media\/5821"}],"wp:attachment":[{"href":"https:\/\/innoticiasbo.com\/index.php\/wp-json\/wp\/v2\/media?parent=5822"}],"wp:term":[{"taxonomy":"category","embeddable":true,"href":"https:\/\/innoticiasbo.com\/index.php\/wp-json\/wp\/v2\/categories?post=5822"},{"taxonomy":"post_tag","embeddable":true,"href":"https:\/\/innoticiasbo.com\/index.php\/wp-json\/wp\/v2\/tags?post=5822"}],"curies":[{"name":"wp","href":"https:\/\/api.w.org\/{rel}","templated":true}]}}