{"id":5734,"date":"2025-05-17T20:18:42","date_gmt":"2025-05-18T00:18:42","guid":{"rendered":"https:\/\/innoticiasbo.com\/?p=5734"},"modified":"2025-05-17T20:19:29","modified_gmt":"2025-05-18T00:19:29","slug":"seis-meses-de-prision-preventiva-para-ponciano-santos","status":"publish","type":"post","link":"https:\/\/innoticiasbo.com\/index.php\/2025\/05\/17\/seis-meses-de-prision-preventiva-para-ponciano-santos\/","title":{"rendered":"SEIS MESES DE PRISI\u00d3N PREVENTIVA PARA PONCIANO SANTOS"},"content":{"rendered":"\n<p>La Paz, 17 de mayo de 2025.- La orden de aprehensi\u00f3n contra Santos segu\u00eda vigente por parte de la Fiscal\u00eda desde el a\u00f1o pasado, cuando&nbsp;<strong>las bases cocaleras bloquearon las carreteras<\/strong>, exigiendo que Evo participe de las elecciones y cesen las \u00abpersecuciones\u00bb ante las acusaciones que apuntaron al expresidente por el delito de estupro.&nbsp;<\/p>\n\n\n\n<p>juez Javier Vargas Arancibia, del Juzgado 2\u00ba de Instrucci\u00f3n Anticorrupci\u00f3n y Violencia de La Paz, determin\u00f3 que el dirigente<strong>&nbsp;Ponciano Santos, allegado a Evo Morales<\/strong>, sea&nbsp;<strong>enviado a la c\u00e1rcel de San Pedro con detenci\u00f3n preventiva<\/strong>, acusado por los bloqueos que se suscitaron en el pa\u00eds en 2024<s>.<\/s><\/p>\n\n\n\n<figure class=\"wp-block-image size-large\"><img data-recalc-dims=\"1\" loading=\"lazy\" decoding=\"async\" width=\"640\" height=\"888\" src=\"https:\/\/i0.wp.com\/innoticiasbo.com\/wp-content\/uploads\/2025\/05\/img-20250516-wa025011519758864322275917.jpg?resize=640%2C888&#038;ssl=1\" alt=\"\" class=\"wp-image-5733\" srcset=\"https:\/\/i0.wp.com\/innoticiasbo.com\/wp-content\/uploads\/2025\/05\/img-20250516-wa025011519758864322275917.jpg?resize=738%2C1024&amp;ssl=1 738w, https:\/\/i0.wp.com\/innoticiasbo.com\/wp-content\/uploads\/2025\/05\/img-20250516-wa025011519758864322275917.jpg?resize=216%2C300&amp;ssl=1 216w, https:\/\/i0.wp.com\/innoticiasbo.com\/wp-content\/uploads\/2025\/05\/img-20250516-wa025011519758864322275917.jpg?resize=768%2C1066&amp;ssl=1 768w, https:\/\/i0.wp.com\/innoticiasbo.com\/wp-content\/uploads\/2025\/05\/img-20250516-wa025011519758864322275917.jpg?w=900&amp;ssl=1 900w\" sizes=\"auto, (max-width: 640px) 100vw, 640px\" \/><\/figure>\n\n\n\n<p>Con esta determinaci\u00f3n, el dirigente &#8216;evista&#8217; pasar\u00e1&nbsp;<strong>seis meses en el recinto penitenciario&nbsp;<\/strong>mientras se impulsan las pesquisas, acusado por la comisi\u00f3n de fiscales de La Paz por los delitos de terrorismo, asociaci\u00f3n delictuosa e instigaci\u00f3n p\u00fablica. Precisamente, el hombre manten\u00eda una orden de aprehensi\u00f3n desde el a\u00f1o pasado.<\/p>\n\n\n\n<p>Durante la audiencia, la autoridad jurisdiccional demostr\u00f3 riesgos procesales sobre el acusado como el riesgo de fuga, no acredit\u00f3 domicilio fijo y obstaculizaci\u00f3n a la investigaci\u00f3n, seg\u00fan confirm\u00f3 EL DEBER. La hija del expresidente, Evaliz Morales, asumi\u00f3 la defensa del dirigente.&nbsp;<\/p>\n\n\n\n<p><strong>Ponciano Santos fue aprehendido<\/strong>&nbsp;ayer (viernes) cuando participaba de un mitin de organizaciones leales a Morales, en inmediaciones de la plaza Bolivia, ubicada a dos cuadras de las instalaciones del Tribunal Supremo Electoral (TSE), cuando pretend\u00edan inscribir la candidatura del l\u00edder cocalero para las elecciones generales del 17 de agosto. Todos estos aprestos desataron una protesta y gasificaci\u00f3n de la Polic\u00eda ante los anillos de seguridad que fueron rebasados por el tumulto de simpatizantes.<\/p>\n\n\n\n<p>Horas antes, cuando una columna de personas parti\u00f3 en caravana desde Cochabamba hacia La Paz, el dirigente<strong>&nbsp;desafi\u00f3 a la Polic\u00eda a que lo aprehenda<\/strong>&nbsp;y asegur\u00f3 que s\u00ed o s\u00ed registrar\u00e1n la candidatura del expresidente que permaneci\u00f3 en su refugio en Lauca \u00d1, Cochabamba, mientras sus leales protestaban en la sede de Gobierno.<\/p>\n\n\n\n<p>Su pedido se cumpli\u00f3 cuando&nbsp;<strong>agentes del orden lo interceptaron&nbsp;<\/strong>y lo subieron a un veh\u00edculo para trasladarlo a oficinas de la Fuerza Especial de Lucha Contra el Crimen (Felcc), lugar donde pas\u00f3 la noche.&nbsp;<\/p>\n\n\n\n<p>La orden de aprehensi\u00f3n contra Santos segu\u00eda vigente por parte de la Fiscal\u00eda desde el a\u00f1o pasado, cuando&nbsp;<strong>las bases cocaleras bloquearon las carreteras<\/strong>, exigiendo que Evo participe de las elecciones y cesen las \u00abpersecuciones\u00bb ante las acusaciones que apuntaron al expresidente por el delito de estupro.&nbsp;<\/p>\n\n\n\n<p>Fuente: El Deber<\/p>\n","protected":false},"excerpt":{"rendered":"<p>La Paz, 17 de mayo de 2025.- La orden de aprehensi\u00f3n contra Santos segu\u00eda vigente por parte de la Fiscal\u00eda desde el a\u00f1o pasado, cuando&nbsp;las bases cocaleras bloquearon las carreteras, exigiendo que Evo participe de las elecciones y cesen las \u00abpersecuciones\u00bb ante las acusaciones que apuntaron al expresidente por el delito de estupro.&nbsp; juez Javier&#8230;<\/p>\n","protected":false},"author":2,"featured_media":5736,"comment_status":"open","ping_status":"open","sticky":false,"template":"","format":"standard","meta":{"_jetpack_memberships_contains_paid_content":false,"footnotes":"","jetpack_publicize_message":"","jetpack_publicize_feature_enabled":true,"jetpack_social_post_already_shared":true,"jetpack_social_options":{"image_generator_settings":{"template":"highway","enabled":false},"version":2}},"categories":[1,3],"tags":[419,417,22,403],"class_list":["post-5734","post","type-post","status-publish","format-standard","has-post-thumbnail","hentry","category-bolivia","category-politica","tag-audiencia","tag-detencion-preventiva","tag-innoticias","tag-ponciano-santos"],"jetpack_publicize_connections":[],"yoast_head":"<!-- This site is optimized with the Yoast SEO plugin v23.4 - https:\/\/yoast.com\/wordpress\/plugins\/seo\/ -->\n<title>SEIS MESES DE PRISI\u00d3N PREVENTIVA PARA PONCIANO SANTOS - innoticiasbo.com<\/title>\n<meta name=\"robots\" content=\"index, follow, max-snippet:-1, max-image-preview:large, max-video-preview:-1\" \/>\n<link rel=\"canonical\" href=\"https:\/\/innoticiasbo.com\/index.php\/2025\/05\/17\/seis-meses-de-prision-preventiva-para-ponciano-santos\/\" \/>\n<meta property=\"og:locale\" content=\"es_ES\" \/>\n<meta property=\"og:type\" content=\"article\" \/>\n<meta property=\"og:title\" content=\"SEIS MESES DE PRISI\u00d3N PREVENTIVA PARA PONCIANO SANTOS - innoticiasbo.com\" \/>\n<meta property=\"og:description\" content=\"La Paz, 17 de mayo de 2025.- La orden de aprehensi\u00f3n contra Santos segu\u00eda vigente por parte de la Fiscal\u00eda desde el a\u00f1o pasado, cuando&nbsp;las bases cocaleras bloquearon las carreteras, exigiendo que Evo participe de las elecciones y cesen las \u00abpersecuciones\u00bb ante las acusaciones que apuntaron al expresidente por el delito de estupro.&nbsp; juez Javier...\" \/>\n<meta property=\"og:url\" content=\"https:\/\/innoticiasbo.com\/index.php\/2025\/05\/17\/seis-meses-de-prision-preventiva-para-ponciano-santos\/\" \/>\n<meta property=\"og:site_name\" content=\"innoticiasbo.com\" \/>\n<meta property=\"article:publisher\" content=\"https:\/\/www.facebook.com\/innoticiasbolivia\" \/>\n<meta property=\"article:published_time\" content=\"2025-05-18T00:18:42+00:00\" \/>\n<meta property=\"article:modified_time\" content=\"2025-05-18T00:19:29+00:00\" \/>\n<meta property=\"og:image\" content=\"https:\/\/i0.wp.com\/innoticiasbo.com\/wp-content\/uploads\/2025\/05\/IMG-20250516-WA02501.jpg?fit=900%2C1249&ssl=1\" \/>\n\t<meta property=\"og:image:width\" content=\"900\" \/>\n\t<meta property=\"og:image:height\" content=\"1249\" \/>\n\t<meta property=\"og:image:type\" content=\"image\/jpeg\" \/>\n<meta name=\"author\" content=\"Prensa\" \/>\n<meta name=\"twitter:card\" content=\"summary_large_image\" \/>\n<meta name=\"twitter:creator\" content=\"@innoticiasbo\" \/>\n<meta name=\"twitter:site\" content=\"@innoticiasbo\" \/>\n<meta name=\"twitter:label1\" content=\"Escrito por\" \/>\n\t<meta name=\"twitter:data1\" content=\"Prensa\" \/>\n\t<meta name=\"twitter:label2\" content=\"Tiempo de lectura\" \/>\n\t<meta name=\"twitter:data2\" content=\"2 minutos\" \/>\n<script type=\"application\/ld+json\" class=\"yoast-schema-graph\">{\"@context\":\"https:\/\/schema.org\",\"@graph\":[{\"@type\":\"Article\",\"@id\":\"https:\/\/innoticiasbo.com\/index.php\/2025\/05\/17\/seis-meses-de-prision-preventiva-para-ponciano-santos\/#article\",\"isPartOf\":{\"@id\":\"https:\/\/innoticiasbo.com\/index.php\/2025\/05\/17\/seis-meses-de-prision-preventiva-para-ponciano-santos\/\"},\"author\":{\"name\":\"Prensa\",\"@id\":\"https:\/\/innoticiasbo.com\/#\/schema\/person\/589cd527c4211df1b943bdad85ec07ce\"},\"headline\":\"SEIS MESES DE PRISI\u00d3N PREVENTIVA PARA PONCIANO SANTOS\",\"datePublished\":\"2025-05-18T00:18:42+00:00\",\"dateModified\":\"2025-05-18T00:19:29+00:00\",\"mainEntityOfPage\":{\"@id\":\"https:\/\/innoticiasbo.com\/index.php\/2025\/05\/17\/seis-meses-de-prision-preventiva-para-ponciano-santos\/\"},\"wordCount\":455,\"commentCount\":0,\"publisher\":{\"@id\":\"https:\/\/innoticiasbo.com\/#organization\"},\"image\":{\"@id\":\"https:\/\/innoticiasbo.com\/index.php\/2025\/05\/17\/seis-meses-de-prision-preventiva-para-ponciano-santos\/#primaryimage\"},\"thumbnailUrl\":\"https:\/\/i0.wp.com\/innoticiasbo.com\/wp-content\/uploads\/2025\/05\/IMG-20250516-WA02501.jpg?fit=900%2C1249&ssl=1\",\"keywords\":[\"audiencia\",\"detenci\u00f3n preventiva\",\"innoticias\",\"Ponciano Santos\"],\"articleSection\":[\"Bolivia\",\"Pol\u00edtica\"],\"inLanguage\":\"es\",\"potentialAction\":[{\"@type\":\"CommentAction\",\"name\":\"Comment\",\"target\":[\"https:\/\/innoticiasbo.com\/index.php\/2025\/05\/17\/seis-meses-de-prision-preventiva-para-ponciano-santos\/#respond\"]}]},{\"@type\":\"WebPage\",\"@id\":\"https:\/\/innoticiasbo.com\/index.php\/2025\/05\/17\/seis-meses-de-prision-preventiva-para-ponciano-santos\/\",\"url\":\"https:\/\/innoticiasbo.com\/index.php\/2025\/05\/17\/seis-meses-de-prision-preventiva-para-ponciano-santos\/\",\"name\":\"SEIS MESES DE PRISI\u00d3N PREVENTIVA PARA PONCIANO SANTOS - innoticiasbo.com\",\"isPartOf\":{\"@id\":\"https:\/\/innoticiasbo.com\/#website\"},\"primaryImageOfPage\":{\"@id\":\"https:\/\/innoticiasbo.com\/index.php\/2025\/05\/17\/seis-meses-de-prision-preventiva-para-ponciano-santos\/#primaryimage\"},\"image\":{\"@id\":\"https:\/\/innoticiasbo.com\/index.php\/2025\/05\/17\/seis-meses-de-prision-preventiva-para-ponciano-santos\/#primaryimage\"},\"thumbnailUrl\":\"https:\/\/i0.wp.com\/innoticiasbo.com\/wp-content\/uploads\/2025\/05\/IMG-20250516-WA02501.jpg?fit=900%2C1249&ssl=1\",\"datePublished\":\"2025-05-18T00:18:42+00:00\",\"dateModified\":\"2025-05-18T00:19:29+00:00\",\"breadcrumb\":{\"@id\":\"https:\/\/innoticiasbo.com\/index.php\/2025\/05\/17\/seis-meses-de-prision-preventiva-para-ponciano-santos\/#breadcrumb\"},\"inLanguage\":\"es\",\"potentialAction\":[{\"@type\":\"ReadAction\",\"target\":[\"https:\/\/innoticiasbo.com\/index.php\/2025\/05\/17\/seis-meses-de-prision-preventiva-para-ponciano-santos\/\"]}]},{\"@type\":\"ImageObject\",\"inLanguage\":\"es\",\"@id\":\"https:\/\/innoticiasbo.com\/index.php\/2025\/05\/17\/seis-meses-de-prision-preventiva-para-ponciano-santos\/#primaryimage\",\"url\":\"https:\/\/i0.wp.com\/innoticiasbo.com\/wp-content\/uploads\/2025\/05\/IMG-20250516-WA02501.jpg?fit=900%2C1249&ssl=1\",\"contentUrl\":\"https:\/\/i0.wp.com\/innoticiasbo.com\/wp-content\/uploads\/2025\/05\/IMG-20250516-WA02501.jpg?fit=900%2C1249&ssl=1\",\"width\":900,\"height\":1249},{\"@type\":\"BreadcrumbList\",\"@id\":\"https:\/\/innoticiasbo.com\/index.php\/2025\/05\/17\/seis-meses-de-prision-preventiva-para-ponciano-santos\/#breadcrumb\",\"itemListElement\":[{\"@type\":\"ListItem\",\"position\":1,\"name\":\"Portada\",\"item\":\"https:\/\/innoticiasbo.com\/\"},{\"@type\":\"ListItem\",\"position\":2,\"name\":\"SEIS MESES DE PRISI\u00d3N PREVENTIVA PARA PONCIANO SANTOS\"}]},{\"@type\":\"WebSite\",\"@id\":\"https:\/\/innoticiasbo.com\/#website\",\"url\":\"https:\/\/innoticiasbo.com\/\",\"name\":\"innoticiasbo.com\",\"description\":\"\",\"publisher\":{\"@id\":\"https:\/\/innoticiasbo.com\/#organization\"},\"potentialAction\":[{\"@type\":\"SearchAction\",\"target\":{\"@type\":\"EntryPoint\",\"urlTemplate\":\"https:\/\/innoticiasbo.com\/?s={search_term_string}\"},\"query-input\":{\"@type\":\"PropertyValueSpecification\",\"valueRequired\":true,\"valueName\":\"search_term_string\"}}],\"inLanguage\":\"es\"},{\"@type\":\"Organization\",\"@id\":\"https:\/\/innoticiasbo.com\/#organization\",\"name\":\"innoticiasbo.com\",\"url\":\"https:\/\/innoticiasbo.com\/\",\"logo\":{\"@type\":\"ImageObject\",\"inLanguage\":\"es\",\"@id\":\"https:\/\/innoticiasbo.com\/#\/schema\/logo\/image\/\",\"url\":\"https:\/\/i0.wp.com\/innoticiasbo.com\/wp-content\/uploads\/2026\/04\/cropped-IN-LOGO.png?fit=1476%2C1476&ssl=1\",\"contentUrl\":\"https:\/\/i0.wp.com\/innoticiasbo.com\/wp-content\/uploads\/2026\/04\/cropped-IN-LOGO.png?fit=1476%2C1476&ssl=1\",\"width\":1476,\"height\":1476,\"caption\":\"innoticiasbo.com\"},\"image\":{\"@id\":\"https:\/\/innoticiasbo.com\/#\/schema\/logo\/image\/\"},\"sameAs\":[\"https:\/\/www.facebook.com\/innoticiasbolivia\",\"https:\/\/x.com\/innoticiasbo\",\"https:\/\/www.instagram.com\/innoticiasbo\",\"https:\/\/www.youtube.com\/innoticiasbo\"]},{\"@type\":\"Person\",\"@id\":\"https:\/\/innoticiasbo.com\/#\/schema\/person\/589cd527c4211df1b943bdad85ec07ce\",\"name\":\"Prensa\",\"image\":{\"@type\":\"ImageObject\",\"inLanguage\":\"es\",\"@id\":\"https:\/\/innoticiasbo.com\/#\/schema\/person\/image\/\",\"url\":\"https:\/\/secure.gravatar.com\/avatar\/d359bbdf112023c1c0a3ec7fe1600657?s=96&d=mm&r=g\",\"contentUrl\":\"https:\/\/secure.gravatar.com\/avatar\/d359bbdf112023c1c0a3ec7fe1600657?s=96&d=mm&r=g\",\"caption\":\"Prensa\"},\"sameAs\":[\"http:\/\/www.innoticiasbo.com\"],\"url\":\"https:\/\/innoticiasbo.com\/index.php\/author\/prensa\/\"}]}<\/script>\n<!-- \/ Yoast SEO plugin. -->","yoast_head_json":{"title":"SEIS MESES DE PRISI\u00d3N PREVENTIVA PARA PONCIANO SANTOS - innoticiasbo.com","robots":{"index":"index","follow":"follow","max-snippet":"max-snippet:-1","max-image-preview":"max-image-preview:large","max-video-preview":"max-video-preview:-1"},"canonical":"https:\/\/innoticiasbo.com\/index.php\/2025\/05\/17\/seis-meses-de-prision-preventiva-para-ponciano-santos\/","og_locale":"es_ES","og_type":"article","og_title":"SEIS MESES DE PRISI\u00d3N PREVENTIVA PARA PONCIANO SANTOS - innoticiasbo.com","og_description":"La Paz, 17 de mayo de 2025.- La orden de aprehensi\u00f3n contra Santos segu\u00eda vigente por parte de la Fiscal\u00eda desde el a\u00f1o pasado, cuando&nbsp;las bases cocaleras bloquearon las carreteras, exigiendo que Evo participe de las elecciones y cesen las \u00abpersecuciones\u00bb ante las acusaciones que apuntaron al expresidente por el delito de estupro.&nbsp; juez Javier...","og_url":"https:\/\/innoticiasbo.com\/index.php\/2025\/05\/17\/seis-meses-de-prision-preventiva-para-ponciano-santos\/","og_site_name":"innoticiasbo.com","article_publisher":"https:\/\/www.facebook.com\/innoticiasbolivia","article_published_time":"2025-05-18T00:18:42+00:00","article_modified_time":"2025-05-18T00:19:29+00:00","og_image":[{"width":900,"height":1249,"url":"https:\/\/i0.wp.com\/innoticiasbo.com\/wp-content\/uploads\/2025\/05\/IMG-20250516-WA02501.jpg?fit=900%2C1249&ssl=1","type":"image\/jpeg"}],"author":"Prensa","twitter_card":"summary_large_image","twitter_creator":"@innoticiasbo","twitter_site":"@innoticiasbo","twitter_misc":{"Escrito por":"Prensa","Tiempo de lectura":"2 minutos"},"schema":{"@context":"https:\/\/schema.org","@graph":[{"@type":"Article","@id":"https:\/\/innoticiasbo.com\/index.php\/2025\/05\/17\/seis-meses-de-prision-preventiva-para-ponciano-santos\/#article","isPartOf":{"@id":"https:\/\/innoticiasbo.com\/index.php\/2025\/05\/17\/seis-meses-de-prision-preventiva-para-ponciano-santos\/"},"author":{"name":"Prensa","@id":"https:\/\/innoticiasbo.com\/#\/schema\/person\/589cd527c4211df1b943bdad85ec07ce"},"headline":"SEIS MESES DE PRISI\u00d3N PREVENTIVA PARA PONCIANO SANTOS","datePublished":"2025-05-18T00:18:42+00:00","dateModified":"2025-05-18T00:19:29+00:00","mainEntityOfPage":{"@id":"https:\/\/innoticiasbo.com\/index.php\/2025\/05\/17\/seis-meses-de-prision-preventiva-para-ponciano-santos\/"},"wordCount":455,"commentCount":0,"publisher":{"@id":"https:\/\/innoticiasbo.com\/#organization"},"image":{"@id":"https:\/\/innoticiasbo.com\/index.php\/2025\/05\/17\/seis-meses-de-prision-preventiva-para-ponciano-santos\/#primaryimage"},"thumbnailUrl":"https:\/\/i0.wp.com\/innoticiasbo.com\/wp-content\/uploads\/2025\/05\/IMG-20250516-WA02501.jpg?fit=900%2C1249&ssl=1","keywords":["audiencia","detenci\u00f3n preventiva","innoticias","Ponciano Santos"],"articleSection":["Bolivia","Pol\u00edtica"],"inLanguage":"es","potentialAction":[{"@type":"CommentAction","name":"Comment","target":["https:\/\/innoticiasbo.com\/index.php\/2025\/05\/17\/seis-meses-de-prision-preventiva-para-ponciano-santos\/#respond"]}]},{"@type":"WebPage","@id":"https:\/\/innoticiasbo.com\/index.php\/2025\/05\/17\/seis-meses-de-prision-preventiva-para-ponciano-santos\/","url":"https:\/\/innoticiasbo.com\/index.php\/2025\/05\/17\/seis-meses-de-prision-preventiva-para-ponciano-santos\/","name":"SEIS MESES DE PRISI\u00d3N PREVENTIVA PARA PONCIANO SANTOS - innoticiasbo.com","isPartOf":{"@id":"https:\/\/innoticiasbo.com\/#website"},"primaryImageOfPage":{"@id":"https:\/\/innoticiasbo.com\/index.php\/2025\/05\/17\/seis-meses-de-prision-preventiva-para-ponciano-santos\/#primaryimage"},"image":{"@id":"https:\/\/innoticiasbo.com\/index.php\/2025\/05\/17\/seis-meses-de-prision-preventiva-para-ponciano-santos\/#primaryimage"},"thumbnailUrl":"https:\/\/i0.wp.com\/innoticiasbo.com\/wp-content\/uploads\/2025\/05\/IMG-20250516-WA02501.jpg?fit=900%2C1249&ssl=1","datePublished":"2025-05-18T00:18:42+00:00","dateModified":"2025-05-18T00:19:29+00:00","breadcrumb":{"@id":"https:\/\/innoticiasbo.com\/index.php\/2025\/05\/17\/seis-meses-de-prision-preventiva-para-ponciano-santos\/#breadcrumb"},"inLanguage":"es","potentialAction":[{"@type":"ReadAction","target":["https:\/\/innoticiasbo.com\/index.php\/2025\/05\/17\/seis-meses-de-prision-preventiva-para-ponciano-santos\/"]}]},{"@type":"ImageObject","inLanguage":"es","@id":"https:\/\/innoticiasbo.com\/index.php\/2025\/05\/17\/seis-meses-de-prision-preventiva-para-ponciano-santos\/#primaryimage","url":"https:\/\/i0.wp.com\/innoticiasbo.com\/wp-content\/uploads\/2025\/05\/IMG-20250516-WA02501.jpg?fit=900%2C1249&ssl=1","contentUrl":"https:\/\/i0.wp.com\/innoticiasbo.com\/wp-content\/uploads\/2025\/05\/IMG-20250516-WA02501.jpg?fit=900%2C1249&ssl=1","width":900,"height":1249},{"@type":"BreadcrumbList","@id":"https:\/\/innoticiasbo.com\/index.php\/2025\/05\/17\/seis-meses-de-prision-preventiva-para-ponciano-santos\/#breadcrumb","itemListElement":[{"@type":"ListItem","position":1,"name":"Portada","item":"https:\/\/innoticiasbo.com\/"},{"@type":"ListItem","position":2,"name":"SEIS MESES DE PRISI\u00d3N PREVENTIVA PARA PONCIANO SANTOS"}]},{"@type":"WebSite","@id":"https:\/\/innoticiasbo.com\/#website","url":"https:\/\/innoticiasbo.com\/","name":"innoticiasbo.com","description":"","publisher":{"@id":"https:\/\/innoticiasbo.com\/#organization"},"potentialAction":[{"@type":"SearchAction","target":{"@type":"EntryPoint","urlTemplate":"https:\/\/innoticiasbo.com\/?s={search_term_string}"},"query-input":{"@type":"PropertyValueSpecification","valueRequired":true,"valueName":"search_term_string"}}],"inLanguage":"es"},{"@type":"Organization","@id":"https:\/\/innoticiasbo.com\/#organization","name":"innoticiasbo.com","url":"https:\/\/innoticiasbo.com\/","logo":{"@type":"ImageObject","inLanguage":"es","@id":"https:\/\/innoticiasbo.com\/#\/schema\/logo\/image\/","url":"https:\/\/i0.wp.com\/innoticiasbo.com\/wp-content\/uploads\/2026\/04\/cropped-IN-LOGO.png?fit=1476%2C1476&ssl=1","contentUrl":"https:\/\/i0.wp.com\/innoticiasbo.com\/wp-content\/uploads\/2026\/04\/cropped-IN-LOGO.png?fit=1476%2C1476&ssl=1","width":1476,"height":1476,"caption":"innoticiasbo.com"},"image":{"@id":"https:\/\/innoticiasbo.com\/#\/schema\/logo\/image\/"},"sameAs":["https:\/\/www.facebook.com\/innoticiasbolivia","https:\/\/x.com\/innoticiasbo","https:\/\/www.instagram.com\/innoticiasbo","https:\/\/www.youtube.com\/innoticiasbo"]},{"@type":"Person","@id":"https:\/\/innoticiasbo.com\/#\/schema\/person\/589cd527c4211df1b943bdad85ec07ce","name":"Prensa","image":{"@type":"ImageObject","inLanguage":"es","@id":"https:\/\/innoticiasbo.com\/#\/schema\/person\/image\/","url":"https:\/\/secure.gravatar.com\/avatar\/d359bbdf112023c1c0a3ec7fe1600657?s=96&d=mm&r=g","contentUrl":"https:\/\/secure.gravatar.com\/avatar\/d359bbdf112023c1c0a3ec7fe1600657?s=96&d=mm&r=g","caption":"Prensa"},"sameAs":["http:\/\/www.innoticiasbo.com"],"url":"https:\/\/innoticiasbo.com\/index.php\/author\/prensa\/"}]}},"jetpack_featured_media_url":"https:\/\/i0.wp.com\/innoticiasbo.com\/wp-content\/uploads\/2025\/05\/IMG-20250516-WA02501.jpg?fit=900%2C1249&ssl=1","jetpack_likes_enabled":true,"jetpack_sharing_enabled":true,"jetpack_shortlink":"https:\/\/wp.me\/pg298x-1uu","_links":{"self":[{"href":"https:\/\/innoticiasbo.com\/index.php\/wp-json\/wp\/v2\/posts\/5734","targetHints":{"allow":["GET"]}}],"collection":[{"href":"https:\/\/innoticiasbo.com\/index.php\/wp-json\/wp\/v2\/posts"}],"about":[{"href":"https:\/\/innoticiasbo.com\/index.php\/wp-json\/wp\/v2\/types\/post"}],"author":[{"embeddable":true,"href":"https:\/\/innoticiasbo.com\/index.php\/wp-json\/wp\/v2\/users\/2"}],"replies":[{"embeddable":true,"href":"https:\/\/innoticiasbo.com\/index.php\/wp-json\/wp\/v2\/comments?post=5734"}],"version-history":[{"count":2,"href":"https:\/\/innoticiasbo.com\/index.php\/wp-json\/wp\/v2\/posts\/5734\/revisions"}],"predecessor-version":[{"id":5737,"href":"https:\/\/innoticiasbo.com\/index.php\/wp-json\/wp\/v2\/posts\/5734\/revisions\/5737"}],"wp:featuredmedia":[{"embeddable":true,"href":"https:\/\/innoticiasbo.com\/index.php\/wp-json\/wp\/v2\/media\/5736"}],"wp:attachment":[{"href":"https:\/\/innoticiasbo.com\/index.php\/wp-json\/wp\/v2\/media?parent=5734"}],"wp:term":[{"taxonomy":"category","embeddable":true,"href":"https:\/\/innoticiasbo.com\/index.php\/wp-json\/wp\/v2\/categories?post=5734"},{"taxonomy":"post_tag","embeddable":true,"href":"https:\/\/innoticiasbo.com\/index.php\/wp-json\/wp\/v2\/tags?post=5734"}],"curies":[{"name":"wp","href":"https:\/\/api.w.org\/{rel}","templated":true}]}}