{"id":5731,"date":"2025-05-17T18:16:41","date_gmt":"2025-05-17T22:16:41","guid":{"rendered":"https:\/\/innoticiasbo.com\/?p=5731"},"modified":"2025-05-17T18:17:24","modified_gmt":"2025-05-17T22:17:24","slug":"evaliz-morales-defiende-al-dirigente-evista-ponciano-santos","status":"publish","type":"post","link":"https:\/\/innoticiasbo.com\/index.php\/2025\/05\/17\/evaliz-morales-defiende-al-dirigente-evista-ponciano-santos\/","title":{"rendered":"EVALIZ MORALES DEFIENDE AL DIRIGENTE EVISTA PONCIANO SANTOS"},"content":{"rendered":"\n<p><a class=\"logo\" href=\"https:\/\/www.reduno.com.bo\/\">La Paz, 17 de mayo de 2025.- <\/a>Santos encabez\u00f3 una\u00a0<strong>marcha<\/strong>\u00a0con el objetivo de inscribir la candidatura de Evo Morales ante el\u00a0<strong>Tribunal Supremo Electoral<\/strong>. Sobre \u00e9l pesaba una orden de aprehensi\u00f3n desde agosto de 2024 por su participaci\u00f3n en movilizaciones y bloqueos.<\/p>\n\n\n\n<p><a href=\"https:\/\/www.reduno.com.bo\/senal-en-vivo\"><\/a><\/p>\n\n\n\n<figure class=\"wp-block-image size-large\"><img data-recalc-dims=\"1\" loading=\"lazy\" decoding=\"async\" width=\"640\" height=\"340\" src=\"https:\/\/i0.wp.com\/innoticiasbo.com\/wp-content\/uploads\/2025\/05\/screenshot_20250517_180540_canva7469181274836172257.jpg?resize=640%2C340&#038;ssl=1\" alt=\"\" class=\"wp-image-5729\" title=\"Evaliz Morales defiende al dirigente evista  Ponciano Santos en audiencia por delitos graves\" srcset=\"https:\/\/i0.wp.com\/innoticiasbo.com\/wp-content\/uploads\/2025\/05\/screenshot_20250517_180540_canva7469181274836172257.jpg?w=900&amp;ssl=1 900w, https:\/\/i0.wp.com\/innoticiasbo.com\/wp-content\/uploads\/2025\/05\/screenshot_20250517_180540_canva7469181274836172257.jpg?resize=300%2C159&amp;ssl=1 300w, https:\/\/i0.wp.com\/innoticiasbo.com\/wp-content\/uploads\/2025\/05\/screenshot_20250517_180540_canva7469181274836172257.jpg?resize=768%2C408&amp;ssl=1 768w\" sizes=\"auto, (max-width: 640px) 100vw, 640px\" \/><\/figure>\n\n\n\n<p>La audiencia se desarrolla de forma virtual. La Fiscal\u00eda de La Paz lo investiga por los presuntos delitos de terrorismo, atentado contra los medios de transporte, y otros cargos vinculados a protestas y bloqueos registrados en 2024.<a class=\"aries_registry_brand_item p_0\" href=\"https:\/\/vidverto.io\/\" target=\"_blank\" rel=\"noreferrer noopener\"><\/a><\/p>\n\n\n\n<p>La Fiscal\u00eda&nbsp;insiste en que los indicios presentados son suficientes para aplicar la medida extrema de detenci\u00f3n preventiva. La audiencia a\u00fan contin\u00faa y se espera que el juez defina en las pr\u00f3ximas horas la situaci\u00f3n jur\u00eddica del dirigente.<\/p>\n","protected":false},"excerpt":{"rendered":"<p>La Paz, 17 de mayo de 2025.- Santos encabez\u00f3 una\u00a0marcha\u00a0con el objetivo de inscribir la candidatura de Evo Morales ante el\u00a0Tribunal Supremo Electoral. Sobre \u00e9l pesaba una orden de aprehensi\u00f3n desde agosto de 2024 por su participaci\u00f3n en movilizaciones y bloqueos. La audiencia se desarrolla de forma virtual. La Fiscal\u00eda de La Paz lo investiga&#8230;<\/p>\n","protected":false},"author":2,"featured_media":5730,"comment_status":"open","ping_status":"open","sticky":false,"template":"","format":"standard","meta":{"_jetpack_memberships_contains_paid_content":false,"footnotes":"","jetpack_publicize_message":"","jetpack_publicize_feature_enabled":true,"jetpack_social_post_already_shared":true,"jetpack_social_options":{"image_generator_settings":{"template":"highway","enabled":false},"version":2}},"categories":[1,3],"tags":[419,418,403],"class_list":["post-5731","post","type-post","status-publish","format-standard","has-post-thumbnail","hentry","category-bolivia","category-politica","tag-audiencia","tag-eva-liz-morales","tag-ponciano-santos"],"jetpack_publicize_connections":[],"yoast_head":"<!-- This site is optimized with the Yoast SEO plugin v23.4 - https:\/\/yoast.com\/wordpress\/plugins\/seo\/ -->\n<title>EVALIZ MORALES DEFIENDE AL DIRIGENTE EVISTA PONCIANO SANTOS - innoticiasbo.com<\/title>\n<meta name=\"robots\" content=\"index, follow, max-snippet:-1, max-image-preview:large, max-video-preview:-1\" \/>\n<link rel=\"canonical\" href=\"https:\/\/innoticiasbo.com\/index.php\/2025\/05\/17\/evaliz-morales-defiende-al-dirigente-evista-ponciano-santos\/\" \/>\n<meta property=\"og:locale\" content=\"es_ES\" \/>\n<meta property=\"og:type\" content=\"article\" \/>\n<meta property=\"og:title\" content=\"EVALIZ MORALES DEFIENDE AL DIRIGENTE EVISTA PONCIANO SANTOS - innoticiasbo.com\" \/>\n<meta property=\"og:description\" content=\"La Paz, 17 de mayo de 2025.- Santos encabez\u00f3 una\u00a0marcha\u00a0con el objetivo de inscribir la candidatura de Evo Morales ante el\u00a0Tribunal Supremo Electoral. Sobre \u00e9l pesaba una orden de aprehensi\u00f3n desde agosto de 2024 por su participaci\u00f3n en movilizaciones y bloqueos. La audiencia se desarrolla de forma virtual. La Fiscal\u00eda de La Paz lo investiga...\" \/>\n<meta property=\"og:url\" content=\"https:\/\/innoticiasbo.com\/index.php\/2025\/05\/17\/evaliz-morales-defiende-al-dirigente-evista-ponciano-santos\/\" \/>\n<meta property=\"og:site_name\" content=\"innoticiasbo.com\" \/>\n<meta property=\"article:publisher\" content=\"https:\/\/www.facebook.com\/innoticiasbolivia\" \/>\n<meta property=\"article:published_time\" content=\"2025-05-17T22:16:41+00:00\" \/>\n<meta property=\"article:modified_time\" content=\"2025-05-17T22:17:24+00:00\" \/>\n<meta property=\"og:image\" content=\"https:\/\/i0.wp.com\/innoticiasbo.com\/wp-content\/uploads\/2025\/05\/Screenshot_20250517_180540_Canva.jpg?fit=900%2C478&ssl=1\" \/>\n\t<meta property=\"og:image:width\" content=\"900\" \/>\n\t<meta property=\"og:image:height\" content=\"478\" \/>\n\t<meta property=\"og:image:type\" content=\"image\/jpeg\" \/>\n<meta name=\"author\" content=\"Prensa\" \/>\n<meta name=\"twitter:card\" content=\"summary_large_image\" \/>\n<meta name=\"twitter:creator\" content=\"@innoticiasbo\" \/>\n<meta name=\"twitter:site\" content=\"@innoticiasbo\" \/>\n<meta name=\"twitter:label1\" content=\"Escrito por\" \/>\n\t<meta name=\"twitter:data1\" content=\"Prensa\" \/>\n\t<meta name=\"twitter:label2\" content=\"Tiempo de lectura\" \/>\n\t<meta name=\"twitter:data2\" content=\"1 minuto\" \/>\n<script type=\"application\/ld+json\" class=\"yoast-schema-graph\">{\"@context\":\"https:\/\/schema.org\",\"@graph\":[{\"@type\":\"Article\",\"@id\":\"https:\/\/innoticiasbo.com\/index.php\/2025\/05\/17\/evaliz-morales-defiende-al-dirigente-evista-ponciano-santos\/#article\",\"isPartOf\":{\"@id\":\"https:\/\/innoticiasbo.com\/index.php\/2025\/05\/17\/evaliz-morales-defiende-al-dirigente-evista-ponciano-santos\/\"},\"author\":{\"name\":\"Prensa\",\"@id\":\"https:\/\/innoticiasbo.com\/#\/schema\/person\/589cd527c4211df1b943bdad85ec07ce\"},\"headline\":\"EVALIZ MORALES DEFIENDE AL DIRIGENTE EVISTA PONCIANO SANTOS\",\"datePublished\":\"2025-05-17T22:16:41+00:00\",\"dateModified\":\"2025-05-17T22:17:24+00:00\",\"mainEntityOfPage\":{\"@id\":\"https:\/\/innoticiasbo.com\/index.php\/2025\/05\/17\/evaliz-morales-defiende-al-dirigente-evista-ponciano-santos\/\"},\"wordCount\":135,\"commentCount\":0,\"publisher\":{\"@id\":\"https:\/\/innoticiasbo.com\/#organization\"},\"image\":{\"@id\":\"https:\/\/innoticiasbo.com\/index.php\/2025\/05\/17\/evaliz-morales-defiende-al-dirigente-evista-ponciano-santos\/#primaryimage\"},\"thumbnailUrl\":\"https:\/\/i0.wp.com\/innoticiasbo.com\/wp-content\/uploads\/2025\/05\/Screenshot_20250517_180540_Canva.jpg?fit=900%2C478&ssl=1\",\"keywords\":[\"audiencia\",\"Eva Liz Morales\",\"Ponciano Santos\"],\"articleSection\":[\"Bolivia\",\"Pol\u00edtica\"],\"inLanguage\":\"es\",\"potentialAction\":[{\"@type\":\"CommentAction\",\"name\":\"Comment\",\"target\":[\"https:\/\/innoticiasbo.com\/index.php\/2025\/05\/17\/evaliz-morales-defiende-al-dirigente-evista-ponciano-santos\/#respond\"]}]},{\"@type\":\"WebPage\",\"@id\":\"https:\/\/innoticiasbo.com\/index.php\/2025\/05\/17\/evaliz-morales-defiende-al-dirigente-evista-ponciano-santos\/\",\"url\":\"https:\/\/innoticiasbo.com\/index.php\/2025\/05\/17\/evaliz-morales-defiende-al-dirigente-evista-ponciano-santos\/\",\"name\":\"EVALIZ MORALES DEFIENDE AL DIRIGENTE EVISTA PONCIANO SANTOS - innoticiasbo.com\",\"isPartOf\":{\"@id\":\"https:\/\/innoticiasbo.com\/#website\"},\"primaryImageOfPage\":{\"@id\":\"https:\/\/innoticiasbo.com\/index.php\/2025\/05\/17\/evaliz-morales-defiende-al-dirigente-evista-ponciano-santos\/#primaryimage\"},\"image\":{\"@id\":\"https:\/\/innoticiasbo.com\/index.php\/2025\/05\/17\/evaliz-morales-defiende-al-dirigente-evista-ponciano-santos\/#primaryimage\"},\"thumbnailUrl\":\"https:\/\/i0.wp.com\/innoticiasbo.com\/wp-content\/uploads\/2025\/05\/Screenshot_20250517_180540_Canva.jpg?fit=900%2C478&ssl=1\",\"datePublished\":\"2025-05-17T22:16:41+00:00\",\"dateModified\":\"2025-05-17T22:17:24+00:00\",\"breadcrumb\":{\"@id\":\"https:\/\/innoticiasbo.com\/index.php\/2025\/05\/17\/evaliz-morales-defiende-al-dirigente-evista-ponciano-santos\/#breadcrumb\"},\"inLanguage\":\"es\",\"potentialAction\":[{\"@type\":\"ReadAction\",\"target\":[\"https:\/\/innoticiasbo.com\/index.php\/2025\/05\/17\/evaliz-morales-defiende-al-dirigente-evista-ponciano-santos\/\"]}]},{\"@type\":\"ImageObject\",\"inLanguage\":\"es\",\"@id\":\"https:\/\/innoticiasbo.com\/index.php\/2025\/05\/17\/evaliz-morales-defiende-al-dirigente-evista-ponciano-santos\/#primaryimage\",\"url\":\"https:\/\/i0.wp.com\/innoticiasbo.com\/wp-content\/uploads\/2025\/05\/Screenshot_20250517_180540_Canva.jpg?fit=900%2C478&ssl=1\",\"contentUrl\":\"https:\/\/i0.wp.com\/innoticiasbo.com\/wp-content\/uploads\/2025\/05\/Screenshot_20250517_180540_Canva.jpg?fit=900%2C478&ssl=1\",\"width\":900,\"height\":478},{\"@type\":\"BreadcrumbList\",\"@id\":\"https:\/\/innoticiasbo.com\/index.php\/2025\/05\/17\/evaliz-morales-defiende-al-dirigente-evista-ponciano-santos\/#breadcrumb\",\"itemListElement\":[{\"@type\":\"ListItem\",\"position\":1,\"name\":\"Portada\",\"item\":\"https:\/\/innoticiasbo.com\/\"},{\"@type\":\"ListItem\",\"position\":2,\"name\":\"EVALIZ MORALES DEFIENDE AL DIRIGENTE EVISTA PONCIANO SANTOS\"}]},{\"@type\":\"WebSite\",\"@id\":\"https:\/\/innoticiasbo.com\/#website\",\"url\":\"https:\/\/innoticiasbo.com\/\",\"name\":\"innoticiasbo.com\",\"description\":\"\",\"publisher\":{\"@id\":\"https:\/\/innoticiasbo.com\/#organization\"},\"potentialAction\":[{\"@type\":\"SearchAction\",\"target\":{\"@type\":\"EntryPoint\",\"urlTemplate\":\"https:\/\/innoticiasbo.com\/?s={search_term_string}\"},\"query-input\":{\"@type\":\"PropertyValueSpecification\",\"valueRequired\":true,\"valueName\":\"search_term_string\"}}],\"inLanguage\":\"es\"},{\"@type\":\"Organization\",\"@id\":\"https:\/\/innoticiasbo.com\/#organization\",\"name\":\"innoticiasbo.com\",\"url\":\"https:\/\/innoticiasbo.com\/\",\"logo\":{\"@type\":\"ImageObject\",\"inLanguage\":\"es\",\"@id\":\"https:\/\/innoticiasbo.com\/#\/schema\/logo\/image\/\",\"url\":\"https:\/\/i0.wp.com\/innoticiasbo.com\/wp-content\/uploads\/2026\/04\/cropped-IN-LOGO.png?fit=1476%2C1476&ssl=1\",\"contentUrl\":\"https:\/\/i0.wp.com\/innoticiasbo.com\/wp-content\/uploads\/2026\/04\/cropped-IN-LOGO.png?fit=1476%2C1476&ssl=1\",\"width\":1476,\"height\":1476,\"caption\":\"innoticiasbo.com\"},\"image\":{\"@id\":\"https:\/\/innoticiasbo.com\/#\/schema\/logo\/image\/\"},\"sameAs\":[\"https:\/\/www.facebook.com\/innoticiasbolivia\",\"https:\/\/x.com\/innoticiasbo\",\"https:\/\/www.instagram.com\/innoticiasbo\",\"https:\/\/www.youtube.com\/innoticiasbo\"]},{\"@type\":\"Person\",\"@id\":\"https:\/\/innoticiasbo.com\/#\/schema\/person\/589cd527c4211df1b943bdad85ec07ce\",\"name\":\"Prensa\",\"image\":{\"@type\":\"ImageObject\",\"inLanguage\":\"es\",\"@id\":\"https:\/\/innoticiasbo.com\/#\/schema\/person\/image\/\",\"url\":\"https:\/\/secure.gravatar.com\/avatar\/d359bbdf112023c1c0a3ec7fe1600657?s=96&d=mm&r=g\",\"contentUrl\":\"https:\/\/secure.gravatar.com\/avatar\/d359bbdf112023c1c0a3ec7fe1600657?s=96&d=mm&r=g\",\"caption\":\"Prensa\"},\"sameAs\":[\"http:\/\/www.innoticiasbo.com\"],\"url\":\"https:\/\/innoticiasbo.com\/index.php\/author\/prensa\/\"}]}<\/script>\n<!-- \/ Yoast SEO plugin. -->","yoast_head_json":{"title":"EVALIZ MORALES DEFIENDE AL DIRIGENTE EVISTA PONCIANO SANTOS - innoticiasbo.com","robots":{"index":"index","follow":"follow","max-snippet":"max-snippet:-1","max-image-preview":"max-image-preview:large","max-video-preview":"max-video-preview:-1"},"canonical":"https:\/\/innoticiasbo.com\/index.php\/2025\/05\/17\/evaliz-morales-defiende-al-dirigente-evista-ponciano-santos\/","og_locale":"es_ES","og_type":"article","og_title":"EVALIZ MORALES DEFIENDE AL DIRIGENTE EVISTA PONCIANO SANTOS - innoticiasbo.com","og_description":"La Paz, 17 de mayo de 2025.- Santos encabez\u00f3 una\u00a0marcha\u00a0con el objetivo de inscribir la candidatura de Evo Morales ante el\u00a0Tribunal Supremo Electoral. Sobre \u00e9l pesaba una orden de aprehensi\u00f3n desde agosto de 2024 por su participaci\u00f3n en movilizaciones y bloqueos. La audiencia se desarrolla de forma virtual. La Fiscal\u00eda de La Paz lo investiga...","og_url":"https:\/\/innoticiasbo.com\/index.php\/2025\/05\/17\/evaliz-morales-defiende-al-dirigente-evista-ponciano-santos\/","og_site_name":"innoticiasbo.com","article_publisher":"https:\/\/www.facebook.com\/innoticiasbolivia","article_published_time":"2025-05-17T22:16:41+00:00","article_modified_time":"2025-05-17T22:17:24+00:00","og_image":[{"width":900,"height":478,"url":"https:\/\/i0.wp.com\/innoticiasbo.com\/wp-content\/uploads\/2025\/05\/Screenshot_20250517_180540_Canva.jpg?fit=900%2C478&ssl=1","type":"image\/jpeg"}],"author":"Prensa","twitter_card":"summary_large_image","twitter_creator":"@innoticiasbo","twitter_site":"@innoticiasbo","twitter_misc":{"Escrito por":"Prensa","Tiempo de lectura":"1 minuto"},"schema":{"@context":"https:\/\/schema.org","@graph":[{"@type":"Article","@id":"https:\/\/innoticiasbo.com\/index.php\/2025\/05\/17\/evaliz-morales-defiende-al-dirigente-evista-ponciano-santos\/#article","isPartOf":{"@id":"https:\/\/innoticiasbo.com\/index.php\/2025\/05\/17\/evaliz-morales-defiende-al-dirigente-evista-ponciano-santos\/"},"author":{"name":"Prensa","@id":"https:\/\/innoticiasbo.com\/#\/schema\/person\/589cd527c4211df1b943bdad85ec07ce"},"headline":"EVALIZ MORALES DEFIENDE AL DIRIGENTE EVISTA PONCIANO SANTOS","datePublished":"2025-05-17T22:16:41+00:00","dateModified":"2025-05-17T22:17:24+00:00","mainEntityOfPage":{"@id":"https:\/\/innoticiasbo.com\/index.php\/2025\/05\/17\/evaliz-morales-defiende-al-dirigente-evista-ponciano-santos\/"},"wordCount":135,"commentCount":0,"publisher":{"@id":"https:\/\/innoticiasbo.com\/#organization"},"image":{"@id":"https:\/\/innoticiasbo.com\/index.php\/2025\/05\/17\/evaliz-morales-defiende-al-dirigente-evista-ponciano-santos\/#primaryimage"},"thumbnailUrl":"https:\/\/i0.wp.com\/innoticiasbo.com\/wp-content\/uploads\/2025\/05\/Screenshot_20250517_180540_Canva.jpg?fit=900%2C478&ssl=1","keywords":["audiencia","Eva Liz Morales","Ponciano Santos"],"articleSection":["Bolivia","Pol\u00edtica"],"inLanguage":"es","potentialAction":[{"@type":"CommentAction","name":"Comment","target":["https:\/\/innoticiasbo.com\/index.php\/2025\/05\/17\/evaliz-morales-defiende-al-dirigente-evista-ponciano-santos\/#respond"]}]},{"@type":"WebPage","@id":"https:\/\/innoticiasbo.com\/index.php\/2025\/05\/17\/evaliz-morales-defiende-al-dirigente-evista-ponciano-santos\/","url":"https:\/\/innoticiasbo.com\/index.php\/2025\/05\/17\/evaliz-morales-defiende-al-dirigente-evista-ponciano-santos\/","name":"EVALIZ MORALES DEFIENDE AL DIRIGENTE EVISTA PONCIANO SANTOS - innoticiasbo.com","isPartOf":{"@id":"https:\/\/innoticiasbo.com\/#website"},"primaryImageOfPage":{"@id":"https:\/\/innoticiasbo.com\/index.php\/2025\/05\/17\/evaliz-morales-defiende-al-dirigente-evista-ponciano-santos\/#primaryimage"},"image":{"@id":"https:\/\/innoticiasbo.com\/index.php\/2025\/05\/17\/evaliz-morales-defiende-al-dirigente-evista-ponciano-santos\/#primaryimage"},"thumbnailUrl":"https:\/\/i0.wp.com\/innoticiasbo.com\/wp-content\/uploads\/2025\/05\/Screenshot_20250517_180540_Canva.jpg?fit=900%2C478&ssl=1","datePublished":"2025-05-17T22:16:41+00:00","dateModified":"2025-05-17T22:17:24+00:00","breadcrumb":{"@id":"https:\/\/innoticiasbo.com\/index.php\/2025\/05\/17\/evaliz-morales-defiende-al-dirigente-evista-ponciano-santos\/#breadcrumb"},"inLanguage":"es","potentialAction":[{"@type":"ReadAction","target":["https:\/\/innoticiasbo.com\/index.php\/2025\/05\/17\/evaliz-morales-defiende-al-dirigente-evista-ponciano-santos\/"]}]},{"@type":"ImageObject","inLanguage":"es","@id":"https:\/\/innoticiasbo.com\/index.php\/2025\/05\/17\/evaliz-morales-defiende-al-dirigente-evista-ponciano-santos\/#primaryimage","url":"https:\/\/i0.wp.com\/innoticiasbo.com\/wp-content\/uploads\/2025\/05\/Screenshot_20250517_180540_Canva.jpg?fit=900%2C478&ssl=1","contentUrl":"https:\/\/i0.wp.com\/innoticiasbo.com\/wp-content\/uploads\/2025\/05\/Screenshot_20250517_180540_Canva.jpg?fit=900%2C478&ssl=1","width":900,"height":478},{"@type":"BreadcrumbList","@id":"https:\/\/innoticiasbo.com\/index.php\/2025\/05\/17\/evaliz-morales-defiende-al-dirigente-evista-ponciano-santos\/#breadcrumb","itemListElement":[{"@type":"ListItem","position":1,"name":"Portada","item":"https:\/\/innoticiasbo.com\/"},{"@type":"ListItem","position":2,"name":"EVALIZ MORALES DEFIENDE AL DIRIGENTE EVISTA PONCIANO SANTOS"}]},{"@type":"WebSite","@id":"https:\/\/innoticiasbo.com\/#website","url":"https:\/\/innoticiasbo.com\/","name":"innoticiasbo.com","description":"","publisher":{"@id":"https:\/\/innoticiasbo.com\/#organization"},"potentialAction":[{"@type":"SearchAction","target":{"@type":"EntryPoint","urlTemplate":"https:\/\/innoticiasbo.com\/?s={search_term_string}"},"query-input":{"@type":"PropertyValueSpecification","valueRequired":true,"valueName":"search_term_string"}}],"inLanguage":"es"},{"@type":"Organization","@id":"https:\/\/innoticiasbo.com\/#organization","name":"innoticiasbo.com","url":"https:\/\/innoticiasbo.com\/","logo":{"@type":"ImageObject","inLanguage":"es","@id":"https:\/\/innoticiasbo.com\/#\/schema\/logo\/image\/","url":"https:\/\/i0.wp.com\/innoticiasbo.com\/wp-content\/uploads\/2026\/04\/cropped-IN-LOGO.png?fit=1476%2C1476&ssl=1","contentUrl":"https:\/\/i0.wp.com\/innoticiasbo.com\/wp-content\/uploads\/2026\/04\/cropped-IN-LOGO.png?fit=1476%2C1476&ssl=1","width":1476,"height":1476,"caption":"innoticiasbo.com"},"image":{"@id":"https:\/\/innoticiasbo.com\/#\/schema\/logo\/image\/"},"sameAs":["https:\/\/www.facebook.com\/innoticiasbolivia","https:\/\/x.com\/innoticiasbo","https:\/\/www.instagram.com\/innoticiasbo","https:\/\/www.youtube.com\/innoticiasbo"]},{"@type":"Person","@id":"https:\/\/innoticiasbo.com\/#\/schema\/person\/589cd527c4211df1b943bdad85ec07ce","name":"Prensa","image":{"@type":"ImageObject","inLanguage":"es","@id":"https:\/\/innoticiasbo.com\/#\/schema\/person\/image\/","url":"https:\/\/secure.gravatar.com\/avatar\/d359bbdf112023c1c0a3ec7fe1600657?s=96&d=mm&r=g","contentUrl":"https:\/\/secure.gravatar.com\/avatar\/d359bbdf112023c1c0a3ec7fe1600657?s=96&d=mm&r=g","caption":"Prensa"},"sameAs":["http:\/\/www.innoticiasbo.com"],"url":"https:\/\/innoticiasbo.com\/index.php\/author\/prensa\/"}]}},"jetpack_featured_media_url":"https:\/\/i0.wp.com\/innoticiasbo.com\/wp-content\/uploads\/2025\/05\/Screenshot_20250517_180540_Canva.jpg?fit=900%2C478&ssl=1","jetpack_likes_enabled":true,"jetpack_sharing_enabled":true,"jetpack_shortlink":"https:\/\/wp.me\/pg298x-1ur","_links":{"self":[{"href":"https:\/\/innoticiasbo.com\/index.php\/wp-json\/wp\/v2\/posts\/5731","targetHints":{"allow":["GET"]}}],"collection":[{"href":"https:\/\/innoticiasbo.com\/index.php\/wp-json\/wp\/v2\/posts"}],"about":[{"href":"https:\/\/innoticiasbo.com\/index.php\/wp-json\/wp\/v2\/types\/post"}],"author":[{"embeddable":true,"href":"https:\/\/innoticiasbo.com\/index.php\/wp-json\/wp\/v2\/users\/2"}],"replies":[{"embeddable":true,"href":"https:\/\/innoticiasbo.com\/index.php\/wp-json\/wp\/v2\/comments?post=5731"}],"version-history":[{"count":1,"href":"https:\/\/innoticiasbo.com\/index.php\/wp-json\/wp\/v2\/posts\/5731\/revisions"}],"predecessor-version":[{"id":5732,"href":"https:\/\/innoticiasbo.com\/index.php\/wp-json\/wp\/v2\/posts\/5731\/revisions\/5732"}],"wp:featuredmedia":[{"embeddable":true,"href":"https:\/\/innoticiasbo.com\/index.php\/wp-json\/wp\/v2\/media\/5730"}],"wp:attachment":[{"href":"https:\/\/innoticiasbo.com\/index.php\/wp-json\/wp\/v2\/media?parent=5731"}],"wp:term":[{"taxonomy":"category","embeddable":true,"href":"https:\/\/innoticiasbo.com\/index.php\/wp-json\/wp\/v2\/categories?post=5731"},{"taxonomy":"post_tag","embeddable":true,"href":"https:\/\/innoticiasbo.com\/index.php\/wp-json\/wp\/v2\/tags?post=5731"}],"curies":[{"name":"wp","href":"https:\/\/api.w.org\/{rel}","templated":true}]}}