{"id":5674,"date":"2025-05-16T18:08:44","date_gmt":"2025-05-16T22:08:44","guid":{"rendered":"https:\/\/innoticiasbo.com\/?p=5674"},"modified":"2025-05-16T18:09:14","modified_gmt":"2025-05-16T22:09:14","slug":"la-dirigente-juanita-ancieta-tambien-habria-sido-aprehendida-en-la-paz","status":"publish","type":"post","link":"https:\/\/innoticiasbo.com\/index.php\/2025\/05\/16\/la-dirigente-juanita-ancieta-tambien-habria-sido-aprehendida-en-la-paz\/","title":{"rendered":"LA DIRIGENTE JUANITA ANCIETA TAMBI\u00c9N HABR\u00cdA SIDO APREHENDIDA EN LA PAZ"},"content":{"rendered":"\n<p>La Paz, 16 de mayo del 2025.- Denuncian que la dirigente evista Juanita Ancieta tambi\u00e9n fue detenida durante la marcha de este viernes.\u00a0<\/p>\n\n\n\n<p>\u00abDe igual forma, denunciamos la aprehensi\u00f3n ilegal de nuestra hermana Juanita Ancieta. Bolivia vive una dictadura que persigue y silencia a quienes alzan la voz. \u00a1No nos callar\u00e1n!\u00bb, denunci\u00f3 el abogado Andr\u00e9s Mendoza, de parte del evismo.\u00a0<\/p>\n\n\n\n<p>El comandante departamental de La Paz, Gunther Agudo,\u00a0inform\u00f3 que este viernes se hizo cumplimiento a varias \u00f3rdenes de aprehensi\u00f3n, sin embargo, no dio m\u00e1s detalles.<\/p>\n\n\n\n<p>Fuente: Urgente.bo <\/p>\n\n\n\n<p><\/p>\n","protected":false},"excerpt":{"rendered":"<p>La Paz, 16 de mayo del 2025.- Denuncian que la dirigente evista Juanita Ancieta tambi\u00e9n fue detenida durante la marcha de este viernes.\u00a0 \u00abDe igual forma, denunciamos la aprehensi\u00f3n ilegal de nuestra hermana Juanita Ancieta. Bolivia vive una dictadura que persigue y silencia a quienes alzan la voz. \u00a1No nos callar\u00e1n!\u00bb, denunci\u00f3 el abogado Andr\u00e9s&#8230;<\/p>\n","protected":false},"author":3,"featured_media":5673,"comment_status":"open","ping_status":"open","sticky":false,"template":"","format":"standard","meta":{"_jetpack_memberships_contains_paid_content":false,"footnotes":"","jetpack_publicize_message":"","jetpack_publicize_feature_enabled":true,"jetpack_social_post_already_shared":true,"jetpack_social_options":{"image_generator_settings":{"template":"highway","enabled":false},"version":2}},"categories":[3],"tags":[269,168,407,387],"class_list":["post-5674","post","type-post","status-publish","format-standard","has-post-thumbnail","hentry","category-politica","tag-aprehendida","tag-evistas","tag-juanita-ancieta","tag-marcha"],"jetpack_publicize_connections":[],"yoast_head":"<!-- This site is optimized with the Yoast SEO plugin v23.4 - https:\/\/yoast.com\/wordpress\/plugins\/seo\/ -->\n<title>LA DIRIGENTE JUANITA ANCIETA TAMBI\u00c9N HABR\u00cdA SIDO APREHENDIDA EN LA PAZ - innoticiasbo.com<\/title>\n<meta name=\"robots\" content=\"index, follow, max-snippet:-1, max-image-preview:large, max-video-preview:-1\" \/>\n<link rel=\"canonical\" href=\"https:\/\/innoticiasbo.com\/index.php\/2025\/05\/16\/la-dirigente-juanita-ancieta-tambien-habria-sido-aprehendida-en-la-paz\/\" \/>\n<meta property=\"og:locale\" content=\"es_ES\" \/>\n<meta property=\"og:type\" content=\"article\" \/>\n<meta property=\"og:title\" content=\"LA DIRIGENTE JUANITA ANCIETA TAMBI\u00c9N HABR\u00cdA SIDO APREHENDIDA EN LA PAZ - innoticiasbo.com\" \/>\n<meta property=\"og:description\" content=\"La Paz, 16 de mayo del 2025.- Denuncian que la dirigente evista Juanita Ancieta tambi\u00e9n fue detenida durante la marcha de este viernes.\u00a0 \u00abDe igual forma, denunciamos la aprehensi\u00f3n ilegal de nuestra hermana Juanita Ancieta. Bolivia vive una dictadura que persigue y silencia a quienes alzan la voz. \u00a1No nos callar\u00e1n!\u00bb, denunci\u00f3 el abogado Andr\u00e9s...\" \/>\n<meta property=\"og:url\" content=\"https:\/\/innoticiasbo.com\/index.php\/2025\/05\/16\/la-dirigente-juanita-ancieta-tambien-habria-sido-aprehendida-en-la-paz\/\" \/>\n<meta property=\"og:site_name\" content=\"innoticiasbo.com\" \/>\n<meta property=\"article:publisher\" content=\"https:\/\/www.facebook.com\/innoticiasbolivia\" \/>\n<meta property=\"article:published_time\" content=\"2025-05-16T22:08:44+00:00\" \/>\n<meta property=\"article:modified_time\" content=\"2025-05-16T22:09:14+00:00\" \/>\n<meta property=\"og:image\" content=\"https:\/\/i0.wp.com\/innoticiasbo.com\/wp-content\/uploads\/2025\/05\/Screenshot_20250516_180607_Facebook.jpg?fit=1079%2C606&ssl=1\" \/>\n\t<meta property=\"og:image:width\" content=\"1079\" \/>\n\t<meta property=\"og:image:height\" content=\"606\" \/>\n\t<meta property=\"og:image:type\" content=\"image\/jpeg\" \/>\n<meta name=\"author\" content=\"Prensa 2\" \/>\n<meta name=\"twitter:card\" content=\"summary_large_image\" \/>\n<meta name=\"twitter:creator\" content=\"@innoticiasbo\" \/>\n<meta name=\"twitter:site\" content=\"@innoticiasbo\" \/>\n<meta name=\"twitter:label1\" content=\"Escrito por\" \/>\n\t<meta name=\"twitter:data1\" content=\"Prensa 2\" \/>\n<script type=\"application\/ld+json\" class=\"yoast-schema-graph\">{\"@context\":\"https:\/\/schema.org\",\"@graph\":[{\"@type\":\"Article\",\"@id\":\"https:\/\/innoticiasbo.com\/index.php\/2025\/05\/16\/la-dirigente-juanita-ancieta-tambien-habria-sido-aprehendida-en-la-paz\/#article\",\"isPartOf\":{\"@id\":\"https:\/\/innoticiasbo.com\/index.php\/2025\/05\/16\/la-dirigente-juanita-ancieta-tambien-habria-sido-aprehendida-en-la-paz\/\"},\"author\":{\"name\":\"Prensa 2\",\"@id\":\"https:\/\/innoticiasbo.com\/#\/schema\/person\/6f3e5eca02a7cf7249145609797573f2\"},\"headline\":\"LA DIRIGENTE JUANITA ANCIETA TAMBI\u00c9N HABR\u00cdA SIDO APREHENDIDA EN LA PAZ\",\"datePublished\":\"2025-05-16T22:08:44+00:00\",\"dateModified\":\"2025-05-16T22:09:14+00:00\",\"mainEntityOfPage\":{\"@id\":\"https:\/\/innoticiasbo.com\/index.php\/2025\/05\/16\/la-dirigente-juanita-ancieta-tambien-habria-sido-aprehendida-en-la-paz\/\"},\"wordCount\":107,\"commentCount\":0,\"publisher\":{\"@id\":\"https:\/\/innoticiasbo.com\/#organization\"},\"image\":{\"@id\":\"https:\/\/innoticiasbo.com\/index.php\/2025\/05\/16\/la-dirigente-juanita-ancieta-tambien-habria-sido-aprehendida-en-la-paz\/#primaryimage\"},\"thumbnailUrl\":\"https:\/\/i0.wp.com\/innoticiasbo.com\/wp-content\/uploads\/2025\/05\/Screenshot_20250516_180607_Facebook.jpg?fit=1079%2C606&ssl=1\",\"keywords\":[\"aprehendida\",\"evistas\",\"Juanita Ancieta\",\"marcha\"],\"articleSection\":[\"Pol\u00edtica\"],\"inLanguage\":\"es\",\"potentialAction\":[{\"@type\":\"CommentAction\",\"name\":\"Comment\",\"target\":[\"https:\/\/innoticiasbo.com\/index.php\/2025\/05\/16\/la-dirigente-juanita-ancieta-tambien-habria-sido-aprehendida-en-la-paz\/#respond\"]}]},{\"@type\":\"WebPage\",\"@id\":\"https:\/\/innoticiasbo.com\/index.php\/2025\/05\/16\/la-dirigente-juanita-ancieta-tambien-habria-sido-aprehendida-en-la-paz\/\",\"url\":\"https:\/\/innoticiasbo.com\/index.php\/2025\/05\/16\/la-dirigente-juanita-ancieta-tambien-habria-sido-aprehendida-en-la-paz\/\",\"name\":\"LA DIRIGENTE JUANITA ANCIETA TAMBI\u00c9N HABR\u00cdA SIDO APREHENDIDA EN LA PAZ - innoticiasbo.com\",\"isPartOf\":{\"@id\":\"https:\/\/innoticiasbo.com\/#website\"},\"primaryImageOfPage\":{\"@id\":\"https:\/\/innoticiasbo.com\/index.php\/2025\/05\/16\/la-dirigente-juanita-ancieta-tambien-habria-sido-aprehendida-en-la-paz\/#primaryimage\"},\"image\":{\"@id\":\"https:\/\/innoticiasbo.com\/index.php\/2025\/05\/16\/la-dirigente-juanita-ancieta-tambien-habria-sido-aprehendida-en-la-paz\/#primaryimage\"},\"thumbnailUrl\":\"https:\/\/i0.wp.com\/innoticiasbo.com\/wp-content\/uploads\/2025\/05\/Screenshot_20250516_180607_Facebook.jpg?fit=1079%2C606&ssl=1\",\"datePublished\":\"2025-05-16T22:08:44+00:00\",\"dateModified\":\"2025-05-16T22:09:14+00:00\",\"breadcrumb\":{\"@id\":\"https:\/\/innoticiasbo.com\/index.php\/2025\/05\/16\/la-dirigente-juanita-ancieta-tambien-habria-sido-aprehendida-en-la-paz\/#breadcrumb\"},\"inLanguage\":\"es\",\"potentialAction\":[{\"@type\":\"ReadAction\",\"target\":[\"https:\/\/innoticiasbo.com\/index.php\/2025\/05\/16\/la-dirigente-juanita-ancieta-tambien-habria-sido-aprehendida-en-la-paz\/\"]}]},{\"@type\":\"ImageObject\",\"inLanguage\":\"es\",\"@id\":\"https:\/\/innoticiasbo.com\/index.php\/2025\/05\/16\/la-dirigente-juanita-ancieta-tambien-habria-sido-aprehendida-en-la-paz\/#primaryimage\",\"url\":\"https:\/\/i0.wp.com\/innoticiasbo.com\/wp-content\/uploads\/2025\/05\/Screenshot_20250516_180607_Facebook.jpg?fit=1079%2C606&ssl=1\",\"contentUrl\":\"https:\/\/i0.wp.com\/innoticiasbo.com\/wp-content\/uploads\/2025\/05\/Screenshot_20250516_180607_Facebook.jpg?fit=1079%2C606&ssl=1\",\"width\":1079,\"height\":606},{\"@type\":\"BreadcrumbList\",\"@id\":\"https:\/\/innoticiasbo.com\/index.php\/2025\/05\/16\/la-dirigente-juanita-ancieta-tambien-habria-sido-aprehendida-en-la-paz\/#breadcrumb\",\"itemListElement\":[{\"@type\":\"ListItem\",\"position\":1,\"name\":\"Portada\",\"item\":\"https:\/\/innoticiasbo.com\/\"},{\"@type\":\"ListItem\",\"position\":2,\"name\":\"LA DIRIGENTE JUANITA ANCIETA TAMBI\u00c9N HABR\u00cdA SIDO APREHENDIDA EN LA PAZ\"}]},{\"@type\":\"WebSite\",\"@id\":\"https:\/\/innoticiasbo.com\/#website\",\"url\":\"https:\/\/innoticiasbo.com\/\",\"name\":\"innoticiasbo.com\",\"description\":\"\",\"publisher\":{\"@id\":\"https:\/\/innoticiasbo.com\/#organization\"},\"potentialAction\":[{\"@type\":\"SearchAction\",\"target\":{\"@type\":\"EntryPoint\",\"urlTemplate\":\"https:\/\/innoticiasbo.com\/?s={search_term_string}\"},\"query-input\":{\"@type\":\"PropertyValueSpecification\",\"valueRequired\":true,\"valueName\":\"search_term_string\"}}],\"inLanguage\":\"es\"},{\"@type\":\"Organization\",\"@id\":\"https:\/\/innoticiasbo.com\/#organization\",\"name\":\"innoticiasbo.com\",\"url\":\"https:\/\/innoticiasbo.com\/\",\"logo\":{\"@type\":\"ImageObject\",\"inLanguage\":\"es\",\"@id\":\"https:\/\/innoticiasbo.com\/#\/schema\/logo\/image\/\",\"url\":\"https:\/\/i0.wp.com\/innoticiasbo.com\/wp-content\/uploads\/2026\/04\/cropped-IN-LOGO.png?fit=1476%2C1476&ssl=1\",\"contentUrl\":\"https:\/\/i0.wp.com\/innoticiasbo.com\/wp-content\/uploads\/2026\/04\/cropped-IN-LOGO.png?fit=1476%2C1476&ssl=1\",\"width\":1476,\"height\":1476,\"caption\":\"innoticiasbo.com\"},\"image\":{\"@id\":\"https:\/\/innoticiasbo.com\/#\/schema\/logo\/image\/\"},\"sameAs\":[\"https:\/\/www.facebook.com\/innoticiasbolivia\",\"https:\/\/x.com\/innoticiasbo\",\"https:\/\/www.instagram.com\/innoticiasbo\",\"https:\/\/www.youtube.com\/innoticiasbo\"]},{\"@type\":\"Person\",\"@id\":\"https:\/\/innoticiasbo.com\/#\/schema\/person\/6f3e5eca02a7cf7249145609797573f2\",\"name\":\"Prensa 2\",\"image\":{\"@type\":\"ImageObject\",\"inLanguage\":\"es\",\"@id\":\"https:\/\/innoticiasbo.com\/#\/schema\/person\/image\/\",\"url\":\"https:\/\/secure.gravatar.com\/avatar\/1d189cd124d02eac2fef69ee12563d60?s=96&d=mm&r=g\",\"contentUrl\":\"https:\/\/secure.gravatar.com\/avatar\/1d189cd124d02eac2fef69ee12563d60?s=96&d=mm&r=g\",\"caption\":\"Prensa 2\"},\"sameAs\":[\"http:\/\/www.innoticiasbo.com\"],\"url\":\"https:\/\/innoticiasbo.com\/index.php\/author\/prensa-2\/\"}]}<\/script>\n<!-- \/ Yoast SEO plugin. -->","yoast_head_json":{"title":"LA DIRIGENTE JUANITA ANCIETA TAMBI\u00c9N HABR\u00cdA SIDO APREHENDIDA EN LA PAZ - innoticiasbo.com","robots":{"index":"index","follow":"follow","max-snippet":"max-snippet:-1","max-image-preview":"max-image-preview:large","max-video-preview":"max-video-preview:-1"},"canonical":"https:\/\/innoticiasbo.com\/index.php\/2025\/05\/16\/la-dirigente-juanita-ancieta-tambien-habria-sido-aprehendida-en-la-paz\/","og_locale":"es_ES","og_type":"article","og_title":"LA DIRIGENTE JUANITA ANCIETA TAMBI\u00c9N HABR\u00cdA SIDO APREHENDIDA EN LA PAZ - innoticiasbo.com","og_description":"La Paz, 16 de mayo del 2025.- Denuncian que la dirigente evista Juanita Ancieta tambi\u00e9n fue detenida durante la marcha de este viernes.\u00a0 \u00abDe igual forma, denunciamos la aprehensi\u00f3n ilegal de nuestra hermana Juanita Ancieta. Bolivia vive una dictadura que persigue y silencia a quienes alzan la voz. \u00a1No nos callar\u00e1n!\u00bb, denunci\u00f3 el abogado Andr\u00e9s...","og_url":"https:\/\/innoticiasbo.com\/index.php\/2025\/05\/16\/la-dirigente-juanita-ancieta-tambien-habria-sido-aprehendida-en-la-paz\/","og_site_name":"innoticiasbo.com","article_publisher":"https:\/\/www.facebook.com\/innoticiasbolivia","article_published_time":"2025-05-16T22:08:44+00:00","article_modified_time":"2025-05-16T22:09:14+00:00","og_image":[{"width":1079,"height":606,"url":"https:\/\/i0.wp.com\/innoticiasbo.com\/wp-content\/uploads\/2025\/05\/Screenshot_20250516_180607_Facebook.jpg?fit=1079%2C606&ssl=1","type":"image\/jpeg"}],"author":"Prensa 2","twitter_card":"summary_large_image","twitter_creator":"@innoticiasbo","twitter_site":"@innoticiasbo","twitter_misc":{"Escrito por":"Prensa 2"},"schema":{"@context":"https:\/\/schema.org","@graph":[{"@type":"Article","@id":"https:\/\/innoticiasbo.com\/index.php\/2025\/05\/16\/la-dirigente-juanita-ancieta-tambien-habria-sido-aprehendida-en-la-paz\/#article","isPartOf":{"@id":"https:\/\/innoticiasbo.com\/index.php\/2025\/05\/16\/la-dirigente-juanita-ancieta-tambien-habria-sido-aprehendida-en-la-paz\/"},"author":{"name":"Prensa 2","@id":"https:\/\/innoticiasbo.com\/#\/schema\/person\/6f3e5eca02a7cf7249145609797573f2"},"headline":"LA DIRIGENTE JUANITA ANCIETA TAMBI\u00c9N HABR\u00cdA SIDO APREHENDIDA EN LA PAZ","datePublished":"2025-05-16T22:08:44+00:00","dateModified":"2025-05-16T22:09:14+00:00","mainEntityOfPage":{"@id":"https:\/\/innoticiasbo.com\/index.php\/2025\/05\/16\/la-dirigente-juanita-ancieta-tambien-habria-sido-aprehendida-en-la-paz\/"},"wordCount":107,"commentCount":0,"publisher":{"@id":"https:\/\/innoticiasbo.com\/#organization"},"image":{"@id":"https:\/\/innoticiasbo.com\/index.php\/2025\/05\/16\/la-dirigente-juanita-ancieta-tambien-habria-sido-aprehendida-en-la-paz\/#primaryimage"},"thumbnailUrl":"https:\/\/i0.wp.com\/innoticiasbo.com\/wp-content\/uploads\/2025\/05\/Screenshot_20250516_180607_Facebook.jpg?fit=1079%2C606&ssl=1","keywords":["aprehendida","evistas","Juanita Ancieta","marcha"],"articleSection":["Pol\u00edtica"],"inLanguage":"es","potentialAction":[{"@type":"CommentAction","name":"Comment","target":["https:\/\/innoticiasbo.com\/index.php\/2025\/05\/16\/la-dirigente-juanita-ancieta-tambien-habria-sido-aprehendida-en-la-paz\/#respond"]}]},{"@type":"WebPage","@id":"https:\/\/innoticiasbo.com\/index.php\/2025\/05\/16\/la-dirigente-juanita-ancieta-tambien-habria-sido-aprehendida-en-la-paz\/","url":"https:\/\/innoticiasbo.com\/index.php\/2025\/05\/16\/la-dirigente-juanita-ancieta-tambien-habria-sido-aprehendida-en-la-paz\/","name":"LA DIRIGENTE JUANITA ANCIETA TAMBI\u00c9N HABR\u00cdA SIDO APREHENDIDA EN LA PAZ - innoticiasbo.com","isPartOf":{"@id":"https:\/\/innoticiasbo.com\/#website"},"primaryImageOfPage":{"@id":"https:\/\/innoticiasbo.com\/index.php\/2025\/05\/16\/la-dirigente-juanita-ancieta-tambien-habria-sido-aprehendida-en-la-paz\/#primaryimage"},"image":{"@id":"https:\/\/innoticiasbo.com\/index.php\/2025\/05\/16\/la-dirigente-juanita-ancieta-tambien-habria-sido-aprehendida-en-la-paz\/#primaryimage"},"thumbnailUrl":"https:\/\/i0.wp.com\/innoticiasbo.com\/wp-content\/uploads\/2025\/05\/Screenshot_20250516_180607_Facebook.jpg?fit=1079%2C606&ssl=1","datePublished":"2025-05-16T22:08:44+00:00","dateModified":"2025-05-16T22:09:14+00:00","breadcrumb":{"@id":"https:\/\/innoticiasbo.com\/index.php\/2025\/05\/16\/la-dirigente-juanita-ancieta-tambien-habria-sido-aprehendida-en-la-paz\/#breadcrumb"},"inLanguage":"es","potentialAction":[{"@type":"ReadAction","target":["https:\/\/innoticiasbo.com\/index.php\/2025\/05\/16\/la-dirigente-juanita-ancieta-tambien-habria-sido-aprehendida-en-la-paz\/"]}]},{"@type":"ImageObject","inLanguage":"es","@id":"https:\/\/innoticiasbo.com\/index.php\/2025\/05\/16\/la-dirigente-juanita-ancieta-tambien-habria-sido-aprehendida-en-la-paz\/#primaryimage","url":"https:\/\/i0.wp.com\/innoticiasbo.com\/wp-content\/uploads\/2025\/05\/Screenshot_20250516_180607_Facebook.jpg?fit=1079%2C606&ssl=1","contentUrl":"https:\/\/i0.wp.com\/innoticiasbo.com\/wp-content\/uploads\/2025\/05\/Screenshot_20250516_180607_Facebook.jpg?fit=1079%2C606&ssl=1","width":1079,"height":606},{"@type":"BreadcrumbList","@id":"https:\/\/innoticiasbo.com\/index.php\/2025\/05\/16\/la-dirigente-juanita-ancieta-tambien-habria-sido-aprehendida-en-la-paz\/#breadcrumb","itemListElement":[{"@type":"ListItem","position":1,"name":"Portada","item":"https:\/\/innoticiasbo.com\/"},{"@type":"ListItem","position":2,"name":"LA DIRIGENTE JUANITA ANCIETA TAMBI\u00c9N HABR\u00cdA SIDO APREHENDIDA EN LA PAZ"}]},{"@type":"WebSite","@id":"https:\/\/innoticiasbo.com\/#website","url":"https:\/\/innoticiasbo.com\/","name":"innoticiasbo.com","description":"","publisher":{"@id":"https:\/\/innoticiasbo.com\/#organization"},"potentialAction":[{"@type":"SearchAction","target":{"@type":"EntryPoint","urlTemplate":"https:\/\/innoticiasbo.com\/?s={search_term_string}"},"query-input":{"@type":"PropertyValueSpecification","valueRequired":true,"valueName":"search_term_string"}}],"inLanguage":"es"},{"@type":"Organization","@id":"https:\/\/innoticiasbo.com\/#organization","name":"innoticiasbo.com","url":"https:\/\/innoticiasbo.com\/","logo":{"@type":"ImageObject","inLanguage":"es","@id":"https:\/\/innoticiasbo.com\/#\/schema\/logo\/image\/","url":"https:\/\/i0.wp.com\/innoticiasbo.com\/wp-content\/uploads\/2026\/04\/cropped-IN-LOGO.png?fit=1476%2C1476&ssl=1","contentUrl":"https:\/\/i0.wp.com\/innoticiasbo.com\/wp-content\/uploads\/2026\/04\/cropped-IN-LOGO.png?fit=1476%2C1476&ssl=1","width":1476,"height":1476,"caption":"innoticiasbo.com"},"image":{"@id":"https:\/\/innoticiasbo.com\/#\/schema\/logo\/image\/"},"sameAs":["https:\/\/www.facebook.com\/innoticiasbolivia","https:\/\/x.com\/innoticiasbo","https:\/\/www.instagram.com\/innoticiasbo","https:\/\/www.youtube.com\/innoticiasbo"]},{"@type":"Person","@id":"https:\/\/innoticiasbo.com\/#\/schema\/person\/6f3e5eca02a7cf7249145609797573f2","name":"Prensa 2","image":{"@type":"ImageObject","inLanguage":"es","@id":"https:\/\/innoticiasbo.com\/#\/schema\/person\/image\/","url":"https:\/\/secure.gravatar.com\/avatar\/1d189cd124d02eac2fef69ee12563d60?s=96&d=mm&r=g","contentUrl":"https:\/\/secure.gravatar.com\/avatar\/1d189cd124d02eac2fef69ee12563d60?s=96&d=mm&r=g","caption":"Prensa 2"},"sameAs":["http:\/\/www.innoticiasbo.com"],"url":"https:\/\/innoticiasbo.com\/index.php\/author\/prensa-2\/"}]}},"jetpack_featured_media_url":"https:\/\/i0.wp.com\/innoticiasbo.com\/wp-content\/uploads\/2025\/05\/Screenshot_20250516_180607_Facebook.jpg?fit=1079%2C606&ssl=1","jetpack_likes_enabled":true,"jetpack_sharing_enabled":true,"jetpack_shortlink":"https:\/\/wp.me\/pg298x-1tw","_links":{"self":[{"href":"https:\/\/innoticiasbo.com\/index.php\/wp-json\/wp\/v2\/posts\/5674","targetHints":{"allow":["GET"]}}],"collection":[{"href":"https:\/\/innoticiasbo.com\/index.php\/wp-json\/wp\/v2\/posts"}],"about":[{"href":"https:\/\/innoticiasbo.com\/index.php\/wp-json\/wp\/v2\/types\/post"}],"author":[{"embeddable":true,"href":"https:\/\/innoticiasbo.com\/index.php\/wp-json\/wp\/v2\/users\/3"}],"replies":[{"embeddable":true,"href":"https:\/\/innoticiasbo.com\/index.php\/wp-json\/wp\/v2\/comments?post=5674"}],"version-history":[{"count":1,"href":"https:\/\/innoticiasbo.com\/index.php\/wp-json\/wp\/v2\/posts\/5674\/revisions"}],"predecessor-version":[{"id":5675,"href":"https:\/\/innoticiasbo.com\/index.php\/wp-json\/wp\/v2\/posts\/5674\/revisions\/5675"}],"wp:featuredmedia":[{"embeddable":true,"href":"https:\/\/innoticiasbo.com\/index.php\/wp-json\/wp\/v2\/media\/5673"}],"wp:attachment":[{"href":"https:\/\/innoticiasbo.com\/index.php\/wp-json\/wp\/v2\/media?parent=5674"}],"wp:term":[{"taxonomy":"category","embeddable":true,"href":"https:\/\/innoticiasbo.com\/index.php\/wp-json\/wp\/v2\/categories?post=5674"},{"taxonomy":"post_tag","embeddable":true,"href":"https:\/\/innoticiasbo.com\/index.php\/wp-json\/wp\/v2\/tags?post=5674"}],"curies":[{"name":"wp","href":"https:\/\/api.w.org\/{rel}","templated":true}]}}