{"id":5660,"date":"2025-05-16T17:11:07","date_gmt":"2025-05-16T21:11:07","guid":{"rendered":"https:\/\/innoticiasbo.com\/?p=5660"},"modified":"2025-05-16T17:11:42","modified_gmt":"2025-05-16T21:11:42","slug":"evo-morales-admite-que-no-esta-en-la-paz-y-denuncia-brutal-represion","status":"publish","type":"post","link":"https:\/\/innoticiasbo.com\/index.php\/2025\/05\/16\/evo-morales-admite-que-no-esta-en-la-paz-y-denuncia-brutal-represion\/","title":{"rendered":"EVO MORALES ADMITE QUE NO EST\u00c1 EN LA PAZ Y DENUNCIA \u201cBRUTAL REPRESI\u00d3N\u201d"},"content":{"rendered":"\n<p>La Paz, 16 de mayo DE 2025.- El expresidente Evo Morales mediante su Facebook se refiri\u00f3 a la marcha evista en tercera persona se\u00f1alando que \u201cmiles de hermanas y hermanos que hac\u00edan una manifestaci\u00f3n pac\u00edfica &#8211; exigiendo el respeto a los derechos democr\u00e1ticos \u2013brutalmente reprimidos por centenares de polic\u00edas del actual gobierno.<\/p>\n\n\n\n<figure class=\"wp-block-image size-large\"><img data-recalc-dims=\"1\" loading=\"lazy\" decoding=\"async\" width=\"640\" height=\"533\" src=\"https:\/\/i0.wp.com\/innoticiasbo.com\/wp-content\/uploads\/2025\/05\/img-20250516-wa02621806404343217553285.jpg?resize=640%2C533&#038;ssl=1\" alt=\"\" class=\"wp-image-5658\" srcset=\"https:\/\/i0.wp.com\/innoticiasbo.com\/wp-content\/uploads\/2025\/05\/img-20250516-wa02621806404343217553285.jpg?w=677&amp;ssl=1 677w, https:\/\/i0.wp.com\/innoticiasbo.com\/wp-content\/uploads\/2025\/05\/img-20250516-wa02621806404343217553285.jpg?resize=300%2C250&amp;ssl=1 300w\" sizes=\"auto, (max-width: 640px) 100vw, 640px\" \/><\/figure>\n\n\n\n<p>Pedimos a organismos internacionales una visita a Bolivia para investigar el Terrorismo de Estado que se vive con las violaciones a los derechos humanos, detenciones indebidas, como el de nuestro hermano, Ejecutivo Nacional de la (CSUTCB), Ponciano Santos\u201d, public\u00f3 a las 16:50 de este viernes.<\/p>\n\n\n\n<p>Su referencia revela que no estar\u00eda en La Paz, como se\u00f1alaron tanto el senador Leonardo Loza, como sus dirigentes y que tampoco participar\u00e1 en la marcha.<\/p>\n\n\n\n<h1 class=\"wp-block-heading\"><\/h1>\n","protected":false},"excerpt":{"rendered":"<p>La Paz, 16 de mayo DE 2025.- El expresidente Evo Morales mediante su Facebook se refiri\u00f3 a la marcha evista en tercera persona se\u00f1alando que \u201cmiles de hermanas y hermanos que hac\u00edan una manifestaci\u00f3n pac\u00edfica &#8211; exigiendo el respeto a los derechos democr\u00e1ticos \u2013brutalmente reprimidos por centenares de polic\u00edas del actual gobierno. Pedimos a organismos&#8230;<\/p>\n","protected":false},"author":2,"featured_media":5659,"comment_status":"open","ping_status":"open","sticky":false,"template":"","format":"standard","meta":{"_jetpack_memberships_contains_paid_content":false,"footnotes":"","jetpack_publicize_message":"","jetpack_publicize_feature_enabled":true,"jetpack_social_post_already_shared":true,"jetpack_social_options":{"image_generator_settings":{"template":"highway","enabled":false},"version":2}},"categories":[1,3],"tags":[69,22,403,404],"class_list":["post-5660","post","type-post","status-publish","format-standard","has-post-thumbnail","hentry","category-bolivia","category-politica","tag-evo-morales","tag-innoticias","tag-ponciano-santos","tag-represion"],"jetpack_publicize_connections":[],"yoast_head":"<!-- This site is optimized with the Yoast SEO plugin v23.4 - https:\/\/yoast.com\/wordpress\/plugins\/seo\/ -->\n<title>EVO MORALES ADMITE QUE NO EST\u00c1 EN LA PAZ Y DENUNCIA \u201cBRUTAL REPRESI\u00d3N\u201d - innoticiasbo.com<\/title>\n<meta name=\"robots\" content=\"index, follow, max-snippet:-1, max-image-preview:large, max-video-preview:-1\" \/>\n<link rel=\"canonical\" href=\"https:\/\/innoticiasbo.com\/index.php\/2025\/05\/16\/evo-morales-admite-que-no-esta-en-la-paz-y-denuncia-brutal-represion\/\" \/>\n<meta property=\"og:locale\" content=\"es_ES\" \/>\n<meta property=\"og:type\" content=\"article\" \/>\n<meta property=\"og:title\" content=\"EVO MORALES ADMITE QUE NO EST\u00c1 EN LA PAZ Y DENUNCIA \u201cBRUTAL REPRESI\u00d3N\u201d - innoticiasbo.com\" \/>\n<meta property=\"og:description\" content=\"La Paz, 16 de mayo DE 2025.- El expresidente Evo Morales mediante su Facebook se refiri\u00f3 a la marcha evista en tercera persona se\u00f1alando que \u201cmiles de hermanas y hermanos que hac\u00edan una manifestaci\u00f3n pac\u00edfica &#8211; exigiendo el respeto a los derechos democr\u00e1ticos \u2013brutalmente reprimidos por centenares de polic\u00edas del actual gobierno. Pedimos a organismos...\" \/>\n<meta property=\"og:url\" content=\"https:\/\/innoticiasbo.com\/index.php\/2025\/05\/16\/evo-morales-admite-que-no-esta-en-la-paz-y-denuncia-brutal-represion\/\" \/>\n<meta property=\"og:site_name\" content=\"innoticiasbo.com\" \/>\n<meta property=\"article:publisher\" content=\"https:\/\/www.facebook.com\/innoticiasbolivia\" \/>\n<meta property=\"article:published_time\" content=\"2025-05-16T21:11:07+00:00\" \/>\n<meta property=\"article:modified_time\" content=\"2025-05-16T21:11:42+00:00\" \/>\n<meta property=\"og:image\" content=\"https:\/\/i0.wp.com\/innoticiasbo.com\/wp-content\/uploads\/2025\/05\/IMG-20250516-WA0262.jpg?fit=677%2C564&ssl=1\" \/>\n\t<meta property=\"og:image:width\" content=\"677\" \/>\n\t<meta property=\"og:image:height\" content=\"564\" \/>\n\t<meta property=\"og:image:type\" content=\"image\/jpeg\" \/>\n<meta name=\"author\" content=\"Prensa\" \/>\n<meta name=\"twitter:card\" content=\"summary_large_image\" \/>\n<meta name=\"twitter:creator\" content=\"@innoticiasbo\" \/>\n<meta name=\"twitter:site\" content=\"@innoticiasbo\" \/>\n<meta name=\"twitter:label1\" content=\"Escrito por\" \/>\n\t<meta name=\"twitter:data1\" content=\"Prensa\" \/>\n\t<meta name=\"twitter:label2\" content=\"Tiempo de lectura\" \/>\n\t<meta name=\"twitter:data2\" content=\"1 minuto\" \/>\n<script type=\"application\/ld+json\" class=\"yoast-schema-graph\">{\"@context\":\"https:\/\/schema.org\",\"@graph\":[{\"@type\":\"Article\",\"@id\":\"https:\/\/innoticiasbo.com\/index.php\/2025\/05\/16\/evo-morales-admite-que-no-esta-en-la-paz-y-denuncia-brutal-represion\/#article\",\"isPartOf\":{\"@id\":\"https:\/\/innoticiasbo.com\/index.php\/2025\/05\/16\/evo-morales-admite-que-no-esta-en-la-paz-y-denuncia-brutal-represion\/\"},\"author\":{\"name\":\"Prensa\",\"@id\":\"https:\/\/innoticiasbo.com\/#\/schema\/person\/589cd527c4211df1b943bdad85ec07ce\"},\"headline\":\"EVO MORALES ADMITE QUE NO EST\u00c1 EN LA PAZ Y DENUNCIA \u201cBRUTAL REPRESI\u00d3N\u201d\",\"datePublished\":\"2025-05-16T21:11:07+00:00\",\"dateModified\":\"2025-05-16T21:11:42+00:00\",\"mainEntityOfPage\":{\"@id\":\"https:\/\/innoticiasbo.com\/index.php\/2025\/05\/16\/evo-morales-admite-que-no-esta-en-la-paz-y-denuncia-brutal-represion\/\"},\"wordCount\":143,\"commentCount\":0,\"publisher\":{\"@id\":\"https:\/\/innoticiasbo.com\/#organization\"},\"image\":{\"@id\":\"https:\/\/innoticiasbo.com\/index.php\/2025\/05\/16\/evo-morales-admite-que-no-esta-en-la-paz-y-denuncia-brutal-represion\/#primaryimage\"},\"thumbnailUrl\":\"https:\/\/i0.wp.com\/innoticiasbo.com\/wp-content\/uploads\/2025\/05\/IMG-20250516-WA0262.jpg?fit=677%2C564&ssl=1\",\"keywords\":[\"Evo Morales\",\"innoticias\",\"Ponciano Santos\",\"represi\u00f3n\"],\"articleSection\":[\"Bolivia\",\"Pol\u00edtica\"],\"inLanguage\":\"es\",\"potentialAction\":[{\"@type\":\"CommentAction\",\"name\":\"Comment\",\"target\":[\"https:\/\/innoticiasbo.com\/index.php\/2025\/05\/16\/evo-morales-admite-que-no-esta-en-la-paz-y-denuncia-brutal-represion\/#respond\"]}]},{\"@type\":\"WebPage\",\"@id\":\"https:\/\/innoticiasbo.com\/index.php\/2025\/05\/16\/evo-morales-admite-que-no-esta-en-la-paz-y-denuncia-brutal-represion\/\",\"url\":\"https:\/\/innoticiasbo.com\/index.php\/2025\/05\/16\/evo-morales-admite-que-no-esta-en-la-paz-y-denuncia-brutal-represion\/\",\"name\":\"EVO MORALES ADMITE QUE NO EST\u00c1 EN LA PAZ Y DENUNCIA \u201cBRUTAL REPRESI\u00d3N\u201d - innoticiasbo.com\",\"isPartOf\":{\"@id\":\"https:\/\/innoticiasbo.com\/#website\"},\"primaryImageOfPage\":{\"@id\":\"https:\/\/innoticiasbo.com\/index.php\/2025\/05\/16\/evo-morales-admite-que-no-esta-en-la-paz-y-denuncia-brutal-represion\/#primaryimage\"},\"image\":{\"@id\":\"https:\/\/innoticiasbo.com\/index.php\/2025\/05\/16\/evo-morales-admite-que-no-esta-en-la-paz-y-denuncia-brutal-represion\/#primaryimage\"},\"thumbnailUrl\":\"https:\/\/i0.wp.com\/innoticiasbo.com\/wp-content\/uploads\/2025\/05\/IMG-20250516-WA0262.jpg?fit=677%2C564&ssl=1\",\"datePublished\":\"2025-05-16T21:11:07+00:00\",\"dateModified\":\"2025-05-16T21:11:42+00:00\",\"breadcrumb\":{\"@id\":\"https:\/\/innoticiasbo.com\/index.php\/2025\/05\/16\/evo-morales-admite-que-no-esta-en-la-paz-y-denuncia-brutal-represion\/#breadcrumb\"},\"inLanguage\":\"es\",\"potentialAction\":[{\"@type\":\"ReadAction\",\"target\":[\"https:\/\/innoticiasbo.com\/index.php\/2025\/05\/16\/evo-morales-admite-que-no-esta-en-la-paz-y-denuncia-brutal-represion\/\"]}]},{\"@type\":\"ImageObject\",\"inLanguage\":\"es\",\"@id\":\"https:\/\/innoticiasbo.com\/index.php\/2025\/05\/16\/evo-morales-admite-que-no-esta-en-la-paz-y-denuncia-brutal-represion\/#primaryimage\",\"url\":\"https:\/\/i0.wp.com\/innoticiasbo.com\/wp-content\/uploads\/2025\/05\/IMG-20250516-WA0262.jpg?fit=677%2C564&ssl=1\",\"contentUrl\":\"https:\/\/i0.wp.com\/innoticiasbo.com\/wp-content\/uploads\/2025\/05\/IMG-20250516-WA0262.jpg?fit=677%2C564&ssl=1\",\"width\":677,\"height\":564},{\"@type\":\"BreadcrumbList\",\"@id\":\"https:\/\/innoticiasbo.com\/index.php\/2025\/05\/16\/evo-morales-admite-que-no-esta-en-la-paz-y-denuncia-brutal-represion\/#breadcrumb\",\"itemListElement\":[{\"@type\":\"ListItem\",\"position\":1,\"name\":\"Portada\",\"item\":\"https:\/\/innoticiasbo.com\/\"},{\"@type\":\"ListItem\",\"position\":2,\"name\":\"EVO MORALES ADMITE QUE NO EST\u00c1 EN LA PAZ Y DENUNCIA \u201cBRUTAL REPRESI\u00d3N\u201d\"}]},{\"@type\":\"WebSite\",\"@id\":\"https:\/\/innoticiasbo.com\/#website\",\"url\":\"https:\/\/innoticiasbo.com\/\",\"name\":\"innoticiasbo.com\",\"description\":\"\",\"publisher\":{\"@id\":\"https:\/\/innoticiasbo.com\/#organization\"},\"potentialAction\":[{\"@type\":\"SearchAction\",\"target\":{\"@type\":\"EntryPoint\",\"urlTemplate\":\"https:\/\/innoticiasbo.com\/?s={search_term_string}\"},\"query-input\":{\"@type\":\"PropertyValueSpecification\",\"valueRequired\":true,\"valueName\":\"search_term_string\"}}],\"inLanguage\":\"es\"},{\"@type\":\"Organization\",\"@id\":\"https:\/\/innoticiasbo.com\/#organization\",\"name\":\"innoticiasbo.com\",\"url\":\"https:\/\/innoticiasbo.com\/\",\"logo\":{\"@type\":\"ImageObject\",\"inLanguage\":\"es\",\"@id\":\"https:\/\/innoticiasbo.com\/#\/schema\/logo\/image\/\",\"url\":\"https:\/\/i0.wp.com\/innoticiasbo.com\/wp-content\/uploads\/2026\/04\/cropped-IN-LOGO.png?fit=1476%2C1476&ssl=1\",\"contentUrl\":\"https:\/\/i0.wp.com\/innoticiasbo.com\/wp-content\/uploads\/2026\/04\/cropped-IN-LOGO.png?fit=1476%2C1476&ssl=1\",\"width\":1476,\"height\":1476,\"caption\":\"innoticiasbo.com\"},\"image\":{\"@id\":\"https:\/\/innoticiasbo.com\/#\/schema\/logo\/image\/\"},\"sameAs\":[\"https:\/\/www.facebook.com\/innoticiasbolivia\",\"https:\/\/x.com\/innoticiasbo\",\"https:\/\/www.instagram.com\/innoticiasbo\",\"https:\/\/www.youtube.com\/innoticiasbo\"]},{\"@type\":\"Person\",\"@id\":\"https:\/\/innoticiasbo.com\/#\/schema\/person\/589cd527c4211df1b943bdad85ec07ce\",\"name\":\"Prensa\",\"image\":{\"@type\":\"ImageObject\",\"inLanguage\":\"es\",\"@id\":\"https:\/\/innoticiasbo.com\/#\/schema\/person\/image\/\",\"url\":\"https:\/\/secure.gravatar.com\/avatar\/d359bbdf112023c1c0a3ec7fe1600657?s=96&d=mm&r=g\",\"contentUrl\":\"https:\/\/secure.gravatar.com\/avatar\/d359bbdf112023c1c0a3ec7fe1600657?s=96&d=mm&r=g\",\"caption\":\"Prensa\"},\"sameAs\":[\"http:\/\/www.innoticiasbo.com\"],\"url\":\"https:\/\/innoticiasbo.com\/index.php\/author\/prensa\/\"}]}<\/script>\n<!-- \/ Yoast SEO plugin. -->","yoast_head_json":{"title":"EVO MORALES ADMITE QUE NO EST\u00c1 EN LA PAZ Y DENUNCIA \u201cBRUTAL REPRESI\u00d3N\u201d - innoticiasbo.com","robots":{"index":"index","follow":"follow","max-snippet":"max-snippet:-1","max-image-preview":"max-image-preview:large","max-video-preview":"max-video-preview:-1"},"canonical":"https:\/\/innoticiasbo.com\/index.php\/2025\/05\/16\/evo-morales-admite-que-no-esta-en-la-paz-y-denuncia-brutal-represion\/","og_locale":"es_ES","og_type":"article","og_title":"EVO MORALES ADMITE QUE NO EST\u00c1 EN LA PAZ Y DENUNCIA \u201cBRUTAL REPRESI\u00d3N\u201d - innoticiasbo.com","og_description":"La Paz, 16 de mayo DE 2025.- El expresidente Evo Morales mediante su Facebook se refiri\u00f3 a la marcha evista en tercera persona se\u00f1alando que \u201cmiles de hermanas y hermanos que hac\u00edan una manifestaci\u00f3n pac\u00edfica &#8211; exigiendo el respeto a los derechos democr\u00e1ticos \u2013brutalmente reprimidos por centenares de polic\u00edas del actual gobierno. Pedimos a organismos...","og_url":"https:\/\/innoticiasbo.com\/index.php\/2025\/05\/16\/evo-morales-admite-que-no-esta-en-la-paz-y-denuncia-brutal-represion\/","og_site_name":"innoticiasbo.com","article_publisher":"https:\/\/www.facebook.com\/innoticiasbolivia","article_published_time":"2025-05-16T21:11:07+00:00","article_modified_time":"2025-05-16T21:11:42+00:00","og_image":[{"width":677,"height":564,"url":"https:\/\/i0.wp.com\/innoticiasbo.com\/wp-content\/uploads\/2025\/05\/IMG-20250516-WA0262.jpg?fit=677%2C564&ssl=1","type":"image\/jpeg"}],"author":"Prensa","twitter_card":"summary_large_image","twitter_creator":"@innoticiasbo","twitter_site":"@innoticiasbo","twitter_misc":{"Escrito por":"Prensa","Tiempo de lectura":"1 minuto"},"schema":{"@context":"https:\/\/schema.org","@graph":[{"@type":"Article","@id":"https:\/\/innoticiasbo.com\/index.php\/2025\/05\/16\/evo-morales-admite-que-no-esta-en-la-paz-y-denuncia-brutal-represion\/#article","isPartOf":{"@id":"https:\/\/innoticiasbo.com\/index.php\/2025\/05\/16\/evo-morales-admite-que-no-esta-en-la-paz-y-denuncia-brutal-represion\/"},"author":{"name":"Prensa","@id":"https:\/\/innoticiasbo.com\/#\/schema\/person\/589cd527c4211df1b943bdad85ec07ce"},"headline":"EVO MORALES ADMITE QUE NO EST\u00c1 EN LA PAZ Y DENUNCIA \u201cBRUTAL REPRESI\u00d3N\u201d","datePublished":"2025-05-16T21:11:07+00:00","dateModified":"2025-05-16T21:11:42+00:00","mainEntityOfPage":{"@id":"https:\/\/innoticiasbo.com\/index.php\/2025\/05\/16\/evo-morales-admite-que-no-esta-en-la-paz-y-denuncia-brutal-represion\/"},"wordCount":143,"commentCount":0,"publisher":{"@id":"https:\/\/innoticiasbo.com\/#organization"},"image":{"@id":"https:\/\/innoticiasbo.com\/index.php\/2025\/05\/16\/evo-morales-admite-que-no-esta-en-la-paz-y-denuncia-brutal-represion\/#primaryimage"},"thumbnailUrl":"https:\/\/i0.wp.com\/innoticiasbo.com\/wp-content\/uploads\/2025\/05\/IMG-20250516-WA0262.jpg?fit=677%2C564&ssl=1","keywords":["Evo Morales","innoticias","Ponciano Santos","represi\u00f3n"],"articleSection":["Bolivia","Pol\u00edtica"],"inLanguage":"es","potentialAction":[{"@type":"CommentAction","name":"Comment","target":["https:\/\/innoticiasbo.com\/index.php\/2025\/05\/16\/evo-morales-admite-que-no-esta-en-la-paz-y-denuncia-brutal-represion\/#respond"]}]},{"@type":"WebPage","@id":"https:\/\/innoticiasbo.com\/index.php\/2025\/05\/16\/evo-morales-admite-que-no-esta-en-la-paz-y-denuncia-brutal-represion\/","url":"https:\/\/innoticiasbo.com\/index.php\/2025\/05\/16\/evo-morales-admite-que-no-esta-en-la-paz-y-denuncia-brutal-represion\/","name":"EVO MORALES ADMITE QUE NO EST\u00c1 EN LA PAZ Y DENUNCIA \u201cBRUTAL REPRESI\u00d3N\u201d - innoticiasbo.com","isPartOf":{"@id":"https:\/\/innoticiasbo.com\/#website"},"primaryImageOfPage":{"@id":"https:\/\/innoticiasbo.com\/index.php\/2025\/05\/16\/evo-morales-admite-que-no-esta-en-la-paz-y-denuncia-brutal-represion\/#primaryimage"},"image":{"@id":"https:\/\/innoticiasbo.com\/index.php\/2025\/05\/16\/evo-morales-admite-que-no-esta-en-la-paz-y-denuncia-brutal-represion\/#primaryimage"},"thumbnailUrl":"https:\/\/i0.wp.com\/innoticiasbo.com\/wp-content\/uploads\/2025\/05\/IMG-20250516-WA0262.jpg?fit=677%2C564&ssl=1","datePublished":"2025-05-16T21:11:07+00:00","dateModified":"2025-05-16T21:11:42+00:00","breadcrumb":{"@id":"https:\/\/innoticiasbo.com\/index.php\/2025\/05\/16\/evo-morales-admite-que-no-esta-en-la-paz-y-denuncia-brutal-represion\/#breadcrumb"},"inLanguage":"es","potentialAction":[{"@type":"ReadAction","target":["https:\/\/innoticiasbo.com\/index.php\/2025\/05\/16\/evo-morales-admite-que-no-esta-en-la-paz-y-denuncia-brutal-represion\/"]}]},{"@type":"ImageObject","inLanguage":"es","@id":"https:\/\/innoticiasbo.com\/index.php\/2025\/05\/16\/evo-morales-admite-que-no-esta-en-la-paz-y-denuncia-brutal-represion\/#primaryimage","url":"https:\/\/i0.wp.com\/innoticiasbo.com\/wp-content\/uploads\/2025\/05\/IMG-20250516-WA0262.jpg?fit=677%2C564&ssl=1","contentUrl":"https:\/\/i0.wp.com\/innoticiasbo.com\/wp-content\/uploads\/2025\/05\/IMG-20250516-WA0262.jpg?fit=677%2C564&ssl=1","width":677,"height":564},{"@type":"BreadcrumbList","@id":"https:\/\/innoticiasbo.com\/index.php\/2025\/05\/16\/evo-morales-admite-que-no-esta-en-la-paz-y-denuncia-brutal-represion\/#breadcrumb","itemListElement":[{"@type":"ListItem","position":1,"name":"Portada","item":"https:\/\/innoticiasbo.com\/"},{"@type":"ListItem","position":2,"name":"EVO MORALES ADMITE QUE NO EST\u00c1 EN LA PAZ Y DENUNCIA \u201cBRUTAL REPRESI\u00d3N\u201d"}]},{"@type":"WebSite","@id":"https:\/\/innoticiasbo.com\/#website","url":"https:\/\/innoticiasbo.com\/","name":"innoticiasbo.com","description":"","publisher":{"@id":"https:\/\/innoticiasbo.com\/#organization"},"potentialAction":[{"@type":"SearchAction","target":{"@type":"EntryPoint","urlTemplate":"https:\/\/innoticiasbo.com\/?s={search_term_string}"},"query-input":{"@type":"PropertyValueSpecification","valueRequired":true,"valueName":"search_term_string"}}],"inLanguage":"es"},{"@type":"Organization","@id":"https:\/\/innoticiasbo.com\/#organization","name":"innoticiasbo.com","url":"https:\/\/innoticiasbo.com\/","logo":{"@type":"ImageObject","inLanguage":"es","@id":"https:\/\/innoticiasbo.com\/#\/schema\/logo\/image\/","url":"https:\/\/i0.wp.com\/innoticiasbo.com\/wp-content\/uploads\/2026\/04\/cropped-IN-LOGO.png?fit=1476%2C1476&ssl=1","contentUrl":"https:\/\/i0.wp.com\/innoticiasbo.com\/wp-content\/uploads\/2026\/04\/cropped-IN-LOGO.png?fit=1476%2C1476&ssl=1","width":1476,"height":1476,"caption":"innoticiasbo.com"},"image":{"@id":"https:\/\/innoticiasbo.com\/#\/schema\/logo\/image\/"},"sameAs":["https:\/\/www.facebook.com\/innoticiasbolivia","https:\/\/x.com\/innoticiasbo","https:\/\/www.instagram.com\/innoticiasbo","https:\/\/www.youtube.com\/innoticiasbo"]},{"@type":"Person","@id":"https:\/\/innoticiasbo.com\/#\/schema\/person\/589cd527c4211df1b943bdad85ec07ce","name":"Prensa","image":{"@type":"ImageObject","inLanguage":"es","@id":"https:\/\/innoticiasbo.com\/#\/schema\/person\/image\/","url":"https:\/\/secure.gravatar.com\/avatar\/d359bbdf112023c1c0a3ec7fe1600657?s=96&d=mm&r=g","contentUrl":"https:\/\/secure.gravatar.com\/avatar\/d359bbdf112023c1c0a3ec7fe1600657?s=96&d=mm&r=g","caption":"Prensa"},"sameAs":["http:\/\/www.innoticiasbo.com"],"url":"https:\/\/innoticiasbo.com\/index.php\/author\/prensa\/"}]}},"jetpack_featured_media_url":"https:\/\/i0.wp.com\/innoticiasbo.com\/wp-content\/uploads\/2025\/05\/IMG-20250516-WA0262.jpg?fit=677%2C564&ssl=1","jetpack_likes_enabled":true,"jetpack_sharing_enabled":true,"jetpack_shortlink":"https:\/\/wp.me\/pg298x-1ti","_links":{"self":[{"href":"https:\/\/innoticiasbo.com\/index.php\/wp-json\/wp\/v2\/posts\/5660","targetHints":{"allow":["GET"]}}],"collection":[{"href":"https:\/\/innoticiasbo.com\/index.php\/wp-json\/wp\/v2\/posts"}],"about":[{"href":"https:\/\/innoticiasbo.com\/index.php\/wp-json\/wp\/v2\/types\/post"}],"author":[{"embeddable":true,"href":"https:\/\/innoticiasbo.com\/index.php\/wp-json\/wp\/v2\/users\/2"}],"replies":[{"embeddable":true,"href":"https:\/\/innoticiasbo.com\/index.php\/wp-json\/wp\/v2\/comments?post=5660"}],"version-history":[{"count":1,"href":"https:\/\/innoticiasbo.com\/index.php\/wp-json\/wp\/v2\/posts\/5660\/revisions"}],"predecessor-version":[{"id":5661,"href":"https:\/\/innoticiasbo.com\/index.php\/wp-json\/wp\/v2\/posts\/5660\/revisions\/5661"}],"wp:featuredmedia":[{"embeddable":true,"href":"https:\/\/innoticiasbo.com\/index.php\/wp-json\/wp\/v2\/media\/5659"}],"wp:attachment":[{"href":"https:\/\/innoticiasbo.com\/index.php\/wp-json\/wp\/v2\/media?parent=5660"}],"wp:term":[{"taxonomy":"category","embeddable":true,"href":"https:\/\/innoticiasbo.com\/index.php\/wp-json\/wp\/v2\/categories?post=5660"},{"taxonomy":"post_tag","embeddable":true,"href":"https:\/\/innoticiasbo.com\/index.php\/wp-json\/wp\/v2\/tags?post=5660"}],"curies":[{"name":"wp","href":"https:\/\/api.w.org\/{rel}","templated":true}]}}