{"id":5656,"date":"2025-05-16T17:00:57","date_gmt":"2025-05-16T21:00:57","guid":{"rendered":"https:\/\/innoticiasbo.com\/?p=5656"},"modified":"2025-05-16T22:24:40","modified_gmt":"2025-05-17T02:24:40","slug":"contribuyentes-destacan-la-atencion-en-la-nueva-oficina-de-la-agencia-tributaria-camiri","status":"publish","type":"post","link":"https:\/\/innoticiasbo.com\/index.php\/2025\/05\/16\/contribuyentes-destacan-la-atencion-en-la-nueva-oficina-de-la-agencia-tributaria-camiri\/","title":{"rendered":"CONTRIBUYENTES DESTACAN LA ATENCI\u00d3N EN LA NUEVA OFICINA DE LA AGENCIA TRIBUTARIA CAMIRI \u00a0\u00a0\u00a0"},"content":{"rendered":"\n<p class=\"MsoNormal\"><strong>Santa Cruz, 16 de mayo de 2025.-<\/strong> Contribuyentes destacaron la atenci\u00f3n que recibieron en la nueva oficina de la Agencia Tributaria Camiri (provincia Cordillera del departamento de Santa Cruz), ubicada en calle Pando s\/n, zona Central, entre las calles Teniente Coronel S\u00e1nchez y Busch, acera oeste, Plaza Principal 12 de Julio.<\/p>\n\n\n\n<p class=\"MsoNormal\">La oficina tributaria antes mencionada funciona en esta nueva direcci\u00f3n desde el 1 de abril de 2025 y atiende a los contribuyentes y el p\u00fablico en general de lunes a viernes de 08:00 a 18:30 horas.<\/p>\n\n\n\n<figure class=\"wp-block-image size-large\"><img data-recalc-dims=\"1\" loading=\"lazy\" decoding=\"async\" width=\"640\" height=\"288\" src=\"https:\/\/i0.wp.com\/innoticiasbo.com\/wp-content\/uploads\/2025\/05\/img-20250515-wa02438949518945441798931.jpg?resize=640%2C288&#038;ssl=1\" alt=\"\" class=\"wp-image-5654\" srcset=\"https:\/\/i0.wp.com\/innoticiasbo.com\/wp-content\/uploads\/2025\/05\/img-20250515-wa02438949518945441798931.jpg?resize=1024%2C461&amp;ssl=1 1024w, https:\/\/i0.wp.com\/innoticiasbo.com\/wp-content\/uploads\/2025\/05\/img-20250515-wa02438949518945441798931.jpg?resize=300%2C135&amp;ssl=1 300w, https:\/\/i0.wp.com\/innoticiasbo.com\/wp-content\/uploads\/2025\/05\/img-20250515-wa02438949518945441798931.jpg?resize=768%2C346&amp;ssl=1 768w, https:\/\/i0.wp.com\/innoticiasbo.com\/wp-content\/uploads\/2025\/05\/img-20250515-wa02438949518945441798931.jpg?resize=1536%2C692&amp;ssl=1 1536w, https:\/\/i0.wp.com\/innoticiasbo.com\/wp-content\/uploads\/2025\/05\/img-20250515-wa02438949518945441798931.jpg?w=1600&amp;ssl=1 1600w, https:\/\/i0.wp.com\/innoticiasbo.com\/wp-content\/uploads\/2025\/05\/img-20250515-wa02438949518945441798931.jpg?w=1280&amp;ssl=1 1280w\" sizes=\"auto, (max-width: 640px) 100vw, 640px\" \/><\/figure>\n\n\n\n<p class=\"MsoNoSpacing\">El contribuyente Manuel Guti\u00e9rrez consider\u00f3 \u201cexcelente\u201d la nueva ubicaci\u00f3n de la Agencia Tributaria Camiri, \u201cporque est\u00e1 frente a la plaza principal, lo cual nos facilita mucho el acceso a quienes vivimos aqu\u00ed y a quienes vienen de otros prueblos cercanos\u201d.<\/p>\n\n\n\n<p class=\"MsoNoSpacing\">El tambi\u00e9n contribuyente Gonzalo Moreno destac\u00f3 \u201cel buen servicio\u201d que se da al p\u00fablico, adem\u00e1s que \u201csus oficinas han quedado bonitas, amplias, frente a la Plaza Principal, le da mayor presencia\u201d.<\/p>\n\n\n\n<p class=\"MsoNoSpacing\">&nbsp;<\/p>\n\n\n\n<p class=\"MsoNoSpacing\">El profesional en contabilidad \u00d3scar Arellano no dej\u00f3 de valorar la amplitud y comodidad de la nueva oficina, donde se pueden efectuar varias operaciones tributarias.<\/p>\n\n\n\n<p class=\"MsoNoSpacing\">A la Agencia Tributaria Camiri tambi\u00e9n acuden contribuyentes y pobladores de municipios aleda\u00f1os como Lagunillas, Boyuibe, Cuevo, Gobierno Aut\u00f3nomo Ind\u00edgena Originario Campesino de Charagua Iyambae, Gobierno Aut\u00f3nomo Indigena Guarani Kereimba Iyaambae, ubicadas en el lado sur de la ciudad de Santa Cruz.<\/p>\n\n\n\n<p class=\"MsoNoSpacing\">El responsable de la Agencia Tributaria, Julio C\u00e9sar Cortez, dijo que en esta oficina del SIN los contribuyentes pueden acceder a servicios como la inscripci\u00f3n\/actualizaci\u00f3n en el Padr\u00f3n Biom\u00e9trico Digital (PBD), dosificaci\u00f3n de facturas, Facilidades de Pago, asistencia en el llenado de Declaraciones Juradas, manejo del SIAT en L\u00ednea del SIN, llenado y presentaci\u00f3n del Registro de Compras y Ventas, venta de valores, entre otros servicios tributarios.<\/p>\n","protected":false},"excerpt":{"rendered":"<p>Santa Cruz, 16 de mayo de 2025.- Contribuyentes destacaron la atenci\u00f3n que recibieron en la nueva oficina de la Agencia Tributaria Camiri (provincia Cordillera del departamento de Santa Cruz), ubicada en calle Pando s\/n, zona Central, entre las calles Teniente Coronel S\u00e1nchez y Busch, acera oeste, Plaza Principal 12 de Julio. La oficina tributaria antes&#8230;<\/p>\n","protected":false},"author":2,"featured_media":5655,"comment_status":"open","ping_status":"open","sticky":false,"template":"","format":"standard","meta":{"_jetpack_memberships_contains_paid_content":false,"footnotes":"","jetpack_publicize_message":"","jetpack_publicize_feature_enabled":true,"jetpack_social_post_already_shared":true,"jetpack_social_options":{"image_generator_settings":{"template":"highway","enabled":false},"version":2}},"categories":[1,16],"tags":[285,357,22],"class_list":["post-5656","post","type-post","status-publish","format-standard","has-post-thumbnail","hentry","category-bolivia","category-economia","tag-camiri","tag-impuestos","tag-innoticias"],"jetpack_publicize_connections":[],"yoast_head":"<!-- This site is optimized with the Yoast SEO plugin v23.4 - https:\/\/yoast.com\/wordpress\/plugins\/seo\/ -->\n<title>CONTRIBUYENTES DESTACAN LA ATENCI\u00d3N EN LA NUEVA OFICINA DE LA AGENCIA TRIBUTARIA CAMIRI \u00a0\u00a0\u00a0 - innoticiasbo.com<\/title>\n<meta name=\"robots\" content=\"index, follow, max-snippet:-1, max-image-preview:large, max-video-preview:-1\" \/>\n<link rel=\"canonical\" href=\"https:\/\/innoticiasbo.com\/index.php\/2025\/05\/16\/contribuyentes-destacan-la-atencion-en-la-nueva-oficina-de-la-agencia-tributaria-camiri\/\" \/>\n<meta property=\"og:locale\" content=\"es_ES\" \/>\n<meta property=\"og:type\" content=\"article\" \/>\n<meta property=\"og:title\" content=\"CONTRIBUYENTES DESTACAN LA ATENCI\u00d3N EN LA NUEVA OFICINA DE LA AGENCIA TRIBUTARIA CAMIRI \u00a0\u00a0\u00a0 - innoticiasbo.com\" \/>\n<meta property=\"og:description\" content=\"Santa Cruz, 16 de mayo de 2025.- Contribuyentes destacaron la atenci\u00f3n que recibieron en la nueva oficina de la Agencia Tributaria Camiri (provincia Cordillera del departamento de Santa Cruz), ubicada en calle Pando s\/n, zona Central, entre las calles Teniente Coronel S\u00e1nchez y Busch, acera oeste, Plaza Principal 12 de Julio. La oficina tributaria antes...\" \/>\n<meta property=\"og:url\" content=\"https:\/\/innoticiasbo.com\/index.php\/2025\/05\/16\/contribuyentes-destacan-la-atencion-en-la-nueva-oficina-de-la-agencia-tributaria-camiri\/\" \/>\n<meta property=\"og:site_name\" content=\"innoticiasbo.com\" \/>\n<meta property=\"article:publisher\" content=\"https:\/\/www.facebook.com\/innoticiasbolivia\" \/>\n<meta property=\"article:published_time\" content=\"2025-05-16T21:00:57+00:00\" \/>\n<meta property=\"article:modified_time\" content=\"2025-05-17T02:24:40+00:00\" \/>\n<meta property=\"og:image\" content=\"https:\/\/innoticiasbo.com\/wp-content\/uploads\/2025\/05\/IMG-20250515-WA0243.jpg\" \/>\n\t<meta property=\"og:image:width\" content=\"1600\" \/>\n\t<meta property=\"og:image:height\" content=\"721\" \/>\n\t<meta property=\"og:image:type\" content=\"image\/jpeg\" \/>\n<meta name=\"author\" content=\"Prensa\" \/>\n<meta name=\"twitter:card\" content=\"summary_large_image\" \/>\n<meta name=\"twitter:creator\" content=\"@innoticiasbo\" \/>\n<meta name=\"twitter:site\" content=\"@innoticiasbo\" \/>\n<meta name=\"twitter:label1\" content=\"Escrito por\" \/>\n\t<meta name=\"twitter:data1\" content=\"Prensa\" \/>\n\t<meta name=\"twitter:label2\" content=\"Tiempo de lectura\" \/>\n\t<meta name=\"twitter:data2\" content=\"2 minutos\" \/>\n<script type=\"application\/ld+json\" class=\"yoast-schema-graph\">{\"@context\":\"https:\/\/schema.org\",\"@graph\":[{\"@type\":\"Article\",\"@id\":\"https:\/\/innoticiasbo.com\/index.php\/2025\/05\/16\/contribuyentes-destacan-la-atencion-en-la-nueva-oficina-de-la-agencia-tributaria-camiri\/#article\",\"isPartOf\":{\"@id\":\"https:\/\/innoticiasbo.com\/index.php\/2025\/05\/16\/contribuyentes-destacan-la-atencion-en-la-nueva-oficina-de-la-agencia-tributaria-camiri\/\"},\"author\":{\"name\":\"Prensa\",\"@id\":\"https:\/\/innoticiasbo.com\/#\/schema\/person\/589cd527c4211df1b943bdad85ec07ce\"},\"headline\":\"CONTRIBUYENTES DESTACAN LA ATENCI\u00d3N EN LA NUEVA OFICINA DE LA AGENCIA TRIBUTARIA CAMIRI \u00a0\u00a0\u00a0\",\"datePublished\":\"2025-05-16T21:00:57+00:00\",\"dateModified\":\"2025-05-17T02:24:40+00:00\",\"mainEntityOfPage\":{\"@id\":\"https:\/\/innoticiasbo.com\/index.php\/2025\/05\/16\/contribuyentes-destacan-la-atencion-en-la-nueva-oficina-de-la-agencia-tributaria-camiri\/\"},\"wordCount\":325,\"commentCount\":0,\"publisher\":{\"@id\":\"https:\/\/innoticiasbo.com\/#organization\"},\"image\":{\"@id\":\"https:\/\/innoticiasbo.com\/index.php\/2025\/05\/16\/contribuyentes-destacan-la-atencion-en-la-nueva-oficina-de-la-agencia-tributaria-camiri\/#primaryimage\"},\"thumbnailUrl\":\"https:\/\/i0.wp.com\/innoticiasbo.com\/wp-content\/uploads\/2025\/05\/IMG-20250515-WA0243.jpg?fit=1600%2C721&ssl=1\",\"keywords\":[\"Camiri\",\"impuestos\",\"innoticias\"],\"articleSection\":[\"Bolivia\",\"Econom\u00eda\"],\"inLanguage\":\"es\",\"potentialAction\":[{\"@type\":\"CommentAction\",\"name\":\"Comment\",\"target\":[\"https:\/\/innoticiasbo.com\/index.php\/2025\/05\/16\/contribuyentes-destacan-la-atencion-en-la-nueva-oficina-de-la-agencia-tributaria-camiri\/#respond\"]}]},{\"@type\":\"WebPage\",\"@id\":\"https:\/\/innoticiasbo.com\/index.php\/2025\/05\/16\/contribuyentes-destacan-la-atencion-en-la-nueva-oficina-de-la-agencia-tributaria-camiri\/\",\"url\":\"https:\/\/innoticiasbo.com\/index.php\/2025\/05\/16\/contribuyentes-destacan-la-atencion-en-la-nueva-oficina-de-la-agencia-tributaria-camiri\/\",\"name\":\"CONTRIBUYENTES DESTACAN LA ATENCI\u00d3N EN LA NUEVA OFICINA DE LA AGENCIA TRIBUTARIA CAMIRI \u00a0\u00a0\u00a0 - innoticiasbo.com\",\"isPartOf\":{\"@id\":\"https:\/\/innoticiasbo.com\/#website\"},\"primaryImageOfPage\":{\"@id\":\"https:\/\/innoticiasbo.com\/index.php\/2025\/05\/16\/contribuyentes-destacan-la-atencion-en-la-nueva-oficina-de-la-agencia-tributaria-camiri\/#primaryimage\"},\"image\":{\"@id\":\"https:\/\/innoticiasbo.com\/index.php\/2025\/05\/16\/contribuyentes-destacan-la-atencion-en-la-nueva-oficina-de-la-agencia-tributaria-camiri\/#primaryimage\"},\"thumbnailUrl\":\"https:\/\/i0.wp.com\/innoticiasbo.com\/wp-content\/uploads\/2025\/05\/IMG-20250515-WA0243.jpg?fit=1600%2C721&ssl=1\",\"datePublished\":\"2025-05-16T21:00:57+00:00\",\"dateModified\":\"2025-05-17T02:24:40+00:00\",\"breadcrumb\":{\"@id\":\"https:\/\/innoticiasbo.com\/index.php\/2025\/05\/16\/contribuyentes-destacan-la-atencion-en-la-nueva-oficina-de-la-agencia-tributaria-camiri\/#breadcrumb\"},\"inLanguage\":\"es\",\"potentialAction\":[{\"@type\":\"ReadAction\",\"target\":[\"https:\/\/innoticiasbo.com\/index.php\/2025\/05\/16\/contribuyentes-destacan-la-atencion-en-la-nueva-oficina-de-la-agencia-tributaria-camiri\/\"]}]},{\"@type\":\"ImageObject\",\"inLanguage\":\"es\",\"@id\":\"https:\/\/innoticiasbo.com\/index.php\/2025\/05\/16\/contribuyentes-destacan-la-atencion-en-la-nueva-oficina-de-la-agencia-tributaria-camiri\/#primaryimage\",\"url\":\"https:\/\/i0.wp.com\/innoticiasbo.com\/wp-content\/uploads\/2025\/05\/IMG-20250515-WA0243.jpg?fit=1600%2C721&ssl=1\",\"contentUrl\":\"https:\/\/i0.wp.com\/innoticiasbo.com\/wp-content\/uploads\/2025\/05\/IMG-20250515-WA0243.jpg?fit=1600%2C721&ssl=1\",\"width\":1600,\"height\":721},{\"@type\":\"BreadcrumbList\",\"@id\":\"https:\/\/innoticiasbo.com\/index.php\/2025\/05\/16\/contribuyentes-destacan-la-atencion-en-la-nueva-oficina-de-la-agencia-tributaria-camiri\/#breadcrumb\",\"itemListElement\":[{\"@type\":\"ListItem\",\"position\":1,\"name\":\"Portada\",\"item\":\"https:\/\/innoticiasbo.com\/\"},{\"@type\":\"ListItem\",\"position\":2,\"name\":\"CONTRIBUYENTES DESTACAN LA ATENCI\u00d3N EN LA NUEVA OFICINA DE LA AGENCIA TRIBUTARIA CAMIRI \u00a0\u00a0\u00a0\"}]},{\"@type\":\"WebSite\",\"@id\":\"https:\/\/innoticiasbo.com\/#website\",\"url\":\"https:\/\/innoticiasbo.com\/\",\"name\":\"innoticiasbo.com\",\"description\":\"\",\"publisher\":{\"@id\":\"https:\/\/innoticiasbo.com\/#organization\"},\"potentialAction\":[{\"@type\":\"SearchAction\",\"target\":{\"@type\":\"EntryPoint\",\"urlTemplate\":\"https:\/\/innoticiasbo.com\/?s={search_term_string}\"},\"query-input\":{\"@type\":\"PropertyValueSpecification\",\"valueRequired\":true,\"valueName\":\"search_term_string\"}}],\"inLanguage\":\"es\"},{\"@type\":\"Organization\",\"@id\":\"https:\/\/innoticiasbo.com\/#organization\",\"name\":\"innoticiasbo.com\",\"url\":\"https:\/\/innoticiasbo.com\/\",\"logo\":{\"@type\":\"ImageObject\",\"inLanguage\":\"es\",\"@id\":\"https:\/\/innoticiasbo.com\/#\/schema\/logo\/image\/\",\"url\":\"https:\/\/i0.wp.com\/innoticiasbo.com\/wp-content\/uploads\/2026\/04\/cropped-IN-LOGO.png?fit=1476%2C1476&ssl=1\",\"contentUrl\":\"https:\/\/i0.wp.com\/innoticiasbo.com\/wp-content\/uploads\/2026\/04\/cropped-IN-LOGO.png?fit=1476%2C1476&ssl=1\",\"width\":1476,\"height\":1476,\"caption\":\"innoticiasbo.com\"},\"image\":{\"@id\":\"https:\/\/innoticiasbo.com\/#\/schema\/logo\/image\/\"},\"sameAs\":[\"https:\/\/www.facebook.com\/innoticiasbolivia\",\"https:\/\/x.com\/innoticiasbo\",\"https:\/\/www.instagram.com\/innoticiasbo\",\"https:\/\/www.youtube.com\/innoticiasbo\"]},{\"@type\":\"Person\",\"@id\":\"https:\/\/innoticiasbo.com\/#\/schema\/person\/589cd527c4211df1b943bdad85ec07ce\",\"name\":\"Prensa\",\"image\":{\"@type\":\"ImageObject\",\"inLanguage\":\"es\",\"@id\":\"https:\/\/innoticiasbo.com\/#\/schema\/person\/image\/\",\"url\":\"https:\/\/secure.gravatar.com\/avatar\/d359bbdf112023c1c0a3ec7fe1600657?s=96&d=mm&r=g\",\"contentUrl\":\"https:\/\/secure.gravatar.com\/avatar\/d359bbdf112023c1c0a3ec7fe1600657?s=96&d=mm&r=g\",\"caption\":\"Prensa\"},\"sameAs\":[\"http:\/\/www.innoticiasbo.com\"],\"url\":\"https:\/\/innoticiasbo.com\/index.php\/author\/prensa\/\"}]}<\/script>\n<!-- \/ Yoast SEO plugin. -->","yoast_head_json":{"title":"CONTRIBUYENTES DESTACAN LA ATENCI\u00d3N EN LA NUEVA OFICINA DE LA AGENCIA TRIBUTARIA CAMIRI \u00a0\u00a0\u00a0 - innoticiasbo.com","robots":{"index":"index","follow":"follow","max-snippet":"max-snippet:-1","max-image-preview":"max-image-preview:large","max-video-preview":"max-video-preview:-1"},"canonical":"https:\/\/innoticiasbo.com\/index.php\/2025\/05\/16\/contribuyentes-destacan-la-atencion-en-la-nueva-oficina-de-la-agencia-tributaria-camiri\/","og_locale":"es_ES","og_type":"article","og_title":"CONTRIBUYENTES DESTACAN LA ATENCI\u00d3N EN LA NUEVA OFICINA DE LA AGENCIA TRIBUTARIA CAMIRI \u00a0\u00a0\u00a0 - innoticiasbo.com","og_description":"Santa Cruz, 16 de mayo de 2025.- Contribuyentes destacaron la atenci\u00f3n que recibieron en la nueva oficina de la Agencia Tributaria Camiri (provincia Cordillera del departamento de Santa Cruz), ubicada en calle Pando s\/n, zona Central, entre las calles Teniente Coronel S\u00e1nchez y Busch, acera oeste, Plaza Principal 12 de Julio. La oficina tributaria antes...","og_url":"https:\/\/innoticiasbo.com\/index.php\/2025\/05\/16\/contribuyentes-destacan-la-atencion-en-la-nueva-oficina-de-la-agencia-tributaria-camiri\/","og_site_name":"innoticiasbo.com","article_publisher":"https:\/\/www.facebook.com\/innoticiasbolivia","article_published_time":"2025-05-16T21:00:57+00:00","article_modified_time":"2025-05-17T02:24:40+00:00","og_image":[{"width":1600,"height":721,"url":"https:\/\/innoticiasbo.com\/wp-content\/uploads\/2025\/05\/IMG-20250515-WA0243.jpg","type":"image\/jpeg"}],"author":"Prensa","twitter_card":"summary_large_image","twitter_creator":"@innoticiasbo","twitter_site":"@innoticiasbo","twitter_misc":{"Escrito por":"Prensa","Tiempo de lectura":"2 minutos"},"schema":{"@context":"https:\/\/schema.org","@graph":[{"@type":"Article","@id":"https:\/\/innoticiasbo.com\/index.php\/2025\/05\/16\/contribuyentes-destacan-la-atencion-en-la-nueva-oficina-de-la-agencia-tributaria-camiri\/#article","isPartOf":{"@id":"https:\/\/innoticiasbo.com\/index.php\/2025\/05\/16\/contribuyentes-destacan-la-atencion-en-la-nueva-oficina-de-la-agencia-tributaria-camiri\/"},"author":{"name":"Prensa","@id":"https:\/\/innoticiasbo.com\/#\/schema\/person\/589cd527c4211df1b943bdad85ec07ce"},"headline":"CONTRIBUYENTES DESTACAN LA ATENCI\u00d3N EN LA NUEVA OFICINA DE LA AGENCIA TRIBUTARIA CAMIRI \u00a0\u00a0\u00a0","datePublished":"2025-05-16T21:00:57+00:00","dateModified":"2025-05-17T02:24:40+00:00","mainEntityOfPage":{"@id":"https:\/\/innoticiasbo.com\/index.php\/2025\/05\/16\/contribuyentes-destacan-la-atencion-en-la-nueva-oficina-de-la-agencia-tributaria-camiri\/"},"wordCount":325,"commentCount":0,"publisher":{"@id":"https:\/\/innoticiasbo.com\/#organization"},"image":{"@id":"https:\/\/innoticiasbo.com\/index.php\/2025\/05\/16\/contribuyentes-destacan-la-atencion-en-la-nueva-oficina-de-la-agencia-tributaria-camiri\/#primaryimage"},"thumbnailUrl":"https:\/\/i0.wp.com\/innoticiasbo.com\/wp-content\/uploads\/2025\/05\/IMG-20250515-WA0243.jpg?fit=1600%2C721&ssl=1","keywords":["Camiri","impuestos","innoticias"],"articleSection":["Bolivia","Econom\u00eda"],"inLanguage":"es","potentialAction":[{"@type":"CommentAction","name":"Comment","target":["https:\/\/innoticiasbo.com\/index.php\/2025\/05\/16\/contribuyentes-destacan-la-atencion-en-la-nueva-oficina-de-la-agencia-tributaria-camiri\/#respond"]}]},{"@type":"WebPage","@id":"https:\/\/innoticiasbo.com\/index.php\/2025\/05\/16\/contribuyentes-destacan-la-atencion-en-la-nueva-oficina-de-la-agencia-tributaria-camiri\/","url":"https:\/\/innoticiasbo.com\/index.php\/2025\/05\/16\/contribuyentes-destacan-la-atencion-en-la-nueva-oficina-de-la-agencia-tributaria-camiri\/","name":"CONTRIBUYENTES DESTACAN LA ATENCI\u00d3N EN LA NUEVA OFICINA DE LA AGENCIA TRIBUTARIA CAMIRI \u00a0\u00a0\u00a0 - innoticiasbo.com","isPartOf":{"@id":"https:\/\/innoticiasbo.com\/#website"},"primaryImageOfPage":{"@id":"https:\/\/innoticiasbo.com\/index.php\/2025\/05\/16\/contribuyentes-destacan-la-atencion-en-la-nueva-oficina-de-la-agencia-tributaria-camiri\/#primaryimage"},"image":{"@id":"https:\/\/innoticiasbo.com\/index.php\/2025\/05\/16\/contribuyentes-destacan-la-atencion-en-la-nueva-oficina-de-la-agencia-tributaria-camiri\/#primaryimage"},"thumbnailUrl":"https:\/\/i0.wp.com\/innoticiasbo.com\/wp-content\/uploads\/2025\/05\/IMG-20250515-WA0243.jpg?fit=1600%2C721&ssl=1","datePublished":"2025-05-16T21:00:57+00:00","dateModified":"2025-05-17T02:24:40+00:00","breadcrumb":{"@id":"https:\/\/innoticiasbo.com\/index.php\/2025\/05\/16\/contribuyentes-destacan-la-atencion-en-la-nueva-oficina-de-la-agencia-tributaria-camiri\/#breadcrumb"},"inLanguage":"es","potentialAction":[{"@type":"ReadAction","target":["https:\/\/innoticiasbo.com\/index.php\/2025\/05\/16\/contribuyentes-destacan-la-atencion-en-la-nueva-oficina-de-la-agencia-tributaria-camiri\/"]}]},{"@type":"ImageObject","inLanguage":"es","@id":"https:\/\/innoticiasbo.com\/index.php\/2025\/05\/16\/contribuyentes-destacan-la-atencion-en-la-nueva-oficina-de-la-agencia-tributaria-camiri\/#primaryimage","url":"https:\/\/i0.wp.com\/innoticiasbo.com\/wp-content\/uploads\/2025\/05\/IMG-20250515-WA0243.jpg?fit=1600%2C721&ssl=1","contentUrl":"https:\/\/i0.wp.com\/innoticiasbo.com\/wp-content\/uploads\/2025\/05\/IMG-20250515-WA0243.jpg?fit=1600%2C721&ssl=1","width":1600,"height":721},{"@type":"BreadcrumbList","@id":"https:\/\/innoticiasbo.com\/index.php\/2025\/05\/16\/contribuyentes-destacan-la-atencion-en-la-nueva-oficina-de-la-agencia-tributaria-camiri\/#breadcrumb","itemListElement":[{"@type":"ListItem","position":1,"name":"Portada","item":"https:\/\/innoticiasbo.com\/"},{"@type":"ListItem","position":2,"name":"CONTRIBUYENTES DESTACAN LA ATENCI\u00d3N EN LA NUEVA OFICINA DE LA AGENCIA TRIBUTARIA CAMIRI \u00a0\u00a0\u00a0"}]},{"@type":"WebSite","@id":"https:\/\/innoticiasbo.com\/#website","url":"https:\/\/innoticiasbo.com\/","name":"innoticiasbo.com","description":"","publisher":{"@id":"https:\/\/innoticiasbo.com\/#organization"},"potentialAction":[{"@type":"SearchAction","target":{"@type":"EntryPoint","urlTemplate":"https:\/\/innoticiasbo.com\/?s={search_term_string}"},"query-input":{"@type":"PropertyValueSpecification","valueRequired":true,"valueName":"search_term_string"}}],"inLanguage":"es"},{"@type":"Organization","@id":"https:\/\/innoticiasbo.com\/#organization","name":"innoticiasbo.com","url":"https:\/\/innoticiasbo.com\/","logo":{"@type":"ImageObject","inLanguage":"es","@id":"https:\/\/innoticiasbo.com\/#\/schema\/logo\/image\/","url":"https:\/\/i0.wp.com\/innoticiasbo.com\/wp-content\/uploads\/2026\/04\/cropped-IN-LOGO.png?fit=1476%2C1476&ssl=1","contentUrl":"https:\/\/i0.wp.com\/innoticiasbo.com\/wp-content\/uploads\/2026\/04\/cropped-IN-LOGO.png?fit=1476%2C1476&ssl=1","width":1476,"height":1476,"caption":"innoticiasbo.com"},"image":{"@id":"https:\/\/innoticiasbo.com\/#\/schema\/logo\/image\/"},"sameAs":["https:\/\/www.facebook.com\/innoticiasbolivia","https:\/\/x.com\/innoticiasbo","https:\/\/www.instagram.com\/innoticiasbo","https:\/\/www.youtube.com\/innoticiasbo"]},{"@type":"Person","@id":"https:\/\/innoticiasbo.com\/#\/schema\/person\/589cd527c4211df1b943bdad85ec07ce","name":"Prensa","image":{"@type":"ImageObject","inLanguage":"es","@id":"https:\/\/innoticiasbo.com\/#\/schema\/person\/image\/","url":"https:\/\/secure.gravatar.com\/avatar\/d359bbdf112023c1c0a3ec7fe1600657?s=96&d=mm&r=g","contentUrl":"https:\/\/secure.gravatar.com\/avatar\/d359bbdf112023c1c0a3ec7fe1600657?s=96&d=mm&r=g","caption":"Prensa"},"sameAs":["http:\/\/www.innoticiasbo.com"],"url":"https:\/\/innoticiasbo.com\/index.php\/author\/prensa\/"}]}},"jetpack_featured_media_url":"https:\/\/i0.wp.com\/innoticiasbo.com\/wp-content\/uploads\/2025\/05\/IMG-20250515-WA0243.jpg?fit=1600%2C721&ssl=1","jetpack_likes_enabled":true,"jetpack_sharing_enabled":true,"jetpack_shortlink":"https:\/\/wp.me\/pg298x-1te","_links":{"self":[{"href":"https:\/\/innoticiasbo.com\/index.php\/wp-json\/wp\/v2\/posts\/5656","targetHints":{"allow":["GET"]}}],"collection":[{"href":"https:\/\/innoticiasbo.com\/index.php\/wp-json\/wp\/v2\/posts"}],"about":[{"href":"https:\/\/innoticiasbo.com\/index.php\/wp-json\/wp\/v2\/types\/post"}],"author":[{"embeddable":true,"href":"https:\/\/innoticiasbo.com\/index.php\/wp-json\/wp\/v2\/users\/2"}],"replies":[{"embeddable":true,"href":"https:\/\/innoticiasbo.com\/index.php\/wp-json\/wp\/v2\/comments?post=5656"}],"version-history":[{"count":2,"href":"https:\/\/innoticiasbo.com\/index.php\/wp-json\/wp\/v2\/posts\/5656\/revisions"}],"predecessor-version":[{"id":5684,"href":"https:\/\/innoticiasbo.com\/index.php\/wp-json\/wp\/v2\/posts\/5656\/revisions\/5684"}],"wp:featuredmedia":[{"embeddable":true,"href":"https:\/\/innoticiasbo.com\/index.php\/wp-json\/wp\/v2\/media\/5655"}],"wp:attachment":[{"href":"https:\/\/innoticiasbo.com\/index.php\/wp-json\/wp\/v2\/media?parent=5656"}],"wp:term":[{"taxonomy":"category","embeddable":true,"href":"https:\/\/innoticiasbo.com\/index.php\/wp-json\/wp\/v2\/categories?post=5656"},{"taxonomy":"post_tag","embeddable":true,"href":"https:\/\/innoticiasbo.com\/index.php\/wp-json\/wp\/v2\/tags?post=5656"}],"curies":[{"name":"wp","href":"https:\/\/api.w.org\/{rel}","templated":true}]}}