{"id":5483,"date":"2025-05-13T12:19:23","date_gmt":"2025-05-13T16:19:23","guid":{"rendered":"https:\/\/innoticiasbo.com\/?p=5483"},"modified":"2025-05-13T12:19:59","modified_gmt":"2025-05-13T16:19:59","slug":"vicente-cuellar-se-queda-con-samuel-doria-medina","status":"publish","type":"post","link":"https:\/\/innoticiasbo.com\/index.php\/2025\/05\/13\/vicente-cuellar-se-queda-con-samuel-doria-medina\/","title":{"rendered":"VICENTE CU\u00c9LLAR SE QUEDA CON SAMUEL DORIA MEDINA"},"content":{"rendered":"\n<p>Santa Cruz, 13 de mayo del 2025.- Tras denuncias de supuestas \u00ablistas negras\u00bb atribuidas a Luis Fernando Camacho, Vicente Cu\u00e9llar, a trav\u00e9s de sus RRSS public\u00f3 y ratific\u00f3 su respaldo y apoyo al precandidato Samuel Doria Medina:<\/p>\n\n\n\n<p>\u00abEn aras de la unidad y de la democracia, no postular\u00e9 a ning\u00fan cargo electivo en las pr\u00f3ximas elecciones, y ratificamos nuestra decisi\u00f3n de apoyar al candidato del Bloque de Unidad Democr\u00e1tica, Samuel Doria Medina.<\/p>\n\n\n\n<p>Esta decisi\u00f3n no es una retirada forzada, sino un acto de principios. Me aparto por convicci\u00f3n, no por presi\u00f3n. Lo hago para demostrar que la verdadera unidad en torno a la democracia se construye con principios y no con imposiciones o vetos; con desprendimiento patri\u00f3tico y no con c\u00e1lculos pol\u00edticos.<\/p>\n\n\n\n<p>No nos vemos obligados a permanecer en el Bloque de Unidad por ninguna condici\u00f3n que no sea nuestra vocaci\u00f3n democr\u00e1tica y la urgente necesidad de enfrentar una eventual victoria del MAS.<br>El verdadero enemigo del pueblo boliviano es el MAS. Es al MAS al que debemos derrotar, uniendo voluntades y buscando coincidencias\u00bb.<\/p>\n\n\n\n<h1 class=\"wp-block-heading\"><\/h1>\n","protected":false},"excerpt":{"rendered":"<p>Santa Cruz, 13 de mayo del 2025.- Tras denuncias de supuestas \u00ablistas negras\u00bb atribuidas a Luis Fernando Camacho, Vicente Cu\u00e9llar, a trav\u00e9s de sus RRSS public\u00f3 y ratific\u00f3 su respaldo y apoyo al precandidato Samuel Doria Medina: \u00abEn aras de la unidad y de la democracia, no postular\u00e9 a ning\u00fan cargo electivo en las pr\u00f3ximas&#8230;<\/p>\n","protected":false},"author":3,"featured_media":5482,"comment_status":"open","ping_status":"open","sticky":false,"template":"","format":"standard","meta":{"_jetpack_memberships_contains_paid_content":false,"footnotes":"","jetpack_publicize_message":"","jetpack_publicize_feature_enabled":true,"jetpack_social_post_already_shared":true,"jetpack_social_options":{"image_generator_settings":{"template":"highway","enabled":false},"version":2}},"categories":[3],"tags":[30,44,365],"class_list":["post-5483","post","type-post","status-publish","format-standard","has-post-thumbnail","hentry","category-politica","tag-elecciones-bolivia2025","tag-samuel-doria-medina","tag-vicente-cuellar"],"jetpack_publicize_connections":[],"yoast_head":"<!-- This site is optimized with the Yoast SEO plugin v23.4 - https:\/\/yoast.com\/wordpress\/plugins\/seo\/ -->\n<title>VICENTE CU\u00c9LLAR SE QUEDA CON SAMUEL DORIA MEDINA - innoticiasbo.com<\/title>\n<meta name=\"robots\" content=\"index, follow, max-snippet:-1, max-image-preview:large, max-video-preview:-1\" \/>\n<link rel=\"canonical\" href=\"https:\/\/innoticiasbo.com\/index.php\/2025\/05\/13\/vicente-cuellar-se-queda-con-samuel-doria-medina\/\" \/>\n<meta property=\"og:locale\" content=\"es_ES\" \/>\n<meta property=\"og:type\" content=\"article\" \/>\n<meta property=\"og:title\" content=\"VICENTE CU\u00c9LLAR SE QUEDA CON SAMUEL DORIA MEDINA - innoticiasbo.com\" \/>\n<meta property=\"og:description\" content=\"Santa Cruz, 13 de mayo del 2025.- Tras denuncias de supuestas \u00ablistas negras\u00bb atribuidas a Luis Fernando Camacho, Vicente Cu\u00e9llar, a trav\u00e9s de sus RRSS public\u00f3 y ratific\u00f3 su respaldo y apoyo al precandidato Samuel Doria Medina: \u00abEn aras de la unidad y de la democracia, no postular\u00e9 a ning\u00fan cargo electivo en las pr\u00f3ximas...\" \/>\n<meta property=\"og:url\" content=\"https:\/\/innoticiasbo.com\/index.php\/2025\/05\/13\/vicente-cuellar-se-queda-con-samuel-doria-medina\/\" \/>\n<meta property=\"og:site_name\" content=\"innoticiasbo.com\" \/>\n<meta property=\"article:publisher\" content=\"https:\/\/www.facebook.com\/innoticiasbolivia\" \/>\n<meta property=\"article:published_time\" content=\"2025-05-13T16:19:23+00:00\" \/>\n<meta property=\"article:modified_time\" content=\"2025-05-13T16:19:59+00:00\" \/>\n<meta property=\"og:image\" content=\"https:\/\/i0.wp.com\/innoticiasbo.com\/wp-content\/uploads\/2025\/05\/FB_IMG_1747153010589.jpg?fit=1080%2C720&ssl=1\" \/>\n\t<meta property=\"og:image:width\" content=\"1080\" \/>\n\t<meta property=\"og:image:height\" content=\"720\" \/>\n\t<meta property=\"og:image:type\" content=\"image\/jpeg\" \/>\n<meta name=\"author\" content=\"Prensa 2\" \/>\n<meta name=\"twitter:card\" content=\"summary_large_image\" \/>\n<meta name=\"twitter:creator\" content=\"@innoticiasbo\" \/>\n<meta name=\"twitter:site\" content=\"@innoticiasbo\" \/>\n<meta name=\"twitter:label1\" content=\"Escrito por\" \/>\n\t<meta name=\"twitter:data1\" content=\"Prensa 2\" \/>\n\t<meta name=\"twitter:label2\" content=\"Tiempo de lectura\" \/>\n\t<meta name=\"twitter:data2\" content=\"1 minuto\" \/>\n<script type=\"application\/ld+json\" class=\"yoast-schema-graph\">{\"@context\":\"https:\/\/schema.org\",\"@graph\":[{\"@type\":\"Article\",\"@id\":\"https:\/\/innoticiasbo.com\/index.php\/2025\/05\/13\/vicente-cuellar-se-queda-con-samuel-doria-medina\/#article\",\"isPartOf\":{\"@id\":\"https:\/\/innoticiasbo.com\/index.php\/2025\/05\/13\/vicente-cuellar-se-queda-con-samuel-doria-medina\/\"},\"author\":{\"name\":\"Prensa 2\",\"@id\":\"https:\/\/innoticiasbo.com\/#\/schema\/person\/6f3e5eca02a7cf7249145609797573f2\"},\"headline\":\"VICENTE CU\u00c9LLAR SE QUEDA CON SAMUEL DORIA MEDINA\",\"datePublished\":\"2025-05-13T16:19:23+00:00\",\"dateModified\":\"2025-05-13T16:19:59+00:00\",\"mainEntityOfPage\":{\"@id\":\"https:\/\/innoticiasbo.com\/index.php\/2025\/05\/13\/vicente-cuellar-se-queda-con-samuel-doria-medina\/\"},\"wordCount\":197,\"commentCount\":0,\"publisher\":{\"@id\":\"https:\/\/innoticiasbo.com\/#organization\"},\"image\":{\"@id\":\"https:\/\/innoticiasbo.com\/index.php\/2025\/05\/13\/vicente-cuellar-se-queda-con-samuel-doria-medina\/#primaryimage\"},\"thumbnailUrl\":\"https:\/\/i0.wp.com\/innoticiasbo.com\/wp-content\/uploads\/2025\/05\/FB_IMG_1747153010589.jpg?fit=1080%2C720&ssl=1\",\"keywords\":[\"Elecciones Bolivia2025\",\"Samuel Doria Medina\",\"Vicente Cu\u00e9llar\"],\"articleSection\":[\"Pol\u00edtica\"],\"inLanguage\":\"es\",\"potentialAction\":[{\"@type\":\"CommentAction\",\"name\":\"Comment\",\"target\":[\"https:\/\/innoticiasbo.com\/index.php\/2025\/05\/13\/vicente-cuellar-se-queda-con-samuel-doria-medina\/#respond\"]}]},{\"@type\":\"WebPage\",\"@id\":\"https:\/\/innoticiasbo.com\/index.php\/2025\/05\/13\/vicente-cuellar-se-queda-con-samuel-doria-medina\/\",\"url\":\"https:\/\/innoticiasbo.com\/index.php\/2025\/05\/13\/vicente-cuellar-se-queda-con-samuel-doria-medina\/\",\"name\":\"VICENTE CU\u00c9LLAR SE QUEDA CON SAMUEL DORIA MEDINA - innoticiasbo.com\",\"isPartOf\":{\"@id\":\"https:\/\/innoticiasbo.com\/#website\"},\"primaryImageOfPage\":{\"@id\":\"https:\/\/innoticiasbo.com\/index.php\/2025\/05\/13\/vicente-cuellar-se-queda-con-samuel-doria-medina\/#primaryimage\"},\"image\":{\"@id\":\"https:\/\/innoticiasbo.com\/index.php\/2025\/05\/13\/vicente-cuellar-se-queda-con-samuel-doria-medina\/#primaryimage\"},\"thumbnailUrl\":\"https:\/\/i0.wp.com\/innoticiasbo.com\/wp-content\/uploads\/2025\/05\/FB_IMG_1747153010589.jpg?fit=1080%2C720&ssl=1\",\"datePublished\":\"2025-05-13T16:19:23+00:00\",\"dateModified\":\"2025-05-13T16:19:59+00:00\",\"breadcrumb\":{\"@id\":\"https:\/\/innoticiasbo.com\/index.php\/2025\/05\/13\/vicente-cuellar-se-queda-con-samuel-doria-medina\/#breadcrumb\"},\"inLanguage\":\"es\",\"potentialAction\":[{\"@type\":\"ReadAction\",\"target\":[\"https:\/\/innoticiasbo.com\/index.php\/2025\/05\/13\/vicente-cuellar-se-queda-con-samuel-doria-medina\/\"]}]},{\"@type\":\"ImageObject\",\"inLanguage\":\"es\",\"@id\":\"https:\/\/innoticiasbo.com\/index.php\/2025\/05\/13\/vicente-cuellar-se-queda-con-samuel-doria-medina\/#primaryimage\",\"url\":\"https:\/\/i0.wp.com\/innoticiasbo.com\/wp-content\/uploads\/2025\/05\/FB_IMG_1747153010589.jpg?fit=1080%2C720&ssl=1\",\"contentUrl\":\"https:\/\/i0.wp.com\/innoticiasbo.com\/wp-content\/uploads\/2025\/05\/FB_IMG_1747153010589.jpg?fit=1080%2C720&ssl=1\",\"width\":1080,\"height\":720},{\"@type\":\"BreadcrumbList\",\"@id\":\"https:\/\/innoticiasbo.com\/index.php\/2025\/05\/13\/vicente-cuellar-se-queda-con-samuel-doria-medina\/#breadcrumb\",\"itemListElement\":[{\"@type\":\"ListItem\",\"position\":1,\"name\":\"Portada\",\"item\":\"https:\/\/innoticiasbo.com\/\"},{\"@type\":\"ListItem\",\"position\":2,\"name\":\"VICENTE CU\u00c9LLAR SE QUEDA CON SAMUEL DORIA MEDINA\"}]},{\"@type\":\"WebSite\",\"@id\":\"https:\/\/innoticiasbo.com\/#website\",\"url\":\"https:\/\/innoticiasbo.com\/\",\"name\":\"innoticiasbo.com\",\"description\":\"\",\"publisher\":{\"@id\":\"https:\/\/innoticiasbo.com\/#organization\"},\"potentialAction\":[{\"@type\":\"SearchAction\",\"target\":{\"@type\":\"EntryPoint\",\"urlTemplate\":\"https:\/\/innoticiasbo.com\/?s={search_term_string}\"},\"query-input\":{\"@type\":\"PropertyValueSpecification\",\"valueRequired\":true,\"valueName\":\"search_term_string\"}}],\"inLanguage\":\"es\"},{\"@type\":\"Organization\",\"@id\":\"https:\/\/innoticiasbo.com\/#organization\",\"name\":\"innoticiasbo.com\",\"url\":\"https:\/\/innoticiasbo.com\/\",\"logo\":{\"@type\":\"ImageObject\",\"inLanguage\":\"es\",\"@id\":\"https:\/\/innoticiasbo.com\/#\/schema\/logo\/image\/\",\"url\":\"https:\/\/i0.wp.com\/innoticiasbo.com\/wp-content\/uploads\/2026\/04\/cropped-IN-LOGO.png?fit=1476%2C1476&ssl=1\",\"contentUrl\":\"https:\/\/i0.wp.com\/innoticiasbo.com\/wp-content\/uploads\/2026\/04\/cropped-IN-LOGO.png?fit=1476%2C1476&ssl=1\",\"width\":1476,\"height\":1476,\"caption\":\"innoticiasbo.com\"},\"image\":{\"@id\":\"https:\/\/innoticiasbo.com\/#\/schema\/logo\/image\/\"},\"sameAs\":[\"https:\/\/www.facebook.com\/innoticiasbolivia\",\"https:\/\/x.com\/innoticiasbo\",\"https:\/\/www.instagram.com\/innoticiasbo\",\"https:\/\/www.youtube.com\/innoticiasbo\"]},{\"@type\":\"Person\",\"@id\":\"https:\/\/innoticiasbo.com\/#\/schema\/person\/6f3e5eca02a7cf7249145609797573f2\",\"name\":\"Prensa 2\",\"image\":{\"@type\":\"ImageObject\",\"inLanguage\":\"es\",\"@id\":\"https:\/\/innoticiasbo.com\/#\/schema\/person\/image\/\",\"url\":\"https:\/\/secure.gravatar.com\/avatar\/1d189cd124d02eac2fef69ee12563d60?s=96&d=mm&r=g\",\"contentUrl\":\"https:\/\/secure.gravatar.com\/avatar\/1d189cd124d02eac2fef69ee12563d60?s=96&d=mm&r=g\",\"caption\":\"Prensa 2\"},\"sameAs\":[\"http:\/\/www.innoticiasbo.com\"],\"url\":\"https:\/\/innoticiasbo.com\/index.php\/author\/prensa-2\/\"}]}<\/script>\n<!-- \/ Yoast SEO plugin. -->","yoast_head_json":{"title":"VICENTE CU\u00c9LLAR SE QUEDA CON SAMUEL DORIA MEDINA - innoticiasbo.com","robots":{"index":"index","follow":"follow","max-snippet":"max-snippet:-1","max-image-preview":"max-image-preview:large","max-video-preview":"max-video-preview:-1"},"canonical":"https:\/\/innoticiasbo.com\/index.php\/2025\/05\/13\/vicente-cuellar-se-queda-con-samuel-doria-medina\/","og_locale":"es_ES","og_type":"article","og_title":"VICENTE CU\u00c9LLAR SE QUEDA CON SAMUEL DORIA MEDINA - innoticiasbo.com","og_description":"Santa Cruz, 13 de mayo del 2025.- Tras denuncias de supuestas \u00ablistas negras\u00bb atribuidas a Luis Fernando Camacho, Vicente Cu\u00e9llar, a trav\u00e9s de sus RRSS public\u00f3 y ratific\u00f3 su respaldo y apoyo al precandidato Samuel Doria Medina: \u00abEn aras de la unidad y de la democracia, no postular\u00e9 a ning\u00fan cargo electivo en las pr\u00f3ximas...","og_url":"https:\/\/innoticiasbo.com\/index.php\/2025\/05\/13\/vicente-cuellar-se-queda-con-samuel-doria-medina\/","og_site_name":"innoticiasbo.com","article_publisher":"https:\/\/www.facebook.com\/innoticiasbolivia","article_published_time":"2025-05-13T16:19:23+00:00","article_modified_time":"2025-05-13T16:19:59+00:00","og_image":[{"width":1080,"height":720,"url":"https:\/\/i0.wp.com\/innoticiasbo.com\/wp-content\/uploads\/2025\/05\/FB_IMG_1747153010589.jpg?fit=1080%2C720&ssl=1","type":"image\/jpeg"}],"author":"Prensa 2","twitter_card":"summary_large_image","twitter_creator":"@innoticiasbo","twitter_site":"@innoticiasbo","twitter_misc":{"Escrito por":"Prensa 2","Tiempo de lectura":"1 minuto"},"schema":{"@context":"https:\/\/schema.org","@graph":[{"@type":"Article","@id":"https:\/\/innoticiasbo.com\/index.php\/2025\/05\/13\/vicente-cuellar-se-queda-con-samuel-doria-medina\/#article","isPartOf":{"@id":"https:\/\/innoticiasbo.com\/index.php\/2025\/05\/13\/vicente-cuellar-se-queda-con-samuel-doria-medina\/"},"author":{"name":"Prensa 2","@id":"https:\/\/innoticiasbo.com\/#\/schema\/person\/6f3e5eca02a7cf7249145609797573f2"},"headline":"VICENTE CU\u00c9LLAR SE QUEDA CON SAMUEL DORIA MEDINA","datePublished":"2025-05-13T16:19:23+00:00","dateModified":"2025-05-13T16:19:59+00:00","mainEntityOfPage":{"@id":"https:\/\/innoticiasbo.com\/index.php\/2025\/05\/13\/vicente-cuellar-se-queda-con-samuel-doria-medina\/"},"wordCount":197,"commentCount":0,"publisher":{"@id":"https:\/\/innoticiasbo.com\/#organization"},"image":{"@id":"https:\/\/innoticiasbo.com\/index.php\/2025\/05\/13\/vicente-cuellar-se-queda-con-samuel-doria-medina\/#primaryimage"},"thumbnailUrl":"https:\/\/i0.wp.com\/innoticiasbo.com\/wp-content\/uploads\/2025\/05\/FB_IMG_1747153010589.jpg?fit=1080%2C720&ssl=1","keywords":["Elecciones Bolivia2025","Samuel Doria Medina","Vicente Cu\u00e9llar"],"articleSection":["Pol\u00edtica"],"inLanguage":"es","potentialAction":[{"@type":"CommentAction","name":"Comment","target":["https:\/\/innoticiasbo.com\/index.php\/2025\/05\/13\/vicente-cuellar-se-queda-con-samuel-doria-medina\/#respond"]}]},{"@type":"WebPage","@id":"https:\/\/innoticiasbo.com\/index.php\/2025\/05\/13\/vicente-cuellar-se-queda-con-samuel-doria-medina\/","url":"https:\/\/innoticiasbo.com\/index.php\/2025\/05\/13\/vicente-cuellar-se-queda-con-samuel-doria-medina\/","name":"VICENTE CU\u00c9LLAR SE QUEDA CON SAMUEL DORIA MEDINA - innoticiasbo.com","isPartOf":{"@id":"https:\/\/innoticiasbo.com\/#website"},"primaryImageOfPage":{"@id":"https:\/\/innoticiasbo.com\/index.php\/2025\/05\/13\/vicente-cuellar-se-queda-con-samuel-doria-medina\/#primaryimage"},"image":{"@id":"https:\/\/innoticiasbo.com\/index.php\/2025\/05\/13\/vicente-cuellar-se-queda-con-samuel-doria-medina\/#primaryimage"},"thumbnailUrl":"https:\/\/i0.wp.com\/innoticiasbo.com\/wp-content\/uploads\/2025\/05\/FB_IMG_1747153010589.jpg?fit=1080%2C720&ssl=1","datePublished":"2025-05-13T16:19:23+00:00","dateModified":"2025-05-13T16:19:59+00:00","breadcrumb":{"@id":"https:\/\/innoticiasbo.com\/index.php\/2025\/05\/13\/vicente-cuellar-se-queda-con-samuel-doria-medina\/#breadcrumb"},"inLanguage":"es","potentialAction":[{"@type":"ReadAction","target":["https:\/\/innoticiasbo.com\/index.php\/2025\/05\/13\/vicente-cuellar-se-queda-con-samuel-doria-medina\/"]}]},{"@type":"ImageObject","inLanguage":"es","@id":"https:\/\/innoticiasbo.com\/index.php\/2025\/05\/13\/vicente-cuellar-se-queda-con-samuel-doria-medina\/#primaryimage","url":"https:\/\/i0.wp.com\/innoticiasbo.com\/wp-content\/uploads\/2025\/05\/FB_IMG_1747153010589.jpg?fit=1080%2C720&ssl=1","contentUrl":"https:\/\/i0.wp.com\/innoticiasbo.com\/wp-content\/uploads\/2025\/05\/FB_IMG_1747153010589.jpg?fit=1080%2C720&ssl=1","width":1080,"height":720},{"@type":"BreadcrumbList","@id":"https:\/\/innoticiasbo.com\/index.php\/2025\/05\/13\/vicente-cuellar-se-queda-con-samuel-doria-medina\/#breadcrumb","itemListElement":[{"@type":"ListItem","position":1,"name":"Portada","item":"https:\/\/innoticiasbo.com\/"},{"@type":"ListItem","position":2,"name":"VICENTE CU\u00c9LLAR SE QUEDA CON SAMUEL DORIA MEDINA"}]},{"@type":"WebSite","@id":"https:\/\/innoticiasbo.com\/#website","url":"https:\/\/innoticiasbo.com\/","name":"innoticiasbo.com","description":"","publisher":{"@id":"https:\/\/innoticiasbo.com\/#organization"},"potentialAction":[{"@type":"SearchAction","target":{"@type":"EntryPoint","urlTemplate":"https:\/\/innoticiasbo.com\/?s={search_term_string}"},"query-input":{"@type":"PropertyValueSpecification","valueRequired":true,"valueName":"search_term_string"}}],"inLanguage":"es"},{"@type":"Organization","@id":"https:\/\/innoticiasbo.com\/#organization","name":"innoticiasbo.com","url":"https:\/\/innoticiasbo.com\/","logo":{"@type":"ImageObject","inLanguage":"es","@id":"https:\/\/innoticiasbo.com\/#\/schema\/logo\/image\/","url":"https:\/\/i0.wp.com\/innoticiasbo.com\/wp-content\/uploads\/2026\/04\/cropped-IN-LOGO.png?fit=1476%2C1476&ssl=1","contentUrl":"https:\/\/i0.wp.com\/innoticiasbo.com\/wp-content\/uploads\/2026\/04\/cropped-IN-LOGO.png?fit=1476%2C1476&ssl=1","width":1476,"height":1476,"caption":"innoticiasbo.com"},"image":{"@id":"https:\/\/innoticiasbo.com\/#\/schema\/logo\/image\/"},"sameAs":["https:\/\/www.facebook.com\/innoticiasbolivia","https:\/\/x.com\/innoticiasbo","https:\/\/www.instagram.com\/innoticiasbo","https:\/\/www.youtube.com\/innoticiasbo"]},{"@type":"Person","@id":"https:\/\/innoticiasbo.com\/#\/schema\/person\/6f3e5eca02a7cf7249145609797573f2","name":"Prensa 2","image":{"@type":"ImageObject","inLanguage":"es","@id":"https:\/\/innoticiasbo.com\/#\/schema\/person\/image\/","url":"https:\/\/secure.gravatar.com\/avatar\/1d189cd124d02eac2fef69ee12563d60?s=96&d=mm&r=g","contentUrl":"https:\/\/secure.gravatar.com\/avatar\/1d189cd124d02eac2fef69ee12563d60?s=96&d=mm&r=g","caption":"Prensa 2"},"sameAs":["http:\/\/www.innoticiasbo.com"],"url":"https:\/\/innoticiasbo.com\/index.php\/author\/prensa-2\/"}]}},"jetpack_featured_media_url":"https:\/\/i0.wp.com\/innoticiasbo.com\/wp-content\/uploads\/2025\/05\/FB_IMG_1747153010589.jpg?fit=1080%2C720&ssl=1","jetpack_likes_enabled":true,"jetpack_sharing_enabled":true,"jetpack_shortlink":"https:\/\/wp.me\/pg298x-1qr","_links":{"self":[{"href":"https:\/\/innoticiasbo.com\/index.php\/wp-json\/wp\/v2\/posts\/5483","targetHints":{"allow":["GET"]}}],"collection":[{"href":"https:\/\/innoticiasbo.com\/index.php\/wp-json\/wp\/v2\/posts"}],"about":[{"href":"https:\/\/innoticiasbo.com\/index.php\/wp-json\/wp\/v2\/types\/post"}],"author":[{"embeddable":true,"href":"https:\/\/innoticiasbo.com\/index.php\/wp-json\/wp\/v2\/users\/3"}],"replies":[{"embeddable":true,"href":"https:\/\/innoticiasbo.com\/index.php\/wp-json\/wp\/v2\/comments?post=5483"}],"version-history":[{"count":1,"href":"https:\/\/innoticiasbo.com\/index.php\/wp-json\/wp\/v2\/posts\/5483\/revisions"}],"predecessor-version":[{"id":5484,"href":"https:\/\/innoticiasbo.com\/index.php\/wp-json\/wp\/v2\/posts\/5483\/revisions\/5484"}],"wp:featuredmedia":[{"embeddable":true,"href":"https:\/\/innoticiasbo.com\/index.php\/wp-json\/wp\/v2\/media\/5482"}],"wp:attachment":[{"href":"https:\/\/innoticiasbo.com\/index.php\/wp-json\/wp\/v2\/media?parent=5483"}],"wp:term":[{"taxonomy":"category","embeddable":true,"href":"https:\/\/innoticiasbo.com\/index.php\/wp-json\/wp\/v2\/categories?post=5483"},{"taxonomy":"post_tag","embeddable":true,"href":"https:\/\/innoticiasbo.com\/index.php\/wp-json\/wp\/v2\/tags?post=5483"}],"curies":[{"name":"wp","href":"https:\/\/api.w.org\/{rel}","templated":true}]}}