{"id":5480,"date":"2025-05-13T09:00:12","date_gmt":"2025-05-13T13:00:12","guid":{"rendered":"https:\/\/innoticiasbo.com\/?p=5480"},"modified":"2025-05-13T08:56:16","modified_gmt":"2025-05-13T12:56:16","slug":"caso-golpe-de-estado-fiscalia-emite-acusacion-formal-contra-zuniga-y-otros-20-implicados","status":"publish","type":"post","link":"https:\/\/innoticiasbo.com\/index.php\/2025\/05\/13\/caso-golpe-de-estado-fiscalia-emite-acusacion-formal-contra-zuniga-y-otros-20-implicados\/","title":{"rendered":"CASO \u00abGOLPE DE ESTADO\u00bb FISCAL\u00cdA EMITE ACUSACI\u00d3N FORMAL CONTRA Z\u00da\u00d1IGA Y OTROS 20 IMPLICADOS"},"content":{"rendered":"\n<p>La Paz, 13 de mayo sel 2025.- La Fiscal\u00eda emiti\u00f3 la acusaci\u00f3n formal en contra del excomandante general del Ej\u00e9rcito, Juan Jos\u00e9 Z\u00fa\u00f1iga, y otros implicados en el caso de la \u2018asonada golpista\u2019 del 26 de junio de 2024.<\/p>\n\n\n\n<p>Seg\u00fan informaci\u00f3n de Erbol, la Fiscal\u00eda acus\u00f3 formalmente a 21 personas. Entre ellas, 17 figuran en calidad de autores por los delitos de terrorismo, alzamientos armados contra la seguridad y soberan\u00eda del Estado y resoluciones contrarias a la constituci\u00f3n y las leyes; mientras que el resto aparece en grado de complicidad.<\/p>\n\n\n\n<p>Entre los principales acusados se encuentra Z\u00fa\u00f1iga que era comandante del Ej\u00e9rcito, adem\u00e1s de los excomandantes de la Armada y al Fuerza A\u00e9rea, Juan Arnez y Marcelo Zegarra, respectivamente. Asimismo, aparecen en la lista otros mandos y personal que particip\u00f3 de la toma de la plaza Murillo del 26 de junio.<\/p>\n\n\n\n<p>En la acusaci\u00f3n, la Fiscal\u00eda solicita a la justicia que se abre el Juicio Oral y se dicte Sentencia Condenatoria contra los acusados, m\u00e1s el pago expreso de costas, da\u00f1os, perjuicios a favor del Estado, adem\u00e1s de los d\u00edas multa seg\u00fan el C\u00f3digo Penal.<\/p>\n\n\n\n<p>El 26-J<\/p>\n\n\n\n<p>El 26 de junio, el excomandante del Ej\u00e9rcito, Juan Jos\u00e9 Z\u00fa\u00f1iga, moviliz\u00f3 a un grupo de militares encapuchados con quienes tom\u00f3 la plaza Murillo con tanquetas y efectivos con armas de grueso calibre.<\/p>\n\n\n\n<p>En uno de esos blindados estaba Z\u00fa\u00f1iga, que un d\u00eda antes fue informado de su relevo, adem\u00e1s de Juan Arnez, de la Armada Boliviana, y Marcelo Zegarra, de la Fuerza A\u00e9rea Boliviana; sin embargo, este \u00faltimo \u201chab\u00eda hecho conocer que no estaba de acuerdo\u201d con este accionar, seg\u00fan las investigaciones de la Fiscal\u00eda.<\/p>\n\n\n\n<p>El Gobierno afirma que lo ocurrido el 26 de junio fue un fallido intento de Golpe de Estado. Ese d\u00eda, de hecho, Z\u00fa\u00f1iga habl\u00f3 de que el Ej\u00e9rcito buscaba \u201crecuperar la patria\u201d y habl\u00f3 de formar un nuevo gabinete.<\/p>\n\n\n\n<p>Seg\u00fan las investigaciones incluso ten\u00eda preparado un discurso para asumir la presidencia del Estado.<\/p>\n\n\n\n<p>Tras un careo con el excomandante del Ej\u00e9rcito, el presidente Luis Arce opt\u00f3 por posesionar a un nuevo alto mando militar, mismo que orden\u00f3 el repliegue de las unidades a sus cuarteles, con lo que finaliz\u00f3 los momentos de tensi\u00f3n en el centro pol\u00edtico del pa\u00eds.<\/p>\n\n\n\n<p>Fuente\u00bb La Ventana<\/p>\n","protected":false},"excerpt":{"rendered":"<p>La Paz, 13 de mayo sel 2025.- La Fiscal\u00eda emiti\u00f3 la acusaci\u00f3n formal en contra del excomandante general del Ej\u00e9rcito, Juan Jos\u00e9 Z\u00fa\u00f1iga, y otros implicados en el caso de la \u2018asonada golpista\u2019 del 26 de junio de 2024. Seg\u00fan informaci\u00f3n de Erbol, la Fiscal\u00eda acus\u00f3 formalmente a 21 personas. Entre ellas, 17 figuran en&#8230;<\/p>\n","protected":false},"author":3,"featured_media":5479,"comment_status":"open","ping_status":"open","sticky":false,"template":"","format":"standard","meta":{"_jetpack_memberships_contains_paid_content":false,"footnotes":"","jetpack_publicize_message":"","jetpack_publicize_feature_enabled":true,"jetpack_social_post_already_shared":true,"jetpack_social_options":{"image_generator_settings":{"template":"highway","enabled":false},"version":2}},"categories":[1],"tags":[364,363,205],"class_list":["post-5480","post","type-post","status-publish","format-standard","has-post-thumbnail","hentry","category-bolivia","tag-acusacion-formal","tag-fiscalia","tag-zuniga"],"jetpack_publicize_connections":[],"yoast_head":"<!-- This site is optimized with the Yoast SEO plugin v23.4 - https:\/\/yoast.com\/wordpress\/plugins\/seo\/ -->\n<title>CASO &quot;GOLPE DE ESTADO&quot; FISCAL\u00cdA EMITE ACUSACI\u00d3N FORMAL CONTRA Z\u00da\u00d1IGA Y OTROS 20 IMPLICADOS - innoticiasbo.com<\/title>\n<meta name=\"robots\" content=\"index, follow, max-snippet:-1, max-image-preview:large, max-video-preview:-1\" \/>\n<link rel=\"canonical\" href=\"https:\/\/innoticiasbo.com\/index.php\/2025\/05\/13\/caso-golpe-de-estado-fiscalia-emite-acusacion-formal-contra-zuniga-y-otros-20-implicados\/\" \/>\n<meta property=\"og:locale\" content=\"es_ES\" \/>\n<meta property=\"og:type\" content=\"article\" \/>\n<meta property=\"og:title\" content=\"CASO &quot;GOLPE DE ESTADO&quot; FISCAL\u00cdA EMITE ACUSACI\u00d3N FORMAL CONTRA Z\u00da\u00d1IGA Y OTROS 20 IMPLICADOS - innoticiasbo.com\" \/>\n<meta property=\"og:description\" content=\"La Paz, 13 de mayo sel 2025.- La Fiscal\u00eda emiti\u00f3 la acusaci\u00f3n formal en contra del excomandante general del Ej\u00e9rcito, Juan Jos\u00e9 Z\u00fa\u00f1iga, y otros implicados en el caso de la \u2018asonada golpista\u2019 del 26 de junio de 2024. Seg\u00fan informaci\u00f3n de Erbol, la Fiscal\u00eda acus\u00f3 formalmente a 21 personas. Entre ellas, 17 figuran en...\" \/>\n<meta property=\"og:url\" content=\"https:\/\/innoticiasbo.com\/index.php\/2025\/05\/13\/caso-golpe-de-estado-fiscalia-emite-acusacion-formal-contra-zuniga-y-otros-20-implicados\/\" \/>\n<meta property=\"og:site_name\" content=\"innoticiasbo.com\" \/>\n<meta property=\"article:publisher\" content=\"https:\/\/www.facebook.com\/innoticiasbolivia\" \/>\n<meta property=\"article:published_time\" content=\"2025-05-13T13:00:12+00:00\" \/>\n<meta property=\"article:modified_time\" content=\"2025-05-13T12:56:16+00:00\" \/>\n<meta property=\"og:image\" content=\"https:\/\/i0.wp.com\/innoticiasbo.com\/wp-content\/uploads\/2025\/05\/FB_IMG_1747140534526.jpg?fit=1080%2C608&ssl=1\" \/>\n\t<meta property=\"og:image:width\" content=\"1080\" \/>\n\t<meta property=\"og:image:height\" content=\"608\" \/>\n\t<meta property=\"og:image:type\" content=\"image\/jpeg\" \/>\n<meta name=\"author\" content=\"Prensa 2\" \/>\n<meta name=\"twitter:card\" content=\"summary_large_image\" \/>\n<meta name=\"twitter:creator\" content=\"@innoticiasbo\" \/>\n<meta name=\"twitter:site\" content=\"@innoticiasbo\" \/>\n<meta name=\"twitter:label1\" content=\"Escrito por\" \/>\n\t<meta name=\"twitter:data1\" content=\"Prensa 2\" \/>\n\t<meta name=\"twitter:label2\" content=\"Tiempo de lectura\" \/>\n\t<meta name=\"twitter:data2\" content=\"2 minutos\" \/>\n<script type=\"application\/ld+json\" class=\"yoast-schema-graph\">{\"@context\":\"https:\/\/schema.org\",\"@graph\":[{\"@type\":\"Article\",\"@id\":\"https:\/\/innoticiasbo.com\/index.php\/2025\/05\/13\/caso-golpe-de-estado-fiscalia-emite-acusacion-formal-contra-zuniga-y-otros-20-implicados\/#article\",\"isPartOf\":{\"@id\":\"https:\/\/innoticiasbo.com\/index.php\/2025\/05\/13\/caso-golpe-de-estado-fiscalia-emite-acusacion-formal-contra-zuniga-y-otros-20-implicados\/\"},\"author\":{\"name\":\"Prensa 2\",\"@id\":\"https:\/\/innoticiasbo.com\/#\/schema\/person\/6f3e5eca02a7cf7249145609797573f2\"},\"headline\":\"CASO \u00abGOLPE DE ESTADO\u00bb FISCAL\u00cdA EMITE ACUSACI\u00d3N FORMAL CONTRA Z\u00da\u00d1IGA Y OTROS 20 IMPLICADOS\",\"datePublished\":\"2025-05-13T13:00:12+00:00\",\"dateModified\":\"2025-05-13T12:56:16+00:00\",\"mainEntityOfPage\":{\"@id\":\"https:\/\/innoticiasbo.com\/index.php\/2025\/05\/13\/caso-golpe-de-estado-fiscalia-emite-acusacion-formal-contra-zuniga-y-otros-20-implicados\/\"},\"wordCount\":422,\"commentCount\":0,\"publisher\":{\"@id\":\"https:\/\/innoticiasbo.com\/#organization\"},\"image\":{\"@id\":\"https:\/\/innoticiasbo.com\/index.php\/2025\/05\/13\/caso-golpe-de-estado-fiscalia-emite-acusacion-formal-contra-zuniga-y-otros-20-implicados\/#primaryimage\"},\"thumbnailUrl\":\"https:\/\/i0.wp.com\/innoticiasbo.com\/wp-content\/uploads\/2025\/05\/FB_IMG_1747140534526.jpg?fit=1080%2C608&ssl=1\",\"keywords\":[\"acusaci\u00f3n formal\",\"Fiscal\u00eda\",\"Z\u00fa\u00f1iga\"],\"articleSection\":[\"Bolivia\"],\"inLanguage\":\"es\",\"potentialAction\":[{\"@type\":\"CommentAction\",\"name\":\"Comment\",\"target\":[\"https:\/\/innoticiasbo.com\/index.php\/2025\/05\/13\/caso-golpe-de-estado-fiscalia-emite-acusacion-formal-contra-zuniga-y-otros-20-implicados\/#respond\"]}]},{\"@type\":\"WebPage\",\"@id\":\"https:\/\/innoticiasbo.com\/index.php\/2025\/05\/13\/caso-golpe-de-estado-fiscalia-emite-acusacion-formal-contra-zuniga-y-otros-20-implicados\/\",\"url\":\"https:\/\/innoticiasbo.com\/index.php\/2025\/05\/13\/caso-golpe-de-estado-fiscalia-emite-acusacion-formal-contra-zuniga-y-otros-20-implicados\/\",\"name\":\"CASO \\\"GOLPE DE ESTADO\\\" FISCAL\u00cdA EMITE ACUSACI\u00d3N FORMAL CONTRA Z\u00da\u00d1IGA Y OTROS 20 IMPLICADOS - innoticiasbo.com\",\"isPartOf\":{\"@id\":\"https:\/\/innoticiasbo.com\/#website\"},\"primaryImageOfPage\":{\"@id\":\"https:\/\/innoticiasbo.com\/index.php\/2025\/05\/13\/caso-golpe-de-estado-fiscalia-emite-acusacion-formal-contra-zuniga-y-otros-20-implicados\/#primaryimage\"},\"image\":{\"@id\":\"https:\/\/innoticiasbo.com\/index.php\/2025\/05\/13\/caso-golpe-de-estado-fiscalia-emite-acusacion-formal-contra-zuniga-y-otros-20-implicados\/#primaryimage\"},\"thumbnailUrl\":\"https:\/\/i0.wp.com\/innoticiasbo.com\/wp-content\/uploads\/2025\/05\/FB_IMG_1747140534526.jpg?fit=1080%2C608&ssl=1\",\"datePublished\":\"2025-05-13T13:00:12+00:00\",\"dateModified\":\"2025-05-13T12:56:16+00:00\",\"breadcrumb\":{\"@id\":\"https:\/\/innoticiasbo.com\/index.php\/2025\/05\/13\/caso-golpe-de-estado-fiscalia-emite-acusacion-formal-contra-zuniga-y-otros-20-implicados\/#breadcrumb\"},\"inLanguage\":\"es\",\"potentialAction\":[{\"@type\":\"ReadAction\",\"target\":[\"https:\/\/innoticiasbo.com\/index.php\/2025\/05\/13\/caso-golpe-de-estado-fiscalia-emite-acusacion-formal-contra-zuniga-y-otros-20-implicados\/\"]}]},{\"@type\":\"ImageObject\",\"inLanguage\":\"es\",\"@id\":\"https:\/\/innoticiasbo.com\/index.php\/2025\/05\/13\/caso-golpe-de-estado-fiscalia-emite-acusacion-formal-contra-zuniga-y-otros-20-implicados\/#primaryimage\",\"url\":\"https:\/\/i0.wp.com\/innoticiasbo.com\/wp-content\/uploads\/2025\/05\/FB_IMG_1747140534526.jpg?fit=1080%2C608&ssl=1\",\"contentUrl\":\"https:\/\/i0.wp.com\/innoticiasbo.com\/wp-content\/uploads\/2025\/05\/FB_IMG_1747140534526.jpg?fit=1080%2C608&ssl=1\",\"width\":1080,\"height\":608},{\"@type\":\"BreadcrumbList\",\"@id\":\"https:\/\/innoticiasbo.com\/index.php\/2025\/05\/13\/caso-golpe-de-estado-fiscalia-emite-acusacion-formal-contra-zuniga-y-otros-20-implicados\/#breadcrumb\",\"itemListElement\":[{\"@type\":\"ListItem\",\"position\":1,\"name\":\"Portada\",\"item\":\"https:\/\/innoticiasbo.com\/\"},{\"@type\":\"ListItem\",\"position\":2,\"name\":\"CASO \u00abGOLPE DE ESTADO\u00bb FISCAL\u00cdA EMITE ACUSACI\u00d3N FORMAL CONTRA Z\u00da\u00d1IGA Y OTROS 20 IMPLICADOS\"}]},{\"@type\":\"WebSite\",\"@id\":\"https:\/\/innoticiasbo.com\/#website\",\"url\":\"https:\/\/innoticiasbo.com\/\",\"name\":\"innoticiasbo.com\",\"description\":\"\",\"publisher\":{\"@id\":\"https:\/\/innoticiasbo.com\/#organization\"},\"potentialAction\":[{\"@type\":\"SearchAction\",\"target\":{\"@type\":\"EntryPoint\",\"urlTemplate\":\"https:\/\/innoticiasbo.com\/?s={search_term_string}\"},\"query-input\":{\"@type\":\"PropertyValueSpecification\",\"valueRequired\":true,\"valueName\":\"search_term_string\"}}],\"inLanguage\":\"es\"},{\"@type\":\"Organization\",\"@id\":\"https:\/\/innoticiasbo.com\/#organization\",\"name\":\"innoticiasbo.com\",\"url\":\"https:\/\/innoticiasbo.com\/\",\"logo\":{\"@type\":\"ImageObject\",\"inLanguage\":\"es\",\"@id\":\"https:\/\/innoticiasbo.com\/#\/schema\/logo\/image\/\",\"url\":\"https:\/\/i0.wp.com\/innoticiasbo.com\/wp-content\/uploads\/2026\/04\/cropped-IN-LOGO.png?fit=1476%2C1476&ssl=1\",\"contentUrl\":\"https:\/\/i0.wp.com\/innoticiasbo.com\/wp-content\/uploads\/2026\/04\/cropped-IN-LOGO.png?fit=1476%2C1476&ssl=1\",\"width\":1476,\"height\":1476,\"caption\":\"innoticiasbo.com\"},\"image\":{\"@id\":\"https:\/\/innoticiasbo.com\/#\/schema\/logo\/image\/\"},\"sameAs\":[\"https:\/\/www.facebook.com\/innoticiasbolivia\",\"https:\/\/x.com\/innoticiasbo\",\"https:\/\/www.instagram.com\/innoticiasbo\",\"https:\/\/www.youtube.com\/innoticiasbo\"]},{\"@type\":\"Person\",\"@id\":\"https:\/\/innoticiasbo.com\/#\/schema\/person\/6f3e5eca02a7cf7249145609797573f2\",\"name\":\"Prensa 2\",\"image\":{\"@type\":\"ImageObject\",\"inLanguage\":\"es\",\"@id\":\"https:\/\/innoticiasbo.com\/#\/schema\/person\/image\/\",\"url\":\"https:\/\/secure.gravatar.com\/avatar\/1d189cd124d02eac2fef69ee12563d60?s=96&d=mm&r=g\",\"contentUrl\":\"https:\/\/secure.gravatar.com\/avatar\/1d189cd124d02eac2fef69ee12563d60?s=96&d=mm&r=g\",\"caption\":\"Prensa 2\"},\"sameAs\":[\"http:\/\/www.innoticiasbo.com\"],\"url\":\"https:\/\/innoticiasbo.com\/index.php\/author\/prensa-2\/\"}]}<\/script>\n<!-- \/ Yoast SEO plugin. -->","yoast_head_json":{"title":"CASO \"GOLPE DE ESTADO\" FISCAL\u00cdA EMITE ACUSACI\u00d3N FORMAL CONTRA Z\u00da\u00d1IGA Y OTROS 20 IMPLICADOS - innoticiasbo.com","robots":{"index":"index","follow":"follow","max-snippet":"max-snippet:-1","max-image-preview":"max-image-preview:large","max-video-preview":"max-video-preview:-1"},"canonical":"https:\/\/innoticiasbo.com\/index.php\/2025\/05\/13\/caso-golpe-de-estado-fiscalia-emite-acusacion-formal-contra-zuniga-y-otros-20-implicados\/","og_locale":"es_ES","og_type":"article","og_title":"CASO \"GOLPE DE ESTADO\" FISCAL\u00cdA EMITE ACUSACI\u00d3N FORMAL CONTRA Z\u00da\u00d1IGA Y OTROS 20 IMPLICADOS - innoticiasbo.com","og_description":"La Paz, 13 de mayo sel 2025.- La Fiscal\u00eda emiti\u00f3 la acusaci\u00f3n formal en contra del excomandante general del Ej\u00e9rcito, Juan Jos\u00e9 Z\u00fa\u00f1iga, y otros implicados en el caso de la \u2018asonada golpista\u2019 del 26 de junio de 2024. Seg\u00fan informaci\u00f3n de Erbol, la Fiscal\u00eda acus\u00f3 formalmente a 21 personas. Entre ellas, 17 figuran en...","og_url":"https:\/\/innoticiasbo.com\/index.php\/2025\/05\/13\/caso-golpe-de-estado-fiscalia-emite-acusacion-formal-contra-zuniga-y-otros-20-implicados\/","og_site_name":"innoticiasbo.com","article_publisher":"https:\/\/www.facebook.com\/innoticiasbolivia","article_published_time":"2025-05-13T13:00:12+00:00","article_modified_time":"2025-05-13T12:56:16+00:00","og_image":[{"width":1080,"height":608,"url":"https:\/\/i0.wp.com\/innoticiasbo.com\/wp-content\/uploads\/2025\/05\/FB_IMG_1747140534526.jpg?fit=1080%2C608&ssl=1","type":"image\/jpeg"}],"author":"Prensa 2","twitter_card":"summary_large_image","twitter_creator":"@innoticiasbo","twitter_site":"@innoticiasbo","twitter_misc":{"Escrito por":"Prensa 2","Tiempo de lectura":"2 minutos"},"schema":{"@context":"https:\/\/schema.org","@graph":[{"@type":"Article","@id":"https:\/\/innoticiasbo.com\/index.php\/2025\/05\/13\/caso-golpe-de-estado-fiscalia-emite-acusacion-formal-contra-zuniga-y-otros-20-implicados\/#article","isPartOf":{"@id":"https:\/\/innoticiasbo.com\/index.php\/2025\/05\/13\/caso-golpe-de-estado-fiscalia-emite-acusacion-formal-contra-zuniga-y-otros-20-implicados\/"},"author":{"name":"Prensa 2","@id":"https:\/\/innoticiasbo.com\/#\/schema\/person\/6f3e5eca02a7cf7249145609797573f2"},"headline":"CASO \u00abGOLPE DE ESTADO\u00bb FISCAL\u00cdA EMITE ACUSACI\u00d3N FORMAL CONTRA Z\u00da\u00d1IGA Y OTROS 20 IMPLICADOS","datePublished":"2025-05-13T13:00:12+00:00","dateModified":"2025-05-13T12:56:16+00:00","mainEntityOfPage":{"@id":"https:\/\/innoticiasbo.com\/index.php\/2025\/05\/13\/caso-golpe-de-estado-fiscalia-emite-acusacion-formal-contra-zuniga-y-otros-20-implicados\/"},"wordCount":422,"commentCount":0,"publisher":{"@id":"https:\/\/innoticiasbo.com\/#organization"},"image":{"@id":"https:\/\/innoticiasbo.com\/index.php\/2025\/05\/13\/caso-golpe-de-estado-fiscalia-emite-acusacion-formal-contra-zuniga-y-otros-20-implicados\/#primaryimage"},"thumbnailUrl":"https:\/\/i0.wp.com\/innoticiasbo.com\/wp-content\/uploads\/2025\/05\/FB_IMG_1747140534526.jpg?fit=1080%2C608&ssl=1","keywords":["acusaci\u00f3n formal","Fiscal\u00eda","Z\u00fa\u00f1iga"],"articleSection":["Bolivia"],"inLanguage":"es","potentialAction":[{"@type":"CommentAction","name":"Comment","target":["https:\/\/innoticiasbo.com\/index.php\/2025\/05\/13\/caso-golpe-de-estado-fiscalia-emite-acusacion-formal-contra-zuniga-y-otros-20-implicados\/#respond"]}]},{"@type":"WebPage","@id":"https:\/\/innoticiasbo.com\/index.php\/2025\/05\/13\/caso-golpe-de-estado-fiscalia-emite-acusacion-formal-contra-zuniga-y-otros-20-implicados\/","url":"https:\/\/innoticiasbo.com\/index.php\/2025\/05\/13\/caso-golpe-de-estado-fiscalia-emite-acusacion-formal-contra-zuniga-y-otros-20-implicados\/","name":"CASO \"GOLPE DE ESTADO\" FISCAL\u00cdA EMITE ACUSACI\u00d3N FORMAL CONTRA Z\u00da\u00d1IGA Y OTROS 20 IMPLICADOS - innoticiasbo.com","isPartOf":{"@id":"https:\/\/innoticiasbo.com\/#website"},"primaryImageOfPage":{"@id":"https:\/\/innoticiasbo.com\/index.php\/2025\/05\/13\/caso-golpe-de-estado-fiscalia-emite-acusacion-formal-contra-zuniga-y-otros-20-implicados\/#primaryimage"},"image":{"@id":"https:\/\/innoticiasbo.com\/index.php\/2025\/05\/13\/caso-golpe-de-estado-fiscalia-emite-acusacion-formal-contra-zuniga-y-otros-20-implicados\/#primaryimage"},"thumbnailUrl":"https:\/\/i0.wp.com\/innoticiasbo.com\/wp-content\/uploads\/2025\/05\/FB_IMG_1747140534526.jpg?fit=1080%2C608&ssl=1","datePublished":"2025-05-13T13:00:12+00:00","dateModified":"2025-05-13T12:56:16+00:00","breadcrumb":{"@id":"https:\/\/innoticiasbo.com\/index.php\/2025\/05\/13\/caso-golpe-de-estado-fiscalia-emite-acusacion-formal-contra-zuniga-y-otros-20-implicados\/#breadcrumb"},"inLanguage":"es","potentialAction":[{"@type":"ReadAction","target":["https:\/\/innoticiasbo.com\/index.php\/2025\/05\/13\/caso-golpe-de-estado-fiscalia-emite-acusacion-formal-contra-zuniga-y-otros-20-implicados\/"]}]},{"@type":"ImageObject","inLanguage":"es","@id":"https:\/\/innoticiasbo.com\/index.php\/2025\/05\/13\/caso-golpe-de-estado-fiscalia-emite-acusacion-formal-contra-zuniga-y-otros-20-implicados\/#primaryimage","url":"https:\/\/i0.wp.com\/innoticiasbo.com\/wp-content\/uploads\/2025\/05\/FB_IMG_1747140534526.jpg?fit=1080%2C608&ssl=1","contentUrl":"https:\/\/i0.wp.com\/innoticiasbo.com\/wp-content\/uploads\/2025\/05\/FB_IMG_1747140534526.jpg?fit=1080%2C608&ssl=1","width":1080,"height":608},{"@type":"BreadcrumbList","@id":"https:\/\/innoticiasbo.com\/index.php\/2025\/05\/13\/caso-golpe-de-estado-fiscalia-emite-acusacion-formal-contra-zuniga-y-otros-20-implicados\/#breadcrumb","itemListElement":[{"@type":"ListItem","position":1,"name":"Portada","item":"https:\/\/innoticiasbo.com\/"},{"@type":"ListItem","position":2,"name":"CASO \u00abGOLPE DE ESTADO\u00bb FISCAL\u00cdA EMITE ACUSACI\u00d3N FORMAL CONTRA Z\u00da\u00d1IGA Y OTROS 20 IMPLICADOS"}]},{"@type":"WebSite","@id":"https:\/\/innoticiasbo.com\/#website","url":"https:\/\/innoticiasbo.com\/","name":"innoticiasbo.com","description":"","publisher":{"@id":"https:\/\/innoticiasbo.com\/#organization"},"potentialAction":[{"@type":"SearchAction","target":{"@type":"EntryPoint","urlTemplate":"https:\/\/innoticiasbo.com\/?s={search_term_string}"},"query-input":{"@type":"PropertyValueSpecification","valueRequired":true,"valueName":"search_term_string"}}],"inLanguage":"es"},{"@type":"Organization","@id":"https:\/\/innoticiasbo.com\/#organization","name":"innoticiasbo.com","url":"https:\/\/innoticiasbo.com\/","logo":{"@type":"ImageObject","inLanguage":"es","@id":"https:\/\/innoticiasbo.com\/#\/schema\/logo\/image\/","url":"https:\/\/i0.wp.com\/innoticiasbo.com\/wp-content\/uploads\/2026\/04\/cropped-IN-LOGO.png?fit=1476%2C1476&ssl=1","contentUrl":"https:\/\/i0.wp.com\/innoticiasbo.com\/wp-content\/uploads\/2026\/04\/cropped-IN-LOGO.png?fit=1476%2C1476&ssl=1","width":1476,"height":1476,"caption":"innoticiasbo.com"},"image":{"@id":"https:\/\/innoticiasbo.com\/#\/schema\/logo\/image\/"},"sameAs":["https:\/\/www.facebook.com\/innoticiasbolivia","https:\/\/x.com\/innoticiasbo","https:\/\/www.instagram.com\/innoticiasbo","https:\/\/www.youtube.com\/innoticiasbo"]},{"@type":"Person","@id":"https:\/\/innoticiasbo.com\/#\/schema\/person\/6f3e5eca02a7cf7249145609797573f2","name":"Prensa 2","image":{"@type":"ImageObject","inLanguage":"es","@id":"https:\/\/innoticiasbo.com\/#\/schema\/person\/image\/","url":"https:\/\/secure.gravatar.com\/avatar\/1d189cd124d02eac2fef69ee12563d60?s=96&d=mm&r=g","contentUrl":"https:\/\/secure.gravatar.com\/avatar\/1d189cd124d02eac2fef69ee12563d60?s=96&d=mm&r=g","caption":"Prensa 2"},"sameAs":["http:\/\/www.innoticiasbo.com"],"url":"https:\/\/innoticiasbo.com\/index.php\/author\/prensa-2\/"}]}},"jetpack_featured_media_url":"https:\/\/i0.wp.com\/innoticiasbo.com\/wp-content\/uploads\/2025\/05\/FB_IMG_1747140534526.jpg?fit=1080%2C608&ssl=1","jetpack_likes_enabled":true,"jetpack_sharing_enabled":true,"jetpack_shortlink":"https:\/\/wp.me\/pg298x-1qo","_links":{"self":[{"href":"https:\/\/innoticiasbo.com\/index.php\/wp-json\/wp\/v2\/posts\/5480","targetHints":{"allow":["GET"]}}],"collection":[{"href":"https:\/\/innoticiasbo.com\/index.php\/wp-json\/wp\/v2\/posts"}],"about":[{"href":"https:\/\/innoticiasbo.com\/index.php\/wp-json\/wp\/v2\/types\/post"}],"author":[{"embeddable":true,"href":"https:\/\/innoticiasbo.com\/index.php\/wp-json\/wp\/v2\/users\/3"}],"replies":[{"embeddable":true,"href":"https:\/\/innoticiasbo.com\/index.php\/wp-json\/wp\/v2\/comments?post=5480"}],"version-history":[{"count":1,"href":"https:\/\/innoticiasbo.com\/index.php\/wp-json\/wp\/v2\/posts\/5480\/revisions"}],"predecessor-version":[{"id":5481,"href":"https:\/\/innoticiasbo.com\/index.php\/wp-json\/wp\/v2\/posts\/5480\/revisions\/5481"}],"wp:featuredmedia":[{"embeddable":true,"href":"https:\/\/innoticiasbo.com\/index.php\/wp-json\/wp\/v2\/media\/5479"}],"wp:attachment":[{"href":"https:\/\/innoticiasbo.com\/index.php\/wp-json\/wp\/v2\/media?parent=5480"}],"wp:term":[{"taxonomy":"category","embeddable":true,"href":"https:\/\/innoticiasbo.com\/index.php\/wp-json\/wp\/v2\/categories?post=5480"},{"taxonomy":"post_tag","embeddable":true,"href":"https:\/\/innoticiasbo.com\/index.php\/wp-json\/wp\/v2\/tags?post=5480"}],"curies":[{"name":"wp","href":"https:\/\/api.w.org\/{rel}","templated":true}]}}