{"id":5462,"date":"2025-05-13T09:10:27","date_gmt":"2025-05-13T13:10:27","guid":{"rendered":"https:\/\/innoticiasbo.com\/?p=5462"},"modified":"2025-05-13T10:15:21","modified_gmt":"2025-05-13T14:15:21","slug":"la-recaudacion-tributaria-crecio-el-108-en-el-departamento-de-tarija-a-abril-de-2025","status":"publish","type":"post","link":"https:\/\/innoticiasbo.com\/index.php\/2025\/05\/13\/la-recaudacion-tributaria-crecio-el-108-en-el-departamento-de-tarija-a-abril-de-2025\/","title":{"rendered":"LA RECAUDACI\u00d3N TRIBUTARIA CRECI\u00d3 EL 10,8% EN EL DEPARTAMENTO DE TARIJA, A ABRIL DE 2025"},"content":{"rendered":"\n<p class=\"MsoNoSpacing\"><strong>Tarija, 13 de mayo de 2025.-<\/strong> El presidente del Servicio de Impuestos Nacionales (SIN), Mario Caz\u00f3n, inform\u00f3 que la recaudaci\u00f3n de Mercado Interno (MI) en el departamento de Tarija creci\u00f3 el 10,8%, a abril de 2025, respecto del mismo periodo de 2024, como resultado de los esfuerzos del Gobierno nacional para mantener la estabilidad y contener la inflaci\u00f3n mediante el control de precios, entre otras medidas.<\/p>\n\n\n\n<p class=\"MsoNoSpacing\">Entre enero y abril de 2024, la recaudaci\u00f3n en Tarija lleg\u00f3 a Bs197,1 millones y al mismo mes de 2025, a Bs218,3 millones, con el incremento del 10,8% (Bs21,2 millones m\u00e1s), detall\u00f3 Caz\u00f3n en conferencia de prensa en la ciudad de Tarija.<\/p>\n\n\n\n<p class=\"MsoNoSpacing\">En el departamento de Tarija, el pago del Impuesto al Valor Agregado (IVA) se elev\u00f3 de Bs59,4 millones (a abril 2024) a Bs72 millones (a abril 2025), con el crecimiento del 21,2% (Bs12,6 millones m\u00e1s).<\/p>\n\n\n\n<figure class=\"wp-block-image size-large\"><img data-recalc-dims=\"1\" loading=\"lazy\" decoding=\"async\" width=\"640\" height=\"427\" src=\"https:\/\/i0.wp.com\/innoticiasbo.com\/wp-content\/uploads\/2025\/05\/img-20250512-wa01646429424397018357466.jpg?resize=640%2C427&#038;ssl=1\" alt=\"\" class=\"wp-image-5460\" srcset=\"https:\/\/i0.wp.com\/innoticiasbo.com\/wp-content\/uploads\/2025\/05\/img-20250512-wa01646429424397018357466.jpg?resize=1024%2C683&amp;ssl=1 1024w, https:\/\/i0.wp.com\/innoticiasbo.com\/wp-content\/uploads\/2025\/05\/img-20250512-wa01646429424397018357466.jpg?resize=300%2C200&amp;ssl=1 300w, https:\/\/i0.wp.com\/innoticiasbo.com\/wp-content\/uploads\/2025\/05\/img-20250512-wa01646429424397018357466.jpg?resize=768%2C512&amp;ssl=1 768w, https:\/\/i0.wp.com\/innoticiasbo.com\/wp-content\/uploads\/2025\/05\/img-20250512-wa01646429424397018357466.jpg?resize=1536%2C1024&amp;ssl=1 1536w, https:\/\/i0.wp.com\/innoticiasbo.com\/wp-content\/uploads\/2025\/05\/img-20250512-wa01646429424397018357466.jpg?resize=600%2C400&amp;ssl=1 600w, https:\/\/i0.wp.com\/innoticiasbo.com\/wp-content\/uploads\/2025\/05\/img-20250512-wa01646429424397018357466.jpg?w=1600&amp;ssl=1 1600w, https:\/\/i0.wp.com\/innoticiasbo.com\/wp-content\/uploads\/2025\/05\/img-20250512-wa01646429424397018357466.jpg?w=1280&amp;ssl=1 1280w\" sizes=\"auto, (max-width: 640px) 100vw, 640px\" \/><\/figure>\n\n\n\n<p class=\"MsoNoSpacing\">El pago del IT creci\u00f3 de Bs43,9 millones (a abril 2024) a Bs48,2 millones (a abril 2025), con la elevaci\u00f3n del 9,8% (Bs4,3 millones m\u00e1s).<\/p>\n\n\n\n<p class=\"MsoNoSpacing\">El cobro del Impuesto sobre las Utilidades de las Empresas (IUE) se increment\u00f3 de Bs38,5 millones (a abril 2024) a Bs42,7 millones (a abril 2025), con el crecimiento del 11% (Bs4,2 millones m\u00e1s).<\/p>\n\n\n\n<p class=\"MsoNoSpacing\">La recaudaci\u00f3n del Impuesto a los Consumos Espec\u00edficos (ICE) creci\u00f3 de Bs14,9 millones (a abril 2024) a Bs19 millones (a abril 2025), con un incremento del 28% (Bs4,1 millones m\u00e1s).<\/p>\n\n\n\n<p class=\"MsoNoSpacing\">En la recaudaci\u00f3n por sector econ\u00f3mico en el departamento de Tarija destacan actividades como el Comercio, que elev\u00f3 el pago de tributos de Bs63,1 millones (a abril 2024) a Bs76,9 millones (a abril 2025), con un crecimiento del 21,9% (Bs13,8 millones m\u00e1s). &nbsp;<\/p>\n\n\n\n<p class=\"MsoNoSpacing\">Servicios a las Empresas pag\u00f3 Bs19,2 millones (a abril 2024) y Bs21,5 millones (a abril 2025), con el crecimiento del 12% (Bs2,3 millones m\u00e1s).<\/p>\n\n\n\n<p class=\"MsoNoSpacing\">Transporte y Almacenamiento pag\u00f3 Bs11,9 millones (a abril 2024) y Bs13,2 millones (a abril 2025), con el incremento del 10,9% (Bs1,3 millones m\u00e1s).<\/p>\n\n\n\n<p class=\"MsoNoSpacing\">Prodcutos Agr\u00edcolas No Industriales elev\u00f3 el pago de impuestos de Bs2,9 millones (a abril 2024) a Bs5,5 millones (a abril 2025), con el incremento del 89,7% (Bs2,6 millones m\u00e1s).<\/p>\n\n\n\n<p class=\"MsoNoSpacing\"><strong>Crecimiento de la recaudaci\u00f3n a nivel nacional<\/strong><\/p>\n\n\n\n<p class=\"MsoNoSpacing\">Caz\u00f3n adem\u00e1s inform\u00f3 que la recaudaci\u00f3n de MI, a nivel nacional, en los primeros cuatro meses de 2025 creci\u00f3 el 18,2%, respecto del mismo periodo de 2024.<\/p>\n\n\n\n<p class=\"MsoNoSpacing\">Es decir que a abril de 2024 lleg\u00f3 a Bs13.031,6 millones y al mismo mes de 2025 se elev\u00f3 a Bs15.407,6 millones, con un crecimiento porcentual positivo del 18,2%.<\/p>\n\n\n\n<p class=\"MsoNoSpacing\">La recaudaci\u00f3n del IVA, a nivel nacional, creci\u00f3 de Bs3.680,1 millones (a abril 2024) a Bs4.218 millones (a abril 2025), con el incremento del 14,6%.<\/p>\n\n\n\n<p class=\"MsoNoSpacing\">El cobro del IT, a nivel nacional, creci\u00f3 el 12,2%, es decir que a abril de 2024 lleg\u00f3 a Bs2.213,8 millones y al mismo mes de 2025, a Bs2.484,3 millones.<\/p>\n\n\n\n<p class=\"MsoNoSpacing\">La recaudaci\u00f3n del IUE, a nivel nacional, lleg\u00f3 a Bs4.113,5 millones (a abril 2024) y a Bs5.351,6 millones (a abril 2025), con el crecimiento del 30,1%.<\/p>\n\n\n\n<p class=\"MsoNoSpacing\">El pago del ICE, a nivel nacional, se elev\u00f3 de Bs707,1 millones (a abril 2024) a Bs867,2 millones (a abril 2025), con el incremento del 22,6%.<\/p>\n\n\n\n<p class=\"MsoNoSpacing\">La recaudaci\u00f3n del R\u00e9gimen Complementario al IVA (RC-IVA), a nivel nacional, se elev\u00f3 de Bs338,8 millones (a abril 2024) a Bs346,5 millones (a abril 2025), con el crecimiento del 2,3%.<\/p>\n\n\n\n<p class=\"MsoNoSpacing\">Facilidades de Pago y Conceptos Varios (FP y CV), a nivel nacional, elev\u00f3 su recaudaci\u00f3n de Bs1.750,7 millones (a abril 2024) a Bs1.929, 4 millones (a abril 2025), con el incremento del 10,2%.<\/p>\n","protected":false},"excerpt":{"rendered":"<p>Tarija, 13 de mayo de 2025.- El presidente del Servicio de Impuestos Nacionales (SIN), Mario Caz\u00f3n, inform\u00f3 que la recaudaci\u00f3n de Mercado Interno (MI) en el departamento de Tarija creci\u00f3 el 10,8%, a abril de 2025, respecto del mismo periodo de 2024, como resultado de los esfuerzos del Gobierno nacional para mantener la estabilidad y&#8230;<\/p>\n","protected":false},"author":2,"featured_media":5461,"comment_status":"open","ping_status":"open","sticky":false,"template":"","format":"standard","meta":{"_jetpack_memberships_contains_paid_content":false,"footnotes":"","jetpack_publicize_message":"","jetpack_publicize_feature_enabled":true,"jetpack_social_post_already_shared":true,"jetpack_social_options":{"image_generator_settings":{"template":"highway","enabled":false},"version":2}},"categories":[1,16],"tags":[357,22,358,194],"class_list":["post-5462","post","type-post","status-publish","format-standard","has-post-thumbnail","hentry","category-bolivia","category-economia","tag-impuestos","tag-innoticias","tag-recaudacion","tag-tarija"],"jetpack_publicize_connections":[],"yoast_head":"<!-- This site is optimized with the Yoast SEO plugin v23.4 - https:\/\/yoast.com\/wordpress\/plugins\/seo\/ -->\n<title>LA RECAUDACI\u00d3N TRIBUTARIA CRECI\u00d3 EL 10,8% EN EL DEPARTAMENTO DE TARIJA, A ABRIL DE 2025 - innoticiasbo.com<\/title>\n<meta name=\"robots\" content=\"index, follow, max-snippet:-1, max-image-preview:large, max-video-preview:-1\" \/>\n<link rel=\"canonical\" href=\"https:\/\/innoticiasbo.com\/index.php\/2025\/05\/13\/la-recaudacion-tributaria-crecio-el-108-en-el-departamento-de-tarija-a-abril-de-2025\/\" \/>\n<meta property=\"og:locale\" content=\"es_ES\" \/>\n<meta property=\"og:type\" content=\"article\" \/>\n<meta property=\"og:title\" content=\"LA RECAUDACI\u00d3N TRIBUTARIA CRECI\u00d3 EL 10,8% EN EL DEPARTAMENTO DE TARIJA, A ABRIL DE 2025 - innoticiasbo.com\" \/>\n<meta property=\"og:description\" content=\"Tarija, 13 de mayo de 2025.- El presidente del Servicio de Impuestos Nacionales (SIN), Mario Caz\u00f3n, inform\u00f3 que la recaudaci\u00f3n de Mercado Interno (MI) en el departamento de Tarija creci\u00f3 el 10,8%, a abril de 2025, respecto del mismo periodo de 2024, como resultado de los esfuerzos del Gobierno nacional para mantener la estabilidad y...\" \/>\n<meta property=\"og:url\" content=\"https:\/\/innoticiasbo.com\/index.php\/2025\/05\/13\/la-recaudacion-tributaria-crecio-el-108-en-el-departamento-de-tarija-a-abril-de-2025\/\" \/>\n<meta property=\"og:site_name\" content=\"innoticiasbo.com\" \/>\n<meta property=\"article:publisher\" content=\"https:\/\/www.facebook.com\/innoticiasbolivia\" \/>\n<meta property=\"article:published_time\" content=\"2025-05-13T13:10:27+00:00\" \/>\n<meta property=\"article:modified_time\" content=\"2025-05-13T14:15:21+00:00\" \/>\n<meta property=\"og:image\" content=\"https:\/\/i0.wp.com\/innoticiasbo.com\/wp-content\/uploads\/2025\/05\/IMG-20250512-WA0164.jpg?fit=1600%2C1067&ssl=1\" \/>\n\t<meta property=\"og:image:width\" content=\"1600\" \/>\n\t<meta property=\"og:image:height\" content=\"1067\" \/>\n\t<meta property=\"og:image:type\" content=\"image\/jpeg\" \/>\n<meta name=\"author\" content=\"Prensa\" \/>\n<meta name=\"twitter:card\" content=\"summary_large_image\" \/>\n<meta name=\"twitter:creator\" content=\"@innoticiasbo\" \/>\n<meta name=\"twitter:site\" content=\"@innoticiasbo\" \/>\n<meta name=\"twitter:label1\" content=\"Escrito por\" \/>\n\t<meta name=\"twitter:data1\" content=\"Prensa\" \/>\n\t<meta name=\"twitter:label2\" content=\"Tiempo de lectura\" \/>\n\t<meta name=\"twitter:data2\" content=\"3 minutos\" \/>\n<script type=\"application\/ld+json\" class=\"yoast-schema-graph\">{\"@context\":\"https:\/\/schema.org\",\"@graph\":[{\"@type\":\"Article\",\"@id\":\"https:\/\/innoticiasbo.com\/index.php\/2025\/05\/13\/la-recaudacion-tributaria-crecio-el-108-en-el-departamento-de-tarija-a-abril-de-2025\/#article\",\"isPartOf\":{\"@id\":\"https:\/\/innoticiasbo.com\/index.php\/2025\/05\/13\/la-recaudacion-tributaria-crecio-el-108-en-el-departamento-de-tarija-a-abril-de-2025\/\"},\"author\":{\"name\":\"Prensa\",\"@id\":\"https:\/\/innoticiasbo.com\/#\/schema\/person\/589cd527c4211df1b943bdad85ec07ce\"},\"headline\":\"LA RECAUDACI\u00d3N TRIBUTARIA CRECI\u00d3 EL 10,8% EN EL DEPARTAMENTO DE TARIJA, A ABRIL DE 2025\",\"datePublished\":\"2025-05-13T13:10:27+00:00\",\"dateModified\":\"2025-05-13T14:15:21+00:00\",\"mainEntityOfPage\":{\"@id\":\"https:\/\/innoticiasbo.com\/index.php\/2025\/05\/13\/la-recaudacion-tributaria-crecio-el-108-en-el-departamento-de-tarija-a-abril-de-2025\/\"},\"wordCount\":570,\"commentCount\":0,\"publisher\":{\"@id\":\"https:\/\/innoticiasbo.com\/#organization\"},\"image\":{\"@id\":\"https:\/\/innoticiasbo.com\/index.php\/2025\/05\/13\/la-recaudacion-tributaria-crecio-el-108-en-el-departamento-de-tarija-a-abril-de-2025\/#primaryimage\"},\"thumbnailUrl\":\"https:\/\/i0.wp.com\/innoticiasbo.com\/wp-content\/uploads\/2025\/05\/IMG-20250512-WA0164.jpg?fit=1600%2C1067&ssl=1\",\"keywords\":[\"impuestos\",\"innoticias\",\"recaudaci\u00f3n\",\"Tarija\"],\"articleSection\":[\"Bolivia\",\"Econom\u00eda\"],\"inLanguage\":\"es\",\"potentialAction\":[{\"@type\":\"CommentAction\",\"name\":\"Comment\",\"target\":[\"https:\/\/innoticiasbo.com\/index.php\/2025\/05\/13\/la-recaudacion-tributaria-crecio-el-108-en-el-departamento-de-tarija-a-abril-de-2025\/#respond\"]}]},{\"@type\":\"WebPage\",\"@id\":\"https:\/\/innoticiasbo.com\/index.php\/2025\/05\/13\/la-recaudacion-tributaria-crecio-el-108-en-el-departamento-de-tarija-a-abril-de-2025\/\",\"url\":\"https:\/\/innoticiasbo.com\/index.php\/2025\/05\/13\/la-recaudacion-tributaria-crecio-el-108-en-el-departamento-de-tarija-a-abril-de-2025\/\",\"name\":\"LA RECAUDACI\u00d3N TRIBUTARIA CRECI\u00d3 EL 10,8% EN EL DEPARTAMENTO DE TARIJA, A ABRIL DE 2025 - innoticiasbo.com\",\"isPartOf\":{\"@id\":\"https:\/\/innoticiasbo.com\/#website\"},\"primaryImageOfPage\":{\"@id\":\"https:\/\/innoticiasbo.com\/index.php\/2025\/05\/13\/la-recaudacion-tributaria-crecio-el-108-en-el-departamento-de-tarija-a-abril-de-2025\/#primaryimage\"},\"image\":{\"@id\":\"https:\/\/innoticiasbo.com\/index.php\/2025\/05\/13\/la-recaudacion-tributaria-crecio-el-108-en-el-departamento-de-tarija-a-abril-de-2025\/#primaryimage\"},\"thumbnailUrl\":\"https:\/\/i0.wp.com\/innoticiasbo.com\/wp-content\/uploads\/2025\/05\/IMG-20250512-WA0164.jpg?fit=1600%2C1067&ssl=1\",\"datePublished\":\"2025-05-13T13:10:27+00:00\",\"dateModified\":\"2025-05-13T14:15:21+00:00\",\"breadcrumb\":{\"@id\":\"https:\/\/innoticiasbo.com\/index.php\/2025\/05\/13\/la-recaudacion-tributaria-crecio-el-108-en-el-departamento-de-tarija-a-abril-de-2025\/#breadcrumb\"},\"inLanguage\":\"es\",\"potentialAction\":[{\"@type\":\"ReadAction\",\"target\":[\"https:\/\/innoticiasbo.com\/index.php\/2025\/05\/13\/la-recaudacion-tributaria-crecio-el-108-en-el-departamento-de-tarija-a-abril-de-2025\/\"]}]},{\"@type\":\"ImageObject\",\"inLanguage\":\"es\",\"@id\":\"https:\/\/innoticiasbo.com\/index.php\/2025\/05\/13\/la-recaudacion-tributaria-crecio-el-108-en-el-departamento-de-tarija-a-abril-de-2025\/#primaryimage\",\"url\":\"https:\/\/i0.wp.com\/innoticiasbo.com\/wp-content\/uploads\/2025\/05\/IMG-20250512-WA0164.jpg?fit=1600%2C1067&ssl=1\",\"contentUrl\":\"https:\/\/i0.wp.com\/innoticiasbo.com\/wp-content\/uploads\/2025\/05\/IMG-20250512-WA0164.jpg?fit=1600%2C1067&ssl=1\",\"width\":1600,\"height\":1067},{\"@type\":\"BreadcrumbList\",\"@id\":\"https:\/\/innoticiasbo.com\/index.php\/2025\/05\/13\/la-recaudacion-tributaria-crecio-el-108-en-el-departamento-de-tarija-a-abril-de-2025\/#breadcrumb\",\"itemListElement\":[{\"@type\":\"ListItem\",\"position\":1,\"name\":\"Portada\",\"item\":\"https:\/\/innoticiasbo.com\/\"},{\"@type\":\"ListItem\",\"position\":2,\"name\":\"LA RECAUDACI\u00d3N TRIBUTARIA CRECI\u00d3 EL 10,8% EN EL DEPARTAMENTO DE TARIJA, A ABRIL DE 2025\"}]},{\"@type\":\"WebSite\",\"@id\":\"https:\/\/innoticiasbo.com\/#website\",\"url\":\"https:\/\/innoticiasbo.com\/\",\"name\":\"innoticiasbo.com\",\"description\":\"\",\"publisher\":{\"@id\":\"https:\/\/innoticiasbo.com\/#organization\"},\"potentialAction\":[{\"@type\":\"SearchAction\",\"target\":{\"@type\":\"EntryPoint\",\"urlTemplate\":\"https:\/\/innoticiasbo.com\/?s={search_term_string}\"},\"query-input\":{\"@type\":\"PropertyValueSpecification\",\"valueRequired\":true,\"valueName\":\"search_term_string\"}}],\"inLanguage\":\"es\"},{\"@type\":\"Organization\",\"@id\":\"https:\/\/innoticiasbo.com\/#organization\",\"name\":\"innoticiasbo.com\",\"url\":\"https:\/\/innoticiasbo.com\/\",\"logo\":{\"@type\":\"ImageObject\",\"inLanguage\":\"es\",\"@id\":\"https:\/\/innoticiasbo.com\/#\/schema\/logo\/image\/\",\"url\":\"https:\/\/i0.wp.com\/innoticiasbo.com\/wp-content\/uploads\/2026\/04\/cropped-IN-LOGO.png?fit=1476%2C1476&ssl=1\",\"contentUrl\":\"https:\/\/i0.wp.com\/innoticiasbo.com\/wp-content\/uploads\/2026\/04\/cropped-IN-LOGO.png?fit=1476%2C1476&ssl=1\",\"width\":1476,\"height\":1476,\"caption\":\"innoticiasbo.com\"},\"image\":{\"@id\":\"https:\/\/innoticiasbo.com\/#\/schema\/logo\/image\/\"},\"sameAs\":[\"https:\/\/www.facebook.com\/innoticiasbolivia\",\"https:\/\/x.com\/innoticiasbo\",\"https:\/\/www.instagram.com\/innoticiasbo\",\"https:\/\/www.youtube.com\/innoticiasbo\"]},{\"@type\":\"Person\",\"@id\":\"https:\/\/innoticiasbo.com\/#\/schema\/person\/589cd527c4211df1b943bdad85ec07ce\",\"name\":\"Prensa\",\"image\":{\"@type\":\"ImageObject\",\"inLanguage\":\"es\",\"@id\":\"https:\/\/innoticiasbo.com\/#\/schema\/person\/image\/\",\"url\":\"https:\/\/secure.gravatar.com\/avatar\/d359bbdf112023c1c0a3ec7fe1600657?s=96&d=mm&r=g\",\"contentUrl\":\"https:\/\/secure.gravatar.com\/avatar\/d359bbdf112023c1c0a3ec7fe1600657?s=96&d=mm&r=g\",\"caption\":\"Prensa\"},\"sameAs\":[\"http:\/\/www.innoticiasbo.com\"],\"url\":\"https:\/\/innoticiasbo.com\/index.php\/author\/prensa\/\"}]}<\/script>\n<!-- \/ Yoast SEO plugin. -->","yoast_head_json":{"title":"LA RECAUDACI\u00d3N TRIBUTARIA CRECI\u00d3 EL 10,8% EN EL DEPARTAMENTO DE TARIJA, A ABRIL DE 2025 - innoticiasbo.com","robots":{"index":"index","follow":"follow","max-snippet":"max-snippet:-1","max-image-preview":"max-image-preview:large","max-video-preview":"max-video-preview:-1"},"canonical":"https:\/\/innoticiasbo.com\/index.php\/2025\/05\/13\/la-recaudacion-tributaria-crecio-el-108-en-el-departamento-de-tarija-a-abril-de-2025\/","og_locale":"es_ES","og_type":"article","og_title":"LA RECAUDACI\u00d3N TRIBUTARIA CRECI\u00d3 EL 10,8% EN EL DEPARTAMENTO DE TARIJA, A ABRIL DE 2025 - innoticiasbo.com","og_description":"Tarija, 13 de mayo de 2025.- El presidente del Servicio de Impuestos Nacionales (SIN), Mario Caz\u00f3n, inform\u00f3 que la recaudaci\u00f3n de Mercado Interno (MI) en el departamento de Tarija creci\u00f3 el 10,8%, a abril de 2025, respecto del mismo periodo de 2024, como resultado de los esfuerzos del Gobierno nacional para mantener la estabilidad y...","og_url":"https:\/\/innoticiasbo.com\/index.php\/2025\/05\/13\/la-recaudacion-tributaria-crecio-el-108-en-el-departamento-de-tarija-a-abril-de-2025\/","og_site_name":"innoticiasbo.com","article_publisher":"https:\/\/www.facebook.com\/innoticiasbolivia","article_published_time":"2025-05-13T13:10:27+00:00","article_modified_time":"2025-05-13T14:15:21+00:00","og_image":[{"width":1600,"height":1067,"url":"https:\/\/i0.wp.com\/innoticiasbo.com\/wp-content\/uploads\/2025\/05\/IMG-20250512-WA0164.jpg?fit=1600%2C1067&ssl=1","type":"image\/jpeg"}],"author":"Prensa","twitter_card":"summary_large_image","twitter_creator":"@innoticiasbo","twitter_site":"@innoticiasbo","twitter_misc":{"Escrito por":"Prensa","Tiempo de lectura":"3 minutos"},"schema":{"@context":"https:\/\/schema.org","@graph":[{"@type":"Article","@id":"https:\/\/innoticiasbo.com\/index.php\/2025\/05\/13\/la-recaudacion-tributaria-crecio-el-108-en-el-departamento-de-tarija-a-abril-de-2025\/#article","isPartOf":{"@id":"https:\/\/innoticiasbo.com\/index.php\/2025\/05\/13\/la-recaudacion-tributaria-crecio-el-108-en-el-departamento-de-tarija-a-abril-de-2025\/"},"author":{"name":"Prensa","@id":"https:\/\/innoticiasbo.com\/#\/schema\/person\/589cd527c4211df1b943bdad85ec07ce"},"headline":"LA RECAUDACI\u00d3N TRIBUTARIA CRECI\u00d3 EL 10,8% EN EL DEPARTAMENTO DE TARIJA, A ABRIL DE 2025","datePublished":"2025-05-13T13:10:27+00:00","dateModified":"2025-05-13T14:15:21+00:00","mainEntityOfPage":{"@id":"https:\/\/innoticiasbo.com\/index.php\/2025\/05\/13\/la-recaudacion-tributaria-crecio-el-108-en-el-departamento-de-tarija-a-abril-de-2025\/"},"wordCount":570,"commentCount":0,"publisher":{"@id":"https:\/\/innoticiasbo.com\/#organization"},"image":{"@id":"https:\/\/innoticiasbo.com\/index.php\/2025\/05\/13\/la-recaudacion-tributaria-crecio-el-108-en-el-departamento-de-tarija-a-abril-de-2025\/#primaryimage"},"thumbnailUrl":"https:\/\/i0.wp.com\/innoticiasbo.com\/wp-content\/uploads\/2025\/05\/IMG-20250512-WA0164.jpg?fit=1600%2C1067&ssl=1","keywords":["impuestos","innoticias","recaudaci\u00f3n","Tarija"],"articleSection":["Bolivia","Econom\u00eda"],"inLanguage":"es","potentialAction":[{"@type":"CommentAction","name":"Comment","target":["https:\/\/innoticiasbo.com\/index.php\/2025\/05\/13\/la-recaudacion-tributaria-crecio-el-108-en-el-departamento-de-tarija-a-abril-de-2025\/#respond"]}]},{"@type":"WebPage","@id":"https:\/\/innoticiasbo.com\/index.php\/2025\/05\/13\/la-recaudacion-tributaria-crecio-el-108-en-el-departamento-de-tarija-a-abril-de-2025\/","url":"https:\/\/innoticiasbo.com\/index.php\/2025\/05\/13\/la-recaudacion-tributaria-crecio-el-108-en-el-departamento-de-tarija-a-abril-de-2025\/","name":"LA RECAUDACI\u00d3N TRIBUTARIA CRECI\u00d3 EL 10,8% EN EL DEPARTAMENTO DE TARIJA, A ABRIL DE 2025 - innoticiasbo.com","isPartOf":{"@id":"https:\/\/innoticiasbo.com\/#website"},"primaryImageOfPage":{"@id":"https:\/\/innoticiasbo.com\/index.php\/2025\/05\/13\/la-recaudacion-tributaria-crecio-el-108-en-el-departamento-de-tarija-a-abril-de-2025\/#primaryimage"},"image":{"@id":"https:\/\/innoticiasbo.com\/index.php\/2025\/05\/13\/la-recaudacion-tributaria-crecio-el-108-en-el-departamento-de-tarija-a-abril-de-2025\/#primaryimage"},"thumbnailUrl":"https:\/\/i0.wp.com\/innoticiasbo.com\/wp-content\/uploads\/2025\/05\/IMG-20250512-WA0164.jpg?fit=1600%2C1067&ssl=1","datePublished":"2025-05-13T13:10:27+00:00","dateModified":"2025-05-13T14:15:21+00:00","breadcrumb":{"@id":"https:\/\/innoticiasbo.com\/index.php\/2025\/05\/13\/la-recaudacion-tributaria-crecio-el-108-en-el-departamento-de-tarija-a-abril-de-2025\/#breadcrumb"},"inLanguage":"es","potentialAction":[{"@type":"ReadAction","target":["https:\/\/innoticiasbo.com\/index.php\/2025\/05\/13\/la-recaudacion-tributaria-crecio-el-108-en-el-departamento-de-tarija-a-abril-de-2025\/"]}]},{"@type":"ImageObject","inLanguage":"es","@id":"https:\/\/innoticiasbo.com\/index.php\/2025\/05\/13\/la-recaudacion-tributaria-crecio-el-108-en-el-departamento-de-tarija-a-abril-de-2025\/#primaryimage","url":"https:\/\/i0.wp.com\/innoticiasbo.com\/wp-content\/uploads\/2025\/05\/IMG-20250512-WA0164.jpg?fit=1600%2C1067&ssl=1","contentUrl":"https:\/\/i0.wp.com\/innoticiasbo.com\/wp-content\/uploads\/2025\/05\/IMG-20250512-WA0164.jpg?fit=1600%2C1067&ssl=1","width":1600,"height":1067},{"@type":"BreadcrumbList","@id":"https:\/\/innoticiasbo.com\/index.php\/2025\/05\/13\/la-recaudacion-tributaria-crecio-el-108-en-el-departamento-de-tarija-a-abril-de-2025\/#breadcrumb","itemListElement":[{"@type":"ListItem","position":1,"name":"Portada","item":"https:\/\/innoticiasbo.com\/"},{"@type":"ListItem","position":2,"name":"LA RECAUDACI\u00d3N TRIBUTARIA CRECI\u00d3 EL 10,8% EN EL DEPARTAMENTO DE TARIJA, A ABRIL DE 2025"}]},{"@type":"WebSite","@id":"https:\/\/innoticiasbo.com\/#website","url":"https:\/\/innoticiasbo.com\/","name":"innoticiasbo.com","description":"","publisher":{"@id":"https:\/\/innoticiasbo.com\/#organization"},"potentialAction":[{"@type":"SearchAction","target":{"@type":"EntryPoint","urlTemplate":"https:\/\/innoticiasbo.com\/?s={search_term_string}"},"query-input":{"@type":"PropertyValueSpecification","valueRequired":true,"valueName":"search_term_string"}}],"inLanguage":"es"},{"@type":"Organization","@id":"https:\/\/innoticiasbo.com\/#organization","name":"innoticiasbo.com","url":"https:\/\/innoticiasbo.com\/","logo":{"@type":"ImageObject","inLanguage":"es","@id":"https:\/\/innoticiasbo.com\/#\/schema\/logo\/image\/","url":"https:\/\/i0.wp.com\/innoticiasbo.com\/wp-content\/uploads\/2026\/04\/cropped-IN-LOGO.png?fit=1476%2C1476&ssl=1","contentUrl":"https:\/\/i0.wp.com\/innoticiasbo.com\/wp-content\/uploads\/2026\/04\/cropped-IN-LOGO.png?fit=1476%2C1476&ssl=1","width":1476,"height":1476,"caption":"innoticiasbo.com"},"image":{"@id":"https:\/\/innoticiasbo.com\/#\/schema\/logo\/image\/"},"sameAs":["https:\/\/www.facebook.com\/innoticiasbolivia","https:\/\/x.com\/innoticiasbo","https:\/\/www.instagram.com\/innoticiasbo","https:\/\/www.youtube.com\/innoticiasbo"]},{"@type":"Person","@id":"https:\/\/innoticiasbo.com\/#\/schema\/person\/589cd527c4211df1b943bdad85ec07ce","name":"Prensa","image":{"@type":"ImageObject","inLanguage":"es","@id":"https:\/\/innoticiasbo.com\/#\/schema\/person\/image\/","url":"https:\/\/secure.gravatar.com\/avatar\/d359bbdf112023c1c0a3ec7fe1600657?s=96&d=mm&r=g","contentUrl":"https:\/\/secure.gravatar.com\/avatar\/d359bbdf112023c1c0a3ec7fe1600657?s=96&d=mm&r=g","caption":"Prensa"},"sameAs":["http:\/\/www.innoticiasbo.com"],"url":"https:\/\/innoticiasbo.com\/index.php\/author\/prensa\/"}]}},"jetpack_featured_media_url":"https:\/\/i0.wp.com\/innoticiasbo.com\/wp-content\/uploads\/2025\/05\/IMG-20250512-WA0164.jpg?fit=1600%2C1067&ssl=1","jetpack_likes_enabled":true,"jetpack_sharing_enabled":true,"jetpack_shortlink":"https:\/\/wp.me\/pg298x-1q6","_links":{"self":[{"href":"https:\/\/innoticiasbo.com\/index.php\/wp-json\/wp\/v2\/posts\/5462","targetHints":{"allow":["GET"]}}],"collection":[{"href":"https:\/\/innoticiasbo.com\/index.php\/wp-json\/wp\/v2\/posts"}],"about":[{"href":"https:\/\/innoticiasbo.com\/index.php\/wp-json\/wp\/v2\/types\/post"}],"author":[{"embeddable":true,"href":"https:\/\/innoticiasbo.com\/index.php\/wp-json\/wp\/v2\/users\/2"}],"replies":[{"embeddable":true,"href":"https:\/\/innoticiasbo.com\/index.php\/wp-json\/wp\/v2\/comments?post=5462"}],"version-history":[{"count":1,"href":"https:\/\/innoticiasbo.com\/index.php\/wp-json\/wp\/v2\/posts\/5462\/revisions"}],"predecessor-version":[{"id":5463,"href":"https:\/\/innoticiasbo.com\/index.php\/wp-json\/wp\/v2\/posts\/5462\/revisions\/5463"}],"wp:featuredmedia":[{"embeddable":true,"href":"https:\/\/innoticiasbo.com\/index.php\/wp-json\/wp\/v2\/media\/5461"}],"wp:attachment":[{"href":"https:\/\/innoticiasbo.com\/index.php\/wp-json\/wp\/v2\/media?parent=5462"}],"wp:term":[{"taxonomy":"category","embeddable":true,"href":"https:\/\/innoticiasbo.com\/index.php\/wp-json\/wp\/v2\/categories?post=5462"},{"taxonomy":"post_tag","embeddable":true,"href":"https:\/\/innoticiasbo.com\/index.php\/wp-json\/wp\/v2\/tags?post=5462"}],"curies":[{"name":"wp","href":"https:\/\/api.w.org\/{rel}","templated":true}]}}