{"id":5397,"date":"2025-05-10T20:33:25","date_gmt":"2025-05-11T00:33:25","guid":{"rendered":"https:\/\/innoticiasbo.com\/?p=5397"},"modified":"2025-05-10T20:34:14","modified_gmt":"2025-05-11T00:34:14","slug":"dunn-y-uriona-un-binomio-que-consolida-la-unidad-por-la-nueva-bolivia","status":"publish","type":"post","link":"https:\/\/innoticiasbo.com\/index.php\/2025\/05\/10\/dunn-y-uriona-un-binomio-que-consolida-la-unidad-por-la-nueva-bolivia\/","title":{"rendered":"DUNN Y URIONA, UN BINOMIO QUE CONSOLIDA LA UNIDAD POR LA \u201cNUEVA BOLIVIA\u201d"},"content":{"rendered":"\n<p class=\"MsoNormal\">Cochabamba, 10 de mayo de 2025.- Desde la ciudad de Cochabamba, Jaime Dunn y Edgar Uriona oficializaron su alianza pol\u00edtica con un mensaje claro: apostar por la unidad como base para construir una \u201cNueva Bolivia\u201d. El acto de lanzamiento, celebrado con entusiasmo por militantes y simpatizantes, marc\u00f3 el inicio de una propuesta que busca superar las divisiones y pr\u00e1cticas nocivas de la vieja pol\u00edtica, apelando a la renovaci\u00f3n y al trabajo conjunto.<\/p>\n\n\n\n<figure class=\"wp-block-image size-large\"><img data-recalc-dims=\"1\" loading=\"lazy\" decoding=\"async\" width=\"640\" height=\"426\" src=\"https:\/\/i0.wp.com\/innoticiasbo.com\/wp-content\/uploads\/2025\/05\/img-20250510-wa0126104183715641777672.jpg?resize=640%2C426&#038;ssl=1\" alt=\"\" class=\"wp-image-5393\" srcset=\"https:\/\/i0.wp.com\/innoticiasbo.com\/wp-content\/uploads\/2025\/05\/img-20250510-wa0126104183715641777672.jpg?resize=1024%2C682&amp;ssl=1 1024w, https:\/\/i0.wp.com\/innoticiasbo.com\/wp-content\/uploads\/2025\/05\/img-20250510-wa0126104183715641777672.jpg?resize=300%2C200&amp;ssl=1 300w, https:\/\/i0.wp.com\/innoticiasbo.com\/wp-content\/uploads\/2025\/05\/img-20250510-wa0126104183715641777672.jpg?resize=768%2C512&amp;ssl=1 768w, https:\/\/i0.wp.com\/innoticiasbo.com\/wp-content\/uploads\/2025\/05\/img-20250510-wa0126104183715641777672.jpg?resize=1536%2C1023&amp;ssl=1 1536w, https:\/\/i0.wp.com\/innoticiasbo.com\/wp-content\/uploads\/2025\/05\/img-20250510-wa0126104183715641777672.jpg?resize=600%2C400&amp;ssl=1 600w, https:\/\/i0.wp.com\/innoticiasbo.com\/wp-content\/uploads\/2025\/05\/img-20250510-wa0126104183715641777672.jpg?w=1600&amp;ssl=1 1600w, https:\/\/i0.wp.com\/innoticiasbo.com\/wp-content\/uploads\/2025\/05\/img-20250510-wa0126104183715641777672.jpg?w=1280&amp;ssl=1 1280w\" sizes=\"auto, (max-width: 640px) 100vw, 640px\" \/><\/figure>\n\n\n\n<p class=\"MsoNormal\">Edgar Uriona agradeci\u00f3 a los presentes por su respaldo y comparti\u00f3 su historia personal como empresario que comenz\u00f3 desde abajo. Dirigi\u00e9ndose a los j\u00f3venes, los anim\u00f3 a confiar en el pa\u00eds. <strong>\u201cSolo necesitas principios y honestidad y con esfuerzo vas a salir adelante, con disciplina har\u00e1s empresas y para eso hay que trabajar aqu\u00ed (en Bolivia) y eso vamos a hacer con Jaime Dunn. No tienen que salir m\u00e1s de Bolivia, porque Bolivia es un pa\u00eds rico\u201d<\/strong>, expres\u00f3. Tambi\u00e9n valor\u00f3 el esfuerzo del sector empresarial boliviano. <strong>\u201cS\u00e9 c\u00f3mo es formar empresa, con disciplina, apostar todo, cuidar tu cr\u00e9dito, pagar impuestos, as\u00ed pude salir adelante\u201d<\/strong> sostuvo y afirm\u00f3 que el binomio trabajar\u00e1 para fortalecer el emprendimiento nacional.<\/p>\n\n\n\n<figure class=\"wp-block-image size-large\"><img data-recalc-dims=\"1\" loading=\"lazy\" decoding=\"async\" width=\"640\" height=\"426\" src=\"https:\/\/i0.wp.com\/innoticiasbo.com\/wp-content\/uploads\/2025\/05\/img-20250510-wa01253240093269016463921.jpg?resize=640%2C426&#038;ssl=1\" alt=\"\" class=\"wp-image-5394\" srcset=\"https:\/\/i0.wp.com\/innoticiasbo.com\/wp-content\/uploads\/2025\/05\/img-20250510-wa01253240093269016463921.jpg?resize=1024%2C682&amp;ssl=1 1024w, https:\/\/i0.wp.com\/innoticiasbo.com\/wp-content\/uploads\/2025\/05\/img-20250510-wa01253240093269016463921.jpg?resize=300%2C200&amp;ssl=1 300w, https:\/\/i0.wp.com\/innoticiasbo.com\/wp-content\/uploads\/2025\/05\/img-20250510-wa01253240093269016463921.jpg?resize=768%2C512&amp;ssl=1 768w, https:\/\/i0.wp.com\/innoticiasbo.com\/wp-content\/uploads\/2025\/05\/img-20250510-wa01253240093269016463921.jpg?resize=1536%2C1023&amp;ssl=1 1536w, https:\/\/i0.wp.com\/innoticiasbo.com\/wp-content\/uploads\/2025\/05\/img-20250510-wa01253240093269016463921.jpg?resize=600%2C400&amp;ssl=1 600w, https:\/\/i0.wp.com\/innoticiasbo.com\/wp-content\/uploads\/2025\/05\/img-20250510-wa01253240093269016463921.jpg?w=1600&amp;ssl=1 1600w, https:\/\/i0.wp.com\/innoticiasbo.com\/wp-content\/uploads\/2025\/05\/img-20250510-wa01253240093269016463921.jpg?w=1280&amp;ssl=1 1280w\" sizes=\"auto, (max-width: 640px) 100vw, 640px\" \/><\/figure>\n\n\n\n<p class=\"MsoNormal\">A su turno, Jaime Dunn agradeci\u00f3 a NGP y a Uriona por la confianza depositada en el proyecto. Enfatiz\u00f3 el esp\u00edritu renovador de su candidatura. <strong>\u201cEstamos aqu\u00ed porque somos nuevos en pol\u00edtica, con nuevas ideas porque queremos una nueva Bolivia. Asumo este reto no para gobernar desde arriba sino para devolver el poder, en las manos de los ciudadanos\u201d<\/strong>, manifest\u00f3 el candidato presidencial.<\/p>\n\n\n\n<figure class=\"wp-block-image size-large\"><img data-recalc-dims=\"1\" loading=\"lazy\" decoding=\"async\" width=\"640\" height=\"426\" src=\"https:\/\/i0.wp.com\/innoticiasbo.com\/wp-content\/uploads\/2025\/05\/img-20250510-wa01256126044533879385506.jpg?resize=640%2C426&#038;ssl=1\" alt=\"\" class=\"wp-image-5395\" srcset=\"https:\/\/i0.wp.com\/innoticiasbo.com\/wp-content\/uploads\/2025\/05\/img-20250510-wa01256126044533879385506.jpg?resize=1024%2C682&amp;ssl=1 1024w, https:\/\/i0.wp.com\/innoticiasbo.com\/wp-content\/uploads\/2025\/05\/img-20250510-wa01256126044533879385506.jpg?resize=300%2C200&amp;ssl=1 300w, https:\/\/i0.wp.com\/innoticiasbo.com\/wp-content\/uploads\/2025\/05\/img-20250510-wa01256126044533879385506.jpg?resize=768%2C512&amp;ssl=1 768w, https:\/\/i0.wp.com\/innoticiasbo.com\/wp-content\/uploads\/2025\/05\/img-20250510-wa01256126044533879385506.jpg?resize=1536%2C1023&amp;ssl=1 1536w, https:\/\/i0.wp.com\/innoticiasbo.com\/wp-content\/uploads\/2025\/05\/img-20250510-wa01256126044533879385506.jpg?resize=600%2C400&amp;ssl=1 600w, https:\/\/i0.wp.com\/innoticiasbo.com\/wp-content\/uploads\/2025\/05\/img-20250510-wa01256126044533879385506.jpg?w=1600&amp;ssl=1 1600w, https:\/\/i0.wp.com\/innoticiasbo.com\/wp-content\/uploads\/2025\/05\/img-20250510-wa01256126044533879385506.jpg?w=1280&amp;ssl=1 1280w\" sizes=\"auto, (max-width: 640px) 100vw, 640px\" \/><\/figure>\n\n\n\n<p class=\"MsoNormal\">Ambos l\u00edderes aseguraron que su uni\u00f3n nace de la convicci\u00f3n de que el verdadero cambio s\u00f3lo es posible desde la construcci\u00f3n colectiva. El binomio busca reflejar la diversidad del pa\u00eds: Uriona, trabajador humilde convertido en empresario, y Dunn, analista financiero con propuestas innovadoras para transformar Bolivia.<\/p>\n","protected":false},"excerpt":{"rendered":"<p>Cochabamba, 10 de mayo de 2025.- Desde la ciudad de Cochabamba, Jaime Dunn y Edgar Uriona oficializaron su alianza pol\u00edtica con un mensaje claro: apostar por la unidad como base para construir una \u201cNueva Bolivia\u201d. El acto de lanzamiento, celebrado con entusiasmo por militantes y simpatizantes, marc\u00f3 el inicio de una propuesta que busca superar&#8230;<\/p>\n","protected":false},"author":2,"featured_media":5396,"comment_status":"open","ping_status":"open","sticky":false,"template":"","format":"standard","meta":{"_jetpack_memberships_contains_paid_content":false,"footnotes":"","jetpack_publicize_message":"","jetpack_publicize_feature_enabled":true,"jetpack_social_post_already_shared":true,"jetpack_social_options":{"image_generator_settings":{"template":"highway","enabled":false},"version":2}},"categories":[1,3],"tags":[138,22,302,10],"class_list":["post-5397","post","type-post","status-publish","format-standard","has-post-thumbnail","hentry","category-bolivia","category-politica","tag-edgar-uriona","tag-innoticias","tag-jaime-dunn","tag-politica"],"jetpack_publicize_connections":[],"yoast_head":"<!-- This site is optimized with the Yoast SEO plugin v23.4 - https:\/\/yoast.com\/wordpress\/plugins\/seo\/ -->\n<title>DUNN Y URIONA, UN BINOMIO QUE CONSOLIDA LA UNIDAD POR LA \u201cNUEVA BOLIVIA\u201d - innoticiasbo.com<\/title>\n<meta name=\"robots\" content=\"index, follow, max-snippet:-1, max-image-preview:large, max-video-preview:-1\" \/>\n<link rel=\"canonical\" href=\"https:\/\/innoticiasbo.com\/index.php\/2025\/05\/10\/dunn-y-uriona-un-binomio-que-consolida-la-unidad-por-la-nueva-bolivia\/\" \/>\n<meta property=\"og:locale\" content=\"es_ES\" \/>\n<meta property=\"og:type\" content=\"article\" \/>\n<meta property=\"og:title\" content=\"DUNN Y URIONA, UN BINOMIO QUE CONSOLIDA LA UNIDAD POR LA \u201cNUEVA BOLIVIA\u201d - innoticiasbo.com\" \/>\n<meta property=\"og:description\" content=\"Cochabamba, 10 de mayo de 2025.- Desde la ciudad de Cochabamba, Jaime Dunn y Edgar Uriona oficializaron su alianza pol\u00edtica con un mensaje claro: apostar por la unidad como base para construir una \u201cNueva Bolivia\u201d. El acto de lanzamiento, celebrado con entusiasmo por militantes y simpatizantes, marc\u00f3 el inicio de una propuesta que busca superar...\" \/>\n<meta property=\"og:url\" content=\"https:\/\/innoticiasbo.com\/index.php\/2025\/05\/10\/dunn-y-uriona-un-binomio-que-consolida-la-unidad-por-la-nueva-bolivia\/\" \/>\n<meta property=\"og:site_name\" content=\"innoticiasbo.com\" \/>\n<meta property=\"article:publisher\" content=\"https:\/\/www.facebook.com\/innoticiasbolivia\" \/>\n<meta property=\"article:published_time\" content=\"2025-05-11T00:33:25+00:00\" \/>\n<meta property=\"article:modified_time\" content=\"2025-05-11T00:34:14+00:00\" \/>\n<meta property=\"og:image\" content=\"https:\/\/i0.wp.com\/innoticiasbo.com\/wp-content\/uploads\/2025\/05\/IMG-20250510-WA0126.jpg?fit=1600%2C1066&ssl=1\" \/>\n\t<meta property=\"og:image:width\" content=\"1600\" \/>\n\t<meta property=\"og:image:height\" content=\"1066\" \/>\n\t<meta property=\"og:image:type\" content=\"image\/jpeg\" \/>\n<meta name=\"author\" content=\"Prensa\" \/>\n<meta name=\"twitter:card\" content=\"summary_large_image\" \/>\n<meta name=\"twitter:creator\" content=\"@innoticiasbo\" \/>\n<meta name=\"twitter:site\" content=\"@innoticiasbo\" \/>\n<meta name=\"twitter:label1\" content=\"Escrito por\" \/>\n\t<meta name=\"twitter:data1\" content=\"Prensa\" \/>\n\t<meta name=\"twitter:label2\" content=\"Tiempo de lectura\" \/>\n\t<meta name=\"twitter:data2\" content=\"2 minutos\" \/>\n<script type=\"application\/ld+json\" class=\"yoast-schema-graph\">{\"@context\":\"https:\/\/schema.org\",\"@graph\":[{\"@type\":\"Article\",\"@id\":\"https:\/\/innoticiasbo.com\/index.php\/2025\/05\/10\/dunn-y-uriona-un-binomio-que-consolida-la-unidad-por-la-nueva-bolivia\/#article\",\"isPartOf\":{\"@id\":\"https:\/\/innoticiasbo.com\/index.php\/2025\/05\/10\/dunn-y-uriona-un-binomio-que-consolida-la-unidad-por-la-nueva-bolivia\/\"},\"author\":{\"name\":\"Prensa\",\"@id\":\"https:\/\/innoticiasbo.com\/#\/schema\/person\/589cd527c4211df1b943bdad85ec07ce\"},\"headline\":\"DUNN Y URIONA, UN BINOMIO QUE CONSOLIDA LA UNIDAD POR LA \u201cNUEVA BOLIVIA\u201d\",\"datePublished\":\"2025-05-11T00:33:25+00:00\",\"dateModified\":\"2025-05-11T00:34:14+00:00\",\"mainEntityOfPage\":{\"@id\":\"https:\/\/innoticiasbo.com\/index.php\/2025\/05\/10\/dunn-y-uriona-un-binomio-que-consolida-la-unidad-por-la-nueva-bolivia\/\"},\"wordCount\":330,\"commentCount\":0,\"publisher\":{\"@id\":\"https:\/\/innoticiasbo.com\/#organization\"},\"image\":{\"@id\":\"https:\/\/innoticiasbo.com\/index.php\/2025\/05\/10\/dunn-y-uriona-un-binomio-que-consolida-la-unidad-por-la-nueva-bolivia\/#primaryimage\"},\"thumbnailUrl\":\"https:\/\/i0.wp.com\/innoticiasbo.com\/wp-content\/uploads\/2025\/05\/IMG-20250510-WA0126.jpg?fit=1600%2C1066&ssl=1\",\"keywords\":[\"\u00c9dgar Uriona\",\"innoticias\",\"Jaime Dunn\",\"Pol\u00edtica\"],\"articleSection\":[\"Bolivia\",\"Pol\u00edtica\"],\"inLanguage\":\"es\",\"potentialAction\":[{\"@type\":\"CommentAction\",\"name\":\"Comment\",\"target\":[\"https:\/\/innoticiasbo.com\/index.php\/2025\/05\/10\/dunn-y-uriona-un-binomio-que-consolida-la-unidad-por-la-nueva-bolivia\/#respond\"]}]},{\"@type\":\"WebPage\",\"@id\":\"https:\/\/innoticiasbo.com\/index.php\/2025\/05\/10\/dunn-y-uriona-un-binomio-que-consolida-la-unidad-por-la-nueva-bolivia\/\",\"url\":\"https:\/\/innoticiasbo.com\/index.php\/2025\/05\/10\/dunn-y-uriona-un-binomio-que-consolida-la-unidad-por-la-nueva-bolivia\/\",\"name\":\"DUNN Y URIONA, UN BINOMIO QUE CONSOLIDA LA UNIDAD POR LA \u201cNUEVA BOLIVIA\u201d - innoticiasbo.com\",\"isPartOf\":{\"@id\":\"https:\/\/innoticiasbo.com\/#website\"},\"primaryImageOfPage\":{\"@id\":\"https:\/\/innoticiasbo.com\/index.php\/2025\/05\/10\/dunn-y-uriona-un-binomio-que-consolida-la-unidad-por-la-nueva-bolivia\/#primaryimage\"},\"image\":{\"@id\":\"https:\/\/innoticiasbo.com\/index.php\/2025\/05\/10\/dunn-y-uriona-un-binomio-que-consolida-la-unidad-por-la-nueva-bolivia\/#primaryimage\"},\"thumbnailUrl\":\"https:\/\/i0.wp.com\/innoticiasbo.com\/wp-content\/uploads\/2025\/05\/IMG-20250510-WA0126.jpg?fit=1600%2C1066&ssl=1\",\"datePublished\":\"2025-05-11T00:33:25+00:00\",\"dateModified\":\"2025-05-11T00:34:14+00:00\",\"breadcrumb\":{\"@id\":\"https:\/\/innoticiasbo.com\/index.php\/2025\/05\/10\/dunn-y-uriona-un-binomio-que-consolida-la-unidad-por-la-nueva-bolivia\/#breadcrumb\"},\"inLanguage\":\"es\",\"potentialAction\":[{\"@type\":\"ReadAction\",\"target\":[\"https:\/\/innoticiasbo.com\/index.php\/2025\/05\/10\/dunn-y-uriona-un-binomio-que-consolida-la-unidad-por-la-nueva-bolivia\/\"]}]},{\"@type\":\"ImageObject\",\"inLanguage\":\"es\",\"@id\":\"https:\/\/innoticiasbo.com\/index.php\/2025\/05\/10\/dunn-y-uriona-un-binomio-que-consolida-la-unidad-por-la-nueva-bolivia\/#primaryimage\",\"url\":\"https:\/\/i0.wp.com\/innoticiasbo.com\/wp-content\/uploads\/2025\/05\/IMG-20250510-WA0126.jpg?fit=1600%2C1066&ssl=1\",\"contentUrl\":\"https:\/\/i0.wp.com\/innoticiasbo.com\/wp-content\/uploads\/2025\/05\/IMG-20250510-WA0126.jpg?fit=1600%2C1066&ssl=1\",\"width\":1600,\"height\":1066},{\"@type\":\"BreadcrumbList\",\"@id\":\"https:\/\/innoticiasbo.com\/index.php\/2025\/05\/10\/dunn-y-uriona-un-binomio-que-consolida-la-unidad-por-la-nueva-bolivia\/#breadcrumb\",\"itemListElement\":[{\"@type\":\"ListItem\",\"position\":1,\"name\":\"Portada\",\"item\":\"https:\/\/innoticiasbo.com\/\"},{\"@type\":\"ListItem\",\"position\":2,\"name\":\"DUNN Y URIONA, UN BINOMIO QUE CONSOLIDA LA UNIDAD POR LA \u201cNUEVA BOLIVIA\u201d\"}]},{\"@type\":\"WebSite\",\"@id\":\"https:\/\/innoticiasbo.com\/#website\",\"url\":\"https:\/\/innoticiasbo.com\/\",\"name\":\"innoticiasbo.com\",\"description\":\"\",\"publisher\":{\"@id\":\"https:\/\/innoticiasbo.com\/#organization\"},\"potentialAction\":[{\"@type\":\"SearchAction\",\"target\":{\"@type\":\"EntryPoint\",\"urlTemplate\":\"https:\/\/innoticiasbo.com\/?s={search_term_string}\"},\"query-input\":{\"@type\":\"PropertyValueSpecification\",\"valueRequired\":true,\"valueName\":\"search_term_string\"}}],\"inLanguage\":\"es\"},{\"@type\":\"Organization\",\"@id\":\"https:\/\/innoticiasbo.com\/#organization\",\"name\":\"innoticiasbo.com\",\"url\":\"https:\/\/innoticiasbo.com\/\",\"logo\":{\"@type\":\"ImageObject\",\"inLanguage\":\"es\",\"@id\":\"https:\/\/innoticiasbo.com\/#\/schema\/logo\/image\/\",\"url\":\"https:\/\/i0.wp.com\/innoticiasbo.com\/wp-content\/uploads\/2026\/04\/cropped-IN-LOGO.png?fit=1476%2C1476&ssl=1\",\"contentUrl\":\"https:\/\/i0.wp.com\/innoticiasbo.com\/wp-content\/uploads\/2026\/04\/cropped-IN-LOGO.png?fit=1476%2C1476&ssl=1\",\"width\":1476,\"height\":1476,\"caption\":\"innoticiasbo.com\"},\"image\":{\"@id\":\"https:\/\/innoticiasbo.com\/#\/schema\/logo\/image\/\"},\"sameAs\":[\"https:\/\/www.facebook.com\/innoticiasbolivia\",\"https:\/\/x.com\/innoticiasbo\",\"https:\/\/www.instagram.com\/innoticiasbo\",\"https:\/\/www.youtube.com\/innoticiasbo\"]},{\"@type\":\"Person\",\"@id\":\"https:\/\/innoticiasbo.com\/#\/schema\/person\/589cd527c4211df1b943bdad85ec07ce\",\"name\":\"Prensa\",\"image\":{\"@type\":\"ImageObject\",\"inLanguage\":\"es\",\"@id\":\"https:\/\/innoticiasbo.com\/#\/schema\/person\/image\/\",\"url\":\"https:\/\/secure.gravatar.com\/avatar\/d359bbdf112023c1c0a3ec7fe1600657?s=96&d=mm&r=g\",\"contentUrl\":\"https:\/\/secure.gravatar.com\/avatar\/d359bbdf112023c1c0a3ec7fe1600657?s=96&d=mm&r=g\",\"caption\":\"Prensa\"},\"sameAs\":[\"http:\/\/www.innoticiasbo.com\"],\"url\":\"https:\/\/innoticiasbo.com\/index.php\/author\/prensa\/\"}]}<\/script>\n<!-- \/ Yoast SEO plugin. -->","yoast_head_json":{"title":"DUNN Y URIONA, UN BINOMIO QUE CONSOLIDA LA UNIDAD POR LA \u201cNUEVA BOLIVIA\u201d - innoticiasbo.com","robots":{"index":"index","follow":"follow","max-snippet":"max-snippet:-1","max-image-preview":"max-image-preview:large","max-video-preview":"max-video-preview:-1"},"canonical":"https:\/\/innoticiasbo.com\/index.php\/2025\/05\/10\/dunn-y-uriona-un-binomio-que-consolida-la-unidad-por-la-nueva-bolivia\/","og_locale":"es_ES","og_type":"article","og_title":"DUNN Y URIONA, UN BINOMIO QUE CONSOLIDA LA UNIDAD POR LA \u201cNUEVA BOLIVIA\u201d - innoticiasbo.com","og_description":"Cochabamba, 10 de mayo de 2025.- Desde la ciudad de Cochabamba, Jaime Dunn y Edgar Uriona oficializaron su alianza pol\u00edtica con un mensaje claro: apostar por la unidad como base para construir una \u201cNueva Bolivia\u201d. El acto de lanzamiento, celebrado con entusiasmo por militantes y simpatizantes, marc\u00f3 el inicio de una propuesta que busca superar...","og_url":"https:\/\/innoticiasbo.com\/index.php\/2025\/05\/10\/dunn-y-uriona-un-binomio-que-consolida-la-unidad-por-la-nueva-bolivia\/","og_site_name":"innoticiasbo.com","article_publisher":"https:\/\/www.facebook.com\/innoticiasbolivia","article_published_time":"2025-05-11T00:33:25+00:00","article_modified_time":"2025-05-11T00:34:14+00:00","og_image":[{"width":1600,"height":1066,"url":"https:\/\/i0.wp.com\/innoticiasbo.com\/wp-content\/uploads\/2025\/05\/IMG-20250510-WA0126.jpg?fit=1600%2C1066&ssl=1","type":"image\/jpeg"}],"author":"Prensa","twitter_card":"summary_large_image","twitter_creator":"@innoticiasbo","twitter_site":"@innoticiasbo","twitter_misc":{"Escrito por":"Prensa","Tiempo de lectura":"2 minutos"},"schema":{"@context":"https:\/\/schema.org","@graph":[{"@type":"Article","@id":"https:\/\/innoticiasbo.com\/index.php\/2025\/05\/10\/dunn-y-uriona-un-binomio-que-consolida-la-unidad-por-la-nueva-bolivia\/#article","isPartOf":{"@id":"https:\/\/innoticiasbo.com\/index.php\/2025\/05\/10\/dunn-y-uriona-un-binomio-que-consolida-la-unidad-por-la-nueva-bolivia\/"},"author":{"name":"Prensa","@id":"https:\/\/innoticiasbo.com\/#\/schema\/person\/589cd527c4211df1b943bdad85ec07ce"},"headline":"DUNN Y URIONA, UN BINOMIO QUE CONSOLIDA LA UNIDAD POR LA \u201cNUEVA BOLIVIA\u201d","datePublished":"2025-05-11T00:33:25+00:00","dateModified":"2025-05-11T00:34:14+00:00","mainEntityOfPage":{"@id":"https:\/\/innoticiasbo.com\/index.php\/2025\/05\/10\/dunn-y-uriona-un-binomio-que-consolida-la-unidad-por-la-nueva-bolivia\/"},"wordCount":330,"commentCount":0,"publisher":{"@id":"https:\/\/innoticiasbo.com\/#organization"},"image":{"@id":"https:\/\/innoticiasbo.com\/index.php\/2025\/05\/10\/dunn-y-uriona-un-binomio-que-consolida-la-unidad-por-la-nueva-bolivia\/#primaryimage"},"thumbnailUrl":"https:\/\/i0.wp.com\/innoticiasbo.com\/wp-content\/uploads\/2025\/05\/IMG-20250510-WA0126.jpg?fit=1600%2C1066&ssl=1","keywords":["\u00c9dgar Uriona","innoticias","Jaime Dunn","Pol\u00edtica"],"articleSection":["Bolivia","Pol\u00edtica"],"inLanguage":"es","potentialAction":[{"@type":"CommentAction","name":"Comment","target":["https:\/\/innoticiasbo.com\/index.php\/2025\/05\/10\/dunn-y-uriona-un-binomio-que-consolida-la-unidad-por-la-nueva-bolivia\/#respond"]}]},{"@type":"WebPage","@id":"https:\/\/innoticiasbo.com\/index.php\/2025\/05\/10\/dunn-y-uriona-un-binomio-que-consolida-la-unidad-por-la-nueva-bolivia\/","url":"https:\/\/innoticiasbo.com\/index.php\/2025\/05\/10\/dunn-y-uriona-un-binomio-que-consolida-la-unidad-por-la-nueva-bolivia\/","name":"DUNN Y URIONA, UN BINOMIO QUE CONSOLIDA LA UNIDAD POR LA \u201cNUEVA BOLIVIA\u201d - innoticiasbo.com","isPartOf":{"@id":"https:\/\/innoticiasbo.com\/#website"},"primaryImageOfPage":{"@id":"https:\/\/innoticiasbo.com\/index.php\/2025\/05\/10\/dunn-y-uriona-un-binomio-que-consolida-la-unidad-por-la-nueva-bolivia\/#primaryimage"},"image":{"@id":"https:\/\/innoticiasbo.com\/index.php\/2025\/05\/10\/dunn-y-uriona-un-binomio-que-consolida-la-unidad-por-la-nueva-bolivia\/#primaryimage"},"thumbnailUrl":"https:\/\/i0.wp.com\/innoticiasbo.com\/wp-content\/uploads\/2025\/05\/IMG-20250510-WA0126.jpg?fit=1600%2C1066&ssl=1","datePublished":"2025-05-11T00:33:25+00:00","dateModified":"2025-05-11T00:34:14+00:00","breadcrumb":{"@id":"https:\/\/innoticiasbo.com\/index.php\/2025\/05\/10\/dunn-y-uriona-un-binomio-que-consolida-la-unidad-por-la-nueva-bolivia\/#breadcrumb"},"inLanguage":"es","potentialAction":[{"@type":"ReadAction","target":["https:\/\/innoticiasbo.com\/index.php\/2025\/05\/10\/dunn-y-uriona-un-binomio-que-consolida-la-unidad-por-la-nueva-bolivia\/"]}]},{"@type":"ImageObject","inLanguage":"es","@id":"https:\/\/innoticiasbo.com\/index.php\/2025\/05\/10\/dunn-y-uriona-un-binomio-que-consolida-la-unidad-por-la-nueva-bolivia\/#primaryimage","url":"https:\/\/i0.wp.com\/innoticiasbo.com\/wp-content\/uploads\/2025\/05\/IMG-20250510-WA0126.jpg?fit=1600%2C1066&ssl=1","contentUrl":"https:\/\/i0.wp.com\/innoticiasbo.com\/wp-content\/uploads\/2025\/05\/IMG-20250510-WA0126.jpg?fit=1600%2C1066&ssl=1","width":1600,"height":1066},{"@type":"BreadcrumbList","@id":"https:\/\/innoticiasbo.com\/index.php\/2025\/05\/10\/dunn-y-uriona-un-binomio-que-consolida-la-unidad-por-la-nueva-bolivia\/#breadcrumb","itemListElement":[{"@type":"ListItem","position":1,"name":"Portada","item":"https:\/\/innoticiasbo.com\/"},{"@type":"ListItem","position":2,"name":"DUNN Y URIONA, UN BINOMIO QUE CONSOLIDA LA UNIDAD POR LA \u201cNUEVA BOLIVIA\u201d"}]},{"@type":"WebSite","@id":"https:\/\/innoticiasbo.com\/#website","url":"https:\/\/innoticiasbo.com\/","name":"innoticiasbo.com","description":"","publisher":{"@id":"https:\/\/innoticiasbo.com\/#organization"},"potentialAction":[{"@type":"SearchAction","target":{"@type":"EntryPoint","urlTemplate":"https:\/\/innoticiasbo.com\/?s={search_term_string}"},"query-input":{"@type":"PropertyValueSpecification","valueRequired":true,"valueName":"search_term_string"}}],"inLanguage":"es"},{"@type":"Organization","@id":"https:\/\/innoticiasbo.com\/#organization","name":"innoticiasbo.com","url":"https:\/\/innoticiasbo.com\/","logo":{"@type":"ImageObject","inLanguage":"es","@id":"https:\/\/innoticiasbo.com\/#\/schema\/logo\/image\/","url":"https:\/\/i0.wp.com\/innoticiasbo.com\/wp-content\/uploads\/2026\/04\/cropped-IN-LOGO.png?fit=1476%2C1476&ssl=1","contentUrl":"https:\/\/i0.wp.com\/innoticiasbo.com\/wp-content\/uploads\/2026\/04\/cropped-IN-LOGO.png?fit=1476%2C1476&ssl=1","width":1476,"height":1476,"caption":"innoticiasbo.com"},"image":{"@id":"https:\/\/innoticiasbo.com\/#\/schema\/logo\/image\/"},"sameAs":["https:\/\/www.facebook.com\/innoticiasbolivia","https:\/\/x.com\/innoticiasbo","https:\/\/www.instagram.com\/innoticiasbo","https:\/\/www.youtube.com\/innoticiasbo"]},{"@type":"Person","@id":"https:\/\/innoticiasbo.com\/#\/schema\/person\/589cd527c4211df1b943bdad85ec07ce","name":"Prensa","image":{"@type":"ImageObject","inLanguage":"es","@id":"https:\/\/innoticiasbo.com\/#\/schema\/person\/image\/","url":"https:\/\/secure.gravatar.com\/avatar\/d359bbdf112023c1c0a3ec7fe1600657?s=96&d=mm&r=g","contentUrl":"https:\/\/secure.gravatar.com\/avatar\/d359bbdf112023c1c0a3ec7fe1600657?s=96&d=mm&r=g","caption":"Prensa"},"sameAs":["http:\/\/www.innoticiasbo.com"],"url":"https:\/\/innoticiasbo.com\/index.php\/author\/prensa\/"}]}},"jetpack_featured_media_url":"https:\/\/i0.wp.com\/innoticiasbo.com\/wp-content\/uploads\/2025\/05\/IMG-20250510-WA0126.jpg?fit=1600%2C1066&ssl=1","jetpack_likes_enabled":true,"jetpack_sharing_enabled":true,"jetpack_shortlink":"https:\/\/wp.me\/pg298x-1p3","_links":{"self":[{"href":"https:\/\/innoticiasbo.com\/index.php\/wp-json\/wp\/v2\/posts\/5397","targetHints":{"allow":["GET"]}}],"collection":[{"href":"https:\/\/innoticiasbo.com\/index.php\/wp-json\/wp\/v2\/posts"}],"about":[{"href":"https:\/\/innoticiasbo.com\/index.php\/wp-json\/wp\/v2\/types\/post"}],"author":[{"embeddable":true,"href":"https:\/\/innoticiasbo.com\/index.php\/wp-json\/wp\/v2\/users\/2"}],"replies":[{"embeddable":true,"href":"https:\/\/innoticiasbo.com\/index.php\/wp-json\/wp\/v2\/comments?post=5397"}],"version-history":[{"count":1,"href":"https:\/\/innoticiasbo.com\/index.php\/wp-json\/wp\/v2\/posts\/5397\/revisions"}],"predecessor-version":[{"id":5398,"href":"https:\/\/innoticiasbo.com\/index.php\/wp-json\/wp\/v2\/posts\/5397\/revisions\/5398"}],"wp:featuredmedia":[{"embeddable":true,"href":"https:\/\/innoticiasbo.com\/index.php\/wp-json\/wp\/v2\/media\/5396"}],"wp:attachment":[{"href":"https:\/\/innoticiasbo.com\/index.php\/wp-json\/wp\/v2\/media?parent=5397"}],"wp:term":[{"taxonomy":"category","embeddable":true,"href":"https:\/\/innoticiasbo.com\/index.php\/wp-json\/wp\/v2\/categories?post=5397"},{"taxonomy":"post_tag","embeddable":true,"href":"https:\/\/innoticiasbo.com\/index.php\/wp-json\/wp\/v2\/tags?post=5397"}],"curies":[{"name":"wp","href":"https:\/\/api.w.org\/{rel}","templated":true}]}}