{"id":5387,"date":"2025-05-10T15:14:12","date_gmt":"2025-05-10T19:14:12","guid":{"rendered":"https:\/\/innoticiasbo.com\/?p=5387"},"modified":"2025-05-10T15:14:17","modified_gmt":"2025-05-10T19:14:17","slug":"andronico-rodriguez-proclamado-en-el-alto","status":"publish","type":"post","link":"https:\/\/innoticiasbo.com\/index.php\/2025\/05\/10\/andronico-rodriguez-proclamado-en-el-alto\/","title":{"rendered":"ANDR\u00d3NICO RODR\u00cdGUEZ PROCLAMADO EN EL ALTO"},"content":{"rendered":"\n<p>El Alto, 10 de mayo del 2025.- Como hab\u00edan adelantado los seguidores del presidente del Senado, \u00e9ste s\u00e1bado cientos de personas se dieron cita en la avenida Panor\u00e1mica, de la ciudad de El Alto, para expresar su apoyo a Andr\u00f3nico Rodr\u00edguez, rumbo a las elecciones presidenciales. Durante el acto, el legislador pidi\u00f3 una elecci\u00f3n de candidatos \u201corg\u00e1nica\u00bb.<\/p>\n\n\n\n<p>\u00abLa elecci\u00f3n de candidatos debe ser org\u00e1nico. Debe nacer y salir de las entra\u00f1as del pueblo m\u00e1s humilde, de ustedes compa\u00f1eros. No podemos pelearnos entre nosotros, como en algunos casos.Ya no queremos discursos de divisi\u00f3n de algunos dirigentes\u201d, se\u00f1al\u00f3 el tambi\u00e9n dirigente del Chapare, en una breve intervenci\u00f3n.<\/p>\n\n\n\n<p>Previo al encuentro, las distintas agrupaciones destacaron nombres para completar el binomio, como el de Mario Cronenbold que particip\u00f3 del acto.<\/p>\n","protected":false},"excerpt":{"rendered":"<p>El Alto, 10 de mayo del 2025.- Como hab\u00edan adelantado los seguidores del presidente del Senado, \u00e9ste s\u00e1bado cientos de personas se dieron cita en la avenida Panor\u00e1mica, de la ciudad de El Alto, para expresar su apoyo a Andr\u00f3nico Rodr\u00edguez, rumbo a las elecciones presidenciales. Durante el acto, el legislador pidi\u00f3 una elecci\u00f3n de&#8230;<\/p>\n","protected":false},"author":3,"featured_media":5386,"comment_status":"open","ping_status":"open","sticky":false,"template":"","format":"standard","meta":{"_jetpack_memberships_contains_paid_content":false,"footnotes":"","jetpack_publicize_message":"","jetpack_publicize_feature_enabled":true,"jetpack_social_post_already_shared":true,"jetpack_social_options":{"image_generator_settings":{"template":"highway","enabled":false},"version":2}},"categories":[3],"tags":[64,37,331,161],"class_list":["post-5387","post","type-post","status-publish","format-standard","has-post-thumbnail","hentry","category-politica","tag-andronico-rodriguez","tag-el-alto","tag-mario-cronembold","tag-proclamacion"],"jetpack_publicize_connections":[],"yoast_head":"<!-- This site is optimized with the Yoast SEO plugin v23.4 - https:\/\/yoast.com\/wordpress\/plugins\/seo\/ -->\n<title>ANDR\u00d3NICO RODR\u00cdGUEZ PROCLAMADO EN EL ALTO - innoticiasbo.com<\/title>\n<meta name=\"robots\" content=\"index, follow, max-snippet:-1, max-image-preview:large, max-video-preview:-1\" \/>\n<link rel=\"canonical\" href=\"https:\/\/innoticiasbo.com\/index.php\/2025\/05\/10\/andronico-rodriguez-proclamado-en-el-alto\/\" \/>\n<meta property=\"og:locale\" content=\"es_ES\" \/>\n<meta property=\"og:type\" content=\"article\" \/>\n<meta property=\"og:title\" content=\"ANDR\u00d3NICO RODR\u00cdGUEZ PROCLAMADO EN EL ALTO - innoticiasbo.com\" \/>\n<meta property=\"og:description\" content=\"El Alto, 10 de mayo del 2025.- Como hab\u00edan adelantado los seguidores del presidente del Senado, \u00e9ste s\u00e1bado cientos de personas se dieron cita en la avenida Panor\u00e1mica, de la ciudad de El Alto, para expresar su apoyo a Andr\u00f3nico Rodr\u00edguez, rumbo a las elecciones presidenciales. Durante el acto, el legislador pidi\u00f3 una elecci\u00f3n de...\" \/>\n<meta property=\"og:url\" content=\"https:\/\/innoticiasbo.com\/index.php\/2025\/05\/10\/andronico-rodriguez-proclamado-en-el-alto\/\" \/>\n<meta property=\"og:site_name\" content=\"innoticiasbo.com\" \/>\n<meta property=\"article:publisher\" content=\"https:\/\/www.facebook.com\/innoticiasbolivia\" \/>\n<meta property=\"article:published_time\" content=\"2025-05-10T19:14:12+00:00\" \/>\n<meta property=\"article:modified_time\" content=\"2025-05-10T19:14:17+00:00\" \/>\n<meta property=\"og:image\" content=\"https:\/\/i0.wp.com\/innoticiasbo.com\/wp-content\/uploads\/2025\/05\/FB_IMG_1746904183275.jpg?fit=1080%2C770&ssl=1\" \/>\n\t<meta property=\"og:image:width\" content=\"1080\" \/>\n\t<meta property=\"og:image:height\" content=\"770\" \/>\n\t<meta property=\"og:image:type\" content=\"image\/jpeg\" \/>\n<meta name=\"author\" content=\"Prensa 2\" \/>\n<meta name=\"twitter:card\" content=\"summary_large_image\" \/>\n<meta name=\"twitter:creator\" content=\"@innoticiasbo\" \/>\n<meta name=\"twitter:site\" content=\"@innoticiasbo\" \/>\n<meta name=\"twitter:label1\" content=\"Escrito por\" \/>\n\t<meta name=\"twitter:data1\" content=\"Prensa 2\" \/>\n\t<meta name=\"twitter:label2\" content=\"Tiempo de lectura\" \/>\n\t<meta name=\"twitter:data2\" content=\"1 minuto\" \/>\n<script type=\"application\/ld+json\" class=\"yoast-schema-graph\">{\"@context\":\"https:\/\/schema.org\",\"@graph\":[{\"@type\":\"Article\",\"@id\":\"https:\/\/innoticiasbo.com\/index.php\/2025\/05\/10\/andronico-rodriguez-proclamado-en-el-alto\/#article\",\"isPartOf\":{\"@id\":\"https:\/\/innoticiasbo.com\/index.php\/2025\/05\/10\/andronico-rodriguez-proclamado-en-el-alto\/\"},\"author\":{\"name\":\"Prensa 2\",\"@id\":\"https:\/\/innoticiasbo.com\/#\/schema\/person\/6f3e5eca02a7cf7249145609797573f2\"},\"headline\":\"ANDR\u00d3NICO RODR\u00cdGUEZ PROCLAMADO EN EL ALTO\",\"datePublished\":\"2025-05-10T19:14:12+00:00\",\"dateModified\":\"2025-05-10T19:14:17+00:00\",\"mainEntityOfPage\":{\"@id\":\"https:\/\/innoticiasbo.com\/index.php\/2025\/05\/10\/andronico-rodriguez-proclamado-en-el-alto\/\"},\"wordCount\":150,\"commentCount\":0,\"publisher\":{\"@id\":\"https:\/\/innoticiasbo.com\/#organization\"},\"image\":{\"@id\":\"https:\/\/innoticiasbo.com\/index.php\/2025\/05\/10\/andronico-rodriguez-proclamado-en-el-alto\/#primaryimage\"},\"thumbnailUrl\":\"https:\/\/i0.wp.com\/innoticiasbo.com\/wp-content\/uploads\/2025\/05\/FB_IMG_1746904183275.jpg?fit=1080%2C770&ssl=1\",\"keywords\":[\"Andr\u00f3nico Rodr\u00edguez\",\"El Alto\",\"Mario Cronembold\",\"proclamaci\u00f3n\"],\"articleSection\":[\"Pol\u00edtica\"],\"inLanguage\":\"es\",\"potentialAction\":[{\"@type\":\"CommentAction\",\"name\":\"Comment\",\"target\":[\"https:\/\/innoticiasbo.com\/index.php\/2025\/05\/10\/andronico-rodriguez-proclamado-en-el-alto\/#respond\"]}]},{\"@type\":\"WebPage\",\"@id\":\"https:\/\/innoticiasbo.com\/index.php\/2025\/05\/10\/andronico-rodriguez-proclamado-en-el-alto\/\",\"url\":\"https:\/\/innoticiasbo.com\/index.php\/2025\/05\/10\/andronico-rodriguez-proclamado-en-el-alto\/\",\"name\":\"ANDR\u00d3NICO RODR\u00cdGUEZ PROCLAMADO EN EL ALTO - innoticiasbo.com\",\"isPartOf\":{\"@id\":\"https:\/\/innoticiasbo.com\/#website\"},\"primaryImageOfPage\":{\"@id\":\"https:\/\/innoticiasbo.com\/index.php\/2025\/05\/10\/andronico-rodriguez-proclamado-en-el-alto\/#primaryimage\"},\"image\":{\"@id\":\"https:\/\/innoticiasbo.com\/index.php\/2025\/05\/10\/andronico-rodriguez-proclamado-en-el-alto\/#primaryimage\"},\"thumbnailUrl\":\"https:\/\/i0.wp.com\/innoticiasbo.com\/wp-content\/uploads\/2025\/05\/FB_IMG_1746904183275.jpg?fit=1080%2C770&ssl=1\",\"datePublished\":\"2025-05-10T19:14:12+00:00\",\"dateModified\":\"2025-05-10T19:14:17+00:00\",\"breadcrumb\":{\"@id\":\"https:\/\/innoticiasbo.com\/index.php\/2025\/05\/10\/andronico-rodriguez-proclamado-en-el-alto\/#breadcrumb\"},\"inLanguage\":\"es\",\"potentialAction\":[{\"@type\":\"ReadAction\",\"target\":[\"https:\/\/innoticiasbo.com\/index.php\/2025\/05\/10\/andronico-rodriguez-proclamado-en-el-alto\/\"]}]},{\"@type\":\"ImageObject\",\"inLanguage\":\"es\",\"@id\":\"https:\/\/innoticiasbo.com\/index.php\/2025\/05\/10\/andronico-rodriguez-proclamado-en-el-alto\/#primaryimage\",\"url\":\"https:\/\/i0.wp.com\/innoticiasbo.com\/wp-content\/uploads\/2025\/05\/FB_IMG_1746904183275.jpg?fit=1080%2C770&ssl=1\",\"contentUrl\":\"https:\/\/i0.wp.com\/innoticiasbo.com\/wp-content\/uploads\/2025\/05\/FB_IMG_1746904183275.jpg?fit=1080%2C770&ssl=1\",\"width\":1080,\"height\":770},{\"@type\":\"BreadcrumbList\",\"@id\":\"https:\/\/innoticiasbo.com\/index.php\/2025\/05\/10\/andronico-rodriguez-proclamado-en-el-alto\/#breadcrumb\",\"itemListElement\":[{\"@type\":\"ListItem\",\"position\":1,\"name\":\"Portada\",\"item\":\"https:\/\/innoticiasbo.com\/\"},{\"@type\":\"ListItem\",\"position\":2,\"name\":\"ANDR\u00d3NICO RODR\u00cdGUEZ PROCLAMADO EN EL ALTO\"}]},{\"@type\":\"WebSite\",\"@id\":\"https:\/\/innoticiasbo.com\/#website\",\"url\":\"https:\/\/innoticiasbo.com\/\",\"name\":\"innoticiasbo.com\",\"description\":\"\",\"publisher\":{\"@id\":\"https:\/\/innoticiasbo.com\/#organization\"},\"potentialAction\":[{\"@type\":\"SearchAction\",\"target\":{\"@type\":\"EntryPoint\",\"urlTemplate\":\"https:\/\/innoticiasbo.com\/?s={search_term_string}\"},\"query-input\":{\"@type\":\"PropertyValueSpecification\",\"valueRequired\":true,\"valueName\":\"search_term_string\"}}],\"inLanguage\":\"es\"},{\"@type\":\"Organization\",\"@id\":\"https:\/\/innoticiasbo.com\/#organization\",\"name\":\"innoticiasbo.com\",\"url\":\"https:\/\/innoticiasbo.com\/\",\"logo\":{\"@type\":\"ImageObject\",\"inLanguage\":\"es\",\"@id\":\"https:\/\/innoticiasbo.com\/#\/schema\/logo\/image\/\",\"url\":\"https:\/\/i0.wp.com\/innoticiasbo.com\/wp-content\/uploads\/2026\/04\/cropped-IN-LOGO.png?fit=1476%2C1476&ssl=1\",\"contentUrl\":\"https:\/\/i0.wp.com\/innoticiasbo.com\/wp-content\/uploads\/2026\/04\/cropped-IN-LOGO.png?fit=1476%2C1476&ssl=1\",\"width\":1476,\"height\":1476,\"caption\":\"innoticiasbo.com\"},\"image\":{\"@id\":\"https:\/\/innoticiasbo.com\/#\/schema\/logo\/image\/\"},\"sameAs\":[\"https:\/\/www.facebook.com\/innoticiasbolivia\",\"https:\/\/x.com\/innoticiasbo\",\"https:\/\/www.instagram.com\/innoticiasbo\",\"https:\/\/www.youtube.com\/innoticiasbo\"]},{\"@type\":\"Person\",\"@id\":\"https:\/\/innoticiasbo.com\/#\/schema\/person\/6f3e5eca02a7cf7249145609797573f2\",\"name\":\"Prensa 2\",\"image\":{\"@type\":\"ImageObject\",\"inLanguage\":\"es\",\"@id\":\"https:\/\/innoticiasbo.com\/#\/schema\/person\/image\/\",\"url\":\"https:\/\/secure.gravatar.com\/avatar\/1d189cd124d02eac2fef69ee12563d60?s=96&d=mm&r=g\",\"contentUrl\":\"https:\/\/secure.gravatar.com\/avatar\/1d189cd124d02eac2fef69ee12563d60?s=96&d=mm&r=g\",\"caption\":\"Prensa 2\"},\"sameAs\":[\"http:\/\/www.innoticiasbo.com\"],\"url\":\"https:\/\/innoticiasbo.com\/index.php\/author\/prensa-2\/\"}]}<\/script>\n<!-- \/ Yoast SEO plugin. -->","yoast_head_json":{"title":"ANDR\u00d3NICO RODR\u00cdGUEZ PROCLAMADO EN EL ALTO - innoticiasbo.com","robots":{"index":"index","follow":"follow","max-snippet":"max-snippet:-1","max-image-preview":"max-image-preview:large","max-video-preview":"max-video-preview:-1"},"canonical":"https:\/\/innoticiasbo.com\/index.php\/2025\/05\/10\/andronico-rodriguez-proclamado-en-el-alto\/","og_locale":"es_ES","og_type":"article","og_title":"ANDR\u00d3NICO RODR\u00cdGUEZ PROCLAMADO EN EL ALTO - innoticiasbo.com","og_description":"El Alto, 10 de mayo del 2025.- Como hab\u00edan adelantado los seguidores del presidente del Senado, \u00e9ste s\u00e1bado cientos de personas se dieron cita en la avenida Panor\u00e1mica, de la ciudad de El Alto, para expresar su apoyo a Andr\u00f3nico Rodr\u00edguez, rumbo a las elecciones presidenciales. Durante el acto, el legislador pidi\u00f3 una elecci\u00f3n de...","og_url":"https:\/\/innoticiasbo.com\/index.php\/2025\/05\/10\/andronico-rodriguez-proclamado-en-el-alto\/","og_site_name":"innoticiasbo.com","article_publisher":"https:\/\/www.facebook.com\/innoticiasbolivia","article_published_time":"2025-05-10T19:14:12+00:00","article_modified_time":"2025-05-10T19:14:17+00:00","og_image":[{"width":1080,"height":770,"url":"https:\/\/i0.wp.com\/innoticiasbo.com\/wp-content\/uploads\/2025\/05\/FB_IMG_1746904183275.jpg?fit=1080%2C770&ssl=1","type":"image\/jpeg"}],"author":"Prensa 2","twitter_card":"summary_large_image","twitter_creator":"@innoticiasbo","twitter_site":"@innoticiasbo","twitter_misc":{"Escrito por":"Prensa 2","Tiempo de lectura":"1 minuto"},"schema":{"@context":"https:\/\/schema.org","@graph":[{"@type":"Article","@id":"https:\/\/innoticiasbo.com\/index.php\/2025\/05\/10\/andronico-rodriguez-proclamado-en-el-alto\/#article","isPartOf":{"@id":"https:\/\/innoticiasbo.com\/index.php\/2025\/05\/10\/andronico-rodriguez-proclamado-en-el-alto\/"},"author":{"name":"Prensa 2","@id":"https:\/\/innoticiasbo.com\/#\/schema\/person\/6f3e5eca02a7cf7249145609797573f2"},"headline":"ANDR\u00d3NICO RODR\u00cdGUEZ PROCLAMADO EN EL ALTO","datePublished":"2025-05-10T19:14:12+00:00","dateModified":"2025-05-10T19:14:17+00:00","mainEntityOfPage":{"@id":"https:\/\/innoticiasbo.com\/index.php\/2025\/05\/10\/andronico-rodriguez-proclamado-en-el-alto\/"},"wordCount":150,"commentCount":0,"publisher":{"@id":"https:\/\/innoticiasbo.com\/#organization"},"image":{"@id":"https:\/\/innoticiasbo.com\/index.php\/2025\/05\/10\/andronico-rodriguez-proclamado-en-el-alto\/#primaryimage"},"thumbnailUrl":"https:\/\/i0.wp.com\/innoticiasbo.com\/wp-content\/uploads\/2025\/05\/FB_IMG_1746904183275.jpg?fit=1080%2C770&ssl=1","keywords":["Andr\u00f3nico Rodr\u00edguez","El Alto","Mario Cronembold","proclamaci\u00f3n"],"articleSection":["Pol\u00edtica"],"inLanguage":"es","potentialAction":[{"@type":"CommentAction","name":"Comment","target":["https:\/\/innoticiasbo.com\/index.php\/2025\/05\/10\/andronico-rodriguez-proclamado-en-el-alto\/#respond"]}]},{"@type":"WebPage","@id":"https:\/\/innoticiasbo.com\/index.php\/2025\/05\/10\/andronico-rodriguez-proclamado-en-el-alto\/","url":"https:\/\/innoticiasbo.com\/index.php\/2025\/05\/10\/andronico-rodriguez-proclamado-en-el-alto\/","name":"ANDR\u00d3NICO RODR\u00cdGUEZ PROCLAMADO EN EL ALTO - innoticiasbo.com","isPartOf":{"@id":"https:\/\/innoticiasbo.com\/#website"},"primaryImageOfPage":{"@id":"https:\/\/innoticiasbo.com\/index.php\/2025\/05\/10\/andronico-rodriguez-proclamado-en-el-alto\/#primaryimage"},"image":{"@id":"https:\/\/innoticiasbo.com\/index.php\/2025\/05\/10\/andronico-rodriguez-proclamado-en-el-alto\/#primaryimage"},"thumbnailUrl":"https:\/\/i0.wp.com\/innoticiasbo.com\/wp-content\/uploads\/2025\/05\/FB_IMG_1746904183275.jpg?fit=1080%2C770&ssl=1","datePublished":"2025-05-10T19:14:12+00:00","dateModified":"2025-05-10T19:14:17+00:00","breadcrumb":{"@id":"https:\/\/innoticiasbo.com\/index.php\/2025\/05\/10\/andronico-rodriguez-proclamado-en-el-alto\/#breadcrumb"},"inLanguage":"es","potentialAction":[{"@type":"ReadAction","target":["https:\/\/innoticiasbo.com\/index.php\/2025\/05\/10\/andronico-rodriguez-proclamado-en-el-alto\/"]}]},{"@type":"ImageObject","inLanguage":"es","@id":"https:\/\/innoticiasbo.com\/index.php\/2025\/05\/10\/andronico-rodriguez-proclamado-en-el-alto\/#primaryimage","url":"https:\/\/i0.wp.com\/innoticiasbo.com\/wp-content\/uploads\/2025\/05\/FB_IMG_1746904183275.jpg?fit=1080%2C770&ssl=1","contentUrl":"https:\/\/i0.wp.com\/innoticiasbo.com\/wp-content\/uploads\/2025\/05\/FB_IMG_1746904183275.jpg?fit=1080%2C770&ssl=1","width":1080,"height":770},{"@type":"BreadcrumbList","@id":"https:\/\/innoticiasbo.com\/index.php\/2025\/05\/10\/andronico-rodriguez-proclamado-en-el-alto\/#breadcrumb","itemListElement":[{"@type":"ListItem","position":1,"name":"Portada","item":"https:\/\/innoticiasbo.com\/"},{"@type":"ListItem","position":2,"name":"ANDR\u00d3NICO RODR\u00cdGUEZ PROCLAMADO EN EL ALTO"}]},{"@type":"WebSite","@id":"https:\/\/innoticiasbo.com\/#website","url":"https:\/\/innoticiasbo.com\/","name":"innoticiasbo.com","description":"","publisher":{"@id":"https:\/\/innoticiasbo.com\/#organization"},"potentialAction":[{"@type":"SearchAction","target":{"@type":"EntryPoint","urlTemplate":"https:\/\/innoticiasbo.com\/?s={search_term_string}"},"query-input":{"@type":"PropertyValueSpecification","valueRequired":true,"valueName":"search_term_string"}}],"inLanguage":"es"},{"@type":"Organization","@id":"https:\/\/innoticiasbo.com\/#organization","name":"innoticiasbo.com","url":"https:\/\/innoticiasbo.com\/","logo":{"@type":"ImageObject","inLanguage":"es","@id":"https:\/\/innoticiasbo.com\/#\/schema\/logo\/image\/","url":"https:\/\/i0.wp.com\/innoticiasbo.com\/wp-content\/uploads\/2026\/04\/cropped-IN-LOGO.png?fit=1476%2C1476&ssl=1","contentUrl":"https:\/\/i0.wp.com\/innoticiasbo.com\/wp-content\/uploads\/2026\/04\/cropped-IN-LOGO.png?fit=1476%2C1476&ssl=1","width":1476,"height":1476,"caption":"innoticiasbo.com"},"image":{"@id":"https:\/\/innoticiasbo.com\/#\/schema\/logo\/image\/"},"sameAs":["https:\/\/www.facebook.com\/innoticiasbolivia","https:\/\/x.com\/innoticiasbo","https:\/\/www.instagram.com\/innoticiasbo","https:\/\/www.youtube.com\/innoticiasbo"]},{"@type":"Person","@id":"https:\/\/innoticiasbo.com\/#\/schema\/person\/6f3e5eca02a7cf7249145609797573f2","name":"Prensa 2","image":{"@type":"ImageObject","inLanguage":"es","@id":"https:\/\/innoticiasbo.com\/#\/schema\/person\/image\/","url":"https:\/\/secure.gravatar.com\/avatar\/1d189cd124d02eac2fef69ee12563d60?s=96&d=mm&r=g","contentUrl":"https:\/\/secure.gravatar.com\/avatar\/1d189cd124d02eac2fef69ee12563d60?s=96&d=mm&r=g","caption":"Prensa 2"},"sameAs":["http:\/\/www.innoticiasbo.com"],"url":"https:\/\/innoticiasbo.com\/index.php\/author\/prensa-2\/"}]}},"jetpack_featured_media_url":"https:\/\/i0.wp.com\/innoticiasbo.com\/wp-content\/uploads\/2025\/05\/FB_IMG_1746904183275.jpg?fit=1080%2C770&ssl=1","jetpack_likes_enabled":true,"jetpack_sharing_enabled":true,"jetpack_shortlink":"https:\/\/wp.me\/pg298x-1oT","_links":{"self":[{"href":"https:\/\/innoticiasbo.com\/index.php\/wp-json\/wp\/v2\/posts\/5387","targetHints":{"allow":["GET"]}}],"collection":[{"href":"https:\/\/innoticiasbo.com\/index.php\/wp-json\/wp\/v2\/posts"}],"about":[{"href":"https:\/\/innoticiasbo.com\/index.php\/wp-json\/wp\/v2\/types\/post"}],"author":[{"embeddable":true,"href":"https:\/\/innoticiasbo.com\/index.php\/wp-json\/wp\/v2\/users\/3"}],"replies":[{"embeddable":true,"href":"https:\/\/innoticiasbo.com\/index.php\/wp-json\/wp\/v2\/comments?post=5387"}],"version-history":[{"count":1,"href":"https:\/\/innoticiasbo.com\/index.php\/wp-json\/wp\/v2\/posts\/5387\/revisions"}],"predecessor-version":[{"id":5388,"href":"https:\/\/innoticiasbo.com\/index.php\/wp-json\/wp\/v2\/posts\/5387\/revisions\/5388"}],"wp:featuredmedia":[{"embeddable":true,"href":"https:\/\/innoticiasbo.com\/index.php\/wp-json\/wp\/v2\/media\/5386"}],"wp:attachment":[{"href":"https:\/\/innoticiasbo.com\/index.php\/wp-json\/wp\/v2\/media?parent=5387"}],"wp:term":[{"taxonomy":"category","embeddable":true,"href":"https:\/\/innoticiasbo.com\/index.php\/wp-json\/wp\/v2\/categories?post=5387"},{"taxonomy":"post_tag","embeddable":true,"href":"https:\/\/innoticiasbo.com\/index.php\/wp-json\/wp\/v2\/tags?post=5387"}],"curies":[{"name":"wp","href":"https:\/\/api.w.org\/{rel}","templated":true}]}}