{"id":5336,"date":"2025-05-09T14:32:32","date_gmt":"2025-05-09T18:32:32","guid":{"rendered":"https:\/\/innoticiasbo.com\/?p=5336"},"modified":"2025-05-09T14:33:18","modified_gmt":"2025-05-09T18:33:18","slug":"walter-flores-uriarte-fue-elegido-presidente-del-concejo-municipal-de-cochabamba","status":"publish","type":"post","link":"https:\/\/innoticiasbo.com\/index.php\/2025\/05\/09\/walter-flores-uriarte-fue-elegido-presidente-del-concejo-municipal-de-cochabamba\/","title":{"rendered":"WALTER FLORES URIARTE, FUE ELEGIDO PRESIDENTE DEL CONCEJO MUNICIPAL DE COCHABAMBA"},"content":{"rendered":"\n<p class=\"MsoNormal\">Cochabamba, 9 de mayo de 2025.-&nbsp; Al medio d\u00eda de este viernes, Walter Flores Uriarte, \u00a0fue elegido como nuevo presidente del Concejo Municipal de Cochabamba para la gesti\u00f3n 2025-2026. Lo acompa\u00f1ar\u00e1n en la Directiva, Joel Flores Flores del Movimiento Al Socialismo, en funci\u00f3n de Vicepresidente y \u00a0Marcela Vidaurre Inturias, como Secretaria Concejal.<\/p>\n\n\n\n<p class=\"MsoNormal\">\u00a0<\/p>\n\n\n\n<figure class=\"wp-block-image size-large\"><img data-recalc-dims=\"1\" loading=\"lazy\" decoding=\"async\" width=\"640\" height=\"359\" src=\"https:\/\/i0.wp.com\/innoticiasbo.com\/wp-content\/uploads\/2025\/05\/img-20250509-wa01325842914131520094701.jpg?resize=640%2C359&#038;ssl=1\" alt=\"\" class=\"wp-image-5332\" srcset=\"https:\/\/i0.wp.com\/innoticiasbo.com\/wp-content\/uploads\/2025\/05\/img-20250509-wa01325842914131520094701.jpg?resize=1024%2C574&amp;ssl=1 1024w, https:\/\/i0.wp.com\/innoticiasbo.com\/wp-content\/uploads\/2025\/05\/img-20250509-wa01325842914131520094701.jpg?resize=300%2C168&amp;ssl=1 300w, https:\/\/i0.wp.com\/innoticiasbo.com\/wp-content\/uploads\/2025\/05\/img-20250509-wa01325842914131520094701.jpg?resize=768%2C430&amp;ssl=1 768w, https:\/\/i0.wp.com\/innoticiasbo.com\/wp-content\/uploads\/2025\/05\/img-20250509-wa01325842914131520094701.jpg?resize=1536%2C861&amp;ssl=1 1536w, https:\/\/i0.wp.com\/innoticiasbo.com\/wp-content\/uploads\/2025\/05\/img-20250509-wa01325842914131520094701.jpg?w=2000&amp;ssl=1 2000w, https:\/\/i0.wp.com\/innoticiasbo.com\/wp-content\/uploads\/2025\/05\/img-20250509-wa01325842914131520094701.jpg?w=1280&amp;ssl=1 1280w, https:\/\/i0.wp.com\/innoticiasbo.com\/wp-content\/uploads\/2025\/05\/img-20250509-wa01325842914131520094701.jpg?w=1920&amp;ssl=1 1920w\" sizes=\"auto, (max-width: 640px) 100vw, 640px\" \/><figcaption class=\"wp-element-caption\">Nueva Directiva del Concejo Municipal <\/figcaption><\/figure>\n\n\n\n<p class=\"MsoNormal\">La elecci\u00f3n de Presidencia fue resuelta por2\/3 de los votos, dando paso a que el concejal Walter Flores ejerza desde este mayo de 2025 como nueva cabeza del \u00d3rgano Legislativo.<\/p>\n\n\n\n<p class=\"MsoNormal\"> Flores Uriarte se desempe\u00f1\u00f3 la pasada gesti\u00f3n como presidente de la Comisi\u00f3n de Desarrollo Humano y Culturas. Acto seguido, el Pleno vot\u00f3, por mayor\u00eda absoluta, a la concejal Marcela Vidaurre Inturias para que administre la Secretar\u00eda del Concejo del municipio cochabambino. A continuaci\u00f3n, el Pleno aprob\u00f3, por votaci\u00f3n un\u00e1nime, la postulaci\u00f3n del concejal Joel Flores en el cargo de la Vicepresidencia.<\/p>\n\n\n\n<figure class=\"wp-block-image size-large\"><img data-recalc-dims=\"1\" loading=\"lazy\" decoding=\"async\" width=\"640\" height=\"359\" src=\"https:\/\/i0.wp.com\/innoticiasbo.com\/wp-content\/uploads\/2025\/05\/img-20250509-wa01345865306325011515623.jpg?resize=640%2C359&#038;ssl=1\" alt=\"\" class=\"wp-image-5333\" srcset=\"https:\/\/i0.wp.com\/innoticiasbo.com\/wp-content\/uploads\/2025\/05\/img-20250509-wa01345865306325011515623.jpg?resize=1024%2C574&amp;ssl=1 1024w, https:\/\/i0.wp.com\/innoticiasbo.com\/wp-content\/uploads\/2025\/05\/img-20250509-wa01345865306325011515623.jpg?resize=300%2C168&amp;ssl=1 300w, https:\/\/i0.wp.com\/innoticiasbo.com\/wp-content\/uploads\/2025\/05\/img-20250509-wa01345865306325011515623.jpg?resize=768%2C430&amp;ssl=1 768w, https:\/\/i0.wp.com\/innoticiasbo.com\/wp-content\/uploads\/2025\/05\/img-20250509-wa01345865306325011515623.jpg?resize=1536%2C861&amp;ssl=1 1536w, https:\/\/i0.wp.com\/innoticiasbo.com\/wp-content\/uploads\/2025\/05\/img-20250509-wa01345865306325011515623.jpg?w=2000&amp;ssl=1 2000w, https:\/\/i0.wp.com\/innoticiasbo.com\/wp-content\/uploads\/2025\/05\/img-20250509-wa01345865306325011515623.jpg?w=1280&amp;ssl=1 1280w, https:\/\/i0.wp.com\/innoticiasbo.com\/wp-content\/uploads\/2025\/05\/img-20250509-wa01345865306325011515623.jpg?w=1920&amp;ssl=1 1920w\" sizes=\"auto, (max-width: 640px) 100vw, 640px\" \/><\/figure>\n\n\n\n<p class=\"MsoNormal\"><\/p>\n\n\n\n<p class=\"MsoNormal\">Como marcaba el orden del d\u00eda, las y los legisladores municipales tomaron la palabra, para una vez elegida la Directiva del Concejo Municipal, se nombraran a los presidentes\u00a0 de las cinco Comisiones para la presente gesti\u00f3n.<\/p>\n\n\n\n<p class=\"MsoNormal\">La autoridad en contacto con los medios de comunicaci\u00f3n manifest\u00f3 que no solo estar\u00e1 en oficinas, sino en la calle, en los barrios, en los mercados,\u00a0 \u201chemos estado de cerca con la poblaci\u00f3n as\u00ed que, honrado de este nuevo reto para poder trabajar por Cochabamba\u201d, dijo Flores Uriarte.<\/p>\n\n\n\n<p class=\"MsoNormal\">Asimismo dijo que hay mucho que hacer, hay mucho que resolver, \u201ctodav\u00eda tenemos temas pendientes como la Carta Org\u00e1nica. Seguramente ese va a ser uno de los trabajos primordiales que vamos a encarar\u201d, indic\u00f3.<\/p>\n\n\n\n<p class=\"MsoNormal\">Walter Flores agradeci\u00f3 el apoyo de la poblaci\u00f3n y de la Bancada de S\u00famate para desempe\u00f1ar el cargo en la recta final. \u201cSeguramente trataremos muchas leyes que van a ser necesarias para mejorar la calidad de vida de la gente y la tarea fundamental, creo, de manera coyuntural, es apoyar y contribuir en la soluci\u00f3n del problema de la basura\u201d, finaliz\u00f3 la autoridad.<\/p>\n\n\n\n<p class=\"MsoNormal\"><\/p>\n\n\n\n<figure class=\"wp-block-image size-large\"><img data-recalc-dims=\"1\" loading=\"lazy\" decoding=\"async\" width=\"574\" height=\"1024\" src=\"https:\/\/i0.wp.com\/innoticiasbo.com\/wp-content\/uploads\/2025\/05\/img-20250509-wa01333439707706128890764.jpg?resize=574%2C1024&#038;ssl=1\" alt=\"\" class=\"wp-image-5334\" srcset=\"https:\/\/i0.wp.com\/innoticiasbo.com\/wp-content\/uploads\/2025\/05\/img-20250509-wa01333439707706128890764.jpg?resize=574%2C1024&amp;ssl=1 574w, https:\/\/i0.wp.com\/innoticiasbo.com\/wp-content\/uploads\/2025\/05\/img-20250509-wa01333439707706128890764.jpg?resize=168%2C300&amp;ssl=1 168w, https:\/\/i0.wp.com\/innoticiasbo.com\/wp-content\/uploads\/2025\/05\/img-20250509-wa01333439707706128890764.jpg?resize=768%2C1370&amp;ssl=1 768w, https:\/\/i0.wp.com\/innoticiasbo.com\/wp-content\/uploads\/2025\/05\/img-20250509-wa01333439707706128890764.jpg?resize=861%2C1536&amp;ssl=1 861w, https:\/\/i0.wp.com\/innoticiasbo.com\/wp-content\/uploads\/2025\/05\/img-20250509-wa01333439707706128890764.jpg?w=1121&amp;ssl=1 1121w\" sizes=\"auto, (max-width: 574px) 100vw, 574px\" \/><\/figure>\n\n\n\n<p class=\"MsoNormal\">Durante el acto la concejal Marcela Vidaurre comprometi\u00f3 su accionar y a la poblaci\u00f3n \u201ctrabajo, ese es el compromiso que tenemos y el mandato que ha asumido nuestro capit\u00e1n Manfred Reyes Villa y nosotros tambi\u00e9n. Trabajo todos los d\u00edas, sin descanso, para el desarrollo de nuestra amada Cochabamba y a rendir como debemos hacerlo\u201d, concluy\u00f3 la Concejal Secretaria.<\/p>\n\n\n\n<p class=\"MsoNormal\">&nbsp;<\/p>\n\n\n\n<p class=\"MsoNormal\">&nbsp;<\/p>\n\n\n\n<p class=\"MsoNormal\">&nbsp;<\/p>\n","protected":false},"excerpt":{"rendered":"<p>Cochabamba, 9 de mayo de 2025.-&nbsp; Al medio d\u00eda de este viernes, Walter Flores Uriarte, \u00a0fue elegido como nuevo presidente del Concejo Municipal de Cochabamba para la gesti\u00f3n 2025-2026. Lo acompa\u00f1ar\u00e1n en la Directiva, Joel Flores Flores del Movimiento Al Socialismo, en funci\u00f3n de Vicepresidente y \u00a0Marcela Vidaurre Inturias, como Secretaria Concejal. \u00a0 La elecci\u00f3n&#8230;<\/p>\n","protected":false},"author":2,"featured_media":5335,"comment_status":"open","ping_status":"open","sticky":false,"template":"","format":"standard","meta":{"_jetpack_memberships_contains_paid_content":false,"footnotes":"","jetpack_publicize_message":"","jetpack_publicize_feature_enabled":true,"jetpack_social_post_already_shared":true,"jetpack_social_options":{"image_generator_settings":{"template":"highway","enabled":false},"version":2}},"categories":[2,3],"tags":[6,293,140,22],"class_list":["post-5336","post","type-post","status-publish","format-standard","has-post-thumbnail","hentry","category-cochabamba","category-politica","tag-cochabamba","tag-concejo-municipal","tag-directiva","tag-innoticias"],"jetpack_publicize_connections":[],"yoast_head":"<!-- This site is optimized with the Yoast SEO plugin v23.4 - https:\/\/yoast.com\/wordpress\/plugins\/seo\/ -->\n<title>WALTER FLORES URIARTE, FUE ELEGIDO PRESIDENTE DEL CONCEJO MUNICIPAL DE COCHABAMBA - innoticiasbo.com<\/title>\n<meta name=\"robots\" content=\"index, follow, max-snippet:-1, max-image-preview:large, max-video-preview:-1\" \/>\n<link rel=\"canonical\" href=\"https:\/\/innoticiasbo.com\/index.php\/2025\/05\/09\/walter-flores-uriarte-fue-elegido-presidente-del-concejo-municipal-de-cochabamba\/\" \/>\n<meta property=\"og:locale\" content=\"es_ES\" \/>\n<meta property=\"og:type\" content=\"article\" \/>\n<meta property=\"og:title\" content=\"WALTER FLORES URIARTE, FUE ELEGIDO PRESIDENTE DEL CONCEJO MUNICIPAL DE COCHABAMBA - innoticiasbo.com\" \/>\n<meta property=\"og:description\" content=\"Cochabamba, 9 de mayo de 2025.-&nbsp; Al medio d\u00eda de este viernes, Walter Flores Uriarte, \u00a0fue elegido como nuevo presidente del Concejo Municipal de Cochabamba para la gesti\u00f3n 2025-2026. Lo acompa\u00f1ar\u00e1n en la Directiva, Joel Flores Flores del Movimiento Al Socialismo, en funci\u00f3n de Vicepresidente y \u00a0Marcela Vidaurre Inturias, como Secretaria Concejal. \u00a0 La elecci\u00f3n...\" \/>\n<meta property=\"og:url\" content=\"https:\/\/innoticiasbo.com\/index.php\/2025\/05\/09\/walter-flores-uriarte-fue-elegido-presidente-del-concejo-municipal-de-cochabamba\/\" \/>\n<meta property=\"og:site_name\" content=\"innoticiasbo.com\" \/>\n<meta property=\"article:publisher\" content=\"https:\/\/www.facebook.com\/innoticiasbolivia\" \/>\n<meta property=\"article:published_time\" content=\"2025-05-09T18:32:32+00:00\" \/>\n<meta property=\"article:modified_time\" content=\"2025-05-09T18:33:18+00:00\" \/>\n<meta property=\"og:image\" content=\"https:\/\/i0.wp.com\/innoticiasbo.com\/wp-content\/uploads\/2025\/05\/IMG-20250509-WA0132.jpg?fit=2560%2C1435&ssl=1\" \/>\n\t<meta property=\"og:image:width\" content=\"2560\" \/>\n\t<meta property=\"og:image:height\" content=\"1435\" \/>\n\t<meta property=\"og:image:type\" content=\"image\/jpeg\" \/>\n<meta name=\"author\" content=\"Prensa\" \/>\n<meta name=\"twitter:card\" content=\"summary_large_image\" \/>\n<meta name=\"twitter:creator\" content=\"@innoticiasbo\" \/>\n<meta name=\"twitter:site\" content=\"@innoticiasbo\" \/>\n<meta name=\"twitter:label1\" content=\"Escrito por\" \/>\n\t<meta name=\"twitter:data1\" content=\"Prensa\" \/>\n\t<meta name=\"twitter:label2\" content=\"Tiempo de lectura\" \/>\n\t<meta name=\"twitter:data2\" content=\"2 minutos\" \/>\n<script type=\"application\/ld+json\" class=\"yoast-schema-graph\">{\"@context\":\"https:\/\/schema.org\",\"@graph\":[{\"@type\":\"Article\",\"@id\":\"https:\/\/innoticiasbo.com\/index.php\/2025\/05\/09\/walter-flores-uriarte-fue-elegido-presidente-del-concejo-municipal-de-cochabamba\/#article\",\"isPartOf\":{\"@id\":\"https:\/\/innoticiasbo.com\/index.php\/2025\/05\/09\/walter-flores-uriarte-fue-elegido-presidente-del-concejo-municipal-de-cochabamba\/\"},\"author\":{\"name\":\"Prensa\",\"@id\":\"https:\/\/innoticiasbo.com\/#\/schema\/person\/589cd527c4211df1b943bdad85ec07ce\"},\"headline\":\"WALTER FLORES URIARTE, FUE ELEGIDO PRESIDENTE DEL CONCEJO MUNICIPAL DE COCHABAMBA\",\"datePublished\":\"2025-05-09T18:32:32+00:00\",\"dateModified\":\"2025-05-09T18:33:18+00:00\",\"mainEntityOfPage\":{\"@id\":\"https:\/\/innoticiasbo.com\/index.php\/2025\/05\/09\/walter-flores-uriarte-fue-elegido-presidente-del-concejo-municipal-de-cochabamba\/\"},\"wordCount\":428,\"commentCount\":0,\"publisher\":{\"@id\":\"https:\/\/innoticiasbo.com\/#organization\"},\"image\":{\"@id\":\"https:\/\/innoticiasbo.com\/index.php\/2025\/05\/09\/walter-flores-uriarte-fue-elegido-presidente-del-concejo-municipal-de-cochabamba\/#primaryimage\"},\"thumbnailUrl\":\"https:\/\/i0.wp.com\/innoticiasbo.com\/wp-content\/uploads\/2025\/05\/IMG-20250509-WA0132.jpg?fit=2560%2C1435&ssl=1\",\"keywords\":[\"Cochabamba\",\"Concejo Municipal\",\"directiva\",\"innoticias\"],\"articleSection\":[\"Cochabamba\",\"Pol\u00edtica\"],\"inLanguage\":\"es\",\"potentialAction\":[{\"@type\":\"CommentAction\",\"name\":\"Comment\",\"target\":[\"https:\/\/innoticiasbo.com\/index.php\/2025\/05\/09\/walter-flores-uriarte-fue-elegido-presidente-del-concejo-municipal-de-cochabamba\/#respond\"]}]},{\"@type\":\"WebPage\",\"@id\":\"https:\/\/innoticiasbo.com\/index.php\/2025\/05\/09\/walter-flores-uriarte-fue-elegido-presidente-del-concejo-municipal-de-cochabamba\/\",\"url\":\"https:\/\/innoticiasbo.com\/index.php\/2025\/05\/09\/walter-flores-uriarte-fue-elegido-presidente-del-concejo-municipal-de-cochabamba\/\",\"name\":\"WALTER FLORES URIARTE, FUE ELEGIDO PRESIDENTE DEL CONCEJO MUNICIPAL DE COCHABAMBA - innoticiasbo.com\",\"isPartOf\":{\"@id\":\"https:\/\/innoticiasbo.com\/#website\"},\"primaryImageOfPage\":{\"@id\":\"https:\/\/innoticiasbo.com\/index.php\/2025\/05\/09\/walter-flores-uriarte-fue-elegido-presidente-del-concejo-municipal-de-cochabamba\/#primaryimage\"},\"image\":{\"@id\":\"https:\/\/innoticiasbo.com\/index.php\/2025\/05\/09\/walter-flores-uriarte-fue-elegido-presidente-del-concejo-municipal-de-cochabamba\/#primaryimage\"},\"thumbnailUrl\":\"https:\/\/i0.wp.com\/innoticiasbo.com\/wp-content\/uploads\/2025\/05\/IMG-20250509-WA0132.jpg?fit=2560%2C1435&ssl=1\",\"datePublished\":\"2025-05-09T18:32:32+00:00\",\"dateModified\":\"2025-05-09T18:33:18+00:00\",\"breadcrumb\":{\"@id\":\"https:\/\/innoticiasbo.com\/index.php\/2025\/05\/09\/walter-flores-uriarte-fue-elegido-presidente-del-concejo-municipal-de-cochabamba\/#breadcrumb\"},\"inLanguage\":\"es\",\"potentialAction\":[{\"@type\":\"ReadAction\",\"target\":[\"https:\/\/innoticiasbo.com\/index.php\/2025\/05\/09\/walter-flores-uriarte-fue-elegido-presidente-del-concejo-municipal-de-cochabamba\/\"]}]},{\"@type\":\"ImageObject\",\"inLanguage\":\"es\",\"@id\":\"https:\/\/innoticiasbo.com\/index.php\/2025\/05\/09\/walter-flores-uriarte-fue-elegido-presidente-del-concejo-municipal-de-cochabamba\/#primaryimage\",\"url\":\"https:\/\/i0.wp.com\/innoticiasbo.com\/wp-content\/uploads\/2025\/05\/IMG-20250509-WA0132.jpg?fit=2560%2C1435&ssl=1\",\"contentUrl\":\"https:\/\/i0.wp.com\/innoticiasbo.com\/wp-content\/uploads\/2025\/05\/IMG-20250509-WA0132.jpg?fit=2560%2C1435&ssl=1\",\"width\":2560,\"height\":1435},{\"@type\":\"BreadcrumbList\",\"@id\":\"https:\/\/innoticiasbo.com\/index.php\/2025\/05\/09\/walter-flores-uriarte-fue-elegido-presidente-del-concejo-municipal-de-cochabamba\/#breadcrumb\",\"itemListElement\":[{\"@type\":\"ListItem\",\"position\":1,\"name\":\"Portada\",\"item\":\"https:\/\/innoticiasbo.com\/\"},{\"@type\":\"ListItem\",\"position\":2,\"name\":\"WALTER FLORES URIARTE, FUE ELEGIDO PRESIDENTE DEL CONCEJO MUNICIPAL DE COCHABAMBA\"}]},{\"@type\":\"WebSite\",\"@id\":\"https:\/\/innoticiasbo.com\/#website\",\"url\":\"https:\/\/innoticiasbo.com\/\",\"name\":\"innoticiasbo.com\",\"description\":\"\",\"publisher\":{\"@id\":\"https:\/\/innoticiasbo.com\/#organization\"},\"potentialAction\":[{\"@type\":\"SearchAction\",\"target\":{\"@type\":\"EntryPoint\",\"urlTemplate\":\"https:\/\/innoticiasbo.com\/?s={search_term_string}\"},\"query-input\":{\"@type\":\"PropertyValueSpecification\",\"valueRequired\":true,\"valueName\":\"search_term_string\"}}],\"inLanguage\":\"es\"},{\"@type\":\"Organization\",\"@id\":\"https:\/\/innoticiasbo.com\/#organization\",\"name\":\"innoticiasbo.com\",\"url\":\"https:\/\/innoticiasbo.com\/\",\"logo\":{\"@type\":\"ImageObject\",\"inLanguage\":\"es\",\"@id\":\"https:\/\/innoticiasbo.com\/#\/schema\/logo\/image\/\",\"url\":\"https:\/\/i0.wp.com\/innoticiasbo.com\/wp-content\/uploads\/2026\/04\/cropped-IN-LOGO.png?fit=1476%2C1476&ssl=1\",\"contentUrl\":\"https:\/\/i0.wp.com\/innoticiasbo.com\/wp-content\/uploads\/2026\/04\/cropped-IN-LOGO.png?fit=1476%2C1476&ssl=1\",\"width\":1476,\"height\":1476,\"caption\":\"innoticiasbo.com\"},\"image\":{\"@id\":\"https:\/\/innoticiasbo.com\/#\/schema\/logo\/image\/\"},\"sameAs\":[\"https:\/\/www.facebook.com\/innoticiasbolivia\",\"https:\/\/x.com\/innoticiasbo\",\"https:\/\/www.instagram.com\/innoticiasbo\",\"https:\/\/www.youtube.com\/innoticiasbo\"]},{\"@type\":\"Person\",\"@id\":\"https:\/\/innoticiasbo.com\/#\/schema\/person\/589cd527c4211df1b943bdad85ec07ce\",\"name\":\"Prensa\",\"image\":{\"@type\":\"ImageObject\",\"inLanguage\":\"es\",\"@id\":\"https:\/\/innoticiasbo.com\/#\/schema\/person\/image\/\",\"url\":\"https:\/\/secure.gravatar.com\/avatar\/d359bbdf112023c1c0a3ec7fe1600657?s=96&d=mm&r=g\",\"contentUrl\":\"https:\/\/secure.gravatar.com\/avatar\/d359bbdf112023c1c0a3ec7fe1600657?s=96&d=mm&r=g\",\"caption\":\"Prensa\"},\"sameAs\":[\"http:\/\/www.innoticiasbo.com\"],\"url\":\"https:\/\/innoticiasbo.com\/index.php\/author\/prensa\/\"}]}<\/script>\n<!-- \/ Yoast SEO plugin. -->","yoast_head_json":{"title":"WALTER FLORES URIARTE, FUE ELEGIDO PRESIDENTE DEL CONCEJO MUNICIPAL DE COCHABAMBA - innoticiasbo.com","robots":{"index":"index","follow":"follow","max-snippet":"max-snippet:-1","max-image-preview":"max-image-preview:large","max-video-preview":"max-video-preview:-1"},"canonical":"https:\/\/innoticiasbo.com\/index.php\/2025\/05\/09\/walter-flores-uriarte-fue-elegido-presidente-del-concejo-municipal-de-cochabamba\/","og_locale":"es_ES","og_type":"article","og_title":"WALTER FLORES URIARTE, FUE ELEGIDO PRESIDENTE DEL CONCEJO MUNICIPAL DE COCHABAMBA - innoticiasbo.com","og_description":"Cochabamba, 9 de mayo de 2025.-&nbsp; Al medio d\u00eda de este viernes, Walter Flores Uriarte, \u00a0fue elegido como nuevo presidente del Concejo Municipal de Cochabamba para la gesti\u00f3n 2025-2026. Lo acompa\u00f1ar\u00e1n en la Directiva, Joel Flores Flores del Movimiento Al Socialismo, en funci\u00f3n de Vicepresidente y \u00a0Marcela Vidaurre Inturias, como Secretaria Concejal. \u00a0 La elecci\u00f3n...","og_url":"https:\/\/innoticiasbo.com\/index.php\/2025\/05\/09\/walter-flores-uriarte-fue-elegido-presidente-del-concejo-municipal-de-cochabamba\/","og_site_name":"innoticiasbo.com","article_publisher":"https:\/\/www.facebook.com\/innoticiasbolivia","article_published_time":"2025-05-09T18:32:32+00:00","article_modified_time":"2025-05-09T18:33:18+00:00","og_image":[{"width":2560,"height":1435,"url":"https:\/\/i0.wp.com\/innoticiasbo.com\/wp-content\/uploads\/2025\/05\/IMG-20250509-WA0132.jpg?fit=2560%2C1435&ssl=1","type":"image\/jpeg"}],"author":"Prensa","twitter_card":"summary_large_image","twitter_creator":"@innoticiasbo","twitter_site":"@innoticiasbo","twitter_misc":{"Escrito por":"Prensa","Tiempo de lectura":"2 minutos"},"schema":{"@context":"https:\/\/schema.org","@graph":[{"@type":"Article","@id":"https:\/\/innoticiasbo.com\/index.php\/2025\/05\/09\/walter-flores-uriarte-fue-elegido-presidente-del-concejo-municipal-de-cochabamba\/#article","isPartOf":{"@id":"https:\/\/innoticiasbo.com\/index.php\/2025\/05\/09\/walter-flores-uriarte-fue-elegido-presidente-del-concejo-municipal-de-cochabamba\/"},"author":{"name":"Prensa","@id":"https:\/\/innoticiasbo.com\/#\/schema\/person\/589cd527c4211df1b943bdad85ec07ce"},"headline":"WALTER FLORES URIARTE, FUE ELEGIDO PRESIDENTE DEL CONCEJO MUNICIPAL DE COCHABAMBA","datePublished":"2025-05-09T18:32:32+00:00","dateModified":"2025-05-09T18:33:18+00:00","mainEntityOfPage":{"@id":"https:\/\/innoticiasbo.com\/index.php\/2025\/05\/09\/walter-flores-uriarte-fue-elegido-presidente-del-concejo-municipal-de-cochabamba\/"},"wordCount":428,"commentCount":0,"publisher":{"@id":"https:\/\/innoticiasbo.com\/#organization"},"image":{"@id":"https:\/\/innoticiasbo.com\/index.php\/2025\/05\/09\/walter-flores-uriarte-fue-elegido-presidente-del-concejo-municipal-de-cochabamba\/#primaryimage"},"thumbnailUrl":"https:\/\/i0.wp.com\/innoticiasbo.com\/wp-content\/uploads\/2025\/05\/IMG-20250509-WA0132.jpg?fit=2560%2C1435&ssl=1","keywords":["Cochabamba","Concejo Municipal","directiva","innoticias"],"articleSection":["Cochabamba","Pol\u00edtica"],"inLanguage":"es","potentialAction":[{"@type":"CommentAction","name":"Comment","target":["https:\/\/innoticiasbo.com\/index.php\/2025\/05\/09\/walter-flores-uriarte-fue-elegido-presidente-del-concejo-municipal-de-cochabamba\/#respond"]}]},{"@type":"WebPage","@id":"https:\/\/innoticiasbo.com\/index.php\/2025\/05\/09\/walter-flores-uriarte-fue-elegido-presidente-del-concejo-municipal-de-cochabamba\/","url":"https:\/\/innoticiasbo.com\/index.php\/2025\/05\/09\/walter-flores-uriarte-fue-elegido-presidente-del-concejo-municipal-de-cochabamba\/","name":"WALTER FLORES URIARTE, FUE ELEGIDO PRESIDENTE DEL CONCEJO MUNICIPAL DE COCHABAMBA - innoticiasbo.com","isPartOf":{"@id":"https:\/\/innoticiasbo.com\/#website"},"primaryImageOfPage":{"@id":"https:\/\/innoticiasbo.com\/index.php\/2025\/05\/09\/walter-flores-uriarte-fue-elegido-presidente-del-concejo-municipal-de-cochabamba\/#primaryimage"},"image":{"@id":"https:\/\/innoticiasbo.com\/index.php\/2025\/05\/09\/walter-flores-uriarte-fue-elegido-presidente-del-concejo-municipal-de-cochabamba\/#primaryimage"},"thumbnailUrl":"https:\/\/i0.wp.com\/innoticiasbo.com\/wp-content\/uploads\/2025\/05\/IMG-20250509-WA0132.jpg?fit=2560%2C1435&ssl=1","datePublished":"2025-05-09T18:32:32+00:00","dateModified":"2025-05-09T18:33:18+00:00","breadcrumb":{"@id":"https:\/\/innoticiasbo.com\/index.php\/2025\/05\/09\/walter-flores-uriarte-fue-elegido-presidente-del-concejo-municipal-de-cochabamba\/#breadcrumb"},"inLanguage":"es","potentialAction":[{"@type":"ReadAction","target":["https:\/\/innoticiasbo.com\/index.php\/2025\/05\/09\/walter-flores-uriarte-fue-elegido-presidente-del-concejo-municipal-de-cochabamba\/"]}]},{"@type":"ImageObject","inLanguage":"es","@id":"https:\/\/innoticiasbo.com\/index.php\/2025\/05\/09\/walter-flores-uriarte-fue-elegido-presidente-del-concejo-municipal-de-cochabamba\/#primaryimage","url":"https:\/\/i0.wp.com\/innoticiasbo.com\/wp-content\/uploads\/2025\/05\/IMG-20250509-WA0132.jpg?fit=2560%2C1435&ssl=1","contentUrl":"https:\/\/i0.wp.com\/innoticiasbo.com\/wp-content\/uploads\/2025\/05\/IMG-20250509-WA0132.jpg?fit=2560%2C1435&ssl=1","width":2560,"height":1435},{"@type":"BreadcrumbList","@id":"https:\/\/innoticiasbo.com\/index.php\/2025\/05\/09\/walter-flores-uriarte-fue-elegido-presidente-del-concejo-municipal-de-cochabamba\/#breadcrumb","itemListElement":[{"@type":"ListItem","position":1,"name":"Portada","item":"https:\/\/innoticiasbo.com\/"},{"@type":"ListItem","position":2,"name":"WALTER FLORES URIARTE, FUE ELEGIDO PRESIDENTE DEL CONCEJO MUNICIPAL DE COCHABAMBA"}]},{"@type":"WebSite","@id":"https:\/\/innoticiasbo.com\/#website","url":"https:\/\/innoticiasbo.com\/","name":"innoticiasbo.com","description":"","publisher":{"@id":"https:\/\/innoticiasbo.com\/#organization"},"potentialAction":[{"@type":"SearchAction","target":{"@type":"EntryPoint","urlTemplate":"https:\/\/innoticiasbo.com\/?s={search_term_string}"},"query-input":{"@type":"PropertyValueSpecification","valueRequired":true,"valueName":"search_term_string"}}],"inLanguage":"es"},{"@type":"Organization","@id":"https:\/\/innoticiasbo.com\/#organization","name":"innoticiasbo.com","url":"https:\/\/innoticiasbo.com\/","logo":{"@type":"ImageObject","inLanguage":"es","@id":"https:\/\/innoticiasbo.com\/#\/schema\/logo\/image\/","url":"https:\/\/i0.wp.com\/innoticiasbo.com\/wp-content\/uploads\/2026\/04\/cropped-IN-LOGO.png?fit=1476%2C1476&ssl=1","contentUrl":"https:\/\/i0.wp.com\/innoticiasbo.com\/wp-content\/uploads\/2026\/04\/cropped-IN-LOGO.png?fit=1476%2C1476&ssl=1","width":1476,"height":1476,"caption":"innoticiasbo.com"},"image":{"@id":"https:\/\/innoticiasbo.com\/#\/schema\/logo\/image\/"},"sameAs":["https:\/\/www.facebook.com\/innoticiasbolivia","https:\/\/x.com\/innoticiasbo","https:\/\/www.instagram.com\/innoticiasbo","https:\/\/www.youtube.com\/innoticiasbo"]},{"@type":"Person","@id":"https:\/\/innoticiasbo.com\/#\/schema\/person\/589cd527c4211df1b943bdad85ec07ce","name":"Prensa","image":{"@type":"ImageObject","inLanguage":"es","@id":"https:\/\/innoticiasbo.com\/#\/schema\/person\/image\/","url":"https:\/\/secure.gravatar.com\/avatar\/d359bbdf112023c1c0a3ec7fe1600657?s=96&d=mm&r=g","contentUrl":"https:\/\/secure.gravatar.com\/avatar\/d359bbdf112023c1c0a3ec7fe1600657?s=96&d=mm&r=g","caption":"Prensa"},"sameAs":["http:\/\/www.innoticiasbo.com"],"url":"https:\/\/innoticiasbo.com\/index.php\/author\/prensa\/"}]}},"jetpack_featured_media_url":"https:\/\/i0.wp.com\/innoticiasbo.com\/wp-content\/uploads\/2025\/05\/IMG-20250509-WA0132.jpg?fit=2560%2C1435&ssl=1","jetpack_likes_enabled":true,"jetpack_sharing_enabled":true,"jetpack_shortlink":"https:\/\/wp.me\/pg298x-1o4","_links":{"self":[{"href":"https:\/\/innoticiasbo.com\/index.php\/wp-json\/wp\/v2\/posts\/5336","targetHints":{"allow":["GET"]}}],"collection":[{"href":"https:\/\/innoticiasbo.com\/index.php\/wp-json\/wp\/v2\/posts"}],"about":[{"href":"https:\/\/innoticiasbo.com\/index.php\/wp-json\/wp\/v2\/types\/post"}],"author":[{"embeddable":true,"href":"https:\/\/innoticiasbo.com\/index.php\/wp-json\/wp\/v2\/users\/2"}],"replies":[{"embeddable":true,"href":"https:\/\/innoticiasbo.com\/index.php\/wp-json\/wp\/v2\/comments?post=5336"}],"version-history":[{"count":1,"href":"https:\/\/innoticiasbo.com\/index.php\/wp-json\/wp\/v2\/posts\/5336\/revisions"}],"predecessor-version":[{"id":5337,"href":"https:\/\/innoticiasbo.com\/index.php\/wp-json\/wp\/v2\/posts\/5336\/revisions\/5337"}],"wp:featuredmedia":[{"embeddable":true,"href":"https:\/\/innoticiasbo.com\/index.php\/wp-json\/wp\/v2\/media\/5335"}],"wp:attachment":[{"href":"https:\/\/innoticiasbo.com\/index.php\/wp-json\/wp\/v2\/media?parent=5336"}],"wp:term":[{"taxonomy":"category","embeddable":true,"href":"https:\/\/innoticiasbo.com\/index.php\/wp-json\/wp\/v2\/categories?post=5336"},{"taxonomy":"post_tag","embeddable":true,"href":"https:\/\/innoticiasbo.com\/index.php\/wp-json\/wp\/v2\/tags?post=5336"}],"curies":[{"name":"wp","href":"https:\/\/api.w.org\/{rel}","templated":true}]}}