{"id":5299,"date":"2025-05-08T19:37:54","date_gmt":"2025-05-08T23:37:54","guid":{"rendered":"https:\/\/innoticiasbo.com\/?p=5299"},"modified":"2025-05-08T19:37:54","modified_gmt":"2025-05-08T23:37:54","slug":"el-nuevo-papa-carga-con-acusaciones-de-encubrimiento-a-sacerdotes-pederastas-en-peru","status":"publish","type":"post","link":"https:\/\/innoticiasbo.com\/index.php\/2025\/05\/08\/el-nuevo-papa-carga-con-acusaciones-de-encubrimiento-a-sacerdotes-pederastas-en-peru\/","title":{"rendered":"EL NUEVO PAPA CARGA CON ACUSACIONES DE ENCUBRIMIENTO A SACERDOTES PEDERASTAS EN PER\u00da"},"content":{"rendered":"\n<p class=\"p1\">Mayo 8, 2025.- Este jueves, concluy\u00f3 el C\u00f3nclave 2025, al elegir al estadounidense Robert Francis Prevost como el nuevo papa y sucesor de Francisco, marcando as\u00ed el inicio de una nueva era para la iglesia cat\u00f3lica.<\/p>\n\n\n\n<p class=\"p1\">Sin embargo, la elecci\u00f3n de Prevost como papa ha reavivado unas denuncias sobre su supuesto encubrimiento de casos de abuso sexual durante su tiempo como obispo en Chiclayo, Per\u00fa, tal como lo confirmaron medios internacionales en septiembre del a\u00f1o anterior.<\/p>\n\n\n\n<p class=\"p1\">Los hechos habr\u00edan ocurrido varios a\u00f1os atr\u00e1s y fueron revelados hasta el 2015 por los periodistas Pedro Salinas y Paola Ugaz en su libro \u201cMitad monjes, mitad soldados\u201d.<\/p>\n\n\n\n<p class=\"p1\">\u201cTres sobrevivientes de abuso sexual denunciaron que el cardenal Robert Prevost, quien se desempe\u00f1\u00f3 como obispo de la ciudad norte\u00f1a de Chiclayo (Per\u00fa), encubri\u00f3 los casos a pesar de que el sacerdote denunciado admiti\u00f3 los cargos, seg\u00fan un informe difundido por Cuarto Poder. Dos de las denunciantes declararon bajo el anonimato\u201d, inform\u00f3 en ese momento Infobae.<\/p>\n\n\n\n<p class=\"p1\">Seg\u00fan explica el medio internacional, uno de los casos es el de Ana Mar\u00eda Quispe, quien formaba parte de un grupo misionero y en el cumplea\u00f1os del padre llamado Eleuterio V\u00e1squez Gonz\u00e1les, su mam\u00e1 le orden\u00f3 llevarle un queque.<\/p>\n\n\n\n<p class=\"p1\">Cuando la ni\u00f1a, quien ten\u00eda nueve a\u00f1os en ese momento, lleg\u00f3, don Eleuterio no se encontraba, sino otro cura, Ricardo Yesquen, y este \u00faltimo abus\u00f3 de la ni\u00f1a. Se indica que la situaci\u00f3n fue expuesta al entonces obispo, Prevost.<\/p>\n\n\n\n<p class=\"p1\">Robert, quien era en ese entonces consejero del papa Francisco y presidente de la Pontifica Comisi\u00f3n para Am\u00e9rica Latina (PCAL), procedi\u00f3 a archivar las denuncias en 2022.<\/p>\n\n\n\n<p class=\"p1\">Otro de los casos es el de una excatequista, de quien no se revel\u00f3 el nombre. La joven confes\u00f3 que fue abusada a los 11 a\u00f1os.<\/p>\n\n\n\n<p class=\"p1\">\u201cMe dijo \u2018lleva algo para abrigarte\u2019 (&#8230;) acomod\u00e9 la cama y (&#8230;) siento que empieza a abrazarme por debajo del polo, toc\u00e1ndome la espalda. El patr\u00f3n continu\u00f3 durante la madrugada\u00bb, fue parte de su declaraci\u00f3n.<\/p>\n\n\n\n<p class=\"p1\">El abusador reconoci\u00f3 su error ante el ahora papa, pero solo fue cambiado de sede.<\/p>\n\n\n\n<p class=\"p1\">\u201cAunque las denuncias no prescriben, requieren que la Iglesia designe un abogado can\u00f3nico, lo cual hasta ahora les ha sido negado a las tres v\u00edctimas. Ellas presentaron una defensa legal; sin embargo, esta fue retirada a trav\u00e9s de un comunicado\u201d, se\u00f1al\u00f3 el medio.<\/p>\n\n\n\n<p class=\"p1\">La di\u00f3cesis de Chiclayo hab\u00eda explicado que las tres v\u00edctimas hablaron con profesionales para ser apoyadas, pero luego de eso, tomaron la decisi\u00f3n de recurrir a lo legal y la Fiscal\u00eda procedi\u00f3 a archivar el caso \u201cpor falta de pruebas\u201d.<\/p>\n\n\n\n<p class=\"p1\">En 2018, el Vaticano intervino al Sodalicio de Vida Cristiana, la agrupaci\u00f3n envuelta en el esc\u00e1ndalo de abusos sexuales, y la Fiscal\u00eda solicit\u00f3 prisi\u00f3n preventiva para varios miembros, incluido su fundador, Luis Fernando Figari.<\/p>\n\n\n\n<p class=\"p1\">Fuente: URGENTE.BO<\/p>\n","protected":false},"excerpt":{"rendered":"<p>Mayo 8, 2025.- Este jueves, concluy\u00f3 el C\u00f3nclave 2025, al elegir al estadounidense Robert Francis Prevost como el nuevo papa y sucesor de Francisco, marcando as\u00ed el inicio de una nueva era para la iglesia cat\u00f3lica. Sin embargo, la elecci\u00f3n de Prevost como papa ha reavivado unas denuncias sobre su supuesto encubrimiento de casos de&#8230;<\/p>\n","protected":false},"author":6,"featured_media":5298,"comment_status":"closed","ping_status":"open","sticky":false,"template":"","format":"standard","meta":{"_jetpack_memberships_contains_paid_content":false,"footnotes":"","jetpack_publicize_message":"","jetpack_publicize_feature_enabled":true,"jetpack_social_post_already_shared":true,"jetpack_social_options":{"image_generator_settings":{"template":"highway","enabled":false},"version":2}},"categories":[1],"tags":[],"class_list":["post-5299","post","type-post","status-publish","format-standard","has-post-thumbnail","hentry","category-bolivia"],"jetpack_publicize_connections":[],"yoast_head":"<!-- This site is optimized with the Yoast SEO plugin v23.4 - https:\/\/yoast.com\/wordpress\/plugins\/seo\/ -->\n<title>EL NUEVO PAPA CARGA CON ACUSACIONES DE ENCUBRIMIENTO A SACERDOTES PEDERASTAS EN PER\u00da - innoticiasbo.com<\/title>\n<meta name=\"robots\" content=\"index, follow, max-snippet:-1, max-image-preview:large, max-video-preview:-1\" \/>\n<link rel=\"canonical\" href=\"https:\/\/innoticiasbo.com\/index.php\/2025\/05\/08\/el-nuevo-papa-carga-con-acusaciones-de-encubrimiento-a-sacerdotes-pederastas-en-peru\/\" \/>\n<meta property=\"og:locale\" content=\"es_ES\" \/>\n<meta property=\"og:type\" content=\"article\" \/>\n<meta property=\"og:title\" content=\"EL NUEVO PAPA CARGA CON ACUSACIONES DE ENCUBRIMIENTO A SACERDOTES PEDERASTAS EN PER\u00da - innoticiasbo.com\" \/>\n<meta property=\"og:description\" content=\"Mayo 8, 2025.- Este jueves, concluy\u00f3 el C\u00f3nclave 2025, al elegir al estadounidense Robert Francis Prevost como el nuevo papa y sucesor de Francisco, marcando as\u00ed el inicio de una nueva era para la iglesia cat\u00f3lica. Sin embargo, la elecci\u00f3n de Prevost como papa ha reavivado unas denuncias sobre su supuesto encubrimiento de casos de...\" \/>\n<meta property=\"og:url\" content=\"https:\/\/innoticiasbo.com\/index.php\/2025\/05\/08\/el-nuevo-papa-carga-con-acusaciones-de-encubrimiento-a-sacerdotes-pederastas-en-peru\/\" \/>\n<meta property=\"og:site_name\" content=\"innoticiasbo.com\" \/>\n<meta property=\"article:publisher\" content=\"https:\/\/www.facebook.com\/innoticiasbolivia\" \/>\n<meta property=\"article:published_time\" content=\"2025-05-08T23:37:54+00:00\" \/>\n<meta property=\"og:image\" content=\"https:\/\/i0.wp.com\/innoticiasbo.com\/wp-content\/uploads\/2025\/05\/img_3831-1.jpg?fit=680%2C453&ssl=1\" \/>\n\t<meta property=\"og:image:width\" content=\"680\" \/>\n\t<meta property=\"og:image:height\" content=\"453\" \/>\n\t<meta property=\"og:image:type\" content=\"image\/jpeg\" \/>\n<meta name=\"author\" content=\"Eliza Riva\" \/>\n<meta name=\"twitter:card\" content=\"summary_large_image\" \/>\n<meta name=\"twitter:creator\" content=\"@innoticiasbo\" \/>\n<meta name=\"twitter:site\" content=\"@innoticiasbo\" \/>\n<meta name=\"twitter:label1\" content=\"Escrito por\" \/>\n\t<meta name=\"twitter:data1\" content=\"Eliza Riva\" \/>\n\t<meta name=\"twitter:label2\" content=\"Tiempo de lectura\" \/>\n\t<meta name=\"twitter:data2\" content=\"2 minutos\" \/>\n<script type=\"application\/ld+json\" class=\"yoast-schema-graph\">{\"@context\":\"https:\/\/schema.org\",\"@graph\":[{\"@type\":\"Article\",\"@id\":\"https:\/\/innoticiasbo.com\/index.php\/2025\/05\/08\/el-nuevo-papa-carga-con-acusaciones-de-encubrimiento-a-sacerdotes-pederastas-en-peru\/#article\",\"isPartOf\":{\"@id\":\"https:\/\/innoticiasbo.com\/index.php\/2025\/05\/08\/el-nuevo-papa-carga-con-acusaciones-de-encubrimiento-a-sacerdotes-pederastas-en-peru\/\"},\"author\":{\"name\":\"Eliza Riva\",\"@id\":\"https:\/\/innoticiasbo.com\/#\/schema\/person\/8c935b6b11c0223d8f77dc01fc948202\"},\"headline\":\"EL NUEVO PAPA CARGA CON ACUSACIONES DE ENCUBRIMIENTO A SACERDOTES PEDERASTAS EN PER\u00da\",\"datePublished\":\"2025-05-08T23:37:54+00:00\",\"dateModified\":\"2025-05-08T23:37:54+00:00\",\"mainEntityOfPage\":{\"@id\":\"https:\/\/innoticiasbo.com\/index.php\/2025\/05\/08\/el-nuevo-papa-carga-con-acusaciones-de-encubrimiento-a-sacerdotes-pederastas-en-peru\/\"},\"wordCount\":504,\"publisher\":{\"@id\":\"https:\/\/innoticiasbo.com\/#organization\"},\"image\":{\"@id\":\"https:\/\/innoticiasbo.com\/index.php\/2025\/05\/08\/el-nuevo-papa-carga-con-acusaciones-de-encubrimiento-a-sacerdotes-pederastas-en-peru\/#primaryimage\"},\"thumbnailUrl\":\"https:\/\/i0.wp.com\/innoticiasbo.com\/wp-content\/uploads\/2025\/05\/img_3831-1.jpg?fit=680%2C453&ssl=1\",\"articleSection\":[\"Bolivia\"],\"inLanguage\":\"es\"},{\"@type\":\"WebPage\",\"@id\":\"https:\/\/innoticiasbo.com\/index.php\/2025\/05\/08\/el-nuevo-papa-carga-con-acusaciones-de-encubrimiento-a-sacerdotes-pederastas-en-peru\/\",\"url\":\"https:\/\/innoticiasbo.com\/index.php\/2025\/05\/08\/el-nuevo-papa-carga-con-acusaciones-de-encubrimiento-a-sacerdotes-pederastas-en-peru\/\",\"name\":\"EL NUEVO PAPA CARGA CON ACUSACIONES DE ENCUBRIMIENTO A SACERDOTES PEDERASTAS EN PER\u00da - innoticiasbo.com\",\"isPartOf\":{\"@id\":\"https:\/\/innoticiasbo.com\/#website\"},\"primaryImageOfPage\":{\"@id\":\"https:\/\/innoticiasbo.com\/index.php\/2025\/05\/08\/el-nuevo-papa-carga-con-acusaciones-de-encubrimiento-a-sacerdotes-pederastas-en-peru\/#primaryimage\"},\"image\":{\"@id\":\"https:\/\/innoticiasbo.com\/index.php\/2025\/05\/08\/el-nuevo-papa-carga-con-acusaciones-de-encubrimiento-a-sacerdotes-pederastas-en-peru\/#primaryimage\"},\"thumbnailUrl\":\"https:\/\/i0.wp.com\/innoticiasbo.com\/wp-content\/uploads\/2025\/05\/img_3831-1.jpg?fit=680%2C453&ssl=1\",\"datePublished\":\"2025-05-08T23:37:54+00:00\",\"dateModified\":\"2025-05-08T23:37:54+00:00\",\"breadcrumb\":{\"@id\":\"https:\/\/innoticiasbo.com\/index.php\/2025\/05\/08\/el-nuevo-papa-carga-con-acusaciones-de-encubrimiento-a-sacerdotes-pederastas-en-peru\/#breadcrumb\"},\"inLanguage\":\"es\",\"potentialAction\":[{\"@type\":\"ReadAction\",\"target\":[\"https:\/\/innoticiasbo.com\/index.php\/2025\/05\/08\/el-nuevo-papa-carga-con-acusaciones-de-encubrimiento-a-sacerdotes-pederastas-en-peru\/\"]}]},{\"@type\":\"ImageObject\",\"inLanguage\":\"es\",\"@id\":\"https:\/\/innoticiasbo.com\/index.php\/2025\/05\/08\/el-nuevo-papa-carga-con-acusaciones-de-encubrimiento-a-sacerdotes-pederastas-en-peru\/#primaryimage\",\"url\":\"https:\/\/i0.wp.com\/innoticiasbo.com\/wp-content\/uploads\/2025\/05\/img_3831-1.jpg?fit=680%2C453&ssl=1\",\"contentUrl\":\"https:\/\/i0.wp.com\/innoticiasbo.com\/wp-content\/uploads\/2025\/05\/img_3831-1.jpg?fit=680%2C453&ssl=1\",\"width\":680,\"height\":453},{\"@type\":\"BreadcrumbList\",\"@id\":\"https:\/\/innoticiasbo.com\/index.php\/2025\/05\/08\/el-nuevo-papa-carga-con-acusaciones-de-encubrimiento-a-sacerdotes-pederastas-en-peru\/#breadcrumb\",\"itemListElement\":[{\"@type\":\"ListItem\",\"position\":1,\"name\":\"Portada\",\"item\":\"https:\/\/innoticiasbo.com\/\"},{\"@type\":\"ListItem\",\"position\":2,\"name\":\"EL NUEVO PAPA CARGA CON ACUSACIONES DE ENCUBRIMIENTO A SACERDOTES PEDERASTAS EN PER\u00da\"}]},{\"@type\":\"WebSite\",\"@id\":\"https:\/\/innoticiasbo.com\/#website\",\"url\":\"https:\/\/innoticiasbo.com\/\",\"name\":\"innoticiasbo.com\",\"description\":\"\",\"publisher\":{\"@id\":\"https:\/\/innoticiasbo.com\/#organization\"},\"potentialAction\":[{\"@type\":\"SearchAction\",\"target\":{\"@type\":\"EntryPoint\",\"urlTemplate\":\"https:\/\/innoticiasbo.com\/?s={search_term_string}\"},\"query-input\":{\"@type\":\"PropertyValueSpecification\",\"valueRequired\":true,\"valueName\":\"search_term_string\"}}],\"inLanguage\":\"es\"},{\"@type\":\"Organization\",\"@id\":\"https:\/\/innoticiasbo.com\/#organization\",\"name\":\"innoticiasbo.com\",\"url\":\"https:\/\/innoticiasbo.com\/\",\"logo\":{\"@type\":\"ImageObject\",\"inLanguage\":\"es\",\"@id\":\"https:\/\/innoticiasbo.com\/#\/schema\/logo\/image\/\",\"url\":\"https:\/\/i0.wp.com\/innoticiasbo.com\/wp-content\/uploads\/2026\/04\/cropped-IN-LOGO.png?fit=1476%2C1476&ssl=1\",\"contentUrl\":\"https:\/\/i0.wp.com\/innoticiasbo.com\/wp-content\/uploads\/2026\/04\/cropped-IN-LOGO.png?fit=1476%2C1476&ssl=1\",\"width\":1476,\"height\":1476,\"caption\":\"innoticiasbo.com\"},\"image\":{\"@id\":\"https:\/\/innoticiasbo.com\/#\/schema\/logo\/image\/\"},\"sameAs\":[\"https:\/\/www.facebook.com\/innoticiasbolivia\",\"https:\/\/x.com\/innoticiasbo\",\"https:\/\/www.instagram.com\/innoticiasbo\",\"https:\/\/www.youtube.com\/innoticiasbo\"]},{\"@type\":\"Person\",\"@id\":\"https:\/\/innoticiasbo.com\/#\/schema\/person\/8c935b6b11c0223d8f77dc01fc948202\",\"name\":\"Eliza Riva\",\"image\":{\"@type\":\"ImageObject\",\"inLanguage\":\"es\",\"@id\":\"https:\/\/innoticiasbo.com\/#\/schema\/person\/image\/\",\"url\":\"https:\/\/secure.gravatar.com\/avatar\/fdc172c2af344133d19e57e4b7acdee4?s=96&d=mm&r=g\",\"contentUrl\":\"https:\/\/secure.gravatar.com\/avatar\/fdc172c2af344133d19e57e4b7acdee4?s=96&d=mm&r=g\",\"caption\":\"Eliza Riva\"},\"sameAs\":[\"http:\/\/www.innoticiasbo.com\"],\"url\":\"https:\/\/innoticiasbo.com\/index.php\/author\/prensa-4\/\"}]}<\/script>\n<!-- \/ Yoast SEO plugin. -->","yoast_head_json":{"title":"EL NUEVO PAPA CARGA CON ACUSACIONES DE ENCUBRIMIENTO A SACERDOTES PEDERASTAS EN PER\u00da - innoticiasbo.com","robots":{"index":"index","follow":"follow","max-snippet":"max-snippet:-1","max-image-preview":"max-image-preview:large","max-video-preview":"max-video-preview:-1"},"canonical":"https:\/\/innoticiasbo.com\/index.php\/2025\/05\/08\/el-nuevo-papa-carga-con-acusaciones-de-encubrimiento-a-sacerdotes-pederastas-en-peru\/","og_locale":"es_ES","og_type":"article","og_title":"EL NUEVO PAPA CARGA CON ACUSACIONES DE ENCUBRIMIENTO A SACERDOTES PEDERASTAS EN PER\u00da - innoticiasbo.com","og_description":"Mayo 8, 2025.- Este jueves, concluy\u00f3 el C\u00f3nclave 2025, al elegir al estadounidense Robert Francis Prevost como el nuevo papa y sucesor de Francisco, marcando as\u00ed el inicio de una nueva era para la iglesia cat\u00f3lica. Sin embargo, la elecci\u00f3n de Prevost como papa ha reavivado unas denuncias sobre su supuesto encubrimiento de casos de...","og_url":"https:\/\/innoticiasbo.com\/index.php\/2025\/05\/08\/el-nuevo-papa-carga-con-acusaciones-de-encubrimiento-a-sacerdotes-pederastas-en-peru\/","og_site_name":"innoticiasbo.com","article_publisher":"https:\/\/www.facebook.com\/innoticiasbolivia","article_published_time":"2025-05-08T23:37:54+00:00","og_image":[{"width":680,"height":453,"url":"https:\/\/i0.wp.com\/innoticiasbo.com\/wp-content\/uploads\/2025\/05\/img_3831-1.jpg?fit=680%2C453&ssl=1","type":"image\/jpeg"}],"author":"Eliza Riva","twitter_card":"summary_large_image","twitter_creator":"@innoticiasbo","twitter_site":"@innoticiasbo","twitter_misc":{"Escrito por":"Eliza Riva","Tiempo de lectura":"2 minutos"},"schema":{"@context":"https:\/\/schema.org","@graph":[{"@type":"Article","@id":"https:\/\/innoticiasbo.com\/index.php\/2025\/05\/08\/el-nuevo-papa-carga-con-acusaciones-de-encubrimiento-a-sacerdotes-pederastas-en-peru\/#article","isPartOf":{"@id":"https:\/\/innoticiasbo.com\/index.php\/2025\/05\/08\/el-nuevo-papa-carga-con-acusaciones-de-encubrimiento-a-sacerdotes-pederastas-en-peru\/"},"author":{"name":"Eliza Riva","@id":"https:\/\/innoticiasbo.com\/#\/schema\/person\/8c935b6b11c0223d8f77dc01fc948202"},"headline":"EL NUEVO PAPA CARGA CON ACUSACIONES DE ENCUBRIMIENTO A SACERDOTES PEDERASTAS EN PER\u00da","datePublished":"2025-05-08T23:37:54+00:00","dateModified":"2025-05-08T23:37:54+00:00","mainEntityOfPage":{"@id":"https:\/\/innoticiasbo.com\/index.php\/2025\/05\/08\/el-nuevo-papa-carga-con-acusaciones-de-encubrimiento-a-sacerdotes-pederastas-en-peru\/"},"wordCount":504,"publisher":{"@id":"https:\/\/innoticiasbo.com\/#organization"},"image":{"@id":"https:\/\/innoticiasbo.com\/index.php\/2025\/05\/08\/el-nuevo-papa-carga-con-acusaciones-de-encubrimiento-a-sacerdotes-pederastas-en-peru\/#primaryimage"},"thumbnailUrl":"https:\/\/i0.wp.com\/innoticiasbo.com\/wp-content\/uploads\/2025\/05\/img_3831-1.jpg?fit=680%2C453&ssl=1","articleSection":["Bolivia"],"inLanguage":"es"},{"@type":"WebPage","@id":"https:\/\/innoticiasbo.com\/index.php\/2025\/05\/08\/el-nuevo-papa-carga-con-acusaciones-de-encubrimiento-a-sacerdotes-pederastas-en-peru\/","url":"https:\/\/innoticiasbo.com\/index.php\/2025\/05\/08\/el-nuevo-papa-carga-con-acusaciones-de-encubrimiento-a-sacerdotes-pederastas-en-peru\/","name":"EL NUEVO PAPA CARGA CON ACUSACIONES DE ENCUBRIMIENTO A SACERDOTES PEDERASTAS EN PER\u00da - innoticiasbo.com","isPartOf":{"@id":"https:\/\/innoticiasbo.com\/#website"},"primaryImageOfPage":{"@id":"https:\/\/innoticiasbo.com\/index.php\/2025\/05\/08\/el-nuevo-papa-carga-con-acusaciones-de-encubrimiento-a-sacerdotes-pederastas-en-peru\/#primaryimage"},"image":{"@id":"https:\/\/innoticiasbo.com\/index.php\/2025\/05\/08\/el-nuevo-papa-carga-con-acusaciones-de-encubrimiento-a-sacerdotes-pederastas-en-peru\/#primaryimage"},"thumbnailUrl":"https:\/\/i0.wp.com\/innoticiasbo.com\/wp-content\/uploads\/2025\/05\/img_3831-1.jpg?fit=680%2C453&ssl=1","datePublished":"2025-05-08T23:37:54+00:00","dateModified":"2025-05-08T23:37:54+00:00","breadcrumb":{"@id":"https:\/\/innoticiasbo.com\/index.php\/2025\/05\/08\/el-nuevo-papa-carga-con-acusaciones-de-encubrimiento-a-sacerdotes-pederastas-en-peru\/#breadcrumb"},"inLanguage":"es","potentialAction":[{"@type":"ReadAction","target":["https:\/\/innoticiasbo.com\/index.php\/2025\/05\/08\/el-nuevo-papa-carga-con-acusaciones-de-encubrimiento-a-sacerdotes-pederastas-en-peru\/"]}]},{"@type":"ImageObject","inLanguage":"es","@id":"https:\/\/innoticiasbo.com\/index.php\/2025\/05\/08\/el-nuevo-papa-carga-con-acusaciones-de-encubrimiento-a-sacerdotes-pederastas-en-peru\/#primaryimage","url":"https:\/\/i0.wp.com\/innoticiasbo.com\/wp-content\/uploads\/2025\/05\/img_3831-1.jpg?fit=680%2C453&ssl=1","contentUrl":"https:\/\/i0.wp.com\/innoticiasbo.com\/wp-content\/uploads\/2025\/05\/img_3831-1.jpg?fit=680%2C453&ssl=1","width":680,"height":453},{"@type":"BreadcrumbList","@id":"https:\/\/innoticiasbo.com\/index.php\/2025\/05\/08\/el-nuevo-papa-carga-con-acusaciones-de-encubrimiento-a-sacerdotes-pederastas-en-peru\/#breadcrumb","itemListElement":[{"@type":"ListItem","position":1,"name":"Portada","item":"https:\/\/innoticiasbo.com\/"},{"@type":"ListItem","position":2,"name":"EL NUEVO PAPA CARGA CON ACUSACIONES DE ENCUBRIMIENTO A SACERDOTES PEDERASTAS EN PER\u00da"}]},{"@type":"WebSite","@id":"https:\/\/innoticiasbo.com\/#website","url":"https:\/\/innoticiasbo.com\/","name":"innoticiasbo.com","description":"","publisher":{"@id":"https:\/\/innoticiasbo.com\/#organization"},"potentialAction":[{"@type":"SearchAction","target":{"@type":"EntryPoint","urlTemplate":"https:\/\/innoticiasbo.com\/?s={search_term_string}"},"query-input":{"@type":"PropertyValueSpecification","valueRequired":true,"valueName":"search_term_string"}}],"inLanguage":"es"},{"@type":"Organization","@id":"https:\/\/innoticiasbo.com\/#organization","name":"innoticiasbo.com","url":"https:\/\/innoticiasbo.com\/","logo":{"@type":"ImageObject","inLanguage":"es","@id":"https:\/\/innoticiasbo.com\/#\/schema\/logo\/image\/","url":"https:\/\/i0.wp.com\/innoticiasbo.com\/wp-content\/uploads\/2026\/04\/cropped-IN-LOGO.png?fit=1476%2C1476&ssl=1","contentUrl":"https:\/\/i0.wp.com\/innoticiasbo.com\/wp-content\/uploads\/2026\/04\/cropped-IN-LOGO.png?fit=1476%2C1476&ssl=1","width":1476,"height":1476,"caption":"innoticiasbo.com"},"image":{"@id":"https:\/\/innoticiasbo.com\/#\/schema\/logo\/image\/"},"sameAs":["https:\/\/www.facebook.com\/innoticiasbolivia","https:\/\/x.com\/innoticiasbo","https:\/\/www.instagram.com\/innoticiasbo","https:\/\/www.youtube.com\/innoticiasbo"]},{"@type":"Person","@id":"https:\/\/innoticiasbo.com\/#\/schema\/person\/8c935b6b11c0223d8f77dc01fc948202","name":"Eliza Riva","image":{"@type":"ImageObject","inLanguage":"es","@id":"https:\/\/innoticiasbo.com\/#\/schema\/person\/image\/","url":"https:\/\/secure.gravatar.com\/avatar\/fdc172c2af344133d19e57e4b7acdee4?s=96&d=mm&r=g","contentUrl":"https:\/\/secure.gravatar.com\/avatar\/fdc172c2af344133d19e57e4b7acdee4?s=96&d=mm&r=g","caption":"Eliza Riva"},"sameAs":["http:\/\/www.innoticiasbo.com"],"url":"https:\/\/innoticiasbo.com\/index.php\/author\/prensa-4\/"}]}},"jetpack_featured_media_url":"https:\/\/i0.wp.com\/innoticiasbo.com\/wp-content\/uploads\/2025\/05\/img_3831-1.jpg?fit=680%2C453&ssl=1","jetpack_likes_enabled":true,"jetpack_sharing_enabled":true,"jetpack_shortlink":"https:\/\/wp.me\/pg298x-1nt","_links":{"self":[{"href":"https:\/\/innoticiasbo.com\/index.php\/wp-json\/wp\/v2\/posts\/5299","targetHints":{"allow":["GET"]}}],"collection":[{"href":"https:\/\/innoticiasbo.com\/index.php\/wp-json\/wp\/v2\/posts"}],"about":[{"href":"https:\/\/innoticiasbo.com\/index.php\/wp-json\/wp\/v2\/types\/post"}],"author":[{"embeddable":true,"href":"https:\/\/innoticiasbo.com\/index.php\/wp-json\/wp\/v2\/users\/6"}],"replies":[{"embeddable":true,"href":"https:\/\/innoticiasbo.com\/index.php\/wp-json\/wp\/v2\/comments?post=5299"}],"version-history":[{"count":1,"href":"https:\/\/innoticiasbo.com\/index.php\/wp-json\/wp\/v2\/posts\/5299\/revisions"}],"predecessor-version":[{"id":5300,"href":"https:\/\/innoticiasbo.com\/index.php\/wp-json\/wp\/v2\/posts\/5299\/revisions\/5300"}],"wp:featuredmedia":[{"embeddable":true,"href":"https:\/\/innoticiasbo.com\/index.php\/wp-json\/wp\/v2\/media\/5298"}],"wp:attachment":[{"href":"https:\/\/innoticiasbo.com\/index.php\/wp-json\/wp\/v2\/media?parent=5299"}],"wp:term":[{"taxonomy":"category","embeddable":true,"href":"https:\/\/innoticiasbo.com\/index.php\/wp-json\/wp\/v2\/categories?post=5299"},{"taxonomy":"post_tag","embeddable":true,"href":"https:\/\/innoticiasbo.com\/index.php\/wp-json\/wp\/v2\/tags?post=5299"}],"curies":[{"name":"wp","href":"https:\/\/api.w.org\/{rel}","templated":true}]}}