{"id":5279,"date":"2025-05-08T11:43:53","date_gmt":"2025-05-08T15:43:53","guid":{"rendered":"https:\/\/innoticiasbo.com\/?p=5279"},"modified":"2025-05-08T11:44:59","modified_gmt":"2025-05-08T15:44:59","slug":"contrabandistas-dan-golpiza-a-militares-y-roban-un-arma-de-fuego","status":"publish","type":"post","link":"https:\/\/innoticiasbo.com\/index.php\/2025\/05\/08\/contrabandistas-dan-golpiza-a-militares-y-roban-un-arma-de-fuego\/","title":{"rendered":"CONTRABANDISTAS DAN GOLPIZA A MILITARES Y ROBAN UN ARMA DE FUEGO"},"content":{"rendered":"\n<p>La Paz, 08 de mayo de 2025.- El Viceministro de Lucha Contra el Contrabando, Cnl. DAEN (S.P.) Luis Am\u00edlcar Vel\u00e1squez Burgoa inform\u00f3 que cinco miembros del Grupo de Tarea Lacaya fue brutalmente atacado por contrabandistas durante un operativo de lucha contra el contrabando en el departamento de La Paz.<\/p>\n\n\n\n<figure class=\"wp-block-image size-large\"><img data-recalc-dims=\"1\" loading=\"lazy\" decoding=\"async\" width=\"640\" height=\"480\" src=\"https:\/\/i0.wp.com\/innoticiasbo.com\/wp-content\/uploads\/2025\/05\/fb_img_17467185947395612387336103355886.jpg?resize=640%2C480&#038;ssl=1\" alt=\"\" class=\"wp-image-5275\" srcset=\"https:\/\/i0.wp.com\/innoticiasbo.com\/wp-content\/uploads\/2025\/05\/fb_img_17467185947395612387336103355886.jpg?resize=1024%2C768&amp;ssl=1 1024w, https:\/\/i0.wp.com\/innoticiasbo.com\/wp-content\/uploads\/2025\/05\/fb_img_17467185947395612387336103355886.jpg?resize=300%2C225&amp;ssl=1 300w, https:\/\/i0.wp.com\/innoticiasbo.com\/wp-content\/uploads\/2025\/05\/fb_img_17467185947395612387336103355886.jpg?resize=768%2C576&amp;ssl=1 768w, https:\/\/i0.wp.com\/innoticiasbo.com\/wp-content\/uploads\/2025\/05\/fb_img_17467185947395612387336103355886.jpg?w=1080&amp;ssl=1 1080w\" sizes=\"auto, (max-width: 640px) 100vw, 640px\" \/><\/figure>\n\n\n\n<p>\u201cAyer el Grupo de Tarea Lacaya realiz\u00f3 el comiso de un minib\u00fas con carne de cerdo de contrabando y al ser traslado al Servicio Nacional de Sanidad Agropecuaria e Inocuidad Alimentaria (Senasag), pobladores de Lloko Lloko emboscaron y agredieron f\u00edsicamente al Teniente de Nav\u00edo Alexander Laura Choque y al Alf\u00e9rez Herlan Gonzales\u201d, inform\u00f3.<\/p>\n\n\n\n<p>Durante este hecho delincuencial -dijo- al Alferez Gonzales le robaron su pistola de dotaci\u00f3n individual, en el instante en el que se encontraba trasladando el minib\u00fas con la mercader\u00eda ilegal, puesto que muchas poblaciones del pa\u00eds son afines al contrabando y atacan al contingente militar.<\/p>\n\n\n\n<p>En este momento el Grupo de Tarea Guaqui se encuentra en apoyo en la b\u00fasqueda de la pistola sustra\u00edda. El robo de armamento militar seg\u00fan la Ley 400 de Control de Armas de Fuego, Municiones, Explosivos y otros Materiales Relacionados, est\u00e1 penado con 8 a 15 a\u00f1os de c\u00e1rcel.<\/p>\n\n\n\n<figure class=\"wp-block-image size-large\"><img data-recalc-dims=\"1\" loading=\"lazy\" decoding=\"async\" width=\"640\" height=\"853\" src=\"https:\/\/i0.wp.com\/innoticiasbo.com\/wp-content\/uploads\/2025\/05\/fb_img_17467185863915409279503145141230.jpg?resize=640%2C853&#038;ssl=1\" alt=\"\" class=\"wp-image-5276\" srcset=\"https:\/\/i0.wp.com\/innoticiasbo.com\/wp-content\/uploads\/2025\/05\/fb_img_17467185863915409279503145141230.jpg?resize=768%2C1024&amp;ssl=1 768w, https:\/\/i0.wp.com\/innoticiasbo.com\/wp-content\/uploads\/2025\/05\/fb_img_17467185863915409279503145141230.jpg?resize=225%2C300&amp;ssl=1 225w, https:\/\/i0.wp.com\/innoticiasbo.com\/wp-content\/uploads\/2025\/05\/fb_img_17467185863915409279503145141230.jpg?w=960&amp;ssl=1 960w\" sizes=\"auto, (max-width: 640px) 100vw, 640px\" \/><\/figure>\n\n\n\n<p>Por otra parte, las dos personas heridas se encuentran hospitalizadas en el centro M\u00e9dico Agramonth de la ciudad de El Alto con graves lesiones, asimismo otros tres efectivos se encuentran policontusos y el veh\u00edculo seriamente afectado, ya se realizaron las denuncias pertinentes al Ministerio P\u00fablico para su investigaci\u00f3n.<\/p>\n\n\n\n<p>La presente gesti\u00f3n 10 miembros del Comando Estrat\u00e9gico Operacional (CEO) y del Viceministerio de Lucha Contra el Contrabando (VLCC), fueron agredidos por contrabandistas.<\/p>\n","protected":false},"excerpt":{"rendered":"<p>La Paz, 08 de mayo de 2025.- El Viceministro de Lucha Contra el Contrabando, Cnl. DAEN (S.P.) Luis Am\u00edlcar Vel\u00e1squez Burgoa inform\u00f3 que cinco miembros del Grupo de Tarea Lacaya fue brutalmente atacado por contrabandistas durante un operativo de lucha contra el contrabando en el departamento de La Paz. \u201cAyer el Grupo de Tarea Lacaya&#8230;<\/p>\n","protected":false},"author":2,"featured_media":5278,"comment_status":"open","ping_status":"open","sticky":false,"template":"","format":"standard","meta":{"_jetpack_memberships_contains_paid_content":false,"footnotes":"","jetpack_publicize_message":"","jetpack_publicize_feature_enabled":true,"jetpack_social_post_already_shared":true,"jetpack_social_options":{"image_generator_settings":{"template":"highway","enabled":false},"version":2}},"categories":[1,15],"tags":[112,113,304,22,303,305],"class_list":["post-5279","post","type-post","status-publish","format-standard","has-post-thumbnail","hentry","category-bolivia","category-seguridad","tag-ceo","tag-contrabando","tag-golpiza","tag-innoticias","tag-militares","tag-robo-de-arma"],"jetpack_publicize_connections":[],"yoast_head":"<!-- This site is optimized with the Yoast SEO plugin v23.4 - https:\/\/yoast.com\/wordpress\/plugins\/seo\/ -->\n<title>CONTRABANDISTAS DAN GOLPIZA A MILITARES Y ROBAN UN ARMA DE FUEGO - innoticiasbo.com<\/title>\n<meta name=\"robots\" content=\"index, follow, max-snippet:-1, max-image-preview:large, max-video-preview:-1\" \/>\n<link rel=\"canonical\" href=\"https:\/\/innoticiasbo.com\/index.php\/2025\/05\/08\/contrabandistas-dan-golpiza-a-militares-y-roban-un-arma-de-fuego\/\" \/>\n<meta property=\"og:locale\" content=\"es_ES\" \/>\n<meta property=\"og:type\" content=\"article\" \/>\n<meta property=\"og:title\" content=\"CONTRABANDISTAS DAN GOLPIZA A MILITARES Y ROBAN UN ARMA DE FUEGO - innoticiasbo.com\" \/>\n<meta property=\"og:description\" content=\"La Paz, 08 de mayo de 2025.- El Viceministro de Lucha Contra el Contrabando, Cnl. DAEN (S.P.) Luis Am\u00edlcar Vel\u00e1squez Burgoa inform\u00f3 que cinco miembros del Grupo de Tarea Lacaya fue brutalmente atacado por contrabandistas durante un operativo de lucha contra el contrabando en el departamento de La Paz. \u201cAyer el Grupo de Tarea Lacaya...\" \/>\n<meta property=\"og:url\" content=\"https:\/\/innoticiasbo.com\/index.php\/2025\/05\/08\/contrabandistas-dan-golpiza-a-militares-y-roban-un-arma-de-fuego\/\" \/>\n<meta property=\"og:site_name\" content=\"innoticiasbo.com\" \/>\n<meta property=\"article:publisher\" content=\"https:\/\/www.facebook.com\/innoticiasbolivia\" \/>\n<meta property=\"article:published_time\" content=\"2025-05-08T15:43:53+00:00\" \/>\n<meta property=\"article:modified_time\" content=\"2025-05-08T15:44:59+00:00\" \/>\n<meta property=\"og:image\" content=\"https:\/\/i0.wp.com\/innoticiasbo.com\/wp-content\/uploads\/2025\/05\/FB_IMG_1746718586391-1.jpg?fit=960%2C937&ssl=1\" \/>\n\t<meta property=\"og:image:width\" content=\"960\" \/>\n\t<meta property=\"og:image:height\" content=\"937\" \/>\n\t<meta property=\"og:image:type\" content=\"image\/jpeg\" \/>\n<meta name=\"author\" content=\"Prensa\" \/>\n<meta name=\"twitter:card\" content=\"summary_large_image\" \/>\n<meta name=\"twitter:creator\" content=\"@innoticiasbo\" \/>\n<meta name=\"twitter:site\" content=\"@innoticiasbo\" \/>\n<meta name=\"twitter:label1\" content=\"Escrito por\" \/>\n\t<meta name=\"twitter:data1\" content=\"Prensa\" \/>\n\t<meta name=\"twitter:label2\" content=\"Tiempo de lectura\" \/>\n\t<meta name=\"twitter:data2\" content=\"1 minuto\" \/>\n<script type=\"application\/ld+json\" class=\"yoast-schema-graph\">{\"@context\":\"https:\/\/schema.org\",\"@graph\":[{\"@type\":\"Article\",\"@id\":\"https:\/\/innoticiasbo.com\/index.php\/2025\/05\/08\/contrabandistas-dan-golpiza-a-militares-y-roban-un-arma-de-fuego\/#article\",\"isPartOf\":{\"@id\":\"https:\/\/innoticiasbo.com\/index.php\/2025\/05\/08\/contrabandistas-dan-golpiza-a-militares-y-roban-un-arma-de-fuego\/\"},\"author\":{\"name\":\"Prensa\",\"@id\":\"https:\/\/innoticiasbo.com\/#\/schema\/person\/589cd527c4211df1b943bdad85ec07ce\"},\"headline\":\"CONTRABANDISTAS DAN GOLPIZA A MILITARES Y ROBAN UN ARMA DE FUEGO\",\"datePublished\":\"2025-05-08T15:43:53+00:00\",\"dateModified\":\"2025-05-08T15:44:59+00:00\",\"mainEntityOfPage\":{\"@id\":\"https:\/\/innoticiasbo.com\/index.php\/2025\/05\/08\/contrabandistas-dan-golpiza-a-militares-y-roban-un-arma-de-fuego\/\"},\"wordCount\":295,\"commentCount\":0,\"publisher\":{\"@id\":\"https:\/\/innoticiasbo.com\/#organization\"},\"image\":{\"@id\":\"https:\/\/innoticiasbo.com\/index.php\/2025\/05\/08\/contrabandistas-dan-golpiza-a-militares-y-roban-un-arma-de-fuego\/#primaryimage\"},\"thumbnailUrl\":\"https:\/\/i0.wp.com\/innoticiasbo.com\/wp-content\/uploads\/2025\/05\/FB_IMG_1746718586391-1.jpg?fit=960%2C937&ssl=1\",\"keywords\":[\"CEO\",\"Contrabando\",\"golpiza\",\"innoticias\",\"militares\",\"robo de arma\"],\"articleSection\":[\"Bolivia\",\"Seguridad\"],\"inLanguage\":\"es\",\"potentialAction\":[{\"@type\":\"CommentAction\",\"name\":\"Comment\",\"target\":[\"https:\/\/innoticiasbo.com\/index.php\/2025\/05\/08\/contrabandistas-dan-golpiza-a-militares-y-roban-un-arma-de-fuego\/#respond\"]}]},{\"@type\":\"WebPage\",\"@id\":\"https:\/\/innoticiasbo.com\/index.php\/2025\/05\/08\/contrabandistas-dan-golpiza-a-militares-y-roban-un-arma-de-fuego\/\",\"url\":\"https:\/\/innoticiasbo.com\/index.php\/2025\/05\/08\/contrabandistas-dan-golpiza-a-militares-y-roban-un-arma-de-fuego\/\",\"name\":\"CONTRABANDISTAS DAN GOLPIZA A MILITARES Y ROBAN UN ARMA DE FUEGO - innoticiasbo.com\",\"isPartOf\":{\"@id\":\"https:\/\/innoticiasbo.com\/#website\"},\"primaryImageOfPage\":{\"@id\":\"https:\/\/innoticiasbo.com\/index.php\/2025\/05\/08\/contrabandistas-dan-golpiza-a-militares-y-roban-un-arma-de-fuego\/#primaryimage\"},\"image\":{\"@id\":\"https:\/\/innoticiasbo.com\/index.php\/2025\/05\/08\/contrabandistas-dan-golpiza-a-militares-y-roban-un-arma-de-fuego\/#primaryimage\"},\"thumbnailUrl\":\"https:\/\/i0.wp.com\/innoticiasbo.com\/wp-content\/uploads\/2025\/05\/FB_IMG_1746718586391-1.jpg?fit=960%2C937&ssl=1\",\"datePublished\":\"2025-05-08T15:43:53+00:00\",\"dateModified\":\"2025-05-08T15:44:59+00:00\",\"breadcrumb\":{\"@id\":\"https:\/\/innoticiasbo.com\/index.php\/2025\/05\/08\/contrabandistas-dan-golpiza-a-militares-y-roban-un-arma-de-fuego\/#breadcrumb\"},\"inLanguage\":\"es\",\"potentialAction\":[{\"@type\":\"ReadAction\",\"target\":[\"https:\/\/innoticiasbo.com\/index.php\/2025\/05\/08\/contrabandistas-dan-golpiza-a-militares-y-roban-un-arma-de-fuego\/\"]}]},{\"@type\":\"ImageObject\",\"inLanguage\":\"es\",\"@id\":\"https:\/\/innoticiasbo.com\/index.php\/2025\/05\/08\/contrabandistas-dan-golpiza-a-militares-y-roban-un-arma-de-fuego\/#primaryimage\",\"url\":\"https:\/\/i0.wp.com\/innoticiasbo.com\/wp-content\/uploads\/2025\/05\/FB_IMG_1746718586391-1.jpg?fit=960%2C937&ssl=1\",\"contentUrl\":\"https:\/\/i0.wp.com\/innoticiasbo.com\/wp-content\/uploads\/2025\/05\/FB_IMG_1746718586391-1.jpg?fit=960%2C937&ssl=1\",\"width\":960,\"height\":937},{\"@type\":\"BreadcrumbList\",\"@id\":\"https:\/\/innoticiasbo.com\/index.php\/2025\/05\/08\/contrabandistas-dan-golpiza-a-militares-y-roban-un-arma-de-fuego\/#breadcrumb\",\"itemListElement\":[{\"@type\":\"ListItem\",\"position\":1,\"name\":\"Portada\",\"item\":\"https:\/\/innoticiasbo.com\/\"},{\"@type\":\"ListItem\",\"position\":2,\"name\":\"CONTRABANDISTAS DAN GOLPIZA A MILITARES Y ROBAN UN ARMA DE FUEGO\"}]},{\"@type\":\"WebSite\",\"@id\":\"https:\/\/innoticiasbo.com\/#website\",\"url\":\"https:\/\/innoticiasbo.com\/\",\"name\":\"innoticiasbo.com\",\"description\":\"\",\"publisher\":{\"@id\":\"https:\/\/innoticiasbo.com\/#organization\"},\"potentialAction\":[{\"@type\":\"SearchAction\",\"target\":{\"@type\":\"EntryPoint\",\"urlTemplate\":\"https:\/\/innoticiasbo.com\/?s={search_term_string}\"},\"query-input\":{\"@type\":\"PropertyValueSpecification\",\"valueRequired\":true,\"valueName\":\"search_term_string\"}}],\"inLanguage\":\"es\"},{\"@type\":\"Organization\",\"@id\":\"https:\/\/innoticiasbo.com\/#organization\",\"name\":\"innoticiasbo.com\",\"url\":\"https:\/\/innoticiasbo.com\/\",\"logo\":{\"@type\":\"ImageObject\",\"inLanguage\":\"es\",\"@id\":\"https:\/\/innoticiasbo.com\/#\/schema\/logo\/image\/\",\"url\":\"https:\/\/i0.wp.com\/innoticiasbo.com\/wp-content\/uploads\/2026\/04\/cropped-IN-LOGO.png?fit=1476%2C1476&ssl=1\",\"contentUrl\":\"https:\/\/i0.wp.com\/innoticiasbo.com\/wp-content\/uploads\/2026\/04\/cropped-IN-LOGO.png?fit=1476%2C1476&ssl=1\",\"width\":1476,\"height\":1476,\"caption\":\"innoticiasbo.com\"},\"image\":{\"@id\":\"https:\/\/innoticiasbo.com\/#\/schema\/logo\/image\/\"},\"sameAs\":[\"https:\/\/www.facebook.com\/innoticiasbolivia\",\"https:\/\/x.com\/innoticiasbo\",\"https:\/\/www.instagram.com\/innoticiasbo\",\"https:\/\/www.youtube.com\/innoticiasbo\"]},{\"@type\":\"Person\",\"@id\":\"https:\/\/innoticiasbo.com\/#\/schema\/person\/589cd527c4211df1b943bdad85ec07ce\",\"name\":\"Prensa\",\"image\":{\"@type\":\"ImageObject\",\"inLanguage\":\"es\",\"@id\":\"https:\/\/innoticiasbo.com\/#\/schema\/person\/image\/\",\"url\":\"https:\/\/secure.gravatar.com\/avatar\/d359bbdf112023c1c0a3ec7fe1600657?s=96&d=mm&r=g\",\"contentUrl\":\"https:\/\/secure.gravatar.com\/avatar\/d359bbdf112023c1c0a3ec7fe1600657?s=96&d=mm&r=g\",\"caption\":\"Prensa\"},\"sameAs\":[\"http:\/\/www.innoticiasbo.com\"],\"url\":\"https:\/\/innoticiasbo.com\/index.php\/author\/prensa\/\"}]}<\/script>\n<!-- \/ Yoast SEO plugin. -->","yoast_head_json":{"title":"CONTRABANDISTAS DAN GOLPIZA A MILITARES Y ROBAN UN ARMA DE FUEGO - innoticiasbo.com","robots":{"index":"index","follow":"follow","max-snippet":"max-snippet:-1","max-image-preview":"max-image-preview:large","max-video-preview":"max-video-preview:-1"},"canonical":"https:\/\/innoticiasbo.com\/index.php\/2025\/05\/08\/contrabandistas-dan-golpiza-a-militares-y-roban-un-arma-de-fuego\/","og_locale":"es_ES","og_type":"article","og_title":"CONTRABANDISTAS DAN GOLPIZA A MILITARES Y ROBAN UN ARMA DE FUEGO - innoticiasbo.com","og_description":"La Paz, 08 de mayo de 2025.- El Viceministro de Lucha Contra el Contrabando, Cnl. DAEN (S.P.) Luis Am\u00edlcar Vel\u00e1squez Burgoa inform\u00f3 que cinco miembros del Grupo de Tarea Lacaya fue brutalmente atacado por contrabandistas durante un operativo de lucha contra el contrabando en el departamento de La Paz. \u201cAyer el Grupo de Tarea Lacaya...","og_url":"https:\/\/innoticiasbo.com\/index.php\/2025\/05\/08\/contrabandistas-dan-golpiza-a-militares-y-roban-un-arma-de-fuego\/","og_site_name":"innoticiasbo.com","article_publisher":"https:\/\/www.facebook.com\/innoticiasbolivia","article_published_time":"2025-05-08T15:43:53+00:00","article_modified_time":"2025-05-08T15:44:59+00:00","og_image":[{"width":960,"height":937,"url":"https:\/\/i0.wp.com\/innoticiasbo.com\/wp-content\/uploads\/2025\/05\/FB_IMG_1746718586391-1.jpg?fit=960%2C937&ssl=1","type":"image\/jpeg"}],"author":"Prensa","twitter_card":"summary_large_image","twitter_creator":"@innoticiasbo","twitter_site":"@innoticiasbo","twitter_misc":{"Escrito por":"Prensa","Tiempo de lectura":"1 minuto"},"schema":{"@context":"https:\/\/schema.org","@graph":[{"@type":"Article","@id":"https:\/\/innoticiasbo.com\/index.php\/2025\/05\/08\/contrabandistas-dan-golpiza-a-militares-y-roban-un-arma-de-fuego\/#article","isPartOf":{"@id":"https:\/\/innoticiasbo.com\/index.php\/2025\/05\/08\/contrabandistas-dan-golpiza-a-militares-y-roban-un-arma-de-fuego\/"},"author":{"name":"Prensa","@id":"https:\/\/innoticiasbo.com\/#\/schema\/person\/589cd527c4211df1b943bdad85ec07ce"},"headline":"CONTRABANDISTAS DAN GOLPIZA A MILITARES Y ROBAN UN ARMA DE FUEGO","datePublished":"2025-05-08T15:43:53+00:00","dateModified":"2025-05-08T15:44:59+00:00","mainEntityOfPage":{"@id":"https:\/\/innoticiasbo.com\/index.php\/2025\/05\/08\/contrabandistas-dan-golpiza-a-militares-y-roban-un-arma-de-fuego\/"},"wordCount":295,"commentCount":0,"publisher":{"@id":"https:\/\/innoticiasbo.com\/#organization"},"image":{"@id":"https:\/\/innoticiasbo.com\/index.php\/2025\/05\/08\/contrabandistas-dan-golpiza-a-militares-y-roban-un-arma-de-fuego\/#primaryimage"},"thumbnailUrl":"https:\/\/i0.wp.com\/innoticiasbo.com\/wp-content\/uploads\/2025\/05\/FB_IMG_1746718586391-1.jpg?fit=960%2C937&ssl=1","keywords":["CEO","Contrabando","golpiza","innoticias","militares","robo de arma"],"articleSection":["Bolivia","Seguridad"],"inLanguage":"es","potentialAction":[{"@type":"CommentAction","name":"Comment","target":["https:\/\/innoticiasbo.com\/index.php\/2025\/05\/08\/contrabandistas-dan-golpiza-a-militares-y-roban-un-arma-de-fuego\/#respond"]}]},{"@type":"WebPage","@id":"https:\/\/innoticiasbo.com\/index.php\/2025\/05\/08\/contrabandistas-dan-golpiza-a-militares-y-roban-un-arma-de-fuego\/","url":"https:\/\/innoticiasbo.com\/index.php\/2025\/05\/08\/contrabandistas-dan-golpiza-a-militares-y-roban-un-arma-de-fuego\/","name":"CONTRABANDISTAS DAN GOLPIZA A MILITARES Y ROBAN UN ARMA DE FUEGO - innoticiasbo.com","isPartOf":{"@id":"https:\/\/innoticiasbo.com\/#website"},"primaryImageOfPage":{"@id":"https:\/\/innoticiasbo.com\/index.php\/2025\/05\/08\/contrabandistas-dan-golpiza-a-militares-y-roban-un-arma-de-fuego\/#primaryimage"},"image":{"@id":"https:\/\/innoticiasbo.com\/index.php\/2025\/05\/08\/contrabandistas-dan-golpiza-a-militares-y-roban-un-arma-de-fuego\/#primaryimage"},"thumbnailUrl":"https:\/\/i0.wp.com\/innoticiasbo.com\/wp-content\/uploads\/2025\/05\/FB_IMG_1746718586391-1.jpg?fit=960%2C937&ssl=1","datePublished":"2025-05-08T15:43:53+00:00","dateModified":"2025-05-08T15:44:59+00:00","breadcrumb":{"@id":"https:\/\/innoticiasbo.com\/index.php\/2025\/05\/08\/contrabandistas-dan-golpiza-a-militares-y-roban-un-arma-de-fuego\/#breadcrumb"},"inLanguage":"es","potentialAction":[{"@type":"ReadAction","target":["https:\/\/innoticiasbo.com\/index.php\/2025\/05\/08\/contrabandistas-dan-golpiza-a-militares-y-roban-un-arma-de-fuego\/"]}]},{"@type":"ImageObject","inLanguage":"es","@id":"https:\/\/innoticiasbo.com\/index.php\/2025\/05\/08\/contrabandistas-dan-golpiza-a-militares-y-roban-un-arma-de-fuego\/#primaryimage","url":"https:\/\/i0.wp.com\/innoticiasbo.com\/wp-content\/uploads\/2025\/05\/FB_IMG_1746718586391-1.jpg?fit=960%2C937&ssl=1","contentUrl":"https:\/\/i0.wp.com\/innoticiasbo.com\/wp-content\/uploads\/2025\/05\/FB_IMG_1746718586391-1.jpg?fit=960%2C937&ssl=1","width":960,"height":937},{"@type":"BreadcrumbList","@id":"https:\/\/innoticiasbo.com\/index.php\/2025\/05\/08\/contrabandistas-dan-golpiza-a-militares-y-roban-un-arma-de-fuego\/#breadcrumb","itemListElement":[{"@type":"ListItem","position":1,"name":"Portada","item":"https:\/\/innoticiasbo.com\/"},{"@type":"ListItem","position":2,"name":"CONTRABANDISTAS DAN GOLPIZA A MILITARES Y ROBAN UN ARMA DE FUEGO"}]},{"@type":"WebSite","@id":"https:\/\/innoticiasbo.com\/#website","url":"https:\/\/innoticiasbo.com\/","name":"innoticiasbo.com","description":"","publisher":{"@id":"https:\/\/innoticiasbo.com\/#organization"},"potentialAction":[{"@type":"SearchAction","target":{"@type":"EntryPoint","urlTemplate":"https:\/\/innoticiasbo.com\/?s={search_term_string}"},"query-input":{"@type":"PropertyValueSpecification","valueRequired":true,"valueName":"search_term_string"}}],"inLanguage":"es"},{"@type":"Organization","@id":"https:\/\/innoticiasbo.com\/#organization","name":"innoticiasbo.com","url":"https:\/\/innoticiasbo.com\/","logo":{"@type":"ImageObject","inLanguage":"es","@id":"https:\/\/innoticiasbo.com\/#\/schema\/logo\/image\/","url":"https:\/\/i0.wp.com\/innoticiasbo.com\/wp-content\/uploads\/2026\/04\/cropped-IN-LOGO.png?fit=1476%2C1476&ssl=1","contentUrl":"https:\/\/i0.wp.com\/innoticiasbo.com\/wp-content\/uploads\/2026\/04\/cropped-IN-LOGO.png?fit=1476%2C1476&ssl=1","width":1476,"height":1476,"caption":"innoticiasbo.com"},"image":{"@id":"https:\/\/innoticiasbo.com\/#\/schema\/logo\/image\/"},"sameAs":["https:\/\/www.facebook.com\/innoticiasbolivia","https:\/\/x.com\/innoticiasbo","https:\/\/www.instagram.com\/innoticiasbo","https:\/\/www.youtube.com\/innoticiasbo"]},{"@type":"Person","@id":"https:\/\/innoticiasbo.com\/#\/schema\/person\/589cd527c4211df1b943bdad85ec07ce","name":"Prensa","image":{"@type":"ImageObject","inLanguage":"es","@id":"https:\/\/innoticiasbo.com\/#\/schema\/person\/image\/","url":"https:\/\/secure.gravatar.com\/avatar\/d359bbdf112023c1c0a3ec7fe1600657?s=96&d=mm&r=g","contentUrl":"https:\/\/secure.gravatar.com\/avatar\/d359bbdf112023c1c0a3ec7fe1600657?s=96&d=mm&r=g","caption":"Prensa"},"sameAs":["http:\/\/www.innoticiasbo.com"],"url":"https:\/\/innoticiasbo.com\/index.php\/author\/prensa\/"}]}},"jetpack_featured_media_url":"https:\/\/i0.wp.com\/innoticiasbo.com\/wp-content\/uploads\/2025\/05\/FB_IMG_1746718586391-1.jpg?fit=960%2C937&ssl=1","jetpack_likes_enabled":true,"jetpack_sharing_enabled":true,"jetpack_shortlink":"https:\/\/wp.me\/pg298x-1n9","_links":{"self":[{"href":"https:\/\/innoticiasbo.com\/index.php\/wp-json\/wp\/v2\/posts\/5279","targetHints":{"allow":["GET"]}}],"collection":[{"href":"https:\/\/innoticiasbo.com\/index.php\/wp-json\/wp\/v2\/posts"}],"about":[{"href":"https:\/\/innoticiasbo.com\/index.php\/wp-json\/wp\/v2\/types\/post"}],"author":[{"embeddable":true,"href":"https:\/\/innoticiasbo.com\/index.php\/wp-json\/wp\/v2\/users\/2"}],"replies":[{"embeddable":true,"href":"https:\/\/innoticiasbo.com\/index.php\/wp-json\/wp\/v2\/comments?post=5279"}],"version-history":[{"count":1,"href":"https:\/\/innoticiasbo.com\/index.php\/wp-json\/wp\/v2\/posts\/5279\/revisions"}],"predecessor-version":[{"id":5280,"href":"https:\/\/innoticiasbo.com\/index.php\/wp-json\/wp\/v2\/posts\/5279\/revisions\/5280"}],"wp:featuredmedia":[{"embeddable":true,"href":"https:\/\/innoticiasbo.com\/index.php\/wp-json\/wp\/v2\/media\/5278"}],"wp:attachment":[{"href":"https:\/\/innoticiasbo.com\/index.php\/wp-json\/wp\/v2\/media?parent=5279"}],"wp:term":[{"taxonomy":"category","embeddable":true,"href":"https:\/\/innoticiasbo.com\/index.php\/wp-json\/wp\/v2\/categories?post=5279"},{"taxonomy":"post_tag","embeddable":true,"href":"https:\/\/innoticiasbo.com\/index.php\/wp-json\/wp\/v2\/tags?post=5279"}],"curies":[{"name":"wp","href":"https:\/\/api.w.org\/{rel}","templated":true}]}}