{"id":5149,"date":"2025-05-05T10:11:01","date_gmt":"2025-05-05T14:11:01","guid":{"rendered":"https:\/\/innoticiasbo.com\/?p=5149"},"modified":"2025-05-05T10:11:20","modified_gmt":"2025-05-05T14:11:20","slug":"evo-morales-reacciona-a-la-aprehension-de-la-jueza-lilian-moreno","status":"publish","type":"post","link":"https:\/\/innoticiasbo.com\/index.php\/2025\/05\/05\/evo-morales-reacciona-a-la-aprehension-de-la-jueza-lilian-moreno\/","title":{"rendered":"EVO MORALES REACCIONA A LA APREHENSI\u00d3N DE LA JUEZA LILIAN MORENO"},"content":{"rendered":"\n<p>Chapare, 5 de mayo del 2025.- Seg\u00fan Evo Morales no \u00abEstado de derecho\u00bb denuncia operaciones policiales ilegales y abusivas, seg\u00fan \u00e9l, propias de las dictaduras. <\/p>\n\n\n\n<p>As\u00ed se pronunci\u00f3 en sus RRSS:<\/p>\n\n\n\n<p>\u00abDesde hace tiempo voy denunciando que en Bolivia, con el gobierno actual, no hay Estado de Derecho. Aqu\u00ed rige el terrorismo de estado que\u00a0 difama, persigue y encarcela a los bolivianos que piensan diferente.\u00a0\u00a0\u00a0\u00a0\u00a0\u00a0\u00a0\u00a0\u00a0\u00a0\u00a0\u00a0\u00a0\u00a0\u00a0\u00a0\u00a0\u00a0\u00a0\u00a0\u00a0\u00a0\u00a0\u00a0\u00a0\u00a0\u00a0\u00a0\u00a0\u00a0\u00a0\u00a0\u00a0 No buscan justicia sino venganza brutal. Usan para eso operaciones policiales, ilegales y abusivas, propias de las dictaduras.\u00a0\u00a0\u00a0\u00a0\u00a0\u00a0<\/p>\n\n\n\n<p>El gobierno ni siquiera respeta a jueces de Garant\u00edas<br>Constitucionales que solo buscan el respeto al Debido Proceso.<br>Pido a organismos internacionales actuar ante el irrespeto de los derechos humanos y\u00a0 constitucionales del gobierno contra sus ciudanos indefensos, perseguidos y amenazados permanentemente\u00bb.<\/p>\n","protected":false},"excerpt":{"rendered":"<p>Chapare, 5 de mayo del 2025.- Seg\u00fan Evo Morales no \u00abEstado de derecho\u00bb denuncia operaciones policiales ilegales y abusivas, seg\u00fan \u00e9l, propias de las dictaduras. As\u00ed se pronunci\u00f3 en sus RRSS: \u00abDesde hace tiempo voy denunciando que en Bolivia, con el gobierno actual, no hay Estado de Derecho. Aqu\u00ed rige el terrorismo de estado que\u00a0&#8230;<\/p>\n","protected":false},"author":3,"featured_media":5148,"comment_status":"open","ping_status":"open","sticky":false,"template":"","format":"standard","meta":{"_jetpack_memberships_contains_paid_content":false,"footnotes":"","jetpack_publicize_message":"","jetpack_publicize_feature_enabled":true,"jetpack_social_post_already_shared":true,"jetpack_social_options":{"image_generator_settings":{"template":"highway","enabled":false},"version":2}},"categories":[3],"tags":[270,268],"class_list":["post-5149","post","type-post","status-publish","format-standard","has-post-thumbnail","hentry","category-politica","tag-evomorales","tag-juezamoreno"],"jetpack_publicize_connections":[],"yoast_head":"<!-- This site is optimized with the Yoast SEO plugin v23.4 - https:\/\/yoast.com\/wordpress\/plugins\/seo\/ -->\n<title>EVO MORALES REACCIONA A LA APREHENSI\u00d3N DE LA JUEZA LILIAN MORENO - innoticiasbo.com<\/title>\n<meta name=\"robots\" content=\"index, follow, max-snippet:-1, max-image-preview:large, max-video-preview:-1\" \/>\n<link rel=\"canonical\" href=\"https:\/\/innoticiasbo.com\/index.php\/2025\/05\/05\/evo-morales-reacciona-a-la-aprehension-de-la-jueza-lilian-moreno\/\" \/>\n<meta property=\"og:locale\" content=\"es_ES\" \/>\n<meta property=\"og:type\" content=\"article\" \/>\n<meta property=\"og:title\" content=\"EVO MORALES REACCIONA A LA APREHENSI\u00d3N DE LA JUEZA LILIAN MORENO - innoticiasbo.com\" \/>\n<meta property=\"og:description\" content=\"Chapare, 5 de mayo del 2025.- Seg\u00fan Evo Morales no \u00abEstado de derecho\u00bb denuncia operaciones policiales ilegales y abusivas, seg\u00fan \u00e9l, propias de las dictaduras. As\u00ed se pronunci\u00f3 en sus RRSS: \u00abDesde hace tiempo voy denunciando que en Bolivia, con el gobierno actual, no hay Estado de Derecho. Aqu\u00ed rige el terrorismo de estado que\u00a0...\" \/>\n<meta property=\"og:url\" content=\"https:\/\/innoticiasbo.com\/index.php\/2025\/05\/05\/evo-morales-reacciona-a-la-aprehension-de-la-jueza-lilian-moreno\/\" \/>\n<meta property=\"og:site_name\" content=\"innoticiasbo.com\" \/>\n<meta property=\"article:publisher\" content=\"https:\/\/www.facebook.com\/innoticiasbolivia\" \/>\n<meta property=\"article:published_time\" content=\"2025-05-05T14:11:01+00:00\" \/>\n<meta property=\"article:modified_time\" content=\"2025-05-05T14:11:20+00:00\" \/>\n<meta property=\"og:image\" content=\"https:\/\/i0.wp.com\/innoticiasbo.com\/wp-content\/uploads\/2025\/05\/X-TWITTER-EL-AVISPERO_20250505_100454_0000.jpg?fit=1920%2C1080&ssl=1\" \/>\n\t<meta property=\"og:image:width\" content=\"1920\" \/>\n\t<meta property=\"og:image:height\" content=\"1080\" \/>\n\t<meta property=\"og:image:type\" content=\"image\/jpeg\" \/>\n<meta name=\"author\" content=\"Prensa 2\" \/>\n<meta name=\"twitter:card\" content=\"summary_large_image\" \/>\n<meta name=\"twitter:creator\" content=\"@innoticiasbo\" \/>\n<meta name=\"twitter:site\" content=\"@innoticiasbo\" \/>\n<meta name=\"twitter:label1\" content=\"Escrito por\" \/>\n\t<meta name=\"twitter:data1\" content=\"Prensa 2\" \/>\n\t<meta name=\"twitter:label2\" content=\"Tiempo de lectura\" \/>\n\t<meta name=\"twitter:data2\" content=\"1 minuto\" \/>\n<script type=\"application\/ld+json\" class=\"yoast-schema-graph\">{\"@context\":\"https:\/\/schema.org\",\"@graph\":[{\"@type\":\"Article\",\"@id\":\"https:\/\/innoticiasbo.com\/index.php\/2025\/05\/05\/evo-morales-reacciona-a-la-aprehension-de-la-jueza-lilian-moreno\/#article\",\"isPartOf\":{\"@id\":\"https:\/\/innoticiasbo.com\/index.php\/2025\/05\/05\/evo-morales-reacciona-a-la-aprehension-de-la-jueza-lilian-moreno\/\"},\"author\":{\"name\":\"Prensa 2\",\"@id\":\"https:\/\/innoticiasbo.com\/#\/schema\/person\/6f3e5eca02a7cf7249145609797573f2\"},\"headline\":\"EVO MORALES REACCIONA A LA APREHENSI\u00d3N DE LA JUEZA LILIAN MORENO\",\"datePublished\":\"2025-05-05T14:11:01+00:00\",\"dateModified\":\"2025-05-05T14:11:20+00:00\",\"mainEntityOfPage\":{\"@id\":\"https:\/\/innoticiasbo.com\/index.php\/2025\/05\/05\/evo-morales-reacciona-a-la-aprehension-de-la-jueza-lilian-moreno\/\"},\"wordCount\":138,\"commentCount\":0,\"publisher\":{\"@id\":\"https:\/\/innoticiasbo.com\/#organization\"},\"image\":{\"@id\":\"https:\/\/innoticiasbo.com\/index.php\/2025\/05\/05\/evo-morales-reacciona-a-la-aprehension-de-la-jueza-lilian-moreno\/#primaryimage\"},\"thumbnailUrl\":\"https:\/\/i0.wp.com\/innoticiasbo.com\/wp-content\/uploads\/2025\/05\/X-TWITTER-EL-AVISPERO_20250505_100454_0000.jpg?fit=1920%2C1080&ssl=1\",\"keywords\":[\"EvoMorales\",\"juezaMoreno\"],\"articleSection\":[\"Pol\u00edtica\"],\"inLanguage\":\"es\",\"potentialAction\":[{\"@type\":\"CommentAction\",\"name\":\"Comment\",\"target\":[\"https:\/\/innoticiasbo.com\/index.php\/2025\/05\/05\/evo-morales-reacciona-a-la-aprehension-de-la-jueza-lilian-moreno\/#respond\"]}]},{\"@type\":\"WebPage\",\"@id\":\"https:\/\/innoticiasbo.com\/index.php\/2025\/05\/05\/evo-morales-reacciona-a-la-aprehension-de-la-jueza-lilian-moreno\/\",\"url\":\"https:\/\/innoticiasbo.com\/index.php\/2025\/05\/05\/evo-morales-reacciona-a-la-aprehension-de-la-jueza-lilian-moreno\/\",\"name\":\"EVO MORALES REACCIONA A LA APREHENSI\u00d3N DE LA JUEZA LILIAN MORENO - innoticiasbo.com\",\"isPartOf\":{\"@id\":\"https:\/\/innoticiasbo.com\/#website\"},\"primaryImageOfPage\":{\"@id\":\"https:\/\/innoticiasbo.com\/index.php\/2025\/05\/05\/evo-morales-reacciona-a-la-aprehension-de-la-jueza-lilian-moreno\/#primaryimage\"},\"image\":{\"@id\":\"https:\/\/innoticiasbo.com\/index.php\/2025\/05\/05\/evo-morales-reacciona-a-la-aprehension-de-la-jueza-lilian-moreno\/#primaryimage\"},\"thumbnailUrl\":\"https:\/\/i0.wp.com\/innoticiasbo.com\/wp-content\/uploads\/2025\/05\/X-TWITTER-EL-AVISPERO_20250505_100454_0000.jpg?fit=1920%2C1080&ssl=1\",\"datePublished\":\"2025-05-05T14:11:01+00:00\",\"dateModified\":\"2025-05-05T14:11:20+00:00\",\"breadcrumb\":{\"@id\":\"https:\/\/innoticiasbo.com\/index.php\/2025\/05\/05\/evo-morales-reacciona-a-la-aprehension-de-la-jueza-lilian-moreno\/#breadcrumb\"},\"inLanguage\":\"es\",\"potentialAction\":[{\"@type\":\"ReadAction\",\"target\":[\"https:\/\/innoticiasbo.com\/index.php\/2025\/05\/05\/evo-morales-reacciona-a-la-aprehension-de-la-jueza-lilian-moreno\/\"]}]},{\"@type\":\"ImageObject\",\"inLanguage\":\"es\",\"@id\":\"https:\/\/innoticiasbo.com\/index.php\/2025\/05\/05\/evo-morales-reacciona-a-la-aprehension-de-la-jueza-lilian-moreno\/#primaryimage\",\"url\":\"https:\/\/i0.wp.com\/innoticiasbo.com\/wp-content\/uploads\/2025\/05\/X-TWITTER-EL-AVISPERO_20250505_100454_0000.jpg?fit=1920%2C1080&ssl=1\",\"contentUrl\":\"https:\/\/i0.wp.com\/innoticiasbo.com\/wp-content\/uploads\/2025\/05\/X-TWITTER-EL-AVISPERO_20250505_100454_0000.jpg?fit=1920%2C1080&ssl=1\",\"width\":1920,\"height\":1080},{\"@type\":\"BreadcrumbList\",\"@id\":\"https:\/\/innoticiasbo.com\/index.php\/2025\/05\/05\/evo-morales-reacciona-a-la-aprehension-de-la-jueza-lilian-moreno\/#breadcrumb\",\"itemListElement\":[{\"@type\":\"ListItem\",\"position\":1,\"name\":\"Portada\",\"item\":\"https:\/\/innoticiasbo.com\/\"},{\"@type\":\"ListItem\",\"position\":2,\"name\":\"EVO MORALES REACCIONA A LA APREHENSI\u00d3N DE LA JUEZA LILIAN MORENO\"}]},{\"@type\":\"WebSite\",\"@id\":\"https:\/\/innoticiasbo.com\/#website\",\"url\":\"https:\/\/innoticiasbo.com\/\",\"name\":\"innoticiasbo.com\",\"description\":\"\",\"publisher\":{\"@id\":\"https:\/\/innoticiasbo.com\/#organization\"},\"potentialAction\":[{\"@type\":\"SearchAction\",\"target\":{\"@type\":\"EntryPoint\",\"urlTemplate\":\"https:\/\/innoticiasbo.com\/?s={search_term_string}\"},\"query-input\":{\"@type\":\"PropertyValueSpecification\",\"valueRequired\":true,\"valueName\":\"search_term_string\"}}],\"inLanguage\":\"es\"},{\"@type\":\"Organization\",\"@id\":\"https:\/\/innoticiasbo.com\/#organization\",\"name\":\"innoticiasbo.com\",\"url\":\"https:\/\/innoticiasbo.com\/\",\"logo\":{\"@type\":\"ImageObject\",\"inLanguage\":\"es\",\"@id\":\"https:\/\/innoticiasbo.com\/#\/schema\/logo\/image\/\",\"url\":\"https:\/\/i0.wp.com\/innoticiasbo.com\/wp-content\/uploads\/2026\/04\/cropped-IN-LOGO.png?fit=1476%2C1476&ssl=1\",\"contentUrl\":\"https:\/\/i0.wp.com\/innoticiasbo.com\/wp-content\/uploads\/2026\/04\/cropped-IN-LOGO.png?fit=1476%2C1476&ssl=1\",\"width\":1476,\"height\":1476,\"caption\":\"innoticiasbo.com\"},\"image\":{\"@id\":\"https:\/\/innoticiasbo.com\/#\/schema\/logo\/image\/\"},\"sameAs\":[\"https:\/\/www.facebook.com\/innoticiasbolivia\",\"https:\/\/x.com\/innoticiasbo\",\"https:\/\/www.instagram.com\/innoticiasbo\",\"https:\/\/www.youtube.com\/innoticiasbo\"]},{\"@type\":\"Person\",\"@id\":\"https:\/\/innoticiasbo.com\/#\/schema\/person\/6f3e5eca02a7cf7249145609797573f2\",\"name\":\"Prensa 2\",\"image\":{\"@type\":\"ImageObject\",\"inLanguage\":\"es\",\"@id\":\"https:\/\/innoticiasbo.com\/#\/schema\/person\/image\/\",\"url\":\"https:\/\/secure.gravatar.com\/avatar\/1d189cd124d02eac2fef69ee12563d60?s=96&d=mm&r=g\",\"contentUrl\":\"https:\/\/secure.gravatar.com\/avatar\/1d189cd124d02eac2fef69ee12563d60?s=96&d=mm&r=g\",\"caption\":\"Prensa 2\"},\"sameAs\":[\"http:\/\/www.innoticiasbo.com\"],\"url\":\"https:\/\/innoticiasbo.com\/index.php\/author\/prensa-2\/\"}]}<\/script>\n<!-- \/ Yoast SEO plugin. -->","yoast_head_json":{"title":"EVO MORALES REACCIONA A LA APREHENSI\u00d3N DE LA JUEZA LILIAN MORENO - innoticiasbo.com","robots":{"index":"index","follow":"follow","max-snippet":"max-snippet:-1","max-image-preview":"max-image-preview:large","max-video-preview":"max-video-preview:-1"},"canonical":"https:\/\/innoticiasbo.com\/index.php\/2025\/05\/05\/evo-morales-reacciona-a-la-aprehension-de-la-jueza-lilian-moreno\/","og_locale":"es_ES","og_type":"article","og_title":"EVO MORALES REACCIONA A LA APREHENSI\u00d3N DE LA JUEZA LILIAN MORENO - innoticiasbo.com","og_description":"Chapare, 5 de mayo del 2025.- Seg\u00fan Evo Morales no \u00abEstado de derecho\u00bb denuncia operaciones policiales ilegales y abusivas, seg\u00fan \u00e9l, propias de las dictaduras. As\u00ed se pronunci\u00f3 en sus RRSS: \u00abDesde hace tiempo voy denunciando que en Bolivia, con el gobierno actual, no hay Estado de Derecho. Aqu\u00ed rige el terrorismo de estado que\u00a0...","og_url":"https:\/\/innoticiasbo.com\/index.php\/2025\/05\/05\/evo-morales-reacciona-a-la-aprehension-de-la-jueza-lilian-moreno\/","og_site_name":"innoticiasbo.com","article_publisher":"https:\/\/www.facebook.com\/innoticiasbolivia","article_published_time":"2025-05-05T14:11:01+00:00","article_modified_time":"2025-05-05T14:11:20+00:00","og_image":[{"width":1920,"height":1080,"url":"https:\/\/i0.wp.com\/innoticiasbo.com\/wp-content\/uploads\/2025\/05\/X-TWITTER-EL-AVISPERO_20250505_100454_0000.jpg?fit=1920%2C1080&ssl=1","type":"image\/jpeg"}],"author":"Prensa 2","twitter_card":"summary_large_image","twitter_creator":"@innoticiasbo","twitter_site":"@innoticiasbo","twitter_misc":{"Escrito por":"Prensa 2","Tiempo de lectura":"1 minuto"},"schema":{"@context":"https:\/\/schema.org","@graph":[{"@type":"Article","@id":"https:\/\/innoticiasbo.com\/index.php\/2025\/05\/05\/evo-morales-reacciona-a-la-aprehension-de-la-jueza-lilian-moreno\/#article","isPartOf":{"@id":"https:\/\/innoticiasbo.com\/index.php\/2025\/05\/05\/evo-morales-reacciona-a-la-aprehension-de-la-jueza-lilian-moreno\/"},"author":{"name":"Prensa 2","@id":"https:\/\/innoticiasbo.com\/#\/schema\/person\/6f3e5eca02a7cf7249145609797573f2"},"headline":"EVO MORALES REACCIONA A LA APREHENSI\u00d3N DE LA JUEZA LILIAN MORENO","datePublished":"2025-05-05T14:11:01+00:00","dateModified":"2025-05-05T14:11:20+00:00","mainEntityOfPage":{"@id":"https:\/\/innoticiasbo.com\/index.php\/2025\/05\/05\/evo-morales-reacciona-a-la-aprehension-de-la-jueza-lilian-moreno\/"},"wordCount":138,"commentCount":0,"publisher":{"@id":"https:\/\/innoticiasbo.com\/#organization"},"image":{"@id":"https:\/\/innoticiasbo.com\/index.php\/2025\/05\/05\/evo-morales-reacciona-a-la-aprehension-de-la-jueza-lilian-moreno\/#primaryimage"},"thumbnailUrl":"https:\/\/i0.wp.com\/innoticiasbo.com\/wp-content\/uploads\/2025\/05\/X-TWITTER-EL-AVISPERO_20250505_100454_0000.jpg?fit=1920%2C1080&ssl=1","keywords":["EvoMorales","juezaMoreno"],"articleSection":["Pol\u00edtica"],"inLanguage":"es","potentialAction":[{"@type":"CommentAction","name":"Comment","target":["https:\/\/innoticiasbo.com\/index.php\/2025\/05\/05\/evo-morales-reacciona-a-la-aprehension-de-la-jueza-lilian-moreno\/#respond"]}]},{"@type":"WebPage","@id":"https:\/\/innoticiasbo.com\/index.php\/2025\/05\/05\/evo-morales-reacciona-a-la-aprehension-de-la-jueza-lilian-moreno\/","url":"https:\/\/innoticiasbo.com\/index.php\/2025\/05\/05\/evo-morales-reacciona-a-la-aprehension-de-la-jueza-lilian-moreno\/","name":"EVO MORALES REACCIONA A LA APREHENSI\u00d3N DE LA JUEZA LILIAN MORENO - innoticiasbo.com","isPartOf":{"@id":"https:\/\/innoticiasbo.com\/#website"},"primaryImageOfPage":{"@id":"https:\/\/innoticiasbo.com\/index.php\/2025\/05\/05\/evo-morales-reacciona-a-la-aprehension-de-la-jueza-lilian-moreno\/#primaryimage"},"image":{"@id":"https:\/\/innoticiasbo.com\/index.php\/2025\/05\/05\/evo-morales-reacciona-a-la-aprehension-de-la-jueza-lilian-moreno\/#primaryimage"},"thumbnailUrl":"https:\/\/i0.wp.com\/innoticiasbo.com\/wp-content\/uploads\/2025\/05\/X-TWITTER-EL-AVISPERO_20250505_100454_0000.jpg?fit=1920%2C1080&ssl=1","datePublished":"2025-05-05T14:11:01+00:00","dateModified":"2025-05-05T14:11:20+00:00","breadcrumb":{"@id":"https:\/\/innoticiasbo.com\/index.php\/2025\/05\/05\/evo-morales-reacciona-a-la-aprehension-de-la-jueza-lilian-moreno\/#breadcrumb"},"inLanguage":"es","potentialAction":[{"@type":"ReadAction","target":["https:\/\/innoticiasbo.com\/index.php\/2025\/05\/05\/evo-morales-reacciona-a-la-aprehension-de-la-jueza-lilian-moreno\/"]}]},{"@type":"ImageObject","inLanguage":"es","@id":"https:\/\/innoticiasbo.com\/index.php\/2025\/05\/05\/evo-morales-reacciona-a-la-aprehension-de-la-jueza-lilian-moreno\/#primaryimage","url":"https:\/\/i0.wp.com\/innoticiasbo.com\/wp-content\/uploads\/2025\/05\/X-TWITTER-EL-AVISPERO_20250505_100454_0000.jpg?fit=1920%2C1080&ssl=1","contentUrl":"https:\/\/i0.wp.com\/innoticiasbo.com\/wp-content\/uploads\/2025\/05\/X-TWITTER-EL-AVISPERO_20250505_100454_0000.jpg?fit=1920%2C1080&ssl=1","width":1920,"height":1080},{"@type":"BreadcrumbList","@id":"https:\/\/innoticiasbo.com\/index.php\/2025\/05\/05\/evo-morales-reacciona-a-la-aprehension-de-la-jueza-lilian-moreno\/#breadcrumb","itemListElement":[{"@type":"ListItem","position":1,"name":"Portada","item":"https:\/\/innoticiasbo.com\/"},{"@type":"ListItem","position":2,"name":"EVO MORALES REACCIONA A LA APREHENSI\u00d3N DE LA JUEZA LILIAN MORENO"}]},{"@type":"WebSite","@id":"https:\/\/innoticiasbo.com\/#website","url":"https:\/\/innoticiasbo.com\/","name":"innoticiasbo.com","description":"","publisher":{"@id":"https:\/\/innoticiasbo.com\/#organization"},"potentialAction":[{"@type":"SearchAction","target":{"@type":"EntryPoint","urlTemplate":"https:\/\/innoticiasbo.com\/?s={search_term_string}"},"query-input":{"@type":"PropertyValueSpecification","valueRequired":true,"valueName":"search_term_string"}}],"inLanguage":"es"},{"@type":"Organization","@id":"https:\/\/innoticiasbo.com\/#organization","name":"innoticiasbo.com","url":"https:\/\/innoticiasbo.com\/","logo":{"@type":"ImageObject","inLanguage":"es","@id":"https:\/\/innoticiasbo.com\/#\/schema\/logo\/image\/","url":"https:\/\/i0.wp.com\/innoticiasbo.com\/wp-content\/uploads\/2026\/04\/cropped-IN-LOGO.png?fit=1476%2C1476&ssl=1","contentUrl":"https:\/\/i0.wp.com\/innoticiasbo.com\/wp-content\/uploads\/2026\/04\/cropped-IN-LOGO.png?fit=1476%2C1476&ssl=1","width":1476,"height":1476,"caption":"innoticiasbo.com"},"image":{"@id":"https:\/\/innoticiasbo.com\/#\/schema\/logo\/image\/"},"sameAs":["https:\/\/www.facebook.com\/innoticiasbolivia","https:\/\/x.com\/innoticiasbo","https:\/\/www.instagram.com\/innoticiasbo","https:\/\/www.youtube.com\/innoticiasbo"]},{"@type":"Person","@id":"https:\/\/innoticiasbo.com\/#\/schema\/person\/6f3e5eca02a7cf7249145609797573f2","name":"Prensa 2","image":{"@type":"ImageObject","inLanguage":"es","@id":"https:\/\/innoticiasbo.com\/#\/schema\/person\/image\/","url":"https:\/\/secure.gravatar.com\/avatar\/1d189cd124d02eac2fef69ee12563d60?s=96&d=mm&r=g","contentUrl":"https:\/\/secure.gravatar.com\/avatar\/1d189cd124d02eac2fef69ee12563d60?s=96&d=mm&r=g","caption":"Prensa 2"},"sameAs":["http:\/\/www.innoticiasbo.com"],"url":"https:\/\/innoticiasbo.com\/index.php\/author\/prensa-2\/"}]}},"jetpack_featured_media_url":"https:\/\/i0.wp.com\/innoticiasbo.com\/wp-content\/uploads\/2025\/05\/X-TWITTER-EL-AVISPERO_20250505_100454_0000.jpg?fit=1920%2C1080&ssl=1","jetpack_likes_enabled":true,"jetpack_sharing_enabled":true,"jetpack_shortlink":"https:\/\/wp.me\/pg298x-1l3","_links":{"self":[{"href":"https:\/\/innoticiasbo.com\/index.php\/wp-json\/wp\/v2\/posts\/5149","targetHints":{"allow":["GET"]}}],"collection":[{"href":"https:\/\/innoticiasbo.com\/index.php\/wp-json\/wp\/v2\/posts"}],"about":[{"href":"https:\/\/innoticiasbo.com\/index.php\/wp-json\/wp\/v2\/types\/post"}],"author":[{"embeddable":true,"href":"https:\/\/innoticiasbo.com\/index.php\/wp-json\/wp\/v2\/users\/3"}],"replies":[{"embeddable":true,"href":"https:\/\/innoticiasbo.com\/index.php\/wp-json\/wp\/v2\/comments?post=5149"}],"version-history":[{"count":1,"href":"https:\/\/innoticiasbo.com\/index.php\/wp-json\/wp\/v2\/posts\/5149\/revisions"}],"predecessor-version":[{"id":5150,"href":"https:\/\/innoticiasbo.com\/index.php\/wp-json\/wp\/v2\/posts\/5149\/revisions\/5150"}],"wp:featuredmedia":[{"embeddable":true,"href":"https:\/\/innoticiasbo.com\/index.php\/wp-json\/wp\/v2\/media\/5148"}],"wp:attachment":[{"href":"https:\/\/innoticiasbo.com\/index.php\/wp-json\/wp\/v2\/media?parent=5149"}],"wp:term":[{"taxonomy":"category","embeddable":true,"href":"https:\/\/innoticiasbo.com\/index.php\/wp-json\/wp\/v2\/categories?post=5149"},{"taxonomy":"post_tag","embeddable":true,"href":"https:\/\/innoticiasbo.com\/index.php\/wp-json\/wp\/v2\/tags?post=5149"}],"curies":[{"name":"wp","href":"https:\/\/api.w.org\/{rel}","templated":true}]}}