{"id":5140,"date":"2025-05-04T15:41:52","date_gmt":"2025-05-04T19:41:52","guid":{"rendered":"https:\/\/innoticiasbo.com\/?p=5140"},"modified":"2025-05-04T15:42:28","modified_gmt":"2025-05-04T19:42:28","slug":"domingo-de-tecnologia-cocina-y-cultura-urbana-en-la-fexco-2025-la-feria-cierra-con-cocha-motorshow-cooking-shows-y-el-sorteo-de-vehiculos-electricos","status":"publish","type":"post","link":"https:\/\/innoticiasbo.com\/index.php\/2025\/05\/04\/domingo-de-tecnologia-cocina-y-cultura-urbana-en-la-fexco-2025-la-feria-cierra-con-cocha-motorshow-cooking-shows-y-el-sorteo-de-vehiculos-electricos\/","title":{"rendered":"DOMINGO DE TECNOLOG\u00cdA, COCINA Y CULTURA URBANA EN LA FEXCO 2025: LA FERIA CIERRA CON COCHA MOTORSHOW, COOKING SHOWS Y EL SORTEO DE VEH\u00cdCULOS EL\u00c9CTRICOS"},"content":{"rendered":"\n<p><\/p>\n\n\n\n<p><em>Cochabamba, 4 de mayo de 2025<\/em>.-&nbsp; La FEXCO 2025 concluye este domingo con una agenda que re\u00fane innovaci\u00f3n, gastronom\u00eda, creatividad y movilidad sostenible. Entre las actividades m\u00e1s destacadas se encuentra el Cocha Motorshow, las demostraciones gastron\u00f3micas de la Fundaci\u00f3n INFOCAL, los cooking shows y el sorteo final de un auto, una moto y una bicicleta el\u00e9ctricas.<\/p>\n\n\n\n<p>Desde las 08:00 hasta las 13:00, el Centro Internacional de Negocios recibe a j\u00f3venes talentos en el Torneo de Cubos FEXCUBE, un evento que promueve habilidades cognitivas y competitividad entre estudiantes y aficionados a los rompecabezas l\u00f3gicos.<\/p>\n\n\n\n<figure class=\"wp-block-image size-large\"><img data-recalc-dims=\"1\" loading=\"lazy\" decoding=\"async\" width=\"640\" height=\"480\" src=\"https:\/\/i0.wp.com\/innoticiasbo.com\/wp-content\/uploads\/2025\/05\/img-20250504-wa00577730547946466498605.jpg?resize=640%2C480&#038;ssl=1\" alt=\"\" class=\"wp-image-5136\" srcset=\"https:\/\/i0.wp.com\/innoticiasbo.com\/wp-content\/uploads\/2025\/05\/img-20250504-wa00577730547946466498605.jpg?resize=1024%2C768&amp;ssl=1 1024w, https:\/\/i0.wp.com\/innoticiasbo.com\/wp-content\/uploads\/2025\/05\/img-20250504-wa00577730547946466498605.jpg?resize=300%2C225&amp;ssl=1 300w, https:\/\/i0.wp.com\/innoticiasbo.com\/wp-content\/uploads\/2025\/05\/img-20250504-wa00577730547946466498605.jpg?resize=768%2C576&amp;ssl=1 768w, https:\/\/i0.wp.com\/innoticiasbo.com\/wp-content\/uploads\/2025\/05\/img-20250504-wa00577730547946466498605.jpg?resize=1536%2C1152&amp;ssl=1 1536w, https:\/\/i0.wp.com\/innoticiasbo.com\/wp-content\/uploads\/2025\/05\/img-20250504-wa00577730547946466498605.jpg?w=2000&amp;ssl=1 2000w, https:\/\/i0.wp.com\/innoticiasbo.com\/wp-content\/uploads\/2025\/05\/img-20250504-wa00577730547946466498605.jpg?w=1280&amp;ssl=1 1280w, https:\/\/i0.wp.com\/innoticiasbo.com\/wp-content\/uploads\/2025\/05\/img-20250504-wa00577730547946466498605.jpg?w=1920&amp;ssl=1 1920w\" sizes=\"auto, (max-width: 640px) 100vw, 640px\" \/><\/figure>\n\n\n\n<p>Durante toda la jornada, de 12:00 a 20:00, se lleva a cabo la Convenci\u00f3n Anigami FEXCO, un encuentro especializado en industrias culturales y del entretenimiento alternativo, con presencia de ilustradores, stands, concursos y cosplay.<\/p>\n\n\n\n<p>En paralelo, el FEXCO Arena es el epicentro del Cocha Motorshow, que se desarrolla de 12:00 a 22:00 con una amplia exposici\u00f3n de veh\u00edculos, motocicletas y propuestas de movilidad urbana.<\/p>\n\n\n\n<figure class=\"wp-block-image size-large\"><img data-recalc-dims=\"1\" loading=\"lazy\" decoding=\"async\" width=\"640\" height=\"480\" src=\"https:\/\/i0.wp.com\/innoticiasbo.com\/wp-content\/uploads\/2025\/05\/img-20250504-wa01123784844440193507469.jpg?resize=640%2C480&#038;ssl=1\" alt=\"\" class=\"wp-image-5137\" srcset=\"https:\/\/i0.wp.com\/innoticiasbo.com\/wp-content\/uploads\/2025\/05\/img-20250504-wa01123784844440193507469.jpg?resize=1024%2C768&amp;ssl=1 1024w, https:\/\/i0.wp.com\/innoticiasbo.com\/wp-content\/uploads\/2025\/05\/img-20250504-wa01123784844440193507469.jpg?resize=300%2C225&amp;ssl=1 300w, https:\/\/i0.wp.com\/innoticiasbo.com\/wp-content\/uploads\/2025\/05\/img-20250504-wa01123784844440193507469.jpg?resize=768%2C576&amp;ssl=1 768w, https:\/\/i0.wp.com\/innoticiasbo.com\/wp-content\/uploads\/2025\/05\/img-20250504-wa01123784844440193507469.jpg?resize=1536%2C1152&amp;ssl=1 1536w, https:\/\/i0.wp.com\/innoticiasbo.com\/wp-content\/uploads\/2025\/05\/img-20250504-wa01123784844440193507469.jpg?w=2000&amp;ssl=1 2000w, https:\/\/i0.wp.com\/innoticiasbo.com\/wp-content\/uploads\/2025\/05\/img-20250504-wa01123784844440193507469.jpg?w=1280&amp;ssl=1 1280w, https:\/\/i0.wp.com\/innoticiasbo.com\/wp-content\/uploads\/2025\/05\/img-20250504-wa01123784844440193507469.jpg?w=1920&amp;ssl=1 1920w\" sizes=\"auto, (max-width: 640px) 100vw, 640px\" \/><\/figure>\n\n\n\n<p>A nivel gastron\u00f3mico, la Fundaci\u00f3n INFOCAL lidera una jornada de preparaci\u00f3n pastelera de 12:00 a 18:00 en su stand. Por su parte, el Paseo del Bicentenario se convierte nuevamente en punto de encuentro con identidad cultural a las 14:30, con la presentaci\u00f3n del elenco Casa de la Juventud y su muestra de cuecas bolivianas.<\/p>\n\n\n\n<p>Posteriormente, el IGA impulsa tres cooking shows consecutivos: a las 15:30 (Cooking Show 20), 17:30 (Cooking Show 21) y 18:30 (Cooking Show 22), donde chefs profesionales comparten t\u00e9cnicas y recetas en vivo ante el p\u00fablico.<\/p>\n\n\n\n<figure class=\"wp-block-image size-large\"><img data-recalc-dims=\"1\" loading=\"lazy\" decoding=\"async\" width=\"640\" height=\"480\" src=\"https:\/\/i0.wp.com\/innoticiasbo.com\/wp-content\/uploads\/2025\/05\/img-20250504-wa01104401962317617930476.jpg?resize=640%2C480&#038;ssl=1\" alt=\"\" class=\"wp-image-5138\" srcset=\"https:\/\/i0.wp.com\/innoticiasbo.com\/wp-content\/uploads\/2025\/05\/img-20250504-wa01104401962317617930476.jpg?resize=1024%2C768&amp;ssl=1 1024w, https:\/\/i0.wp.com\/innoticiasbo.com\/wp-content\/uploads\/2025\/05\/img-20250504-wa01104401962317617930476.jpg?resize=300%2C225&amp;ssl=1 300w, https:\/\/i0.wp.com\/innoticiasbo.com\/wp-content\/uploads\/2025\/05\/img-20250504-wa01104401962317617930476.jpg?resize=768%2C576&amp;ssl=1 768w, https:\/\/i0.wp.com\/innoticiasbo.com\/wp-content\/uploads\/2025\/05\/img-20250504-wa01104401962317617930476.jpg?resize=1536%2C1152&amp;ssl=1 1536w, https:\/\/i0.wp.com\/innoticiasbo.com\/wp-content\/uploads\/2025\/05\/img-20250504-wa01104401962317617930476.jpg?w=2000&amp;ssl=1 2000w, https:\/\/i0.wp.com\/innoticiasbo.com\/wp-content\/uploads\/2025\/05\/img-20250504-wa01104401962317617930476.jpg?w=1280&amp;ssl=1 1280w, https:\/\/i0.wp.com\/innoticiasbo.com\/wp-content\/uploads\/2025\/05\/img-20250504-wa01104401962317617930476.jpg?w=1920&amp;ssl=1 1920w\" sizes=\"auto, (max-width: 640px) 100vw, 640px\" \/><\/figure>\n\n\n\n<p>Finalmente, a las 21:00 en el Stand de Quantum, se realizar\u00e1 el sorteo oficial de un auto, una moto y una bicicleta el\u00e9ctricas, como s\u00edmbolo del compromiso de la feria con la transici\u00f3n energ\u00e9tica y la promoci\u00f3n de nuevas formas de movilidad.<\/p>\n\n\n\n<p>El presidente de la Fundaci\u00f3n FEICOBOL y miembro del Directorio Interinstitucional FEXCO, Antonio Torrico Saavedra, destac\u00f3 que esta \u00faltima jornada \u201cconsolida la apuesta de FEXCO por diversificar su propuesta ferial con actividades que conectan tecnolog\u00eda, juventud, gastronom\u00eda e innovaci\u00f3n social\u201d.<br \/>El presidente de la Fundaci\u00f3n FEICOBOL y miembro del Directorio Interinstitucional FEXCO, Antonio Torrico Saavedra, destac\u00f3 la masiva asistencia de la poblaci\u00f3n a lo largo de la feria, demostrando la gran aceptaci\u00f3n de todas las novedades y propuestas que se realizaron para el 2025.<br \/>A\u00f1adi\u00f3: \u201cEsta \u00faltima jornada consolida la apuesta de FEXCO por diversificar su propuesta con actividades que conectan tecnolog\u00eda, juventud, gastronom\u00eda e innovaci\u00f3n social\u201d. Asimismo, invit\u00f3 a la ciudadan\u00eda a disfrutar en familia de esta jornada final, que ofrece una agenda variada para disfrutar el domingo en el Recinto Ferial Alalay.<\/p>\n\n\n\n<p><em>AGENDA DE ACTIVIDADES \u2013 DOMINGO 4 DE MAYO<\/em><\/p>\n\n\n\n<p>Centro Internacional de Negocios<br \/>\u2022\u2060 08:00 \u2013 13:00 | Torneo de Cubos \u201cFEXCUBE\u201d<br \/>\u2022\u2060 12:00 \u2013 20:00 | Convenci\u00f3n: Industria del Entretenimiento y la Cultura Alternativa \u2013 Anigami FEXCO<\/p>\n\n\n\n<p>FEXCO Arena<br \/>\u2022\u2060 12:00 \u2013 22:00 | Cocha Motorshow<\/p>\n\n\n\n<p>INFOCAL<br \/>\u2022\u2060 12:00 \u2013 18:00 | Preparaci\u00f3n Gastron\u00f3mica<\/p>\n\n\n\n<p>Paseo del Bicentenario<br \/>\u2022\u2060 14:30 \u2013 15:30 | Cuecas Bolivianas \u2013 Elenco Casa de la Juventud<br \/>\u2022\u2060 15:30 \u2013 16:30 | Cooking Show 20 \u2013 IGA<br \/>\u2022\u2060 17:30 \u2013 18:30 | Cooking Show 21 \u2013 IGA<br \/>\u2022\u2060 18:30 \u2013 19:30 | Cooking Show 22 \u2013 IGA<\/p>\n\n\n\n<p>Stand Quantum<br \/>\u2022\u2060 21:00 | Sorteo Auto, Moto y Bici El\u00e9ctricos<\/p>\n","protected":false},"excerpt":{"rendered":"<p>Cochabamba, 4 de mayo de 2025.-&nbsp; La FEXCO 2025 concluye este domingo con una agenda que re\u00fane innovaci\u00f3n, gastronom\u00eda, creatividad y movilidad sostenible. Entre las actividades m\u00e1s destacadas se encuentra el Cocha Motorshow, las demostraciones gastron\u00f3micas de la Fundaci\u00f3n INFOCAL, los cooking shows y el sorteo final de un auto, una moto y una bicicleta&#8230;<\/p>\n","protected":false},"author":2,"featured_media":5139,"comment_status":"open","ping_status":"open","sticky":false,"template":"","format":"standard","meta":{"_jetpack_memberships_contains_paid_content":false,"footnotes":"","jetpack_publicize_message":"","jetpack_publicize_feature_enabled":true,"jetpack_social_post_already_shared":true,"jetpack_social_options":{"image_generator_settings":{"template":"highway","enabled":false},"version":2}},"categories":[2,16],"tags":[6,128],"class_list":["post-5140","post","type-post","status-publish","format-standard","has-post-thumbnail","hentry","category-cochabamba","category-economia","tag-cochabamba","tag-fexco"],"jetpack_publicize_connections":[],"yoast_head":"<!-- This site is optimized with the Yoast SEO plugin v23.4 - https:\/\/yoast.com\/wordpress\/plugins\/seo\/ -->\n<title>DOMINGO DE TECNOLOG\u00cdA, COCINA Y CULTURA URBANA EN LA FEXCO 2025: LA FERIA CIERRA CON COCHA MOTORSHOW, COOKING SHOWS Y EL SORTEO DE VEH\u00cdCULOS EL\u00c9CTRICOS - innoticiasbo.com<\/title>\n<meta name=\"robots\" content=\"index, follow, max-snippet:-1, max-image-preview:large, max-video-preview:-1\" \/>\n<link rel=\"canonical\" href=\"https:\/\/innoticiasbo.com\/index.php\/2025\/05\/04\/domingo-de-tecnologia-cocina-y-cultura-urbana-en-la-fexco-2025-la-feria-cierra-con-cocha-motorshow-cooking-shows-y-el-sorteo-de-vehiculos-electricos\/\" \/>\n<meta property=\"og:locale\" content=\"es_ES\" \/>\n<meta property=\"og:type\" content=\"article\" \/>\n<meta property=\"og:title\" content=\"DOMINGO DE TECNOLOG\u00cdA, COCINA Y CULTURA URBANA EN LA FEXCO 2025: LA FERIA CIERRA CON COCHA MOTORSHOW, COOKING SHOWS Y EL SORTEO DE VEH\u00cdCULOS EL\u00c9CTRICOS - innoticiasbo.com\" \/>\n<meta property=\"og:description\" content=\"Cochabamba, 4 de mayo de 2025.-&nbsp; La FEXCO 2025 concluye este domingo con una agenda que re\u00fane innovaci\u00f3n, gastronom\u00eda, creatividad y movilidad sostenible. Entre las actividades m\u00e1s destacadas se encuentra el Cocha Motorshow, las demostraciones gastron\u00f3micas de la Fundaci\u00f3n INFOCAL, los cooking shows y el sorteo final de un auto, una moto y una bicicleta...\" \/>\n<meta property=\"og:url\" content=\"https:\/\/innoticiasbo.com\/index.php\/2025\/05\/04\/domingo-de-tecnologia-cocina-y-cultura-urbana-en-la-fexco-2025-la-feria-cierra-con-cocha-motorshow-cooking-shows-y-el-sorteo-de-vehiculos-electricos\/\" \/>\n<meta property=\"og:site_name\" content=\"innoticiasbo.com\" \/>\n<meta property=\"article:publisher\" content=\"https:\/\/www.facebook.com\/innoticiasbolivia\" \/>\n<meta property=\"article:published_time\" content=\"2025-05-04T19:41:52+00:00\" \/>\n<meta property=\"article:modified_time\" content=\"2025-05-04T19:42:28+00:00\" \/>\n<meta property=\"og:image\" content=\"https:\/\/i0.wp.com\/innoticiasbo.com\/wp-content\/uploads\/2025\/05\/IMG-20250504-WA0057-scaled.jpg?fit=2560%2C1920&ssl=1\" \/>\n\t<meta property=\"og:image:width\" content=\"2560\" \/>\n\t<meta property=\"og:image:height\" content=\"1920\" \/>\n\t<meta property=\"og:image:type\" content=\"image\/jpeg\" \/>\n<meta name=\"author\" content=\"Prensa\" \/>\n<meta name=\"twitter:card\" content=\"summary_large_image\" \/>\n<meta name=\"twitter:creator\" content=\"@innoticiasbo\" \/>\n<meta name=\"twitter:site\" content=\"@innoticiasbo\" \/>\n<meta name=\"twitter:label1\" content=\"Escrito por\" \/>\n\t<meta name=\"twitter:data1\" content=\"Prensa\" \/>\n\t<meta name=\"twitter:label2\" content=\"Tiempo de lectura\" \/>\n\t<meta name=\"twitter:data2\" content=\"3 minutos\" \/>\n<script type=\"application\/ld+json\" class=\"yoast-schema-graph\">{\"@context\":\"https:\/\/schema.org\",\"@graph\":[{\"@type\":\"Article\",\"@id\":\"https:\/\/innoticiasbo.com\/index.php\/2025\/05\/04\/domingo-de-tecnologia-cocina-y-cultura-urbana-en-la-fexco-2025-la-feria-cierra-con-cocha-motorshow-cooking-shows-y-el-sorteo-de-vehiculos-electricos\/#article\",\"isPartOf\":{\"@id\":\"https:\/\/innoticiasbo.com\/index.php\/2025\/05\/04\/domingo-de-tecnologia-cocina-y-cultura-urbana-en-la-fexco-2025-la-feria-cierra-con-cocha-motorshow-cooking-shows-y-el-sorteo-de-vehiculos-electricos\/\"},\"author\":{\"name\":\"Prensa\",\"@id\":\"https:\/\/innoticiasbo.com\/#\/schema\/person\/589cd527c4211df1b943bdad85ec07ce\"},\"headline\":\"DOMINGO DE TECNOLOG\u00cdA, COCINA Y CULTURA URBANA EN LA FEXCO 2025: LA FERIA CIERRA CON COCHA MOTORSHOW, COOKING SHOWS Y EL SORTEO DE VEH\u00cdCULOS EL\u00c9CTRICOS\",\"datePublished\":\"2025-05-04T19:41:52+00:00\",\"dateModified\":\"2025-05-04T19:42:28+00:00\",\"mainEntityOfPage\":{\"@id\":\"https:\/\/innoticiasbo.com\/index.php\/2025\/05\/04\/domingo-de-tecnologia-cocina-y-cultura-urbana-en-la-fexco-2025-la-feria-cierra-con-cocha-motorshow-cooking-shows-y-el-sorteo-de-vehiculos-electricos\/\"},\"wordCount\":528,\"commentCount\":0,\"publisher\":{\"@id\":\"https:\/\/innoticiasbo.com\/#organization\"},\"image\":{\"@id\":\"https:\/\/innoticiasbo.com\/index.php\/2025\/05\/04\/domingo-de-tecnologia-cocina-y-cultura-urbana-en-la-fexco-2025-la-feria-cierra-con-cocha-motorshow-cooking-shows-y-el-sorteo-de-vehiculos-electricos\/#primaryimage\"},\"thumbnailUrl\":\"https:\/\/i0.wp.com\/innoticiasbo.com\/wp-content\/uploads\/2025\/05\/IMG-20250504-WA0057-scaled.jpg?fit=2560%2C1920&ssl=1\",\"keywords\":[\"Cochabamba\",\"FEXCO\"],\"articleSection\":[\"Cochabamba\",\"Econom\u00eda\"],\"inLanguage\":\"es\",\"potentialAction\":[{\"@type\":\"CommentAction\",\"name\":\"Comment\",\"target\":[\"https:\/\/innoticiasbo.com\/index.php\/2025\/05\/04\/domingo-de-tecnologia-cocina-y-cultura-urbana-en-la-fexco-2025-la-feria-cierra-con-cocha-motorshow-cooking-shows-y-el-sorteo-de-vehiculos-electricos\/#respond\"]}]},{\"@type\":\"WebPage\",\"@id\":\"https:\/\/innoticiasbo.com\/index.php\/2025\/05\/04\/domingo-de-tecnologia-cocina-y-cultura-urbana-en-la-fexco-2025-la-feria-cierra-con-cocha-motorshow-cooking-shows-y-el-sorteo-de-vehiculos-electricos\/\",\"url\":\"https:\/\/innoticiasbo.com\/index.php\/2025\/05\/04\/domingo-de-tecnologia-cocina-y-cultura-urbana-en-la-fexco-2025-la-feria-cierra-con-cocha-motorshow-cooking-shows-y-el-sorteo-de-vehiculos-electricos\/\",\"name\":\"DOMINGO DE TECNOLOG\u00cdA, COCINA Y CULTURA URBANA EN LA FEXCO 2025: LA FERIA CIERRA CON COCHA MOTORSHOW, COOKING SHOWS Y EL SORTEO DE VEH\u00cdCULOS EL\u00c9CTRICOS - innoticiasbo.com\",\"isPartOf\":{\"@id\":\"https:\/\/innoticiasbo.com\/#website\"},\"primaryImageOfPage\":{\"@id\":\"https:\/\/innoticiasbo.com\/index.php\/2025\/05\/04\/domingo-de-tecnologia-cocina-y-cultura-urbana-en-la-fexco-2025-la-feria-cierra-con-cocha-motorshow-cooking-shows-y-el-sorteo-de-vehiculos-electricos\/#primaryimage\"},\"image\":{\"@id\":\"https:\/\/innoticiasbo.com\/index.php\/2025\/05\/04\/domingo-de-tecnologia-cocina-y-cultura-urbana-en-la-fexco-2025-la-feria-cierra-con-cocha-motorshow-cooking-shows-y-el-sorteo-de-vehiculos-electricos\/#primaryimage\"},\"thumbnailUrl\":\"https:\/\/i0.wp.com\/innoticiasbo.com\/wp-content\/uploads\/2025\/05\/IMG-20250504-WA0057-scaled.jpg?fit=2560%2C1920&ssl=1\",\"datePublished\":\"2025-05-04T19:41:52+00:00\",\"dateModified\":\"2025-05-04T19:42:28+00:00\",\"breadcrumb\":{\"@id\":\"https:\/\/innoticiasbo.com\/index.php\/2025\/05\/04\/domingo-de-tecnologia-cocina-y-cultura-urbana-en-la-fexco-2025-la-feria-cierra-con-cocha-motorshow-cooking-shows-y-el-sorteo-de-vehiculos-electricos\/#breadcrumb\"},\"inLanguage\":\"es\",\"potentialAction\":[{\"@type\":\"ReadAction\",\"target\":[\"https:\/\/innoticiasbo.com\/index.php\/2025\/05\/04\/domingo-de-tecnologia-cocina-y-cultura-urbana-en-la-fexco-2025-la-feria-cierra-con-cocha-motorshow-cooking-shows-y-el-sorteo-de-vehiculos-electricos\/\"]}]},{\"@type\":\"ImageObject\",\"inLanguage\":\"es\",\"@id\":\"https:\/\/innoticiasbo.com\/index.php\/2025\/05\/04\/domingo-de-tecnologia-cocina-y-cultura-urbana-en-la-fexco-2025-la-feria-cierra-con-cocha-motorshow-cooking-shows-y-el-sorteo-de-vehiculos-electricos\/#primaryimage\",\"url\":\"https:\/\/i0.wp.com\/innoticiasbo.com\/wp-content\/uploads\/2025\/05\/IMG-20250504-WA0057-scaled.jpg?fit=2560%2C1920&ssl=1\",\"contentUrl\":\"https:\/\/i0.wp.com\/innoticiasbo.com\/wp-content\/uploads\/2025\/05\/IMG-20250504-WA0057-scaled.jpg?fit=2560%2C1920&ssl=1\",\"width\":2560,\"height\":1920},{\"@type\":\"BreadcrumbList\",\"@id\":\"https:\/\/innoticiasbo.com\/index.php\/2025\/05\/04\/domingo-de-tecnologia-cocina-y-cultura-urbana-en-la-fexco-2025-la-feria-cierra-con-cocha-motorshow-cooking-shows-y-el-sorteo-de-vehiculos-electricos\/#breadcrumb\",\"itemListElement\":[{\"@type\":\"ListItem\",\"position\":1,\"name\":\"Portada\",\"item\":\"https:\/\/innoticiasbo.com\/\"},{\"@type\":\"ListItem\",\"position\":2,\"name\":\"DOMINGO DE TECNOLOG\u00cdA, COCINA Y CULTURA URBANA EN LA FEXCO 2025: LA FERIA CIERRA CON COCHA MOTORSHOW, COOKING SHOWS Y EL SORTEO DE VEH\u00cdCULOS EL\u00c9CTRICOS\"}]},{\"@type\":\"WebSite\",\"@id\":\"https:\/\/innoticiasbo.com\/#website\",\"url\":\"https:\/\/innoticiasbo.com\/\",\"name\":\"innoticiasbo.com\",\"description\":\"\",\"publisher\":{\"@id\":\"https:\/\/innoticiasbo.com\/#organization\"},\"potentialAction\":[{\"@type\":\"SearchAction\",\"target\":{\"@type\":\"EntryPoint\",\"urlTemplate\":\"https:\/\/innoticiasbo.com\/?s={search_term_string}\"},\"query-input\":{\"@type\":\"PropertyValueSpecification\",\"valueRequired\":true,\"valueName\":\"search_term_string\"}}],\"inLanguage\":\"es\"},{\"@type\":\"Organization\",\"@id\":\"https:\/\/innoticiasbo.com\/#organization\",\"name\":\"innoticiasbo.com\",\"url\":\"https:\/\/innoticiasbo.com\/\",\"logo\":{\"@type\":\"ImageObject\",\"inLanguage\":\"es\",\"@id\":\"https:\/\/innoticiasbo.com\/#\/schema\/logo\/image\/\",\"url\":\"https:\/\/i0.wp.com\/innoticiasbo.com\/wp-content\/uploads\/2026\/04\/cropped-IN-LOGO.png?fit=1476%2C1476&ssl=1\",\"contentUrl\":\"https:\/\/i0.wp.com\/innoticiasbo.com\/wp-content\/uploads\/2026\/04\/cropped-IN-LOGO.png?fit=1476%2C1476&ssl=1\",\"width\":1476,\"height\":1476,\"caption\":\"innoticiasbo.com\"},\"image\":{\"@id\":\"https:\/\/innoticiasbo.com\/#\/schema\/logo\/image\/\"},\"sameAs\":[\"https:\/\/www.facebook.com\/innoticiasbolivia\",\"https:\/\/x.com\/innoticiasbo\",\"https:\/\/www.instagram.com\/innoticiasbo\",\"https:\/\/www.youtube.com\/innoticiasbo\"]},{\"@type\":\"Person\",\"@id\":\"https:\/\/innoticiasbo.com\/#\/schema\/person\/589cd527c4211df1b943bdad85ec07ce\",\"name\":\"Prensa\",\"image\":{\"@type\":\"ImageObject\",\"inLanguage\":\"es\",\"@id\":\"https:\/\/innoticiasbo.com\/#\/schema\/person\/image\/\",\"url\":\"https:\/\/secure.gravatar.com\/avatar\/d359bbdf112023c1c0a3ec7fe1600657?s=96&d=mm&r=g\",\"contentUrl\":\"https:\/\/secure.gravatar.com\/avatar\/d359bbdf112023c1c0a3ec7fe1600657?s=96&d=mm&r=g\",\"caption\":\"Prensa\"},\"sameAs\":[\"http:\/\/www.innoticiasbo.com\"],\"url\":\"https:\/\/innoticiasbo.com\/index.php\/author\/prensa\/\"}]}<\/script>\n<!-- \/ Yoast SEO plugin. -->","yoast_head_json":{"title":"DOMINGO DE TECNOLOG\u00cdA, COCINA Y CULTURA URBANA EN LA FEXCO 2025: LA FERIA CIERRA CON COCHA MOTORSHOW, COOKING SHOWS Y EL SORTEO DE VEH\u00cdCULOS EL\u00c9CTRICOS - innoticiasbo.com","robots":{"index":"index","follow":"follow","max-snippet":"max-snippet:-1","max-image-preview":"max-image-preview:large","max-video-preview":"max-video-preview:-1"},"canonical":"https:\/\/innoticiasbo.com\/index.php\/2025\/05\/04\/domingo-de-tecnologia-cocina-y-cultura-urbana-en-la-fexco-2025-la-feria-cierra-con-cocha-motorshow-cooking-shows-y-el-sorteo-de-vehiculos-electricos\/","og_locale":"es_ES","og_type":"article","og_title":"DOMINGO DE TECNOLOG\u00cdA, COCINA Y CULTURA URBANA EN LA FEXCO 2025: LA FERIA CIERRA CON COCHA MOTORSHOW, COOKING SHOWS Y EL SORTEO DE VEH\u00cdCULOS EL\u00c9CTRICOS - innoticiasbo.com","og_description":"Cochabamba, 4 de mayo de 2025.-&nbsp; La FEXCO 2025 concluye este domingo con una agenda que re\u00fane innovaci\u00f3n, gastronom\u00eda, creatividad y movilidad sostenible. Entre las actividades m\u00e1s destacadas se encuentra el Cocha Motorshow, las demostraciones gastron\u00f3micas de la Fundaci\u00f3n INFOCAL, los cooking shows y el sorteo final de un auto, una moto y una bicicleta...","og_url":"https:\/\/innoticiasbo.com\/index.php\/2025\/05\/04\/domingo-de-tecnologia-cocina-y-cultura-urbana-en-la-fexco-2025-la-feria-cierra-con-cocha-motorshow-cooking-shows-y-el-sorteo-de-vehiculos-electricos\/","og_site_name":"innoticiasbo.com","article_publisher":"https:\/\/www.facebook.com\/innoticiasbolivia","article_published_time":"2025-05-04T19:41:52+00:00","article_modified_time":"2025-05-04T19:42:28+00:00","og_image":[{"width":2560,"height":1920,"url":"https:\/\/i0.wp.com\/innoticiasbo.com\/wp-content\/uploads\/2025\/05\/IMG-20250504-WA0057-scaled.jpg?fit=2560%2C1920&ssl=1","type":"image\/jpeg"}],"author":"Prensa","twitter_card":"summary_large_image","twitter_creator":"@innoticiasbo","twitter_site":"@innoticiasbo","twitter_misc":{"Escrito por":"Prensa","Tiempo de lectura":"3 minutos"},"schema":{"@context":"https:\/\/schema.org","@graph":[{"@type":"Article","@id":"https:\/\/innoticiasbo.com\/index.php\/2025\/05\/04\/domingo-de-tecnologia-cocina-y-cultura-urbana-en-la-fexco-2025-la-feria-cierra-con-cocha-motorshow-cooking-shows-y-el-sorteo-de-vehiculos-electricos\/#article","isPartOf":{"@id":"https:\/\/innoticiasbo.com\/index.php\/2025\/05\/04\/domingo-de-tecnologia-cocina-y-cultura-urbana-en-la-fexco-2025-la-feria-cierra-con-cocha-motorshow-cooking-shows-y-el-sorteo-de-vehiculos-electricos\/"},"author":{"name":"Prensa","@id":"https:\/\/innoticiasbo.com\/#\/schema\/person\/589cd527c4211df1b943bdad85ec07ce"},"headline":"DOMINGO DE TECNOLOG\u00cdA, COCINA Y CULTURA URBANA EN LA FEXCO 2025: LA FERIA CIERRA CON COCHA MOTORSHOW, COOKING SHOWS Y EL SORTEO DE VEH\u00cdCULOS EL\u00c9CTRICOS","datePublished":"2025-05-04T19:41:52+00:00","dateModified":"2025-05-04T19:42:28+00:00","mainEntityOfPage":{"@id":"https:\/\/innoticiasbo.com\/index.php\/2025\/05\/04\/domingo-de-tecnologia-cocina-y-cultura-urbana-en-la-fexco-2025-la-feria-cierra-con-cocha-motorshow-cooking-shows-y-el-sorteo-de-vehiculos-electricos\/"},"wordCount":528,"commentCount":0,"publisher":{"@id":"https:\/\/innoticiasbo.com\/#organization"},"image":{"@id":"https:\/\/innoticiasbo.com\/index.php\/2025\/05\/04\/domingo-de-tecnologia-cocina-y-cultura-urbana-en-la-fexco-2025-la-feria-cierra-con-cocha-motorshow-cooking-shows-y-el-sorteo-de-vehiculos-electricos\/#primaryimage"},"thumbnailUrl":"https:\/\/i0.wp.com\/innoticiasbo.com\/wp-content\/uploads\/2025\/05\/IMG-20250504-WA0057-scaled.jpg?fit=2560%2C1920&ssl=1","keywords":["Cochabamba","FEXCO"],"articleSection":["Cochabamba","Econom\u00eda"],"inLanguage":"es","potentialAction":[{"@type":"CommentAction","name":"Comment","target":["https:\/\/innoticiasbo.com\/index.php\/2025\/05\/04\/domingo-de-tecnologia-cocina-y-cultura-urbana-en-la-fexco-2025-la-feria-cierra-con-cocha-motorshow-cooking-shows-y-el-sorteo-de-vehiculos-electricos\/#respond"]}]},{"@type":"WebPage","@id":"https:\/\/innoticiasbo.com\/index.php\/2025\/05\/04\/domingo-de-tecnologia-cocina-y-cultura-urbana-en-la-fexco-2025-la-feria-cierra-con-cocha-motorshow-cooking-shows-y-el-sorteo-de-vehiculos-electricos\/","url":"https:\/\/innoticiasbo.com\/index.php\/2025\/05\/04\/domingo-de-tecnologia-cocina-y-cultura-urbana-en-la-fexco-2025-la-feria-cierra-con-cocha-motorshow-cooking-shows-y-el-sorteo-de-vehiculos-electricos\/","name":"DOMINGO DE TECNOLOG\u00cdA, COCINA Y CULTURA URBANA EN LA FEXCO 2025: LA FERIA CIERRA CON COCHA MOTORSHOW, COOKING SHOWS Y EL SORTEO DE VEH\u00cdCULOS EL\u00c9CTRICOS - innoticiasbo.com","isPartOf":{"@id":"https:\/\/innoticiasbo.com\/#website"},"primaryImageOfPage":{"@id":"https:\/\/innoticiasbo.com\/index.php\/2025\/05\/04\/domingo-de-tecnologia-cocina-y-cultura-urbana-en-la-fexco-2025-la-feria-cierra-con-cocha-motorshow-cooking-shows-y-el-sorteo-de-vehiculos-electricos\/#primaryimage"},"image":{"@id":"https:\/\/innoticiasbo.com\/index.php\/2025\/05\/04\/domingo-de-tecnologia-cocina-y-cultura-urbana-en-la-fexco-2025-la-feria-cierra-con-cocha-motorshow-cooking-shows-y-el-sorteo-de-vehiculos-electricos\/#primaryimage"},"thumbnailUrl":"https:\/\/i0.wp.com\/innoticiasbo.com\/wp-content\/uploads\/2025\/05\/IMG-20250504-WA0057-scaled.jpg?fit=2560%2C1920&ssl=1","datePublished":"2025-05-04T19:41:52+00:00","dateModified":"2025-05-04T19:42:28+00:00","breadcrumb":{"@id":"https:\/\/innoticiasbo.com\/index.php\/2025\/05\/04\/domingo-de-tecnologia-cocina-y-cultura-urbana-en-la-fexco-2025-la-feria-cierra-con-cocha-motorshow-cooking-shows-y-el-sorteo-de-vehiculos-electricos\/#breadcrumb"},"inLanguage":"es","potentialAction":[{"@type":"ReadAction","target":["https:\/\/innoticiasbo.com\/index.php\/2025\/05\/04\/domingo-de-tecnologia-cocina-y-cultura-urbana-en-la-fexco-2025-la-feria-cierra-con-cocha-motorshow-cooking-shows-y-el-sorteo-de-vehiculos-electricos\/"]}]},{"@type":"ImageObject","inLanguage":"es","@id":"https:\/\/innoticiasbo.com\/index.php\/2025\/05\/04\/domingo-de-tecnologia-cocina-y-cultura-urbana-en-la-fexco-2025-la-feria-cierra-con-cocha-motorshow-cooking-shows-y-el-sorteo-de-vehiculos-electricos\/#primaryimage","url":"https:\/\/i0.wp.com\/innoticiasbo.com\/wp-content\/uploads\/2025\/05\/IMG-20250504-WA0057-scaled.jpg?fit=2560%2C1920&ssl=1","contentUrl":"https:\/\/i0.wp.com\/innoticiasbo.com\/wp-content\/uploads\/2025\/05\/IMG-20250504-WA0057-scaled.jpg?fit=2560%2C1920&ssl=1","width":2560,"height":1920},{"@type":"BreadcrumbList","@id":"https:\/\/innoticiasbo.com\/index.php\/2025\/05\/04\/domingo-de-tecnologia-cocina-y-cultura-urbana-en-la-fexco-2025-la-feria-cierra-con-cocha-motorshow-cooking-shows-y-el-sorteo-de-vehiculos-electricos\/#breadcrumb","itemListElement":[{"@type":"ListItem","position":1,"name":"Portada","item":"https:\/\/innoticiasbo.com\/"},{"@type":"ListItem","position":2,"name":"DOMINGO DE TECNOLOG\u00cdA, COCINA Y CULTURA URBANA EN LA FEXCO 2025: LA FERIA CIERRA CON COCHA MOTORSHOW, COOKING SHOWS Y EL SORTEO DE VEH\u00cdCULOS EL\u00c9CTRICOS"}]},{"@type":"WebSite","@id":"https:\/\/innoticiasbo.com\/#website","url":"https:\/\/innoticiasbo.com\/","name":"innoticiasbo.com","description":"","publisher":{"@id":"https:\/\/innoticiasbo.com\/#organization"},"potentialAction":[{"@type":"SearchAction","target":{"@type":"EntryPoint","urlTemplate":"https:\/\/innoticiasbo.com\/?s={search_term_string}"},"query-input":{"@type":"PropertyValueSpecification","valueRequired":true,"valueName":"search_term_string"}}],"inLanguage":"es"},{"@type":"Organization","@id":"https:\/\/innoticiasbo.com\/#organization","name":"innoticiasbo.com","url":"https:\/\/innoticiasbo.com\/","logo":{"@type":"ImageObject","inLanguage":"es","@id":"https:\/\/innoticiasbo.com\/#\/schema\/logo\/image\/","url":"https:\/\/i0.wp.com\/innoticiasbo.com\/wp-content\/uploads\/2026\/04\/cropped-IN-LOGO.png?fit=1476%2C1476&ssl=1","contentUrl":"https:\/\/i0.wp.com\/innoticiasbo.com\/wp-content\/uploads\/2026\/04\/cropped-IN-LOGO.png?fit=1476%2C1476&ssl=1","width":1476,"height":1476,"caption":"innoticiasbo.com"},"image":{"@id":"https:\/\/innoticiasbo.com\/#\/schema\/logo\/image\/"},"sameAs":["https:\/\/www.facebook.com\/innoticiasbolivia","https:\/\/x.com\/innoticiasbo","https:\/\/www.instagram.com\/innoticiasbo","https:\/\/www.youtube.com\/innoticiasbo"]},{"@type":"Person","@id":"https:\/\/innoticiasbo.com\/#\/schema\/person\/589cd527c4211df1b943bdad85ec07ce","name":"Prensa","image":{"@type":"ImageObject","inLanguage":"es","@id":"https:\/\/innoticiasbo.com\/#\/schema\/person\/image\/","url":"https:\/\/secure.gravatar.com\/avatar\/d359bbdf112023c1c0a3ec7fe1600657?s=96&d=mm&r=g","contentUrl":"https:\/\/secure.gravatar.com\/avatar\/d359bbdf112023c1c0a3ec7fe1600657?s=96&d=mm&r=g","caption":"Prensa"},"sameAs":["http:\/\/www.innoticiasbo.com"],"url":"https:\/\/innoticiasbo.com\/index.php\/author\/prensa\/"}]}},"jetpack_featured_media_url":"https:\/\/i0.wp.com\/innoticiasbo.com\/wp-content\/uploads\/2025\/05\/IMG-20250504-WA0057-scaled.jpg?fit=2560%2C1920&ssl=1","jetpack_likes_enabled":true,"jetpack_sharing_enabled":true,"jetpack_shortlink":"https:\/\/wp.me\/pg298x-1kU","_links":{"self":[{"href":"https:\/\/innoticiasbo.com\/index.php\/wp-json\/wp\/v2\/posts\/5140","targetHints":{"allow":["GET"]}}],"collection":[{"href":"https:\/\/innoticiasbo.com\/index.php\/wp-json\/wp\/v2\/posts"}],"about":[{"href":"https:\/\/innoticiasbo.com\/index.php\/wp-json\/wp\/v2\/types\/post"}],"author":[{"embeddable":true,"href":"https:\/\/innoticiasbo.com\/index.php\/wp-json\/wp\/v2\/users\/2"}],"replies":[{"embeddable":true,"href":"https:\/\/innoticiasbo.com\/index.php\/wp-json\/wp\/v2\/comments?post=5140"}],"version-history":[{"count":1,"href":"https:\/\/innoticiasbo.com\/index.php\/wp-json\/wp\/v2\/posts\/5140\/revisions"}],"predecessor-version":[{"id":5141,"href":"https:\/\/innoticiasbo.com\/index.php\/wp-json\/wp\/v2\/posts\/5140\/revisions\/5141"}],"wp:featuredmedia":[{"embeddable":true,"href":"https:\/\/innoticiasbo.com\/index.php\/wp-json\/wp\/v2\/media\/5139"}],"wp:attachment":[{"href":"https:\/\/innoticiasbo.com\/index.php\/wp-json\/wp\/v2\/media?parent=5140"}],"wp:term":[{"taxonomy":"category","embeddable":true,"href":"https:\/\/innoticiasbo.com\/index.php\/wp-json\/wp\/v2\/categories?post=5140"},{"taxonomy":"post_tag","embeddable":true,"href":"https:\/\/innoticiasbo.com\/index.php\/wp-json\/wp\/v2\/tags?post=5140"}],"curies":[{"name":"wp","href":"https:\/\/api.w.org\/{rel}","templated":true}]}}