{"id":5090,"date":"2025-05-03T13:43:43","date_gmt":"2025-05-03T17:43:43","guid":{"rendered":"https:\/\/innoticiasbo.com\/?p=5090"},"modified":"2025-05-03T13:43:43","modified_gmt":"2025-05-03T17:43:43","slug":"andronico-acepta-ser-candidato-presidencial-en-una-proclamacion-en-oruro","status":"publish","type":"post","link":"https:\/\/innoticiasbo.com\/index.php\/2025\/05\/03\/andronico-acepta-ser-candidato-presidencial-en-una-proclamacion-en-oruro\/","title":{"rendered":"ANDR\u00d3NICO ACEPTA SER CANDIDATO PRESIDENCIAL, EN UNA PROCLAMACI\u00d3N EN ORURO"},"content":{"rendered":"\n<p class=\"p1\">Oruro, 3 de mayo, 2025.- En el departamento de Oruro, el presidente del Senado, Andr\u00f3nico Rodr\u00edguez, particip\u00f3 de un acto de proclamaci\u00f3n donde acept\u00f3 que ir\u00e1 como candidato a las elecciones generales 2025.&nbsp;<\/p>\n\n\n\n<p class=\"p1\">\u00abEste proyecto pol\u00edtico no puede quedar estancado. Hay que elevar el nivel del debate pol\u00edtico, en respuesta a este pedido acepto este mandato popular\u00bb, dijo Rodr\u00edguez.&nbsp;<\/p>\n\n\n\n<p class=\"p1\">&nbsp;En diferentes departamentos del pa\u00eds, sectores sociales realizaron diferentes actos de proclamaci\u00f3n donde acudi\u00f3 el senador, sin embargo, esta es la primera vez que admiti\u00f3 tener inter\u00e9s en participar de las elecciones.&nbsp;<\/p>\n\n\n\n<p class=\"p1\">Fuente: Red Uno<\/p>\n","protected":false},"excerpt":{"rendered":"<p>Oruro, 3 de mayo, 2025.- En el departamento de Oruro, el presidente del Senado, Andr\u00f3nico Rodr\u00edguez, particip\u00f3 de un acto de proclamaci\u00f3n donde acept\u00f3 que ir\u00e1 como candidato a las elecciones generales 2025.&nbsp; \u00abEste proyecto pol\u00edtico no puede quedar estancado. Hay que elevar el nivel del debate pol\u00edtico, en respuesta a este pedido acepto este&#8230;<\/p>\n","protected":false},"author":6,"featured_media":5089,"comment_status":"closed","ping_status":"open","sticky":false,"template":"","format":"standard","meta":{"_jetpack_memberships_contains_paid_content":false,"footnotes":"","jetpack_publicize_message":"","jetpack_publicize_feature_enabled":true,"jetpack_social_post_already_shared":true,"jetpack_social_options":{"image_generator_settings":{"template":"highway","enabled":false},"version":2}},"categories":[1],"tags":[],"class_list":["post-5090","post","type-post","status-publish","format-standard","has-post-thumbnail","hentry","category-bolivia"],"jetpack_publicize_connections":[],"yoast_head":"<!-- This site is optimized with the Yoast SEO plugin v23.4 - https:\/\/yoast.com\/wordpress\/plugins\/seo\/ -->\n<title>ANDR\u00d3NICO ACEPTA SER CANDIDATO PRESIDENCIAL, EN UNA PROCLAMACI\u00d3N EN ORURO - innoticiasbo.com<\/title>\n<meta name=\"robots\" content=\"index, follow, max-snippet:-1, max-image-preview:large, max-video-preview:-1\" \/>\n<link rel=\"canonical\" href=\"https:\/\/innoticiasbo.com\/index.php\/2025\/05\/03\/andronico-acepta-ser-candidato-presidencial-en-una-proclamacion-en-oruro\/\" \/>\n<meta property=\"og:locale\" content=\"es_ES\" \/>\n<meta property=\"og:type\" content=\"article\" \/>\n<meta property=\"og:title\" content=\"ANDR\u00d3NICO ACEPTA SER CANDIDATO PRESIDENCIAL, EN UNA PROCLAMACI\u00d3N EN ORURO - innoticiasbo.com\" \/>\n<meta property=\"og:description\" content=\"Oruro, 3 de mayo, 2025.- En el departamento de Oruro, el presidente del Senado, Andr\u00f3nico Rodr\u00edguez, particip\u00f3 de un acto de proclamaci\u00f3n donde acept\u00f3 que ir\u00e1 como candidato a las elecciones generales 2025.&nbsp; \u00abEste proyecto pol\u00edtico no puede quedar estancado. Hay que elevar el nivel del debate pol\u00edtico, en respuesta a este pedido acepto este...\" \/>\n<meta property=\"og:url\" content=\"https:\/\/innoticiasbo.com\/index.php\/2025\/05\/03\/andronico-acepta-ser-candidato-presidencial-en-una-proclamacion-en-oruro\/\" \/>\n<meta property=\"og:site_name\" content=\"innoticiasbo.com\" \/>\n<meta property=\"article:publisher\" content=\"https:\/\/www.facebook.com\/innoticiasbolivia\" \/>\n<meta property=\"article:published_time\" content=\"2025-05-03T17:43:43+00:00\" \/>\n<meta property=\"og:image\" content=\"https:\/\/i0.wp.com\/innoticiasbo.com\/wp-content\/uploads\/2025\/05\/img_3635-1.jpg?fit=750%2C821&ssl=1\" \/>\n\t<meta property=\"og:image:width\" content=\"750\" \/>\n\t<meta property=\"og:image:height\" content=\"821\" \/>\n\t<meta property=\"og:image:type\" content=\"image\/jpeg\" \/>\n<meta name=\"author\" content=\"Eliza Riva\" \/>\n<meta name=\"twitter:card\" content=\"summary_large_image\" \/>\n<meta name=\"twitter:creator\" content=\"@innoticiasbo\" \/>\n<meta name=\"twitter:site\" content=\"@innoticiasbo\" \/>\n<meta name=\"twitter:label1\" content=\"Escrito por\" \/>\n\t<meta name=\"twitter:data1\" content=\"Eliza Riva\" \/>\n\t<meta name=\"twitter:label2\" content=\"Tiempo de lectura\" \/>\n\t<meta name=\"twitter:data2\" content=\"1 minuto\" \/>\n<script type=\"application\/ld+json\" class=\"yoast-schema-graph\">{\"@context\":\"https:\/\/schema.org\",\"@graph\":[{\"@type\":\"Article\",\"@id\":\"https:\/\/innoticiasbo.com\/index.php\/2025\/05\/03\/andronico-acepta-ser-candidato-presidencial-en-una-proclamacion-en-oruro\/#article\",\"isPartOf\":{\"@id\":\"https:\/\/innoticiasbo.com\/index.php\/2025\/05\/03\/andronico-acepta-ser-candidato-presidencial-en-una-proclamacion-en-oruro\/\"},\"author\":{\"name\":\"Eliza Riva\",\"@id\":\"https:\/\/innoticiasbo.com\/#\/schema\/person\/8c935b6b11c0223d8f77dc01fc948202\"},\"headline\":\"ANDR\u00d3NICO ACEPTA SER CANDIDATO PRESIDENCIAL, EN UNA PROCLAMACI\u00d3N EN ORURO\",\"datePublished\":\"2025-05-03T17:43:43+00:00\",\"dateModified\":\"2025-05-03T17:43:43+00:00\",\"mainEntityOfPage\":{\"@id\":\"https:\/\/innoticiasbo.com\/index.php\/2025\/05\/03\/andronico-acepta-ser-candidato-presidencial-en-una-proclamacion-en-oruro\/\"},\"wordCount\":117,\"publisher\":{\"@id\":\"https:\/\/innoticiasbo.com\/#organization\"},\"image\":{\"@id\":\"https:\/\/innoticiasbo.com\/index.php\/2025\/05\/03\/andronico-acepta-ser-candidato-presidencial-en-una-proclamacion-en-oruro\/#primaryimage\"},\"thumbnailUrl\":\"https:\/\/i0.wp.com\/innoticiasbo.com\/wp-content\/uploads\/2025\/05\/img_3635-1.jpg?fit=750%2C821&ssl=1\",\"articleSection\":[\"Bolivia\"],\"inLanguage\":\"es\"},{\"@type\":\"WebPage\",\"@id\":\"https:\/\/innoticiasbo.com\/index.php\/2025\/05\/03\/andronico-acepta-ser-candidato-presidencial-en-una-proclamacion-en-oruro\/\",\"url\":\"https:\/\/innoticiasbo.com\/index.php\/2025\/05\/03\/andronico-acepta-ser-candidato-presidencial-en-una-proclamacion-en-oruro\/\",\"name\":\"ANDR\u00d3NICO ACEPTA SER CANDIDATO PRESIDENCIAL, EN UNA PROCLAMACI\u00d3N EN ORURO - innoticiasbo.com\",\"isPartOf\":{\"@id\":\"https:\/\/innoticiasbo.com\/#website\"},\"primaryImageOfPage\":{\"@id\":\"https:\/\/innoticiasbo.com\/index.php\/2025\/05\/03\/andronico-acepta-ser-candidato-presidencial-en-una-proclamacion-en-oruro\/#primaryimage\"},\"image\":{\"@id\":\"https:\/\/innoticiasbo.com\/index.php\/2025\/05\/03\/andronico-acepta-ser-candidato-presidencial-en-una-proclamacion-en-oruro\/#primaryimage\"},\"thumbnailUrl\":\"https:\/\/i0.wp.com\/innoticiasbo.com\/wp-content\/uploads\/2025\/05\/img_3635-1.jpg?fit=750%2C821&ssl=1\",\"datePublished\":\"2025-05-03T17:43:43+00:00\",\"dateModified\":\"2025-05-03T17:43:43+00:00\",\"breadcrumb\":{\"@id\":\"https:\/\/innoticiasbo.com\/index.php\/2025\/05\/03\/andronico-acepta-ser-candidato-presidencial-en-una-proclamacion-en-oruro\/#breadcrumb\"},\"inLanguage\":\"es\",\"potentialAction\":[{\"@type\":\"ReadAction\",\"target\":[\"https:\/\/innoticiasbo.com\/index.php\/2025\/05\/03\/andronico-acepta-ser-candidato-presidencial-en-una-proclamacion-en-oruro\/\"]}]},{\"@type\":\"ImageObject\",\"inLanguage\":\"es\",\"@id\":\"https:\/\/innoticiasbo.com\/index.php\/2025\/05\/03\/andronico-acepta-ser-candidato-presidencial-en-una-proclamacion-en-oruro\/#primaryimage\",\"url\":\"https:\/\/i0.wp.com\/innoticiasbo.com\/wp-content\/uploads\/2025\/05\/img_3635-1.jpg?fit=750%2C821&ssl=1\",\"contentUrl\":\"https:\/\/i0.wp.com\/innoticiasbo.com\/wp-content\/uploads\/2025\/05\/img_3635-1.jpg?fit=750%2C821&ssl=1\",\"width\":750,\"height\":821},{\"@type\":\"BreadcrumbList\",\"@id\":\"https:\/\/innoticiasbo.com\/index.php\/2025\/05\/03\/andronico-acepta-ser-candidato-presidencial-en-una-proclamacion-en-oruro\/#breadcrumb\",\"itemListElement\":[{\"@type\":\"ListItem\",\"position\":1,\"name\":\"Portada\",\"item\":\"https:\/\/innoticiasbo.com\/\"},{\"@type\":\"ListItem\",\"position\":2,\"name\":\"ANDR\u00d3NICO ACEPTA SER CANDIDATO PRESIDENCIAL, EN UNA PROCLAMACI\u00d3N EN ORURO\"}]},{\"@type\":\"WebSite\",\"@id\":\"https:\/\/innoticiasbo.com\/#website\",\"url\":\"https:\/\/innoticiasbo.com\/\",\"name\":\"innoticiasbo.com\",\"description\":\"\",\"publisher\":{\"@id\":\"https:\/\/innoticiasbo.com\/#organization\"},\"potentialAction\":[{\"@type\":\"SearchAction\",\"target\":{\"@type\":\"EntryPoint\",\"urlTemplate\":\"https:\/\/innoticiasbo.com\/?s={search_term_string}\"},\"query-input\":{\"@type\":\"PropertyValueSpecification\",\"valueRequired\":true,\"valueName\":\"search_term_string\"}}],\"inLanguage\":\"es\"},{\"@type\":\"Organization\",\"@id\":\"https:\/\/innoticiasbo.com\/#organization\",\"name\":\"innoticiasbo.com\",\"url\":\"https:\/\/innoticiasbo.com\/\",\"logo\":{\"@type\":\"ImageObject\",\"inLanguage\":\"es\",\"@id\":\"https:\/\/innoticiasbo.com\/#\/schema\/logo\/image\/\",\"url\":\"https:\/\/i0.wp.com\/innoticiasbo.com\/wp-content\/uploads\/2026\/04\/cropped-IN-LOGO.png?fit=1476%2C1476&ssl=1\",\"contentUrl\":\"https:\/\/i0.wp.com\/innoticiasbo.com\/wp-content\/uploads\/2026\/04\/cropped-IN-LOGO.png?fit=1476%2C1476&ssl=1\",\"width\":1476,\"height\":1476,\"caption\":\"innoticiasbo.com\"},\"image\":{\"@id\":\"https:\/\/innoticiasbo.com\/#\/schema\/logo\/image\/\"},\"sameAs\":[\"https:\/\/www.facebook.com\/innoticiasbolivia\",\"https:\/\/x.com\/innoticiasbo\",\"https:\/\/www.instagram.com\/innoticiasbo\",\"https:\/\/www.youtube.com\/innoticiasbo\"]},{\"@type\":\"Person\",\"@id\":\"https:\/\/innoticiasbo.com\/#\/schema\/person\/8c935b6b11c0223d8f77dc01fc948202\",\"name\":\"Eliza Riva\",\"image\":{\"@type\":\"ImageObject\",\"inLanguage\":\"es\",\"@id\":\"https:\/\/innoticiasbo.com\/#\/schema\/person\/image\/\",\"url\":\"https:\/\/secure.gravatar.com\/avatar\/fdc172c2af344133d19e57e4b7acdee4?s=96&d=mm&r=g\",\"contentUrl\":\"https:\/\/secure.gravatar.com\/avatar\/fdc172c2af344133d19e57e4b7acdee4?s=96&d=mm&r=g\",\"caption\":\"Eliza Riva\"},\"sameAs\":[\"http:\/\/www.innoticiasbo.com\"],\"url\":\"https:\/\/innoticiasbo.com\/index.php\/author\/prensa-4\/\"}]}<\/script>\n<!-- \/ Yoast SEO plugin. -->","yoast_head_json":{"title":"ANDR\u00d3NICO ACEPTA SER CANDIDATO PRESIDENCIAL, EN UNA PROCLAMACI\u00d3N EN ORURO - innoticiasbo.com","robots":{"index":"index","follow":"follow","max-snippet":"max-snippet:-1","max-image-preview":"max-image-preview:large","max-video-preview":"max-video-preview:-1"},"canonical":"https:\/\/innoticiasbo.com\/index.php\/2025\/05\/03\/andronico-acepta-ser-candidato-presidencial-en-una-proclamacion-en-oruro\/","og_locale":"es_ES","og_type":"article","og_title":"ANDR\u00d3NICO ACEPTA SER CANDIDATO PRESIDENCIAL, EN UNA PROCLAMACI\u00d3N EN ORURO - innoticiasbo.com","og_description":"Oruro, 3 de mayo, 2025.- En el departamento de Oruro, el presidente del Senado, Andr\u00f3nico Rodr\u00edguez, particip\u00f3 de un acto de proclamaci\u00f3n donde acept\u00f3 que ir\u00e1 como candidato a las elecciones generales 2025.&nbsp; \u00abEste proyecto pol\u00edtico no puede quedar estancado. Hay que elevar el nivel del debate pol\u00edtico, en respuesta a este pedido acepto este...","og_url":"https:\/\/innoticiasbo.com\/index.php\/2025\/05\/03\/andronico-acepta-ser-candidato-presidencial-en-una-proclamacion-en-oruro\/","og_site_name":"innoticiasbo.com","article_publisher":"https:\/\/www.facebook.com\/innoticiasbolivia","article_published_time":"2025-05-03T17:43:43+00:00","og_image":[{"width":750,"height":821,"url":"https:\/\/i0.wp.com\/innoticiasbo.com\/wp-content\/uploads\/2025\/05\/img_3635-1.jpg?fit=750%2C821&ssl=1","type":"image\/jpeg"}],"author":"Eliza Riva","twitter_card":"summary_large_image","twitter_creator":"@innoticiasbo","twitter_site":"@innoticiasbo","twitter_misc":{"Escrito por":"Eliza Riva","Tiempo de lectura":"1 minuto"},"schema":{"@context":"https:\/\/schema.org","@graph":[{"@type":"Article","@id":"https:\/\/innoticiasbo.com\/index.php\/2025\/05\/03\/andronico-acepta-ser-candidato-presidencial-en-una-proclamacion-en-oruro\/#article","isPartOf":{"@id":"https:\/\/innoticiasbo.com\/index.php\/2025\/05\/03\/andronico-acepta-ser-candidato-presidencial-en-una-proclamacion-en-oruro\/"},"author":{"name":"Eliza Riva","@id":"https:\/\/innoticiasbo.com\/#\/schema\/person\/8c935b6b11c0223d8f77dc01fc948202"},"headline":"ANDR\u00d3NICO ACEPTA SER CANDIDATO PRESIDENCIAL, EN UNA PROCLAMACI\u00d3N EN ORURO","datePublished":"2025-05-03T17:43:43+00:00","dateModified":"2025-05-03T17:43:43+00:00","mainEntityOfPage":{"@id":"https:\/\/innoticiasbo.com\/index.php\/2025\/05\/03\/andronico-acepta-ser-candidato-presidencial-en-una-proclamacion-en-oruro\/"},"wordCount":117,"publisher":{"@id":"https:\/\/innoticiasbo.com\/#organization"},"image":{"@id":"https:\/\/innoticiasbo.com\/index.php\/2025\/05\/03\/andronico-acepta-ser-candidato-presidencial-en-una-proclamacion-en-oruro\/#primaryimage"},"thumbnailUrl":"https:\/\/i0.wp.com\/innoticiasbo.com\/wp-content\/uploads\/2025\/05\/img_3635-1.jpg?fit=750%2C821&ssl=1","articleSection":["Bolivia"],"inLanguage":"es"},{"@type":"WebPage","@id":"https:\/\/innoticiasbo.com\/index.php\/2025\/05\/03\/andronico-acepta-ser-candidato-presidencial-en-una-proclamacion-en-oruro\/","url":"https:\/\/innoticiasbo.com\/index.php\/2025\/05\/03\/andronico-acepta-ser-candidato-presidencial-en-una-proclamacion-en-oruro\/","name":"ANDR\u00d3NICO ACEPTA SER CANDIDATO PRESIDENCIAL, EN UNA PROCLAMACI\u00d3N EN ORURO - innoticiasbo.com","isPartOf":{"@id":"https:\/\/innoticiasbo.com\/#website"},"primaryImageOfPage":{"@id":"https:\/\/innoticiasbo.com\/index.php\/2025\/05\/03\/andronico-acepta-ser-candidato-presidencial-en-una-proclamacion-en-oruro\/#primaryimage"},"image":{"@id":"https:\/\/innoticiasbo.com\/index.php\/2025\/05\/03\/andronico-acepta-ser-candidato-presidencial-en-una-proclamacion-en-oruro\/#primaryimage"},"thumbnailUrl":"https:\/\/i0.wp.com\/innoticiasbo.com\/wp-content\/uploads\/2025\/05\/img_3635-1.jpg?fit=750%2C821&ssl=1","datePublished":"2025-05-03T17:43:43+00:00","dateModified":"2025-05-03T17:43:43+00:00","breadcrumb":{"@id":"https:\/\/innoticiasbo.com\/index.php\/2025\/05\/03\/andronico-acepta-ser-candidato-presidencial-en-una-proclamacion-en-oruro\/#breadcrumb"},"inLanguage":"es","potentialAction":[{"@type":"ReadAction","target":["https:\/\/innoticiasbo.com\/index.php\/2025\/05\/03\/andronico-acepta-ser-candidato-presidencial-en-una-proclamacion-en-oruro\/"]}]},{"@type":"ImageObject","inLanguage":"es","@id":"https:\/\/innoticiasbo.com\/index.php\/2025\/05\/03\/andronico-acepta-ser-candidato-presidencial-en-una-proclamacion-en-oruro\/#primaryimage","url":"https:\/\/i0.wp.com\/innoticiasbo.com\/wp-content\/uploads\/2025\/05\/img_3635-1.jpg?fit=750%2C821&ssl=1","contentUrl":"https:\/\/i0.wp.com\/innoticiasbo.com\/wp-content\/uploads\/2025\/05\/img_3635-1.jpg?fit=750%2C821&ssl=1","width":750,"height":821},{"@type":"BreadcrumbList","@id":"https:\/\/innoticiasbo.com\/index.php\/2025\/05\/03\/andronico-acepta-ser-candidato-presidencial-en-una-proclamacion-en-oruro\/#breadcrumb","itemListElement":[{"@type":"ListItem","position":1,"name":"Portada","item":"https:\/\/innoticiasbo.com\/"},{"@type":"ListItem","position":2,"name":"ANDR\u00d3NICO ACEPTA SER CANDIDATO PRESIDENCIAL, EN UNA PROCLAMACI\u00d3N EN ORURO"}]},{"@type":"WebSite","@id":"https:\/\/innoticiasbo.com\/#website","url":"https:\/\/innoticiasbo.com\/","name":"innoticiasbo.com","description":"","publisher":{"@id":"https:\/\/innoticiasbo.com\/#organization"},"potentialAction":[{"@type":"SearchAction","target":{"@type":"EntryPoint","urlTemplate":"https:\/\/innoticiasbo.com\/?s={search_term_string}"},"query-input":{"@type":"PropertyValueSpecification","valueRequired":true,"valueName":"search_term_string"}}],"inLanguage":"es"},{"@type":"Organization","@id":"https:\/\/innoticiasbo.com\/#organization","name":"innoticiasbo.com","url":"https:\/\/innoticiasbo.com\/","logo":{"@type":"ImageObject","inLanguage":"es","@id":"https:\/\/innoticiasbo.com\/#\/schema\/logo\/image\/","url":"https:\/\/i0.wp.com\/innoticiasbo.com\/wp-content\/uploads\/2026\/04\/cropped-IN-LOGO.png?fit=1476%2C1476&ssl=1","contentUrl":"https:\/\/i0.wp.com\/innoticiasbo.com\/wp-content\/uploads\/2026\/04\/cropped-IN-LOGO.png?fit=1476%2C1476&ssl=1","width":1476,"height":1476,"caption":"innoticiasbo.com"},"image":{"@id":"https:\/\/innoticiasbo.com\/#\/schema\/logo\/image\/"},"sameAs":["https:\/\/www.facebook.com\/innoticiasbolivia","https:\/\/x.com\/innoticiasbo","https:\/\/www.instagram.com\/innoticiasbo","https:\/\/www.youtube.com\/innoticiasbo"]},{"@type":"Person","@id":"https:\/\/innoticiasbo.com\/#\/schema\/person\/8c935b6b11c0223d8f77dc01fc948202","name":"Eliza Riva","image":{"@type":"ImageObject","inLanguage":"es","@id":"https:\/\/innoticiasbo.com\/#\/schema\/person\/image\/","url":"https:\/\/secure.gravatar.com\/avatar\/fdc172c2af344133d19e57e4b7acdee4?s=96&d=mm&r=g","contentUrl":"https:\/\/secure.gravatar.com\/avatar\/fdc172c2af344133d19e57e4b7acdee4?s=96&d=mm&r=g","caption":"Eliza Riva"},"sameAs":["http:\/\/www.innoticiasbo.com"],"url":"https:\/\/innoticiasbo.com\/index.php\/author\/prensa-4\/"}]}},"jetpack_featured_media_url":"https:\/\/i0.wp.com\/innoticiasbo.com\/wp-content\/uploads\/2025\/05\/img_3635-1.jpg?fit=750%2C821&ssl=1","jetpack_likes_enabled":true,"jetpack_sharing_enabled":true,"jetpack_shortlink":"https:\/\/wp.me\/pg298x-1k6","_links":{"self":[{"href":"https:\/\/innoticiasbo.com\/index.php\/wp-json\/wp\/v2\/posts\/5090","targetHints":{"allow":["GET"]}}],"collection":[{"href":"https:\/\/innoticiasbo.com\/index.php\/wp-json\/wp\/v2\/posts"}],"about":[{"href":"https:\/\/innoticiasbo.com\/index.php\/wp-json\/wp\/v2\/types\/post"}],"author":[{"embeddable":true,"href":"https:\/\/innoticiasbo.com\/index.php\/wp-json\/wp\/v2\/users\/6"}],"replies":[{"embeddable":true,"href":"https:\/\/innoticiasbo.com\/index.php\/wp-json\/wp\/v2\/comments?post=5090"}],"version-history":[{"count":1,"href":"https:\/\/innoticiasbo.com\/index.php\/wp-json\/wp\/v2\/posts\/5090\/revisions"}],"predecessor-version":[{"id":5091,"href":"https:\/\/innoticiasbo.com\/index.php\/wp-json\/wp\/v2\/posts\/5090\/revisions\/5091"}],"wp:featuredmedia":[{"embeddable":true,"href":"https:\/\/innoticiasbo.com\/index.php\/wp-json\/wp\/v2\/media\/5089"}],"wp:attachment":[{"href":"https:\/\/innoticiasbo.com\/index.php\/wp-json\/wp\/v2\/media?parent=5090"}],"wp:term":[{"taxonomy":"category","embeddable":true,"href":"https:\/\/innoticiasbo.com\/index.php\/wp-json\/wp\/v2\/categories?post=5090"},{"taxonomy":"post_tag","embeddable":true,"href":"https:\/\/innoticiasbo.com\/index.php\/wp-json\/wp\/v2\/tags?post=5090"}],"curies":[{"name":"wp","href":"https:\/\/api.w.org\/{rel}","templated":true}]}}