{"id":5053,"date":"2025-05-02T17:15:50","date_gmt":"2025-05-02T21:15:50","guid":{"rendered":"https:\/\/innoticiasbo.com\/?p=5053"},"modified":"2025-05-02T17:16:42","modified_gmt":"2025-05-02T21:16:42","slug":"gobierno-rescata-con-exito-a-ocupantes-de-avioneta-desaparecida-en-baur4s","status":"publish","type":"post","link":"https:\/\/innoticiasbo.com\/index.php\/2025\/05\/02\/gobierno-rescata-con-exito-a-ocupantes-de-avioneta-desaparecida-en-baur4s\/","title":{"rendered":"GOBIERNO RESCATA CON \u00c9XITO A OCUPANTES DE AVIONETA DESAPARECIDA EN BAUR4S"},"content":{"rendered":"\n<p><br>\ud835\udc13\ud835\udc2b\ud835\udc22\ud835\udc27\ud835\udc22\ud835\udc1d\ud835\udc1a\ud835\udc1d, \ud835\udfd0 \ud835\udc1d\ud835\udc1e \ud835\udc26\ud835\udc1a\ud835\udc32\ud835\udc28 \ud835\udc1d\ud835\udc1e \ud835\udfd0\ud835\udfce\ud835\udfd0\ud835\udfd3.- Luego de una intensa operaci\u00f3n de b\u00fasqueda a\u00e9rea y terrestre desplegada durante dos d\u00edas, el Gobierno del Estado Plurinacional de Bolivia confirm\u00f3 este viernes el hallazgo con vida de los cinco ocupantes de la avioneta Cessna 172CP, matr\u00edcula 1099, reportada como desaparecida el pasado 29 de abril en la ruta entre Baures y Trinidad, en el departamento del Beni. La aeronave transportaba al piloto, tres mujeres y un menor de edad.<\/p>\n\n\n\n<p><br>El incidente ocurri\u00f3 el lunes 29 de abril, cuando la aeronave despeg\u00f3 desde el municipio de Baures a las 12:00 horas rumbo a Trinidad. Cerca de las 13:00 horas, el piloto inform\u00f3 problemas t\u00e9cnicos antes de que se perdiera todo contacto con la aeronave.<\/p>\n\n\n\n<figure class=\"wp-block-image size-large\"><img data-recalc-dims=\"1\" loading=\"lazy\" decoding=\"async\" width=\"640\" height=\"480\" src=\"https:\/\/i0.wp.com\/innoticiasbo.com\/wp-content\/uploads\/2025\/05\/fb_img_17462150188942253247422827902247.jpg?resize=640%2C480&#038;ssl=1\" alt=\"\" class=\"wp-image-5050\" srcset=\"https:\/\/i0.wp.com\/innoticiasbo.com\/wp-content\/uploads\/2025\/05\/fb_img_17462150188942253247422827902247.jpg?w=960&amp;ssl=1 960w, https:\/\/i0.wp.com\/innoticiasbo.com\/wp-content\/uploads\/2025\/05\/fb_img_17462150188942253247422827902247.jpg?resize=300%2C225&amp;ssl=1 300w, https:\/\/i0.wp.com\/innoticiasbo.com\/wp-content\/uploads\/2025\/05\/fb_img_17462150188942253247422827902247.jpg?resize=768%2C576&amp;ssl=1 768w\" sizes=\"auto, (max-width: 640px) 100vw, 640px\" \/><\/figure>\n\n\n\n<p><br>En respuesta inmediata, el Ministerio de Defensa, mediante el Viceministerio de Defensa Civil y en coordinaci\u00f3n con la Fuerza A\u00e9rea Boliviana (FAB), activ\u00f3 un operativo de b\u00fasqueda y rescate con apoyo de autoridades locales, personal especializado y la Empresa de Servicios A\u00e9reos Bolivianos (ESABOL).<\/p>\n\n\n\n<p><br>Durante las primeras 48 horas, las condiciones clim\u00e1ticas adversas dificultaron el reconocimiento a\u00e9reo y terrestre. No obstante, el Grupo A\u00e9reo 72 de la FAB ejecut\u00f3 dos sobrevuelos con avionetas sobre la posible zona de siniestro, acumulando m\u00e1s de seis horas de rastrillaje intensivo, lo que permiti\u00f3 obtener coordenadas preliminares para guiar la operaci\u00f3n.<br>El viernes 2 de mayo, a las 07:20 horas, despeg\u00f3 desde Santa Cruz de la Sierra un helic\u00f3ptero Eco Charlie EC-145 equipado con gr\u00faa, tecnolog\u00eda de rastreo y un equipo especializado del SAR-FAB (Servicio de B\u00fasqueda y Rescate de la Fuerza A\u00e9rea Boliviana). Esta unidad se dirigi\u00f3 al municipio de Baures para reforzar la b\u00fasqueda en la zona delimitada por los vuelos anteriores.<br>Finalmente, la aeronave fue localizada cerca de la comunidad Pedro Ignacio Muiba, gracias a la precisi\u00f3n del trabajo a\u00e9reo y el rastreo en tierra. Los cinco ocupantes fueron hallados con vida y en condiciones estables. Recibieron alimentos, atenci\u00f3n m\u00e9dica inmediata y fueron trasladados v\u00eda a\u00e9rea hasta la ciudad de Trinidad, donde se encuentran en observaci\u00f3n y bajo resguardo institucional.<\/p>\n\n\n\n<figure class=\"wp-block-image size-large\"><img data-recalc-dims=\"1\" loading=\"lazy\" decoding=\"async\" width=\"454\" height=\"289\" src=\"https:\/\/i0.wp.com\/innoticiasbo.com\/wp-content\/uploads\/2025\/05\/fb_img_17462150354926154696574181258383.jpg?resize=454%2C289&#038;ssl=1\" alt=\"\" class=\"wp-image-5051\" srcset=\"https:\/\/i0.wp.com\/innoticiasbo.com\/wp-content\/uploads\/2025\/05\/fb_img_17462150354926154696574181258383.jpg?w=454&amp;ssl=1 454w, https:\/\/i0.wp.com\/innoticiasbo.com\/wp-content\/uploads\/2025\/05\/fb_img_17462150354926154696574181258383.jpg?resize=300%2C191&amp;ssl=1 300w, https:\/\/i0.wp.com\/innoticiasbo.com\/wp-content\/uploads\/2025\/05\/fb_img_17462150354926154696574181258383.jpg?resize=150%2C95&amp;ssl=1 150w\" sizes=\"auto, (max-width: 454px) 100vw, 454px\" \/><\/figure>\n\n\n\n<p><br>El presidente Luis Arce Catacora y el Ministerio de Defensa, a trav\u00e9s del Viceministerio de Defensa Civil, dispusieron todos los recursos humanos, log\u00edsticos y tecnol\u00f3gicos necesarios para garantizar el \u00e9xito de la operaci\u00f3n. La labor conjunta del Ministerio de Defensa, la Fuerza A\u00e9rea Boliviana, el Grupo SAR-FAB, la Empresa de Servicios A\u00e9reos Bolivianos (ESABOL) y el equipo t\u00e9cnico especializado refleja la eficacia de una acci\u00f3n interinstitucional guiada por la vocaci\u00f3n de servicio y la firme voluntad de proteger la vida.<\/p>\n\n\n\n<p><br>El Gobierno agradece a la poblaci\u00f3n por su colaboraci\u00f3n y recuerda la importancia de mantenerse informada por medios oficiales. Esta operaci\u00f3n reafirma el compromiso del Estado boliviano con la seguridad, la eficiencia en la atenci\u00f3n de emergencias y el bienestar del pa\u00eds.<\/p>\n","protected":false},"excerpt":{"rendered":"<p>\ud835\udc13\ud835\udc2b\ud835\udc22\ud835\udc27\ud835\udc22\ud835\udc1d\ud835\udc1a\ud835\udc1d, \ud835\udfd0 \ud835\udc1d\ud835\udc1e \ud835\udc26\ud835\udc1a\ud835\udc32\ud835\udc28 \ud835\udc1d\ud835\udc1e \ud835\udfd0\ud835\udfce\ud835\udfd0\ud835\udfd3.- Luego de una intensa operaci\u00f3n de b\u00fasqueda a\u00e9rea y terrestre desplegada durante dos d\u00edas, el Gobierno del Estado Plurinacional de Bolivia confirm\u00f3 este viernes el hallazgo con vida de los cinco ocupantes de la avioneta Cessna 172CP, matr\u00edcula 1099, reportada como desaparecida el pasado 29 de abril en la&#8230;<\/p>\n","protected":false},"author":2,"featured_media":5052,"comment_status":"open","ping_status":"open","sticky":false,"template":"","format":"standard","meta":{"_jetpack_memberships_contains_paid_content":false,"footnotes":"","jetpack_publicize_message":"","jetpack_publicize_feature_enabled":true,"jetpack_social_post_already_shared":true,"jetpack_social_options":{"image_generator_settings":{"template":"highway","enabled":false},"version":2}},"categories":[1,15],"tags":[237,243,253,22,240,235],"class_list":["post-5053","post","type-post","status-publish","format-standard","has-post-thumbnail","hentry","category-bolivia","category-seguridad","tag-avioneta","tag-defensa-civil-2","tag-gobierno-de-bolivia","tag-innoticias","tag-rescate","tag-seguridad"],"jetpack_publicize_connections":[],"yoast_head":"<!-- This site is optimized with the Yoast SEO plugin v23.4 - https:\/\/yoast.com\/wordpress\/plugins\/seo\/ -->\n<title>GOBIERNO RESCATA CON \u00c9XITO A OCUPANTES DE AVIONETA DESAPARECIDA EN BAUR4S - innoticiasbo.com<\/title>\n<meta name=\"robots\" content=\"index, follow, max-snippet:-1, max-image-preview:large, max-video-preview:-1\" \/>\n<link rel=\"canonical\" href=\"https:\/\/innoticiasbo.com\/index.php\/2025\/05\/02\/gobierno-rescata-con-exito-a-ocupantes-de-avioneta-desaparecida-en-baur4s\/\" \/>\n<meta property=\"og:locale\" content=\"es_ES\" \/>\n<meta property=\"og:type\" content=\"article\" \/>\n<meta property=\"og:title\" content=\"GOBIERNO RESCATA CON \u00c9XITO A OCUPANTES DE AVIONETA DESAPARECIDA EN BAUR4S - innoticiasbo.com\" \/>\n<meta property=\"og:description\" content=\"\ud835\udc13\ud835\udc2b\ud835\udc22\ud835\udc27\ud835\udc22\ud835\udc1d\ud835\udc1a\ud835\udc1d, \ud835\udfd0 \ud835\udc1d\ud835\udc1e \ud835\udc26\ud835\udc1a\ud835\udc32\ud835\udc28 \ud835\udc1d\ud835\udc1e \ud835\udfd0\ud835\udfce\ud835\udfd0\ud835\udfd3.- Luego de una intensa operaci\u00f3n de b\u00fasqueda a\u00e9rea y terrestre desplegada durante dos d\u00edas, el Gobierno del Estado Plurinacional de Bolivia confirm\u00f3 este viernes el hallazgo con vida de los cinco ocupantes de la avioneta Cessna 172CP, matr\u00edcula 1099, reportada como desaparecida el pasado 29 de abril en la...\" \/>\n<meta property=\"og:url\" content=\"https:\/\/innoticiasbo.com\/index.php\/2025\/05\/02\/gobierno-rescata-con-exito-a-ocupantes-de-avioneta-desaparecida-en-baur4s\/\" \/>\n<meta property=\"og:site_name\" content=\"innoticiasbo.com\" \/>\n<meta property=\"article:publisher\" content=\"https:\/\/www.facebook.com\/innoticiasbolivia\" \/>\n<meta property=\"article:published_time\" content=\"2025-05-02T21:15:50+00:00\" \/>\n<meta property=\"article:modified_time\" content=\"2025-05-02T21:16:42+00:00\" \/>\n<meta property=\"og:image\" content=\"https:\/\/i0.wp.com\/innoticiasbo.com\/wp-content\/uploads\/2025\/05\/FB_IMG_1746215040208.jpg?fit=665%2C358&ssl=1\" \/>\n\t<meta property=\"og:image:width\" content=\"665\" \/>\n\t<meta property=\"og:image:height\" content=\"358\" \/>\n\t<meta property=\"og:image:type\" content=\"image\/jpeg\" \/>\n<meta name=\"author\" content=\"Prensa\" \/>\n<meta name=\"twitter:card\" content=\"summary_large_image\" \/>\n<meta name=\"twitter:creator\" content=\"@innoticiasbo\" \/>\n<meta name=\"twitter:site\" content=\"@innoticiasbo\" \/>\n<meta name=\"twitter:label1\" content=\"Escrito por\" \/>\n\t<meta name=\"twitter:data1\" content=\"Prensa\" \/>\n\t<meta name=\"twitter:label2\" content=\"Tiempo de lectura\" \/>\n\t<meta name=\"twitter:data2\" content=\"2 minutos\" \/>\n<script type=\"application\/ld+json\" class=\"yoast-schema-graph\">{\"@context\":\"https:\/\/schema.org\",\"@graph\":[{\"@type\":\"Article\",\"@id\":\"https:\/\/innoticiasbo.com\/index.php\/2025\/05\/02\/gobierno-rescata-con-exito-a-ocupantes-de-avioneta-desaparecida-en-baur4s\/#article\",\"isPartOf\":{\"@id\":\"https:\/\/innoticiasbo.com\/index.php\/2025\/05\/02\/gobierno-rescata-con-exito-a-ocupantes-de-avioneta-desaparecida-en-baur4s\/\"},\"author\":{\"name\":\"Prensa\",\"@id\":\"https:\/\/innoticiasbo.com\/#\/schema\/person\/589cd527c4211df1b943bdad85ec07ce\"},\"headline\":\"GOBIERNO RESCATA CON \u00c9XITO A OCUPANTES DE AVIONETA DESAPARECIDA EN BAUR4S\",\"datePublished\":\"2025-05-02T21:15:50+00:00\",\"dateModified\":\"2025-05-02T21:16:42+00:00\",\"mainEntityOfPage\":{\"@id\":\"https:\/\/innoticiasbo.com\/index.php\/2025\/05\/02\/gobierno-rescata-con-exito-a-ocupantes-de-avioneta-desaparecida-en-baur4s\/\"},\"wordCount\":502,\"commentCount\":0,\"publisher\":{\"@id\":\"https:\/\/innoticiasbo.com\/#organization\"},\"image\":{\"@id\":\"https:\/\/innoticiasbo.com\/index.php\/2025\/05\/02\/gobierno-rescata-con-exito-a-ocupantes-de-avioneta-desaparecida-en-baur4s\/#primaryimage\"},\"thumbnailUrl\":\"https:\/\/i0.wp.com\/innoticiasbo.com\/wp-content\/uploads\/2025\/05\/FB_IMG_1746215040208.jpg?fit=665%2C358&ssl=1\",\"keywords\":[\"avioneta\",\"defensa civil\",\"gobierno de Bolivia\",\"innoticias\",\"rescate\",\"seguridad\"],\"articleSection\":[\"Bolivia\",\"Seguridad\"],\"inLanguage\":\"es\",\"potentialAction\":[{\"@type\":\"CommentAction\",\"name\":\"Comment\",\"target\":[\"https:\/\/innoticiasbo.com\/index.php\/2025\/05\/02\/gobierno-rescata-con-exito-a-ocupantes-de-avioneta-desaparecida-en-baur4s\/#respond\"]}]},{\"@type\":\"WebPage\",\"@id\":\"https:\/\/innoticiasbo.com\/index.php\/2025\/05\/02\/gobierno-rescata-con-exito-a-ocupantes-de-avioneta-desaparecida-en-baur4s\/\",\"url\":\"https:\/\/innoticiasbo.com\/index.php\/2025\/05\/02\/gobierno-rescata-con-exito-a-ocupantes-de-avioneta-desaparecida-en-baur4s\/\",\"name\":\"GOBIERNO RESCATA CON \u00c9XITO A OCUPANTES DE AVIONETA DESAPARECIDA EN BAUR4S - innoticiasbo.com\",\"isPartOf\":{\"@id\":\"https:\/\/innoticiasbo.com\/#website\"},\"primaryImageOfPage\":{\"@id\":\"https:\/\/innoticiasbo.com\/index.php\/2025\/05\/02\/gobierno-rescata-con-exito-a-ocupantes-de-avioneta-desaparecida-en-baur4s\/#primaryimage\"},\"image\":{\"@id\":\"https:\/\/innoticiasbo.com\/index.php\/2025\/05\/02\/gobierno-rescata-con-exito-a-ocupantes-de-avioneta-desaparecida-en-baur4s\/#primaryimage\"},\"thumbnailUrl\":\"https:\/\/i0.wp.com\/innoticiasbo.com\/wp-content\/uploads\/2025\/05\/FB_IMG_1746215040208.jpg?fit=665%2C358&ssl=1\",\"datePublished\":\"2025-05-02T21:15:50+00:00\",\"dateModified\":\"2025-05-02T21:16:42+00:00\",\"breadcrumb\":{\"@id\":\"https:\/\/innoticiasbo.com\/index.php\/2025\/05\/02\/gobierno-rescata-con-exito-a-ocupantes-de-avioneta-desaparecida-en-baur4s\/#breadcrumb\"},\"inLanguage\":\"es\",\"potentialAction\":[{\"@type\":\"ReadAction\",\"target\":[\"https:\/\/innoticiasbo.com\/index.php\/2025\/05\/02\/gobierno-rescata-con-exito-a-ocupantes-de-avioneta-desaparecida-en-baur4s\/\"]}]},{\"@type\":\"ImageObject\",\"inLanguage\":\"es\",\"@id\":\"https:\/\/innoticiasbo.com\/index.php\/2025\/05\/02\/gobierno-rescata-con-exito-a-ocupantes-de-avioneta-desaparecida-en-baur4s\/#primaryimage\",\"url\":\"https:\/\/i0.wp.com\/innoticiasbo.com\/wp-content\/uploads\/2025\/05\/FB_IMG_1746215040208.jpg?fit=665%2C358&ssl=1\",\"contentUrl\":\"https:\/\/i0.wp.com\/innoticiasbo.com\/wp-content\/uploads\/2025\/05\/FB_IMG_1746215040208.jpg?fit=665%2C358&ssl=1\",\"width\":665,\"height\":358},{\"@type\":\"BreadcrumbList\",\"@id\":\"https:\/\/innoticiasbo.com\/index.php\/2025\/05\/02\/gobierno-rescata-con-exito-a-ocupantes-de-avioneta-desaparecida-en-baur4s\/#breadcrumb\",\"itemListElement\":[{\"@type\":\"ListItem\",\"position\":1,\"name\":\"Portada\",\"item\":\"https:\/\/innoticiasbo.com\/\"},{\"@type\":\"ListItem\",\"position\":2,\"name\":\"GOBIERNO RESCATA CON \u00c9XITO A OCUPANTES DE AVIONETA DESAPARECIDA EN BAUR4S\"}]},{\"@type\":\"WebSite\",\"@id\":\"https:\/\/innoticiasbo.com\/#website\",\"url\":\"https:\/\/innoticiasbo.com\/\",\"name\":\"innoticiasbo.com\",\"description\":\"\",\"publisher\":{\"@id\":\"https:\/\/innoticiasbo.com\/#organization\"},\"potentialAction\":[{\"@type\":\"SearchAction\",\"target\":{\"@type\":\"EntryPoint\",\"urlTemplate\":\"https:\/\/innoticiasbo.com\/?s={search_term_string}\"},\"query-input\":{\"@type\":\"PropertyValueSpecification\",\"valueRequired\":true,\"valueName\":\"search_term_string\"}}],\"inLanguage\":\"es\"},{\"@type\":\"Organization\",\"@id\":\"https:\/\/innoticiasbo.com\/#organization\",\"name\":\"innoticiasbo.com\",\"url\":\"https:\/\/innoticiasbo.com\/\",\"logo\":{\"@type\":\"ImageObject\",\"inLanguage\":\"es\",\"@id\":\"https:\/\/innoticiasbo.com\/#\/schema\/logo\/image\/\",\"url\":\"https:\/\/i0.wp.com\/innoticiasbo.com\/wp-content\/uploads\/2026\/04\/cropped-IN-LOGO.png?fit=1476%2C1476&ssl=1\",\"contentUrl\":\"https:\/\/i0.wp.com\/innoticiasbo.com\/wp-content\/uploads\/2026\/04\/cropped-IN-LOGO.png?fit=1476%2C1476&ssl=1\",\"width\":1476,\"height\":1476,\"caption\":\"innoticiasbo.com\"},\"image\":{\"@id\":\"https:\/\/innoticiasbo.com\/#\/schema\/logo\/image\/\"},\"sameAs\":[\"https:\/\/www.facebook.com\/innoticiasbolivia\",\"https:\/\/x.com\/innoticiasbo\",\"https:\/\/www.instagram.com\/innoticiasbo\",\"https:\/\/www.youtube.com\/innoticiasbo\"]},{\"@type\":\"Person\",\"@id\":\"https:\/\/innoticiasbo.com\/#\/schema\/person\/589cd527c4211df1b943bdad85ec07ce\",\"name\":\"Prensa\",\"image\":{\"@type\":\"ImageObject\",\"inLanguage\":\"es\",\"@id\":\"https:\/\/innoticiasbo.com\/#\/schema\/person\/image\/\",\"url\":\"https:\/\/secure.gravatar.com\/avatar\/d359bbdf112023c1c0a3ec7fe1600657?s=96&d=mm&r=g\",\"contentUrl\":\"https:\/\/secure.gravatar.com\/avatar\/d359bbdf112023c1c0a3ec7fe1600657?s=96&d=mm&r=g\",\"caption\":\"Prensa\"},\"sameAs\":[\"http:\/\/www.innoticiasbo.com\"],\"url\":\"https:\/\/innoticiasbo.com\/index.php\/author\/prensa\/\"}]}<\/script>\n<!-- \/ Yoast SEO plugin. -->","yoast_head_json":{"title":"GOBIERNO RESCATA CON \u00c9XITO A OCUPANTES DE AVIONETA DESAPARECIDA EN BAUR4S - innoticiasbo.com","robots":{"index":"index","follow":"follow","max-snippet":"max-snippet:-1","max-image-preview":"max-image-preview:large","max-video-preview":"max-video-preview:-1"},"canonical":"https:\/\/innoticiasbo.com\/index.php\/2025\/05\/02\/gobierno-rescata-con-exito-a-ocupantes-de-avioneta-desaparecida-en-baur4s\/","og_locale":"es_ES","og_type":"article","og_title":"GOBIERNO RESCATA CON \u00c9XITO A OCUPANTES DE AVIONETA DESAPARECIDA EN BAUR4S - innoticiasbo.com","og_description":"\ud835\udc13\ud835\udc2b\ud835\udc22\ud835\udc27\ud835\udc22\ud835\udc1d\ud835\udc1a\ud835\udc1d, \ud835\udfd0 \ud835\udc1d\ud835\udc1e \ud835\udc26\ud835\udc1a\ud835\udc32\ud835\udc28 \ud835\udc1d\ud835\udc1e \ud835\udfd0\ud835\udfce\ud835\udfd0\ud835\udfd3.- Luego de una intensa operaci\u00f3n de b\u00fasqueda a\u00e9rea y terrestre desplegada durante dos d\u00edas, el Gobierno del Estado Plurinacional de Bolivia confirm\u00f3 este viernes el hallazgo con vida de los cinco ocupantes de la avioneta Cessna 172CP, matr\u00edcula 1099, reportada como desaparecida el pasado 29 de abril en la...","og_url":"https:\/\/innoticiasbo.com\/index.php\/2025\/05\/02\/gobierno-rescata-con-exito-a-ocupantes-de-avioneta-desaparecida-en-baur4s\/","og_site_name":"innoticiasbo.com","article_publisher":"https:\/\/www.facebook.com\/innoticiasbolivia","article_published_time":"2025-05-02T21:15:50+00:00","article_modified_time":"2025-05-02T21:16:42+00:00","og_image":[{"width":665,"height":358,"url":"https:\/\/i0.wp.com\/innoticiasbo.com\/wp-content\/uploads\/2025\/05\/FB_IMG_1746215040208.jpg?fit=665%2C358&ssl=1","type":"image\/jpeg"}],"author":"Prensa","twitter_card":"summary_large_image","twitter_creator":"@innoticiasbo","twitter_site":"@innoticiasbo","twitter_misc":{"Escrito por":"Prensa","Tiempo de lectura":"2 minutos"},"schema":{"@context":"https:\/\/schema.org","@graph":[{"@type":"Article","@id":"https:\/\/innoticiasbo.com\/index.php\/2025\/05\/02\/gobierno-rescata-con-exito-a-ocupantes-de-avioneta-desaparecida-en-baur4s\/#article","isPartOf":{"@id":"https:\/\/innoticiasbo.com\/index.php\/2025\/05\/02\/gobierno-rescata-con-exito-a-ocupantes-de-avioneta-desaparecida-en-baur4s\/"},"author":{"name":"Prensa","@id":"https:\/\/innoticiasbo.com\/#\/schema\/person\/589cd527c4211df1b943bdad85ec07ce"},"headline":"GOBIERNO RESCATA CON \u00c9XITO A OCUPANTES DE AVIONETA DESAPARECIDA EN BAUR4S","datePublished":"2025-05-02T21:15:50+00:00","dateModified":"2025-05-02T21:16:42+00:00","mainEntityOfPage":{"@id":"https:\/\/innoticiasbo.com\/index.php\/2025\/05\/02\/gobierno-rescata-con-exito-a-ocupantes-de-avioneta-desaparecida-en-baur4s\/"},"wordCount":502,"commentCount":0,"publisher":{"@id":"https:\/\/innoticiasbo.com\/#organization"},"image":{"@id":"https:\/\/innoticiasbo.com\/index.php\/2025\/05\/02\/gobierno-rescata-con-exito-a-ocupantes-de-avioneta-desaparecida-en-baur4s\/#primaryimage"},"thumbnailUrl":"https:\/\/i0.wp.com\/innoticiasbo.com\/wp-content\/uploads\/2025\/05\/FB_IMG_1746215040208.jpg?fit=665%2C358&ssl=1","keywords":["avioneta","defensa civil","gobierno de Bolivia","innoticias","rescate","seguridad"],"articleSection":["Bolivia","Seguridad"],"inLanguage":"es","potentialAction":[{"@type":"CommentAction","name":"Comment","target":["https:\/\/innoticiasbo.com\/index.php\/2025\/05\/02\/gobierno-rescata-con-exito-a-ocupantes-de-avioneta-desaparecida-en-baur4s\/#respond"]}]},{"@type":"WebPage","@id":"https:\/\/innoticiasbo.com\/index.php\/2025\/05\/02\/gobierno-rescata-con-exito-a-ocupantes-de-avioneta-desaparecida-en-baur4s\/","url":"https:\/\/innoticiasbo.com\/index.php\/2025\/05\/02\/gobierno-rescata-con-exito-a-ocupantes-de-avioneta-desaparecida-en-baur4s\/","name":"GOBIERNO RESCATA CON \u00c9XITO A OCUPANTES DE AVIONETA DESAPARECIDA EN BAUR4S - innoticiasbo.com","isPartOf":{"@id":"https:\/\/innoticiasbo.com\/#website"},"primaryImageOfPage":{"@id":"https:\/\/innoticiasbo.com\/index.php\/2025\/05\/02\/gobierno-rescata-con-exito-a-ocupantes-de-avioneta-desaparecida-en-baur4s\/#primaryimage"},"image":{"@id":"https:\/\/innoticiasbo.com\/index.php\/2025\/05\/02\/gobierno-rescata-con-exito-a-ocupantes-de-avioneta-desaparecida-en-baur4s\/#primaryimage"},"thumbnailUrl":"https:\/\/i0.wp.com\/innoticiasbo.com\/wp-content\/uploads\/2025\/05\/FB_IMG_1746215040208.jpg?fit=665%2C358&ssl=1","datePublished":"2025-05-02T21:15:50+00:00","dateModified":"2025-05-02T21:16:42+00:00","breadcrumb":{"@id":"https:\/\/innoticiasbo.com\/index.php\/2025\/05\/02\/gobierno-rescata-con-exito-a-ocupantes-de-avioneta-desaparecida-en-baur4s\/#breadcrumb"},"inLanguage":"es","potentialAction":[{"@type":"ReadAction","target":["https:\/\/innoticiasbo.com\/index.php\/2025\/05\/02\/gobierno-rescata-con-exito-a-ocupantes-de-avioneta-desaparecida-en-baur4s\/"]}]},{"@type":"ImageObject","inLanguage":"es","@id":"https:\/\/innoticiasbo.com\/index.php\/2025\/05\/02\/gobierno-rescata-con-exito-a-ocupantes-de-avioneta-desaparecida-en-baur4s\/#primaryimage","url":"https:\/\/i0.wp.com\/innoticiasbo.com\/wp-content\/uploads\/2025\/05\/FB_IMG_1746215040208.jpg?fit=665%2C358&ssl=1","contentUrl":"https:\/\/i0.wp.com\/innoticiasbo.com\/wp-content\/uploads\/2025\/05\/FB_IMG_1746215040208.jpg?fit=665%2C358&ssl=1","width":665,"height":358},{"@type":"BreadcrumbList","@id":"https:\/\/innoticiasbo.com\/index.php\/2025\/05\/02\/gobierno-rescata-con-exito-a-ocupantes-de-avioneta-desaparecida-en-baur4s\/#breadcrumb","itemListElement":[{"@type":"ListItem","position":1,"name":"Portada","item":"https:\/\/innoticiasbo.com\/"},{"@type":"ListItem","position":2,"name":"GOBIERNO RESCATA CON \u00c9XITO A OCUPANTES DE AVIONETA DESAPARECIDA EN BAUR4S"}]},{"@type":"WebSite","@id":"https:\/\/innoticiasbo.com\/#website","url":"https:\/\/innoticiasbo.com\/","name":"innoticiasbo.com","description":"","publisher":{"@id":"https:\/\/innoticiasbo.com\/#organization"},"potentialAction":[{"@type":"SearchAction","target":{"@type":"EntryPoint","urlTemplate":"https:\/\/innoticiasbo.com\/?s={search_term_string}"},"query-input":{"@type":"PropertyValueSpecification","valueRequired":true,"valueName":"search_term_string"}}],"inLanguage":"es"},{"@type":"Organization","@id":"https:\/\/innoticiasbo.com\/#organization","name":"innoticiasbo.com","url":"https:\/\/innoticiasbo.com\/","logo":{"@type":"ImageObject","inLanguage":"es","@id":"https:\/\/innoticiasbo.com\/#\/schema\/logo\/image\/","url":"https:\/\/i0.wp.com\/innoticiasbo.com\/wp-content\/uploads\/2026\/04\/cropped-IN-LOGO.png?fit=1476%2C1476&ssl=1","contentUrl":"https:\/\/i0.wp.com\/innoticiasbo.com\/wp-content\/uploads\/2026\/04\/cropped-IN-LOGO.png?fit=1476%2C1476&ssl=1","width":1476,"height":1476,"caption":"innoticiasbo.com"},"image":{"@id":"https:\/\/innoticiasbo.com\/#\/schema\/logo\/image\/"},"sameAs":["https:\/\/www.facebook.com\/innoticiasbolivia","https:\/\/x.com\/innoticiasbo","https:\/\/www.instagram.com\/innoticiasbo","https:\/\/www.youtube.com\/innoticiasbo"]},{"@type":"Person","@id":"https:\/\/innoticiasbo.com\/#\/schema\/person\/589cd527c4211df1b943bdad85ec07ce","name":"Prensa","image":{"@type":"ImageObject","inLanguage":"es","@id":"https:\/\/innoticiasbo.com\/#\/schema\/person\/image\/","url":"https:\/\/secure.gravatar.com\/avatar\/d359bbdf112023c1c0a3ec7fe1600657?s=96&d=mm&r=g","contentUrl":"https:\/\/secure.gravatar.com\/avatar\/d359bbdf112023c1c0a3ec7fe1600657?s=96&d=mm&r=g","caption":"Prensa"},"sameAs":["http:\/\/www.innoticiasbo.com"],"url":"https:\/\/innoticiasbo.com\/index.php\/author\/prensa\/"}]}},"jetpack_featured_media_url":"https:\/\/i0.wp.com\/innoticiasbo.com\/wp-content\/uploads\/2025\/05\/FB_IMG_1746215040208.jpg?fit=665%2C358&ssl=1","jetpack_likes_enabled":true,"jetpack_sharing_enabled":true,"jetpack_shortlink":"https:\/\/wp.me\/pg298x-1jv","_links":{"self":[{"href":"https:\/\/innoticiasbo.com\/index.php\/wp-json\/wp\/v2\/posts\/5053","targetHints":{"allow":["GET"]}}],"collection":[{"href":"https:\/\/innoticiasbo.com\/index.php\/wp-json\/wp\/v2\/posts"}],"about":[{"href":"https:\/\/innoticiasbo.com\/index.php\/wp-json\/wp\/v2\/types\/post"}],"author":[{"embeddable":true,"href":"https:\/\/innoticiasbo.com\/index.php\/wp-json\/wp\/v2\/users\/2"}],"replies":[{"embeddable":true,"href":"https:\/\/innoticiasbo.com\/index.php\/wp-json\/wp\/v2\/comments?post=5053"}],"version-history":[{"count":1,"href":"https:\/\/innoticiasbo.com\/index.php\/wp-json\/wp\/v2\/posts\/5053\/revisions"}],"predecessor-version":[{"id":5054,"href":"https:\/\/innoticiasbo.com\/index.php\/wp-json\/wp\/v2\/posts\/5053\/revisions\/5054"}],"wp:featuredmedia":[{"embeddable":true,"href":"https:\/\/innoticiasbo.com\/index.php\/wp-json\/wp\/v2\/media\/5052"}],"wp:attachment":[{"href":"https:\/\/innoticiasbo.com\/index.php\/wp-json\/wp\/v2\/media?parent=5053"}],"wp:term":[{"taxonomy":"category","embeddable":true,"href":"https:\/\/innoticiasbo.com\/index.php\/wp-json\/wp\/v2\/categories?post=5053"},{"taxonomy":"post_tag","embeddable":true,"href":"https:\/\/innoticiasbo.com\/index.php\/wp-json\/wp\/v2\/tags?post=5053"}],"curies":[{"name":"wp","href":"https:\/\/api.w.org\/{rel}","templated":true}]}}