{"id":5048,"date":"2025-05-02T16:15:19","date_gmt":"2025-05-02T20:15:19","guid":{"rendered":"https:\/\/innoticiasbo.com\/?p=5048"},"modified":"2025-05-02T16:15:45","modified_gmt":"2025-05-02T20:15:45","slug":"macabro-hallazgo-en-sacaba-ninos-encuentran-un-craneo-humano-en-via-publica","status":"publish","type":"post","link":"https:\/\/innoticiasbo.com\/index.php\/2025\/05\/02\/macabro-hallazgo-en-sacaba-ninos-encuentran-un-craneo-humano-en-via-publica\/","title":{"rendered":"MACABRO HALLAZGO EN SACABA: NI\u00d1OS ENCUENTRAN UN CR\u00c1NEO HUMANO EN&nbsp; V\u00cdA P\u00daBLICA"},"content":{"rendered":"\n<p>Cochabamba, 2 de mayo de 2025.- Un grupo de ni\u00f1os en la zona de El Abra, en el municipio de Sacaba, Cochabamba, realiz\u00f3 un macabro descubrimiento al encontrar un cr\u00e1neo humano cubierto con un neum\u00e1tico en plena v\u00eda p\u00fablica. El hallazgo se produjo cerca del mediod\u00eda del viernes y gener\u00f3 conmoci\u00f3n entre los vecinos.<\/p>\n\n\n\n<figure class=\"wp-block-image size-large\"><img data-recalc-dims=\"1\" loading=\"lazy\" decoding=\"async\" width=\"640\" height=\"357\" src=\"https:\/\/i0.wp.com\/innoticiasbo.com\/wp-content\/uploads\/2025\/05\/10001185094834312279453621048.webp?resize=640%2C357&#038;ssl=1\" alt=\"\" class=\"wp-image-5046\" srcset=\"https:\/\/i0.wp.com\/innoticiasbo.com\/wp-content\/uploads\/2025\/05\/10001185094834312279453621048.webp?w=770&amp;ssl=1 770w, https:\/\/i0.wp.com\/innoticiasbo.com\/wp-content\/uploads\/2025\/05\/10001185094834312279453621048.webp?resize=300%2C168&amp;ssl=1 300w, https:\/\/i0.wp.com\/innoticiasbo.com\/wp-content\/uploads\/2025\/05\/10001185094834312279453621048.webp?resize=768%2C429&amp;ssl=1 768w\" sizes=\"auto, (max-width: 640px) 100vw, 640px\" \/><\/figure>\n\n\n\n<p>La Fuerza Especial de Lucha Contra el Crimen (Felcc) y el personal de la divisi\u00f3n Homicidios se trasladaron al lugar para realizar el levantamiento legal correspondiente. El cr\u00e1neo fue llevado al Instituto de Investigaciones Forenses (IDIF) para determinar su antig\u00fcedad y origen.<\/p>\n\n\n\n<p>Las autoridades contin\u00faan con la investigaci\u00f3n para establecer si el cr\u00e1neo corresponde a una v\u00edctima de alg\u00fan hecho violento o si se trata de restos antiguos abandonados en la v\u00eda p\u00fablica.<\/p>\n\n\n\n<p>Fuente: La Prensa<\/p>\n","protected":false},"excerpt":{"rendered":"<p>Cochabamba, 2 de mayo de 2025.- Un grupo de ni\u00f1os en la zona de El Abra, en el municipio de Sacaba, Cochabamba, realiz\u00f3 un macabro descubrimiento al encontrar un cr\u00e1neo humano cubierto con un neum\u00e1tico en plena v\u00eda p\u00fablica. El hallazgo se produjo cerca del mediod\u00eda del viernes y gener\u00f3 conmoci\u00f3n entre los vecinos. La&#8230;<\/p>\n","protected":false},"author":2,"featured_media":5047,"comment_status":"open","ping_status":"open","sticky":false,"template":"","format":"standard","meta":{"_jetpack_memberships_contains_paid_content":false,"footnotes":"","jetpack_publicize_message":"","jetpack_publicize_feature_enabled":true,"jetpack_social_post_already_shared":true,"jetpack_social_options":{"image_generator_settings":{"template":"highway","enabled":false},"version":2}},"categories":[2,15],"tags":[250,251,22,252,154],"class_list":["post-5048","post","type-post","status-publish","format-standard","has-post-thumbnail","hentry","category-cochabamba","category-seguridad","tag-craneo","tag-hallazgo","tag-innoticias","tag-ninos","tag-sacaba"],"jetpack_publicize_connections":[],"yoast_head":"<!-- This site is optimized with the Yoast SEO plugin v23.4 - https:\/\/yoast.com\/wordpress\/plugins\/seo\/ -->\n<title>MACABRO HALLAZGO EN SACABA: NI\u00d1OS ENCUENTRAN UN CR\u00c1NEO HUMANO EN&nbsp; V\u00cdA P\u00daBLICA - innoticiasbo.com<\/title>\n<meta name=\"robots\" content=\"index, follow, max-snippet:-1, max-image-preview:large, max-video-preview:-1\" \/>\n<link rel=\"canonical\" href=\"https:\/\/innoticiasbo.com\/index.php\/2025\/05\/02\/macabro-hallazgo-en-sacaba-ninos-encuentran-un-craneo-humano-en-via-publica\/\" \/>\n<meta property=\"og:locale\" content=\"es_ES\" \/>\n<meta property=\"og:type\" content=\"article\" \/>\n<meta property=\"og:title\" content=\"MACABRO HALLAZGO EN SACABA: NI\u00d1OS ENCUENTRAN UN CR\u00c1NEO HUMANO EN&nbsp; V\u00cdA P\u00daBLICA - innoticiasbo.com\" \/>\n<meta property=\"og:description\" content=\"Cochabamba, 2 de mayo de 2025.- Un grupo de ni\u00f1os en la zona de El Abra, en el municipio de Sacaba, Cochabamba, realiz\u00f3 un macabro descubrimiento al encontrar un cr\u00e1neo humano cubierto con un neum\u00e1tico en plena v\u00eda p\u00fablica. El hallazgo se produjo cerca del mediod\u00eda del viernes y gener\u00f3 conmoci\u00f3n entre los vecinos. La...\" \/>\n<meta property=\"og:url\" content=\"https:\/\/innoticiasbo.com\/index.php\/2025\/05\/02\/macabro-hallazgo-en-sacaba-ninos-encuentran-un-craneo-humano-en-via-publica\/\" \/>\n<meta property=\"og:site_name\" content=\"innoticiasbo.com\" \/>\n<meta property=\"article:publisher\" content=\"https:\/\/www.facebook.com\/innoticiasbolivia\" \/>\n<meta property=\"article:published_time\" content=\"2025-05-02T20:15:19+00:00\" \/>\n<meta property=\"article:modified_time\" content=\"2025-05-02T20:15:45+00:00\" \/>\n<meta property=\"og:image\" content=\"https:\/\/i0.wp.com\/innoticiasbo.com\/wp-content\/uploads\/2025\/05\/1000118509.png.webp?fit=770%2C430&ssl=1\" \/>\n\t<meta property=\"og:image:width\" content=\"770\" \/>\n\t<meta property=\"og:image:height\" content=\"430\" \/>\n\t<meta property=\"og:image:type\" content=\"image\/webp\" \/>\n<meta name=\"author\" content=\"Prensa\" \/>\n<meta name=\"twitter:card\" content=\"summary_large_image\" \/>\n<meta name=\"twitter:creator\" content=\"@innoticiasbo\" \/>\n<meta name=\"twitter:site\" content=\"@innoticiasbo\" \/>\n<meta name=\"twitter:label1\" content=\"Escrito por\" \/>\n\t<meta name=\"twitter:data1\" content=\"Prensa\" \/>\n\t<meta name=\"twitter:label2\" content=\"Tiempo de lectura\" \/>\n\t<meta name=\"twitter:data2\" content=\"1 minuto\" \/>\n<script type=\"application\/ld+json\" class=\"yoast-schema-graph\">{\"@context\":\"https:\/\/schema.org\",\"@graph\":[{\"@type\":\"Article\",\"@id\":\"https:\/\/innoticiasbo.com\/index.php\/2025\/05\/02\/macabro-hallazgo-en-sacaba-ninos-encuentran-un-craneo-humano-en-via-publica\/#article\",\"isPartOf\":{\"@id\":\"https:\/\/innoticiasbo.com\/index.php\/2025\/05\/02\/macabro-hallazgo-en-sacaba-ninos-encuentran-un-craneo-humano-en-via-publica\/\"},\"author\":{\"name\":\"Prensa\",\"@id\":\"https:\/\/innoticiasbo.com\/#\/schema\/person\/589cd527c4211df1b943bdad85ec07ce\"},\"headline\":\"MACABRO HALLAZGO EN SACABA: NI\u00d1OS ENCUENTRAN UN CR\u00c1NEO HUMANO EN&nbsp; V\u00cdA P\u00daBLICA\",\"datePublished\":\"2025-05-02T20:15:19+00:00\",\"dateModified\":\"2025-05-02T20:15:45+00:00\",\"mainEntityOfPage\":{\"@id\":\"https:\/\/innoticiasbo.com\/index.php\/2025\/05\/02\/macabro-hallazgo-en-sacaba-ninos-encuentran-un-craneo-humano-en-via-publica\/\"},\"wordCount\":163,\"commentCount\":0,\"publisher\":{\"@id\":\"https:\/\/innoticiasbo.com\/#organization\"},\"image\":{\"@id\":\"https:\/\/innoticiasbo.com\/index.php\/2025\/05\/02\/macabro-hallazgo-en-sacaba-ninos-encuentran-un-craneo-humano-en-via-publica\/#primaryimage\"},\"thumbnailUrl\":\"https:\/\/i0.wp.com\/innoticiasbo.com\/wp-content\/uploads\/2025\/05\/1000118509.png.webp?fit=770%2C430&ssl=1\",\"keywords\":[\"cr\u00e1neo\",\"hallazgo\",\"innoticias\",\"ni\u00f1os\",\"Sacaba\"],\"articleSection\":[\"Cochabamba\",\"Seguridad\"],\"inLanguage\":\"es\",\"potentialAction\":[{\"@type\":\"CommentAction\",\"name\":\"Comment\",\"target\":[\"https:\/\/innoticiasbo.com\/index.php\/2025\/05\/02\/macabro-hallazgo-en-sacaba-ninos-encuentran-un-craneo-humano-en-via-publica\/#respond\"]}]},{\"@type\":\"WebPage\",\"@id\":\"https:\/\/innoticiasbo.com\/index.php\/2025\/05\/02\/macabro-hallazgo-en-sacaba-ninos-encuentran-un-craneo-humano-en-via-publica\/\",\"url\":\"https:\/\/innoticiasbo.com\/index.php\/2025\/05\/02\/macabro-hallazgo-en-sacaba-ninos-encuentran-un-craneo-humano-en-via-publica\/\",\"name\":\"MACABRO HALLAZGO EN SACABA: NI\u00d1OS ENCUENTRAN UN CR\u00c1NEO HUMANO EN&nbsp; V\u00cdA P\u00daBLICA - innoticiasbo.com\",\"isPartOf\":{\"@id\":\"https:\/\/innoticiasbo.com\/#website\"},\"primaryImageOfPage\":{\"@id\":\"https:\/\/innoticiasbo.com\/index.php\/2025\/05\/02\/macabro-hallazgo-en-sacaba-ninos-encuentran-un-craneo-humano-en-via-publica\/#primaryimage\"},\"image\":{\"@id\":\"https:\/\/innoticiasbo.com\/index.php\/2025\/05\/02\/macabro-hallazgo-en-sacaba-ninos-encuentran-un-craneo-humano-en-via-publica\/#primaryimage\"},\"thumbnailUrl\":\"https:\/\/i0.wp.com\/innoticiasbo.com\/wp-content\/uploads\/2025\/05\/1000118509.png.webp?fit=770%2C430&ssl=1\",\"datePublished\":\"2025-05-02T20:15:19+00:00\",\"dateModified\":\"2025-05-02T20:15:45+00:00\",\"breadcrumb\":{\"@id\":\"https:\/\/innoticiasbo.com\/index.php\/2025\/05\/02\/macabro-hallazgo-en-sacaba-ninos-encuentran-un-craneo-humano-en-via-publica\/#breadcrumb\"},\"inLanguage\":\"es\",\"potentialAction\":[{\"@type\":\"ReadAction\",\"target\":[\"https:\/\/innoticiasbo.com\/index.php\/2025\/05\/02\/macabro-hallazgo-en-sacaba-ninos-encuentran-un-craneo-humano-en-via-publica\/\"]}]},{\"@type\":\"ImageObject\",\"inLanguage\":\"es\",\"@id\":\"https:\/\/innoticiasbo.com\/index.php\/2025\/05\/02\/macabro-hallazgo-en-sacaba-ninos-encuentran-un-craneo-humano-en-via-publica\/#primaryimage\",\"url\":\"https:\/\/i0.wp.com\/innoticiasbo.com\/wp-content\/uploads\/2025\/05\/1000118509.png.webp?fit=770%2C430&ssl=1\",\"contentUrl\":\"https:\/\/i0.wp.com\/innoticiasbo.com\/wp-content\/uploads\/2025\/05\/1000118509.png.webp?fit=770%2C430&ssl=1\",\"width\":770,\"height\":430},{\"@type\":\"BreadcrumbList\",\"@id\":\"https:\/\/innoticiasbo.com\/index.php\/2025\/05\/02\/macabro-hallazgo-en-sacaba-ninos-encuentran-un-craneo-humano-en-via-publica\/#breadcrumb\",\"itemListElement\":[{\"@type\":\"ListItem\",\"position\":1,\"name\":\"Portada\",\"item\":\"https:\/\/innoticiasbo.com\/\"},{\"@type\":\"ListItem\",\"position\":2,\"name\":\"MACABRO HALLAZGO EN SACABA: NI\u00d1OS ENCUENTRAN UN CR\u00c1NEO HUMANO EN&nbsp; V\u00cdA P\u00daBLICA\"}]},{\"@type\":\"WebSite\",\"@id\":\"https:\/\/innoticiasbo.com\/#website\",\"url\":\"https:\/\/innoticiasbo.com\/\",\"name\":\"innoticiasbo.com\",\"description\":\"\",\"publisher\":{\"@id\":\"https:\/\/innoticiasbo.com\/#organization\"},\"potentialAction\":[{\"@type\":\"SearchAction\",\"target\":{\"@type\":\"EntryPoint\",\"urlTemplate\":\"https:\/\/innoticiasbo.com\/?s={search_term_string}\"},\"query-input\":{\"@type\":\"PropertyValueSpecification\",\"valueRequired\":true,\"valueName\":\"search_term_string\"}}],\"inLanguage\":\"es\"},{\"@type\":\"Organization\",\"@id\":\"https:\/\/innoticiasbo.com\/#organization\",\"name\":\"innoticiasbo.com\",\"url\":\"https:\/\/innoticiasbo.com\/\",\"logo\":{\"@type\":\"ImageObject\",\"inLanguage\":\"es\",\"@id\":\"https:\/\/innoticiasbo.com\/#\/schema\/logo\/image\/\",\"url\":\"https:\/\/i0.wp.com\/innoticiasbo.com\/wp-content\/uploads\/2026\/04\/cropped-IN-LOGO.png?fit=1476%2C1476&ssl=1\",\"contentUrl\":\"https:\/\/i0.wp.com\/innoticiasbo.com\/wp-content\/uploads\/2026\/04\/cropped-IN-LOGO.png?fit=1476%2C1476&ssl=1\",\"width\":1476,\"height\":1476,\"caption\":\"innoticiasbo.com\"},\"image\":{\"@id\":\"https:\/\/innoticiasbo.com\/#\/schema\/logo\/image\/\"},\"sameAs\":[\"https:\/\/www.facebook.com\/innoticiasbolivia\",\"https:\/\/x.com\/innoticiasbo\",\"https:\/\/www.instagram.com\/innoticiasbo\",\"https:\/\/www.youtube.com\/innoticiasbo\"]},{\"@type\":\"Person\",\"@id\":\"https:\/\/innoticiasbo.com\/#\/schema\/person\/589cd527c4211df1b943bdad85ec07ce\",\"name\":\"Prensa\",\"image\":{\"@type\":\"ImageObject\",\"inLanguage\":\"es\",\"@id\":\"https:\/\/innoticiasbo.com\/#\/schema\/person\/image\/\",\"url\":\"https:\/\/secure.gravatar.com\/avatar\/d359bbdf112023c1c0a3ec7fe1600657?s=96&d=mm&r=g\",\"contentUrl\":\"https:\/\/secure.gravatar.com\/avatar\/d359bbdf112023c1c0a3ec7fe1600657?s=96&d=mm&r=g\",\"caption\":\"Prensa\"},\"sameAs\":[\"http:\/\/www.innoticiasbo.com\"],\"url\":\"https:\/\/innoticiasbo.com\/index.php\/author\/prensa\/\"}]}<\/script>\n<!-- \/ Yoast SEO plugin. -->","yoast_head_json":{"title":"MACABRO HALLAZGO EN SACABA: NI\u00d1OS ENCUENTRAN UN CR\u00c1NEO HUMANO EN&nbsp; V\u00cdA P\u00daBLICA - innoticiasbo.com","robots":{"index":"index","follow":"follow","max-snippet":"max-snippet:-1","max-image-preview":"max-image-preview:large","max-video-preview":"max-video-preview:-1"},"canonical":"https:\/\/innoticiasbo.com\/index.php\/2025\/05\/02\/macabro-hallazgo-en-sacaba-ninos-encuentran-un-craneo-humano-en-via-publica\/","og_locale":"es_ES","og_type":"article","og_title":"MACABRO HALLAZGO EN SACABA: NI\u00d1OS ENCUENTRAN UN CR\u00c1NEO HUMANO EN&nbsp; V\u00cdA P\u00daBLICA - innoticiasbo.com","og_description":"Cochabamba, 2 de mayo de 2025.- Un grupo de ni\u00f1os en la zona de El Abra, en el municipio de Sacaba, Cochabamba, realiz\u00f3 un macabro descubrimiento al encontrar un cr\u00e1neo humano cubierto con un neum\u00e1tico en plena v\u00eda p\u00fablica. El hallazgo se produjo cerca del mediod\u00eda del viernes y gener\u00f3 conmoci\u00f3n entre los vecinos. La...","og_url":"https:\/\/innoticiasbo.com\/index.php\/2025\/05\/02\/macabro-hallazgo-en-sacaba-ninos-encuentran-un-craneo-humano-en-via-publica\/","og_site_name":"innoticiasbo.com","article_publisher":"https:\/\/www.facebook.com\/innoticiasbolivia","article_published_time":"2025-05-02T20:15:19+00:00","article_modified_time":"2025-05-02T20:15:45+00:00","og_image":[{"width":770,"height":430,"url":"https:\/\/i0.wp.com\/innoticiasbo.com\/wp-content\/uploads\/2025\/05\/1000118509.png.webp?fit=770%2C430&ssl=1","type":"image\/webp"}],"author":"Prensa","twitter_card":"summary_large_image","twitter_creator":"@innoticiasbo","twitter_site":"@innoticiasbo","twitter_misc":{"Escrito por":"Prensa","Tiempo de lectura":"1 minuto"},"schema":{"@context":"https:\/\/schema.org","@graph":[{"@type":"Article","@id":"https:\/\/innoticiasbo.com\/index.php\/2025\/05\/02\/macabro-hallazgo-en-sacaba-ninos-encuentran-un-craneo-humano-en-via-publica\/#article","isPartOf":{"@id":"https:\/\/innoticiasbo.com\/index.php\/2025\/05\/02\/macabro-hallazgo-en-sacaba-ninos-encuentran-un-craneo-humano-en-via-publica\/"},"author":{"name":"Prensa","@id":"https:\/\/innoticiasbo.com\/#\/schema\/person\/589cd527c4211df1b943bdad85ec07ce"},"headline":"MACABRO HALLAZGO EN SACABA: NI\u00d1OS ENCUENTRAN UN CR\u00c1NEO HUMANO EN&nbsp; V\u00cdA P\u00daBLICA","datePublished":"2025-05-02T20:15:19+00:00","dateModified":"2025-05-02T20:15:45+00:00","mainEntityOfPage":{"@id":"https:\/\/innoticiasbo.com\/index.php\/2025\/05\/02\/macabro-hallazgo-en-sacaba-ninos-encuentran-un-craneo-humano-en-via-publica\/"},"wordCount":163,"commentCount":0,"publisher":{"@id":"https:\/\/innoticiasbo.com\/#organization"},"image":{"@id":"https:\/\/innoticiasbo.com\/index.php\/2025\/05\/02\/macabro-hallazgo-en-sacaba-ninos-encuentran-un-craneo-humano-en-via-publica\/#primaryimage"},"thumbnailUrl":"https:\/\/i0.wp.com\/innoticiasbo.com\/wp-content\/uploads\/2025\/05\/1000118509.png.webp?fit=770%2C430&ssl=1","keywords":["cr\u00e1neo","hallazgo","innoticias","ni\u00f1os","Sacaba"],"articleSection":["Cochabamba","Seguridad"],"inLanguage":"es","potentialAction":[{"@type":"CommentAction","name":"Comment","target":["https:\/\/innoticiasbo.com\/index.php\/2025\/05\/02\/macabro-hallazgo-en-sacaba-ninos-encuentran-un-craneo-humano-en-via-publica\/#respond"]}]},{"@type":"WebPage","@id":"https:\/\/innoticiasbo.com\/index.php\/2025\/05\/02\/macabro-hallazgo-en-sacaba-ninos-encuentran-un-craneo-humano-en-via-publica\/","url":"https:\/\/innoticiasbo.com\/index.php\/2025\/05\/02\/macabro-hallazgo-en-sacaba-ninos-encuentran-un-craneo-humano-en-via-publica\/","name":"MACABRO HALLAZGO EN SACABA: NI\u00d1OS ENCUENTRAN UN CR\u00c1NEO HUMANO EN&nbsp; V\u00cdA P\u00daBLICA - innoticiasbo.com","isPartOf":{"@id":"https:\/\/innoticiasbo.com\/#website"},"primaryImageOfPage":{"@id":"https:\/\/innoticiasbo.com\/index.php\/2025\/05\/02\/macabro-hallazgo-en-sacaba-ninos-encuentran-un-craneo-humano-en-via-publica\/#primaryimage"},"image":{"@id":"https:\/\/innoticiasbo.com\/index.php\/2025\/05\/02\/macabro-hallazgo-en-sacaba-ninos-encuentran-un-craneo-humano-en-via-publica\/#primaryimage"},"thumbnailUrl":"https:\/\/i0.wp.com\/innoticiasbo.com\/wp-content\/uploads\/2025\/05\/1000118509.png.webp?fit=770%2C430&ssl=1","datePublished":"2025-05-02T20:15:19+00:00","dateModified":"2025-05-02T20:15:45+00:00","breadcrumb":{"@id":"https:\/\/innoticiasbo.com\/index.php\/2025\/05\/02\/macabro-hallazgo-en-sacaba-ninos-encuentran-un-craneo-humano-en-via-publica\/#breadcrumb"},"inLanguage":"es","potentialAction":[{"@type":"ReadAction","target":["https:\/\/innoticiasbo.com\/index.php\/2025\/05\/02\/macabro-hallazgo-en-sacaba-ninos-encuentran-un-craneo-humano-en-via-publica\/"]}]},{"@type":"ImageObject","inLanguage":"es","@id":"https:\/\/innoticiasbo.com\/index.php\/2025\/05\/02\/macabro-hallazgo-en-sacaba-ninos-encuentran-un-craneo-humano-en-via-publica\/#primaryimage","url":"https:\/\/i0.wp.com\/innoticiasbo.com\/wp-content\/uploads\/2025\/05\/1000118509.png.webp?fit=770%2C430&ssl=1","contentUrl":"https:\/\/i0.wp.com\/innoticiasbo.com\/wp-content\/uploads\/2025\/05\/1000118509.png.webp?fit=770%2C430&ssl=1","width":770,"height":430},{"@type":"BreadcrumbList","@id":"https:\/\/innoticiasbo.com\/index.php\/2025\/05\/02\/macabro-hallazgo-en-sacaba-ninos-encuentran-un-craneo-humano-en-via-publica\/#breadcrumb","itemListElement":[{"@type":"ListItem","position":1,"name":"Portada","item":"https:\/\/innoticiasbo.com\/"},{"@type":"ListItem","position":2,"name":"MACABRO HALLAZGO EN SACABA: NI\u00d1OS ENCUENTRAN UN CR\u00c1NEO HUMANO EN&nbsp; V\u00cdA P\u00daBLICA"}]},{"@type":"WebSite","@id":"https:\/\/innoticiasbo.com\/#website","url":"https:\/\/innoticiasbo.com\/","name":"innoticiasbo.com","description":"","publisher":{"@id":"https:\/\/innoticiasbo.com\/#organization"},"potentialAction":[{"@type":"SearchAction","target":{"@type":"EntryPoint","urlTemplate":"https:\/\/innoticiasbo.com\/?s={search_term_string}"},"query-input":{"@type":"PropertyValueSpecification","valueRequired":true,"valueName":"search_term_string"}}],"inLanguage":"es"},{"@type":"Organization","@id":"https:\/\/innoticiasbo.com\/#organization","name":"innoticiasbo.com","url":"https:\/\/innoticiasbo.com\/","logo":{"@type":"ImageObject","inLanguage":"es","@id":"https:\/\/innoticiasbo.com\/#\/schema\/logo\/image\/","url":"https:\/\/i0.wp.com\/innoticiasbo.com\/wp-content\/uploads\/2026\/04\/cropped-IN-LOGO.png?fit=1476%2C1476&ssl=1","contentUrl":"https:\/\/i0.wp.com\/innoticiasbo.com\/wp-content\/uploads\/2026\/04\/cropped-IN-LOGO.png?fit=1476%2C1476&ssl=1","width":1476,"height":1476,"caption":"innoticiasbo.com"},"image":{"@id":"https:\/\/innoticiasbo.com\/#\/schema\/logo\/image\/"},"sameAs":["https:\/\/www.facebook.com\/innoticiasbolivia","https:\/\/x.com\/innoticiasbo","https:\/\/www.instagram.com\/innoticiasbo","https:\/\/www.youtube.com\/innoticiasbo"]},{"@type":"Person","@id":"https:\/\/innoticiasbo.com\/#\/schema\/person\/589cd527c4211df1b943bdad85ec07ce","name":"Prensa","image":{"@type":"ImageObject","inLanguage":"es","@id":"https:\/\/innoticiasbo.com\/#\/schema\/person\/image\/","url":"https:\/\/secure.gravatar.com\/avatar\/d359bbdf112023c1c0a3ec7fe1600657?s=96&d=mm&r=g","contentUrl":"https:\/\/secure.gravatar.com\/avatar\/d359bbdf112023c1c0a3ec7fe1600657?s=96&d=mm&r=g","caption":"Prensa"},"sameAs":["http:\/\/www.innoticiasbo.com"],"url":"https:\/\/innoticiasbo.com\/index.php\/author\/prensa\/"}]}},"jetpack_featured_media_url":"https:\/\/i0.wp.com\/innoticiasbo.com\/wp-content\/uploads\/2025\/05\/1000118509.png.webp?fit=770%2C430&ssl=1","jetpack_likes_enabled":true,"jetpack_sharing_enabled":true,"jetpack_shortlink":"https:\/\/wp.me\/pg298x-1jq","_links":{"self":[{"href":"https:\/\/innoticiasbo.com\/index.php\/wp-json\/wp\/v2\/posts\/5048","targetHints":{"allow":["GET"]}}],"collection":[{"href":"https:\/\/innoticiasbo.com\/index.php\/wp-json\/wp\/v2\/posts"}],"about":[{"href":"https:\/\/innoticiasbo.com\/index.php\/wp-json\/wp\/v2\/types\/post"}],"author":[{"embeddable":true,"href":"https:\/\/innoticiasbo.com\/index.php\/wp-json\/wp\/v2\/users\/2"}],"replies":[{"embeddable":true,"href":"https:\/\/innoticiasbo.com\/index.php\/wp-json\/wp\/v2\/comments?post=5048"}],"version-history":[{"count":1,"href":"https:\/\/innoticiasbo.com\/index.php\/wp-json\/wp\/v2\/posts\/5048\/revisions"}],"predecessor-version":[{"id":5049,"href":"https:\/\/innoticiasbo.com\/index.php\/wp-json\/wp\/v2\/posts\/5048\/revisions\/5049"}],"wp:featuredmedia":[{"embeddable":true,"href":"https:\/\/innoticiasbo.com\/index.php\/wp-json\/wp\/v2\/media\/5047"}],"wp:attachment":[{"href":"https:\/\/innoticiasbo.com\/index.php\/wp-json\/wp\/v2\/media?parent=5048"}],"wp:term":[{"taxonomy":"category","embeddable":true,"href":"https:\/\/innoticiasbo.com\/index.php\/wp-json\/wp\/v2\/categories?post=5048"},{"taxonomy":"post_tag","embeddable":true,"href":"https:\/\/innoticiasbo.com\/index.php\/wp-json\/wp\/v2\/tags?post=5048"}],"curies":[{"name":"wp","href":"https:\/\/api.w.org\/{rel}","templated":true}]}}