{"id":5044,"date":"2025-05-02T16:10:05","date_gmt":"2025-05-02T20:10:05","guid":{"rendered":"https:\/\/innoticiasbo.com\/?p=5044"},"modified":"2025-05-02T16:10:38","modified_gmt":"2025-05-02T20:10:38","slug":"los-autenticos-decadentes-en-la-fexco-2025-una-noche-historica-para-cochabamba-en-la-feria-de-mayor-proyeccion-del-pais","status":"publish","type":"post","link":"https:\/\/innoticiasbo.com\/index.php\/2025\/05\/02\/los-autenticos-decadentes-en-la-fexco-2025-una-noche-historica-para-cochabamba-en-la-feria-de-mayor-proyeccion-del-pais\/","title":{"rendered":"LOS AUT\u00c9NTICOS DECADENTES EN LA FEXCO 2025: UNA NOCHE HIST\u00d3RICA PARA COCHABAMBA EN LA FERIA DE MAYOR PROYECCI\u00d3N DEL PA\u00cdS"},"content":{"rendered":"\n<p>Cochabamba, 2 de mayo de 2025.- La FEXCO 2025 vivir\u00e1 este viernes una de sus noches m\u00e1s esperadas con el concierto internacional de Los Aut\u00e9nticos Decadentes, legendaria banda argentina que har\u00e1 vibrar la FEXCO Arena desde las 22:00 horas. El espect\u00e1culo, que reunir\u00e1 a miles de asistentes, marca un hito cultural y consolida a la Feria Exposici\u00f3n Internacional de Cochabamba como uno de los escenarios m\u00e1s importante del pa\u00eds para la integraci\u00f3n entre econom\u00eda, innovaci\u00f3n y entretenimiento de alto nivel.<\/p>\n\n\n\n<figure class=\"wp-block-image size-large\"><img data-recalc-dims=\"1\" loading=\"lazy\" decoding=\"async\" width=\"640\" height=\"480\" src=\"https:\/\/i0.wp.com\/innoticiasbo.com\/wp-content\/uploads\/2025\/05\/img-20250502-wa02141677391925112930029.jpg?resize=640%2C480&#038;ssl=1\" alt=\"\" class=\"wp-image-5041\" srcset=\"https:\/\/i0.wp.com\/innoticiasbo.com\/wp-content\/uploads\/2025\/05\/img-20250502-wa02141677391925112930029.jpg?resize=1024%2C768&amp;ssl=1 1024w, https:\/\/i0.wp.com\/innoticiasbo.com\/wp-content\/uploads\/2025\/05\/img-20250502-wa02141677391925112930029.jpg?resize=300%2C225&amp;ssl=1 300w, https:\/\/i0.wp.com\/innoticiasbo.com\/wp-content\/uploads\/2025\/05\/img-20250502-wa02141677391925112930029.jpg?resize=768%2C576&amp;ssl=1 768w, https:\/\/i0.wp.com\/innoticiasbo.com\/wp-content\/uploads\/2025\/05\/img-20250502-wa02141677391925112930029.jpg?resize=1536%2C1152&amp;ssl=1 1536w, https:\/\/i0.wp.com\/innoticiasbo.com\/wp-content\/uploads\/2025\/05\/img-20250502-wa02141677391925112930029.jpg?w=2000&amp;ssl=1 2000w, https:\/\/i0.wp.com\/innoticiasbo.com\/wp-content\/uploads\/2025\/05\/img-20250502-wa02141677391925112930029.jpg?w=1280&amp;ssl=1 1280w, https:\/\/i0.wp.com\/innoticiasbo.com\/wp-content\/uploads\/2025\/05\/img-20250502-wa02141677391925112930029.jpg?w=1920&amp;ssl=1 1920w\" sizes=\"auto, (max-width: 640px) 100vw, 640px\" \/><figcaption class=\"wp-element-caption\">Prueba de sonido de los Aut\u00e9nticos Decadentes<\/figcaption><\/figure>\n\n\n\n<p>El FEXCO FEST 2025 ofrecer\u00e1 una cartelera completa que comenzar\u00e1 a las 18:30 horas con la presentaci\u00f3n del DJ Residente, seguida por el set del reconocido DJ Chelo Mej\u00eda. A las 20:30 ser\u00e1 el turno de la banda boliviana Quirqui\u00f1a, que calentar\u00e1 el ambiente antes del ingreso triunfal de Los Aut\u00e9nticos Decadentes. El ingreso estar\u00e1 habilitado por la puerta 3 del Recinto Ferial Alalay desde las 17:30.<\/p>\n\n\n\n<p>Al respecto, el presidente de la Fundaci\u00f3n FEICOBOL y miembro del Directorio Interinstitucional FEXCO, Antonio Torrico Saavedra, afirm\u00f3 que el evento sintetiza la visi\u00f3n moderna de la feria:<br>\u201cEsta noche representa lo que es FEXCO: una plataforma viva que celebra el talento, impulsa la econom\u00eda y genera orgullo regional. La presencia de Los Aut\u00e9nticos Decadentes en Cochabamba es una apuesta por el desarrollo a trav\u00e9s de la cultura, la creatividad y el encuentro con el mundo\u201d.<\/p>\n\n\n\n<figure class=\"wp-block-image size-large\"><img data-recalc-dims=\"1\" loading=\"lazy\" decoding=\"async\" width=\"640\" height=\"427\" src=\"https:\/\/i0.wp.com\/innoticiasbo.com\/wp-content\/uploads\/2025\/05\/img-20250502-wa02183906344262148066393.jpg?resize=640%2C427&#038;ssl=1\" alt=\"\" class=\"wp-image-5042\" srcset=\"https:\/\/i0.wp.com\/innoticiasbo.com\/wp-content\/uploads\/2025\/05\/img-20250502-wa02183906344262148066393.jpg?resize=1024%2C683&amp;ssl=1 1024w, https:\/\/i0.wp.com\/innoticiasbo.com\/wp-content\/uploads\/2025\/05\/img-20250502-wa02183906344262148066393.jpg?resize=300%2C200&amp;ssl=1 300w, https:\/\/i0.wp.com\/innoticiasbo.com\/wp-content\/uploads\/2025\/05\/img-20250502-wa02183906344262148066393.jpg?resize=768%2C512&amp;ssl=1 768w, https:\/\/i0.wp.com\/innoticiasbo.com\/wp-content\/uploads\/2025\/05\/img-20250502-wa02183906344262148066393.jpg?resize=1536%2C1025&amp;ssl=1 1536w, https:\/\/i0.wp.com\/innoticiasbo.com\/wp-content\/uploads\/2025\/05\/img-20250502-wa02183906344262148066393.jpg?resize=600%2C400&amp;ssl=1 600w, https:\/\/i0.wp.com\/innoticiasbo.com\/wp-content\/uploads\/2025\/05\/img-20250502-wa02183906344262148066393.jpg?w=2000&amp;ssl=1 2000w, https:\/\/i0.wp.com\/innoticiasbo.com\/wp-content\/uploads\/2025\/05\/img-20250502-wa02183906344262148066393.jpg?w=1280&amp;ssl=1 1280w, https:\/\/i0.wp.com\/innoticiasbo.com\/wp-content\/uploads\/2025\/05\/img-20250502-wa02183906344262148066393.jpg?w=1920&amp;ssl=1 1920w\" sizes=\"auto, (max-width: 640px) 100vw, 640px\" \/><\/figure>\n\n\n\n<p>La jornada comenz\u00f3 con el foro interactivo Litio en Bolivia: Oportunidades y Desaf\u00edos, en el Centro Internacional de Negocios, donde se analiz\u00f3 el potencial estrat\u00e9gico del pa\u00eds en la industria energ\u00e9tica global. Participaron expertos nacionales, empresarios e invitados internacionales.<\/p>\n\n\n\n<p>Durante la tarde, el p\u00fablico podr\u00e1 disfrutar de dos sesiones del Cooking Show UNICEN en el Paseo del Bicentenario, a las 16:30 y 18:30, con una propuesta de cocina en vivo. A las 18:00, la firma cochabambina Quantum presentar\u00e1 su nueva generaci\u00f3n de veh\u00edculos el\u00e9ctricos, reafirmando su liderazgo nacional en movilidad sostenible.<\/p>\n\n\n\n<p>A las 19:00 horas, se llevar\u00e1 a cabo la Noche de Distinciones y Clausura de la Semana de Negocios, con reconocimientos institucionales y el lanzamiento oficial del Calendario Ferial FEXCO 2025\u20132026.<\/p>\n\n\n\n<p><em>AGENDA FERIAL VIERNES 2 DE MAYO<\/em><br \/>\ud83d\udccd Centro Internacional de Negocios<br \/>\u2022\u2060 09:30 \u2013 12:30 | Foro interactivo: Litio en Bolivia: Oportunidades y Desaf\u00edos<br \/>\u2022\u2060 19:00 | Noche de Distinciones y Clausura de la Semana de Negocios \u2013 Presentaci\u00f3n del Calendario Ferial FEXCO 2025\u20132026<\/p>\n\n\n\n<p>\ud83d\udccd Paseo del Bicentenario<br \/>\u2022\u2060 16:30 \u2013 17:30 | Cooking Show 16 \u2013 UNICEN<br \/>\u2022\u2060 18:30 \u2013 19:30 | Cooking Show 17 \u2013 UNICEN<\/p>\n\n\n\n<p>\ud83d\udccd Stand Quantum<br \/>\u2022\u2060 18:00 | Lanzamiento de la nueva generaci\u00f3n de veh\u00edculos el\u00e9ctricos Quantum<\/p>\n\n\n\n<p>\ud83d\udccd FEXCO Arena<br \/>\u2022\u2060 18:30 \u2013 19:20 | DJ Residente<br \/>\u2022\u2060 19:20 \u2013 20:20 | DJ Chelo Mej\u00eda<br \/>\u2022\u2060 20:30 \u2013 21:30 | Quirqui\u00f1a (Bolivia)<br \/>\u2022\u2060 21:30 \u2013 22:00 | DJ Residente<br \/>\u2022\u2060 22:00 \u2013 23:30 | Los Aut\u00e9nticos Decadentes (Argentina)<br \/>\u2022\u2060 23:30 \u2013 00:00 | Cierre del festival<\/p>\n","protected":false},"excerpt":{"rendered":"<p>Cochabamba, 2 de mayo de 2025.- La FEXCO 2025 vivir\u00e1 este viernes una de sus noches m\u00e1s esperadas con el concierto internacional de Los Aut\u00e9nticos Decadentes, legendaria banda argentina que har\u00e1 vibrar la FEXCO Arena desde las 22:00 horas. El espect\u00e1culo, que reunir\u00e1 a miles de asistentes, marca un hito cultural y consolida a la&#8230;<\/p>\n","protected":false},"author":2,"featured_media":5043,"comment_status":"open","ping_status":"open","sticky":false,"template":"","format":"standard","meta":{"_jetpack_memberships_contains_paid_content":false,"footnotes":"","jetpack_publicize_message":"","jetpack_publicize_feature_enabled":true,"jetpack_social_post_already_shared":true,"jetpack_social_options":{"image_generator_settings":{"template":"highway","enabled":false},"version":2}},"categories":[2,4],"tags":[248,137,22,249],"class_list":["post-5044","post","type-post","status-publish","format-standard","has-post-thumbnail","hentry","category-cochabamba","category-entretenimiento","tag-autenticos-decadentes","tag-fexco2025","tag-innoticias","tag-show"],"jetpack_publicize_connections":[],"yoast_head":"<!-- This site is optimized with the Yoast SEO plugin v23.4 - https:\/\/yoast.com\/wordpress\/plugins\/seo\/ -->\n<title>LOS AUT\u00c9NTICOS DECADENTES EN LA FEXCO 2025: UNA NOCHE HIST\u00d3RICA PARA COCHABAMBA EN LA FERIA DE MAYOR PROYECCI\u00d3N DEL PA\u00cdS - innoticiasbo.com<\/title>\n<meta name=\"robots\" content=\"index, follow, max-snippet:-1, max-image-preview:large, max-video-preview:-1\" \/>\n<link rel=\"canonical\" href=\"https:\/\/innoticiasbo.com\/index.php\/2025\/05\/02\/los-autenticos-decadentes-en-la-fexco-2025-una-noche-historica-para-cochabamba-en-la-feria-de-mayor-proyeccion-del-pais\/\" \/>\n<meta property=\"og:locale\" content=\"es_ES\" \/>\n<meta property=\"og:type\" content=\"article\" \/>\n<meta property=\"og:title\" content=\"LOS AUT\u00c9NTICOS DECADENTES EN LA FEXCO 2025: UNA NOCHE HIST\u00d3RICA PARA COCHABAMBA EN LA FERIA DE MAYOR PROYECCI\u00d3N DEL PA\u00cdS - innoticiasbo.com\" \/>\n<meta property=\"og:description\" content=\"Cochabamba, 2 de mayo de 2025.- La FEXCO 2025 vivir\u00e1 este viernes una de sus noches m\u00e1s esperadas con el concierto internacional de Los Aut\u00e9nticos Decadentes, legendaria banda argentina que har\u00e1 vibrar la FEXCO Arena desde las 22:00 horas. El espect\u00e1culo, que reunir\u00e1 a miles de asistentes, marca un hito cultural y consolida a la...\" \/>\n<meta property=\"og:url\" content=\"https:\/\/innoticiasbo.com\/index.php\/2025\/05\/02\/los-autenticos-decadentes-en-la-fexco-2025-una-noche-historica-para-cochabamba-en-la-feria-de-mayor-proyeccion-del-pais\/\" \/>\n<meta property=\"og:site_name\" content=\"innoticiasbo.com\" \/>\n<meta property=\"article:publisher\" content=\"https:\/\/www.facebook.com\/innoticiasbolivia\" \/>\n<meta property=\"article:published_time\" content=\"2025-05-02T20:10:05+00:00\" \/>\n<meta property=\"article:modified_time\" content=\"2025-05-02T20:10:38+00:00\" \/>\n<meta property=\"og:image\" content=\"https:\/\/i0.wp.com\/innoticiasbo.com\/wp-content\/uploads\/2025\/05\/IMG-20250502-WA0214-scaled.jpg?fit=2560%2C1920&ssl=1\" \/>\n\t<meta property=\"og:image:width\" content=\"2560\" \/>\n\t<meta property=\"og:image:height\" content=\"1920\" \/>\n\t<meta property=\"og:image:type\" content=\"image\/jpeg\" \/>\n<meta name=\"author\" content=\"Prensa\" \/>\n<meta name=\"twitter:card\" content=\"summary_large_image\" \/>\n<meta name=\"twitter:creator\" content=\"@innoticiasbo\" \/>\n<meta name=\"twitter:site\" content=\"@innoticiasbo\" \/>\n<meta name=\"twitter:label1\" content=\"Escrito por\" \/>\n\t<meta name=\"twitter:data1\" content=\"Prensa\" \/>\n\t<meta name=\"twitter:label2\" content=\"Tiempo de lectura\" \/>\n\t<meta name=\"twitter:data2\" content=\"2 minutos\" \/>\n<script type=\"application\/ld+json\" class=\"yoast-schema-graph\">{\"@context\":\"https:\/\/schema.org\",\"@graph\":[{\"@type\":\"Article\",\"@id\":\"https:\/\/innoticiasbo.com\/index.php\/2025\/05\/02\/los-autenticos-decadentes-en-la-fexco-2025-una-noche-historica-para-cochabamba-en-la-feria-de-mayor-proyeccion-del-pais\/#article\",\"isPartOf\":{\"@id\":\"https:\/\/innoticiasbo.com\/index.php\/2025\/05\/02\/los-autenticos-decadentes-en-la-fexco-2025-una-noche-historica-para-cochabamba-en-la-feria-de-mayor-proyeccion-del-pais\/\"},\"author\":{\"name\":\"Prensa\",\"@id\":\"https:\/\/innoticiasbo.com\/#\/schema\/person\/589cd527c4211df1b943bdad85ec07ce\"},\"headline\":\"LOS AUT\u00c9NTICOS DECADENTES EN LA FEXCO 2025: UNA NOCHE HIST\u00d3RICA PARA COCHABAMBA EN LA FERIA DE MAYOR PROYECCI\u00d3N DEL PA\u00cdS\",\"datePublished\":\"2025-05-02T20:10:05+00:00\",\"dateModified\":\"2025-05-02T20:10:38+00:00\",\"mainEntityOfPage\":{\"@id\":\"https:\/\/innoticiasbo.com\/index.php\/2025\/05\/02\/los-autenticos-decadentes-en-la-fexco-2025-una-noche-historica-para-cochabamba-en-la-feria-de-mayor-proyeccion-del-pais\/\"},\"wordCount\":467,\"commentCount\":0,\"publisher\":{\"@id\":\"https:\/\/innoticiasbo.com\/#organization\"},\"image\":{\"@id\":\"https:\/\/innoticiasbo.com\/index.php\/2025\/05\/02\/los-autenticos-decadentes-en-la-fexco-2025-una-noche-historica-para-cochabamba-en-la-feria-de-mayor-proyeccion-del-pais\/#primaryimage\"},\"thumbnailUrl\":\"https:\/\/i0.wp.com\/innoticiasbo.com\/wp-content\/uploads\/2025\/05\/IMG-20250502-WA0214-scaled.jpg?fit=2560%2C1920&ssl=1\",\"keywords\":[\"Aut\u00e9nticos Decadentes\",\"FEXCO2025\",\"innoticias\",\"show\"],\"articleSection\":[\"Cochabamba\",\"Entretenimiento\"],\"inLanguage\":\"es\",\"potentialAction\":[{\"@type\":\"CommentAction\",\"name\":\"Comment\",\"target\":[\"https:\/\/innoticiasbo.com\/index.php\/2025\/05\/02\/los-autenticos-decadentes-en-la-fexco-2025-una-noche-historica-para-cochabamba-en-la-feria-de-mayor-proyeccion-del-pais\/#respond\"]}]},{\"@type\":\"WebPage\",\"@id\":\"https:\/\/innoticiasbo.com\/index.php\/2025\/05\/02\/los-autenticos-decadentes-en-la-fexco-2025-una-noche-historica-para-cochabamba-en-la-feria-de-mayor-proyeccion-del-pais\/\",\"url\":\"https:\/\/innoticiasbo.com\/index.php\/2025\/05\/02\/los-autenticos-decadentes-en-la-fexco-2025-una-noche-historica-para-cochabamba-en-la-feria-de-mayor-proyeccion-del-pais\/\",\"name\":\"LOS AUT\u00c9NTICOS DECADENTES EN LA FEXCO 2025: UNA NOCHE HIST\u00d3RICA PARA COCHABAMBA EN LA FERIA DE MAYOR PROYECCI\u00d3N DEL PA\u00cdS - innoticiasbo.com\",\"isPartOf\":{\"@id\":\"https:\/\/innoticiasbo.com\/#website\"},\"primaryImageOfPage\":{\"@id\":\"https:\/\/innoticiasbo.com\/index.php\/2025\/05\/02\/los-autenticos-decadentes-en-la-fexco-2025-una-noche-historica-para-cochabamba-en-la-feria-de-mayor-proyeccion-del-pais\/#primaryimage\"},\"image\":{\"@id\":\"https:\/\/innoticiasbo.com\/index.php\/2025\/05\/02\/los-autenticos-decadentes-en-la-fexco-2025-una-noche-historica-para-cochabamba-en-la-feria-de-mayor-proyeccion-del-pais\/#primaryimage\"},\"thumbnailUrl\":\"https:\/\/i0.wp.com\/innoticiasbo.com\/wp-content\/uploads\/2025\/05\/IMG-20250502-WA0214-scaled.jpg?fit=2560%2C1920&ssl=1\",\"datePublished\":\"2025-05-02T20:10:05+00:00\",\"dateModified\":\"2025-05-02T20:10:38+00:00\",\"breadcrumb\":{\"@id\":\"https:\/\/innoticiasbo.com\/index.php\/2025\/05\/02\/los-autenticos-decadentes-en-la-fexco-2025-una-noche-historica-para-cochabamba-en-la-feria-de-mayor-proyeccion-del-pais\/#breadcrumb\"},\"inLanguage\":\"es\",\"potentialAction\":[{\"@type\":\"ReadAction\",\"target\":[\"https:\/\/innoticiasbo.com\/index.php\/2025\/05\/02\/los-autenticos-decadentes-en-la-fexco-2025-una-noche-historica-para-cochabamba-en-la-feria-de-mayor-proyeccion-del-pais\/\"]}]},{\"@type\":\"ImageObject\",\"inLanguage\":\"es\",\"@id\":\"https:\/\/innoticiasbo.com\/index.php\/2025\/05\/02\/los-autenticos-decadentes-en-la-fexco-2025-una-noche-historica-para-cochabamba-en-la-feria-de-mayor-proyeccion-del-pais\/#primaryimage\",\"url\":\"https:\/\/i0.wp.com\/innoticiasbo.com\/wp-content\/uploads\/2025\/05\/IMG-20250502-WA0214-scaled.jpg?fit=2560%2C1920&ssl=1\",\"contentUrl\":\"https:\/\/i0.wp.com\/innoticiasbo.com\/wp-content\/uploads\/2025\/05\/IMG-20250502-WA0214-scaled.jpg?fit=2560%2C1920&ssl=1\",\"width\":2560,\"height\":1920},{\"@type\":\"BreadcrumbList\",\"@id\":\"https:\/\/innoticiasbo.com\/index.php\/2025\/05\/02\/los-autenticos-decadentes-en-la-fexco-2025-una-noche-historica-para-cochabamba-en-la-feria-de-mayor-proyeccion-del-pais\/#breadcrumb\",\"itemListElement\":[{\"@type\":\"ListItem\",\"position\":1,\"name\":\"Portada\",\"item\":\"https:\/\/innoticiasbo.com\/\"},{\"@type\":\"ListItem\",\"position\":2,\"name\":\"LOS AUT\u00c9NTICOS DECADENTES EN LA FEXCO 2025: UNA NOCHE HIST\u00d3RICA PARA COCHABAMBA EN LA FERIA DE MAYOR PROYECCI\u00d3N DEL PA\u00cdS\"}]},{\"@type\":\"WebSite\",\"@id\":\"https:\/\/innoticiasbo.com\/#website\",\"url\":\"https:\/\/innoticiasbo.com\/\",\"name\":\"innoticiasbo.com\",\"description\":\"\",\"publisher\":{\"@id\":\"https:\/\/innoticiasbo.com\/#organization\"},\"potentialAction\":[{\"@type\":\"SearchAction\",\"target\":{\"@type\":\"EntryPoint\",\"urlTemplate\":\"https:\/\/innoticiasbo.com\/?s={search_term_string}\"},\"query-input\":{\"@type\":\"PropertyValueSpecification\",\"valueRequired\":true,\"valueName\":\"search_term_string\"}}],\"inLanguage\":\"es\"},{\"@type\":\"Organization\",\"@id\":\"https:\/\/innoticiasbo.com\/#organization\",\"name\":\"innoticiasbo.com\",\"url\":\"https:\/\/innoticiasbo.com\/\",\"logo\":{\"@type\":\"ImageObject\",\"inLanguage\":\"es\",\"@id\":\"https:\/\/innoticiasbo.com\/#\/schema\/logo\/image\/\",\"url\":\"https:\/\/i0.wp.com\/innoticiasbo.com\/wp-content\/uploads\/2026\/04\/cropped-IN-LOGO.png?fit=1476%2C1476&ssl=1\",\"contentUrl\":\"https:\/\/i0.wp.com\/innoticiasbo.com\/wp-content\/uploads\/2026\/04\/cropped-IN-LOGO.png?fit=1476%2C1476&ssl=1\",\"width\":1476,\"height\":1476,\"caption\":\"innoticiasbo.com\"},\"image\":{\"@id\":\"https:\/\/innoticiasbo.com\/#\/schema\/logo\/image\/\"},\"sameAs\":[\"https:\/\/www.facebook.com\/innoticiasbolivia\",\"https:\/\/x.com\/innoticiasbo\",\"https:\/\/www.instagram.com\/innoticiasbo\",\"https:\/\/www.youtube.com\/innoticiasbo\"]},{\"@type\":\"Person\",\"@id\":\"https:\/\/innoticiasbo.com\/#\/schema\/person\/589cd527c4211df1b943bdad85ec07ce\",\"name\":\"Prensa\",\"image\":{\"@type\":\"ImageObject\",\"inLanguage\":\"es\",\"@id\":\"https:\/\/innoticiasbo.com\/#\/schema\/person\/image\/\",\"url\":\"https:\/\/secure.gravatar.com\/avatar\/d359bbdf112023c1c0a3ec7fe1600657?s=96&d=mm&r=g\",\"contentUrl\":\"https:\/\/secure.gravatar.com\/avatar\/d359bbdf112023c1c0a3ec7fe1600657?s=96&d=mm&r=g\",\"caption\":\"Prensa\"},\"sameAs\":[\"http:\/\/www.innoticiasbo.com\"],\"url\":\"https:\/\/innoticiasbo.com\/index.php\/author\/prensa\/\"}]}<\/script>\n<!-- \/ Yoast SEO plugin. -->","yoast_head_json":{"title":"LOS AUT\u00c9NTICOS DECADENTES EN LA FEXCO 2025: UNA NOCHE HIST\u00d3RICA PARA COCHABAMBA EN LA FERIA DE MAYOR PROYECCI\u00d3N DEL PA\u00cdS - innoticiasbo.com","robots":{"index":"index","follow":"follow","max-snippet":"max-snippet:-1","max-image-preview":"max-image-preview:large","max-video-preview":"max-video-preview:-1"},"canonical":"https:\/\/innoticiasbo.com\/index.php\/2025\/05\/02\/los-autenticos-decadentes-en-la-fexco-2025-una-noche-historica-para-cochabamba-en-la-feria-de-mayor-proyeccion-del-pais\/","og_locale":"es_ES","og_type":"article","og_title":"LOS AUT\u00c9NTICOS DECADENTES EN LA FEXCO 2025: UNA NOCHE HIST\u00d3RICA PARA COCHABAMBA EN LA FERIA DE MAYOR PROYECCI\u00d3N DEL PA\u00cdS - innoticiasbo.com","og_description":"Cochabamba, 2 de mayo de 2025.- La FEXCO 2025 vivir\u00e1 este viernes una de sus noches m\u00e1s esperadas con el concierto internacional de Los Aut\u00e9nticos Decadentes, legendaria banda argentina que har\u00e1 vibrar la FEXCO Arena desde las 22:00 horas. El espect\u00e1culo, que reunir\u00e1 a miles de asistentes, marca un hito cultural y consolida a la...","og_url":"https:\/\/innoticiasbo.com\/index.php\/2025\/05\/02\/los-autenticos-decadentes-en-la-fexco-2025-una-noche-historica-para-cochabamba-en-la-feria-de-mayor-proyeccion-del-pais\/","og_site_name":"innoticiasbo.com","article_publisher":"https:\/\/www.facebook.com\/innoticiasbolivia","article_published_time":"2025-05-02T20:10:05+00:00","article_modified_time":"2025-05-02T20:10:38+00:00","og_image":[{"width":2560,"height":1920,"url":"https:\/\/i0.wp.com\/innoticiasbo.com\/wp-content\/uploads\/2025\/05\/IMG-20250502-WA0214-scaled.jpg?fit=2560%2C1920&ssl=1","type":"image\/jpeg"}],"author":"Prensa","twitter_card":"summary_large_image","twitter_creator":"@innoticiasbo","twitter_site":"@innoticiasbo","twitter_misc":{"Escrito por":"Prensa","Tiempo de lectura":"2 minutos"},"schema":{"@context":"https:\/\/schema.org","@graph":[{"@type":"Article","@id":"https:\/\/innoticiasbo.com\/index.php\/2025\/05\/02\/los-autenticos-decadentes-en-la-fexco-2025-una-noche-historica-para-cochabamba-en-la-feria-de-mayor-proyeccion-del-pais\/#article","isPartOf":{"@id":"https:\/\/innoticiasbo.com\/index.php\/2025\/05\/02\/los-autenticos-decadentes-en-la-fexco-2025-una-noche-historica-para-cochabamba-en-la-feria-de-mayor-proyeccion-del-pais\/"},"author":{"name":"Prensa","@id":"https:\/\/innoticiasbo.com\/#\/schema\/person\/589cd527c4211df1b943bdad85ec07ce"},"headline":"LOS AUT\u00c9NTICOS DECADENTES EN LA FEXCO 2025: UNA NOCHE HIST\u00d3RICA PARA COCHABAMBA EN LA FERIA DE MAYOR PROYECCI\u00d3N DEL PA\u00cdS","datePublished":"2025-05-02T20:10:05+00:00","dateModified":"2025-05-02T20:10:38+00:00","mainEntityOfPage":{"@id":"https:\/\/innoticiasbo.com\/index.php\/2025\/05\/02\/los-autenticos-decadentes-en-la-fexco-2025-una-noche-historica-para-cochabamba-en-la-feria-de-mayor-proyeccion-del-pais\/"},"wordCount":467,"commentCount":0,"publisher":{"@id":"https:\/\/innoticiasbo.com\/#organization"},"image":{"@id":"https:\/\/innoticiasbo.com\/index.php\/2025\/05\/02\/los-autenticos-decadentes-en-la-fexco-2025-una-noche-historica-para-cochabamba-en-la-feria-de-mayor-proyeccion-del-pais\/#primaryimage"},"thumbnailUrl":"https:\/\/i0.wp.com\/innoticiasbo.com\/wp-content\/uploads\/2025\/05\/IMG-20250502-WA0214-scaled.jpg?fit=2560%2C1920&ssl=1","keywords":["Aut\u00e9nticos Decadentes","FEXCO2025","innoticias","show"],"articleSection":["Cochabamba","Entretenimiento"],"inLanguage":"es","potentialAction":[{"@type":"CommentAction","name":"Comment","target":["https:\/\/innoticiasbo.com\/index.php\/2025\/05\/02\/los-autenticos-decadentes-en-la-fexco-2025-una-noche-historica-para-cochabamba-en-la-feria-de-mayor-proyeccion-del-pais\/#respond"]}]},{"@type":"WebPage","@id":"https:\/\/innoticiasbo.com\/index.php\/2025\/05\/02\/los-autenticos-decadentes-en-la-fexco-2025-una-noche-historica-para-cochabamba-en-la-feria-de-mayor-proyeccion-del-pais\/","url":"https:\/\/innoticiasbo.com\/index.php\/2025\/05\/02\/los-autenticos-decadentes-en-la-fexco-2025-una-noche-historica-para-cochabamba-en-la-feria-de-mayor-proyeccion-del-pais\/","name":"LOS AUT\u00c9NTICOS DECADENTES EN LA FEXCO 2025: UNA NOCHE HIST\u00d3RICA PARA COCHABAMBA EN LA FERIA DE MAYOR PROYECCI\u00d3N DEL PA\u00cdS - innoticiasbo.com","isPartOf":{"@id":"https:\/\/innoticiasbo.com\/#website"},"primaryImageOfPage":{"@id":"https:\/\/innoticiasbo.com\/index.php\/2025\/05\/02\/los-autenticos-decadentes-en-la-fexco-2025-una-noche-historica-para-cochabamba-en-la-feria-de-mayor-proyeccion-del-pais\/#primaryimage"},"image":{"@id":"https:\/\/innoticiasbo.com\/index.php\/2025\/05\/02\/los-autenticos-decadentes-en-la-fexco-2025-una-noche-historica-para-cochabamba-en-la-feria-de-mayor-proyeccion-del-pais\/#primaryimage"},"thumbnailUrl":"https:\/\/i0.wp.com\/innoticiasbo.com\/wp-content\/uploads\/2025\/05\/IMG-20250502-WA0214-scaled.jpg?fit=2560%2C1920&ssl=1","datePublished":"2025-05-02T20:10:05+00:00","dateModified":"2025-05-02T20:10:38+00:00","breadcrumb":{"@id":"https:\/\/innoticiasbo.com\/index.php\/2025\/05\/02\/los-autenticos-decadentes-en-la-fexco-2025-una-noche-historica-para-cochabamba-en-la-feria-de-mayor-proyeccion-del-pais\/#breadcrumb"},"inLanguage":"es","potentialAction":[{"@type":"ReadAction","target":["https:\/\/innoticiasbo.com\/index.php\/2025\/05\/02\/los-autenticos-decadentes-en-la-fexco-2025-una-noche-historica-para-cochabamba-en-la-feria-de-mayor-proyeccion-del-pais\/"]}]},{"@type":"ImageObject","inLanguage":"es","@id":"https:\/\/innoticiasbo.com\/index.php\/2025\/05\/02\/los-autenticos-decadentes-en-la-fexco-2025-una-noche-historica-para-cochabamba-en-la-feria-de-mayor-proyeccion-del-pais\/#primaryimage","url":"https:\/\/i0.wp.com\/innoticiasbo.com\/wp-content\/uploads\/2025\/05\/IMG-20250502-WA0214-scaled.jpg?fit=2560%2C1920&ssl=1","contentUrl":"https:\/\/i0.wp.com\/innoticiasbo.com\/wp-content\/uploads\/2025\/05\/IMG-20250502-WA0214-scaled.jpg?fit=2560%2C1920&ssl=1","width":2560,"height":1920},{"@type":"BreadcrumbList","@id":"https:\/\/innoticiasbo.com\/index.php\/2025\/05\/02\/los-autenticos-decadentes-en-la-fexco-2025-una-noche-historica-para-cochabamba-en-la-feria-de-mayor-proyeccion-del-pais\/#breadcrumb","itemListElement":[{"@type":"ListItem","position":1,"name":"Portada","item":"https:\/\/innoticiasbo.com\/"},{"@type":"ListItem","position":2,"name":"LOS AUT\u00c9NTICOS DECADENTES EN LA FEXCO 2025: UNA NOCHE HIST\u00d3RICA PARA COCHABAMBA EN LA FERIA DE MAYOR PROYECCI\u00d3N DEL PA\u00cdS"}]},{"@type":"WebSite","@id":"https:\/\/innoticiasbo.com\/#website","url":"https:\/\/innoticiasbo.com\/","name":"innoticiasbo.com","description":"","publisher":{"@id":"https:\/\/innoticiasbo.com\/#organization"},"potentialAction":[{"@type":"SearchAction","target":{"@type":"EntryPoint","urlTemplate":"https:\/\/innoticiasbo.com\/?s={search_term_string}"},"query-input":{"@type":"PropertyValueSpecification","valueRequired":true,"valueName":"search_term_string"}}],"inLanguage":"es"},{"@type":"Organization","@id":"https:\/\/innoticiasbo.com\/#organization","name":"innoticiasbo.com","url":"https:\/\/innoticiasbo.com\/","logo":{"@type":"ImageObject","inLanguage":"es","@id":"https:\/\/innoticiasbo.com\/#\/schema\/logo\/image\/","url":"https:\/\/i0.wp.com\/innoticiasbo.com\/wp-content\/uploads\/2026\/04\/cropped-IN-LOGO.png?fit=1476%2C1476&ssl=1","contentUrl":"https:\/\/i0.wp.com\/innoticiasbo.com\/wp-content\/uploads\/2026\/04\/cropped-IN-LOGO.png?fit=1476%2C1476&ssl=1","width":1476,"height":1476,"caption":"innoticiasbo.com"},"image":{"@id":"https:\/\/innoticiasbo.com\/#\/schema\/logo\/image\/"},"sameAs":["https:\/\/www.facebook.com\/innoticiasbolivia","https:\/\/x.com\/innoticiasbo","https:\/\/www.instagram.com\/innoticiasbo","https:\/\/www.youtube.com\/innoticiasbo"]},{"@type":"Person","@id":"https:\/\/innoticiasbo.com\/#\/schema\/person\/589cd527c4211df1b943bdad85ec07ce","name":"Prensa","image":{"@type":"ImageObject","inLanguage":"es","@id":"https:\/\/innoticiasbo.com\/#\/schema\/person\/image\/","url":"https:\/\/secure.gravatar.com\/avatar\/d359bbdf112023c1c0a3ec7fe1600657?s=96&d=mm&r=g","contentUrl":"https:\/\/secure.gravatar.com\/avatar\/d359bbdf112023c1c0a3ec7fe1600657?s=96&d=mm&r=g","caption":"Prensa"},"sameAs":["http:\/\/www.innoticiasbo.com"],"url":"https:\/\/innoticiasbo.com\/index.php\/author\/prensa\/"}]}},"jetpack_featured_media_url":"https:\/\/i0.wp.com\/innoticiasbo.com\/wp-content\/uploads\/2025\/05\/IMG-20250502-WA0214-scaled.jpg?fit=2560%2C1920&ssl=1","jetpack_likes_enabled":true,"jetpack_sharing_enabled":true,"jetpack_shortlink":"https:\/\/wp.me\/pg298x-1jm","_links":{"self":[{"href":"https:\/\/innoticiasbo.com\/index.php\/wp-json\/wp\/v2\/posts\/5044","targetHints":{"allow":["GET"]}}],"collection":[{"href":"https:\/\/innoticiasbo.com\/index.php\/wp-json\/wp\/v2\/posts"}],"about":[{"href":"https:\/\/innoticiasbo.com\/index.php\/wp-json\/wp\/v2\/types\/post"}],"author":[{"embeddable":true,"href":"https:\/\/innoticiasbo.com\/index.php\/wp-json\/wp\/v2\/users\/2"}],"replies":[{"embeddable":true,"href":"https:\/\/innoticiasbo.com\/index.php\/wp-json\/wp\/v2\/comments?post=5044"}],"version-history":[{"count":1,"href":"https:\/\/innoticiasbo.com\/index.php\/wp-json\/wp\/v2\/posts\/5044\/revisions"}],"predecessor-version":[{"id":5045,"href":"https:\/\/innoticiasbo.com\/index.php\/wp-json\/wp\/v2\/posts\/5044\/revisions\/5045"}],"wp:featuredmedia":[{"embeddable":true,"href":"https:\/\/innoticiasbo.com\/index.php\/wp-json\/wp\/v2\/media\/5043"}],"wp:attachment":[{"href":"https:\/\/innoticiasbo.com\/index.php\/wp-json\/wp\/v2\/media?parent=5044"}],"wp:term":[{"taxonomy":"category","embeddable":true,"href":"https:\/\/innoticiasbo.com\/index.php\/wp-json\/wp\/v2\/categories?post=5044"},{"taxonomy":"post_tag","embeddable":true,"href":"https:\/\/innoticiasbo.com\/index.php\/wp-json\/wp\/v2\/tags?post=5044"}],"curies":[{"name":"wp","href":"https:\/\/api.w.org\/{rel}","templated":true}]}}