{"id":5039,"date":"2025-05-02T15:49:04","date_gmt":"2025-05-02T19:49:04","guid":{"rendered":"https:\/\/innoticiasbo.com\/?p=5039"},"modified":"2025-05-02T15:49:39","modified_gmt":"2025-05-02T19:49:39","slug":"alcalde-entrega-herramientas-y-equipamiento-al-personal-de-emavra-para-fortalecer-el-cuidado-de-las-areas-verdes","status":"publish","type":"post","link":"https:\/\/innoticiasbo.com\/index.php\/2025\/05\/02\/alcalde-entrega-herramientas-y-equipamiento-al-personal-de-emavra-para-fortalecer-el-cuidado-de-las-areas-verdes\/","title":{"rendered":"ALCALDE ENTREGA HERRAMIENTAS Y EQUIPAMIENTO AL PERSONAL DE EMAVRA PARA FORTALECER EL CUIDADO DE LAS \u00c1REAS VERDES"},"content":{"rendered":"\n<p>Cochabamba, 2 de mayo de 2025.- El alcalde Manfred Reyes Villa entreg\u00f3 este viernes herramientas, equipo de trabajo e indumentaria al personal de la Empresa Municipal de \u00c1reas Verdes y Recreaci\u00f3n Alternativa (EMAVRA), con el objetivo de fortalecer sus labores y mejorar las condiciones en las que desarrollan el mantenimiento de jardines y espacios p\u00fablicos de la ciudad.<\/p>\n\n\n\n<figure class=\"wp-block-image size-large\"><img data-recalc-dims=\"1\" loading=\"lazy\" decoding=\"async\" width=\"640\" height=\"426\" src=\"https:\/\/i0.wp.com\/innoticiasbo.com\/wp-content\/uploads\/2025\/05\/img-20250502-wa01188971836118062713783.jpg?resize=640%2C426&#038;ssl=1\" alt=\"\" class=\"wp-image-5035\" srcset=\"https:\/\/i0.wp.com\/innoticiasbo.com\/wp-content\/uploads\/2025\/05\/img-20250502-wa01188971836118062713783.jpg?resize=1024%2C682&amp;ssl=1 1024w, https:\/\/i0.wp.com\/innoticiasbo.com\/wp-content\/uploads\/2025\/05\/img-20250502-wa01188971836118062713783.jpg?resize=300%2C200&amp;ssl=1 300w, https:\/\/i0.wp.com\/innoticiasbo.com\/wp-content\/uploads\/2025\/05\/img-20250502-wa01188971836118062713783.jpg?resize=768%2C512&amp;ssl=1 768w, https:\/\/i0.wp.com\/innoticiasbo.com\/wp-content\/uploads\/2025\/05\/img-20250502-wa01188971836118062713783.jpg?resize=1536%2C1023&amp;ssl=1 1536w, https:\/\/i0.wp.com\/innoticiasbo.com\/wp-content\/uploads\/2025\/05\/img-20250502-wa01188971836118062713783.jpg?resize=600%2C400&amp;ssl=1 600w, https:\/\/i0.wp.com\/innoticiasbo.com\/wp-content\/uploads\/2025\/05\/img-20250502-wa01188971836118062713783.jpg?w=1600&amp;ssl=1 1600w, https:\/\/i0.wp.com\/innoticiasbo.com\/wp-content\/uploads\/2025\/05\/img-20250502-wa01188971836118062713783.jpg?w=1280&amp;ssl=1 1280w\" sizes=\"auto, (max-width: 640px) 100vw, 640px\" \/><\/figure>\n\n\n\n<p>Durante el acto, la autoridad municipal destac\u00f3 la importancia de conservar la imagen de Cochabamba como \u201cCiudad Jard\u00edn\u201d y reafirm\u00f3 su compromiso con el embellecimiento urbano.<\/p>\n\n\n\n<p>\u201cEstamos haciendo esta entrega para mantener el sitial de ciudad Jard\u00edn (\u2026) vamos a continuar trabajando en los jardines y \u00e1reas verdes\u201d, expres\u00f3 el alcalde.<\/p>\n\n\n\n<figure class=\"wp-block-image size-large\"><img data-recalc-dims=\"1\" loading=\"lazy\" decoding=\"async\" width=\"640\" height=\"426\" src=\"https:\/\/i0.wp.com\/innoticiasbo.com\/wp-content\/uploads\/2025\/05\/img-20250502-wa01193036357444909964950.jpg?resize=640%2C426&#038;ssl=1\" alt=\"\" class=\"wp-image-5036\" srcset=\"https:\/\/i0.wp.com\/innoticiasbo.com\/wp-content\/uploads\/2025\/05\/img-20250502-wa01193036357444909964950.jpg?resize=1024%2C682&amp;ssl=1 1024w, https:\/\/i0.wp.com\/innoticiasbo.com\/wp-content\/uploads\/2025\/05\/img-20250502-wa01193036357444909964950.jpg?resize=300%2C200&amp;ssl=1 300w, https:\/\/i0.wp.com\/innoticiasbo.com\/wp-content\/uploads\/2025\/05\/img-20250502-wa01193036357444909964950.jpg?resize=768%2C512&amp;ssl=1 768w, https:\/\/i0.wp.com\/innoticiasbo.com\/wp-content\/uploads\/2025\/05\/img-20250502-wa01193036357444909964950.jpg?resize=1536%2C1023&amp;ssl=1 1536w, https:\/\/i0.wp.com\/innoticiasbo.com\/wp-content\/uploads\/2025\/05\/img-20250502-wa01193036357444909964950.jpg?resize=600%2C400&amp;ssl=1 600w, https:\/\/i0.wp.com\/innoticiasbo.com\/wp-content\/uploads\/2025\/05\/img-20250502-wa01193036357444909964950.jpg?w=1600&amp;ssl=1 1600w, https:\/\/i0.wp.com\/innoticiasbo.com\/wp-content\/uploads\/2025\/05\/img-20250502-wa01193036357444909964950.jpg?w=1280&amp;ssl=1 1280w\" sizes=\"auto, (max-width: 640px) 100vw, 640px\" \/><\/figure>\n\n\n\n<p>Reyes Villa tambi\u00e9n felicit\u00f3 al personal de EMAVRA por su dedicaci\u00f3n y compromiso con la ciudad, reconociendo su esfuerzo diario para mantener los espacios p\u00fablicos en \u00f3ptimas condiciones.<\/p>\n\n\n\n<p>\u201cQuiero agradecerles el trabajo que vienen realizando en nuestra ciudad y tenemos que hacerlo con el mayor cari\u00f1o, tenemos que seguir mejorando Cochabamba para nuestros hijos y para las pr\u00f3ximas generaciones, la Llajta ser\u00e1 una de las mejores y m\u00e1s lindas ciudades de Bolivia\u201d, manifest\u00f3.<\/p>\n\n\n\n<figure class=\"wp-block-image size-large\"><img data-recalc-dims=\"1\" loading=\"lazy\" decoding=\"async\" width=\"640\" height=\"918\" src=\"https:\/\/i0.wp.com\/innoticiasbo.com\/wp-content\/uploads\/2025\/05\/img-20250502-wa0123439048100132989144.jpg?resize=640%2C918&#038;ssl=1\" alt=\"\" class=\"wp-image-5037\" srcset=\"https:\/\/i0.wp.com\/innoticiasbo.com\/wp-content\/uploads\/2025\/05\/img-20250502-wa0123439048100132989144.jpg?resize=714%2C1024&amp;ssl=1 714w, https:\/\/i0.wp.com\/innoticiasbo.com\/wp-content\/uploads\/2025\/05\/img-20250502-wa0123439048100132989144.jpg?resize=209%2C300&amp;ssl=1 209w, https:\/\/i0.wp.com\/innoticiasbo.com\/wp-content\/uploads\/2025\/05\/img-20250502-wa0123439048100132989144.jpg?resize=768%2C1101&amp;ssl=1 768w, https:\/\/i0.wp.com\/innoticiasbo.com\/wp-content\/uploads\/2025\/05\/img-20250502-wa0123439048100132989144.jpg?resize=1071%2C1536&amp;ssl=1 1071w, https:\/\/i0.wp.com\/innoticiasbo.com\/wp-content\/uploads\/2025\/05\/img-20250502-wa0123439048100132989144.jpg?w=1116&amp;ssl=1 1116w\" sizes=\"auto, (max-width: 640px) 100vw, 640px\" \/><\/figure>\n\n\n\n<p>Durante el evento, el alcalde anunci\u00f3 que en los pr\u00f3ximos d\u00edas se colocar\u00e1 la piedra fundamental para la construcci\u00f3n de la Playa Turquesa, un proyecto esperado por los vecinos de la zona de Co\u00f1a Co\u00f1a.<\/p>\n\n\n\n<p>\u201cEste proyecto es muy anhelado por los vecinos de Co\u00f1a Co\u00f1a, el cual ser\u00e1 un atractivo para la poblaci\u00f3n\u201d, agreg\u00f3 Reyes Villa.<\/p>\n","protected":false},"excerpt":{"rendered":"<p>Cochabamba, 2 de mayo de 2025.- El alcalde Manfred Reyes Villa entreg\u00f3 este viernes herramientas, equipo de trabajo e indumentaria al personal de la Empresa Municipal de \u00c1reas Verdes y Recreaci\u00f3n Alternativa (EMAVRA), con el objetivo de fortalecer sus labores y mejorar las condiciones en las que desarrollan el mantenimiento de jardines y espacios p\u00fablicos&#8230;<\/p>\n","protected":false},"author":2,"featured_media":5038,"comment_status":"open","ping_status":"open","sticky":false,"template":"","format":"standard","meta":{"_jetpack_memberships_contains_paid_content":false,"footnotes":"","jetpack_publicize_message":"","jetpack_publicize_feature_enabled":true,"jetpack_social_post_already_shared":true,"jetpack_social_options":{"image_generator_settings":{"template":"highway","enabled":false},"version":2}},"categories":[2],"tags":[247,6,245,246,31],"class_list":["post-5039","post","type-post","status-publish","format-standard","has-post-thumbnail","hentry","category-cochabamba","tag-ciudad-jardin","tag-cochabamba","tag-emavra","tag-herramientas","tag-manfred-reyes-villa"],"jetpack_publicize_connections":[],"yoast_head":"<!-- This site is optimized with the Yoast SEO plugin v23.4 - https:\/\/yoast.com\/wordpress\/plugins\/seo\/ -->\n<title>ALCALDE ENTREGA HERRAMIENTAS Y EQUIPAMIENTO AL PERSONAL DE EMAVRA PARA FORTALECER EL CUIDADO DE LAS \u00c1REAS VERDES - innoticiasbo.com<\/title>\n<meta name=\"robots\" content=\"index, follow, max-snippet:-1, max-image-preview:large, max-video-preview:-1\" \/>\n<link rel=\"canonical\" href=\"https:\/\/innoticiasbo.com\/index.php\/2025\/05\/02\/alcalde-entrega-herramientas-y-equipamiento-al-personal-de-emavra-para-fortalecer-el-cuidado-de-las-areas-verdes\/\" \/>\n<meta property=\"og:locale\" content=\"es_ES\" \/>\n<meta property=\"og:type\" content=\"article\" \/>\n<meta property=\"og:title\" content=\"ALCALDE ENTREGA HERRAMIENTAS Y EQUIPAMIENTO AL PERSONAL DE EMAVRA PARA FORTALECER EL CUIDADO DE LAS \u00c1REAS VERDES - innoticiasbo.com\" \/>\n<meta property=\"og:description\" content=\"Cochabamba, 2 de mayo de 2025.- El alcalde Manfred Reyes Villa entreg\u00f3 este viernes herramientas, equipo de trabajo e indumentaria al personal de la Empresa Municipal de \u00c1reas Verdes y Recreaci\u00f3n Alternativa (EMAVRA), con el objetivo de fortalecer sus labores y mejorar las condiciones en las que desarrollan el mantenimiento de jardines y espacios p\u00fablicos...\" \/>\n<meta property=\"og:url\" content=\"https:\/\/innoticiasbo.com\/index.php\/2025\/05\/02\/alcalde-entrega-herramientas-y-equipamiento-al-personal-de-emavra-para-fortalecer-el-cuidado-de-las-areas-verdes\/\" \/>\n<meta property=\"og:site_name\" content=\"innoticiasbo.com\" \/>\n<meta property=\"article:publisher\" content=\"https:\/\/www.facebook.com\/innoticiasbolivia\" \/>\n<meta property=\"article:published_time\" content=\"2025-05-02T19:49:04+00:00\" \/>\n<meta property=\"article:modified_time\" content=\"2025-05-02T19:49:39+00:00\" \/>\n<meta property=\"og:image\" content=\"https:\/\/i0.wp.com\/innoticiasbo.com\/wp-content\/uploads\/2025\/05\/IMG-20250502-WA0122.jpg?fit=1600%2C1066&ssl=1\" \/>\n\t<meta property=\"og:image:width\" content=\"1600\" \/>\n\t<meta property=\"og:image:height\" content=\"1066\" \/>\n\t<meta property=\"og:image:type\" content=\"image\/jpeg\" \/>\n<meta name=\"author\" content=\"Prensa\" \/>\n<meta name=\"twitter:card\" content=\"summary_large_image\" \/>\n<meta name=\"twitter:creator\" content=\"@innoticiasbo\" \/>\n<meta name=\"twitter:site\" content=\"@innoticiasbo\" \/>\n<meta name=\"twitter:label1\" content=\"Escrito por\" \/>\n\t<meta name=\"twitter:data1\" content=\"Prensa\" \/>\n\t<meta name=\"twitter:label2\" content=\"Tiempo de lectura\" \/>\n\t<meta name=\"twitter:data2\" content=\"1 minuto\" \/>\n<script type=\"application\/ld+json\" class=\"yoast-schema-graph\">{\"@context\":\"https:\/\/schema.org\",\"@graph\":[{\"@type\":\"Article\",\"@id\":\"https:\/\/innoticiasbo.com\/index.php\/2025\/05\/02\/alcalde-entrega-herramientas-y-equipamiento-al-personal-de-emavra-para-fortalecer-el-cuidado-de-las-areas-verdes\/#article\",\"isPartOf\":{\"@id\":\"https:\/\/innoticiasbo.com\/index.php\/2025\/05\/02\/alcalde-entrega-herramientas-y-equipamiento-al-personal-de-emavra-para-fortalecer-el-cuidado-de-las-areas-verdes\/\"},\"author\":{\"name\":\"Prensa\",\"@id\":\"https:\/\/innoticiasbo.com\/#\/schema\/person\/589cd527c4211df1b943bdad85ec07ce\"},\"headline\":\"ALCALDE ENTREGA HERRAMIENTAS Y EQUIPAMIENTO AL PERSONAL DE EMAVRA PARA FORTALECER EL CUIDADO DE LAS \u00c1REAS VERDES\",\"datePublished\":\"2025-05-02T19:49:04+00:00\",\"dateModified\":\"2025-05-02T19:49:39+00:00\",\"mainEntityOfPage\":{\"@id\":\"https:\/\/innoticiasbo.com\/index.php\/2025\/05\/02\/alcalde-entrega-herramientas-y-equipamiento-al-personal-de-emavra-para-fortalecer-el-cuidado-de-las-areas-verdes\/\"},\"wordCount\":272,\"commentCount\":0,\"publisher\":{\"@id\":\"https:\/\/innoticiasbo.com\/#organization\"},\"image\":{\"@id\":\"https:\/\/innoticiasbo.com\/index.php\/2025\/05\/02\/alcalde-entrega-herramientas-y-equipamiento-al-personal-de-emavra-para-fortalecer-el-cuidado-de-las-areas-verdes\/#primaryimage\"},\"thumbnailUrl\":\"https:\/\/i0.wp.com\/innoticiasbo.com\/wp-content\/uploads\/2025\/05\/IMG-20250502-WA0122.jpg?fit=1600%2C1066&ssl=1\",\"keywords\":[\"ciudad jardin\",\"Cochabamba\",\"EMAVRA\",\"herramientas\",\"Manfred Reyes Villa\"],\"articleSection\":[\"Cochabamba\"],\"inLanguage\":\"es\",\"potentialAction\":[{\"@type\":\"CommentAction\",\"name\":\"Comment\",\"target\":[\"https:\/\/innoticiasbo.com\/index.php\/2025\/05\/02\/alcalde-entrega-herramientas-y-equipamiento-al-personal-de-emavra-para-fortalecer-el-cuidado-de-las-areas-verdes\/#respond\"]}]},{\"@type\":\"WebPage\",\"@id\":\"https:\/\/innoticiasbo.com\/index.php\/2025\/05\/02\/alcalde-entrega-herramientas-y-equipamiento-al-personal-de-emavra-para-fortalecer-el-cuidado-de-las-areas-verdes\/\",\"url\":\"https:\/\/innoticiasbo.com\/index.php\/2025\/05\/02\/alcalde-entrega-herramientas-y-equipamiento-al-personal-de-emavra-para-fortalecer-el-cuidado-de-las-areas-verdes\/\",\"name\":\"ALCALDE ENTREGA HERRAMIENTAS Y EQUIPAMIENTO AL PERSONAL DE EMAVRA PARA FORTALECER EL CUIDADO DE LAS \u00c1REAS VERDES - innoticiasbo.com\",\"isPartOf\":{\"@id\":\"https:\/\/innoticiasbo.com\/#website\"},\"primaryImageOfPage\":{\"@id\":\"https:\/\/innoticiasbo.com\/index.php\/2025\/05\/02\/alcalde-entrega-herramientas-y-equipamiento-al-personal-de-emavra-para-fortalecer-el-cuidado-de-las-areas-verdes\/#primaryimage\"},\"image\":{\"@id\":\"https:\/\/innoticiasbo.com\/index.php\/2025\/05\/02\/alcalde-entrega-herramientas-y-equipamiento-al-personal-de-emavra-para-fortalecer-el-cuidado-de-las-areas-verdes\/#primaryimage\"},\"thumbnailUrl\":\"https:\/\/i0.wp.com\/innoticiasbo.com\/wp-content\/uploads\/2025\/05\/IMG-20250502-WA0122.jpg?fit=1600%2C1066&ssl=1\",\"datePublished\":\"2025-05-02T19:49:04+00:00\",\"dateModified\":\"2025-05-02T19:49:39+00:00\",\"breadcrumb\":{\"@id\":\"https:\/\/innoticiasbo.com\/index.php\/2025\/05\/02\/alcalde-entrega-herramientas-y-equipamiento-al-personal-de-emavra-para-fortalecer-el-cuidado-de-las-areas-verdes\/#breadcrumb\"},\"inLanguage\":\"es\",\"potentialAction\":[{\"@type\":\"ReadAction\",\"target\":[\"https:\/\/innoticiasbo.com\/index.php\/2025\/05\/02\/alcalde-entrega-herramientas-y-equipamiento-al-personal-de-emavra-para-fortalecer-el-cuidado-de-las-areas-verdes\/\"]}]},{\"@type\":\"ImageObject\",\"inLanguage\":\"es\",\"@id\":\"https:\/\/innoticiasbo.com\/index.php\/2025\/05\/02\/alcalde-entrega-herramientas-y-equipamiento-al-personal-de-emavra-para-fortalecer-el-cuidado-de-las-areas-verdes\/#primaryimage\",\"url\":\"https:\/\/i0.wp.com\/innoticiasbo.com\/wp-content\/uploads\/2025\/05\/IMG-20250502-WA0122.jpg?fit=1600%2C1066&ssl=1\",\"contentUrl\":\"https:\/\/i0.wp.com\/innoticiasbo.com\/wp-content\/uploads\/2025\/05\/IMG-20250502-WA0122.jpg?fit=1600%2C1066&ssl=1\",\"width\":1600,\"height\":1066},{\"@type\":\"BreadcrumbList\",\"@id\":\"https:\/\/innoticiasbo.com\/index.php\/2025\/05\/02\/alcalde-entrega-herramientas-y-equipamiento-al-personal-de-emavra-para-fortalecer-el-cuidado-de-las-areas-verdes\/#breadcrumb\",\"itemListElement\":[{\"@type\":\"ListItem\",\"position\":1,\"name\":\"Portada\",\"item\":\"https:\/\/innoticiasbo.com\/\"},{\"@type\":\"ListItem\",\"position\":2,\"name\":\"ALCALDE ENTREGA HERRAMIENTAS Y EQUIPAMIENTO AL PERSONAL DE EMAVRA PARA FORTALECER EL CUIDADO DE LAS \u00c1REAS VERDES\"}]},{\"@type\":\"WebSite\",\"@id\":\"https:\/\/innoticiasbo.com\/#website\",\"url\":\"https:\/\/innoticiasbo.com\/\",\"name\":\"innoticiasbo.com\",\"description\":\"\",\"publisher\":{\"@id\":\"https:\/\/innoticiasbo.com\/#organization\"},\"potentialAction\":[{\"@type\":\"SearchAction\",\"target\":{\"@type\":\"EntryPoint\",\"urlTemplate\":\"https:\/\/innoticiasbo.com\/?s={search_term_string}\"},\"query-input\":{\"@type\":\"PropertyValueSpecification\",\"valueRequired\":true,\"valueName\":\"search_term_string\"}}],\"inLanguage\":\"es\"},{\"@type\":\"Organization\",\"@id\":\"https:\/\/innoticiasbo.com\/#organization\",\"name\":\"innoticiasbo.com\",\"url\":\"https:\/\/innoticiasbo.com\/\",\"logo\":{\"@type\":\"ImageObject\",\"inLanguage\":\"es\",\"@id\":\"https:\/\/innoticiasbo.com\/#\/schema\/logo\/image\/\",\"url\":\"https:\/\/i0.wp.com\/innoticiasbo.com\/wp-content\/uploads\/2026\/04\/cropped-IN-LOGO.png?fit=1476%2C1476&ssl=1\",\"contentUrl\":\"https:\/\/i0.wp.com\/innoticiasbo.com\/wp-content\/uploads\/2026\/04\/cropped-IN-LOGO.png?fit=1476%2C1476&ssl=1\",\"width\":1476,\"height\":1476,\"caption\":\"innoticiasbo.com\"},\"image\":{\"@id\":\"https:\/\/innoticiasbo.com\/#\/schema\/logo\/image\/\"},\"sameAs\":[\"https:\/\/www.facebook.com\/innoticiasbolivia\",\"https:\/\/x.com\/innoticiasbo\",\"https:\/\/www.instagram.com\/innoticiasbo\",\"https:\/\/www.youtube.com\/innoticiasbo\"]},{\"@type\":\"Person\",\"@id\":\"https:\/\/innoticiasbo.com\/#\/schema\/person\/589cd527c4211df1b943bdad85ec07ce\",\"name\":\"Prensa\",\"image\":{\"@type\":\"ImageObject\",\"inLanguage\":\"es\",\"@id\":\"https:\/\/innoticiasbo.com\/#\/schema\/person\/image\/\",\"url\":\"https:\/\/secure.gravatar.com\/avatar\/d359bbdf112023c1c0a3ec7fe1600657?s=96&d=mm&r=g\",\"contentUrl\":\"https:\/\/secure.gravatar.com\/avatar\/d359bbdf112023c1c0a3ec7fe1600657?s=96&d=mm&r=g\",\"caption\":\"Prensa\"},\"sameAs\":[\"http:\/\/www.innoticiasbo.com\"],\"url\":\"https:\/\/innoticiasbo.com\/index.php\/author\/prensa\/\"}]}<\/script>\n<!-- \/ Yoast SEO plugin. -->","yoast_head_json":{"title":"ALCALDE ENTREGA HERRAMIENTAS Y EQUIPAMIENTO AL PERSONAL DE EMAVRA PARA FORTALECER EL CUIDADO DE LAS \u00c1REAS VERDES - innoticiasbo.com","robots":{"index":"index","follow":"follow","max-snippet":"max-snippet:-1","max-image-preview":"max-image-preview:large","max-video-preview":"max-video-preview:-1"},"canonical":"https:\/\/innoticiasbo.com\/index.php\/2025\/05\/02\/alcalde-entrega-herramientas-y-equipamiento-al-personal-de-emavra-para-fortalecer-el-cuidado-de-las-areas-verdes\/","og_locale":"es_ES","og_type":"article","og_title":"ALCALDE ENTREGA HERRAMIENTAS Y EQUIPAMIENTO AL PERSONAL DE EMAVRA PARA FORTALECER EL CUIDADO DE LAS \u00c1REAS VERDES - innoticiasbo.com","og_description":"Cochabamba, 2 de mayo de 2025.- El alcalde Manfred Reyes Villa entreg\u00f3 este viernes herramientas, equipo de trabajo e indumentaria al personal de la Empresa Municipal de \u00c1reas Verdes y Recreaci\u00f3n Alternativa (EMAVRA), con el objetivo de fortalecer sus labores y mejorar las condiciones en las que desarrollan el mantenimiento de jardines y espacios p\u00fablicos...","og_url":"https:\/\/innoticiasbo.com\/index.php\/2025\/05\/02\/alcalde-entrega-herramientas-y-equipamiento-al-personal-de-emavra-para-fortalecer-el-cuidado-de-las-areas-verdes\/","og_site_name":"innoticiasbo.com","article_publisher":"https:\/\/www.facebook.com\/innoticiasbolivia","article_published_time":"2025-05-02T19:49:04+00:00","article_modified_time":"2025-05-02T19:49:39+00:00","og_image":[{"width":1600,"height":1066,"url":"https:\/\/i0.wp.com\/innoticiasbo.com\/wp-content\/uploads\/2025\/05\/IMG-20250502-WA0122.jpg?fit=1600%2C1066&ssl=1","type":"image\/jpeg"}],"author":"Prensa","twitter_card":"summary_large_image","twitter_creator":"@innoticiasbo","twitter_site":"@innoticiasbo","twitter_misc":{"Escrito por":"Prensa","Tiempo de lectura":"1 minuto"},"schema":{"@context":"https:\/\/schema.org","@graph":[{"@type":"Article","@id":"https:\/\/innoticiasbo.com\/index.php\/2025\/05\/02\/alcalde-entrega-herramientas-y-equipamiento-al-personal-de-emavra-para-fortalecer-el-cuidado-de-las-areas-verdes\/#article","isPartOf":{"@id":"https:\/\/innoticiasbo.com\/index.php\/2025\/05\/02\/alcalde-entrega-herramientas-y-equipamiento-al-personal-de-emavra-para-fortalecer-el-cuidado-de-las-areas-verdes\/"},"author":{"name":"Prensa","@id":"https:\/\/innoticiasbo.com\/#\/schema\/person\/589cd527c4211df1b943bdad85ec07ce"},"headline":"ALCALDE ENTREGA HERRAMIENTAS Y EQUIPAMIENTO AL PERSONAL DE EMAVRA PARA FORTALECER EL CUIDADO DE LAS \u00c1REAS VERDES","datePublished":"2025-05-02T19:49:04+00:00","dateModified":"2025-05-02T19:49:39+00:00","mainEntityOfPage":{"@id":"https:\/\/innoticiasbo.com\/index.php\/2025\/05\/02\/alcalde-entrega-herramientas-y-equipamiento-al-personal-de-emavra-para-fortalecer-el-cuidado-de-las-areas-verdes\/"},"wordCount":272,"commentCount":0,"publisher":{"@id":"https:\/\/innoticiasbo.com\/#organization"},"image":{"@id":"https:\/\/innoticiasbo.com\/index.php\/2025\/05\/02\/alcalde-entrega-herramientas-y-equipamiento-al-personal-de-emavra-para-fortalecer-el-cuidado-de-las-areas-verdes\/#primaryimage"},"thumbnailUrl":"https:\/\/i0.wp.com\/innoticiasbo.com\/wp-content\/uploads\/2025\/05\/IMG-20250502-WA0122.jpg?fit=1600%2C1066&ssl=1","keywords":["ciudad jardin","Cochabamba","EMAVRA","herramientas","Manfred Reyes Villa"],"articleSection":["Cochabamba"],"inLanguage":"es","potentialAction":[{"@type":"CommentAction","name":"Comment","target":["https:\/\/innoticiasbo.com\/index.php\/2025\/05\/02\/alcalde-entrega-herramientas-y-equipamiento-al-personal-de-emavra-para-fortalecer-el-cuidado-de-las-areas-verdes\/#respond"]}]},{"@type":"WebPage","@id":"https:\/\/innoticiasbo.com\/index.php\/2025\/05\/02\/alcalde-entrega-herramientas-y-equipamiento-al-personal-de-emavra-para-fortalecer-el-cuidado-de-las-areas-verdes\/","url":"https:\/\/innoticiasbo.com\/index.php\/2025\/05\/02\/alcalde-entrega-herramientas-y-equipamiento-al-personal-de-emavra-para-fortalecer-el-cuidado-de-las-areas-verdes\/","name":"ALCALDE ENTREGA HERRAMIENTAS Y EQUIPAMIENTO AL PERSONAL DE EMAVRA PARA FORTALECER EL CUIDADO DE LAS \u00c1REAS VERDES - innoticiasbo.com","isPartOf":{"@id":"https:\/\/innoticiasbo.com\/#website"},"primaryImageOfPage":{"@id":"https:\/\/innoticiasbo.com\/index.php\/2025\/05\/02\/alcalde-entrega-herramientas-y-equipamiento-al-personal-de-emavra-para-fortalecer-el-cuidado-de-las-areas-verdes\/#primaryimage"},"image":{"@id":"https:\/\/innoticiasbo.com\/index.php\/2025\/05\/02\/alcalde-entrega-herramientas-y-equipamiento-al-personal-de-emavra-para-fortalecer-el-cuidado-de-las-areas-verdes\/#primaryimage"},"thumbnailUrl":"https:\/\/i0.wp.com\/innoticiasbo.com\/wp-content\/uploads\/2025\/05\/IMG-20250502-WA0122.jpg?fit=1600%2C1066&ssl=1","datePublished":"2025-05-02T19:49:04+00:00","dateModified":"2025-05-02T19:49:39+00:00","breadcrumb":{"@id":"https:\/\/innoticiasbo.com\/index.php\/2025\/05\/02\/alcalde-entrega-herramientas-y-equipamiento-al-personal-de-emavra-para-fortalecer-el-cuidado-de-las-areas-verdes\/#breadcrumb"},"inLanguage":"es","potentialAction":[{"@type":"ReadAction","target":["https:\/\/innoticiasbo.com\/index.php\/2025\/05\/02\/alcalde-entrega-herramientas-y-equipamiento-al-personal-de-emavra-para-fortalecer-el-cuidado-de-las-areas-verdes\/"]}]},{"@type":"ImageObject","inLanguage":"es","@id":"https:\/\/innoticiasbo.com\/index.php\/2025\/05\/02\/alcalde-entrega-herramientas-y-equipamiento-al-personal-de-emavra-para-fortalecer-el-cuidado-de-las-areas-verdes\/#primaryimage","url":"https:\/\/i0.wp.com\/innoticiasbo.com\/wp-content\/uploads\/2025\/05\/IMG-20250502-WA0122.jpg?fit=1600%2C1066&ssl=1","contentUrl":"https:\/\/i0.wp.com\/innoticiasbo.com\/wp-content\/uploads\/2025\/05\/IMG-20250502-WA0122.jpg?fit=1600%2C1066&ssl=1","width":1600,"height":1066},{"@type":"BreadcrumbList","@id":"https:\/\/innoticiasbo.com\/index.php\/2025\/05\/02\/alcalde-entrega-herramientas-y-equipamiento-al-personal-de-emavra-para-fortalecer-el-cuidado-de-las-areas-verdes\/#breadcrumb","itemListElement":[{"@type":"ListItem","position":1,"name":"Portada","item":"https:\/\/innoticiasbo.com\/"},{"@type":"ListItem","position":2,"name":"ALCALDE ENTREGA HERRAMIENTAS Y EQUIPAMIENTO AL PERSONAL DE EMAVRA PARA FORTALECER EL CUIDADO DE LAS \u00c1REAS VERDES"}]},{"@type":"WebSite","@id":"https:\/\/innoticiasbo.com\/#website","url":"https:\/\/innoticiasbo.com\/","name":"innoticiasbo.com","description":"","publisher":{"@id":"https:\/\/innoticiasbo.com\/#organization"},"potentialAction":[{"@type":"SearchAction","target":{"@type":"EntryPoint","urlTemplate":"https:\/\/innoticiasbo.com\/?s={search_term_string}"},"query-input":{"@type":"PropertyValueSpecification","valueRequired":true,"valueName":"search_term_string"}}],"inLanguage":"es"},{"@type":"Organization","@id":"https:\/\/innoticiasbo.com\/#organization","name":"innoticiasbo.com","url":"https:\/\/innoticiasbo.com\/","logo":{"@type":"ImageObject","inLanguage":"es","@id":"https:\/\/innoticiasbo.com\/#\/schema\/logo\/image\/","url":"https:\/\/i0.wp.com\/innoticiasbo.com\/wp-content\/uploads\/2026\/04\/cropped-IN-LOGO.png?fit=1476%2C1476&ssl=1","contentUrl":"https:\/\/i0.wp.com\/innoticiasbo.com\/wp-content\/uploads\/2026\/04\/cropped-IN-LOGO.png?fit=1476%2C1476&ssl=1","width":1476,"height":1476,"caption":"innoticiasbo.com"},"image":{"@id":"https:\/\/innoticiasbo.com\/#\/schema\/logo\/image\/"},"sameAs":["https:\/\/www.facebook.com\/innoticiasbolivia","https:\/\/x.com\/innoticiasbo","https:\/\/www.instagram.com\/innoticiasbo","https:\/\/www.youtube.com\/innoticiasbo"]},{"@type":"Person","@id":"https:\/\/innoticiasbo.com\/#\/schema\/person\/589cd527c4211df1b943bdad85ec07ce","name":"Prensa","image":{"@type":"ImageObject","inLanguage":"es","@id":"https:\/\/innoticiasbo.com\/#\/schema\/person\/image\/","url":"https:\/\/secure.gravatar.com\/avatar\/d359bbdf112023c1c0a3ec7fe1600657?s=96&d=mm&r=g","contentUrl":"https:\/\/secure.gravatar.com\/avatar\/d359bbdf112023c1c0a3ec7fe1600657?s=96&d=mm&r=g","caption":"Prensa"},"sameAs":["http:\/\/www.innoticiasbo.com"],"url":"https:\/\/innoticiasbo.com\/index.php\/author\/prensa\/"}]}},"jetpack_featured_media_url":"https:\/\/i0.wp.com\/innoticiasbo.com\/wp-content\/uploads\/2025\/05\/IMG-20250502-WA0122.jpg?fit=1600%2C1066&ssl=1","jetpack_likes_enabled":true,"jetpack_sharing_enabled":true,"jetpack_shortlink":"https:\/\/wp.me\/pg298x-1jh","_links":{"self":[{"href":"https:\/\/innoticiasbo.com\/index.php\/wp-json\/wp\/v2\/posts\/5039","targetHints":{"allow":["GET"]}}],"collection":[{"href":"https:\/\/innoticiasbo.com\/index.php\/wp-json\/wp\/v2\/posts"}],"about":[{"href":"https:\/\/innoticiasbo.com\/index.php\/wp-json\/wp\/v2\/types\/post"}],"author":[{"embeddable":true,"href":"https:\/\/innoticiasbo.com\/index.php\/wp-json\/wp\/v2\/users\/2"}],"replies":[{"embeddable":true,"href":"https:\/\/innoticiasbo.com\/index.php\/wp-json\/wp\/v2\/comments?post=5039"}],"version-history":[{"count":1,"href":"https:\/\/innoticiasbo.com\/index.php\/wp-json\/wp\/v2\/posts\/5039\/revisions"}],"predecessor-version":[{"id":5040,"href":"https:\/\/innoticiasbo.com\/index.php\/wp-json\/wp\/v2\/posts\/5039\/revisions\/5040"}],"wp:featuredmedia":[{"embeddable":true,"href":"https:\/\/innoticiasbo.com\/index.php\/wp-json\/wp\/v2\/media\/5038"}],"wp:attachment":[{"href":"https:\/\/innoticiasbo.com\/index.php\/wp-json\/wp\/v2\/media?parent=5039"}],"wp:term":[{"taxonomy":"category","embeddable":true,"href":"https:\/\/innoticiasbo.com\/index.php\/wp-json\/wp\/v2\/categories?post=5039"},{"taxonomy":"post_tag","embeddable":true,"href":"https:\/\/innoticiasbo.com\/index.php\/wp-json\/wp\/v2\/tags?post=5039"}],"curies":[{"name":"wp","href":"https:\/\/api.w.org\/{rel}","templated":true}]}}