{"id":4993,"date":"2025-05-01T19:08:21","date_gmt":"2025-05-01T23:08:21","guid":{"rendered":"https:\/\/innoticiasbo.com\/?p=4993"},"modified":"2025-05-01T19:08:21","modified_gmt":"2025-05-01T23:08:21","slug":"donde-esta-la-jueza-moreno-la-policia-sospecha-que-salio-del-pais","status":"publish","type":"post","link":"https:\/\/innoticiasbo.com\/index.php\/2025\/05\/01\/donde-esta-la-jueza-moreno-la-policia-sospecha-que-salio-del-pais\/","title":{"rendered":"\u00bfD\u00d3NDE EST\u00c1 LA JUEZA MORENO? LA POLIC\u00cdA SOSPECHA QUE SALI\u00d3 DEL PA\u00cdS&nbsp;"},"content":{"rendered":"\n<p class=\"p1\">La jueza Lilian Moreno Cu\u00e9llar que anul\u00f3 por segunda vez una orden de aprehensi\u00f3n contra el expresidente Evo Morales, es buscada por la Polic\u00eda, pero se sospecha que sali\u00f3 del pa\u00eds, por tierra, a Per\u00fa.<\/p>\n\n\n\n<p class=\"p1\">Se tiene informaci\u00f3n que, tras el pol\u00e9mico fallo, pidi\u00f3 permiso al Tribunal Departamental de Justicia (TDJ) hasta el 6 de mayo. El 28 de abril, viaj\u00f3 de Santa Cruz a La Paz.<\/p>\n\n\n\n<p class=\"p1\">Tras conocerse el fallo, Moreno fue buscada en su despacho y domicilio, pero no la encontraron. Los investigadores no descartan que ya cruz\u00f3 la frontera hacia Per\u00fa por tierra. Sin embargo, hasta el momento no existe confirmaci\u00f3n del hecho ni orden de aprehensi\u00f3n en su contra.<\/p>\n\n\n\n<p class=\"p1\">PROCESO PENAL<\/p>\n\n\n\n<p class=\"p1\">El ministro de Gobierno, Eduardo del Castillo, indic\u00f3 que esta jueza enfrentar\u00e1 un proceso por desobediencia a resoluciones de acciones de libertad y resoluciones inconstitucionales, con una pena de hasta seis a\u00f1os de c\u00e1rcel.&nbsp;<\/p>\n\n\n\n<p class=\"p1\">Asambleistas de la oposici\u00f3n y el oficialismo tambi\u00e9n presentaron denuncias contra Moreno Cuellar.<\/p>\n\n\n\n<p class=\"p1\">El fallo de Moreno anul\u00f3 la imputaci\u00f3n y la orden de aprehensi\u00f3n contra Evo Morales en un caso de presunto delito de trata y tr\u00e1fico de personas con agravantes, lo que gener\u00f3 pol\u00e9mica y una ola de cr\u00edticas desde distintos niveles del Estado y sectores sociales.<\/p>\n\n\n\n<p class=\"p1\">La defensa de Morales indic\u00f3 que ahora el exmandatario puede salir del tr\u00f3pico de Cochabamba sin ning\u00fan riesgo.<\/p>\n\n\n\n<p class=\"p1\">Moreno Cu\u00e9llar, en una entrevista con El Deber, defendi\u00f3 su fallo y denunci\u00f3 que antes y durante la audiencia recibi\u00f3 denuncias contra su integridad y su familiar, por lo que decidi\u00f3 ponerse a buen recaudo.<\/p>\n","protected":false},"excerpt":{"rendered":"<p>La jueza Lilian Moreno Cu\u00e9llar que anul\u00f3 por segunda vez una orden de aprehensi\u00f3n contra el expresidente Evo Morales, es buscada por la Polic\u00eda, pero se sospecha que sali\u00f3 del pa\u00eds, por tierra, a Per\u00fa. Se tiene informaci\u00f3n que, tras el pol\u00e9mico fallo, pidi\u00f3 permiso al Tribunal Departamental de Justicia (TDJ) hasta el 6 de&#8230;<\/p>\n","protected":false},"author":6,"featured_media":4992,"comment_status":"closed","ping_status":"open","sticky":false,"template":"","format":"standard","meta":{"_jetpack_memberships_contains_paid_content":false,"footnotes":"","jetpack_publicize_message":"","jetpack_publicize_feature_enabled":true,"jetpack_social_post_already_shared":true,"jetpack_social_options":{"image_generator_settings":{"template":"highway","enabled":false},"version":2}},"categories":[1],"tags":[],"class_list":["post-4993","post","type-post","status-publish","format-standard","has-post-thumbnail","hentry","category-bolivia"],"jetpack_publicize_connections":[],"yoast_head":"<!-- This site is optimized with the Yoast SEO plugin v23.4 - https:\/\/yoast.com\/wordpress\/plugins\/seo\/ -->\n<title>\u00bfD\u00d3NDE EST\u00c1 LA JUEZA MORENO? LA POLIC\u00cdA SOSPECHA QUE SALI\u00d3 DEL PA\u00cdS&nbsp; - innoticiasbo.com<\/title>\n<meta name=\"robots\" content=\"index, follow, max-snippet:-1, max-image-preview:large, max-video-preview:-1\" \/>\n<link rel=\"canonical\" href=\"https:\/\/innoticiasbo.com\/index.php\/2025\/05\/01\/donde-esta-la-jueza-moreno-la-policia-sospecha-que-salio-del-pais\/\" \/>\n<meta property=\"og:locale\" content=\"es_ES\" \/>\n<meta property=\"og:type\" content=\"article\" \/>\n<meta property=\"og:title\" content=\"\u00bfD\u00d3NDE EST\u00c1 LA JUEZA MORENO? LA POLIC\u00cdA SOSPECHA QUE SALI\u00d3 DEL PA\u00cdS&nbsp; - innoticiasbo.com\" \/>\n<meta property=\"og:description\" content=\"La jueza Lilian Moreno Cu\u00e9llar que anul\u00f3 por segunda vez una orden de aprehensi\u00f3n contra el expresidente Evo Morales, es buscada por la Polic\u00eda, pero se sospecha que sali\u00f3 del pa\u00eds, por tierra, a Per\u00fa. Se tiene informaci\u00f3n que, tras el pol\u00e9mico fallo, pidi\u00f3 permiso al Tribunal Departamental de Justicia (TDJ) hasta el 6 de...\" \/>\n<meta property=\"og:url\" content=\"https:\/\/innoticiasbo.com\/index.php\/2025\/05\/01\/donde-esta-la-jueza-moreno-la-policia-sospecha-que-salio-del-pais\/\" \/>\n<meta property=\"og:site_name\" content=\"innoticiasbo.com\" \/>\n<meta property=\"article:publisher\" content=\"https:\/\/www.facebook.com\/innoticiasbolivia\" \/>\n<meta property=\"article:published_time\" content=\"2025-05-01T23:08:21+00:00\" \/>\n<meta property=\"og:image\" content=\"https:\/\/i0.wp.com\/innoticiasbo.com\/wp-content\/uploads\/2025\/05\/img_3582-1.jpg?fit=1080%2C603&ssl=1\" \/>\n\t<meta property=\"og:image:width\" content=\"1080\" \/>\n\t<meta property=\"og:image:height\" content=\"603\" \/>\n\t<meta property=\"og:image:type\" content=\"image\/jpeg\" \/>\n<meta name=\"author\" content=\"Eliza Riva\" \/>\n<meta name=\"twitter:card\" content=\"summary_large_image\" \/>\n<meta name=\"twitter:creator\" content=\"@innoticiasbo\" \/>\n<meta name=\"twitter:site\" content=\"@innoticiasbo\" \/>\n<meta name=\"twitter:label1\" content=\"Escrito por\" \/>\n\t<meta name=\"twitter:data1\" content=\"Eliza Riva\" \/>\n\t<meta name=\"twitter:label2\" content=\"Tiempo de lectura\" \/>\n\t<meta name=\"twitter:data2\" content=\"1 minuto\" \/>\n<script type=\"application\/ld+json\" class=\"yoast-schema-graph\">{\"@context\":\"https:\/\/schema.org\",\"@graph\":[{\"@type\":\"Article\",\"@id\":\"https:\/\/innoticiasbo.com\/index.php\/2025\/05\/01\/donde-esta-la-jueza-moreno-la-policia-sospecha-que-salio-del-pais\/#article\",\"isPartOf\":{\"@id\":\"https:\/\/innoticiasbo.com\/index.php\/2025\/05\/01\/donde-esta-la-jueza-moreno-la-policia-sospecha-que-salio-del-pais\/\"},\"author\":{\"name\":\"Eliza Riva\",\"@id\":\"https:\/\/innoticiasbo.com\/#\/schema\/person\/8c935b6b11c0223d8f77dc01fc948202\"},\"headline\":\"\u00bfD\u00d3NDE EST\u00c1 LA JUEZA MORENO? LA POLIC\u00cdA SOSPECHA QUE SALI\u00d3 DEL PA\u00cdS&nbsp;\",\"datePublished\":\"2025-05-01T23:08:21+00:00\",\"dateModified\":\"2025-05-01T23:08:21+00:00\",\"mainEntityOfPage\":{\"@id\":\"https:\/\/innoticiasbo.com\/index.php\/2025\/05\/01\/donde-esta-la-jueza-moreno-la-policia-sospecha-que-salio-del-pais\/\"},\"wordCount\":296,\"publisher\":{\"@id\":\"https:\/\/innoticiasbo.com\/#organization\"},\"image\":{\"@id\":\"https:\/\/innoticiasbo.com\/index.php\/2025\/05\/01\/donde-esta-la-jueza-moreno-la-policia-sospecha-que-salio-del-pais\/#primaryimage\"},\"thumbnailUrl\":\"https:\/\/i0.wp.com\/innoticiasbo.com\/wp-content\/uploads\/2025\/05\/img_3582-1.jpg?fit=1080%2C603&ssl=1\",\"articleSection\":[\"Bolivia\"],\"inLanguage\":\"es\"},{\"@type\":\"WebPage\",\"@id\":\"https:\/\/innoticiasbo.com\/index.php\/2025\/05\/01\/donde-esta-la-jueza-moreno-la-policia-sospecha-que-salio-del-pais\/\",\"url\":\"https:\/\/innoticiasbo.com\/index.php\/2025\/05\/01\/donde-esta-la-jueza-moreno-la-policia-sospecha-que-salio-del-pais\/\",\"name\":\"\u00bfD\u00d3NDE EST\u00c1 LA JUEZA MORENO? LA POLIC\u00cdA SOSPECHA QUE SALI\u00d3 DEL PA\u00cdS&nbsp; - innoticiasbo.com\",\"isPartOf\":{\"@id\":\"https:\/\/innoticiasbo.com\/#website\"},\"primaryImageOfPage\":{\"@id\":\"https:\/\/innoticiasbo.com\/index.php\/2025\/05\/01\/donde-esta-la-jueza-moreno-la-policia-sospecha-que-salio-del-pais\/#primaryimage\"},\"image\":{\"@id\":\"https:\/\/innoticiasbo.com\/index.php\/2025\/05\/01\/donde-esta-la-jueza-moreno-la-policia-sospecha-que-salio-del-pais\/#primaryimage\"},\"thumbnailUrl\":\"https:\/\/i0.wp.com\/innoticiasbo.com\/wp-content\/uploads\/2025\/05\/img_3582-1.jpg?fit=1080%2C603&ssl=1\",\"datePublished\":\"2025-05-01T23:08:21+00:00\",\"dateModified\":\"2025-05-01T23:08:21+00:00\",\"breadcrumb\":{\"@id\":\"https:\/\/innoticiasbo.com\/index.php\/2025\/05\/01\/donde-esta-la-jueza-moreno-la-policia-sospecha-que-salio-del-pais\/#breadcrumb\"},\"inLanguage\":\"es\",\"potentialAction\":[{\"@type\":\"ReadAction\",\"target\":[\"https:\/\/innoticiasbo.com\/index.php\/2025\/05\/01\/donde-esta-la-jueza-moreno-la-policia-sospecha-que-salio-del-pais\/\"]}]},{\"@type\":\"ImageObject\",\"inLanguage\":\"es\",\"@id\":\"https:\/\/innoticiasbo.com\/index.php\/2025\/05\/01\/donde-esta-la-jueza-moreno-la-policia-sospecha-que-salio-del-pais\/#primaryimage\",\"url\":\"https:\/\/i0.wp.com\/innoticiasbo.com\/wp-content\/uploads\/2025\/05\/img_3582-1.jpg?fit=1080%2C603&ssl=1\",\"contentUrl\":\"https:\/\/i0.wp.com\/innoticiasbo.com\/wp-content\/uploads\/2025\/05\/img_3582-1.jpg?fit=1080%2C603&ssl=1\",\"width\":1080,\"height\":603},{\"@type\":\"BreadcrumbList\",\"@id\":\"https:\/\/innoticiasbo.com\/index.php\/2025\/05\/01\/donde-esta-la-jueza-moreno-la-policia-sospecha-que-salio-del-pais\/#breadcrumb\",\"itemListElement\":[{\"@type\":\"ListItem\",\"position\":1,\"name\":\"Portada\",\"item\":\"https:\/\/innoticiasbo.com\/\"},{\"@type\":\"ListItem\",\"position\":2,\"name\":\"\u00bfD\u00d3NDE EST\u00c1 LA JUEZA MORENO? LA POLIC\u00cdA SOSPECHA QUE SALI\u00d3 DEL PA\u00cdS&nbsp;\"}]},{\"@type\":\"WebSite\",\"@id\":\"https:\/\/innoticiasbo.com\/#website\",\"url\":\"https:\/\/innoticiasbo.com\/\",\"name\":\"innoticiasbo.com\",\"description\":\"\",\"publisher\":{\"@id\":\"https:\/\/innoticiasbo.com\/#organization\"},\"potentialAction\":[{\"@type\":\"SearchAction\",\"target\":{\"@type\":\"EntryPoint\",\"urlTemplate\":\"https:\/\/innoticiasbo.com\/?s={search_term_string}\"},\"query-input\":{\"@type\":\"PropertyValueSpecification\",\"valueRequired\":true,\"valueName\":\"search_term_string\"}}],\"inLanguage\":\"es\"},{\"@type\":\"Organization\",\"@id\":\"https:\/\/innoticiasbo.com\/#organization\",\"name\":\"innoticiasbo.com\",\"url\":\"https:\/\/innoticiasbo.com\/\",\"logo\":{\"@type\":\"ImageObject\",\"inLanguage\":\"es\",\"@id\":\"https:\/\/innoticiasbo.com\/#\/schema\/logo\/image\/\",\"url\":\"https:\/\/i0.wp.com\/innoticiasbo.com\/wp-content\/uploads\/2026\/04\/cropped-IN-LOGO.png?fit=1476%2C1476&ssl=1\",\"contentUrl\":\"https:\/\/i0.wp.com\/innoticiasbo.com\/wp-content\/uploads\/2026\/04\/cropped-IN-LOGO.png?fit=1476%2C1476&ssl=1\",\"width\":1476,\"height\":1476,\"caption\":\"innoticiasbo.com\"},\"image\":{\"@id\":\"https:\/\/innoticiasbo.com\/#\/schema\/logo\/image\/\"},\"sameAs\":[\"https:\/\/www.facebook.com\/innoticiasbolivia\",\"https:\/\/x.com\/innoticiasbo\",\"https:\/\/www.instagram.com\/innoticiasbo\",\"https:\/\/www.youtube.com\/innoticiasbo\"]},{\"@type\":\"Person\",\"@id\":\"https:\/\/innoticiasbo.com\/#\/schema\/person\/8c935b6b11c0223d8f77dc01fc948202\",\"name\":\"Eliza Riva\",\"image\":{\"@type\":\"ImageObject\",\"inLanguage\":\"es\",\"@id\":\"https:\/\/innoticiasbo.com\/#\/schema\/person\/image\/\",\"url\":\"https:\/\/secure.gravatar.com\/avatar\/fdc172c2af344133d19e57e4b7acdee4?s=96&d=mm&r=g\",\"contentUrl\":\"https:\/\/secure.gravatar.com\/avatar\/fdc172c2af344133d19e57e4b7acdee4?s=96&d=mm&r=g\",\"caption\":\"Eliza Riva\"},\"sameAs\":[\"http:\/\/www.innoticiasbo.com\"],\"url\":\"https:\/\/innoticiasbo.com\/index.php\/author\/prensa-4\/\"}]}<\/script>\n<!-- \/ Yoast SEO plugin. -->","yoast_head_json":{"title":"\u00bfD\u00d3NDE EST\u00c1 LA JUEZA MORENO? LA POLIC\u00cdA SOSPECHA QUE SALI\u00d3 DEL PA\u00cdS&nbsp; - innoticiasbo.com","robots":{"index":"index","follow":"follow","max-snippet":"max-snippet:-1","max-image-preview":"max-image-preview:large","max-video-preview":"max-video-preview:-1"},"canonical":"https:\/\/innoticiasbo.com\/index.php\/2025\/05\/01\/donde-esta-la-jueza-moreno-la-policia-sospecha-que-salio-del-pais\/","og_locale":"es_ES","og_type":"article","og_title":"\u00bfD\u00d3NDE EST\u00c1 LA JUEZA MORENO? LA POLIC\u00cdA SOSPECHA QUE SALI\u00d3 DEL PA\u00cdS&nbsp; - innoticiasbo.com","og_description":"La jueza Lilian Moreno Cu\u00e9llar que anul\u00f3 por segunda vez una orden de aprehensi\u00f3n contra el expresidente Evo Morales, es buscada por la Polic\u00eda, pero se sospecha que sali\u00f3 del pa\u00eds, por tierra, a Per\u00fa. Se tiene informaci\u00f3n que, tras el pol\u00e9mico fallo, pidi\u00f3 permiso al Tribunal Departamental de Justicia (TDJ) hasta el 6 de...","og_url":"https:\/\/innoticiasbo.com\/index.php\/2025\/05\/01\/donde-esta-la-jueza-moreno-la-policia-sospecha-que-salio-del-pais\/","og_site_name":"innoticiasbo.com","article_publisher":"https:\/\/www.facebook.com\/innoticiasbolivia","article_published_time":"2025-05-01T23:08:21+00:00","og_image":[{"width":1080,"height":603,"url":"https:\/\/i0.wp.com\/innoticiasbo.com\/wp-content\/uploads\/2025\/05\/img_3582-1.jpg?fit=1080%2C603&ssl=1","type":"image\/jpeg"}],"author":"Eliza Riva","twitter_card":"summary_large_image","twitter_creator":"@innoticiasbo","twitter_site":"@innoticiasbo","twitter_misc":{"Escrito por":"Eliza Riva","Tiempo de lectura":"1 minuto"},"schema":{"@context":"https:\/\/schema.org","@graph":[{"@type":"Article","@id":"https:\/\/innoticiasbo.com\/index.php\/2025\/05\/01\/donde-esta-la-jueza-moreno-la-policia-sospecha-que-salio-del-pais\/#article","isPartOf":{"@id":"https:\/\/innoticiasbo.com\/index.php\/2025\/05\/01\/donde-esta-la-jueza-moreno-la-policia-sospecha-que-salio-del-pais\/"},"author":{"name":"Eliza Riva","@id":"https:\/\/innoticiasbo.com\/#\/schema\/person\/8c935b6b11c0223d8f77dc01fc948202"},"headline":"\u00bfD\u00d3NDE EST\u00c1 LA JUEZA MORENO? LA POLIC\u00cdA SOSPECHA QUE SALI\u00d3 DEL PA\u00cdS&nbsp;","datePublished":"2025-05-01T23:08:21+00:00","dateModified":"2025-05-01T23:08:21+00:00","mainEntityOfPage":{"@id":"https:\/\/innoticiasbo.com\/index.php\/2025\/05\/01\/donde-esta-la-jueza-moreno-la-policia-sospecha-que-salio-del-pais\/"},"wordCount":296,"publisher":{"@id":"https:\/\/innoticiasbo.com\/#organization"},"image":{"@id":"https:\/\/innoticiasbo.com\/index.php\/2025\/05\/01\/donde-esta-la-jueza-moreno-la-policia-sospecha-que-salio-del-pais\/#primaryimage"},"thumbnailUrl":"https:\/\/i0.wp.com\/innoticiasbo.com\/wp-content\/uploads\/2025\/05\/img_3582-1.jpg?fit=1080%2C603&ssl=1","articleSection":["Bolivia"],"inLanguage":"es"},{"@type":"WebPage","@id":"https:\/\/innoticiasbo.com\/index.php\/2025\/05\/01\/donde-esta-la-jueza-moreno-la-policia-sospecha-que-salio-del-pais\/","url":"https:\/\/innoticiasbo.com\/index.php\/2025\/05\/01\/donde-esta-la-jueza-moreno-la-policia-sospecha-que-salio-del-pais\/","name":"\u00bfD\u00d3NDE EST\u00c1 LA JUEZA MORENO? LA POLIC\u00cdA SOSPECHA QUE SALI\u00d3 DEL PA\u00cdS&nbsp; - innoticiasbo.com","isPartOf":{"@id":"https:\/\/innoticiasbo.com\/#website"},"primaryImageOfPage":{"@id":"https:\/\/innoticiasbo.com\/index.php\/2025\/05\/01\/donde-esta-la-jueza-moreno-la-policia-sospecha-que-salio-del-pais\/#primaryimage"},"image":{"@id":"https:\/\/innoticiasbo.com\/index.php\/2025\/05\/01\/donde-esta-la-jueza-moreno-la-policia-sospecha-que-salio-del-pais\/#primaryimage"},"thumbnailUrl":"https:\/\/i0.wp.com\/innoticiasbo.com\/wp-content\/uploads\/2025\/05\/img_3582-1.jpg?fit=1080%2C603&ssl=1","datePublished":"2025-05-01T23:08:21+00:00","dateModified":"2025-05-01T23:08:21+00:00","breadcrumb":{"@id":"https:\/\/innoticiasbo.com\/index.php\/2025\/05\/01\/donde-esta-la-jueza-moreno-la-policia-sospecha-que-salio-del-pais\/#breadcrumb"},"inLanguage":"es","potentialAction":[{"@type":"ReadAction","target":["https:\/\/innoticiasbo.com\/index.php\/2025\/05\/01\/donde-esta-la-jueza-moreno-la-policia-sospecha-que-salio-del-pais\/"]}]},{"@type":"ImageObject","inLanguage":"es","@id":"https:\/\/innoticiasbo.com\/index.php\/2025\/05\/01\/donde-esta-la-jueza-moreno-la-policia-sospecha-que-salio-del-pais\/#primaryimage","url":"https:\/\/i0.wp.com\/innoticiasbo.com\/wp-content\/uploads\/2025\/05\/img_3582-1.jpg?fit=1080%2C603&ssl=1","contentUrl":"https:\/\/i0.wp.com\/innoticiasbo.com\/wp-content\/uploads\/2025\/05\/img_3582-1.jpg?fit=1080%2C603&ssl=1","width":1080,"height":603},{"@type":"BreadcrumbList","@id":"https:\/\/innoticiasbo.com\/index.php\/2025\/05\/01\/donde-esta-la-jueza-moreno-la-policia-sospecha-que-salio-del-pais\/#breadcrumb","itemListElement":[{"@type":"ListItem","position":1,"name":"Portada","item":"https:\/\/innoticiasbo.com\/"},{"@type":"ListItem","position":2,"name":"\u00bfD\u00d3NDE EST\u00c1 LA JUEZA MORENO? LA POLIC\u00cdA SOSPECHA QUE SALI\u00d3 DEL PA\u00cdS&nbsp;"}]},{"@type":"WebSite","@id":"https:\/\/innoticiasbo.com\/#website","url":"https:\/\/innoticiasbo.com\/","name":"innoticiasbo.com","description":"","publisher":{"@id":"https:\/\/innoticiasbo.com\/#organization"},"potentialAction":[{"@type":"SearchAction","target":{"@type":"EntryPoint","urlTemplate":"https:\/\/innoticiasbo.com\/?s={search_term_string}"},"query-input":{"@type":"PropertyValueSpecification","valueRequired":true,"valueName":"search_term_string"}}],"inLanguage":"es"},{"@type":"Organization","@id":"https:\/\/innoticiasbo.com\/#organization","name":"innoticiasbo.com","url":"https:\/\/innoticiasbo.com\/","logo":{"@type":"ImageObject","inLanguage":"es","@id":"https:\/\/innoticiasbo.com\/#\/schema\/logo\/image\/","url":"https:\/\/i0.wp.com\/innoticiasbo.com\/wp-content\/uploads\/2026\/04\/cropped-IN-LOGO.png?fit=1476%2C1476&ssl=1","contentUrl":"https:\/\/i0.wp.com\/innoticiasbo.com\/wp-content\/uploads\/2026\/04\/cropped-IN-LOGO.png?fit=1476%2C1476&ssl=1","width":1476,"height":1476,"caption":"innoticiasbo.com"},"image":{"@id":"https:\/\/innoticiasbo.com\/#\/schema\/logo\/image\/"},"sameAs":["https:\/\/www.facebook.com\/innoticiasbolivia","https:\/\/x.com\/innoticiasbo","https:\/\/www.instagram.com\/innoticiasbo","https:\/\/www.youtube.com\/innoticiasbo"]},{"@type":"Person","@id":"https:\/\/innoticiasbo.com\/#\/schema\/person\/8c935b6b11c0223d8f77dc01fc948202","name":"Eliza Riva","image":{"@type":"ImageObject","inLanguage":"es","@id":"https:\/\/innoticiasbo.com\/#\/schema\/person\/image\/","url":"https:\/\/secure.gravatar.com\/avatar\/fdc172c2af344133d19e57e4b7acdee4?s=96&d=mm&r=g","contentUrl":"https:\/\/secure.gravatar.com\/avatar\/fdc172c2af344133d19e57e4b7acdee4?s=96&d=mm&r=g","caption":"Eliza Riva"},"sameAs":["http:\/\/www.innoticiasbo.com"],"url":"https:\/\/innoticiasbo.com\/index.php\/author\/prensa-4\/"}]}},"jetpack_featured_media_url":"https:\/\/i0.wp.com\/innoticiasbo.com\/wp-content\/uploads\/2025\/05\/img_3582-1.jpg?fit=1080%2C603&ssl=1","jetpack_likes_enabled":true,"jetpack_sharing_enabled":true,"jetpack_shortlink":"https:\/\/wp.me\/pg298x-1ix","_links":{"self":[{"href":"https:\/\/innoticiasbo.com\/index.php\/wp-json\/wp\/v2\/posts\/4993","targetHints":{"allow":["GET"]}}],"collection":[{"href":"https:\/\/innoticiasbo.com\/index.php\/wp-json\/wp\/v2\/posts"}],"about":[{"href":"https:\/\/innoticiasbo.com\/index.php\/wp-json\/wp\/v2\/types\/post"}],"author":[{"embeddable":true,"href":"https:\/\/innoticiasbo.com\/index.php\/wp-json\/wp\/v2\/users\/6"}],"replies":[{"embeddable":true,"href":"https:\/\/innoticiasbo.com\/index.php\/wp-json\/wp\/v2\/comments?post=4993"}],"version-history":[{"count":1,"href":"https:\/\/innoticiasbo.com\/index.php\/wp-json\/wp\/v2\/posts\/4993\/revisions"}],"predecessor-version":[{"id":4994,"href":"https:\/\/innoticiasbo.com\/index.php\/wp-json\/wp\/v2\/posts\/4993\/revisions\/4994"}],"wp:featuredmedia":[{"embeddable":true,"href":"https:\/\/innoticiasbo.com\/index.php\/wp-json\/wp\/v2\/media\/4992"}],"wp:attachment":[{"href":"https:\/\/innoticiasbo.com\/index.php\/wp-json\/wp\/v2\/media?parent=4993"}],"wp:term":[{"taxonomy":"category","embeddable":true,"href":"https:\/\/innoticiasbo.com\/index.php\/wp-json\/wp\/v2\/categories?post=4993"},{"taxonomy":"post_tag","embeddable":true,"href":"https:\/\/innoticiasbo.com\/index.php\/wp-json\/wp\/v2\/tags?post=4993"}],"curies":[{"name":"wp","href":"https:\/\/api.w.org\/{rel}","templated":true}]}}