{"id":4947,"date":"2025-04-30T19:21:25","date_gmt":"2025-04-30T23:21:25","guid":{"rendered":"https:\/\/innoticiasbo.com\/?p=4947"},"modified":"2025-04-30T19:22:10","modified_gmt":"2025-04-30T23:22:10","slug":"decano-del-tcp-niega-presiones-al-legislativo-y-garantiza-elecciones","status":"publish","type":"post","link":"https:\/\/innoticiasbo.com\/index.php\/2025\/04\/30\/decano-del-tcp-niega-presiones-al-legislativo-y-garantiza-elecciones\/","title":{"rendered":"DECANO DEL TCP NIEGA PRESIONES AL LEGISLATIVO Y GARANTIZA&nbsp; ELECCIONES"},"content":{"rendered":"\n<p>Sucre, 30 de abril de 2025.- \u00a0El decano del Tribunal Constitucional Plurinacional (TCP), Yv\u00e1n Espada, rechaz\u00f3 este mi\u00e9rcoles en Sucre las acusaciones de sectores opositores que denunciaron un presunto chantaje institucional al Legislativo. Aclar\u00f3 que los magistrados no buscan ser blindados por ley ni condicionan su permanencia a decisiones sobre la candidatura de Evo Morales.<\/p>\n\n\n\n<figure class=\"wp-block-image size-large\"><img data-recalc-dims=\"1\" loading=\"lazy\" decoding=\"async\" width=\"640\" height=\"389\" src=\"https:\/\/i0.wp.com\/innoticiasbo.com\/wp-content\/uploads\/2025\/04\/fb_img_17460208589655437248224450159974.jpg?resize=640%2C389&#038;ssl=1\" alt=\"\" class=\"wp-image-4945\" srcset=\"https:\/\/i0.wp.com\/innoticiasbo.com\/wp-content\/uploads\/2025\/04\/fb_img_17460208589655437248224450159974.jpg?w=960&amp;ssl=1 960w, https:\/\/i0.wp.com\/innoticiasbo.com\/wp-content\/uploads\/2025\/04\/fb_img_17460208589655437248224450159974.jpg?resize=300%2C183&amp;ssl=1 300w, https:\/\/i0.wp.com\/innoticiasbo.com\/wp-content\/uploads\/2025\/04\/fb_img_17460208589655437248224450159974.jpg?resize=768%2C467&amp;ssl=1 768w\" sizes=\"auto, (max-width: 640px) 100vw, 640px\" \/><\/figure>\n\n\n\n<p>\u201cEs falso que necesitemos una ley que nos proteja\u201d, afirm\u00f3 Espada, respondiendo principalmente a las declaraciones de la diputada Luciana Campero, quien advirti\u00f3 sobre una supuesta presi\u00f3n para mantener a los magistrados prorrogados a cambio de habilitar a Morales.<\/p>\n\n\n\n<p>Espada tambi\u00e9n asegur\u00f3 que las elecciones generales previstas para agosto est\u00e1n plenamente garantizadas. Mientras tanto, el TCP a\u00fan no ha emitido un pronunciamiento oficial respecto a la habilitaci\u00f3n del expresidente, tema que sigue generando tensi\u00f3n entre oficialismo y oposici\u00f3n.<\/p>\n","protected":false},"excerpt":{"rendered":"<p>Sucre, 30 de abril de 2025.- \u00a0El decano del Tribunal Constitucional Plurinacional (TCP), Yv\u00e1n Espada, rechaz\u00f3 este mi\u00e9rcoles en Sucre las acusaciones de sectores opositores que denunciaron un presunto chantaje institucional al Legislativo. Aclar\u00f3 que los magistrados no buscan ser blindados por ley ni condicionan su permanencia a decisiones sobre la candidatura de Evo Morales&#8230;.<\/p>\n","protected":false},"author":2,"featured_media":4946,"comment_status":"open","ping_status":"open","sticky":false,"template":"","format":"standard","meta":{"_jetpack_memberships_contains_paid_content":false,"footnotes":"","jetpack_publicize_message":"","jetpack_publicize_feature_enabled":true,"jetpack_social_post_already_shared":true,"jetpack_social_options":{"image_generator_settings":{"template":"highway","enabled":false},"version":2}},"categories":[1,3],"tags":[30,215,214],"class_list":["post-4947","post","type-post","status-publish","format-standard","has-post-thumbnail","hentry","category-bolivia","category-politica","tag-elecciones-bolivia2025","tag-elecciones-autoprorrogados","tag-tcp"],"jetpack_publicize_connections":[],"yoast_head":"<!-- This site is optimized with the Yoast SEO plugin v23.4 - https:\/\/yoast.com\/wordpress\/plugins\/seo\/ -->\n<title>DECANO DEL TCP NIEGA PRESIONES AL LEGISLATIVO Y GARANTIZA&nbsp; ELECCIONES - innoticiasbo.com<\/title>\n<meta name=\"robots\" content=\"index, follow, max-snippet:-1, max-image-preview:large, max-video-preview:-1\" \/>\n<link rel=\"canonical\" href=\"https:\/\/innoticiasbo.com\/index.php\/2025\/04\/30\/decano-del-tcp-niega-presiones-al-legislativo-y-garantiza-elecciones\/\" \/>\n<meta property=\"og:locale\" content=\"es_ES\" \/>\n<meta property=\"og:type\" content=\"article\" \/>\n<meta property=\"og:title\" content=\"DECANO DEL TCP NIEGA PRESIONES AL LEGISLATIVO Y GARANTIZA&nbsp; ELECCIONES - innoticiasbo.com\" \/>\n<meta property=\"og:description\" content=\"Sucre, 30 de abril de 2025.- \u00a0El decano del Tribunal Constitucional Plurinacional (TCP), Yv\u00e1n Espada, rechaz\u00f3 este mi\u00e9rcoles en Sucre las acusaciones de sectores opositores que denunciaron un presunto chantaje institucional al Legislativo. Aclar\u00f3 que los magistrados no buscan ser blindados por ley ni condicionan su permanencia a decisiones sobre la candidatura de Evo Morales....\" \/>\n<meta property=\"og:url\" content=\"https:\/\/innoticiasbo.com\/index.php\/2025\/04\/30\/decano-del-tcp-niega-presiones-al-legislativo-y-garantiza-elecciones\/\" \/>\n<meta property=\"og:site_name\" content=\"innoticiasbo.com\" \/>\n<meta property=\"article:publisher\" content=\"https:\/\/www.facebook.com\/innoticiasbolivia\" \/>\n<meta property=\"article:published_time\" content=\"2025-04-30T23:21:25+00:00\" \/>\n<meta property=\"article:modified_time\" content=\"2025-04-30T23:22:10+00:00\" \/>\n<meta property=\"og:image\" content=\"https:\/\/i0.wp.com\/innoticiasbo.com\/wp-content\/uploads\/2025\/04\/1000112863.jpg.webp?fit=770%2C430&ssl=1\" \/>\n\t<meta property=\"og:image:width\" content=\"770\" \/>\n\t<meta property=\"og:image:height\" content=\"430\" \/>\n\t<meta property=\"og:image:type\" content=\"image\/webp\" \/>\n<meta name=\"author\" content=\"Prensa\" \/>\n<meta name=\"twitter:card\" content=\"summary_large_image\" \/>\n<meta name=\"twitter:creator\" content=\"@innoticiasbo\" \/>\n<meta name=\"twitter:site\" content=\"@innoticiasbo\" \/>\n<meta name=\"twitter:label1\" content=\"Escrito por\" \/>\n\t<meta name=\"twitter:data1\" content=\"Prensa\" \/>\n\t<meta name=\"twitter:label2\" content=\"Tiempo de lectura\" \/>\n\t<meta name=\"twitter:data2\" content=\"1 minuto\" \/>\n<script type=\"application\/ld+json\" class=\"yoast-schema-graph\">{\"@context\":\"https:\/\/schema.org\",\"@graph\":[{\"@type\":\"Article\",\"@id\":\"https:\/\/innoticiasbo.com\/index.php\/2025\/04\/30\/decano-del-tcp-niega-presiones-al-legislativo-y-garantiza-elecciones\/#article\",\"isPartOf\":{\"@id\":\"https:\/\/innoticiasbo.com\/index.php\/2025\/04\/30\/decano-del-tcp-niega-presiones-al-legislativo-y-garantiza-elecciones\/\"},\"author\":{\"name\":\"Prensa\",\"@id\":\"https:\/\/innoticiasbo.com\/#\/schema\/person\/589cd527c4211df1b943bdad85ec07ce\"},\"headline\":\"DECANO DEL TCP NIEGA PRESIONES AL LEGISLATIVO Y GARANTIZA&nbsp; ELECCIONES\",\"datePublished\":\"2025-04-30T23:21:25+00:00\",\"dateModified\":\"2025-04-30T23:22:10+00:00\",\"mainEntityOfPage\":{\"@id\":\"https:\/\/innoticiasbo.com\/index.php\/2025\/04\/30\/decano-del-tcp-niega-presiones-al-legislativo-y-garantiza-elecciones\/\"},\"wordCount\":152,\"commentCount\":0,\"publisher\":{\"@id\":\"https:\/\/innoticiasbo.com\/#organization\"},\"image\":{\"@id\":\"https:\/\/innoticiasbo.com\/index.php\/2025\/04\/30\/decano-del-tcp-niega-presiones-al-legislativo-y-garantiza-elecciones\/#primaryimage\"},\"thumbnailUrl\":\"https:\/\/i0.wp.com\/innoticiasbo.com\/wp-content\/uploads\/2025\/04\/1000112863.jpg.webp?fit=770%2C430&ssl=1\",\"keywords\":[\"Elecciones Bolivia2025\",\"ELECCIONES. autoprorrogados\",\"TCP\"],\"articleSection\":[\"Bolivia\",\"Pol\u00edtica\"],\"inLanguage\":\"es\",\"potentialAction\":[{\"@type\":\"CommentAction\",\"name\":\"Comment\",\"target\":[\"https:\/\/innoticiasbo.com\/index.php\/2025\/04\/30\/decano-del-tcp-niega-presiones-al-legislativo-y-garantiza-elecciones\/#respond\"]}]},{\"@type\":\"WebPage\",\"@id\":\"https:\/\/innoticiasbo.com\/index.php\/2025\/04\/30\/decano-del-tcp-niega-presiones-al-legislativo-y-garantiza-elecciones\/\",\"url\":\"https:\/\/innoticiasbo.com\/index.php\/2025\/04\/30\/decano-del-tcp-niega-presiones-al-legislativo-y-garantiza-elecciones\/\",\"name\":\"DECANO DEL TCP NIEGA PRESIONES AL LEGISLATIVO Y GARANTIZA&nbsp; ELECCIONES - innoticiasbo.com\",\"isPartOf\":{\"@id\":\"https:\/\/innoticiasbo.com\/#website\"},\"primaryImageOfPage\":{\"@id\":\"https:\/\/innoticiasbo.com\/index.php\/2025\/04\/30\/decano-del-tcp-niega-presiones-al-legislativo-y-garantiza-elecciones\/#primaryimage\"},\"image\":{\"@id\":\"https:\/\/innoticiasbo.com\/index.php\/2025\/04\/30\/decano-del-tcp-niega-presiones-al-legislativo-y-garantiza-elecciones\/#primaryimage\"},\"thumbnailUrl\":\"https:\/\/i0.wp.com\/innoticiasbo.com\/wp-content\/uploads\/2025\/04\/1000112863.jpg.webp?fit=770%2C430&ssl=1\",\"datePublished\":\"2025-04-30T23:21:25+00:00\",\"dateModified\":\"2025-04-30T23:22:10+00:00\",\"breadcrumb\":{\"@id\":\"https:\/\/innoticiasbo.com\/index.php\/2025\/04\/30\/decano-del-tcp-niega-presiones-al-legislativo-y-garantiza-elecciones\/#breadcrumb\"},\"inLanguage\":\"es\",\"potentialAction\":[{\"@type\":\"ReadAction\",\"target\":[\"https:\/\/innoticiasbo.com\/index.php\/2025\/04\/30\/decano-del-tcp-niega-presiones-al-legislativo-y-garantiza-elecciones\/\"]}]},{\"@type\":\"ImageObject\",\"inLanguage\":\"es\",\"@id\":\"https:\/\/innoticiasbo.com\/index.php\/2025\/04\/30\/decano-del-tcp-niega-presiones-al-legislativo-y-garantiza-elecciones\/#primaryimage\",\"url\":\"https:\/\/i0.wp.com\/innoticiasbo.com\/wp-content\/uploads\/2025\/04\/1000112863.jpg.webp?fit=770%2C430&ssl=1\",\"contentUrl\":\"https:\/\/i0.wp.com\/innoticiasbo.com\/wp-content\/uploads\/2025\/04\/1000112863.jpg.webp?fit=770%2C430&ssl=1\",\"width\":770,\"height\":430},{\"@type\":\"BreadcrumbList\",\"@id\":\"https:\/\/innoticiasbo.com\/index.php\/2025\/04\/30\/decano-del-tcp-niega-presiones-al-legislativo-y-garantiza-elecciones\/#breadcrumb\",\"itemListElement\":[{\"@type\":\"ListItem\",\"position\":1,\"name\":\"Portada\",\"item\":\"https:\/\/innoticiasbo.com\/\"},{\"@type\":\"ListItem\",\"position\":2,\"name\":\"DECANO DEL TCP NIEGA PRESIONES AL LEGISLATIVO Y GARANTIZA&nbsp; ELECCIONES\"}]},{\"@type\":\"WebSite\",\"@id\":\"https:\/\/innoticiasbo.com\/#website\",\"url\":\"https:\/\/innoticiasbo.com\/\",\"name\":\"innoticiasbo.com\",\"description\":\"\",\"publisher\":{\"@id\":\"https:\/\/innoticiasbo.com\/#organization\"},\"potentialAction\":[{\"@type\":\"SearchAction\",\"target\":{\"@type\":\"EntryPoint\",\"urlTemplate\":\"https:\/\/innoticiasbo.com\/?s={search_term_string}\"},\"query-input\":{\"@type\":\"PropertyValueSpecification\",\"valueRequired\":true,\"valueName\":\"search_term_string\"}}],\"inLanguage\":\"es\"},{\"@type\":\"Organization\",\"@id\":\"https:\/\/innoticiasbo.com\/#organization\",\"name\":\"innoticiasbo.com\",\"url\":\"https:\/\/innoticiasbo.com\/\",\"logo\":{\"@type\":\"ImageObject\",\"inLanguage\":\"es\",\"@id\":\"https:\/\/innoticiasbo.com\/#\/schema\/logo\/image\/\",\"url\":\"https:\/\/i0.wp.com\/innoticiasbo.com\/wp-content\/uploads\/2026\/04\/cropped-IN-LOGO.png?fit=1476%2C1476&ssl=1\",\"contentUrl\":\"https:\/\/i0.wp.com\/innoticiasbo.com\/wp-content\/uploads\/2026\/04\/cropped-IN-LOGO.png?fit=1476%2C1476&ssl=1\",\"width\":1476,\"height\":1476,\"caption\":\"innoticiasbo.com\"},\"image\":{\"@id\":\"https:\/\/innoticiasbo.com\/#\/schema\/logo\/image\/\"},\"sameAs\":[\"https:\/\/www.facebook.com\/innoticiasbolivia\",\"https:\/\/x.com\/innoticiasbo\",\"https:\/\/www.instagram.com\/innoticiasbo\",\"https:\/\/www.youtube.com\/innoticiasbo\"]},{\"@type\":\"Person\",\"@id\":\"https:\/\/innoticiasbo.com\/#\/schema\/person\/589cd527c4211df1b943bdad85ec07ce\",\"name\":\"Prensa\",\"image\":{\"@type\":\"ImageObject\",\"inLanguage\":\"es\",\"@id\":\"https:\/\/innoticiasbo.com\/#\/schema\/person\/image\/\",\"url\":\"https:\/\/secure.gravatar.com\/avatar\/d359bbdf112023c1c0a3ec7fe1600657?s=96&d=mm&r=g\",\"contentUrl\":\"https:\/\/secure.gravatar.com\/avatar\/d359bbdf112023c1c0a3ec7fe1600657?s=96&d=mm&r=g\",\"caption\":\"Prensa\"},\"sameAs\":[\"http:\/\/www.innoticiasbo.com\"],\"url\":\"https:\/\/innoticiasbo.com\/index.php\/author\/prensa\/\"}]}<\/script>\n<!-- \/ Yoast SEO plugin. -->","yoast_head_json":{"title":"DECANO DEL TCP NIEGA PRESIONES AL LEGISLATIVO Y GARANTIZA&nbsp; ELECCIONES - innoticiasbo.com","robots":{"index":"index","follow":"follow","max-snippet":"max-snippet:-1","max-image-preview":"max-image-preview:large","max-video-preview":"max-video-preview:-1"},"canonical":"https:\/\/innoticiasbo.com\/index.php\/2025\/04\/30\/decano-del-tcp-niega-presiones-al-legislativo-y-garantiza-elecciones\/","og_locale":"es_ES","og_type":"article","og_title":"DECANO DEL TCP NIEGA PRESIONES AL LEGISLATIVO Y GARANTIZA&nbsp; ELECCIONES - innoticiasbo.com","og_description":"Sucre, 30 de abril de 2025.- \u00a0El decano del Tribunal Constitucional Plurinacional (TCP), Yv\u00e1n Espada, rechaz\u00f3 este mi\u00e9rcoles en Sucre las acusaciones de sectores opositores que denunciaron un presunto chantaje institucional al Legislativo. Aclar\u00f3 que los magistrados no buscan ser blindados por ley ni condicionan su permanencia a decisiones sobre la candidatura de Evo Morales....","og_url":"https:\/\/innoticiasbo.com\/index.php\/2025\/04\/30\/decano-del-tcp-niega-presiones-al-legislativo-y-garantiza-elecciones\/","og_site_name":"innoticiasbo.com","article_publisher":"https:\/\/www.facebook.com\/innoticiasbolivia","article_published_time":"2025-04-30T23:21:25+00:00","article_modified_time":"2025-04-30T23:22:10+00:00","og_image":[{"width":770,"height":430,"url":"https:\/\/i0.wp.com\/innoticiasbo.com\/wp-content\/uploads\/2025\/04\/1000112863.jpg.webp?fit=770%2C430&ssl=1","type":"image\/webp"}],"author":"Prensa","twitter_card":"summary_large_image","twitter_creator":"@innoticiasbo","twitter_site":"@innoticiasbo","twitter_misc":{"Escrito por":"Prensa","Tiempo de lectura":"1 minuto"},"schema":{"@context":"https:\/\/schema.org","@graph":[{"@type":"Article","@id":"https:\/\/innoticiasbo.com\/index.php\/2025\/04\/30\/decano-del-tcp-niega-presiones-al-legislativo-y-garantiza-elecciones\/#article","isPartOf":{"@id":"https:\/\/innoticiasbo.com\/index.php\/2025\/04\/30\/decano-del-tcp-niega-presiones-al-legislativo-y-garantiza-elecciones\/"},"author":{"name":"Prensa","@id":"https:\/\/innoticiasbo.com\/#\/schema\/person\/589cd527c4211df1b943bdad85ec07ce"},"headline":"DECANO DEL TCP NIEGA PRESIONES AL LEGISLATIVO Y GARANTIZA&nbsp; ELECCIONES","datePublished":"2025-04-30T23:21:25+00:00","dateModified":"2025-04-30T23:22:10+00:00","mainEntityOfPage":{"@id":"https:\/\/innoticiasbo.com\/index.php\/2025\/04\/30\/decano-del-tcp-niega-presiones-al-legislativo-y-garantiza-elecciones\/"},"wordCount":152,"commentCount":0,"publisher":{"@id":"https:\/\/innoticiasbo.com\/#organization"},"image":{"@id":"https:\/\/innoticiasbo.com\/index.php\/2025\/04\/30\/decano-del-tcp-niega-presiones-al-legislativo-y-garantiza-elecciones\/#primaryimage"},"thumbnailUrl":"https:\/\/i0.wp.com\/innoticiasbo.com\/wp-content\/uploads\/2025\/04\/1000112863.jpg.webp?fit=770%2C430&ssl=1","keywords":["Elecciones Bolivia2025","ELECCIONES. autoprorrogados","TCP"],"articleSection":["Bolivia","Pol\u00edtica"],"inLanguage":"es","potentialAction":[{"@type":"CommentAction","name":"Comment","target":["https:\/\/innoticiasbo.com\/index.php\/2025\/04\/30\/decano-del-tcp-niega-presiones-al-legislativo-y-garantiza-elecciones\/#respond"]}]},{"@type":"WebPage","@id":"https:\/\/innoticiasbo.com\/index.php\/2025\/04\/30\/decano-del-tcp-niega-presiones-al-legislativo-y-garantiza-elecciones\/","url":"https:\/\/innoticiasbo.com\/index.php\/2025\/04\/30\/decano-del-tcp-niega-presiones-al-legislativo-y-garantiza-elecciones\/","name":"DECANO DEL TCP NIEGA PRESIONES AL LEGISLATIVO Y GARANTIZA&nbsp; ELECCIONES - innoticiasbo.com","isPartOf":{"@id":"https:\/\/innoticiasbo.com\/#website"},"primaryImageOfPage":{"@id":"https:\/\/innoticiasbo.com\/index.php\/2025\/04\/30\/decano-del-tcp-niega-presiones-al-legislativo-y-garantiza-elecciones\/#primaryimage"},"image":{"@id":"https:\/\/innoticiasbo.com\/index.php\/2025\/04\/30\/decano-del-tcp-niega-presiones-al-legislativo-y-garantiza-elecciones\/#primaryimage"},"thumbnailUrl":"https:\/\/i0.wp.com\/innoticiasbo.com\/wp-content\/uploads\/2025\/04\/1000112863.jpg.webp?fit=770%2C430&ssl=1","datePublished":"2025-04-30T23:21:25+00:00","dateModified":"2025-04-30T23:22:10+00:00","breadcrumb":{"@id":"https:\/\/innoticiasbo.com\/index.php\/2025\/04\/30\/decano-del-tcp-niega-presiones-al-legislativo-y-garantiza-elecciones\/#breadcrumb"},"inLanguage":"es","potentialAction":[{"@type":"ReadAction","target":["https:\/\/innoticiasbo.com\/index.php\/2025\/04\/30\/decano-del-tcp-niega-presiones-al-legislativo-y-garantiza-elecciones\/"]}]},{"@type":"ImageObject","inLanguage":"es","@id":"https:\/\/innoticiasbo.com\/index.php\/2025\/04\/30\/decano-del-tcp-niega-presiones-al-legislativo-y-garantiza-elecciones\/#primaryimage","url":"https:\/\/i0.wp.com\/innoticiasbo.com\/wp-content\/uploads\/2025\/04\/1000112863.jpg.webp?fit=770%2C430&ssl=1","contentUrl":"https:\/\/i0.wp.com\/innoticiasbo.com\/wp-content\/uploads\/2025\/04\/1000112863.jpg.webp?fit=770%2C430&ssl=1","width":770,"height":430},{"@type":"BreadcrumbList","@id":"https:\/\/innoticiasbo.com\/index.php\/2025\/04\/30\/decano-del-tcp-niega-presiones-al-legislativo-y-garantiza-elecciones\/#breadcrumb","itemListElement":[{"@type":"ListItem","position":1,"name":"Portada","item":"https:\/\/innoticiasbo.com\/"},{"@type":"ListItem","position":2,"name":"DECANO DEL TCP NIEGA PRESIONES AL LEGISLATIVO Y GARANTIZA&nbsp; ELECCIONES"}]},{"@type":"WebSite","@id":"https:\/\/innoticiasbo.com\/#website","url":"https:\/\/innoticiasbo.com\/","name":"innoticiasbo.com","description":"","publisher":{"@id":"https:\/\/innoticiasbo.com\/#organization"},"potentialAction":[{"@type":"SearchAction","target":{"@type":"EntryPoint","urlTemplate":"https:\/\/innoticiasbo.com\/?s={search_term_string}"},"query-input":{"@type":"PropertyValueSpecification","valueRequired":true,"valueName":"search_term_string"}}],"inLanguage":"es"},{"@type":"Organization","@id":"https:\/\/innoticiasbo.com\/#organization","name":"innoticiasbo.com","url":"https:\/\/innoticiasbo.com\/","logo":{"@type":"ImageObject","inLanguage":"es","@id":"https:\/\/innoticiasbo.com\/#\/schema\/logo\/image\/","url":"https:\/\/i0.wp.com\/innoticiasbo.com\/wp-content\/uploads\/2026\/04\/cropped-IN-LOGO.png?fit=1476%2C1476&ssl=1","contentUrl":"https:\/\/i0.wp.com\/innoticiasbo.com\/wp-content\/uploads\/2026\/04\/cropped-IN-LOGO.png?fit=1476%2C1476&ssl=1","width":1476,"height":1476,"caption":"innoticiasbo.com"},"image":{"@id":"https:\/\/innoticiasbo.com\/#\/schema\/logo\/image\/"},"sameAs":["https:\/\/www.facebook.com\/innoticiasbolivia","https:\/\/x.com\/innoticiasbo","https:\/\/www.instagram.com\/innoticiasbo","https:\/\/www.youtube.com\/innoticiasbo"]},{"@type":"Person","@id":"https:\/\/innoticiasbo.com\/#\/schema\/person\/589cd527c4211df1b943bdad85ec07ce","name":"Prensa","image":{"@type":"ImageObject","inLanguage":"es","@id":"https:\/\/innoticiasbo.com\/#\/schema\/person\/image\/","url":"https:\/\/secure.gravatar.com\/avatar\/d359bbdf112023c1c0a3ec7fe1600657?s=96&d=mm&r=g","contentUrl":"https:\/\/secure.gravatar.com\/avatar\/d359bbdf112023c1c0a3ec7fe1600657?s=96&d=mm&r=g","caption":"Prensa"},"sameAs":["http:\/\/www.innoticiasbo.com"],"url":"https:\/\/innoticiasbo.com\/index.php\/author\/prensa\/"}]}},"jetpack_featured_media_url":"https:\/\/i0.wp.com\/innoticiasbo.com\/wp-content\/uploads\/2025\/04\/1000112863.jpg.webp?fit=770%2C430&ssl=1","jetpack_likes_enabled":true,"jetpack_sharing_enabled":true,"jetpack_shortlink":"https:\/\/wp.me\/pg298x-1hN","_links":{"self":[{"href":"https:\/\/innoticiasbo.com\/index.php\/wp-json\/wp\/v2\/posts\/4947","targetHints":{"allow":["GET"]}}],"collection":[{"href":"https:\/\/innoticiasbo.com\/index.php\/wp-json\/wp\/v2\/posts"}],"about":[{"href":"https:\/\/innoticiasbo.com\/index.php\/wp-json\/wp\/v2\/types\/post"}],"author":[{"embeddable":true,"href":"https:\/\/innoticiasbo.com\/index.php\/wp-json\/wp\/v2\/users\/2"}],"replies":[{"embeddable":true,"href":"https:\/\/innoticiasbo.com\/index.php\/wp-json\/wp\/v2\/comments?post=4947"}],"version-history":[{"count":1,"href":"https:\/\/innoticiasbo.com\/index.php\/wp-json\/wp\/v2\/posts\/4947\/revisions"}],"predecessor-version":[{"id":4948,"href":"https:\/\/innoticiasbo.com\/index.php\/wp-json\/wp\/v2\/posts\/4947\/revisions\/4948"}],"wp:featuredmedia":[{"embeddable":true,"href":"https:\/\/innoticiasbo.com\/index.php\/wp-json\/wp\/v2\/media\/4946"}],"wp:attachment":[{"href":"https:\/\/innoticiasbo.com\/index.php\/wp-json\/wp\/v2\/media?parent=4947"}],"wp:term":[{"taxonomy":"category","embeddable":true,"href":"https:\/\/innoticiasbo.com\/index.php\/wp-json\/wp\/v2\/categories?post=4947"},{"taxonomy":"post_tag","embeddable":true,"href":"https:\/\/innoticiasbo.com\/index.php\/wp-json\/wp\/v2\/tags?post=4947"}],"curies":[{"name":"wp","href":"https:\/\/api.w.org\/{rel}","templated":true}]}}