{"id":4923,"date":"2025-04-30T12:41:17","date_gmt":"2025-04-30T16:41:17","guid":{"rendered":"https:\/\/innoticiasbo.com\/?p=4923"},"modified":"2025-04-30T12:42:03","modified_gmt":"2025-04-30T16:42:03","slug":"gobierno-acuerda-con-floricultura-de-cochabamba-intensificar-controles-en-la-linea-de-frontera-con-el-peru","status":"publish","type":"post","link":"https:\/\/innoticiasbo.com\/index.php\/2025\/04\/30\/gobierno-acuerda-con-floricultura-de-cochabamba-intensificar-controles-en-la-linea-de-frontera-con-el-peru\/","title":{"rendered":"GOBIERNO ACUERDA CON FLORICULTURA DE COCHABAMBA INTENSIFICAR CONTROLES EN LA L\u00cdNEA DE FRONTERA CON EL PER\u00da"},"content":{"rendered":"\n<p><\/p>\n\n\n\n<p>Cochabamba, 30 abril de 2025.- El Gobierno nacional acord\u00f3 con la Federaci\u00f3n Departamental de Flores de Cochabamba en incrementar los controles en la l\u00ednea fronteriza con el Per\u00fa, con el fin de evitar el ingreso de este producto por contrabando, inform\u00f3 el Viceministro de Lucha Contra el Contrabando, Cnl. DAEN. (S.P.) Luis Am\u00edlcar Vel\u00e1squez.<\/p>\n\n\n\n<p>\u201cEn esta reuni\u00f3n que ha sido convocada por el presidente de la C\u00e1mara Agropecuaria de Cochabamba y el presidente de la Federaci\u00f3n Departamental de Productores de Flores (Fedeflor) hemos acordado que vamos a incrementar nuestros controles, vamos a intensificarlos en la l\u00ednea fronteriza\u201d, explic\u00f3.<\/p>\n\n\n\n<figure class=\"wp-block-image size-large\"><img data-recalc-dims=\"1\" loading=\"lazy\" decoding=\"async\" width=\"640\" height=\"480\" src=\"https:\/\/i0.wp.com\/innoticiasbo.com\/wp-content\/uploads\/2025\/04\/img-20250430-wa01556385076407254087718.jpg?resize=640%2C480&#038;ssl=1\" alt=\"\" class=\"wp-image-4921\" srcset=\"https:\/\/i0.wp.com\/innoticiasbo.com\/wp-content\/uploads\/2025\/04\/img-20250430-wa01556385076407254087718.jpg?resize=1024%2C768&amp;ssl=1 1024w, https:\/\/i0.wp.com\/innoticiasbo.com\/wp-content\/uploads\/2025\/04\/img-20250430-wa01556385076407254087718.jpg?resize=300%2C225&amp;ssl=1 300w, https:\/\/i0.wp.com\/innoticiasbo.com\/wp-content\/uploads\/2025\/04\/img-20250430-wa01556385076407254087718.jpg?resize=768%2C576&amp;ssl=1 768w, https:\/\/i0.wp.com\/innoticiasbo.com\/wp-content\/uploads\/2025\/04\/img-20250430-wa01556385076407254087718.jpg?resize=1536%2C1152&amp;ssl=1 1536w, https:\/\/i0.wp.com\/innoticiasbo.com\/wp-content\/uploads\/2025\/04\/img-20250430-wa01556385076407254087718.jpg?w=1600&amp;ssl=1 1600w, https:\/\/i0.wp.com\/innoticiasbo.com\/wp-content\/uploads\/2025\/04\/img-20250430-wa01556385076407254087718.jpg?w=1280&amp;ssl=1 1280w\" sizes=\"auto, (max-width: 640px) 100vw, 640px\" \/><\/figure>\n\n\n\n<p>Acot\u00f3, que se va a realizar un control conjunto con todo el personal de Fedeflor en tres per\u00edodos claves; el mes de mayo, en junio y en octubre, para poder neutralizar la actividad il\u00edcita que es el contrabando de flores que est\u00e1 afectando a los floricultores de la \u201cLlacta\u201d.<\/p>\n\n\n\n<p>CONTROLES SE INTENSIFICAN POR EL D\u00cdA DE LA MADRE<br \/>Se\u00f1al\u00f3 que por la cercan\u00eda de esta fecha tan importante se incrementa el contrabando de flores que ingresa especialmente por la l\u00ednea fronteriza de Per\u00fa, pero, sin embargo -explic\u00f3- que se tiene controlada la l\u00ednea de frontera y \u00e9sta es permanente, para evitar el ingreso de flores de contrabando.<\/p>\n\n\n\n<p>ESTRATEGIA<br>El Viceministerio de Lucha Contra el Contrabando (VLCC) tiene un nuevo dise\u00f1o estrat\u00e9gico que se tipifica en tres l\u00edneas de control: la primera es la fronteriza; la segunda los principales caminos troncales, donde se encuentran los puntos de inspecci\u00f3n aduaneros conjuntamente con las Fuerzas Armadas; y una tercera l\u00ednea, la de interdicci\u00f3n, constituida por el control en los mercados, donde participan activamente el Comit\u00e9 de Seguridad Alimentaria, la Aduana Nacional, el Servicio Nacional de Sanidad Agropecuaria e Inocuidad Alimentaria (Senasag), la Polic\u00eda y otras instituciones que coadyuvan para neutralizar el contrabando.<\/p>\n","protected":false},"excerpt":{"rendered":"<p>Cochabamba, 30 abril de 2025.- El Gobierno nacional acord\u00f3 con la Federaci\u00f3n Departamental de Flores de Cochabamba en incrementar los controles en la l\u00ednea fronteriza con el Per\u00fa, con el fin de evitar el ingreso de este producto por contrabando, inform\u00f3 el Viceministro de Lucha Contra el Contrabando, Cnl. DAEN. (S.P.) Luis Am\u00edlcar Vel\u00e1squez. \u201cEn&#8230;<\/p>\n","protected":false},"author":2,"featured_media":4922,"comment_status":"open","ping_status":"open","sticky":false,"template":"","format":"standard","meta":{"_jetpack_memberships_contains_paid_content":false,"footnotes":"","jetpack_publicize_message":"","jetpack_publicize_feature_enabled":true,"jetpack_social_post_already_shared":true,"jetpack_social_options":{"image_generator_settings":{"template":"highway","enabled":false},"version":2}},"categories":[2,16],"tags":[6,209,208,210,177],"class_list":["post-4923","post","type-post","status-publish","format-standard","has-post-thumbnail","hentry","category-cochabamba","category-economia","tag-cochabamba","tag-controles","tag-floricultures","tag-frontera-con-peru","tag-gobierno"],"jetpack_publicize_connections":[],"yoast_head":"<!-- This site is optimized with the Yoast SEO plugin v23.4 - https:\/\/yoast.com\/wordpress\/plugins\/seo\/ -->\n<title>GOBIERNO ACUERDA CON FLORICULTURA DE COCHABAMBA INTENSIFICAR CONTROLES EN LA L\u00cdNEA DE FRONTERA CON EL PER\u00da - innoticiasbo.com<\/title>\n<meta name=\"robots\" content=\"index, follow, max-snippet:-1, max-image-preview:large, max-video-preview:-1\" \/>\n<link rel=\"canonical\" href=\"https:\/\/innoticiasbo.com\/index.php\/2025\/04\/30\/gobierno-acuerda-con-floricultura-de-cochabamba-intensificar-controles-en-la-linea-de-frontera-con-el-peru\/\" \/>\n<meta property=\"og:locale\" content=\"es_ES\" \/>\n<meta property=\"og:type\" content=\"article\" \/>\n<meta property=\"og:title\" content=\"GOBIERNO ACUERDA CON FLORICULTURA DE COCHABAMBA INTENSIFICAR CONTROLES EN LA L\u00cdNEA DE FRONTERA CON EL PER\u00da - innoticiasbo.com\" \/>\n<meta property=\"og:description\" content=\"Cochabamba, 30 abril de 2025.- El Gobierno nacional acord\u00f3 con la Federaci\u00f3n Departamental de Flores de Cochabamba en incrementar los controles en la l\u00ednea fronteriza con el Per\u00fa, con el fin de evitar el ingreso de este producto por contrabando, inform\u00f3 el Viceministro de Lucha Contra el Contrabando, Cnl. DAEN. (S.P.) Luis Am\u00edlcar Vel\u00e1squez. \u201cEn...\" \/>\n<meta property=\"og:url\" content=\"https:\/\/innoticiasbo.com\/index.php\/2025\/04\/30\/gobierno-acuerda-con-floricultura-de-cochabamba-intensificar-controles-en-la-linea-de-frontera-con-el-peru\/\" \/>\n<meta property=\"og:site_name\" content=\"innoticiasbo.com\" \/>\n<meta property=\"article:publisher\" content=\"https:\/\/www.facebook.com\/innoticiasbolivia\" \/>\n<meta property=\"article:published_time\" content=\"2025-04-30T16:41:17+00:00\" \/>\n<meta property=\"article:modified_time\" content=\"2025-04-30T16:42:03+00:00\" \/>\n<meta property=\"og:image\" content=\"https:\/\/i0.wp.com\/innoticiasbo.com\/wp-content\/uploads\/2025\/04\/IMG-20250430-WA0155.jpg?fit=1600%2C1200&ssl=1\" \/>\n\t<meta property=\"og:image:width\" content=\"1600\" \/>\n\t<meta property=\"og:image:height\" content=\"1200\" \/>\n\t<meta property=\"og:image:type\" content=\"image\/jpeg\" \/>\n<meta name=\"author\" content=\"Prensa\" \/>\n<meta name=\"twitter:card\" content=\"summary_large_image\" \/>\n<meta name=\"twitter:creator\" content=\"@innoticiasbo\" \/>\n<meta name=\"twitter:site\" content=\"@innoticiasbo\" \/>\n<meta name=\"twitter:label1\" content=\"Escrito por\" \/>\n\t<meta name=\"twitter:data1\" content=\"Prensa\" \/>\n\t<meta name=\"twitter:label2\" content=\"Tiempo de lectura\" \/>\n\t<meta name=\"twitter:data2\" content=\"2 minutos\" \/>\n<script type=\"application\/ld+json\" class=\"yoast-schema-graph\">{\"@context\":\"https:\/\/schema.org\",\"@graph\":[{\"@type\":\"Article\",\"@id\":\"https:\/\/innoticiasbo.com\/index.php\/2025\/04\/30\/gobierno-acuerda-con-floricultura-de-cochabamba-intensificar-controles-en-la-linea-de-frontera-con-el-peru\/#article\",\"isPartOf\":{\"@id\":\"https:\/\/innoticiasbo.com\/index.php\/2025\/04\/30\/gobierno-acuerda-con-floricultura-de-cochabamba-intensificar-controles-en-la-linea-de-frontera-con-el-peru\/\"},\"author\":{\"name\":\"Prensa\",\"@id\":\"https:\/\/innoticiasbo.com\/#\/schema\/person\/589cd527c4211df1b943bdad85ec07ce\"},\"headline\":\"GOBIERNO ACUERDA CON FLORICULTURA DE COCHABAMBA INTENSIFICAR CONTROLES EN LA L\u00cdNEA DE FRONTERA CON EL PER\u00da\",\"datePublished\":\"2025-04-30T16:41:17+00:00\",\"dateModified\":\"2025-04-30T16:42:03+00:00\",\"mainEntityOfPage\":{\"@id\":\"https:\/\/innoticiasbo.com\/index.php\/2025\/04\/30\/gobierno-acuerda-con-floricultura-de-cochabamba-intensificar-controles-en-la-linea-de-frontera-con-el-peru\/\"},\"wordCount\":335,\"commentCount\":0,\"publisher\":{\"@id\":\"https:\/\/innoticiasbo.com\/#organization\"},\"image\":{\"@id\":\"https:\/\/innoticiasbo.com\/index.php\/2025\/04\/30\/gobierno-acuerda-con-floricultura-de-cochabamba-intensificar-controles-en-la-linea-de-frontera-con-el-peru\/#primaryimage\"},\"thumbnailUrl\":\"https:\/\/i0.wp.com\/innoticiasbo.com\/wp-content\/uploads\/2025\/04\/IMG-20250430-WA0155.jpg?fit=1600%2C1200&ssl=1\",\"keywords\":[\"Cochabamba\",\"controles\",\"floricultures\",\"frontera con Per\u00fa\",\"gobierno\"],\"articleSection\":[\"Cochabamba\",\"Econom\u00eda\"],\"inLanguage\":\"es\",\"potentialAction\":[{\"@type\":\"CommentAction\",\"name\":\"Comment\",\"target\":[\"https:\/\/innoticiasbo.com\/index.php\/2025\/04\/30\/gobierno-acuerda-con-floricultura-de-cochabamba-intensificar-controles-en-la-linea-de-frontera-con-el-peru\/#respond\"]}]},{\"@type\":\"WebPage\",\"@id\":\"https:\/\/innoticiasbo.com\/index.php\/2025\/04\/30\/gobierno-acuerda-con-floricultura-de-cochabamba-intensificar-controles-en-la-linea-de-frontera-con-el-peru\/\",\"url\":\"https:\/\/innoticiasbo.com\/index.php\/2025\/04\/30\/gobierno-acuerda-con-floricultura-de-cochabamba-intensificar-controles-en-la-linea-de-frontera-con-el-peru\/\",\"name\":\"GOBIERNO ACUERDA CON FLORICULTURA DE COCHABAMBA INTENSIFICAR CONTROLES EN LA L\u00cdNEA DE FRONTERA CON EL PER\u00da - innoticiasbo.com\",\"isPartOf\":{\"@id\":\"https:\/\/innoticiasbo.com\/#website\"},\"primaryImageOfPage\":{\"@id\":\"https:\/\/innoticiasbo.com\/index.php\/2025\/04\/30\/gobierno-acuerda-con-floricultura-de-cochabamba-intensificar-controles-en-la-linea-de-frontera-con-el-peru\/#primaryimage\"},\"image\":{\"@id\":\"https:\/\/innoticiasbo.com\/index.php\/2025\/04\/30\/gobierno-acuerda-con-floricultura-de-cochabamba-intensificar-controles-en-la-linea-de-frontera-con-el-peru\/#primaryimage\"},\"thumbnailUrl\":\"https:\/\/i0.wp.com\/innoticiasbo.com\/wp-content\/uploads\/2025\/04\/IMG-20250430-WA0155.jpg?fit=1600%2C1200&ssl=1\",\"datePublished\":\"2025-04-30T16:41:17+00:00\",\"dateModified\":\"2025-04-30T16:42:03+00:00\",\"breadcrumb\":{\"@id\":\"https:\/\/innoticiasbo.com\/index.php\/2025\/04\/30\/gobierno-acuerda-con-floricultura-de-cochabamba-intensificar-controles-en-la-linea-de-frontera-con-el-peru\/#breadcrumb\"},\"inLanguage\":\"es\",\"potentialAction\":[{\"@type\":\"ReadAction\",\"target\":[\"https:\/\/innoticiasbo.com\/index.php\/2025\/04\/30\/gobierno-acuerda-con-floricultura-de-cochabamba-intensificar-controles-en-la-linea-de-frontera-con-el-peru\/\"]}]},{\"@type\":\"ImageObject\",\"inLanguage\":\"es\",\"@id\":\"https:\/\/innoticiasbo.com\/index.php\/2025\/04\/30\/gobierno-acuerda-con-floricultura-de-cochabamba-intensificar-controles-en-la-linea-de-frontera-con-el-peru\/#primaryimage\",\"url\":\"https:\/\/i0.wp.com\/innoticiasbo.com\/wp-content\/uploads\/2025\/04\/IMG-20250430-WA0155.jpg?fit=1600%2C1200&ssl=1\",\"contentUrl\":\"https:\/\/i0.wp.com\/innoticiasbo.com\/wp-content\/uploads\/2025\/04\/IMG-20250430-WA0155.jpg?fit=1600%2C1200&ssl=1\",\"width\":1600,\"height\":1200},{\"@type\":\"BreadcrumbList\",\"@id\":\"https:\/\/innoticiasbo.com\/index.php\/2025\/04\/30\/gobierno-acuerda-con-floricultura-de-cochabamba-intensificar-controles-en-la-linea-de-frontera-con-el-peru\/#breadcrumb\",\"itemListElement\":[{\"@type\":\"ListItem\",\"position\":1,\"name\":\"Portada\",\"item\":\"https:\/\/innoticiasbo.com\/\"},{\"@type\":\"ListItem\",\"position\":2,\"name\":\"GOBIERNO ACUERDA CON FLORICULTURA DE COCHABAMBA INTENSIFICAR CONTROLES EN LA L\u00cdNEA DE FRONTERA CON EL PER\u00da\"}]},{\"@type\":\"WebSite\",\"@id\":\"https:\/\/innoticiasbo.com\/#website\",\"url\":\"https:\/\/innoticiasbo.com\/\",\"name\":\"innoticiasbo.com\",\"description\":\"\",\"publisher\":{\"@id\":\"https:\/\/innoticiasbo.com\/#organization\"},\"potentialAction\":[{\"@type\":\"SearchAction\",\"target\":{\"@type\":\"EntryPoint\",\"urlTemplate\":\"https:\/\/innoticiasbo.com\/?s={search_term_string}\"},\"query-input\":{\"@type\":\"PropertyValueSpecification\",\"valueRequired\":true,\"valueName\":\"search_term_string\"}}],\"inLanguage\":\"es\"},{\"@type\":\"Organization\",\"@id\":\"https:\/\/innoticiasbo.com\/#organization\",\"name\":\"innoticiasbo.com\",\"url\":\"https:\/\/innoticiasbo.com\/\",\"logo\":{\"@type\":\"ImageObject\",\"inLanguage\":\"es\",\"@id\":\"https:\/\/innoticiasbo.com\/#\/schema\/logo\/image\/\",\"url\":\"https:\/\/i0.wp.com\/innoticiasbo.com\/wp-content\/uploads\/2026\/04\/cropped-IN-LOGO.png?fit=1476%2C1476&ssl=1\",\"contentUrl\":\"https:\/\/i0.wp.com\/innoticiasbo.com\/wp-content\/uploads\/2026\/04\/cropped-IN-LOGO.png?fit=1476%2C1476&ssl=1\",\"width\":1476,\"height\":1476,\"caption\":\"innoticiasbo.com\"},\"image\":{\"@id\":\"https:\/\/innoticiasbo.com\/#\/schema\/logo\/image\/\"},\"sameAs\":[\"https:\/\/www.facebook.com\/innoticiasbolivia\",\"https:\/\/x.com\/innoticiasbo\",\"https:\/\/www.instagram.com\/innoticiasbo\",\"https:\/\/www.youtube.com\/innoticiasbo\"]},{\"@type\":\"Person\",\"@id\":\"https:\/\/innoticiasbo.com\/#\/schema\/person\/589cd527c4211df1b943bdad85ec07ce\",\"name\":\"Prensa\",\"image\":{\"@type\":\"ImageObject\",\"inLanguage\":\"es\",\"@id\":\"https:\/\/innoticiasbo.com\/#\/schema\/person\/image\/\",\"url\":\"https:\/\/secure.gravatar.com\/avatar\/d359bbdf112023c1c0a3ec7fe1600657?s=96&d=mm&r=g\",\"contentUrl\":\"https:\/\/secure.gravatar.com\/avatar\/d359bbdf112023c1c0a3ec7fe1600657?s=96&d=mm&r=g\",\"caption\":\"Prensa\"},\"sameAs\":[\"http:\/\/www.innoticiasbo.com\"],\"url\":\"https:\/\/innoticiasbo.com\/index.php\/author\/prensa\/\"}]}<\/script>\n<!-- \/ Yoast SEO plugin. -->","yoast_head_json":{"title":"GOBIERNO ACUERDA CON FLORICULTURA DE COCHABAMBA INTENSIFICAR CONTROLES EN LA L\u00cdNEA DE FRONTERA CON EL PER\u00da - innoticiasbo.com","robots":{"index":"index","follow":"follow","max-snippet":"max-snippet:-1","max-image-preview":"max-image-preview:large","max-video-preview":"max-video-preview:-1"},"canonical":"https:\/\/innoticiasbo.com\/index.php\/2025\/04\/30\/gobierno-acuerda-con-floricultura-de-cochabamba-intensificar-controles-en-la-linea-de-frontera-con-el-peru\/","og_locale":"es_ES","og_type":"article","og_title":"GOBIERNO ACUERDA CON FLORICULTURA DE COCHABAMBA INTENSIFICAR CONTROLES EN LA L\u00cdNEA DE FRONTERA CON EL PER\u00da - innoticiasbo.com","og_description":"Cochabamba, 30 abril de 2025.- El Gobierno nacional acord\u00f3 con la Federaci\u00f3n Departamental de Flores de Cochabamba en incrementar los controles en la l\u00ednea fronteriza con el Per\u00fa, con el fin de evitar el ingreso de este producto por contrabando, inform\u00f3 el Viceministro de Lucha Contra el Contrabando, Cnl. DAEN. (S.P.) Luis Am\u00edlcar Vel\u00e1squez. \u201cEn...","og_url":"https:\/\/innoticiasbo.com\/index.php\/2025\/04\/30\/gobierno-acuerda-con-floricultura-de-cochabamba-intensificar-controles-en-la-linea-de-frontera-con-el-peru\/","og_site_name":"innoticiasbo.com","article_publisher":"https:\/\/www.facebook.com\/innoticiasbolivia","article_published_time":"2025-04-30T16:41:17+00:00","article_modified_time":"2025-04-30T16:42:03+00:00","og_image":[{"width":1600,"height":1200,"url":"https:\/\/i0.wp.com\/innoticiasbo.com\/wp-content\/uploads\/2025\/04\/IMG-20250430-WA0155.jpg?fit=1600%2C1200&ssl=1","type":"image\/jpeg"}],"author":"Prensa","twitter_card":"summary_large_image","twitter_creator":"@innoticiasbo","twitter_site":"@innoticiasbo","twitter_misc":{"Escrito por":"Prensa","Tiempo de lectura":"2 minutos"},"schema":{"@context":"https:\/\/schema.org","@graph":[{"@type":"Article","@id":"https:\/\/innoticiasbo.com\/index.php\/2025\/04\/30\/gobierno-acuerda-con-floricultura-de-cochabamba-intensificar-controles-en-la-linea-de-frontera-con-el-peru\/#article","isPartOf":{"@id":"https:\/\/innoticiasbo.com\/index.php\/2025\/04\/30\/gobierno-acuerda-con-floricultura-de-cochabamba-intensificar-controles-en-la-linea-de-frontera-con-el-peru\/"},"author":{"name":"Prensa","@id":"https:\/\/innoticiasbo.com\/#\/schema\/person\/589cd527c4211df1b943bdad85ec07ce"},"headline":"GOBIERNO ACUERDA CON FLORICULTURA DE COCHABAMBA INTENSIFICAR CONTROLES EN LA L\u00cdNEA DE FRONTERA CON EL PER\u00da","datePublished":"2025-04-30T16:41:17+00:00","dateModified":"2025-04-30T16:42:03+00:00","mainEntityOfPage":{"@id":"https:\/\/innoticiasbo.com\/index.php\/2025\/04\/30\/gobierno-acuerda-con-floricultura-de-cochabamba-intensificar-controles-en-la-linea-de-frontera-con-el-peru\/"},"wordCount":335,"commentCount":0,"publisher":{"@id":"https:\/\/innoticiasbo.com\/#organization"},"image":{"@id":"https:\/\/innoticiasbo.com\/index.php\/2025\/04\/30\/gobierno-acuerda-con-floricultura-de-cochabamba-intensificar-controles-en-la-linea-de-frontera-con-el-peru\/#primaryimage"},"thumbnailUrl":"https:\/\/i0.wp.com\/innoticiasbo.com\/wp-content\/uploads\/2025\/04\/IMG-20250430-WA0155.jpg?fit=1600%2C1200&ssl=1","keywords":["Cochabamba","controles","floricultures","frontera con Per\u00fa","gobierno"],"articleSection":["Cochabamba","Econom\u00eda"],"inLanguage":"es","potentialAction":[{"@type":"CommentAction","name":"Comment","target":["https:\/\/innoticiasbo.com\/index.php\/2025\/04\/30\/gobierno-acuerda-con-floricultura-de-cochabamba-intensificar-controles-en-la-linea-de-frontera-con-el-peru\/#respond"]}]},{"@type":"WebPage","@id":"https:\/\/innoticiasbo.com\/index.php\/2025\/04\/30\/gobierno-acuerda-con-floricultura-de-cochabamba-intensificar-controles-en-la-linea-de-frontera-con-el-peru\/","url":"https:\/\/innoticiasbo.com\/index.php\/2025\/04\/30\/gobierno-acuerda-con-floricultura-de-cochabamba-intensificar-controles-en-la-linea-de-frontera-con-el-peru\/","name":"GOBIERNO ACUERDA CON FLORICULTURA DE COCHABAMBA INTENSIFICAR CONTROLES EN LA L\u00cdNEA DE FRONTERA CON EL PER\u00da - innoticiasbo.com","isPartOf":{"@id":"https:\/\/innoticiasbo.com\/#website"},"primaryImageOfPage":{"@id":"https:\/\/innoticiasbo.com\/index.php\/2025\/04\/30\/gobierno-acuerda-con-floricultura-de-cochabamba-intensificar-controles-en-la-linea-de-frontera-con-el-peru\/#primaryimage"},"image":{"@id":"https:\/\/innoticiasbo.com\/index.php\/2025\/04\/30\/gobierno-acuerda-con-floricultura-de-cochabamba-intensificar-controles-en-la-linea-de-frontera-con-el-peru\/#primaryimage"},"thumbnailUrl":"https:\/\/i0.wp.com\/innoticiasbo.com\/wp-content\/uploads\/2025\/04\/IMG-20250430-WA0155.jpg?fit=1600%2C1200&ssl=1","datePublished":"2025-04-30T16:41:17+00:00","dateModified":"2025-04-30T16:42:03+00:00","breadcrumb":{"@id":"https:\/\/innoticiasbo.com\/index.php\/2025\/04\/30\/gobierno-acuerda-con-floricultura-de-cochabamba-intensificar-controles-en-la-linea-de-frontera-con-el-peru\/#breadcrumb"},"inLanguage":"es","potentialAction":[{"@type":"ReadAction","target":["https:\/\/innoticiasbo.com\/index.php\/2025\/04\/30\/gobierno-acuerda-con-floricultura-de-cochabamba-intensificar-controles-en-la-linea-de-frontera-con-el-peru\/"]}]},{"@type":"ImageObject","inLanguage":"es","@id":"https:\/\/innoticiasbo.com\/index.php\/2025\/04\/30\/gobierno-acuerda-con-floricultura-de-cochabamba-intensificar-controles-en-la-linea-de-frontera-con-el-peru\/#primaryimage","url":"https:\/\/i0.wp.com\/innoticiasbo.com\/wp-content\/uploads\/2025\/04\/IMG-20250430-WA0155.jpg?fit=1600%2C1200&ssl=1","contentUrl":"https:\/\/i0.wp.com\/innoticiasbo.com\/wp-content\/uploads\/2025\/04\/IMG-20250430-WA0155.jpg?fit=1600%2C1200&ssl=1","width":1600,"height":1200},{"@type":"BreadcrumbList","@id":"https:\/\/innoticiasbo.com\/index.php\/2025\/04\/30\/gobierno-acuerda-con-floricultura-de-cochabamba-intensificar-controles-en-la-linea-de-frontera-con-el-peru\/#breadcrumb","itemListElement":[{"@type":"ListItem","position":1,"name":"Portada","item":"https:\/\/innoticiasbo.com\/"},{"@type":"ListItem","position":2,"name":"GOBIERNO ACUERDA CON FLORICULTURA DE COCHABAMBA INTENSIFICAR CONTROLES EN LA L\u00cdNEA DE FRONTERA CON EL PER\u00da"}]},{"@type":"WebSite","@id":"https:\/\/innoticiasbo.com\/#website","url":"https:\/\/innoticiasbo.com\/","name":"innoticiasbo.com","description":"","publisher":{"@id":"https:\/\/innoticiasbo.com\/#organization"},"potentialAction":[{"@type":"SearchAction","target":{"@type":"EntryPoint","urlTemplate":"https:\/\/innoticiasbo.com\/?s={search_term_string}"},"query-input":{"@type":"PropertyValueSpecification","valueRequired":true,"valueName":"search_term_string"}}],"inLanguage":"es"},{"@type":"Organization","@id":"https:\/\/innoticiasbo.com\/#organization","name":"innoticiasbo.com","url":"https:\/\/innoticiasbo.com\/","logo":{"@type":"ImageObject","inLanguage":"es","@id":"https:\/\/innoticiasbo.com\/#\/schema\/logo\/image\/","url":"https:\/\/i0.wp.com\/innoticiasbo.com\/wp-content\/uploads\/2026\/04\/cropped-IN-LOGO.png?fit=1476%2C1476&ssl=1","contentUrl":"https:\/\/i0.wp.com\/innoticiasbo.com\/wp-content\/uploads\/2026\/04\/cropped-IN-LOGO.png?fit=1476%2C1476&ssl=1","width":1476,"height":1476,"caption":"innoticiasbo.com"},"image":{"@id":"https:\/\/innoticiasbo.com\/#\/schema\/logo\/image\/"},"sameAs":["https:\/\/www.facebook.com\/innoticiasbolivia","https:\/\/x.com\/innoticiasbo","https:\/\/www.instagram.com\/innoticiasbo","https:\/\/www.youtube.com\/innoticiasbo"]},{"@type":"Person","@id":"https:\/\/innoticiasbo.com\/#\/schema\/person\/589cd527c4211df1b943bdad85ec07ce","name":"Prensa","image":{"@type":"ImageObject","inLanguage":"es","@id":"https:\/\/innoticiasbo.com\/#\/schema\/person\/image\/","url":"https:\/\/secure.gravatar.com\/avatar\/d359bbdf112023c1c0a3ec7fe1600657?s=96&d=mm&r=g","contentUrl":"https:\/\/secure.gravatar.com\/avatar\/d359bbdf112023c1c0a3ec7fe1600657?s=96&d=mm&r=g","caption":"Prensa"},"sameAs":["http:\/\/www.innoticiasbo.com"],"url":"https:\/\/innoticiasbo.com\/index.php\/author\/prensa\/"}]}},"jetpack_featured_media_url":"https:\/\/i0.wp.com\/innoticiasbo.com\/wp-content\/uploads\/2025\/04\/IMG-20250430-WA0155.jpg?fit=1600%2C1200&ssl=1","jetpack_likes_enabled":true,"jetpack_sharing_enabled":true,"jetpack_shortlink":"https:\/\/wp.me\/pg298x-1hp","_links":{"self":[{"href":"https:\/\/innoticiasbo.com\/index.php\/wp-json\/wp\/v2\/posts\/4923","targetHints":{"allow":["GET"]}}],"collection":[{"href":"https:\/\/innoticiasbo.com\/index.php\/wp-json\/wp\/v2\/posts"}],"about":[{"href":"https:\/\/innoticiasbo.com\/index.php\/wp-json\/wp\/v2\/types\/post"}],"author":[{"embeddable":true,"href":"https:\/\/innoticiasbo.com\/index.php\/wp-json\/wp\/v2\/users\/2"}],"replies":[{"embeddable":true,"href":"https:\/\/innoticiasbo.com\/index.php\/wp-json\/wp\/v2\/comments?post=4923"}],"version-history":[{"count":1,"href":"https:\/\/innoticiasbo.com\/index.php\/wp-json\/wp\/v2\/posts\/4923\/revisions"}],"predecessor-version":[{"id":4924,"href":"https:\/\/innoticiasbo.com\/index.php\/wp-json\/wp\/v2\/posts\/4923\/revisions\/4924"}],"wp:featuredmedia":[{"embeddable":true,"href":"https:\/\/innoticiasbo.com\/index.php\/wp-json\/wp\/v2\/media\/4922"}],"wp:attachment":[{"href":"https:\/\/innoticiasbo.com\/index.php\/wp-json\/wp\/v2\/media?parent=4923"}],"wp:term":[{"taxonomy":"category","embeddable":true,"href":"https:\/\/innoticiasbo.com\/index.php\/wp-json\/wp\/v2\/categories?post=4923"},{"taxonomy":"post_tag","embeddable":true,"href":"https:\/\/innoticiasbo.com\/index.php\/wp-json\/wp\/v2\/tags?post=4923"}],"curies":[{"name":"wp","href":"https:\/\/api.w.org\/{rel}","templated":true}]}}