{"id":4806,"date":"2025-04-27T16:08:26","date_gmt":"2025-04-27T20:08:26","guid":{"rendered":"https:\/\/innoticiasbo.com\/?p=4806"},"modified":"2025-04-27T18:54:50","modified_gmt":"2025-04-27T22:54:50","slug":"fexco-2025-vive-su-cuarto-dia-con-arte-turismo-y-gastronomia-en-el-recinto-alalay","status":"publish","type":"post","link":"https:\/\/innoticiasbo.com\/index.php\/2025\/04\/27\/fexco-2025-vive-su-cuarto-dia-con-arte-turismo-y-gastronomia-en-el-recinto-alalay\/","title":{"rendered":"FEXCO 2025 VIVE SU CUARTO D\u00cdA CON ARTE, TURISMO Y GASTRONOM\u00cdA EN EL RECINTO ALALAY"},"content":{"rendered":"\n<p><br><em>Cochabamba, 27 de abril de 2025<\/em>.- El cuarto d\u00eda de la Feria Exposici\u00f3n Internacional de Cochabamba (FEXCO 2025) ofrece este domingo una variada programaci\u00f3n cultural, gastron\u00f3mica y tur\u00edstica. Hasta la media noche, el Recinto Ferial Alalay, recibe a los visitantes para vivir una jornada de actividades para toda la familia.<\/p>\n\n\n\n<figure class=\"wp-block-image size-large\"><img data-recalc-dims=\"1\" loading=\"lazy\" decoding=\"async\" width=\"640\" height=\"480\" src=\"https:\/\/i0.wp.com\/innoticiasbo.com\/wp-content\/uploads\/2025\/04\/img-20250426-wa03252004949138307916800.jpg?resize=640%2C480&#038;ssl=1\" alt=\"\" class=\"wp-image-4803\" srcset=\"https:\/\/i0.wp.com\/innoticiasbo.com\/wp-content\/uploads\/2025\/04\/img-20250426-wa03252004949138307916800.jpg?resize=1024%2C768&amp;ssl=1 1024w, https:\/\/i0.wp.com\/innoticiasbo.com\/wp-content\/uploads\/2025\/04\/img-20250426-wa03252004949138307916800.jpg?resize=300%2C225&amp;ssl=1 300w, https:\/\/i0.wp.com\/innoticiasbo.com\/wp-content\/uploads\/2025\/04\/img-20250426-wa03252004949138307916800.jpg?resize=768%2C576&amp;ssl=1 768w, https:\/\/i0.wp.com\/innoticiasbo.com\/wp-content\/uploads\/2025\/04\/img-20250426-wa03252004949138307916800.jpg?resize=1536%2C1152&amp;ssl=1 1536w, https:\/\/i0.wp.com\/innoticiasbo.com\/wp-content\/uploads\/2025\/04\/img-20250426-wa03252004949138307916800.jpg?w=2000&amp;ssl=1 2000w, https:\/\/i0.wp.com\/innoticiasbo.com\/wp-content\/uploads\/2025\/04\/img-20250426-wa03252004949138307916800.jpg?w=1280&amp;ssl=1 1280w, https:\/\/i0.wp.com\/innoticiasbo.com\/wp-content\/uploads\/2025\/04\/img-20250426-wa03252004949138307916800.jpg?w=1920&amp;ssl=1 1920w\" sizes=\"auto, (max-width: 640px) 100vw, 640px\" \/><\/figure>\n\n\n\n<p><em>La agenda de este domingo incluye las siguientes propuestas destacadas:<\/em><\/p>\n\n\n\n<ul class=\"wp-block-list\">\n<li>Encuentro Nacional de Turismo: Transformaci\u00f3n Sostenible: Exhibici\u00f3n de destinos tur\u00edsticos de todo el pa\u00eds hasta las 18:00 en el Centro Internacional de Negocios.<\/li>\n<\/ul>\n\n\n\n<p><em>Presentaciones art\u00edsticas en el Paseo Bicentenario:<\/em><br \/>\u2022 15:30 a 16:30 \u2013 Presentaci\u00f3n de Cueca con el elenco Casa de la Juventud.<\/p>\n\n\n\n<ul class=\"wp-block-list\">\n<li>Cooking Shows de reposter\u00eda<\/li>\n<\/ul>\n\n\n\n<p><em>Exhibiciones de cocina en vivo en el Paseo Bicentenario:<\/em><br \/>\u2022 15:30 a 16:30 \u2013 Cooking Show 5.<br \/>\u2022 17:30 a 18:30 \u2013 Cooking Show 6.<br \/>\u2022 18:30 a 19:30 \u2013 Cooking Show 7.<\/p>\n\n\n\n<p><em>Inauguraci\u00f3n de stand<\/em><br>\u2022 18:30 \u2013 Inauguraci\u00f3n oficial del stand de la Incubadora de Empresas de Base Tecnol\u00f3gica (EMBATE-UMSS).<\/p>\n\n\n\n<figure class=\"wp-block-image size-large\"><img data-recalc-dims=\"1\" loading=\"lazy\" decoding=\"async\" width=\"640\" height=\"480\" src=\"https:\/\/i0.wp.com\/innoticiasbo.com\/wp-content\/uploads\/2025\/04\/img-20250426-wa03078409043943233287790.jpg?resize=640%2C480&#038;ssl=1\" alt=\"\" class=\"wp-image-4804\" srcset=\"https:\/\/i0.wp.com\/innoticiasbo.com\/wp-content\/uploads\/2025\/04\/img-20250426-wa03078409043943233287790.jpg?resize=1024%2C768&amp;ssl=1 1024w, https:\/\/i0.wp.com\/innoticiasbo.com\/wp-content\/uploads\/2025\/04\/img-20250426-wa03078409043943233287790.jpg?resize=300%2C225&amp;ssl=1 300w, https:\/\/i0.wp.com\/innoticiasbo.com\/wp-content\/uploads\/2025\/04\/img-20250426-wa03078409043943233287790.jpg?resize=768%2C576&amp;ssl=1 768w, https:\/\/i0.wp.com\/innoticiasbo.com\/wp-content\/uploads\/2025\/04\/img-20250426-wa03078409043943233287790.jpg?resize=1536%2C1152&amp;ssl=1 1536w, https:\/\/i0.wp.com\/innoticiasbo.com\/wp-content\/uploads\/2025\/04\/img-20250426-wa03078409043943233287790.jpg?w=2000&amp;ssl=1 2000w, https:\/\/i0.wp.com\/innoticiasbo.com\/wp-content\/uploads\/2025\/04\/img-20250426-wa03078409043943233287790.jpg?w=1280&amp;ssl=1 1280w, https:\/\/i0.wp.com\/innoticiasbo.com\/wp-content\/uploads\/2025\/04\/img-20250426-wa03078409043943233287790.jpg?w=1920&amp;ssl=1 1920w\" sizes=\"auto, (max-width: 640px) 100vw, 640px\" \/><\/figure>\n\n\n\n<p><em>Exposiciones permanentes<\/em><br \/>\u2022 12:30 a 22:00 \u2013 Exposici\u00f3n cultural y gastron\u00f3mica en el Paseo Bicentenario (venta de productos, cocina en vivo, arte y fotograf\u00eda).<br \/>\u2022 12:30 a 22:00 \u2013 Exposici\u00f3n de arte \u201cSemblantes y Paisajes de Bolivia\u201d en el Pabell\u00f3n Kanata.<\/p>\n\n\n\n<p>Horarios de atenci\u00f3n:<\/p>\n\n\n\n<ul class=\"wp-block-list\">\n<li>Domingo 27 de abril: de 12:00 a 00:00 horas.<\/li>\n<\/ul>\n","protected":false},"excerpt":{"rendered":"<p>Cochabamba, 27 de abril de 2025.- El cuarto d\u00eda de la Feria Exposici\u00f3n Internacional de Cochabamba (FEXCO 2025) ofrece este domingo una variada programaci\u00f3n cultural, gastron\u00f3mica y tur\u00edstica. Hasta la media noche, el Recinto Ferial Alalay, recibe a los visitantes para vivir una jornada de actividades para toda la familia. La agenda de este domingo&#8230;<\/p>\n","protected":false},"author":2,"featured_media":4817,"comment_status":"open","ping_status":"open","sticky":false,"template":"","format":"standard","meta":{"_jetpack_memberships_contains_paid_content":false,"footnotes":"","jetpack_publicize_message":"","jetpack_publicize_feature_enabled":true,"jetpack_social_post_already_shared":true,"jetpack_social_options":{"image_generator_settings":{"template":"highway","enabled":false},"version":2}},"categories":[2,16],"tags":[6,18,137],"class_list":["post-4806","post","type-post","status-publish","format-standard","has-post-thumbnail","hentry","category-cochabamba","category-economia","tag-cochabamba","tag-economia","tag-fexco2025"],"jetpack_publicize_connections":[],"yoast_head":"<!-- This site is optimized with the Yoast SEO plugin v23.4 - https:\/\/yoast.com\/wordpress\/plugins\/seo\/ -->\n<title>FEXCO 2025 VIVE SU CUARTO D\u00cdA CON ARTE, TURISMO Y GASTRONOM\u00cdA EN EL RECINTO ALALAY - innoticiasbo.com<\/title>\n<meta name=\"robots\" content=\"index, follow, max-snippet:-1, max-image-preview:large, max-video-preview:-1\" \/>\n<link rel=\"canonical\" href=\"https:\/\/innoticiasbo.com\/index.php\/2025\/04\/27\/fexco-2025-vive-su-cuarto-dia-con-arte-turismo-y-gastronomia-en-el-recinto-alalay\/\" \/>\n<meta property=\"og:locale\" content=\"es_ES\" \/>\n<meta property=\"og:type\" content=\"article\" \/>\n<meta property=\"og:title\" content=\"FEXCO 2025 VIVE SU CUARTO D\u00cdA CON ARTE, TURISMO Y GASTRONOM\u00cdA EN EL RECINTO ALALAY - innoticiasbo.com\" \/>\n<meta property=\"og:description\" content=\"Cochabamba, 27 de abril de 2025.- El cuarto d\u00eda de la Feria Exposici\u00f3n Internacional de Cochabamba (FEXCO 2025) ofrece este domingo una variada programaci\u00f3n cultural, gastron\u00f3mica y tur\u00edstica. Hasta la media noche, el Recinto Ferial Alalay, recibe a los visitantes para vivir una jornada de actividades para toda la familia. La agenda de este domingo...\" \/>\n<meta property=\"og:url\" content=\"https:\/\/innoticiasbo.com\/index.php\/2025\/04\/27\/fexco-2025-vive-su-cuarto-dia-con-arte-turismo-y-gastronomia-en-el-recinto-alalay\/\" \/>\n<meta property=\"og:site_name\" content=\"innoticiasbo.com\" \/>\n<meta property=\"article:publisher\" content=\"https:\/\/www.facebook.com\/innoticiasbolivia\" \/>\n<meta property=\"article:published_time\" content=\"2025-04-27T20:08:26+00:00\" \/>\n<meta property=\"article:modified_time\" content=\"2025-04-27T22:54:50+00:00\" \/>\n<meta property=\"og:image\" content=\"https:\/\/i0.wp.com\/innoticiasbo.com\/wp-content\/uploads\/2025\/04\/FB_IMG_1745784557822-1.jpg?fit=1080%2C954&ssl=1\" \/>\n\t<meta property=\"og:image:width\" content=\"1080\" \/>\n\t<meta property=\"og:image:height\" content=\"954\" \/>\n\t<meta property=\"og:image:type\" content=\"image\/jpeg\" \/>\n<meta name=\"author\" content=\"Prensa\" \/>\n<meta name=\"twitter:card\" content=\"summary_large_image\" \/>\n<meta name=\"twitter:creator\" content=\"@innoticiasbo\" \/>\n<meta name=\"twitter:site\" content=\"@innoticiasbo\" \/>\n<meta name=\"twitter:label1\" content=\"Escrito por\" \/>\n\t<meta name=\"twitter:data1\" content=\"Prensa\" \/>\n\t<meta name=\"twitter:label2\" content=\"Tiempo de lectura\" \/>\n\t<meta name=\"twitter:data2\" content=\"1 minuto\" \/>\n<script type=\"application\/ld+json\" class=\"yoast-schema-graph\">{\"@context\":\"https:\/\/schema.org\",\"@graph\":[{\"@type\":\"Article\",\"@id\":\"https:\/\/innoticiasbo.com\/index.php\/2025\/04\/27\/fexco-2025-vive-su-cuarto-dia-con-arte-turismo-y-gastronomia-en-el-recinto-alalay\/#article\",\"isPartOf\":{\"@id\":\"https:\/\/innoticiasbo.com\/index.php\/2025\/04\/27\/fexco-2025-vive-su-cuarto-dia-con-arte-turismo-y-gastronomia-en-el-recinto-alalay\/\"},\"author\":{\"name\":\"Prensa\",\"@id\":\"https:\/\/innoticiasbo.com\/#\/schema\/person\/589cd527c4211df1b943bdad85ec07ce\"},\"headline\":\"FEXCO 2025 VIVE SU CUARTO D\u00cdA CON ARTE, TURISMO Y GASTRONOM\u00cdA EN EL RECINTO ALALAY\",\"datePublished\":\"2025-04-27T20:08:26+00:00\",\"dateModified\":\"2025-04-27T22:54:50+00:00\",\"mainEntityOfPage\":{\"@id\":\"https:\/\/innoticiasbo.com\/index.php\/2025\/04\/27\/fexco-2025-vive-su-cuarto-dia-con-arte-turismo-y-gastronomia-en-el-recinto-alalay\/\"},\"wordCount\":214,\"commentCount\":0,\"publisher\":{\"@id\":\"https:\/\/innoticiasbo.com\/#organization\"},\"image\":{\"@id\":\"https:\/\/innoticiasbo.com\/index.php\/2025\/04\/27\/fexco-2025-vive-su-cuarto-dia-con-arte-turismo-y-gastronomia-en-el-recinto-alalay\/#primaryimage\"},\"thumbnailUrl\":\"https:\/\/i0.wp.com\/innoticiasbo.com\/wp-content\/uploads\/2025\/04\/FB_IMG_1745784557822-1.jpg?fit=1080%2C954&ssl=1\",\"keywords\":[\"Cochabamba\",\"econom\u00eda\",\"FEXCO2025\"],\"articleSection\":[\"Cochabamba\",\"Econom\u00eda\"],\"inLanguage\":\"es\",\"potentialAction\":[{\"@type\":\"CommentAction\",\"name\":\"Comment\",\"target\":[\"https:\/\/innoticiasbo.com\/index.php\/2025\/04\/27\/fexco-2025-vive-su-cuarto-dia-con-arte-turismo-y-gastronomia-en-el-recinto-alalay\/#respond\"]}]},{\"@type\":\"WebPage\",\"@id\":\"https:\/\/innoticiasbo.com\/index.php\/2025\/04\/27\/fexco-2025-vive-su-cuarto-dia-con-arte-turismo-y-gastronomia-en-el-recinto-alalay\/\",\"url\":\"https:\/\/innoticiasbo.com\/index.php\/2025\/04\/27\/fexco-2025-vive-su-cuarto-dia-con-arte-turismo-y-gastronomia-en-el-recinto-alalay\/\",\"name\":\"FEXCO 2025 VIVE SU CUARTO D\u00cdA CON ARTE, TURISMO Y GASTRONOM\u00cdA EN EL RECINTO ALALAY - innoticiasbo.com\",\"isPartOf\":{\"@id\":\"https:\/\/innoticiasbo.com\/#website\"},\"primaryImageOfPage\":{\"@id\":\"https:\/\/innoticiasbo.com\/index.php\/2025\/04\/27\/fexco-2025-vive-su-cuarto-dia-con-arte-turismo-y-gastronomia-en-el-recinto-alalay\/#primaryimage\"},\"image\":{\"@id\":\"https:\/\/innoticiasbo.com\/index.php\/2025\/04\/27\/fexco-2025-vive-su-cuarto-dia-con-arte-turismo-y-gastronomia-en-el-recinto-alalay\/#primaryimage\"},\"thumbnailUrl\":\"https:\/\/i0.wp.com\/innoticiasbo.com\/wp-content\/uploads\/2025\/04\/FB_IMG_1745784557822-1.jpg?fit=1080%2C954&ssl=1\",\"datePublished\":\"2025-04-27T20:08:26+00:00\",\"dateModified\":\"2025-04-27T22:54:50+00:00\",\"breadcrumb\":{\"@id\":\"https:\/\/innoticiasbo.com\/index.php\/2025\/04\/27\/fexco-2025-vive-su-cuarto-dia-con-arte-turismo-y-gastronomia-en-el-recinto-alalay\/#breadcrumb\"},\"inLanguage\":\"es\",\"potentialAction\":[{\"@type\":\"ReadAction\",\"target\":[\"https:\/\/innoticiasbo.com\/index.php\/2025\/04\/27\/fexco-2025-vive-su-cuarto-dia-con-arte-turismo-y-gastronomia-en-el-recinto-alalay\/\"]}]},{\"@type\":\"ImageObject\",\"inLanguage\":\"es\",\"@id\":\"https:\/\/innoticiasbo.com\/index.php\/2025\/04\/27\/fexco-2025-vive-su-cuarto-dia-con-arte-turismo-y-gastronomia-en-el-recinto-alalay\/#primaryimage\",\"url\":\"https:\/\/i0.wp.com\/innoticiasbo.com\/wp-content\/uploads\/2025\/04\/FB_IMG_1745784557822-1.jpg?fit=1080%2C954&ssl=1\",\"contentUrl\":\"https:\/\/i0.wp.com\/innoticiasbo.com\/wp-content\/uploads\/2025\/04\/FB_IMG_1745784557822-1.jpg?fit=1080%2C954&ssl=1\",\"width\":1080,\"height\":954},{\"@type\":\"BreadcrumbList\",\"@id\":\"https:\/\/innoticiasbo.com\/index.php\/2025\/04\/27\/fexco-2025-vive-su-cuarto-dia-con-arte-turismo-y-gastronomia-en-el-recinto-alalay\/#breadcrumb\",\"itemListElement\":[{\"@type\":\"ListItem\",\"position\":1,\"name\":\"Portada\",\"item\":\"https:\/\/innoticiasbo.com\/\"},{\"@type\":\"ListItem\",\"position\":2,\"name\":\"FEXCO 2025 VIVE SU CUARTO D\u00cdA CON ARTE, TURISMO Y GASTRONOM\u00cdA EN EL RECINTO ALALAY\"}]},{\"@type\":\"WebSite\",\"@id\":\"https:\/\/innoticiasbo.com\/#website\",\"url\":\"https:\/\/innoticiasbo.com\/\",\"name\":\"innoticiasbo.com\",\"description\":\"\",\"publisher\":{\"@id\":\"https:\/\/innoticiasbo.com\/#organization\"},\"potentialAction\":[{\"@type\":\"SearchAction\",\"target\":{\"@type\":\"EntryPoint\",\"urlTemplate\":\"https:\/\/innoticiasbo.com\/?s={search_term_string}\"},\"query-input\":{\"@type\":\"PropertyValueSpecification\",\"valueRequired\":true,\"valueName\":\"search_term_string\"}}],\"inLanguage\":\"es\"},{\"@type\":\"Organization\",\"@id\":\"https:\/\/innoticiasbo.com\/#organization\",\"name\":\"innoticiasbo.com\",\"url\":\"https:\/\/innoticiasbo.com\/\",\"logo\":{\"@type\":\"ImageObject\",\"inLanguage\":\"es\",\"@id\":\"https:\/\/innoticiasbo.com\/#\/schema\/logo\/image\/\",\"url\":\"https:\/\/i0.wp.com\/innoticiasbo.com\/wp-content\/uploads\/2026\/04\/cropped-IN-LOGO.png?fit=1476%2C1476&ssl=1\",\"contentUrl\":\"https:\/\/i0.wp.com\/innoticiasbo.com\/wp-content\/uploads\/2026\/04\/cropped-IN-LOGO.png?fit=1476%2C1476&ssl=1\",\"width\":1476,\"height\":1476,\"caption\":\"innoticiasbo.com\"},\"image\":{\"@id\":\"https:\/\/innoticiasbo.com\/#\/schema\/logo\/image\/\"},\"sameAs\":[\"https:\/\/www.facebook.com\/innoticiasbolivia\",\"https:\/\/x.com\/innoticiasbo\",\"https:\/\/www.instagram.com\/innoticiasbo\",\"https:\/\/www.youtube.com\/innoticiasbo\"]},{\"@type\":\"Person\",\"@id\":\"https:\/\/innoticiasbo.com\/#\/schema\/person\/589cd527c4211df1b943bdad85ec07ce\",\"name\":\"Prensa\",\"image\":{\"@type\":\"ImageObject\",\"inLanguage\":\"es\",\"@id\":\"https:\/\/innoticiasbo.com\/#\/schema\/person\/image\/\",\"url\":\"https:\/\/secure.gravatar.com\/avatar\/d359bbdf112023c1c0a3ec7fe1600657?s=96&d=mm&r=g\",\"contentUrl\":\"https:\/\/secure.gravatar.com\/avatar\/d359bbdf112023c1c0a3ec7fe1600657?s=96&d=mm&r=g\",\"caption\":\"Prensa\"},\"sameAs\":[\"http:\/\/www.innoticiasbo.com\"],\"url\":\"https:\/\/innoticiasbo.com\/index.php\/author\/prensa\/\"}]}<\/script>\n<!-- \/ Yoast SEO plugin. -->","yoast_head_json":{"title":"FEXCO 2025 VIVE SU CUARTO D\u00cdA CON ARTE, TURISMO Y GASTRONOM\u00cdA EN EL RECINTO ALALAY - innoticiasbo.com","robots":{"index":"index","follow":"follow","max-snippet":"max-snippet:-1","max-image-preview":"max-image-preview:large","max-video-preview":"max-video-preview:-1"},"canonical":"https:\/\/innoticiasbo.com\/index.php\/2025\/04\/27\/fexco-2025-vive-su-cuarto-dia-con-arte-turismo-y-gastronomia-en-el-recinto-alalay\/","og_locale":"es_ES","og_type":"article","og_title":"FEXCO 2025 VIVE SU CUARTO D\u00cdA CON ARTE, TURISMO Y GASTRONOM\u00cdA EN EL RECINTO ALALAY - innoticiasbo.com","og_description":"Cochabamba, 27 de abril de 2025.- El cuarto d\u00eda de la Feria Exposici\u00f3n Internacional de Cochabamba (FEXCO 2025) ofrece este domingo una variada programaci\u00f3n cultural, gastron\u00f3mica y tur\u00edstica. Hasta la media noche, el Recinto Ferial Alalay, recibe a los visitantes para vivir una jornada de actividades para toda la familia. La agenda de este domingo...","og_url":"https:\/\/innoticiasbo.com\/index.php\/2025\/04\/27\/fexco-2025-vive-su-cuarto-dia-con-arte-turismo-y-gastronomia-en-el-recinto-alalay\/","og_site_name":"innoticiasbo.com","article_publisher":"https:\/\/www.facebook.com\/innoticiasbolivia","article_published_time":"2025-04-27T20:08:26+00:00","article_modified_time":"2025-04-27T22:54:50+00:00","og_image":[{"width":1080,"height":954,"url":"https:\/\/i0.wp.com\/innoticiasbo.com\/wp-content\/uploads\/2025\/04\/FB_IMG_1745784557822-1.jpg?fit=1080%2C954&ssl=1","type":"image\/jpeg"}],"author":"Prensa","twitter_card":"summary_large_image","twitter_creator":"@innoticiasbo","twitter_site":"@innoticiasbo","twitter_misc":{"Escrito por":"Prensa","Tiempo de lectura":"1 minuto"},"schema":{"@context":"https:\/\/schema.org","@graph":[{"@type":"Article","@id":"https:\/\/innoticiasbo.com\/index.php\/2025\/04\/27\/fexco-2025-vive-su-cuarto-dia-con-arte-turismo-y-gastronomia-en-el-recinto-alalay\/#article","isPartOf":{"@id":"https:\/\/innoticiasbo.com\/index.php\/2025\/04\/27\/fexco-2025-vive-su-cuarto-dia-con-arte-turismo-y-gastronomia-en-el-recinto-alalay\/"},"author":{"name":"Prensa","@id":"https:\/\/innoticiasbo.com\/#\/schema\/person\/589cd527c4211df1b943bdad85ec07ce"},"headline":"FEXCO 2025 VIVE SU CUARTO D\u00cdA CON ARTE, TURISMO Y GASTRONOM\u00cdA EN EL RECINTO ALALAY","datePublished":"2025-04-27T20:08:26+00:00","dateModified":"2025-04-27T22:54:50+00:00","mainEntityOfPage":{"@id":"https:\/\/innoticiasbo.com\/index.php\/2025\/04\/27\/fexco-2025-vive-su-cuarto-dia-con-arte-turismo-y-gastronomia-en-el-recinto-alalay\/"},"wordCount":214,"commentCount":0,"publisher":{"@id":"https:\/\/innoticiasbo.com\/#organization"},"image":{"@id":"https:\/\/innoticiasbo.com\/index.php\/2025\/04\/27\/fexco-2025-vive-su-cuarto-dia-con-arte-turismo-y-gastronomia-en-el-recinto-alalay\/#primaryimage"},"thumbnailUrl":"https:\/\/i0.wp.com\/innoticiasbo.com\/wp-content\/uploads\/2025\/04\/FB_IMG_1745784557822-1.jpg?fit=1080%2C954&ssl=1","keywords":["Cochabamba","econom\u00eda","FEXCO2025"],"articleSection":["Cochabamba","Econom\u00eda"],"inLanguage":"es","potentialAction":[{"@type":"CommentAction","name":"Comment","target":["https:\/\/innoticiasbo.com\/index.php\/2025\/04\/27\/fexco-2025-vive-su-cuarto-dia-con-arte-turismo-y-gastronomia-en-el-recinto-alalay\/#respond"]}]},{"@type":"WebPage","@id":"https:\/\/innoticiasbo.com\/index.php\/2025\/04\/27\/fexco-2025-vive-su-cuarto-dia-con-arte-turismo-y-gastronomia-en-el-recinto-alalay\/","url":"https:\/\/innoticiasbo.com\/index.php\/2025\/04\/27\/fexco-2025-vive-su-cuarto-dia-con-arte-turismo-y-gastronomia-en-el-recinto-alalay\/","name":"FEXCO 2025 VIVE SU CUARTO D\u00cdA CON ARTE, TURISMO Y GASTRONOM\u00cdA EN EL RECINTO ALALAY - innoticiasbo.com","isPartOf":{"@id":"https:\/\/innoticiasbo.com\/#website"},"primaryImageOfPage":{"@id":"https:\/\/innoticiasbo.com\/index.php\/2025\/04\/27\/fexco-2025-vive-su-cuarto-dia-con-arte-turismo-y-gastronomia-en-el-recinto-alalay\/#primaryimage"},"image":{"@id":"https:\/\/innoticiasbo.com\/index.php\/2025\/04\/27\/fexco-2025-vive-su-cuarto-dia-con-arte-turismo-y-gastronomia-en-el-recinto-alalay\/#primaryimage"},"thumbnailUrl":"https:\/\/i0.wp.com\/innoticiasbo.com\/wp-content\/uploads\/2025\/04\/FB_IMG_1745784557822-1.jpg?fit=1080%2C954&ssl=1","datePublished":"2025-04-27T20:08:26+00:00","dateModified":"2025-04-27T22:54:50+00:00","breadcrumb":{"@id":"https:\/\/innoticiasbo.com\/index.php\/2025\/04\/27\/fexco-2025-vive-su-cuarto-dia-con-arte-turismo-y-gastronomia-en-el-recinto-alalay\/#breadcrumb"},"inLanguage":"es","potentialAction":[{"@type":"ReadAction","target":["https:\/\/innoticiasbo.com\/index.php\/2025\/04\/27\/fexco-2025-vive-su-cuarto-dia-con-arte-turismo-y-gastronomia-en-el-recinto-alalay\/"]}]},{"@type":"ImageObject","inLanguage":"es","@id":"https:\/\/innoticiasbo.com\/index.php\/2025\/04\/27\/fexco-2025-vive-su-cuarto-dia-con-arte-turismo-y-gastronomia-en-el-recinto-alalay\/#primaryimage","url":"https:\/\/i0.wp.com\/innoticiasbo.com\/wp-content\/uploads\/2025\/04\/FB_IMG_1745784557822-1.jpg?fit=1080%2C954&ssl=1","contentUrl":"https:\/\/i0.wp.com\/innoticiasbo.com\/wp-content\/uploads\/2025\/04\/FB_IMG_1745784557822-1.jpg?fit=1080%2C954&ssl=1","width":1080,"height":954},{"@type":"BreadcrumbList","@id":"https:\/\/innoticiasbo.com\/index.php\/2025\/04\/27\/fexco-2025-vive-su-cuarto-dia-con-arte-turismo-y-gastronomia-en-el-recinto-alalay\/#breadcrumb","itemListElement":[{"@type":"ListItem","position":1,"name":"Portada","item":"https:\/\/innoticiasbo.com\/"},{"@type":"ListItem","position":2,"name":"FEXCO 2025 VIVE SU CUARTO D\u00cdA CON ARTE, TURISMO Y GASTRONOM\u00cdA EN EL RECINTO ALALAY"}]},{"@type":"WebSite","@id":"https:\/\/innoticiasbo.com\/#website","url":"https:\/\/innoticiasbo.com\/","name":"innoticiasbo.com","description":"","publisher":{"@id":"https:\/\/innoticiasbo.com\/#organization"},"potentialAction":[{"@type":"SearchAction","target":{"@type":"EntryPoint","urlTemplate":"https:\/\/innoticiasbo.com\/?s={search_term_string}"},"query-input":{"@type":"PropertyValueSpecification","valueRequired":true,"valueName":"search_term_string"}}],"inLanguage":"es"},{"@type":"Organization","@id":"https:\/\/innoticiasbo.com\/#organization","name":"innoticiasbo.com","url":"https:\/\/innoticiasbo.com\/","logo":{"@type":"ImageObject","inLanguage":"es","@id":"https:\/\/innoticiasbo.com\/#\/schema\/logo\/image\/","url":"https:\/\/i0.wp.com\/innoticiasbo.com\/wp-content\/uploads\/2026\/04\/cropped-IN-LOGO.png?fit=1476%2C1476&ssl=1","contentUrl":"https:\/\/i0.wp.com\/innoticiasbo.com\/wp-content\/uploads\/2026\/04\/cropped-IN-LOGO.png?fit=1476%2C1476&ssl=1","width":1476,"height":1476,"caption":"innoticiasbo.com"},"image":{"@id":"https:\/\/innoticiasbo.com\/#\/schema\/logo\/image\/"},"sameAs":["https:\/\/www.facebook.com\/innoticiasbolivia","https:\/\/x.com\/innoticiasbo","https:\/\/www.instagram.com\/innoticiasbo","https:\/\/www.youtube.com\/innoticiasbo"]},{"@type":"Person","@id":"https:\/\/innoticiasbo.com\/#\/schema\/person\/589cd527c4211df1b943bdad85ec07ce","name":"Prensa","image":{"@type":"ImageObject","inLanguage":"es","@id":"https:\/\/innoticiasbo.com\/#\/schema\/person\/image\/","url":"https:\/\/secure.gravatar.com\/avatar\/d359bbdf112023c1c0a3ec7fe1600657?s=96&d=mm&r=g","contentUrl":"https:\/\/secure.gravatar.com\/avatar\/d359bbdf112023c1c0a3ec7fe1600657?s=96&d=mm&r=g","caption":"Prensa"},"sameAs":["http:\/\/www.innoticiasbo.com"],"url":"https:\/\/innoticiasbo.com\/index.php\/author\/prensa\/"}]}},"jetpack_featured_media_url":"https:\/\/i0.wp.com\/innoticiasbo.com\/wp-content\/uploads\/2025\/04\/FB_IMG_1745784557822-1.jpg?fit=1080%2C954&ssl=1","jetpack_likes_enabled":true,"jetpack_sharing_enabled":true,"jetpack_shortlink":"https:\/\/wp.me\/pg298x-1fw","_links":{"self":[{"href":"https:\/\/innoticiasbo.com\/index.php\/wp-json\/wp\/v2\/posts\/4806","targetHints":{"allow":["GET"]}}],"collection":[{"href":"https:\/\/innoticiasbo.com\/index.php\/wp-json\/wp\/v2\/posts"}],"about":[{"href":"https:\/\/innoticiasbo.com\/index.php\/wp-json\/wp\/v2\/types\/post"}],"author":[{"embeddable":true,"href":"https:\/\/innoticiasbo.com\/index.php\/wp-json\/wp\/v2\/users\/2"}],"replies":[{"embeddable":true,"href":"https:\/\/innoticiasbo.com\/index.php\/wp-json\/wp\/v2\/comments?post=4806"}],"version-history":[{"count":1,"href":"https:\/\/innoticiasbo.com\/index.php\/wp-json\/wp\/v2\/posts\/4806\/revisions"}],"predecessor-version":[{"id":4807,"href":"https:\/\/innoticiasbo.com\/index.php\/wp-json\/wp\/v2\/posts\/4806\/revisions\/4807"}],"wp:featuredmedia":[{"embeddable":true,"href":"https:\/\/innoticiasbo.com\/index.php\/wp-json\/wp\/v2\/media\/4817"}],"wp:attachment":[{"href":"https:\/\/innoticiasbo.com\/index.php\/wp-json\/wp\/v2\/media?parent=4806"}],"wp:term":[{"taxonomy":"category","embeddable":true,"href":"https:\/\/innoticiasbo.com\/index.php\/wp-json\/wp\/v2\/categories?post=4806"},{"taxonomy":"post_tag","embeddable":true,"href":"https:\/\/innoticiasbo.com\/index.php\/wp-json\/wp\/v2\/tags?post=4806"}],"curies":[{"name":"wp","href":"https:\/\/api.w.org\/{rel}","templated":true}]}}