{"id":4643,"date":"2025-04-24T10:34:04","date_gmt":"2025-04-24T14:34:04","guid":{"rendered":"https:\/\/innoticiasbo.com\/?p=4643"},"modified":"2025-04-24T10:35:22","modified_gmt":"2025-04-24T14:35:22","slug":"fexco-2025-abre-las-puertas-en-su-tercera-version","status":"publish","type":"post","link":"https:\/\/innoticiasbo.com\/index.php\/2025\/04\/24\/fexco-2025-abre-las-puertas-en-su-tercera-version\/","title":{"rendered":"FEXCO 2025 ABRE LAS PUERTAS EN SU TERCERA VERSI\u00d3N"},"content":{"rendered":"\n<p>Cochabamba, 24 de abril de 2025.- Con un acto oficial encabezado por el alcalde de Cochabamba, Manfred Reyes Villa y la Federaci\u00f3n de Entidades Empresariales Privadas (FEPC), se inaugur\u00f3 la tercera versi\u00f3n de la Feria Exposici\u00f3n Internacional de Cochabamba (FEXCO) 2025.<\/p>\n\n\n\n<figure class=\"wp-block-image size-large\"><img data-recalc-dims=\"1\" loading=\"lazy\" decoding=\"async\" width=\"640\" height=\"857\" src=\"https:\/\/i0.wp.com\/innoticiasbo.com\/wp-content\/uploads\/2025\/04\/img-20250423-wa0455286614325861865852.jpg?resize=640%2C857&#038;ssl=1\" alt=\"\" class=\"wp-image-4638\" srcset=\"https:\/\/i0.wp.com\/innoticiasbo.com\/wp-content\/uploads\/2025\/04\/img-20250423-wa0455286614325861865852.jpg?resize=765%2C1024&amp;ssl=1 765w, https:\/\/i0.wp.com\/innoticiasbo.com\/wp-content\/uploads\/2025\/04\/img-20250423-wa0455286614325861865852.jpg?resize=224%2C300&amp;ssl=1 224w, https:\/\/i0.wp.com\/innoticiasbo.com\/wp-content\/uploads\/2025\/04\/img-20250423-wa0455286614325861865852.jpg?resize=768%2C1027&amp;ssl=1 768w, https:\/\/i0.wp.com\/innoticiasbo.com\/wp-content\/uploads\/2025\/04\/img-20250423-wa0455286614325861865852.jpg?resize=1148%2C1536&amp;ssl=1 1148w, https:\/\/i0.wp.com\/innoticiasbo.com\/wp-content\/uploads\/2025\/04\/img-20250423-wa0455286614325861865852.jpg?w=1196&amp;ssl=1 1196w\" sizes=\"auto, (max-width: 640px) 100vw, 640px\" \/><\/figure>\n\n\n\n<p>El evento se desarrollar\u00e1 del 24 de abril al 4 de mayo y proyecta una afluencia de m\u00e1s de 370.000 visitantes y un movimiento econ\u00f3mico de aproximadamente 175 millones de d\u00f3lares, equivalente al 2,5% del Producto Interno Bruto (PIB) departamental.<\/p>\n\n\n\n<p>La m\u00e1xima autoridad edil anuncia que en esta versi\u00f3n se sortear\u00e1 un veh\u00edculo el\u00e9ctrico Quantum.<\/p>\n\n\n\n<figure class=\"wp-block-image size-large\"><img data-recalc-dims=\"1\" loading=\"lazy\" decoding=\"async\" width=\"640\" height=\"480\" src=\"https:\/\/i0.wp.com\/innoticiasbo.com\/wp-content\/uploads\/2025\/04\/img-20250423-wa04521694277776526364309.jpg?resize=640%2C480&#038;ssl=1\" alt=\"\" class=\"wp-image-4639\" srcset=\"https:\/\/i0.wp.com\/innoticiasbo.com\/wp-content\/uploads\/2025\/04\/img-20250423-wa04521694277776526364309.jpg?resize=1024%2C768&amp;ssl=1 1024w, https:\/\/i0.wp.com\/innoticiasbo.com\/wp-content\/uploads\/2025\/04\/img-20250423-wa04521694277776526364309.jpg?resize=300%2C225&amp;ssl=1 300w, https:\/\/i0.wp.com\/innoticiasbo.com\/wp-content\/uploads\/2025\/04\/img-20250423-wa04521694277776526364309.jpg?resize=768%2C576&amp;ssl=1 768w, https:\/\/i0.wp.com\/innoticiasbo.com\/wp-content\/uploads\/2025\/04\/img-20250423-wa04521694277776526364309.jpg?resize=1536%2C1152&amp;ssl=1 1536w, https:\/\/i0.wp.com\/innoticiasbo.com\/wp-content\/uploads\/2025\/04\/img-20250423-wa04521694277776526364309.jpg?w=2000&amp;ssl=1 2000w, https:\/\/i0.wp.com\/innoticiasbo.com\/wp-content\/uploads\/2025\/04\/img-20250423-wa04521694277776526364309.jpg?w=1280&amp;ssl=1 1280w, https:\/\/i0.wp.com\/innoticiasbo.com\/wp-content\/uploads\/2025\/04\/img-20250423-wa04521694277776526364309.jpg?w=1920&amp;ssl=1 1920w\" sizes=\"auto, (max-width: 640px) 100vw, 640px\" \/><\/figure>\n\n\n\n<p>\u201cCada a\u00f1o est\u00e1 creciendo la Feria, ya que con las ganancias siempre se est\u00e1 mejorando la infraestructura ferial. En una anterior versi\u00f3n se construy\u00f3 el pabell\u00f3n m\u00e1s grande, ahora la plaza de comidas, y con estas ganancias que se vayan a generar se construir\u00e1 el edificio de parqueo municipal\u201d, destac\u00f3 el alcalde Reyes Villa.<\/p>\n\n\n\n<p>La FEXCO 2025 ser\u00e1 el principal escenario de negocios a nivel nacional y como una de las actividades con mayor impacto en el desarrollo econ\u00f3mico, productivo y tur\u00edstico del departamento.<\/p>\n\n\n\n<figure class=\"wp-block-image size-large\"><img data-recalc-dims=\"1\" loading=\"lazy\" decoding=\"async\" width=\"640\" height=\"411\" src=\"https:\/\/i0.wp.com\/innoticiasbo.com\/wp-content\/uploads\/2025\/04\/img-20250423-wa04602532186474894253284.jpg?resize=640%2C411&#038;ssl=1\" alt=\"\" class=\"wp-image-4640\" srcset=\"https:\/\/i0.wp.com\/innoticiasbo.com\/wp-content\/uploads\/2025\/04\/img-20250423-wa04602532186474894253284.jpg?resize=1024%2C657&amp;ssl=1 1024w, https:\/\/i0.wp.com\/innoticiasbo.com\/wp-content\/uploads\/2025\/04\/img-20250423-wa04602532186474894253284.jpg?resize=300%2C192&amp;ssl=1 300w, https:\/\/i0.wp.com\/innoticiasbo.com\/wp-content\/uploads\/2025\/04\/img-20250423-wa04602532186474894253284.jpg?resize=768%2C492&amp;ssl=1 768w, https:\/\/i0.wp.com\/innoticiasbo.com\/wp-content\/uploads\/2025\/04\/img-20250423-wa04602532186474894253284.jpg?resize=1536%2C985&amp;ssl=1 1536w, https:\/\/i0.wp.com\/innoticiasbo.com\/wp-content\/uploads\/2025\/04\/img-20250423-wa04602532186474894253284.jpg?resize=150%2C95&amp;ssl=1 150w, https:\/\/i0.wp.com\/innoticiasbo.com\/wp-content\/uploads\/2025\/04\/img-20250423-wa04602532186474894253284.jpg?w=1600&amp;ssl=1 1600w, https:\/\/i0.wp.com\/innoticiasbo.com\/wp-content\/uploads\/2025\/04\/img-20250423-wa04602532186474894253284.jpg?w=1280&amp;ssl=1 1280w\" sizes=\"auto, (max-width: 640px) 100vw, 640px\" \/><\/figure>\n\n\n\n<p>Esta versi\u00f3n contar\u00e1 con m\u00e1s de 1.500 expositores y la participaci\u00f3n de delegaciones de 30 pa\u00edses, en un espacio que combina oportunidades comerciales con experiencias culturales, gastron\u00f3micas y recreativas para toda la familia.<\/p>\n\n\n\n<p><em>Infraestructura moderna para una feria renovada<\/em><\/p>\n\n\n\n<p>Entre las principales innovaciones en infraestructura para esta edici\u00f3n destacan:<\/p>\n\n\n\n<ul class=\"wp-block-list\">\n<li>La nueva Plaza de Comidas, una moderna construcci\u00f3n de dos niveles con capacidad para atender a 25.000 personas por d\u00eda. Contar\u00e1 con 38 puestos gastron\u00f3micos y un \u00e1rea para 1.400 comensales, convirti\u00e9ndose en uno de los principales puntos de atracci\u00f3n de la feria.<\/li>\n\n\n\n<li>El Nuevo Pabell\u00f3n del Emprendedor, un espacio dedicado a impulsar a peque\u00f1os productores, artesanos y emprendedores locales. Con 161 stands distribuidos en 750 m\u00b2.<\/li>\n\n\n\n<li>El Paseo del Bicentenario, construido con materiales reciclados, es un homenaje a los 200 a\u00f1os de independencia de Bolivia.<\/li>\n\n\n\n<li>El Boulevard FEXCO, con un patio cervecero al aire libre, ofrecer\u00e1 una propuesta gastron\u00f3mica diversa en un entorno de esparcimiento y encuentro.<\/li>\n<\/ul>\n\n\n\n<p><em>Cartelera musical de primer nivel<\/em><\/p>\n\n\n\n<figure class=\"wp-block-image size-large\"><img data-recalc-dims=\"1\" loading=\"lazy\" decoding=\"async\" width=\"640\" height=\"426\" src=\"https:\/\/i0.wp.com\/innoticiasbo.com\/wp-content\/uploads\/2025\/04\/img-20250423-wa04543519326265850404822.jpg?resize=640%2C426&#038;ssl=1\" alt=\"\" class=\"wp-image-4641\" srcset=\"https:\/\/i0.wp.com\/innoticiasbo.com\/wp-content\/uploads\/2025\/04\/img-20250423-wa04543519326265850404822.jpg?resize=1024%2C682&amp;ssl=1 1024w, https:\/\/i0.wp.com\/innoticiasbo.com\/wp-content\/uploads\/2025\/04\/img-20250423-wa04543519326265850404822.jpg?resize=300%2C200&amp;ssl=1 300w, https:\/\/i0.wp.com\/innoticiasbo.com\/wp-content\/uploads\/2025\/04\/img-20250423-wa04543519326265850404822.jpg?resize=768%2C512&amp;ssl=1 768w, https:\/\/i0.wp.com\/innoticiasbo.com\/wp-content\/uploads\/2025\/04\/img-20250423-wa04543519326265850404822.jpg?resize=1536%2C1023&amp;ssl=1 1536w, https:\/\/i0.wp.com\/innoticiasbo.com\/wp-content\/uploads\/2025\/04\/img-20250423-wa04543519326265850404822.jpg?resize=600%2C400&amp;ssl=1 600w, https:\/\/i0.wp.com\/innoticiasbo.com\/wp-content\/uploads\/2025\/04\/img-20250423-wa04543519326265850404822.jpg?w=1600&amp;ssl=1 1600w, https:\/\/i0.wp.com\/innoticiasbo.com\/wp-content\/uploads\/2025\/04\/img-20250423-wa04543519326265850404822.jpg?w=1280&amp;ssl=1 1280w\" sizes=\"auto, (max-width: 640px) 100vw, 640px\" \/><\/figure>\n\n\n\n<p>La FEXCO 2025 tambi\u00e9n se distinguir\u00e1 por una atractiva cartelera art\u00edstica con la participaci\u00f3n de destacados artistas nacionales e internacionales. Las presentaciones est\u00e1n abiertas al p\u00fablico en general, con entradas a un costo de 50 bolivianos.<\/p>\n\n\n\n<ul class=\"wp-block-list\">\n<li>Viernes 25 de abril: Airbag (Argentina)<\/li>\n\n\n\n<li>S\u00e1bado 26 de abril: Gardenia y Euphoria<\/li>\n\n\n\n<li>Mi\u00e9rcoles 30 de abril: Hermanos Rodr\u00edguez y Pablito HC<\/li>\n\n\n\n<li>Viernes 2 de mayo: Los Aut\u00e9nticos Decadentes (Argentina)<\/li>\n\n\n\n<li>S\u00e1bado 3 de mayo: Paola Villarroel y Luis Vega<\/li>\n<\/ul>\n","protected":false},"excerpt":{"rendered":"<p>Cochabamba, 24 de abril de 2025.- Con un acto oficial encabezado por el alcalde de Cochabamba, Manfred Reyes Villa y la Federaci\u00f3n de Entidades Empresariales Privadas (FEPC), se inaugur\u00f3 la tercera versi\u00f3n de la Feria Exposici\u00f3n Internacional de Cochabamba (FEXCO) 2025. El evento se desarrollar\u00e1 del 24 de abril al 4 de mayo y proyecta&#8230;<\/p>\n","protected":false},"author":2,"featured_media":4642,"comment_status":"open","ping_status":"open","sticky":false,"template":"","format":"standard","meta":{"_jetpack_memberships_contains_paid_content":false,"footnotes":"","jetpack_publicize_message":"","jetpack_publicize_feature_enabled":true,"jetpack_social_post_already_shared":true,"jetpack_social_options":{"image_generator_settings":{"template":"highway","enabled":false},"version":2}},"categories":[2,16],"tags":[123,129,18,128],"class_list":["post-4643","post","type-post","status-publish","format-standard","has-post-thumbnail","hentry","category-cochabamba","category-economia","tag-alcaldia","tag-cochabamba-fepc","tag-economia","tag-fexco"],"jetpack_publicize_connections":[],"yoast_head":"<!-- This site is optimized with the Yoast SEO plugin v23.4 - https:\/\/yoast.com\/wordpress\/plugins\/seo\/ -->\n<title>FEXCO 2025 ABRE LAS PUERTAS EN SU TERCERA VERSI\u00d3N - innoticiasbo.com<\/title>\n<meta name=\"robots\" content=\"index, follow, max-snippet:-1, max-image-preview:large, max-video-preview:-1\" \/>\n<link rel=\"canonical\" href=\"https:\/\/innoticiasbo.com\/index.php\/2025\/04\/24\/fexco-2025-abre-las-puertas-en-su-tercera-version\/\" \/>\n<meta property=\"og:locale\" content=\"es_ES\" \/>\n<meta property=\"og:type\" content=\"article\" \/>\n<meta property=\"og:title\" content=\"FEXCO 2025 ABRE LAS PUERTAS EN SU TERCERA VERSI\u00d3N - innoticiasbo.com\" \/>\n<meta property=\"og:description\" content=\"Cochabamba, 24 de abril de 2025.- Con un acto oficial encabezado por el alcalde de Cochabamba, Manfred Reyes Villa y la Federaci\u00f3n de Entidades Empresariales Privadas (FEPC), se inaugur\u00f3 la tercera versi\u00f3n de la Feria Exposici\u00f3n Internacional de Cochabamba (FEXCO) 2025. El evento se desarrollar\u00e1 del 24 de abril al 4 de mayo y proyecta...\" \/>\n<meta property=\"og:url\" content=\"https:\/\/innoticiasbo.com\/index.php\/2025\/04\/24\/fexco-2025-abre-las-puertas-en-su-tercera-version\/\" \/>\n<meta property=\"og:site_name\" content=\"innoticiasbo.com\" \/>\n<meta property=\"article:publisher\" content=\"https:\/\/www.facebook.com\/innoticiasbolivia\" \/>\n<meta property=\"article:published_time\" content=\"2025-04-24T14:34:04+00:00\" \/>\n<meta property=\"article:modified_time\" content=\"2025-04-24T14:35:22+00:00\" \/>\n<meta property=\"og:image\" content=\"https:\/\/i0.wp.com\/innoticiasbo.com\/wp-content\/uploads\/2025\/04\/IMG-20250423-WA0456.jpg?fit=1600%2C1118&ssl=1\" \/>\n\t<meta property=\"og:image:width\" content=\"1600\" \/>\n\t<meta property=\"og:image:height\" content=\"1118\" \/>\n\t<meta property=\"og:image:type\" content=\"image\/jpeg\" \/>\n<meta name=\"author\" content=\"Prensa\" \/>\n<meta name=\"twitter:card\" content=\"summary_large_image\" \/>\n<meta name=\"twitter:creator\" content=\"@innoticiasbo\" \/>\n<meta name=\"twitter:site\" content=\"@innoticiasbo\" \/>\n<meta name=\"twitter:label1\" content=\"Escrito por\" \/>\n\t<meta name=\"twitter:data1\" content=\"Prensa\" \/>\n\t<meta name=\"twitter:label2\" content=\"Tiempo de lectura\" \/>\n\t<meta name=\"twitter:data2\" content=\"2 minutos\" \/>\n<script type=\"application\/ld+json\" class=\"yoast-schema-graph\">{\"@context\":\"https:\/\/schema.org\",\"@graph\":[{\"@type\":\"Article\",\"@id\":\"https:\/\/innoticiasbo.com\/index.php\/2025\/04\/24\/fexco-2025-abre-las-puertas-en-su-tercera-version\/#article\",\"isPartOf\":{\"@id\":\"https:\/\/innoticiasbo.com\/index.php\/2025\/04\/24\/fexco-2025-abre-las-puertas-en-su-tercera-version\/\"},\"author\":{\"name\":\"Prensa\",\"@id\":\"https:\/\/innoticiasbo.com\/#\/schema\/person\/589cd527c4211df1b943bdad85ec07ce\"},\"headline\":\"FEXCO 2025 ABRE LAS PUERTAS EN SU TERCERA VERSI\u00d3N\",\"datePublished\":\"2025-04-24T14:34:04+00:00\",\"dateModified\":\"2025-04-24T14:35:22+00:00\",\"mainEntityOfPage\":{\"@id\":\"https:\/\/innoticiasbo.com\/index.php\/2025\/04\/24\/fexco-2025-abre-las-puertas-en-su-tercera-version\/\"},\"wordCount\":444,\"commentCount\":0,\"publisher\":{\"@id\":\"https:\/\/innoticiasbo.com\/#organization\"},\"image\":{\"@id\":\"https:\/\/innoticiasbo.com\/index.php\/2025\/04\/24\/fexco-2025-abre-las-puertas-en-su-tercera-version\/#primaryimage\"},\"thumbnailUrl\":\"https:\/\/i0.wp.com\/innoticiasbo.com\/wp-content\/uploads\/2025\/04\/IMG-20250423-WA0456.jpg?fit=1600%2C1118&ssl=1\",\"keywords\":[\"Alcald\u00eda\",\"Cochabamba. FEPC\",\"econom\u00eda\",\"FEXCO\"],\"articleSection\":[\"Cochabamba\",\"Econom\u00eda\"],\"inLanguage\":\"es\",\"potentialAction\":[{\"@type\":\"CommentAction\",\"name\":\"Comment\",\"target\":[\"https:\/\/innoticiasbo.com\/index.php\/2025\/04\/24\/fexco-2025-abre-las-puertas-en-su-tercera-version\/#respond\"]}]},{\"@type\":\"WebPage\",\"@id\":\"https:\/\/innoticiasbo.com\/index.php\/2025\/04\/24\/fexco-2025-abre-las-puertas-en-su-tercera-version\/\",\"url\":\"https:\/\/innoticiasbo.com\/index.php\/2025\/04\/24\/fexco-2025-abre-las-puertas-en-su-tercera-version\/\",\"name\":\"FEXCO 2025 ABRE LAS PUERTAS EN SU TERCERA VERSI\u00d3N - innoticiasbo.com\",\"isPartOf\":{\"@id\":\"https:\/\/innoticiasbo.com\/#website\"},\"primaryImageOfPage\":{\"@id\":\"https:\/\/innoticiasbo.com\/index.php\/2025\/04\/24\/fexco-2025-abre-las-puertas-en-su-tercera-version\/#primaryimage\"},\"image\":{\"@id\":\"https:\/\/innoticiasbo.com\/index.php\/2025\/04\/24\/fexco-2025-abre-las-puertas-en-su-tercera-version\/#primaryimage\"},\"thumbnailUrl\":\"https:\/\/i0.wp.com\/innoticiasbo.com\/wp-content\/uploads\/2025\/04\/IMG-20250423-WA0456.jpg?fit=1600%2C1118&ssl=1\",\"datePublished\":\"2025-04-24T14:34:04+00:00\",\"dateModified\":\"2025-04-24T14:35:22+00:00\",\"breadcrumb\":{\"@id\":\"https:\/\/innoticiasbo.com\/index.php\/2025\/04\/24\/fexco-2025-abre-las-puertas-en-su-tercera-version\/#breadcrumb\"},\"inLanguage\":\"es\",\"potentialAction\":[{\"@type\":\"ReadAction\",\"target\":[\"https:\/\/innoticiasbo.com\/index.php\/2025\/04\/24\/fexco-2025-abre-las-puertas-en-su-tercera-version\/\"]}]},{\"@type\":\"ImageObject\",\"inLanguage\":\"es\",\"@id\":\"https:\/\/innoticiasbo.com\/index.php\/2025\/04\/24\/fexco-2025-abre-las-puertas-en-su-tercera-version\/#primaryimage\",\"url\":\"https:\/\/i0.wp.com\/innoticiasbo.com\/wp-content\/uploads\/2025\/04\/IMG-20250423-WA0456.jpg?fit=1600%2C1118&ssl=1\",\"contentUrl\":\"https:\/\/i0.wp.com\/innoticiasbo.com\/wp-content\/uploads\/2025\/04\/IMG-20250423-WA0456.jpg?fit=1600%2C1118&ssl=1\",\"width\":1600,\"height\":1118},{\"@type\":\"BreadcrumbList\",\"@id\":\"https:\/\/innoticiasbo.com\/index.php\/2025\/04\/24\/fexco-2025-abre-las-puertas-en-su-tercera-version\/#breadcrumb\",\"itemListElement\":[{\"@type\":\"ListItem\",\"position\":1,\"name\":\"Portada\",\"item\":\"https:\/\/innoticiasbo.com\/\"},{\"@type\":\"ListItem\",\"position\":2,\"name\":\"FEXCO 2025 ABRE LAS PUERTAS EN SU TERCERA VERSI\u00d3N\"}]},{\"@type\":\"WebSite\",\"@id\":\"https:\/\/innoticiasbo.com\/#website\",\"url\":\"https:\/\/innoticiasbo.com\/\",\"name\":\"innoticiasbo.com\",\"description\":\"\",\"publisher\":{\"@id\":\"https:\/\/innoticiasbo.com\/#organization\"},\"potentialAction\":[{\"@type\":\"SearchAction\",\"target\":{\"@type\":\"EntryPoint\",\"urlTemplate\":\"https:\/\/innoticiasbo.com\/?s={search_term_string}\"},\"query-input\":{\"@type\":\"PropertyValueSpecification\",\"valueRequired\":true,\"valueName\":\"search_term_string\"}}],\"inLanguage\":\"es\"},{\"@type\":\"Organization\",\"@id\":\"https:\/\/innoticiasbo.com\/#organization\",\"name\":\"innoticiasbo.com\",\"url\":\"https:\/\/innoticiasbo.com\/\",\"logo\":{\"@type\":\"ImageObject\",\"inLanguage\":\"es\",\"@id\":\"https:\/\/innoticiasbo.com\/#\/schema\/logo\/image\/\",\"url\":\"https:\/\/i0.wp.com\/innoticiasbo.com\/wp-content\/uploads\/2026\/04\/cropped-IN-LOGO.png?fit=1476%2C1476&ssl=1\",\"contentUrl\":\"https:\/\/i0.wp.com\/innoticiasbo.com\/wp-content\/uploads\/2026\/04\/cropped-IN-LOGO.png?fit=1476%2C1476&ssl=1\",\"width\":1476,\"height\":1476,\"caption\":\"innoticiasbo.com\"},\"image\":{\"@id\":\"https:\/\/innoticiasbo.com\/#\/schema\/logo\/image\/\"},\"sameAs\":[\"https:\/\/www.facebook.com\/innoticiasbolivia\",\"https:\/\/x.com\/innoticiasbo\",\"https:\/\/www.instagram.com\/innoticiasbo\",\"https:\/\/www.youtube.com\/innoticiasbo\"]},{\"@type\":\"Person\",\"@id\":\"https:\/\/innoticiasbo.com\/#\/schema\/person\/589cd527c4211df1b943bdad85ec07ce\",\"name\":\"Prensa\",\"image\":{\"@type\":\"ImageObject\",\"inLanguage\":\"es\",\"@id\":\"https:\/\/innoticiasbo.com\/#\/schema\/person\/image\/\",\"url\":\"https:\/\/secure.gravatar.com\/avatar\/d359bbdf112023c1c0a3ec7fe1600657?s=96&d=mm&r=g\",\"contentUrl\":\"https:\/\/secure.gravatar.com\/avatar\/d359bbdf112023c1c0a3ec7fe1600657?s=96&d=mm&r=g\",\"caption\":\"Prensa\"},\"sameAs\":[\"http:\/\/www.innoticiasbo.com\"],\"url\":\"https:\/\/innoticiasbo.com\/index.php\/author\/prensa\/\"}]}<\/script>\n<!-- \/ Yoast SEO plugin. -->","yoast_head_json":{"title":"FEXCO 2025 ABRE LAS PUERTAS EN SU TERCERA VERSI\u00d3N - innoticiasbo.com","robots":{"index":"index","follow":"follow","max-snippet":"max-snippet:-1","max-image-preview":"max-image-preview:large","max-video-preview":"max-video-preview:-1"},"canonical":"https:\/\/innoticiasbo.com\/index.php\/2025\/04\/24\/fexco-2025-abre-las-puertas-en-su-tercera-version\/","og_locale":"es_ES","og_type":"article","og_title":"FEXCO 2025 ABRE LAS PUERTAS EN SU TERCERA VERSI\u00d3N - innoticiasbo.com","og_description":"Cochabamba, 24 de abril de 2025.- Con un acto oficial encabezado por el alcalde de Cochabamba, Manfred Reyes Villa y la Federaci\u00f3n de Entidades Empresariales Privadas (FEPC), se inaugur\u00f3 la tercera versi\u00f3n de la Feria Exposici\u00f3n Internacional de Cochabamba (FEXCO) 2025. El evento se desarrollar\u00e1 del 24 de abril al 4 de mayo y proyecta...","og_url":"https:\/\/innoticiasbo.com\/index.php\/2025\/04\/24\/fexco-2025-abre-las-puertas-en-su-tercera-version\/","og_site_name":"innoticiasbo.com","article_publisher":"https:\/\/www.facebook.com\/innoticiasbolivia","article_published_time":"2025-04-24T14:34:04+00:00","article_modified_time":"2025-04-24T14:35:22+00:00","og_image":[{"width":1600,"height":1118,"url":"https:\/\/i0.wp.com\/innoticiasbo.com\/wp-content\/uploads\/2025\/04\/IMG-20250423-WA0456.jpg?fit=1600%2C1118&ssl=1","type":"image\/jpeg"}],"author":"Prensa","twitter_card":"summary_large_image","twitter_creator":"@innoticiasbo","twitter_site":"@innoticiasbo","twitter_misc":{"Escrito por":"Prensa","Tiempo de lectura":"2 minutos"},"schema":{"@context":"https:\/\/schema.org","@graph":[{"@type":"Article","@id":"https:\/\/innoticiasbo.com\/index.php\/2025\/04\/24\/fexco-2025-abre-las-puertas-en-su-tercera-version\/#article","isPartOf":{"@id":"https:\/\/innoticiasbo.com\/index.php\/2025\/04\/24\/fexco-2025-abre-las-puertas-en-su-tercera-version\/"},"author":{"name":"Prensa","@id":"https:\/\/innoticiasbo.com\/#\/schema\/person\/589cd527c4211df1b943bdad85ec07ce"},"headline":"FEXCO 2025 ABRE LAS PUERTAS EN SU TERCERA VERSI\u00d3N","datePublished":"2025-04-24T14:34:04+00:00","dateModified":"2025-04-24T14:35:22+00:00","mainEntityOfPage":{"@id":"https:\/\/innoticiasbo.com\/index.php\/2025\/04\/24\/fexco-2025-abre-las-puertas-en-su-tercera-version\/"},"wordCount":444,"commentCount":0,"publisher":{"@id":"https:\/\/innoticiasbo.com\/#organization"},"image":{"@id":"https:\/\/innoticiasbo.com\/index.php\/2025\/04\/24\/fexco-2025-abre-las-puertas-en-su-tercera-version\/#primaryimage"},"thumbnailUrl":"https:\/\/i0.wp.com\/innoticiasbo.com\/wp-content\/uploads\/2025\/04\/IMG-20250423-WA0456.jpg?fit=1600%2C1118&ssl=1","keywords":["Alcald\u00eda","Cochabamba. FEPC","econom\u00eda","FEXCO"],"articleSection":["Cochabamba","Econom\u00eda"],"inLanguage":"es","potentialAction":[{"@type":"CommentAction","name":"Comment","target":["https:\/\/innoticiasbo.com\/index.php\/2025\/04\/24\/fexco-2025-abre-las-puertas-en-su-tercera-version\/#respond"]}]},{"@type":"WebPage","@id":"https:\/\/innoticiasbo.com\/index.php\/2025\/04\/24\/fexco-2025-abre-las-puertas-en-su-tercera-version\/","url":"https:\/\/innoticiasbo.com\/index.php\/2025\/04\/24\/fexco-2025-abre-las-puertas-en-su-tercera-version\/","name":"FEXCO 2025 ABRE LAS PUERTAS EN SU TERCERA VERSI\u00d3N - innoticiasbo.com","isPartOf":{"@id":"https:\/\/innoticiasbo.com\/#website"},"primaryImageOfPage":{"@id":"https:\/\/innoticiasbo.com\/index.php\/2025\/04\/24\/fexco-2025-abre-las-puertas-en-su-tercera-version\/#primaryimage"},"image":{"@id":"https:\/\/innoticiasbo.com\/index.php\/2025\/04\/24\/fexco-2025-abre-las-puertas-en-su-tercera-version\/#primaryimage"},"thumbnailUrl":"https:\/\/i0.wp.com\/innoticiasbo.com\/wp-content\/uploads\/2025\/04\/IMG-20250423-WA0456.jpg?fit=1600%2C1118&ssl=1","datePublished":"2025-04-24T14:34:04+00:00","dateModified":"2025-04-24T14:35:22+00:00","breadcrumb":{"@id":"https:\/\/innoticiasbo.com\/index.php\/2025\/04\/24\/fexco-2025-abre-las-puertas-en-su-tercera-version\/#breadcrumb"},"inLanguage":"es","potentialAction":[{"@type":"ReadAction","target":["https:\/\/innoticiasbo.com\/index.php\/2025\/04\/24\/fexco-2025-abre-las-puertas-en-su-tercera-version\/"]}]},{"@type":"ImageObject","inLanguage":"es","@id":"https:\/\/innoticiasbo.com\/index.php\/2025\/04\/24\/fexco-2025-abre-las-puertas-en-su-tercera-version\/#primaryimage","url":"https:\/\/i0.wp.com\/innoticiasbo.com\/wp-content\/uploads\/2025\/04\/IMG-20250423-WA0456.jpg?fit=1600%2C1118&ssl=1","contentUrl":"https:\/\/i0.wp.com\/innoticiasbo.com\/wp-content\/uploads\/2025\/04\/IMG-20250423-WA0456.jpg?fit=1600%2C1118&ssl=1","width":1600,"height":1118},{"@type":"BreadcrumbList","@id":"https:\/\/innoticiasbo.com\/index.php\/2025\/04\/24\/fexco-2025-abre-las-puertas-en-su-tercera-version\/#breadcrumb","itemListElement":[{"@type":"ListItem","position":1,"name":"Portada","item":"https:\/\/innoticiasbo.com\/"},{"@type":"ListItem","position":2,"name":"FEXCO 2025 ABRE LAS PUERTAS EN SU TERCERA VERSI\u00d3N"}]},{"@type":"WebSite","@id":"https:\/\/innoticiasbo.com\/#website","url":"https:\/\/innoticiasbo.com\/","name":"innoticiasbo.com","description":"","publisher":{"@id":"https:\/\/innoticiasbo.com\/#organization"},"potentialAction":[{"@type":"SearchAction","target":{"@type":"EntryPoint","urlTemplate":"https:\/\/innoticiasbo.com\/?s={search_term_string}"},"query-input":{"@type":"PropertyValueSpecification","valueRequired":true,"valueName":"search_term_string"}}],"inLanguage":"es"},{"@type":"Organization","@id":"https:\/\/innoticiasbo.com\/#organization","name":"innoticiasbo.com","url":"https:\/\/innoticiasbo.com\/","logo":{"@type":"ImageObject","inLanguage":"es","@id":"https:\/\/innoticiasbo.com\/#\/schema\/logo\/image\/","url":"https:\/\/i0.wp.com\/innoticiasbo.com\/wp-content\/uploads\/2026\/04\/cropped-IN-LOGO.png?fit=1476%2C1476&ssl=1","contentUrl":"https:\/\/i0.wp.com\/innoticiasbo.com\/wp-content\/uploads\/2026\/04\/cropped-IN-LOGO.png?fit=1476%2C1476&ssl=1","width":1476,"height":1476,"caption":"innoticiasbo.com"},"image":{"@id":"https:\/\/innoticiasbo.com\/#\/schema\/logo\/image\/"},"sameAs":["https:\/\/www.facebook.com\/innoticiasbolivia","https:\/\/x.com\/innoticiasbo","https:\/\/www.instagram.com\/innoticiasbo","https:\/\/www.youtube.com\/innoticiasbo"]},{"@type":"Person","@id":"https:\/\/innoticiasbo.com\/#\/schema\/person\/589cd527c4211df1b943bdad85ec07ce","name":"Prensa","image":{"@type":"ImageObject","inLanguage":"es","@id":"https:\/\/innoticiasbo.com\/#\/schema\/person\/image\/","url":"https:\/\/secure.gravatar.com\/avatar\/d359bbdf112023c1c0a3ec7fe1600657?s=96&d=mm&r=g","contentUrl":"https:\/\/secure.gravatar.com\/avatar\/d359bbdf112023c1c0a3ec7fe1600657?s=96&d=mm&r=g","caption":"Prensa"},"sameAs":["http:\/\/www.innoticiasbo.com"],"url":"https:\/\/innoticiasbo.com\/index.php\/author\/prensa\/"}]}},"jetpack_featured_media_url":"https:\/\/i0.wp.com\/innoticiasbo.com\/wp-content\/uploads\/2025\/04\/IMG-20250423-WA0456.jpg?fit=1600%2C1118&ssl=1","jetpack_likes_enabled":true,"jetpack_sharing_enabled":true,"jetpack_shortlink":"https:\/\/wp.me\/pg298x-1cT","_links":{"self":[{"href":"https:\/\/innoticiasbo.com\/index.php\/wp-json\/wp\/v2\/posts\/4643","targetHints":{"allow":["GET"]}}],"collection":[{"href":"https:\/\/innoticiasbo.com\/index.php\/wp-json\/wp\/v2\/posts"}],"about":[{"href":"https:\/\/innoticiasbo.com\/index.php\/wp-json\/wp\/v2\/types\/post"}],"author":[{"embeddable":true,"href":"https:\/\/innoticiasbo.com\/index.php\/wp-json\/wp\/v2\/users\/2"}],"replies":[{"embeddable":true,"href":"https:\/\/innoticiasbo.com\/index.php\/wp-json\/wp\/v2\/comments?post=4643"}],"version-history":[{"count":1,"href":"https:\/\/innoticiasbo.com\/index.php\/wp-json\/wp\/v2\/posts\/4643\/revisions"}],"predecessor-version":[{"id":4644,"href":"https:\/\/innoticiasbo.com\/index.php\/wp-json\/wp\/v2\/posts\/4643\/revisions\/4644"}],"wp:featuredmedia":[{"embeddable":true,"href":"https:\/\/innoticiasbo.com\/index.php\/wp-json\/wp\/v2\/media\/4642"}],"wp:attachment":[{"href":"https:\/\/innoticiasbo.com\/index.php\/wp-json\/wp\/v2\/media?parent=4643"}],"wp:term":[{"taxonomy":"category","embeddable":true,"href":"https:\/\/innoticiasbo.com\/index.php\/wp-json\/wp\/v2\/categories?post=4643"},{"taxonomy":"post_tag","embeddable":true,"href":"https:\/\/innoticiasbo.com\/index.php\/wp-json\/wp\/v2\/tags?post=4643"}],"curies":[{"name":"wp","href":"https:\/\/api.w.org\/{rel}","templated":true}]}}