{"id":4631,"date":"2025-04-23T16:48:18","date_gmt":"2025-04-23T20:48:18","guid":{"rendered":"https:\/\/innoticiasbo.com\/?p=4631"},"modified":"2025-04-23T16:48:30","modified_gmt":"2025-04-23T20:48:30","slug":"chi-es-presentado-por-el-mnr-en-santa-cruz-como-candidato-a-la-presidencia-para-las-elecciones-de-agosto","status":"publish","type":"post","link":"https:\/\/innoticiasbo.com\/index.php\/2025\/04\/23\/chi-es-presentado-por-el-mnr-en-santa-cruz-como-candidato-a-la-presidencia-para-las-elecciones-de-agosto\/","title":{"rendered":"CHI ES PRESENTADO POR EL MNR EN SANTA CRUZ COMO CANDIDATO A LA PRESIDENCIA PARA LAS ELECCIONES DE AGOSTO"},"content":{"rendered":"\n<p>Santa Cruz, 23 de abril de 2025.- La tarde de este mi\u00e9rcoles Chi Hyun Chung fue presentado por el Movimiento Nacionalista Revolucionario (MNR) como su candidato a la Presidencia de Bolivia. En el acto se presentaron comisiones que trabajar\u00e1n en su campa\u00f1a y el pr\u00f3ximo 11 de mayo anunciar\u00e1n la dupla oficial para las elecciones generales.<\/p>\n\n\n\n<p>Chi estuvo acompa\u00f1ado por el secretario general del partido rosado, Roger Arredondo, quien inform\u00f3 que el pr\u00f3ximo 11 de mayo realizar\u00e1n un comit\u00e9 pol\u00edtico nacional, de donde saldr\u00e1 el nombre del acompa\u00f1ante a la Vicepresidencia, de cara a las pr\u00f3ximas elecciones generales del 17 de agosto.<\/p>\n\n\n\n<figure class=\"wp-block-image size-large\"><img data-recalc-dims=\"1\" loading=\"lazy\" decoding=\"async\" width=\"640\" height=\"357\" src=\"https:\/\/i0.wp.com\/innoticiasbo.com\/wp-content\/uploads\/2025\/04\/img-20250423-wa03047676453972362155829.jpg?resize=640%2C357&#038;ssl=1\" alt=\"\" class=\"wp-image-4629\" srcset=\"https:\/\/i0.wp.com\/innoticiasbo.com\/wp-content\/uploads\/2025\/04\/img-20250423-wa03047676453972362155829.jpg?w=770&amp;ssl=1 770w, https:\/\/i0.wp.com\/innoticiasbo.com\/wp-content\/uploads\/2025\/04\/img-20250423-wa03047676453972362155829.jpg?resize=300%2C168&amp;ssl=1 300w, https:\/\/i0.wp.com\/innoticiasbo.com\/wp-content\/uploads\/2025\/04\/img-20250423-wa03047676453972362155829.jpg?resize=768%2C429&amp;ssl=1 768w\" sizes=\"auto, (max-width: 640px) 100vw, 640px\" \/><\/figure>\n\n\n\n<p>Ambos explicaron que ya sostuvieron una reuni\u00f3n de coordinaci\u00f3n, se tienen las comisiones de trabajo y que por estatutos el MNR llevar\u00e1 a consulta en su asamblea nacional la postulaci\u00f3n de Chi, para posteriormente firmar el acuerdo.<\/p>\n\n\n\n<p>El jefe nacional del MNR, Jhonny Torres, no estuvo presente en la presentaci\u00f3n de Chi la tarde de este mi\u00e9rcoles. En d\u00edas pasados dijo que en la asamblea a realizarse en Cochabamba se elegir\u00eda al binomio que terciar\u00e1 por llegar a la Presidencia del pa\u00eds.<\/p>\n\n\n\n<p>Seg\u00fan el calendario electoral, las organizaciones pol\u00edticas deben inscribir a sus candidatos hasta el 18 de mayo.<\/p>\n\n\n\n<h1 class=\"wp-block-heading\"><\/h1>\n","protected":false},"excerpt":{"rendered":"<p>Santa Cruz, 23 de abril de 2025.- La tarde de este mi\u00e9rcoles Chi Hyun Chung fue presentado por el Movimiento Nacionalista Revolucionario (MNR) como su candidato a la Presidencia de Bolivia. En el acto se presentaron comisiones que trabajar\u00e1n en su campa\u00f1a y el pr\u00f3ximo 11 de mayo anunciar\u00e1n la dupla oficial para las elecciones&#8230;<\/p>\n","protected":false},"author":2,"featured_media":4630,"comment_status":"open","ping_status":"open","sticky":false,"template":"","format":"standard","meta":{"_jetpack_memberships_contains_paid_content":false,"footnotes":"","jetpack_publicize_message":"","jetpack_publicize_feature_enabled":true,"jetpack_social_post_already_shared":true,"jetpack_social_options":{"image_generator_settings":{"template":"highway","enabled":false},"version":2}},"categories":[1,3],"tags":[],"class_list":["post-4631","post","type-post","status-publish","format-standard","has-post-thumbnail","hentry","category-bolivia","category-politica"],"jetpack_publicize_connections":[],"yoast_head":"<!-- This site is optimized with the Yoast SEO plugin v23.4 - https:\/\/yoast.com\/wordpress\/plugins\/seo\/ -->\n<title>CHI ES PRESENTADO POR EL MNR EN SANTA CRUZ COMO CANDIDATO A LA PRESIDENCIA PARA LAS ELECCIONES DE AGOSTO - innoticiasbo.com<\/title>\n<meta name=\"robots\" content=\"index, follow, max-snippet:-1, max-image-preview:large, max-video-preview:-1\" \/>\n<link rel=\"canonical\" href=\"https:\/\/innoticiasbo.com\/index.php\/2025\/04\/23\/chi-es-presentado-por-el-mnr-en-santa-cruz-como-candidato-a-la-presidencia-para-las-elecciones-de-agosto\/\" \/>\n<meta property=\"og:locale\" content=\"es_ES\" \/>\n<meta property=\"og:type\" content=\"article\" \/>\n<meta property=\"og:title\" content=\"CHI ES PRESENTADO POR EL MNR EN SANTA CRUZ COMO CANDIDATO A LA PRESIDENCIA PARA LAS ELECCIONES DE AGOSTO - innoticiasbo.com\" \/>\n<meta property=\"og:description\" content=\"Santa Cruz, 23 de abril de 2025.- La tarde de este mi\u00e9rcoles Chi Hyun Chung fue presentado por el Movimiento Nacionalista Revolucionario (MNR) como su candidato a la Presidencia de Bolivia. En el acto se presentaron comisiones que trabajar\u00e1n en su campa\u00f1a y el pr\u00f3ximo 11 de mayo anunciar\u00e1n la dupla oficial para las elecciones...\" \/>\n<meta property=\"og:url\" content=\"https:\/\/innoticiasbo.com\/index.php\/2025\/04\/23\/chi-es-presentado-por-el-mnr-en-santa-cruz-como-candidato-a-la-presidencia-para-las-elecciones-de-agosto\/\" \/>\n<meta property=\"og:site_name\" content=\"innoticiasbo.com\" \/>\n<meta property=\"article:publisher\" content=\"https:\/\/www.facebook.com\/innoticiasbolivia\" \/>\n<meta property=\"article:published_time\" content=\"2025-04-23T20:48:18+00:00\" \/>\n<meta property=\"article:modified_time\" content=\"2025-04-23T20:48:30+00:00\" \/>\n<meta property=\"og:image\" content=\"https:\/\/i0.wp.com\/innoticiasbo.com\/wp-content\/uploads\/2025\/04\/IMG-20250423-WA0304.jpg?fit=770%2C430&ssl=1\" \/>\n\t<meta property=\"og:image:width\" content=\"770\" \/>\n\t<meta property=\"og:image:height\" content=\"430\" \/>\n\t<meta property=\"og:image:type\" content=\"image\/jpeg\" \/>\n<meta name=\"author\" content=\"Prensa\" \/>\n<meta name=\"twitter:card\" content=\"summary_large_image\" \/>\n<meta name=\"twitter:creator\" content=\"@innoticiasbo\" \/>\n<meta name=\"twitter:site\" content=\"@innoticiasbo\" \/>\n<meta name=\"twitter:label1\" content=\"Escrito por\" \/>\n\t<meta name=\"twitter:data1\" content=\"Prensa\" \/>\n\t<meta name=\"twitter:label2\" content=\"Tiempo de lectura\" \/>\n\t<meta name=\"twitter:data2\" content=\"1 minuto\" \/>\n<script type=\"application\/ld+json\" class=\"yoast-schema-graph\">{\"@context\":\"https:\/\/schema.org\",\"@graph\":[{\"@type\":\"Article\",\"@id\":\"https:\/\/innoticiasbo.com\/index.php\/2025\/04\/23\/chi-es-presentado-por-el-mnr-en-santa-cruz-como-candidato-a-la-presidencia-para-las-elecciones-de-agosto\/#article\",\"isPartOf\":{\"@id\":\"https:\/\/innoticiasbo.com\/index.php\/2025\/04\/23\/chi-es-presentado-por-el-mnr-en-santa-cruz-como-candidato-a-la-presidencia-para-las-elecciones-de-agosto\/\"},\"author\":{\"name\":\"Prensa\",\"@id\":\"https:\/\/innoticiasbo.com\/#\/schema\/person\/589cd527c4211df1b943bdad85ec07ce\"},\"headline\":\"CHI ES PRESENTADO POR EL MNR EN SANTA CRUZ COMO CANDIDATO A LA PRESIDENCIA PARA LAS ELECCIONES DE AGOSTO\",\"datePublished\":\"2025-04-23T20:48:18+00:00\",\"dateModified\":\"2025-04-23T20:48:30+00:00\",\"mainEntityOfPage\":{\"@id\":\"https:\/\/innoticiasbo.com\/index.php\/2025\/04\/23\/chi-es-presentado-por-el-mnr-en-santa-cruz-como-candidato-a-la-presidencia-para-las-elecciones-de-agosto\/\"},\"wordCount\":236,\"commentCount\":0,\"publisher\":{\"@id\":\"https:\/\/innoticiasbo.com\/#organization\"},\"image\":{\"@id\":\"https:\/\/innoticiasbo.com\/index.php\/2025\/04\/23\/chi-es-presentado-por-el-mnr-en-santa-cruz-como-candidato-a-la-presidencia-para-las-elecciones-de-agosto\/#primaryimage\"},\"thumbnailUrl\":\"https:\/\/i0.wp.com\/innoticiasbo.com\/wp-content\/uploads\/2025\/04\/IMG-20250423-WA0304.jpg?fit=770%2C430&ssl=1\",\"articleSection\":[\"Bolivia\",\"Pol\u00edtica\"],\"inLanguage\":\"es\",\"potentialAction\":[{\"@type\":\"CommentAction\",\"name\":\"Comment\",\"target\":[\"https:\/\/innoticiasbo.com\/index.php\/2025\/04\/23\/chi-es-presentado-por-el-mnr-en-santa-cruz-como-candidato-a-la-presidencia-para-las-elecciones-de-agosto\/#respond\"]}]},{\"@type\":\"WebPage\",\"@id\":\"https:\/\/innoticiasbo.com\/index.php\/2025\/04\/23\/chi-es-presentado-por-el-mnr-en-santa-cruz-como-candidato-a-la-presidencia-para-las-elecciones-de-agosto\/\",\"url\":\"https:\/\/innoticiasbo.com\/index.php\/2025\/04\/23\/chi-es-presentado-por-el-mnr-en-santa-cruz-como-candidato-a-la-presidencia-para-las-elecciones-de-agosto\/\",\"name\":\"CHI ES PRESENTADO POR EL MNR EN SANTA CRUZ COMO CANDIDATO A LA PRESIDENCIA PARA LAS ELECCIONES DE AGOSTO - innoticiasbo.com\",\"isPartOf\":{\"@id\":\"https:\/\/innoticiasbo.com\/#website\"},\"primaryImageOfPage\":{\"@id\":\"https:\/\/innoticiasbo.com\/index.php\/2025\/04\/23\/chi-es-presentado-por-el-mnr-en-santa-cruz-como-candidato-a-la-presidencia-para-las-elecciones-de-agosto\/#primaryimage\"},\"image\":{\"@id\":\"https:\/\/innoticiasbo.com\/index.php\/2025\/04\/23\/chi-es-presentado-por-el-mnr-en-santa-cruz-como-candidato-a-la-presidencia-para-las-elecciones-de-agosto\/#primaryimage\"},\"thumbnailUrl\":\"https:\/\/i0.wp.com\/innoticiasbo.com\/wp-content\/uploads\/2025\/04\/IMG-20250423-WA0304.jpg?fit=770%2C430&ssl=1\",\"datePublished\":\"2025-04-23T20:48:18+00:00\",\"dateModified\":\"2025-04-23T20:48:30+00:00\",\"breadcrumb\":{\"@id\":\"https:\/\/innoticiasbo.com\/index.php\/2025\/04\/23\/chi-es-presentado-por-el-mnr-en-santa-cruz-como-candidato-a-la-presidencia-para-las-elecciones-de-agosto\/#breadcrumb\"},\"inLanguage\":\"es\",\"potentialAction\":[{\"@type\":\"ReadAction\",\"target\":[\"https:\/\/innoticiasbo.com\/index.php\/2025\/04\/23\/chi-es-presentado-por-el-mnr-en-santa-cruz-como-candidato-a-la-presidencia-para-las-elecciones-de-agosto\/\"]}]},{\"@type\":\"ImageObject\",\"inLanguage\":\"es\",\"@id\":\"https:\/\/innoticiasbo.com\/index.php\/2025\/04\/23\/chi-es-presentado-por-el-mnr-en-santa-cruz-como-candidato-a-la-presidencia-para-las-elecciones-de-agosto\/#primaryimage\",\"url\":\"https:\/\/i0.wp.com\/innoticiasbo.com\/wp-content\/uploads\/2025\/04\/IMG-20250423-WA0304.jpg?fit=770%2C430&ssl=1\",\"contentUrl\":\"https:\/\/i0.wp.com\/innoticiasbo.com\/wp-content\/uploads\/2025\/04\/IMG-20250423-WA0304.jpg?fit=770%2C430&ssl=1\",\"width\":770,\"height\":430},{\"@type\":\"BreadcrumbList\",\"@id\":\"https:\/\/innoticiasbo.com\/index.php\/2025\/04\/23\/chi-es-presentado-por-el-mnr-en-santa-cruz-como-candidato-a-la-presidencia-para-las-elecciones-de-agosto\/#breadcrumb\",\"itemListElement\":[{\"@type\":\"ListItem\",\"position\":1,\"name\":\"Portada\",\"item\":\"https:\/\/innoticiasbo.com\/\"},{\"@type\":\"ListItem\",\"position\":2,\"name\":\"CHI ES PRESENTADO POR EL MNR EN SANTA CRUZ COMO CANDIDATO A LA PRESIDENCIA PARA LAS ELECCIONES DE AGOSTO\"}]},{\"@type\":\"WebSite\",\"@id\":\"https:\/\/innoticiasbo.com\/#website\",\"url\":\"https:\/\/innoticiasbo.com\/\",\"name\":\"innoticiasbo.com\",\"description\":\"\",\"publisher\":{\"@id\":\"https:\/\/innoticiasbo.com\/#organization\"},\"potentialAction\":[{\"@type\":\"SearchAction\",\"target\":{\"@type\":\"EntryPoint\",\"urlTemplate\":\"https:\/\/innoticiasbo.com\/?s={search_term_string}\"},\"query-input\":{\"@type\":\"PropertyValueSpecification\",\"valueRequired\":true,\"valueName\":\"search_term_string\"}}],\"inLanguage\":\"es\"},{\"@type\":\"Organization\",\"@id\":\"https:\/\/innoticiasbo.com\/#organization\",\"name\":\"innoticiasbo.com\",\"url\":\"https:\/\/innoticiasbo.com\/\",\"logo\":{\"@type\":\"ImageObject\",\"inLanguage\":\"es\",\"@id\":\"https:\/\/innoticiasbo.com\/#\/schema\/logo\/image\/\",\"url\":\"https:\/\/i0.wp.com\/innoticiasbo.com\/wp-content\/uploads\/2026\/04\/cropped-IN-LOGO.png?fit=1476%2C1476&ssl=1\",\"contentUrl\":\"https:\/\/i0.wp.com\/innoticiasbo.com\/wp-content\/uploads\/2026\/04\/cropped-IN-LOGO.png?fit=1476%2C1476&ssl=1\",\"width\":1476,\"height\":1476,\"caption\":\"innoticiasbo.com\"},\"image\":{\"@id\":\"https:\/\/innoticiasbo.com\/#\/schema\/logo\/image\/\"},\"sameAs\":[\"https:\/\/www.facebook.com\/innoticiasbolivia\",\"https:\/\/x.com\/innoticiasbo\",\"https:\/\/www.instagram.com\/innoticiasbo\",\"https:\/\/www.youtube.com\/innoticiasbo\"]},{\"@type\":\"Person\",\"@id\":\"https:\/\/innoticiasbo.com\/#\/schema\/person\/589cd527c4211df1b943bdad85ec07ce\",\"name\":\"Prensa\",\"image\":{\"@type\":\"ImageObject\",\"inLanguage\":\"es\",\"@id\":\"https:\/\/innoticiasbo.com\/#\/schema\/person\/image\/\",\"url\":\"https:\/\/secure.gravatar.com\/avatar\/d359bbdf112023c1c0a3ec7fe1600657?s=96&d=mm&r=g\",\"contentUrl\":\"https:\/\/secure.gravatar.com\/avatar\/d359bbdf112023c1c0a3ec7fe1600657?s=96&d=mm&r=g\",\"caption\":\"Prensa\"},\"sameAs\":[\"http:\/\/www.innoticiasbo.com\"],\"url\":\"https:\/\/innoticiasbo.com\/index.php\/author\/prensa\/\"}]}<\/script>\n<!-- \/ Yoast SEO plugin. -->","yoast_head_json":{"title":"CHI ES PRESENTADO POR EL MNR EN SANTA CRUZ COMO CANDIDATO A LA PRESIDENCIA PARA LAS ELECCIONES DE AGOSTO - innoticiasbo.com","robots":{"index":"index","follow":"follow","max-snippet":"max-snippet:-1","max-image-preview":"max-image-preview:large","max-video-preview":"max-video-preview:-1"},"canonical":"https:\/\/innoticiasbo.com\/index.php\/2025\/04\/23\/chi-es-presentado-por-el-mnr-en-santa-cruz-como-candidato-a-la-presidencia-para-las-elecciones-de-agosto\/","og_locale":"es_ES","og_type":"article","og_title":"CHI ES PRESENTADO POR EL MNR EN SANTA CRUZ COMO CANDIDATO A LA PRESIDENCIA PARA LAS ELECCIONES DE AGOSTO - innoticiasbo.com","og_description":"Santa Cruz, 23 de abril de 2025.- La tarde de este mi\u00e9rcoles Chi Hyun Chung fue presentado por el Movimiento Nacionalista Revolucionario (MNR) como su candidato a la Presidencia de Bolivia. En el acto se presentaron comisiones que trabajar\u00e1n en su campa\u00f1a y el pr\u00f3ximo 11 de mayo anunciar\u00e1n la dupla oficial para las elecciones...","og_url":"https:\/\/innoticiasbo.com\/index.php\/2025\/04\/23\/chi-es-presentado-por-el-mnr-en-santa-cruz-como-candidato-a-la-presidencia-para-las-elecciones-de-agosto\/","og_site_name":"innoticiasbo.com","article_publisher":"https:\/\/www.facebook.com\/innoticiasbolivia","article_published_time":"2025-04-23T20:48:18+00:00","article_modified_time":"2025-04-23T20:48:30+00:00","og_image":[{"width":770,"height":430,"url":"https:\/\/i0.wp.com\/innoticiasbo.com\/wp-content\/uploads\/2025\/04\/IMG-20250423-WA0304.jpg?fit=770%2C430&ssl=1","type":"image\/jpeg"}],"author":"Prensa","twitter_card":"summary_large_image","twitter_creator":"@innoticiasbo","twitter_site":"@innoticiasbo","twitter_misc":{"Escrito por":"Prensa","Tiempo de lectura":"1 minuto"},"schema":{"@context":"https:\/\/schema.org","@graph":[{"@type":"Article","@id":"https:\/\/innoticiasbo.com\/index.php\/2025\/04\/23\/chi-es-presentado-por-el-mnr-en-santa-cruz-como-candidato-a-la-presidencia-para-las-elecciones-de-agosto\/#article","isPartOf":{"@id":"https:\/\/innoticiasbo.com\/index.php\/2025\/04\/23\/chi-es-presentado-por-el-mnr-en-santa-cruz-como-candidato-a-la-presidencia-para-las-elecciones-de-agosto\/"},"author":{"name":"Prensa","@id":"https:\/\/innoticiasbo.com\/#\/schema\/person\/589cd527c4211df1b943bdad85ec07ce"},"headline":"CHI ES PRESENTADO POR EL MNR EN SANTA CRUZ COMO CANDIDATO A LA PRESIDENCIA PARA LAS ELECCIONES DE AGOSTO","datePublished":"2025-04-23T20:48:18+00:00","dateModified":"2025-04-23T20:48:30+00:00","mainEntityOfPage":{"@id":"https:\/\/innoticiasbo.com\/index.php\/2025\/04\/23\/chi-es-presentado-por-el-mnr-en-santa-cruz-como-candidato-a-la-presidencia-para-las-elecciones-de-agosto\/"},"wordCount":236,"commentCount":0,"publisher":{"@id":"https:\/\/innoticiasbo.com\/#organization"},"image":{"@id":"https:\/\/innoticiasbo.com\/index.php\/2025\/04\/23\/chi-es-presentado-por-el-mnr-en-santa-cruz-como-candidato-a-la-presidencia-para-las-elecciones-de-agosto\/#primaryimage"},"thumbnailUrl":"https:\/\/i0.wp.com\/innoticiasbo.com\/wp-content\/uploads\/2025\/04\/IMG-20250423-WA0304.jpg?fit=770%2C430&ssl=1","articleSection":["Bolivia","Pol\u00edtica"],"inLanguage":"es","potentialAction":[{"@type":"CommentAction","name":"Comment","target":["https:\/\/innoticiasbo.com\/index.php\/2025\/04\/23\/chi-es-presentado-por-el-mnr-en-santa-cruz-como-candidato-a-la-presidencia-para-las-elecciones-de-agosto\/#respond"]}]},{"@type":"WebPage","@id":"https:\/\/innoticiasbo.com\/index.php\/2025\/04\/23\/chi-es-presentado-por-el-mnr-en-santa-cruz-como-candidato-a-la-presidencia-para-las-elecciones-de-agosto\/","url":"https:\/\/innoticiasbo.com\/index.php\/2025\/04\/23\/chi-es-presentado-por-el-mnr-en-santa-cruz-como-candidato-a-la-presidencia-para-las-elecciones-de-agosto\/","name":"CHI ES PRESENTADO POR EL MNR EN SANTA CRUZ COMO CANDIDATO A LA PRESIDENCIA PARA LAS ELECCIONES DE AGOSTO - innoticiasbo.com","isPartOf":{"@id":"https:\/\/innoticiasbo.com\/#website"},"primaryImageOfPage":{"@id":"https:\/\/innoticiasbo.com\/index.php\/2025\/04\/23\/chi-es-presentado-por-el-mnr-en-santa-cruz-como-candidato-a-la-presidencia-para-las-elecciones-de-agosto\/#primaryimage"},"image":{"@id":"https:\/\/innoticiasbo.com\/index.php\/2025\/04\/23\/chi-es-presentado-por-el-mnr-en-santa-cruz-como-candidato-a-la-presidencia-para-las-elecciones-de-agosto\/#primaryimage"},"thumbnailUrl":"https:\/\/i0.wp.com\/innoticiasbo.com\/wp-content\/uploads\/2025\/04\/IMG-20250423-WA0304.jpg?fit=770%2C430&ssl=1","datePublished":"2025-04-23T20:48:18+00:00","dateModified":"2025-04-23T20:48:30+00:00","breadcrumb":{"@id":"https:\/\/innoticiasbo.com\/index.php\/2025\/04\/23\/chi-es-presentado-por-el-mnr-en-santa-cruz-como-candidato-a-la-presidencia-para-las-elecciones-de-agosto\/#breadcrumb"},"inLanguage":"es","potentialAction":[{"@type":"ReadAction","target":["https:\/\/innoticiasbo.com\/index.php\/2025\/04\/23\/chi-es-presentado-por-el-mnr-en-santa-cruz-como-candidato-a-la-presidencia-para-las-elecciones-de-agosto\/"]}]},{"@type":"ImageObject","inLanguage":"es","@id":"https:\/\/innoticiasbo.com\/index.php\/2025\/04\/23\/chi-es-presentado-por-el-mnr-en-santa-cruz-como-candidato-a-la-presidencia-para-las-elecciones-de-agosto\/#primaryimage","url":"https:\/\/i0.wp.com\/innoticiasbo.com\/wp-content\/uploads\/2025\/04\/IMG-20250423-WA0304.jpg?fit=770%2C430&ssl=1","contentUrl":"https:\/\/i0.wp.com\/innoticiasbo.com\/wp-content\/uploads\/2025\/04\/IMG-20250423-WA0304.jpg?fit=770%2C430&ssl=1","width":770,"height":430},{"@type":"BreadcrumbList","@id":"https:\/\/innoticiasbo.com\/index.php\/2025\/04\/23\/chi-es-presentado-por-el-mnr-en-santa-cruz-como-candidato-a-la-presidencia-para-las-elecciones-de-agosto\/#breadcrumb","itemListElement":[{"@type":"ListItem","position":1,"name":"Portada","item":"https:\/\/innoticiasbo.com\/"},{"@type":"ListItem","position":2,"name":"CHI ES PRESENTADO POR EL MNR EN SANTA CRUZ COMO CANDIDATO A LA PRESIDENCIA PARA LAS ELECCIONES DE AGOSTO"}]},{"@type":"WebSite","@id":"https:\/\/innoticiasbo.com\/#website","url":"https:\/\/innoticiasbo.com\/","name":"innoticiasbo.com","description":"","publisher":{"@id":"https:\/\/innoticiasbo.com\/#organization"},"potentialAction":[{"@type":"SearchAction","target":{"@type":"EntryPoint","urlTemplate":"https:\/\/innoticiasbo.com\/?s={search_term_string}"},"query-input":{"@type":"PropertyValueSpecification","valueRequired":true,"valueName":"search_term_string"}}],"inLanguage":"es"},{"@type":"Organization","@id":"https:\/\/innoticiasbo.com\/#organization","name":"innoticiasbo.com","url":"https:\/\/innoticiasbo.com\/","logo":{"@type":"ImageObject","inLanguage":"es","@id":"https:\/\/innoticiasbo.com\/#\/schema\/logo\/image\/","url":"https:\/\/i0.wp.com\/innoticiasbo.com\/wp-content\/uploads\/2026\/04\/cropped-IN-LOGO.png?fit=1476%2C1476&ssl=1","contentUrl":"https:\/\/i0.wp.com\/innoticiasbo.com\/wp-content\/uploads\/2026\/04\/cropped-IN-LOGO.png?fit=1476%2C1476&ssl=1","width":1476,"height":1476,"caption":"innoticiasbo.com"},"image":{"@id":"https:\/\/innoticiasbo.com\/#\/schema\/logo\/image\/"},"sameAs":["https:\/\/www.facebook.com\/innoticiasbolivia","https:\/\/x.com\/innoticiasbo","https:\/\/www.instagram.com\/innoticiasbo","https:\/\/www.youtube.com\/innoticiasbo"]},{"@type":"Person","@id":"https:\/\/innoticiasbo.com\/#\/schema\/person\/589cd527c4211df1b943bdad85ec07ce","name":"Prensa","image":{"@type":"ImageObject","inLanguage":"es","@id":"https:\/\/innoticiasbo.com\/#\/schema\/person\/image\/","url":"https:\/\/secure.gravatar.com\/avatar\/d359bbdf112023c1c0a3ec7fe1600657?s=96&d=mm&r=g","contentUrl":"https:\/\/secure.gravatar.com\/avatar\/d359bbdf112023c1c0a3ec7fe1600657?s=96&d=mm&r=g","caption":"Prensa"},"sameAs":["http:\/\/www.innoticiasbo.com"],"url":"https:\/\/innoticiasbo.com\/index.php\/author\/prensa\/"}]}},"jetpack_featured_media_url":"https:\/\/i0.wp.com\/innoticiasbo.com\/wp-content\/uploads\/2025\/04\/IMG-20250423-WA0304.jpg?fit=770%2C430&ssl=1","jetpack_likes_enabled":true,"jetpack_sharing_enabled":true,"jetpack_shortlink":"https:\/\/wp.me\/pg298x-1cH","_links":{"self":[{"href":"https:\/\/innoticiasbo.com\/index.php\/wp-json\/wp\/v2\/posts\/4631","targetHints":{"allow":["GET"]}}],"collection":[{"href":"https:\/\/innoticiasbo.com\/index.php\/wp-json\/wp\/v2\/posts"}],"about":[{"href":"https:\/\/innoticiasbo.com\/index.php\/wp-json\/wp\/v2\/types\/post"}],"author":[{"embeddable":true,"href":"https:\/\/innoticiasbo.com\/index.php\/wp-json\/wp\/v2\/users\/2"}],"replies":[{"embeddable":true,"href":"https:\/\/innoticiasbo.com\/index.php\/wp-json\/wp\/v2\/comments?post=4631"}],"version-history":[{"count":1,"href":"https:\/\/innoticiasbo.com\/index.php\/wp-json\/wp\/v2\/posts\/4631\/revisions"}],"predecessor-version":[{"id":4632,"href":"https:\/\/innoticiasbo.com\/index.php\/wp-json\/wp\/v2\/posts\/4631\/revisions\/4632"}],"wp:featuredmedia":[{"embeddable":true,"href":"https:\/\/innoticiasbo.com\/index.php\/wp-json\/wp\/v2\/media\/4630"}],"wp:attachment":[{"href":"https:\/\/innoticiasbo.com\/index.php\/wp-json\/wp\/v2\/media?parent=4631"}],"wp:term":[{"taxonomy":"category","embeddable":true,"href":"https:\/\/innoticiasbo.com\/index.php\/wp-json\/wp\/v2\/categories?post=4631"},{"taxonomy":"post_tag","embeddable":true,"href":"https:\/\/innoticiasbo.com\/index.php\/wp-json\/wp\/v2\/tags?post=4631"}],"curies":[{"name":"wp","href":"https:\/\/api.w.org\/{rel}","templated":true}]}}