{"id":4453,"date":"2025-04-11T16:40:25","date_gmt":"2025-04-11T20:40:25","guid":{"rendered":"https:\/\/innoticiasbo.com\/?p=4453"},"modified":"2025-04-11T16:40:32","modified_gmt":"2025-04-11T20:40:32","slug":"presos-exiliados-y-perseguidos-el-plan-del-mas-para-2025","status":"publish","type":"post","link":"https:\/\/innoticiasbo.com\/index.php\/2025\/04\/11\/presos-exiliados-y-perseguidos-el-plan-del-mas-para-2025\/","title":{"rendered":"PRESOS, EXILIADOS Y PERSEGUIDOS: \u00bfEL PLAN DEL MAS PARA 2025?"},"content":{"rendered":"\n<p>Por Mauricio Fuentelsaz Oviedo<\/p>\n\n\n\n<figure class=\"wp-block-image size-large\"><img data-recalc-dims=\"1\" loading=\"lazy\" decoding=\"async\" width=\"640\" height=\"640\" src=\"https:\/\/i0.wp.com\/innoticiasbo.com\/wp-content\/uploads\/2025\/04\/columna-de-opinion-in-noticias_20250411_163454_00001863027663980451666.jpg?resize=640%2C640&#038;ssl=1\" alt=\"\" class=\"wp-image-4451\" srcset=\"https:\/\/i0.wp.com\/innoticiasbo.com\/wp-content\/uploads\/2025\/04\/columna-de-opinion-in-noticias_20250411_163454_00001863027663980451666.jpg?resize=1024%2C1024&amp;ssl=1 1024w, https:\/\/i0.wp.com\/innoticiasbo.com\/wp-content\/uploads\/2025\/04\/columna-de-opinion-in-noticias_20250411_163454_00001863027663980451666.jpg?resize=300%2C300&amp;ssl=1 300w, https:\/\/i0.wp.com\/innoticiasbo.com\/wp-content\/uploads\/2025\/04\/columna-de-opinion-in-noticias_20250411_163454_00001863027663980451666.jpg?resize=150%2C150&amp;ssl=1 150w, https:\/\/i0.wp.com\/innoticiasbo.com\/wp-content\/uploads\/2025\/04\/columna-de-opinion-in-noticias_20250411_163454_00001863027663980451666.jpg?resize=768%2C768&amp;ssl=1 768w, https:\/\/i0.wp.com\/innoticiasbo.com\/wp-content\/uploads\/2025\/04\/columna-de-opinion-in-noticias_20250411_163454_00001863027663980451666.jpg?w=1080&amp;ssl=1 1080w\" sizes=\"auto, (max-width: 640px) 100vw, 640px\" \/><\/figure>\n\n\n\n<p>Bolivia despierta nuevamente bajo la sombra de la persecuci\u00f3n pol\u00edtica. La detenci\u00f3n del abogado Jorge Valda, un incansable defensor de los derechos humanos, acusado de estar vinculado al supuesto \u00abgolpe de Estado\u00bb del general Z\u00fa\u00f1iga, es solo la punta del iceberg. En la lista de se\u00f1alados tambi\u00e9n figuran Jaime Dunn, quien recientemente anunci\u00f3 su candidatura presidencial, y los analistas Gonzalo Ch\u00e1vez y Joshua Bellott, conocidos por sus cr\u00edticas al desastroso manejo econ\u00f3mico del MAS. Otros disidentes completan este grupo, todos bajo el mismo manto de acusaciones sustentadas en un documental presentado por el Ministro de Gobierno, titulado 26J, que m\u00e1s parece un gui\u00f3n prefabricado que un ejercicio de justicia.<\/p>\n\n\n\n<p>Desde su llegada al poder, el MAS ha tejido una red de leyes, decretos y resoluciones dise\u00f1adas no para gobernar, sino para controlar. Lo que hace pensar que la estrategia era acumular herramientas legales tan diversas que, llegado el momento, alguna encajar\u00eda perfectamente para silenciar a cualquier adversario.<\/p>\n\n\n\n<p>Hoy, con las elecciones de agosto de 2025 a la vista, el oficialismo parece haber desatado una cacer\u00eda implacable, consciente de que sus posibilidades de victoria son fr\u00e1giles frente a una oposici\u00f3n que, aunque desunida, representa una amenaza. No es la primera vez que asistimos a este espect\u00e1culo. Recordemos el caso del Hotel Las Am\u00e9ricas en 2009, que dej\u00f3 un saldo de presos pol\u00edticos y marc\u00f3 un golpe contra l\u00edderes influyentes de Santa Cruz. M\u00e1s tarde, el caso del \u00abgolpe de Estado\u00bb contra Jeanine \u00c1\u00f1ez sirvi\u00f3 para descabezar otra facci\u00f3n de la oposici\u00f3n y enviar un mensaje claro a los movimientos c\u00edvicos: cuestionar al poder, incluso frente a un fraude electoral como el de 2019, tiene un costo. Ahora, el supuesto \u00abgolpe\u00bb del general Z\u00fa\u00f1iga \u2014un episodio que m\u00e1s parec\u00eda una parodia que una amenaza real\u2014 se convierte en la excusa perfecta para abrir un nuevo cap\u00edtulo de persecuci\u00f3n. <em>No importa la credibilidad de las acusaciones; lo que importa es el objetivo<\/em>: eliminar rivales, intimidar a disidentes y distraer a la poblaci\u00f3n de una crisis econ\u00f3mica que asfixia a las familias bolivianas. Esta estrategia no es nueva ni original. Reg\u00edmenes como el de Stalin, con su NKVD (Polic\u00eda pol\u00edtica y secreta) que desaparec\u00eda opositores en la noche; el de Hitler, con la Gestapo que aplastaba cualquier atisbo de resistencia; o el de Castro, con sus comit\u00e9s de defensa que vigilaban y delataban a los \u00abcontrarrevolucionarios\u00bb, han demostrado c\u00f3mo el poder se perpet\u00faa a trav\u00e9s del miedo. En nuestra regi\u00f3n, los ecos de Cuba y Venezuela resuenan con claridad: detenciones arbitrarias, exilios forzados y un sistema judicial convertido en brazo ejecutor del gobierno. \u00bfAlguien pens\u00f3 que el MAS, ante la posibilidad de perder el control, se quedar\u00eda de brazos cruzados? Lo dije varias veces, \u00abel diablo nunca duerme\u00bb.<\/p>\n\n\n\n<p>Mientras tanto, el pa\u00eds sigue atrapado en un c\u00edrculo vicioso. El padr\u00f3n electoral permanece sin auditor\u00eda, el Tribunal Supremo Electoral opera bajo sospecha, y las fuerzas de seguridad parecen leales solo al gobierno, no al pueblo. Los bolivianos, distra\u00eddos por titulares de persecuci\u00f3n y nuevas detenciones, apenas tienen tiempo de exigir transparencia o soluciones a la debacle econ\u00f3mica. Sin embargo, en medio de esta oscuridad, surge una reflexi\u00f3n: la desuni\u00f3n de la oposici\u00f3n, que tanto hemos criticado, podr\u00eda ser una bendici\u00f3n disfrazada. Con m\u00faltiples candidatos en la contienda, el oficialismo tendr\u00e1 m\u00e1s dif\u00edcil perseguir a todos. Claro que esto tambi\u00e9n juega a favor del MAS, que apuesta por fragmentar el voto para mantenerse en el poder. No podemos rendirnos.<\/p>\n\n\n\n<p>La historia nos ense\u00f1a que los reg\u00edmenes autoritarios prosperan cuando la sociedad calla. Recordando las ideas de Friedrich Hayek en Camino de servidumbre, la transici\u00f3n de un gobierno socialista a una dictadura puede ser tan sutil que apenas se percibe. Uno llega al poder por las urnas, el otro por la fuerza, pero ambos comparten el mismo desprecio por la libertad.<\/p>\n\n\n\n<p>Bolivia est\u00e1 en una encrucijada, y depende de nosotros, los ciudadanos, despertar y alzar la voz por la democracia que Bolivia merece.<\/p>\n","protected":false},"excerpt":{"rendered":"<p>Por Mauricio Fuentelsaz Oviedo Bolivia despierta nuevamente bajo la sombra de la persecuci\u00f3n pol\u00edtica. La detenci\u00f3n del abogado Jorge Valda, un incansable defensor de los derechos humanos, acusado de estar vinculado al supuesto \u00abgolpe de Estado\u00bb del general Z\u00fa\u00f1iga, es solo la punta del iceberg. En la lista de se\u00f1alados tambi\u00e9n figuran Jaime Dunn, quien&#8230;<\/p>\n","protected":false},"author":2,"featured_media":4452,"comment_status":"open","ping_status":"open","sticky":false,"template":"","format":"standard","meta":{"_jetpack_memberships_contains_paid_content":false,"footnotes":"","jetpack_publicize_message":"","jetpack_publicize_feature_enabled":true,"jetpack_social_post_already_shared":true,"jetpack_social_options":{"image_generator_settings":{"template":"highway","enabled":false},"version":2}},"categories":[1,17,3],"tags":[],"class_list":["post-4453","post","type-post","status-publish","format-standard","has-post-thumbnail","hentry","category-bolivia","category-opinion","category-politica"],"jetpack_publicize_connections":[],"yoast_head":"<!-- This site is optimized with the Yoast SEO plugin v23.4 - https:\/\/yoast.com\/wordpress\/plugins\/seo\/ -->\n<title>PRESOS, EXILIADOS Y PERSEGUIDOS: \u00bfEL PLAN DEL MAS PARA 2025? - innoticiasbo.com<\/title>\n<meta name=\"robots\" content=\"index, follow, max-snippet:-1, max-image-preview:large, max-video-preview:-1\" \/>\n<link rel=\"canonical\" href=\"https:\/\/innoticiasbo.com\/index.php\/2025\/04\/11\/presos-exiliados-y-perseguidos-el-plan-del-mas-para-2025\/\" \/>\n<meta property=\"og:locale\" content=\"es_ES\" \/>\n<meta property=\"og:type\" content=\"article\" \/>\n<meta property=\"og:title\" content=\"PRESOS, EXILIADOS Y PERSEGUIDOS: \u00bfEL PLAN DEL MAS PARA 2025? - innoticiasbo.com\" \/>\n<meta property=\"og:description\" content=\"Por Mauricio Fuentelsaz Oviedo Bolivia despierta nuevamente bajo la sombra de la persecuci\u00f3n pol\u00edtica. La detenci\u00f3n del abogado Jorge Valda, un incansable defensor de los derechos humanos, acusado de estar vinculado al supuesto \u00abgolpe de Estado\u00bb del general Z\u00fa\u00f1iga, es solo la punta del iceberg. En la lista de se\u00f1alados tambi\u00e9n figuran Jaime Dunn, quien...\" \/>\n<meta property=\"og:url\" content=\"https:\/\/innoticiasbo.com\/index.php\/2025\/04\/11\/presos-exiliados-y-perseguidos-el-plan-del-mas-para-2025\/\" \/>\n<meta property=\"og:site_name\" content=\"innoticiasbo.com\" \/>\n<meta property=\"article:publisher\" content=\"https:\/\/www.facebook.com\/innoticiasbolivia\" \/>\n<meta property=\"article:published_time\" content=\"2025-04-11T20:40:25+00:00\" \/>\n<meta property=\"article:modified_time\" content=\"2025-04-11T20:40:32+00:00\" \/>\n<meta property=\"og:image\" content=\"https:\/\/i0.wp.com\/innoticiasbo.com\/wp-content\/uploads\/2025\/04\/COLUMNA-DE-OPINION-IN-NOTICIAS_20250411_163454_0000.png?fit=1080%2C1080&ssl=1\" \/>\n\t<meta property=\"og:image:width\" content=\"1080\" \/>\n\t<meta property=\"og:image:height\" content=\"1080\" \/>\n\t<meta property=\"og:image:type\" content=\"image\/png\" \/>\n<meta name=\"author\" content=\"Prensa\" \/>\n<meta name=\"twitter:card\" content=\"summary_large_image\" \/>\n<meta name=\"twitter:creator\" content=\"@innoticiasbo\" \/>\n<meta name=\"twitter:site\" content=\"@innoticiasbo\" \/>\n<meta name=\"twitter:label1\" content=\"Escrito por\" \/>\n\t<meta name=\"twitter:data1\" content=\"Prensa\" \/>\n\t<meta name=\"twitter:label2\" content=\"Tiempo de lectura\" \/>\n\t<meta name=\"twitter:data2\" content=\"4 minutos\" \/>\n<script type=\"application\/ld+json\" class=\"yoast-schema-graph\">{\"@context\":\"https:\/\/schema.org\",\"@graph\":[{\"@type\":\"Article\",\"@id\":\"https:\/\/innoticiasbo.com\/index.php\/2025\/04\/11\/presos-exiliados-y-perseguidos-el-plan-del-mas-para-2025\/#article\",\"isPartOf\":{\"@id\":\"https:\/\/innoticiasbo.com\/index.php\/2025\/04\/11\/presos-exiliados-y-perseguidos-el-plan-del-mas-para-2025\/\"},\"author\":{\"name\":\"Prensa\",\"@id\":\"https:\/\/innoticiasbo.com\/#\/schema\/person\/589cd527c4211df1b943bdad85ec07ce\"},\"headline\":\"PRESOS, EXILIADOS Y PERSEGUIDOS: \u00bfEL PLAN DEL MAS PARA 2025?\",\"datePublished\":\"2025-04-11T20:40:25+00:00\",\"dateModified\":\"2025-04-11T20:40:32+00:00\",\"mainEntityOfPage\":{\"@id\":\"https:\/\/innoticiasbo.com\/index.php\/2025\/04\/11\/presos-exiliados-y-perseguidos-el-plan-del-mas-para-2025\/\"},\"wordCount\":726,\"commentCount\":1,\"publisher\":{\"@id\":\"https:\/\/innoticiasbo.com\/#organization\"},\"image\":{\"@id\":\"https:\/\/innoticiasbo.com\/index.php\/2025\/04\/11\/presos-exiliados-y-perseguidos-el-plan-del-mas-para-2025\/#primaryimage\"},\"thumbnailUrl\":\"https:\/\/i0.wp.com\/innoticiasbo.com\/wp-content\/uploads\/2025\/04\/COLUMNA-DE-OPINION-IN-NOTICIAS_20250411_163454_0000.png?fit=1080%2C1080&ssl=1\",\"articleSection\":[\"Bolivia\",\"Opini\u00f3n\",\"Pol\u00edtica\"],\"inLanguage\":\"es\",\"potentialAction\":[{\"@type\":\"CommentAction\",\"name\":\"Comment\",\"target\":[\"https:\/\/innoticiasbo.com\/index.php\/2025\/04\/11\/presos-exiliados-y-perseguidos-el-plan-del-mas-para-2025\/#respond\"]}]},{\"@type\":\"WebPage\",\"@id\":\"https:\/\/innoticiasbo.com\/index.php\/2025\/04\/11\/presos-exiliados-y-perseguidos-el-plan-del-mas-para-2025\/\",\"url\":\"https:\/\/innoticiasbo.com\/index.php\/2025\/04\/11\/presos-exiliados-y-perseguidos-el-plan-del-mas-para-2025\/\",\"name\":\"PRESOS, EXILIADOS Y PERSEGUIDOS: \u00bfEL PLAN DEL MAS PARA 2025? - innoticiasbo.com\",\"isPartOf\":{\"@id\":\"https:\/\/innoticiasbo.com\/#website\"},\"primaryImageOfPage\":{\"@id\":\"https:\/\/innoticiasbo.com\/index.php\/2025\/04\/11\/presos-exiliados-y-perseguidos-el-plan-del-mas-para-2025\/#primaryimage\"},\"image\":{\"@id\":\"https:\/\/innoticiasbo.com\/index.php\/2025\/04\/11\/presos-exiliados-y-perseguidos-el-plan-del-mas-para-2025\/#primaryimage\"},\"thumbnailUrl\":\"https:\/\/i0.wp.com\/innoticiasbo.com\/wp-content\/uploads\/2025\/04\/COLUMNA-DE-OPINION-IN-NOTICIAS_20250411_163454_0000.png?fit=1080%2C1080&ssl=1\",\"datePublished\":\"2025-04-11T20:40:25+00:00\",\"dateModified\":\"2025-04-11T20:40:32+00:00\",\"breadcrumb\":{\"@id\":\"https:\/\/innoticiasbo.com\/index.php\/2025\/04\/11\/presos-exiliados-y-perseguidos-el-plan-del-mas-para-2025\/#breadcrumb\"},\"inLanguage\":\"es\",\"potentialAction\":[{\"@type\":\"ReadAction\",\"target\":[\"https:\/\/innoticiasbo.com\/index.php\/2025\/04\/11\/presos-exiliados-y-perseguidos-el-plan-del-mas-para-2025\/\"]}]},{\"@type\":\"ImageObject\",\"inLanguage\":\"es\",\"@id\":\"https:\/\/innoticiasbo.com\/index.php\/2025\/04\/11\/presos-exiliados-y-perseguidos-el-plan-del-mas-para-2025\/#primaryimage\",\"url\":\"https:\/\/i0.wp.com\/innoticiasbo.com\/wp-content\/uploads\/2025\/04\/COLUMNA-DE-OPINION-IN-NOTICIAS_20250411_163454_0000.png?fit=1080%2C1080&ssl=1\",\"contentUrl\":\"https:\/\/i0.wp.com\/innoticiasbo.com\/wp-content\/uploads\/2025\/04\/COLUMNA-DE-OPINION-IN-NOTICIAS_20250411_163454_0000.png?fit=1080%2C1080&ssl=1\",\"width\":1080,\"height\":1080},{\"@type\":\"BreadcrumbList\",\"@id\":\"https:\/\/innoticiasbo.com\/index.php\/2025\/04\/11\/presos-exiliados-y-perseguidos-el-plan-del-mas-para-2025\/#breadcrumb\",\"itemListElement\":[{\"@type\":\"ListItem\",\"position\":1,\"name\":\"Portada\",\"item\":\"https:\/\/innoticiasbo.com\/\"},{\"@type\":\"ListItem\",\"position\":2,\"name\":\"PRESOS, EXILIADOS Y PERSEGUIDOS: \u00bfEL PLAN DEL MAS PARA 2025?\"}]},{\"@type\":\"WebSite\",\"@id\":\"https:\/\/innoticiasbo.com\/#website\",\"url\":\"https:\/\/innoticiasbo.com\/\",\"name\":\"innoticiasbo.com\",\"description\":\"\",\"publisher\":{\"@id\":\"https:\/\/innoticiasbo.com\/#organization\"},\"potentialAction\":[{\"@type\":\"SearchAction\",\"target\":{\"@type\":\"EntryPoint\",\"urlTemplate\":\"https:\/\/innoticiasbo.com\/?s={search_term_string}\"},\"query-input\":{\"@type\":\"PropertyValueSpecification\",\"valueRequired\":true,\"valueName\":\"search_term_string\"}}],\"inLanguage\":\"es\"},{\"@type\":\"Organization\",\"@id\":\"https:\/\/innoticiasbo.com\/#organization\",\"name\":\"innoticiasbo.com\",\"url\":\"https:\/\/innoticiasbo.com\/\",\"logo\":{\"@type\":\"ImageObject\",\"inLanguage\":\"es\",\"@id\":\"https:\/\/innoticiasbo.com\/#\/schema\/logo\/image\/\",\"url\":\"https:\/\/i0.wp.com\/innoticiasbo.com\/wp-content\/uploads\/2026\/04\/cropped-IN-LOGO.png?fit=1476%2C1476&ssl=1\",\"contentUrl\":\"https:\/\/i0.wp.com\/innoticiasbo.com\/wp-content\/uploads\/2026\/04\/cropped-IN-LOGO.png?fit=1476%2C1476&ssl=1\",\"width\":1476,\"height\":1476,\"caption\":\"innoticiasbo.com\"},\"image\":{\"@id\":\"https:\/\/innoticiasbo.com\/#\/schema\/logo\/image\/\"},\"sameAs\":[\"https:\/\/www.facebook.com\/innoticiasbolivia\",\"https:\/\/x.com\/innoticiasbo\",\"https:\/\/www.instagram.com\/innoticiasbo\",\"https:\/\/www.youtube.com\/innoticiasbo\"]},{\"@type\":\"Person\",\"@id\":\"https:\/\/innoticiasbo.com\/#\/schema\/person\/589cd527c4211df1b943bdad85ec07ce\",\"name\":\"Prensa\",\"image\":{\"@type\":\"ImageObject\",\"inLanguage\":\"es\",\"@id\":\"https:\/\/innoticiasbo.com\/#\/schema\/person\/image\/\",\"url\":\"https:\/\/secure.gravatar.com\/avatar\/d359bbdf112023c1c0a3ec7fe1600657?s=96&d=mm&r=g\",\"contentUrl\":\"https:\/\/secure.gravatar.com\/avatar\/d359bbdf112023c1c0a3ec7fe1600657?s=96&d=mm&r=g\",\"caption\":\"Prensa\"},\"sameAs\":[\"http:\/\/www.innoticiasbo.com\"],\"url\":\"https:\/\/innoticiasbo.com\/index.php\/author\/prensa\/\"}]}<\/script>\n<!-- \/ Yoast SEO plugin. -->","yoast_head_json":{"title":"PRESOS, EXILIADOS Y PERSEGUIDOS: \u00bfEL PLAN DEL MAS PARA 2025? - innoticiasbo.com","robots":{"index":"index","follow":"follow","max-snippet":"max-snippet:-1","max-image-preview":"max-image-preview:large","max-video-preview":"max-video-preview:-1"},"canonical":"https:\/\/innoticiasbo.com\/index.php\/2025\/04\/11\/presos-exiliados-y-perseguidos-el-plan-del-mas-para-2025\/","og_locale":"es_ES","og_type":"article","og_title":"PRESOS, EXILIADOS Y PERSEGUIDOS: \u00bfEL PLAN DEL MAS PARA 2025? - innoticiasbo.com","og_description":"Por Mauricio Fuentelsaz Oviedo Bolivia despierta nuevamente bajo la sombra de la persecuci\u00f3n pol\u00edtica. La detenci\u00f3n del abogado Jorge Valda, un incansable defensor de los derechos humanos, acusado de estar vinculado al supuesto \u00abgolpe de Estado\u00bb del general Z\u00fa\u00f1iga, es solo la punta del iceberg. En la lista de se\u00f1alados tambi\u00e9n figuran Jaime Dunn, quien...","og_url":"https:\/\/innoticiasbo.com\/index.php\/2025\/04\/11\/presos-exiliados-y-perseguidos-el-plan-del-mas-para-2025\/","og_site_name":"innoticiasbo.com","article_publisher":"https:\/\/www.facebook.com\/innoticiasbolivia","article_published_time":"2025-04-11T20:40:25+00:00","article_modified_time":"2025-04-11T20:40:32+00:00","og_image":[{"width":1080,"height":1080,"url":"https:\/\/i0.wp.com\/innoticiasbo.com\/wp-content\/uploads\/2025\/04\/COLUMNA-DE-OPINION-IN-NOTICIAS_20250411_163454_0000.png?fit=1080%2C1080&ssl=1","type":"image\/png"}],"author":"Prensa","twitter_card":"summary_large_image","twitter_creator":"@innoticiasbo","twitter_site":"@innoticiasbo","twitter_misc":{"Escrito por":"Prensa","Tiempo de lectura":"4 minutos"},"schema":{"@context":"https:\/\/schema.org","@graph":[{"@type":"Article","@id":"https:\/\/innoticiasbo.com\/index.php\/2025\/04\/11\/presos-exiliados-y-perseguidos-el-plan-del-mas-para-2025\/#article","isPartOf":{"@id":"https:\/\/innoticiasbo.com\/index.php\/2025\/04\/11\/presos-exiliados-y-perseguidos-el-plan-del-mas-para-2025\/"},"author":{"name":"Prensa","@id":"https:\/\/innoticiasbo.com\/#\/schema\/person\/589cd527c4211df1b943bdad85ec07ce"},"headline":"PRESOS, EXILIADOS Y PERSEGUIDOS: \u00bfEL PLAN DEL MAS PARA 2025?","datePublished":"2025-04-11T20:40:25+00:00","dateModified":"2025-04-11T20:40:32+00:00","mainEntityOfPage":{"@id":"https:\/\/innoticiasbo.com\/index.php\/2025\/04\/11\/presos-exiliados-y-perseguidos-el-plan-del-mas-para-2025\/"},"wordCount":726,"commentCount":1,"publisher":{"@id":"https:\/\/innoticiasbo.com\/#organization"},"image":{"@id":"https:\/\/innoticiasbo.com\/index.php\/2025\/04\/11\/presos-exiliados-y-perseguidos-el-plan-del-mas-para-2025\/#primaryimage"},"thumbnailUrl":"https:\/\/i0.wp.com\/innoticiasbo.com\/wp-content\/uploads\/2025\/04\/COLUMNA-DE-OPINION-IN-NOTICIAS_20250411_163454_0000.png?fit=1080%2C1080&ssl=1","articleSection":["Bolivia","Opini\u00f3n","Pol\u00edtica"],"inLanguage":"es","potentialAction":[{"@type":"CommentAction","name":"Comment","target":["https:\/\/innoticiasbo.com\/index.php\/2025\/04\/11\/presos-exiliados-y-perseguidos-el-plan-del-mas-para-2025\/#respond"]}]},{"@type":"WebPage","@id":"https:\/\/innoticiasbo.com\/index.php\/2025\/04\/11\/presos-exiliados-y-perseguidos-el-plan-del-mas-para-2025\/","url":"https:\/\/innoticiasbo.com\/index.php\/2025\/04\/11\/presos-exiliados-y-perseguidos-el-plan-del-mas-para-2025\/","name":"PRESOS, EXILIADOS Y PERSEGUIDOS: \u00bfEL PLAN DEL MAS PARA 2025? - innoticiasbo.com","isPartOf":{"@id":"https:\/\/innoticiasbo.com\/#website"},"primaryImageOfPage":{"@id":"https:\/\/innoticiasbo.com\/index.php\/2025\/04\/11\/presos-exiliados-y-perseguidos-el-plan-del-mas-para-2025\/#primaryimage"},"image":{"@id":"https:\/\/innoticiasbo.com\/index.php\/2025\/04\/11\/presos-exiliados-y-perseguidos-el-plan-del-mas-para-2025\/#primaryimage"},"thumbnailUrl":"https:\/\/i0.wp.com\/innoticiasbo.com\/wp-content\/uploads\/2025\/04\/COLUMNA-DE-OPINION-IN-NOTICIAS_20250411_163454_0000.png?fit=1080%2C1080&ssl=1","datePublished":"2025-04-11T20:40:25+00:00","dateModified":"2025-04-11T20:40:32+00:00","breadcrumb":{"@id":"https:\/\/innoticiasbo.com\/index.php\/2025\/04\/11\/presos-exiliados-y-perseguidos-el-plan-del-mas-para-2025\/#breadcrumb"},"inLanguage":"es","potentialAction":[{"@type":"ReadAction","target":["https:\/\/innoticiasbo.com\/index.php\/2025\/04\/11\/presos-exiliados-y-perseguidos-el-plan-del-mas-para-2025\/"]}]},{"@type":"ImageObject","inLanguage":"es","@id":"https:\/\/innoticiasbo.com\/index.php\/2025\/04\/11\/presos-exiliados-y-perseguidos-el-plan-del-mas-para-2025\/#primaryimage","url":"https:\/\/i0.wp.com\/innoticiasbo.com\/wp-content\/uploads\/2025\/04\/COLUMNA-DE-OPINION-IN-NOTICIAS_20250411_163454_0000.png?fit=1080%2C1080&ssl=1","contentUrl":"https:\/\/i0.wp.com\/innoticiasbo.com\/wp-content\/uploads\/2025\/04\/COLUMNA-DE-OPINION-IN-NOTICIAS_20250411_163454_0000.png?fit=1080%2C1080&ssl=1","width":1080,"height":1080},{"@type":"BreadcrumbList","@id":"https:\/\/innoticiasbo.com\/index.php\/2025\/04\/11\/presos-exiliados-y-perseguidos-el-plan-del-mas-para-2025\/#breadcrumb","itemListElement":[{"@type":"ListItem","position":1,"name":"Portada","item":"https:\/\/innoticiasbo.com\/"},{"@type":"ListItem","position":2,"name":"PRESOS, EXILIADOS Y PERSEGUIDOS: \u00bfEL PLAN DEL MAS PARA 2025?"}]},{"@type":"WebSite","@id":"https:\/\/innoticiasbo.com\/#website","url":"https:\/\/innoticiasbo.com\/","name":"innoticiasbo.com","description":"","publisher":{"@id":"https:\/\/innoticiasbo.com\/#organization"},"potentialAction":[{"@type":"SearchAction","target":{"@type":"EntryPoint","urlTemplate":"https:\/\/innoticiasbo.com\/?s={search_term_string}"},"query-input":{"@type":"PropertyValueSpecification","valueRequired":true,"valueName":"search_term_string"}}],"inLanguage":"es"},{"@type":"Organization","@id":"https:\/\/innoticiasbo.com\/#organization","name":"innoticiasbo.com","url":"https:\/\/innoticiasbo.com\/","logo":{"@type":"ImageObject","inLanguage":"es","@id":"https:\/\/innoticiasbo.com\/#\/schema\/logo\/image\/","url":"https:\/\/i0.wp.com\/innoticiasbo.com\/wp-content\/uploads\/2026\/04\/cropped-IN-LOGO.png?fit=1476%2C1476&ssl=1","contentUrl":"https:\/\/i0.wp.com\/innoticiasbo.com\/wp-content\/uploads\/2026\/04\/cropped-IN-LOGO.png?fit=1476%2C1476&ssl=1","width":1476,"height":1476,"caption":"innoticiasbo.com"},"image":{"@id":"https:\/\/innoticiasbo.com\/#\/schema\/logo\/image\/"},"sameAs":["https:\/\/www.facebook.com\/innoticiasbolivia","https:\/\/x.com\/innoticiasbo","https:\/\/www.instagram.com\/innoticiasbo","https:\/\/www.youtube.com\/innoticiasbo"]},{"@type":"Person","@id":"https:\/\/innoticiasbo.com\/#\/schema\/person\/589cd527c4211df1b943bdad85ec07ce","name":"Prensa","image":{"@type":"ImageObject","inLanguage":"es","@id":"https:\/\/innoticiasbo.com\/#\/schema\/person\/image\/","url":"https:\/\/secure.gravatar.com\/avatar\/d359bbdf112023c1c0a3ec7fe1600657?s=96&d=mm&r=g","contentUrl":"https:\/\/secure.gravatar.com\/avatar\/d359bbdf112023c1c0a3ec7fe1600657?s=96&d=mm&r=g","caption":"Prensa"},"sameAs":["http:\/\/www.innoticiasbo.com"],"url":"https:\/\/innoticiasbo.com\/index.php\/author\/prensa\/"}]}},"jetpack_featured_media_url":"https:\/\/i0.wp.com\/innoticiasbo.com\/wp-content\/uploads\/2025\/04\/COLUMNA-DE-OPINION-IN-NOTICIAS_20250411_163454_0000.png?fit=1080%2C1080&ssl=1","jetpack_likes_enabled":true,"jetpack_sharing_enabled":true,"jetpack_shortlink":"https:\/\/wp.me\/pg298x-19P","_links":{"self":[{"href":"https:\/\/innoticiasbo.com\/index.php\/wp-json\/wp\/v2\/posts\/4453","targetHints":{"allow":["GET"]}}],"collection":[{"href":"https:\/\/innoticiasbo.com\/index.php\/wp-json\/wp\/v2\/posts"}],"about":[{"href":"https:\/\/innoticiasbo.com\/index.php\/wp-json\/wp\/v2\/types\/post"}],"author":[{"embeddable":true,"href":"https:\/\/innoticiasbo.com\/index.php\/wp-json\/wp\/v2\/users\/2"}],"replies":[{"embeddable":true,"href":"https:\/\/innoticiasbo.com\/index.php\/wp-json\/wp\/v2\/comments?post=4453"}],"version-history":[{"count":1,"href":"https:\/\/innoticiasbo.com\/index.php\/wp-json\/wp\/v2\/posts\/4453\/revisions"}],"predecessor-version":[{"id":4454,"href":"https:\/\/innoticiasbo.com\/index.php\/wp-json\/wp\/v2\/posts\/4453\/revisions\/4454"}],"wp:featuredmedia":[{"embeddable":true,"href":"https:\/\/innoticiasbo.com\/index.php\/wp-json\/wp\/v2\/media\/4452"}],"wp:attachment":[{"href":"https:\/\/innoticiasbo.com\/index.php\/wp-json\/wp\/v2\/media?parent=4453"}],"wp:term":[{"taxonomy":"category","embeddable":true,"href":"https:\/\/innoticiasbo.com\/index.php\/wp-json\/wp\/v2\/categories?post=4453"},{"taxonomy":"post_tag","embeddable":true,"href":"https:\/\/innoticiasbo.com\/index.php\/wp-json\/wp\/v2\/tags?post=4453"}],"curies":[{"name":"wp","href":"https:\/\/api.w.org\/{rel}","templated":true}]}}