{"id":4424,"date":"2025-04-04T13:59:59","date_gmt":"2025-04-04T17:59:59","guid":{"rendered":"https:\/\/innoticiasbo.com\/?p=4424"},"modified":"2025-04-04T13:59:59","modified_gmt":"2025-04-04T17:59:59","slug":"jeanine-anez-enfrentara-juicio-de-responsabilidades-como-expresidenta","status":"publish","type":"post","link":"https:\/\/innoticiasbo.com\/index.php\/2025\/04\/04\/jeanine-anez-enfrentara-juicio-de-responsabilidades-como-expresidenta\/","title":{"rendered":"JEANINE A\u00d1EZ ENFRENTAR\u00c1 JUICIO DE RESPONSABILIDADES COMO EXPRESIDENTA&nbsp;"},"content":{"rendered":"\n<p class=\"p1\">La Paz, 4 de abril, 2025.- Un tribunal de La Paz anul\u00f3 hoy el proceso penal contra Jeanine A\u00f1ez y autoriz\u00f3 un juicio de responsabilidades contra la expresidenta de Bolivia, en el caso EBA.<\/p>\n\n\n\n<p class=\"p1\">El abogado de Jeanine A\u00f1ez inform\u00f3 que un tribunal anul\u00f3 el proceso penal por el caso de la Empresa Boliviana de Alimentos (EBA), por lo que su defendida afrontar\u00eda un juicio de responsabilidades en su calidad de expresidenta del pa\u00eds.<\/p>\n\n\n\n<p class=\"p1\">Esta determinaci\u00f3n, constitute un antecedente para que loan otros procesos de A\u00f1ez sean reencausados, seg\u00fan su defensa.<\/p>\n\n\n\n<p class=\"p1\">#urgente #bolivia #jeaninea\u00f1ez #juicio #innoticias<\/p>\n\n\n\n<p><\/p>\n","protected":false},"excerpt":{"rendered":"<p>La Paz, 4 de abril, 2025.- Un tribunal de La Paz anul\u00f3 hoy el proceso penal contra Jeanine A\u00f1ez y autoriz\u00f3 un juicio de responsabilidades contra la expresidenta de Bolivia, en el caso EBA. El abogado de Jeanine A\u00f1ez inform\u00f3 que un tribunal anul\u00f3 el proceso penal por el caso de la Empresa Boliviana de&#8230;<\/p>\n","protected":false},"author":6,"featured_media":4423,"comment_status":"closed","ping_status":"open","sticky":false,"template":"","format":"standard","meta":{"_jetpack_memberships_contains_paid_content":false,"footnotes":"","jetpack_publicize_message":"","jetpack_publicize_feature_enabled":true,"jetpack_social_post_already_shared":true,"jetpack_social_options":{"image_generator_settings":{"template":"highway","enabled":false},"version":2}},"categories":[1],"tags":[],"class_list":["post-4424","post","type-post","status-publish","format-standard","has-post-thumbnail","hentry","category-bolivia"],"jetpack_publicize_connections":[],"yoast_head":"<!-- This site is optimized with the Yoast SEO plugin v23.4 - https:\/\/yoast.com\/wordpress\/plugins\/seo\/ -->\n<title>JEANINE A\u00d1EZ ENFRENTAR\u00c1 JUICIO DE RESPONSABILIDADES COMO EXPRESIDENTA&nbsp; - innoticiasbo.com<\/title>\n<meta name=\"robots\" content=\"index, follow, max-snippet:-1, max-image-preview:large, max-video-preview:-1\" \/>\n<link rel=\"canonical\" href=\"https:\/\/innoticiasbo.com\/index.php\/2025\/04\/04\/jeanine-anez-enfrentara-juicio-de-responsabilidades-como-expresidenta\/\" \/>\n<meta property=\"og:locale\" content=\"es_ES\" \/>\n<meta property=\"og:type\" content=\"article\" \/>\n<meta property=\"og:title\" content=\"JEANINE A\u00d1EZ ENFRENTAR\u00c1 JUICIO DE RESPONSABILIDADES COMO EXPRESIDENTA&nbsp; - innoticiasbo.com\" \/>\n<meta property=\"og:description\" content=\"La Paz, 4 de abril, 2025.- Un tribunal de La Paz anul\u00f3 hoy el proceso penal contra Jeanine A\u00f1ez y autoriz\u00f3 un juicio de responsabilidades contra la expresidenta de Bolivia, en el caso EBA. El abogado de Jeanine A\u00f1ez inform\u00f3 que un tribunal anul\u00f3 el proceso penal por el caso de la Empresa Boliviana de...\" \/>\n<meta property=\"og:url\" content=\"https:\/\/innoticiasbo.com\/index.php\/2025\/04\/04\/jeanine-anez-enfrentara-juicio-de-responsabilidades-como-expresidenta\/\" \/>\n<meta property=\"og:site_name\" content=\"innoticiasbo.com\" \/>\n<meta property=\"article:publisher\" content=\"https:\/\/www.facebook.com\/innoticiasbolivia\" \/>\n<meta property=\"article:published_time\" content=\"2025-04-04T17:59:59+00:00\" \/>\n<meta property=\"og:image\" content=\"https:\/\/i0.wp.com\/innoticiasbo.com\/wp-content\/uploads\/2025\/04\/img_2981-2-1.jpg?fit=960%2C640&ssl=1\" \/>\n\t<meta property=\"og:image:width\" content=\"960\" \/>\n\t<meta property=\"og:image:height\" content=\"640\" \/>\n\t<meta property=\"og:image:type\" content=\"image\/jpeg\" \/>\n<meta name=\"author\" content=\"Eliza Riva\" \/>\n<meta name=\"twitter:card\" content=\"summary_large_image\" \/>\n<meta name=\"twitter:creator\" content=\"@innoticiasbo\" \/>\n<meta name=\"twitter:site\" content=\"@innoticiasbo\" \/>\n<meta name=\"twitter:label1\" content=\"Escrito por\" \/>\n\t<meta name=\"twitter:data1\" content=\"Eliza Riva\" \/>\n\t<meta name=\"twitter:label2\" content=\"Tiempo de lectura\" \/>\n\t<meta name=\"twitter:data2\" content=\"1 minuto\" \/>\n<script type=\"application\/ld+json\" class=\"yoast-schema-graph\">{\"@context\":\"https:\/\/schema.org\",\"@graph\":[{\"@type\":\"Article\",\"@id\":\"https:\/\/innoticiasbo.com\/index.php\/2025\/04\/04\/jeanine-anez-enfrentara-juicio-de-responsabilidades-como-expresidenta\/#article\",\"isPartOf\":{\"@id\":\"https:\/\/innoticiasbo.com\/index.php\/2025\/04\/04\/jeanine-anez-enfrentara-juicio-de-responsabilidades-como-expresidenta\/\"},\"author\":{\"name\":\"Eliza Riva\",\"@id\":\"https:\/\/innoticiasbo.com\/#\/schema\/person\/8c935b6b11c0223d8f77dc01fc948202\"},\"headline\":\"JEANINE A\u00d1EZ ENFRENTAR\u00c1 JUICIO DE RESPONSABILIDADES COMO EXPRESIDENTA&nbsp;\",\"datePublished\":\"2025-04-04T17:59:59+00:00\",\"dateModified\":\"2025-04-04T17:59:59+00:00\",\"mainEntityOfPage\":{\"@id\":\"https:\/\/innoticiasbo.com\/index.php\/2025\/04\/04\/jeanine-anez-enfrentara-juicio-de-responsabilidades-como-expresidenta\/\"},\"wordCount\":113,\"publisher\":{\"@id\":\"https:\/\/innoticiasbo.com\/#organization\"},\"image\":{\"@id\":\"https:\/\/innoticiasbo.com\/index.php\/2025\/04\/04\/jeanine-anez-enfrentara-juicio-de-responsabilidades-como-expresidenta\/#primaryimage\"},\"thumbnailUrl\":\"https:\/\/i0.wp.com\/innoticiasbo.com\/wp-content\/uploads\/2025\/04\/img_2981-2-1.jpg?fit=960%2C640&ssl=1\",\"articleSection\":[\"Bolivia\"],\"inLanguage\":\"es\"},{\"@type\":\"WebPage\",\"@id\":\"https:\/\/innoticiasbo.com\/index.php\/2025\/04\/04\/jeanine-anez-enfrentara-juicio-de-responsabilidades-como-expresidenta\/\",\"url\":\"https:\/\/innoticiasbo.com\/index.php\/2025\/04\/04\/jeanine-anez-enfrentara-juicio-de-responsabilidades-como-expresidenta\/\",\"name\":\"JEANINE A\u00d1EZ ENFRENTAR\u00c1 JUICIO DE RESPONSABILIDADES COMO EXPRESIDENTA&nbsp; - innoticiasbo.com\",\"isPartOf\":{\"@id\":\"https:\/\/innoticiasbo.com\/#website\"},\"primaryImageOfPage\":{\"@id\":\"https:\/\/innoticiasbo.com\/index.php\/2025\/04\/04\/jeanine-anez-enfrentara-juicio-de-responsabilidades-como-expresidenta\/#primaryimage\"},\"image\":{\"@id\":\"https:\/\/innoticiasbo.com\/index.php\/2025\/04\/04\/jeanine-anez-enfrentara-juicio-de-responsabilidades-como-expresidenta\/#primaryimage\"},\"thumbnailUrl\":\"https:\/\/i0.wp.com\/innoticiasbo.com\/wp-content\/uploads\/2025\/04\/img_2981-2-1.jpg?fit=960%2C640&ssl=1\",\"datePublished\":\"2025-04-04T17:59:59+00:00\",\"dateModified\":\"2025-04-04T17:59:59+00:00\",\"breadcrumb\":{\"@id\":\"https:\/\/innoticiasbo.com\/index.php\/2025\/04\/04\/jeanine-anez-enfrentara-juicio-de-responsabilidades-como-expresidenta\/#breadcrumb\"},\"inLanguage\":\"es\",\"potentialAction\":[{\"@type\":\"ReadAction\",\"target\":[\"https:\/\/innoticiasbo.com\/index.php\/2025\/04\/04\/jeanine-anez-enfrentara-juicio-de-responsabilidades-como-expresidenta\/\"]}]},{\"@type\":\"ImageObject\",\"inLanguage\":\"es\",\"@id\":\"https:\/\/innoticiasbo.com\/index.php\/2025\/04\/04\/jeanine-anez-enfrentara-juicio-de-responsabilidades-como-expresidenta\/#primaryimage\",\"url\":\"https:\/\/i0.wp.com\/innoticiasbo.com\/wp-content\/uploads\/2025\/04\/img_2981-2-1.jpg?fit=960%2C640&ssl=1\",\"contentUrl\":\"https:\/\/i0.wp.com\/innoticiasbo.com\/wp-content\/uploads\/2025\/04\/img_2981-2-1.jpg?fit=960%2C640&ssl=1\",\"width\":960,\"height\":640},{\"@type\":\"BreadcrumbList\",\"@id\":\"https:\/\/innoticiasbo.com\/index.php\/2025\/04\/04\/jeanine-anez-enfrentara-juicio-de-responsabilidades-como-expresidenta\/#breadcrumb\",\"itemListElement\":[{\"@type\":\"ListItem\",\"position\":1,\"name\":\"Portada\",\"item\":\"https:\/\/innoticiasbo.com\/\"},{\"@type\":\"ListItem\",\"position\":2,\"name\":\"JEANINE A\u00d1EZ ENFRENTAR\u00c1 JUICIO DE RESPONSABILIDADES COMO EXPRESIDENTA&nbsp;\"}]},{\"@type\":\"WebSite\",\"@id\":\"https:\/\/innoticiasbo.com\/#website\",\"url\":\"https:\/\/innoticiasbo.com\/\",\"name\":\"innoticiasbo.com\",\"description\":\"\",\"publisher\":{\"@id\":\"https:\/\/innoticiasbo.com\/#organization\"},\"potentialAction\":[{\"@type\":\"SearchAction\",\"target\":{\"@type\":\"EntryPoint\",\"urlTemplate\":\"https:\/\/innoticiasbo.com\/?s={search_term_string}\"},\"query-input\":{\"@type\":\"PropertyValueSpecification\",\"valueRequired\":true,\"valueName\":\"search_term_string\"}}],\"inLanguage\":\"es\"},{\"@type\":\"Organization\",\"@id\":\"https:\/\/innoticiasbo.com\/#organization\",\"name\":\"innoticiasbo.com\",\"url\":\"https:\/\/innoticiasbo.com\/\",\"logo\":{\"@type\":\"ImageObject\",\"inLanguage\":\"es\",\"@id\":\"https:\/\/innoticiasbo.com\/#\/schema\/logo\/image\/\",\"url\":\"https:\/\/i0.wp.com\/innoticiasbo.com\/wp-content\/uploads\/2026\/04\/cropped-IN-LOGO.png?fit=1476%2C1476&ssl=1\",\"contentUrl\":\"https:\/\/i0.wp.com\/innoticiasbo.com\/wp-content\/uploads\/2026\/04\/cropped-IN-LOGO.png?fit=1476%2C1476&ssl=1\",\"width\":1476,\"height\":1476,\"caption\":\"innoticiasbo.com\"},\"image\":{\"@id\":\"https:\/\/innoticiasbo.com\/#\/schema\/logo\/image\/\"},\"sameAs\":[\"https:\/\/www.facebook.com\/innoticiasbolivia\",\"https:\/\/x.com\/innoticiasbo\",\"https:\/\/www.instagram.com\/innoticiasbo\",\"https:\/\/www.youtube.com\/innoticiasbo\"]},{\"@type\":\"Person\",\"@id\":\"https:\/\/innoticiasbo.com\/#\/schema\/person\/8c935b6b11c0223d8f77dc01fc948202\",\"name\":\"Eliza Riva\",\"image\":{\"@type\":\"ImageObject\",\"inLanguage\":\"es\",\"@id\":\"https:\/\/innoticiasbo.com\/#\/schema\/person\/image\/\",\"url\":\"https:\/\/secure.gravatar.com\/avatar\/fdc172c2af344133d19e57e4b7acdee4?s=96&d=mm&r=g\",\"contentUrl\":\"https:\/\/secure.gravatar.com\/avatar\/fdc172c2af344133d19e57e4b7acdee4?s=96&d=mm&r=g\",\"caption\":\"Eliza Riva\"},\"sameAs\":[\"http:\/\/www.innoticiasbo.com\"],\"url\":\"https:\/\/innoticiasbo.com\/index.php\/author\/prensa-4\/\"}]}<\/script>\n<!-- \/ Yoast SEO plugin. -->","yoast_head_json":{"title":"JEANINE A\u00d1EZ ENFRENTAR\u00c1 JUICIO DE RESPONSABILIDADES COMO EXPRESIDENTA&nbsp; - innoticiasbo.com","robots":{"index":"index","follow":"follow","max-snippet":"max-snippet:-1","max-image-preview":"max-image-preview:large","max-video-preview":"max-video-preview:-1"},"canonical":"https:\/\/innoticiasbo.com\/index.php\/2025\/04\/04\/jeanine-anez-enfrentara-juicio-de-responsabilidades-como-expresidenta\/","og_locale":"es_ES","og_type":"article","og_title":"JEANINE A\u00d1EZ ENFRENTAR\u00c1 JUICIO DE RESPONSABILIDADES COMO EXPRESIDENTA&nbsp; - innoticiasbo.com","og_description":"La Paz, 4 de abril, 2025.- Un tribunal de La Paz anul\u00f3 hoy el proceso penal contra Jeanine A\u00f1ez y autoriz\u00f3 un juicio de responsabilidades contra la expresidenta de Bolivia, en el caso EBA. El abogado de Jeanine A\u00f1ez inform\u00f3 que un tribunal anul\u00f3 el proceso penal por el caso de la Empresa Boliviana de...","og_url":"https:\/\/innoticiasbo.com\/index.php\/2025\/04\/04\/jeanine-anez-enfrentara-juicio-de-responsabilidades-como-expresidenta\/","og_site_name":"innoticiasbo.com","article_publisher":"https:\/\/www.facebook.com\/innoticiasbolivia","article_published_time":"2025-04-04T17:59:59+00:00","og_image":[{"width":960,"height":640,"url":"https:\/\/i0.wp.com\/innoticiasbo.com\/wp-content\/uploads\/2025\/04\/img_2981-2-1.jpg?fit=960%2C640&ssl=1","type":"image\/jpeg"}],"author":"Eliza Riva","twitter_card":"summary_large_image","twitter_creator":"@innoticiasbo","twitter_site":"@innoticiasbo","twitter_misc":{"Escrito por":"Eliza Riva","Tiempo de lectura":"1 minuto"},"schema":{"@context":"https:\/\/schema.org","@graph":[{"@type":"Article","@id":"https:\/\/innoticiasbo.com\/index.php\/2025\/04\/04\/jeanine-anez-enfrentara-juicio-de-responsabilidades-como-expresidenta\/#article","isPartOf":{"@id":"https:\/\/innoticiasbo.com\/index.php\/2025\/04\/04\/jeanine-anez-enfrentara-juicio-de-responsabilidades-como-expresidenta\/"},"author":{"name":"Eliza Riva","@id":"https:\/\/innoticiasbo.com\/#\/schema\/person\/8c935b6b11c0223d8f77dc01fc948202"},"headline":"JEANINE A\u00d1EZ ENFRENTAR\u00c1 JUICIO DE RESPONSABILIDADES COMO EXPRESIDENTA&nbsp;","datePublished":"2025-04-04T17:59:59+00:00","dateModified":"2025-04-04T17:59:59+00:00","mainEntityOfPage":{"@id":"https:\/\/innoticiasbo.com\/index.php\/2025\/04\/04\/jeanine-anez-enfrentara-juicio-de-responsabilidades-como-expresidenta\/"},"wordCount":113,"publisher":{"@id":"https:\/\/innoticiasbo.com\/#organization"},"image":{"@id":"https:\/\/innoticiasbo.com\/index.php\/2025\/04\/04\/jeanine-anez-enfrentara-juicio-de-responsabilidades-como-expresidenta\/#primaryimage"},"thumbnailUrl":"https:\/\/i0.wp.com\/innoticiasbo.com\/wp-content\/uploads\/2025\/04\/img_2981-2-1.jpg?fit=960%2C640&ssl=1","articleSection":["Bolivia"],"inLanguage":"es"},{"@type":"WebPage","@id":"https:\/\/innoticiasbo.com\/index.php\/2025\/04\/04\/jeanine-anez-enfrentara-juicio-de-responsabilidades-como-expresidenta\/","url":"https:\/\/innoticiasbo.com\/index.php\/2025\/04\/04\/jeanine-anez-enfrentara-juicio-de-responsabilidades-como-expresidenta\/","name":"JEANINE A\u00d1EZ ENFRENTAR\u00c1 JUICIO DE RESPONSABILIDADES COMO EXPRESIDENTA&nbsp; - innoticiasbo.com","isPartOf":{"@id":"https:\/\/innoticiasbo.com\/#website"},"primaryImageOfPage":{"@id":"https:\/\/innoticiasbo.com\/index.php\/2025\/04\/04\/jeanine-anez-enfrentara-juicio-de-responsabilidades-como-expresidenta\/#primaryimage"},"image":{"@id":"https:\/\/innoticiasbo.com\/index.php\/2025\/04\/04\/jeanine-anez-enfrentara-juicio-de-responsabilidades-como-expresidenta\/#primaryimage"},"thumbnailUrl":"https:\/\/i0.wp.com\/innoticiasbo.com\/wp-content\/uploads\/2025\/04\/img_2981-2-1.jpg?fit=960%2C640&ssl=1","datePublished":"2025-04-04T17:59:59+00:00","dateModified":"2025-04-04T17:59:59+00:00","breadcrumb":{"@id":"https:\/\/innoticiasbo.com\/index.php\/2025\/04\/04\/jeanine-anez-enfrentara-juicio-de-responsabilidades-como-expresidenta\/#breadcrumb"},"inLanguage":"es","potentialAction":[{"@type":"ReadAction","target":["https:\/\/innoticiasbo.com\/index.php\/2025\/04\/04\/jeanine-anez-enfrentara-juicio-de-responsabilidades-como-expresidenta\/"]}]},{"@type":"ImageObject","inLanguage":"es","@id":"https:\/\/innoticiasbo.com\/index.php\/2025\/04\/04\/jeanine-anez-enfrentara-juicio-de-responsabilidades-como-expresidenta\/#primaryimage","url":"https:\/\/i0.wp.com\/innoticiasbo.com\/wp-content\/uploads\/2025\/04\/img_2981-2-1.jpg?fit=960%2C640&ssl=1","contentUrl":"https:\/\/i0.wp.com\/innoticiasbo.com\/wp-content\/uploads\/2025\/04\/img_2981-2-1.jpg?fit=960%2C640&ssl=1","width":960,"height":640},{"@type":"BreadcrumbList","@id":"https:\/\/innoticiasbo.com\/index.php\/2025\/04\/04\/jeanine-anez-enfrentara-juicio-de-responsabilidades-como-expresidenta\/#breadcrumb","itemListElement":[{"@type":"ListItem","position":1,"name":"Portada","item":"https:\/\/innoticiasbo.com\/"},{"@type":"ListItem","position":2,"name":"JEANINE A\u00d1EZ ENFRENTAR\u00c1 JUICIO DE RESPONSABILIDADES COMO EXPRESIDENTA&nbsp;"}]},{"@type":"WebSite","@id":"https:\/\/innoticiasbo.com\/#website","url":"https:\/\/innoticiasbo.com\/","name":"innoticiasbo.com","description":"","publisher":{"@id":"https:\/\/innoticiasbo.com\/#organization"},"potentialAction":[{"@type":"SearchAction","target":{"@type":"EntryPoint","urlTemplate":"https:\/\/innoticiasbo.com\/?s={search_term_string}"},"query-input":{"@type":"PropertyValueSpecification","valueRequired":true,"valueName":"search_term_string"}}],"inLanguage":"es"},{"@type":"Organization","@id":"https:\/\/innoticiasbo.com\/#organization","name":"innoticiasbo.com","url":"https:\/\/innoticiasbo.com\/","logo":{"@type":"ImageObject","inLanguage":"es","@id":"https:\/\/innoticiasbo.com\/#\/schema\/logo\/image\/","url":"https:\/\/i0.wp.com\/innoticiasbo.com\/wp-content\/uploads\/2026\/04\/cropped-IN-LOGO.png?fit=1476%2C1476&ssl=1","contentUrl":"https:\/\/i0.wp.com\/innoticiasbo.com\/wp-content\/uploads\/2026\/04\/cropped-IN-LOGO.png?fit=1476%2C1476&ssl=1","width":1476,"height":1476,"caption":"innoticiasbo.com"},"image":{"@id":"https:\/\/innoticiasbo.com\/#\/schema\/logo\/image\/"},"sameAs":["https:\/\/www.facebook.com\/innoticiasbolivia","https:\/\/x.com\/innoticiasbo","https:\/\/www.instagram.com\/innoticiasbo","https:\/\/www.youtube.com\/innoticiasbo"]},{"@type":"Person","@id":"https:\/\/innoticiasbo.com\/#\/schema\/person\/8c935b6b11c0223d8f77dc01fc948202","name":"Eliza Riva","image":{"@type":"ImageObject","inLanguage":"es","@id":"https:\/\/innoticiasbo.com\/#\/schema\/person\/image\/","url":"https:\/\/secure.gravatar.com\/avatar\/fdc172c2af344133d19e57e4b7acdee4?s=96&d=mm&r=g","contentUrl":"https:\/\/secure.gravatar.com\/avatar\/fdc172c2af344133d19e57e4b7acdee4?s=96&d=mm&r=g","caption":"Eliza Riva"},"sameAs":["http:\/\/www.innoticiasbo.com"],"url":"https:\/\/innoticiasbo.com\/index.php\/author\/prensa-4\/"}]}},"jetpack_featured_media_url":"https:\/\/i0.wp.com\/innoticiasbo.com\/wp-content\/uploads\/2025\/04\/img_2981-2-1.jpg?fit=960%2C640&ssl=1","jetpack_likes_enabled":true,"jetpack_sharing_enabled":true,"jetpack_shortlink":"https:\/\/wp.me\/pg298x-19m","_links":{"self":[{"href":"https:\/\/innoticiasbo.com\/index.php\/wp-json\/wp\/v2\/posts\/4424","targetHints":{"allow":["GET"]}}],"collection":[{"href":"https:\/\/innoticiasbo.com\/index.php\/wp-json\/wp\/v2\/posts"}],"about":[{"href":"https:\/\/innoticiasbo.com\/index.php\/wp-json\/wp\/v2\/types\/post"}],"author":[{"embeddable":true,"href":"https:\/\/innoticiasbo.com\/index.php\/wp-json\/wp\/v2\/users\/6"}],"replies":[{"embeddable":true,"href":"https:\/\/innoticiasbo.com\/index.php\/wp-json\/wp\/v2\/comments?post=4424"}],"version-history":[{"count":1,"href":"https:\/\/innoticiasbo.com\/index.php\/wp-json\/wp\/v2\/posts\/4424\/revisions"}],"predecessor-version":[{"id":4425,"href":"https:\/\/innoticiasbo.com\/index.php\/wp-json\/wp\/v2\/posts\/4424\/revisions\/4425"}],"wp:featuredmedia":[{"embeddable":true,"href":"https:\/\/innoticiasbo.com\/index.php\/wp-json\/wp\/v2\/media\/4423"}],"wp:attachment":[{"href":"https:\/\/innoticiasbo.com\/index.php\/wp-json\/wp\/v2\/media?parent=4424"}],"wp:term":[{"taxonomy":"category","embeddable":true,"href":"https:\/\/innoticiasbo.com\/index.php\/wp-json\/wp\/v2\/categories?post=4424"},{"taxonomy":"post_tag","embeddable":true,"href":"https:\/\/innoticiasbo.com\/index.php\/wp-json\/wp\/v2\/tags?post=4424"}],"curies":[{"name":"wp","href":"https:\/\/api.w.org\/{rel}","templated":true}]}}