{"id":4355,"date":"2025-03-26T23:33:42","date_gmt":"2025-03-27T03:33:42","guid":{"rendered":"https:\/\/innoticiasbo.com\/?p=4355"},"modified":"2025-03-26T23:33:42","modified_gmt":"2025-03-27T03:33:42","slug":"fallece-a-los-77-anos-miguel-lora-ortuno-maestro-y-lider-sindical","status":"publish","type":"post","link":"https:\/\/innoticiasbo.com\/index.php\/2025\/03\/26\/fallece-a-los-77-anos-miguel-lora-ortuno-maestro-y-lider-sindical\/","title":{"rendered":"FALLECE A LOS 77 A\u00d1OS MIGUEL LORA ORTU\u00d1O, MAESTRO Y L\u00cdDER SINDICAL"},"content":{"rendered":"\n<p class=\"p1\">Hoy, mi\u00e9rcoles 26 de marzo de 2025 cerca de las 19:00 horas, falleci\u00f3 en Cochabamba, un luchador incansable por la clase trabajadora de Bolivia. Miguel Lora Ortu\u00f1o resisti\u00f3 hasta donde pudo una enfermedad terminal, sin dejar de ser qui\u00e9n era: un maestro, un revolucionario, esposo, padre y amigo consecuente, al lado de su esposa, la tambi\u00e9n destacada luchadora por la clase obrera, la profesora Norma Barr\u00f3n.<\/p>\n\n\n\n<p class=\"p1\">Miguel Lora naci\u00f3 en la localidad minera de Llallagua, Potos\u00ed, hijo de Enrique Lora y Eugenia Ortu\u00f1o. Desde su adolescencia&nbsp; estuvo profundamente influenciado por el movimiento minero y particip\u00f3 activamente en el movimiento estudiantil de secundaria.<\/p>\n\n\n\n<p class=\"p1\">Profesor de filosof\u00eda, psicolog\u00eda y letras, desde muy joven asumi\u00f3 como dirigente sindical del magisterio. Fund\u00f3 el Partido Obrero Revolucionario (POR) y dirigi\u00f3 los movimientos y peri\u00f3dicos URMA Y MASAS.<\/p>\n\n\n\n<p class=\"p1\">Desde temprano en su vida adhiri\u00f3 al trotskismo, la ideolog\u00eda marxista sin concesiones burocr\u00e1ticas, como lucha por sus semejantes.<\/p>\n\n\n\n<p class=\"p1\">\u270d\ud83c\udffd Zabeth Riva \u00c1lvarez<\/p>\n\n\n\n<p class=\"p1\">#MiguelLora #muere #cochabamba #magisterio #innoticias&nbsp;<\/p>\n\n\n\n<p><\/p>\n","protected":false},"excerpt":{"rendered":"<p>Hoy, mi\u00e9rcoles 26 de marzo de 2025 cerca de las 19:00 horas, falleci\u00f3 en Cochabamba, un luchador incansable por la clase trabajadora de Bolivia. Miguel Lora Ortu\u00f1o resisti\u00f3 hasta donde pudo una enfermedad terminal, sin dejar de ser qui\u00e9n era: un maestro, un revolucionario, esposo, padre y amigo consecuente, al lado de su esposa, la&#8230;<\/p>\n","protected":false},"author":6,"featured_media":4354,"comment_status":"closed","ping_status":"open","sticky":false,"template":"","format":"standard","meta":{"_jetpack_memberships_contains_paid_content":false,"footnotes":"","jetpack_publicize_message":"","jetpack_publicize_feature_enabled":true,"jetpack_social_post_already_shared":true,"jetpack_social_options":{"image_generator_settings":{"template":"highway","enabled":false},"version":2}},"categories":[1],"tags":[],"class_list":["post-4355","post","type-post","status-publish","format-standard","has-post-thumbnail","hentry","category-bolivia"],"jetpack_publicize_connections":[],"yoast_head":"<!-- This site is optimized with the Yoast SEO plugin v23.4 - https:\/\/yoast.com\/wordpress\/plugins\/seo\/ -->\n<title>FALLECE A LOS 77 A\u00d1OS MIGUEL LORA ORTU\u00d1O, MAESTRO Y L\u00cdDER SINDICAL - innoticiasbo.com<\/title>\n<meta name=\"robots\" content=\"index, follow, max-snippet:-1, max-image-preview:large, max-video-preview:-1\" \/>\n<link rel=\"canonical\" href=\"https:\/\/innoticiasbo.com\/index.php\/2025\/03\/26\/fallece-a-los-77-anos-miguel-lora-ortuno-maestro-y-lider-sindical\/\" \/>\n<meta property=\"og:locale\" content=\"es_ES\" \/>\n<meta property=\"og:type\" content=\"article\" \/>\n<meta property=\"og:title\" content=\"FALLECE A LOS 77 A\u00d1OS MIGUEL LORA ORTU\u00d1O, MAESTRO Y L\u00cdDER SINDICAL - innoticiasbo.com\" \/>\n<meta property=\"og:description\" content=\"Hoy, mi\u00e9rcoles 26 de marzo de 2025 cerca de las 19:00 horas, falleci\u00f3 en Cochabamba, un luchador incansable por la clase trabajadora de Bolivia. Miguel Lora Ortu\u00f1o resisti\u00f3 hasta donde pudo una enfermedad terminal, sin dejar de ser qui\u00e9n era: un maestro, un revolucionario, esposo, padre y amigo consecuente, al lado de su esposa, la...\" \/>\n<meta property=\"og:url\" content=\"https:\/\/innoticiasbo.com\/index.php\/2025\/03\/26\/fallece-a-los-77-anos-miguel-lora-ortuno-maestro-y-lider-sindical\/\" \/>\n<meta property=\"og:site_name\" content=\"innoticiasbo.com\" \/>\n<meta property=\"article:publisher\" content=\"https:\/\/www.facebook.com\/innoticiasbolivia\" \/>\n<meta property=\"article:published_time\" content=\"2025-03-27T03:33:42+00:00\" \/>\n<meta property=\"og:image\" content=\"https:\/\/i0.wp.com\/innoticiasbo.com\/wp-content\/uploads\/2025\/03\/106ebc55-b3c8-4287-b812-67efade6d8f4-1.jpg?fit=1599%2C899&ssl=1\" \/>\n\t<meta property=\"og:image:width\" content=\"1599\" \/>\n\t<meta property=\"og:image:height\" content=\"899\" \/>\n\t<meta property=\"og:image:type\" content=\"image\/jpeg\" \/>\n<meta name=\"author\" content=\"Eliza Riva\" \/>\n<meta name=\"twitter:card\" content=\"summary_large_image\" \/>\n<meta name=\"twitter:creator\" content=\"@innoticiasbo\" \/>\n<meta name=\"twitter:site\" content=\"@innoticiasbo\" \/>\n<meta name=\"twitter:label1\" content=\"Escrito por\" \/>\n\t<meta name=\"twitter:data1\" content=\"Eliza Riva\" \/>\n\t<meta name=\"twitter:label2\" content=\"Tiempo de lectura\" \/>\n\t<meta name=\"twitter:data2\" content=\"1 minuto\" \/>\n<script type=\"application\/ld+json\" class=\"yoast-schema-graph\">{\"@context\":\"https:\/\/schema.org\",\"@graph\":[{\"@type\":\"Article\",\"@id\":\"https:\/\/innoticiasbo.com\/index.php\/2025\/03\/26\/fallece-a-los-77-anos-miguel-lora-ortuno-maestro-y-lider-sindical\/#article\",\"isPartOf\":{\"@id\":\"https:\/\/innoticiasbo.com\/index.php\/2025\/03\/26\/fallece-a-los-77-anos-miguel-lora-ortuno-maestro-y-lider-sindical\/\"},\"author\":{\"name\":\"Eliza Riva\",\"@id\":\"https:\/\/innoticiasbo.com\/#\/schema\/person\/8c935b6b11c0223d8f77dc01fc948202\"},\"headline\":\"FALLECE A LOS 77 A\u00d1OS MIGUEL LORA ORTU\u00d1O, MAESTRO Y L\u00cdDER SINDICAL\",\"datePublished\":\"2025-03-27T03:33:42+00:00\",\"dateModified\":\"2025-03-27T03:33:42+00:00\",\"mainEntityOfPage\":{\"@id\":\"https:\/\/innoticiasbo.com\/index.php\/2025\/03\/26\/fallece-a-los-77-anos-miguel-lora-ortuno-maestro-y-lider-sindical\/\"},\"wordCount\":183,\"publisher\":{\"@id\":\"https:\/\/innoticiasbo.com\/#organization\"},\"image\":{\"@id\":\"https:\/\/innoticiasbo.com\/index.php\/2025\/03\/26\/fallece-a-los-77-anos-miguel-lora-ortuno-maestro-y-lider-sindical\/#primaryimage\"},\"thumbnailUrl\":\"https:\/\/i0.wp.com\/innoticiasbo.com\/wp-content\/uploads\/2025\/03\/106ebc55-b3c8-4287-b812-67efade6d8f4-1.jpg?fit=1599%2C899&ssl=1\",\"articleSection\":[\"Bolivia\"],\"inLanguage\":\"es\"},{\"@type\":\"WebPage\",\"@id\":\"https:\/\/innoticiasbo.com\/index.php\/2025\/03\/26\/fallece-a-los-77-anos-miguel-lora-ortuno-maestro-y-lider-sindical\/\",\"url\":\"https:\/\/innoticiasbo.com\/index.php\/2025\/03\/26\/fallece-a-los-77-anos-miguel-lora-ortuno-maestro-y-lider-sindical\/\",\"name\":\"FALLECE A LOS 77 A\u00d1OS MIGUEL LORA ORTU\u00d1O, MAESTRO Y L\u00cdDER SINDICAL - innoticiasbo.com\",\"isPartOf\":{\"@id\":\"https:\/\/innoticiasbo.com\/#website\"},\"primaryImageOfPage\":{\"@id\":\"https:\/\/innoticiasbo.com\/index.php\/2025\/03\/26\/fallece-a-los-77-anos-miguel-lora-ortuno-maestro-y-lider-sindical\/#primaryimage\"},\"image\":{\"@id\":\"https:\/\/innoticiasbo.com\/index.php\/2025\/03\/26\/fallece-a-los-77-anos-miguel-lora-ortuno-maestro-y-lider-sindical\/#primaryimage\"},\"thumbnailUrl\":\"https:\/\/i0.wp.com\/innoticiasbo.com\/wp-content\/uploads\/2025\/03\/106ebc55-b3c8-4287-b812-67efade6d8f4-1.jpg?fit=1599%2C899&ssl=1\",\"datePublished\":\"2025-03-27T03:33:42+00:00\",\"dateModified\":\"2025-03-27T03:33:42+00:00\",\"breadcrumb\":{\"@id\":\"https:\/\/innoticiasbo.com\/index.php\/2025\/03\/26\/fallece-a-los-77-anos-miguel-lora-ortuno-maestro-y-lider-sindical\/#breadcrumb\"},\"inLanguage\":\"es\",\"potentialAction\":[{\"@type\":\"ReadAction\",\"target\":[\"https:\/\/innoticiasbo.com\/index.php\/2025\/03\/26\/fallece-a-los-77-anos-miguel-lora-ortuno-maestro-y-lider-sindical\/\"]}]},{\"@type\":\"ImageObject\",\"inLanguage\":\"es\",\"@id\":\"https:\/\/innoticiasbo.com\/index.php\/2025\/03\/26\/fallece-a-los-77-anos-miguel-lora-ortuno-maestro-y-lider-sindical\/#primaryimage\",\"url\":\"https:\/\/i0.wp.com\/innoticiasbo.com\/wp-content\/uploads\/2025\/03\/106ebc55-b3c8-4287-b812-67efade6d8f4-1.jpg?fit=1599%2C899&ssl=1\",\"contentUrl\":\"https:\/\/i0.wp.com\/innoticiasbo.com\/wp-content\/uploads\/2025\/03\/106ebc55-b3c8-4287-b812-67efade6d8f4-1.jpg?fit=1599%2C899&ssl=1\",\"width\":1599,\"height\":899},{\"@type\":\"BreadcrumbList\",\"@id\":\"https:\/\/innoticiasbo.com\/index.php\/2025\/03\/26\/fallece-a-los-77-anos-miguel-lora-ortuno-maestro-y-lider-sindical\/#breadcrumb\",\"itemListElement\":[{\"@type\":\"ListItem\",\"position\":1,\"name\":\"Portada\",\"item\":\"https:\/\/innoticiasbo.com\/\"},{\"@type\":\"ListItem\",\"position\":2,\"name\":\"FALLECE A LOS 77 A\u00d1OS MIGUEL LORA ORTU\u00d1O, MAESTRO Y L\u00cdDER SINDICAL\"}]},{\"@type\":\"WebSite\",\"@id\":\"https:\/\/innoticiasbo.com\/#website\",\"url\":\"https:\/\/innoticiasbo.com\/\",\"name\":\"innoticiasbo.com\",\"description\":\"\",\"publisher\":{\"@id\":\"https:\/\/innoticiasbo.com\/#organization\"},\"potentialAction\":[{\"@type\":\"SearchAction\",\"target\":{\"@type\":\"EntryPoint\",\"urlTemplate\":\"https:\/\/innoticiasbo.com\/?s={search_term_string}\"},\"query-input\":{\"@type\":\"PropertyValueSpecification\",\"valueRequired\":true,\"valueName\":\"search_term_string\"}}],\"inLanguage\":\"es\"},{\"@type\":\"Organization\",\"@id\":\"https:\/\/innoticiasbo.com\/#organization\",\"name\":\"innoticiasbo.com\",\"url\":\"https:\/\/innoticiasbo.com\/\",\"logo\":{\"@type\":\"ImageObject\",\"inLanguage\":\"es\",\"@id\":\"https:\/\/innoticiasbo.com\/#\/schema\/logo\/image\/\",\"url\":\"https:\/\/i0.wp.com\/innoticiasbo.com\/wp-content\/uploads\/2026\/04\/cropped-IN-LOGO.png?fit=1476%2C1476&ssl=1\",\"contentUrl\":\"https:\/\/i0.wp.com\/innoticiasbo.com\/wp-content\/uploads\/2026\/04\/cropped-IN-LOGO.png?fit=1476%2C1476&ssl=1\",\"width\":1476,\"height\":1476,\"caption\":\"innoticiasbo.com\"},\"image\":{\"@id\":\"https:\/\/innoticiasbo.com\/#\/schema\/logo\/image\/\"},\"sameAs\":[\"https:\/\/www.facebook.com\/innoticiasbolivia\",\"https:\/\/x.com\/innoticiasbo\",\"https:\/\/www.instagram.com\/innoticiasbo\",\"https:\/\/www.youtube.com\/innoticiasbo\"]},{\"@type\":\"Person\",\"@id\":\"https:\/\/innoticiasbo.com\/#\/schema\/person\/8c935b6b11c0223d8f77dc01fc948202\",\"name\":\"Eliza Riva\",\"image\":{\"@type\":\"ImageObject\",\"inLanguage\":\"es\",\"@id\":\"https:\/\/innoticiasbo.com\/#\/schema\/person\/image\/\",\"url\":\"https:\/\/secure.gravatar.com\/avatar\/fdc172c2af344133d19e57e4b7acdee4?s=96&d=mm&r=g\",\"contentUrl\":\"https:\/\/secure.gravatar.com\/avatar\/fdc172c2af344133d19e57e4b7acdee4?s=96&d=mm&r=g\",\"caption\":\"Eliza Riva\"},\"sameAs\":[\"http:\/\/www.innoticiasbo.com\"],\"url\":\"https:\/\/innoticiasbo.com\/index.php\/author\/prensa-4\/\"}]}<\/script>\n<!-- \/ Yoast SEO plugin. -->","yoast_head_json":{"title":"FALLECE A LOS 77 A\u00d1OS MIGUEL LORA ORTU\u00d1O, MAESTRO Y L\u00cdDER SINDICAL - innoticiasbo.com","robots":{"index":"index","follow":"follow","max-snippet":"max-snippet:-1","max-image-preview":"max-image-preview:large","max-video-preview":"max-video-preview:-1"},"canonical":"https:\/\/innoticiasbo.com\/index.php\/2025\/03\/26\/fallece-a-los-77-anos-miguel-lora-ortuno-maestro-y-lider-sindical\/","og_locale":"es_ES","og_type":"article","og_title":"FALLECE A LOS 77 A\u00d1OS MIGUEL LORA ORTU\u00d1O, MAESTRO Y L\u00cdDER SINDICAL - innoticiasbo.com","og_description":"Hoy, mi\u00e9rcoles 26 de marzo de 2025 cerca de las 19:00 horas, falleci\u00f3 en Cochabamba, un luchador incansable por la clase trabajadora de Bolivia. Miguel Lora Ortu\u00f1o resisti\u00f3 hasta donde pudo una enfermedad terminal, sin dejar de ser qui\u00e9n era: un maestro, un revolucionario, esposo, padre y amigo consecuente, al lado de su esposa, la...","og_url":"https:\/\/innoticiasbo.com\/index.php\/2025\/03\/26\/fallece-a-los-77-anos-miguel-lora-ortuno-maestro-y-lider-sindical\/","og_site_name":"innoticiasbo.com","article_publisher":"https:\/\/www.facebook.com\/innoticiasbolivia","article_published_time":"2025-03-27T03:33:42+00:00","og_image":[{"width":1599,"height":899,"url":"https:\/\/i0.wp.com\/innoticiasbo.com\/wp-content\/uploads\/2025\/03\/106ebc55-b3c8-4287-b812-67efade6d8f4-1.jpg?fit=1599%2C899&ssl=1","type":"image\/jpeg"}],"author":"Eliza Riva","twitter_card":"summary_large_image","twitter_creator":"@innoticiasbo","twitter_site":"@innoticiasbo","twitter_misc":{"Escrito por":"Eliza Riva","Tiempo de lectura":"1 minuto"},"schema":{"@context":"https:\/\/schema.org","@graph":[{"@type":"Article","@id":"https:\/\/innoticiasbo.com\/index.php\/2025\/03\/26\/fallece-a-los-77-anos-miguel-lora-ortuno-maestro-y-lider-sindical\/#article","isPartOf":{"@id":"https:\/\/innoticiasbo.com\/index.php\/2025\/03\/26\/fallece-a-los-77-anos-miguel-lora-ortuno-maestro-y-lider-sindical\/"},"author":{"name":"Eliza Riva","@id":"https:\/\/innoticiasbo.com\/#\/schema\/person\/8c935b6b11c0223d8f77dc01fc948202"},"headline":"FALLECE A LOS 77 A\u00d1OS MIGUEL LORA ORTU\u00d1O, MAESTRO Y L\u00cdDER SINDICAL","datePublished":"2025-03-27T03:33:42+00:00","dateModified":"2025-03-27T03:33:42+00:00","mainEntityOfPage":{"@id":"https:\/\/innoticiasbo.com\/index.php\/2025\/03\/26\/fallece-a-los-77-anos-miguel-lora-ortuno-maestro-y-lider-sindical\/"},"wordCount":183,"publisher":{"@id":"https:\/\/innoticiasbo.com\/#organization"},"image":{"@id":"https:\/\/innoticiasbo.com\/index.php\/2025\/03\/26\/fallece-a-los-77-anos-miguel-lora-ortuno-maestro-y-lider-sindical\/#primaryimage"},"thumbnailUrl":"https:\/\/i0.wp.com\/innoticiasbo.com\/wp-content\/uploads\/2025\/03\/106ebc55-b3c8-4287-b812-67efade6d8f4-1.jpg?fit=1599%2C899&ssl=1","articleSection":["Bolivia"],"inLanguage":"es"},{"@type":"WebPage","@id":"https:\/\/innoticiasbo.com\/index.php\/2025\/03\/26\/fallece-a-los-77-anos-miguel-lora-ortuno-maestro-y-lider-sindical\/","url":"https:\/\/innoticiasbo.com\/index.php\/2025\/03\/26\/fallece-a-los-77-anos-miguel-lora-ortuno-maestro-y-lider-sindical\/","name":"FALLECE A LOS 77 A\u00d1OS MIGUEL LORA ORTU\u00d1O, MAESTRO Y L\u00cdDER SINDICAL - innoticiasbo.com","isPartOf":{"@id":"https:\/\/innoticiasbo.com\/#website"},"primaryImageOfPage":{"@id":"https:\/\/innoticiasbo.com\/index.php\/2025\/03\/26\/fallece-a-los-77-anos-miguel-lora-ortuno-maestro-y-lider-sindical\/#primaryimage"},"image":{"@id":"https:\/\/innoticiasbo.com\/index.php\/2025\/03\/26\/fallece-a-los-77-anos-miguel-lora-ortuno-maestro-y-lider-sindical\/#primaryimage"},"thumbnailUrl":"https:\/\/i0.wp.com\/innoticiasbo.com\/wp-content\/uploads\/2025\/03\/106ebc55-b3c8-4287-b812-67efade6d8f4-1.jpg?fit=1599%2C899&ssl=1","datePublished":"2025-03-27T03:33:42+00:00","dateModified":"2025-03-27T03:33:42+00:00","breadcrumb":{"@id":"https:\/\/innoticiasbo.com\/index.php\/2025\/03\/26\/fallece-a-los-77-anos-miguel-lora-ortuno-maestro-y-lider-sindical\/#breadcrumb"},"inLanguage":"es","potentialAction":[{"@type":"ReadAction","target":["https:\/\/innoticiasbo.com\/index.php\/2025\/03\/26\/fallece-a-los-77-anos-miguel-lora-ortuno-maestro-y-lider-sindical\/"]}]},{"@type":"ImageObject","inLanguage":"es","@id":"https:\/\/innoticiasbo.com\/index.php\/2025\/03\/26\/fallece-a-los-77-anos-miguel-lora-ortuno-maestro-y-lider-sindical\/#primaryimage","url":"https:\/\/i0.wp.com\/innoticiasbo.com\/wp-content\/uploads\/2025\/03\/106ebc55-b3c8-4287-b812-67efade6d8f4-1.jpg?fit=1599%2C899&ssl=1","contentUrl":"https:\/\/i0.wp.com\/innoticiasbo.com\/wp-content\/uploads\/2025\/03\/106ebc55-b3c8-4287-b812-67efade6d8f4-1.jpg?fit=1599%2C899&ssl=1","width":1599,"height":899},{"@type":"BreadcrumbList","@id":"https:\/\/innoticiasbo.com\/index.php\/2025\/03\/26\/fallece-a-los-77-anos-miguel-lora-ortuno-maestro-y-lider-sindical\/#breadcrumb","itemListElement":[{"@type":"ListItem","position":1,"name":"Portada","item":"https:\/\/innoticiasbo.com\/"},{"@type":"ListItem","position":2,"name":"FALLECE A LOS 77 A\u00d1OS MIGUEL LORA ORTU\u00d1O, MAESTRO Y L\u00cdDER SINDICAL"}]},{"@type":"WebSite","@id":"https:\/\/innoticiasbo.com\/#website","url":"https:\/\/innoticiasbo.com\/","name":"innoticiasbo.com","description":"","publisher":{"@id":"https:\/\/innoticiasbo.com\/#organization"},"potentialAction":[{"@type":"SearchAction","target":{"@type":"EntryPoint","urlTemplate":"https:\/\/innoticiasbo.com\/?s={search_term_string}"},"query-input":{"@type":"PropertyValueSpecification","valueRequired":true,"valueName":"search_term_string"}}],"inLanguage":"es"},{"@type":"Organization","@id":"https:\/\/innoticiasbo.com\/#organization","name":"innoticiasbo.com","url":"https:\/\/innoticiasbo.com\/","logo":{"@type":"ImageObject","inLanguage":"es","@id":"https:\/\/innoticiasbo.com\/#\/schema\/logo\/image\/","url":"https:\/\/i0.wp.com\/innoticiasbo.com\/wp-content\/uploads\/2026\/04\/cropped-IN-LOGO.png?fit=1476%2C1476&ssl=1","contentUrl":"https:\/\/i0.wp.com\/innoticiasbo.com\/wp-content\/uploads\/2026\/04\/cropped-IN-LOGO.png?fit=1476%2C1476&ssl=1","width":1476,"height":1476,"caption":"innoticiasbo.com"},"image":{"@id":"https:\/\/innoticiasbo.com\/#\/schema\/logo\/image\/"},"sameAs":["https:\/\/www.facebook.com\/innoticiasbolivia","https:\/\/x.com\/innoticiasbo","https:\/\/www.instagram.com\/innoticiasbo","https:\/\/www.youtube.com\/innoticiasbo"]},{"@type":"Person","@id":"https:\/\/innoticiasbo.com\/#\/schema\/person\/8c935b6b11c0223d8f77dc01fc948202","name":"Eliza Riva","image":{"@type":"ImageObject","inLanguage":"es","@id":"https:\/\/innoticiasbo.com\/#\/schema\/person\/image\/","url":"https:\/\/secure.gravatar.com\/avatar\/fdc172c2af344133d19e57e4b7acdee4?s=96&d=mm&r=g","contentUrl":"https:\/\/secure.gravatar.com\/avatar\/fdc172c2af344133d19e57e4b7acdee4?s=96&d=mm&r=g","caption":"Eliza Riva"},"sameAs":["http:\/\/www.innoticiasbo.com"],"url":"https:\/\/innoticiasbo.com\/index.php\/author\/prensa-4\/"}]}},"jetpack_featured_media_url":"https:\/\/i0.wp.com\/innoticiasbo.com\/wp-content\/uploads\/2025\/03\/106ebc55-b3c8-4287-b812-67efade6d8f4-1.jpg?fit=1599%2C899&ssl=1","jetpack_likes_enabled":true,"jetpack_sharing_enabled":true,"jetpack_shortlink":"https:\/\/wp.me\/pg298x-18f","_links":{"self":[{"href":"https:\/\/innoticiasbo.com\/index.php\/wp-json\/wp\/v2\/posts\/4355","targetHints":{"allow":["GET"]}}],"collection":[{"href":"https:\/\/innoticiasbo.com\/index.php\/wp-json\/wp\/v2\/posts"}],"about":[{"href":"https:\/\/innoticiasbo.com\/index.php\/wp-json\/wp\/v2\/types\/post"}],"author":[{"embeddable":true,"href":"https:\/\/innoticiasbo.com\/index.php\/wp-json\/wp\/v2\/users\/6"}],"replies":[{"embeddable":true,"href":"https:\/\/innoticiasbo.com\/index.php\/wp-json\/wp\/v2\/comments?post=4355"}],"version-history":[{"count":1,"href":"https:\/\/innoticiasbo.com\/index.php\/wp-json\/wp\/v2\/posts\/4355\/revisions"}],"predecessor-version":[{"id":4356,"href":"https:\/\/innoticiasbo.com\/index.php\/wp-json\/wp\/v2\/posts\/4355\/revisions\/4356"}],"wp:featuredmedia":[{"embeddable":true,"href":"https:\/\/innoticiasbo.com\/index.php\/wp-json\/wp\/v2\/media\/4354"}],"wp:attachment":[{"href":"https:\/\/innoticiasbo.com\/index.php\/wp-json\/wp\/v2\/media?parent=4355"}],"wp:term":[{"taxonomy":"category","embeddable":true,"href":"https:\/\/innoticiasbo.com\/index.php\/wp-json\/wp\/v2\/categories?post=4355"},{"taxonomy":"post_tag","embeddable":true,"href":"https:\/\/innoticiasbo.com\/index.php\/wp-json\/wp\/v2\/tags?post=4355"}],"curies":[{"name":"wp","href":"https:\/\/api.w.org\/{rel}","templated":true}]}}