{"id":4343,"date":"2025-03-26T22:43:19","date_gmt":"2025-03-27T02:43:19","guid":{"rendered":"https:\/\/innoticiasbo.com\/?p=4343"},"modified":"2025-03-26T22:43:39","modified_gmt":"2025-03-27T02:43:39","slug":"upb-continua-su-ciclo-de-entrevistas-con-la-participacion-de-manfred-reyes-villa","status":"publish","type":"post","link":"https:\/\/innoticiasbo.com\/index.php\/2025\/03\/26\/upb-continua-su-ciclo-de-entrevistas-con-la-participacion-de-manfred-reyes-villa\/","title":{"rendered":"UPB CONTIN\u00daA SU CICLO DE ENTREVISTAS CON LA PARTICIPACI\u00d3N DE MANFRED REYES VILLA"},"content":{"rendered":"\n<p>Cochabamba, 26 marzo de 2025. La Universidad Privada Boliviana (UPB) llev\u00f3 a cabo la tercera edici\u00f3n del ciclo de entrevistas \u201cSin filtros: Bolivia de cara al futuro\u201d, un espacio de di\u00e1logo con los principales actores pol\u00edticos del pa\u00eds, dise\u00f1ado para responder a las inquietudes de la ciudadan\u00eda de cara a las elecciones del bicentenario.<\/p>\n\n\n\n<p>En esta ocasi\u00f3n, el invitado fue el alcalde de Cochabamba, Manfred Reyes Villa, quien expuso su agenda pol\u00edtica en un conversatorio din\u00e1mico y estructurado. La sesi\u00f3n, realizada en el campus cochabambino de la UPB, cont\u00f3 con una masiva participaci\u00f3n de la comunidad universitaria, as\u00ed como una amplia audiencia en la transmisi\u00f3n virtual.<\/p>\n\n\n\n<p><br>Un espacio para el an\u00e1lisis pol\u00edtico.<\/p>\n\n\n\n<figure class=\"wp-block-image size-large\"><img data-recalc-dims=\"1\" loading=\"lazy\" decoding=\"async\" width=\"640\" height=\"640\" src=\"https:\/\/i0.wp.com\/innoticiasbo.com\/wp-content\/uploads\/2025\/03\/img-20250326-wa01787026856484816475825.jpg?resize=640%2C640&#038;ssl=1\" alt=\"\" class=\"wp-image-4337\" srcset=\"https:\/\/i0.wp.com\/innoticiasbo.com\/wp-content\/uploads\/2025\/03\/img-20250326-wa01787026856484816475825.jpg?resize=1024%2C1024&amp;ssl=1 1024w, https:\/\/i0.wp.com\/innoticiasbo.com\/wp-content\/uploads\/2025\/03\/img-20250326-wa01787026856484816475825.jpg?resize=300%2C300&amp;ssl=1 300w, https:\/\/i0.wp.com\/innoticiasbo.com\/wp-content\/uploads\/2025\/03\/img-20250326-wa01787026856484816475825.jpg?resize=150%2C150&amp;ssl=1 150w, https:\/\/i0.wp.com\/innoticiasbo.com\/wp-content\/uploads\/2025\/03\/img-20250326-wa01787026856484816475825.jpg?resize=768%2C768&amp;ssl=1 768w, https:\/\/i0.wp.com\/innoticiasbo.com\/wp-content\/uploads\/2025\/03\/img-20250326-wa01787026856484816475825.jpg?resize=1536%2C1536&amp;ssl=1 1536w, https:\/\/i0.wp.com\/innoticiasbo.com\/wp-content\/uploads\/2025\/03\/img-20250326-wa01787026856484816475825.jpg?w=1600&amp;ssl=1 1600w, https:\/\/i0.wp.com\/innoticiasbo.com\/wp-content\/uploads\/2025\/03\/img-20250326-wa01787026856484816475825.jpg?w=1280&amp;ssl=1 1280w\" sizes=\"auto, (max-width: 640px) 100vw, 640px\" \/><\/figure>\n\n\n\n<p>El evento fue moderado por la reconocida periodista Isabel Mercado y cont\u00f3 con la intervenci\u00f3n de tres destacados panelistas: Maggy Talavera, Pablo Deheza y Sonia Monta\u00f1o, quienes formularon preguntas clave sobre diversos temas de inter\u00e9s nacional.<br>En sus palabras de apertura, el rector de la UPB, \u00d3scar Molina Tejerina, Ph.D., destac\u00f3 la importancia de estos espacios para fortalecer el debate pol\u00edtico en Bolivia.<\/p>\n\n\n\n<figure class=\"wp-block-image size-large\"><img data-recalc-dims=\"1\" loading=\"lazy\" decoding=\"async\" width=\"640\" height=\"426\" src=\"https:\/\/i0.wp.com\/innoticiasbo.com\/wp-content\/uploads\/2025\/03\/img-20250326-wa01823097374833592273050.jpg?resize=640%2C426&#038;ssl=1\" alt=\"\" class=\"wp-image-4338\" srcset=\"https:\/\/i0.wp.com\/innoticiasbo.com\/wp-content\/uploads\/2025\/03\/img-20250326-wa01823097374833592273050.jpg?resize=1024%2C682&amp;ssl=1 1024w, https:\/\/i0.wp.com\/innoticiasbo.com\/wp-content\/uploads\/2025\/03\/img-20250326-wa01823097374833592273050.jpg?resize=300%2C200&amp;ssl=1 300w, https:\/\/i0.wp.com\/innoticiasbo.com\/wp-content\/uploads\/2025\/03\/img-20250326-wa01823097374833592273050.jpg?resize=768%2C512&amp;ssl=1 768w, https:\/\/i0.wp.com\/innoticiasbo.com\/wp-content\/uploads\/2025\/03\/img-20250326-wa01823097374833592273050.jpg?resize=1536%2C1023&amp;ssl=1 1536w, https:\/\/i0.wp.com\/innoticiasbo.com\/wp-content\/uploads\/2025\/03\/img-20250326-wa01823097374833592273050.jpg?resize=600%2C400&amp;ssl=1 600w, https:\/\/i0.wp.com\/innoticiasbo.com\/wp-content\/uploads\/2025\/03\/img-20250326-wa01823097374833592273050.jpg?w=1600&amp;ssl=1 1600w, https:\/\/i0.wp.com\/innoticiasbo.com\/wp-content\/uploads\/2025\/03\/img-20250326-wa01823097374833592273050.jpg?w=1280&amp;ssl=1 1280w\" sizes=\"auto, (max-width: 640px) 100vw, 640px\" \/><\/figure>\n\n\n\n<p>\u00abLa universidad tiene el objetivo de brindar la mayor cantidad de informaci\u00f3n posible para la mejor toma de decisiones de parte de nuestra comunidad. La UPB tiene un prop\u00f3sito muy simple: formar l\u00edderes para el desarrollo de nuestro pa\u00eds, y estamos seguros de que la mejor forma de hacerlo es conociendo en profundidad lo que los actores pol\u00edticos quieren y van a hacer por Bolivia\u00bb, expres\u00f3 Molina.<\/p>\n\n\n\n<p>Propuestas y visi\u00f3n de Reyes Villa<\/p>\n\n\n\n<p>Durante su intervenci\u00f3n, Manfred Reyes Villa enfatiz\u00f3 su compromiso con la transformaci\u00f3n econ\u00f3mica del pa\u00eds, se\u00f1alando que Bolivia enfrenta una crisis estructural que requiere medidas urgentes.<\/p>\n\n\n\n<figure class=\"wp-block-image size-large\"><img data-recalc-dims=\"1\" loading=\"lazy\" decoding=\"async\" width=\"640\" height=\"426\" src=\"https:\/\/i0.wp.com\/innoticiasbo.com\/wp-content\/uploads\/2025\/03\/img-20250326-wa01813135434569838513004.jpg?resize=640%2C426&#038;ssl=1\" alt=\"\" class=\"wp-image-4340\" srcset=\"https:\/\/i0.wp.com\/innoticiasbo.com\/wp-content\/uploads\/2025\/03\/img-20250326-wa01813135434569838513004.jpg?resize=1024%2C682&amp;ssl=1 1024w, https:\/\/i0.wp.com\/innoticiasbo.com\/wp-content\/uploads\/2025\/03\/img-20250326-wa01813135434569838513004.jpg?resize=300%2C200&amp;ssl=1 300w, https:\/\/i0.wp.com\/innoticiasbo.com\/wp-content\/uploads\/2025\/03\/img-20250326-wa01813135434569838513004.jpg?resize=768%2C512&amp;ssl=1 768w, https:\/\/i0.wp.com\/innoticiasbo.com\/wp-content\/uploads\/2025\/03\/img-20250326-wa01813135434569838513004.jpg?resize=1536%2C1023&amp;ssl=1 1536w, https:\/\/i0.wp.com\/innoticiasbo.com\/wp-content\/uploads\/2025\/03\/img-20250326-wa01813135434569838513004.jpg?resize=600%2C400&amp;ssl=1 600w, https:\/\/i0.wp.com\/innoticiasbo.com\/wp-content\/uploads\/2025\/03\/img-20250326-wa01813135434569838513004.jpg?w=1600&amp;ssl=1 1600w, https:\/\/i0.wp.com\/innoticiasbo.com\/wp-content\/uploads\/2025\/03\/img-20250326-wa01813135434569838513004.jpg?w=1280&amp;ssl=1 1280w\" sizes=\"auto, (max-width: 640px) 100vw, 640px\" \/><\/figure>\n\n\n\n<p><br>\u00abEn este momento se necesita una cirug\u00eda profunda econ\u00f3micamente hablando. Como ustedes han visto, nos encontramos ante una crisis de Estado. Necesitamos una transformaci\u00f3n econ\u00f3mica de fondo. Esta crisis le est\u00e1 haciendo mucho da\u00f1o a la econom\u00eda; el d\u00e9ficit fiscal ha subido en porcentajes importantes. Debemos dejar atr\u00e1s este modelo econ\u00f3mico que no ha permitido la inversi\u00f3n privada en el pa\u00eds y tenemos que diversificar la econom\u00eda\u00bb, afirm\u00f3.<\/p>\n\n\n\n<figure class=\"wp-block-image size-large\"><img data-recalc-dims=\"1\" loading=\"lazy\" decoding=\"async\" width=\"640\" height=\"426\" src=\"https:\/\/i0.wp.com\/innoticiasbo.com\/wp-content\/uploads\/2025\/03\/img-20250326-wa01806787760689339204806.jpg?resize=640%2C426&#038;ssl=1\" alt=\"\" class=\"wp-image-4339\" srcset=\"https:\/\/i0.wp.com\/innoticiasbo.com\/wp-content\/uploads\/2025\/03\/img-20250326-wa01806787760689339204806.jpg?resize=1024%2C682&amp;ssl=1 1024w, https:\/\/i0.wp.com\/innoticiasbo.com\/wp-content\/uploads\/2025\/03\/img-20250326-wa01806787760689339204806.jpg?resize=300%2C200&amp;ssl=1 300w, https:\/\/i0.wp.com\/innoticiasbo.com\/wp-content\/uploads\/2025\/03\/img-20250326-wa01806787760689339204806.jpg?resize=768%2C512&amp;ssl=1 768w, https:\/\/i0.wp.com\/innoticiasbo.com\/wp-content\/uploads\/2025\/03\/img-20250326-wa01806787760689339204806.jpg?resize=1536%2C1023&amp;ssl=1 1536w, https:\/\/i0.wp.com\/innoticiasbo.com\/wp-content\/uploads\/2025\/03\/img-20250326-wa01806787760689339204806.jpg?resize=600%2C400&amp;ssl=1 600w, https:\/\/i0.wp.com\/innoticiasbo.com\/wp-content\/uploads\/2025\/03\/img-20250326-wa01806787760689339204806.jpg?w=1600&amp;ssl=1 1600w, https:\/\/i0.wp.com\/innoticiasbo.com\/wp-content\/uploads\/2025\/03\/img-20250326-wa01806787760689339204806.jpg?w=1280&amp;ssl=1 1280w\" sizes=\"auto, (max-width: 640px) 100vw, 640px\" \/><\/figure>\n\n\n\n<p>Asimismo, resalt\u00f3 la importancia de garantizar la libertad econ\u00f3mica y la seguridad jur\u00eddica, promoviendo un ambiente favorable para la inversi\u00f3n privada y el desarrollo empresarial. Tambi\u00e9n defendi\u00f3 la descentralizaci\u00f3n y el fortalecimiento de los gobiernos locales como ejes fundamentales para el progreso del pa\u00eds.<\/p>\n\n\n\n<p>\u00abEs importante la carrera pol\u00edtica, tener la experiencia y trabajar por Bolivia, amar a este pa\u00eds. Estoy seguro de poder lograr una transformaci\u00f3n profunda, en la que haya libertad econ\u00f3mica y seguridad jur\u00eddica. Tenemos que empezar a cumplir el pacto social, que es la Constituci\u00f3n Pol\u00edtica del Estado y las leyes del pa\u00eds\u00bb, concluy\u00f3 Reyes Villa.<\/p>\n\n\n\n<p>Un ciclo de entrevistas con miras al futuro<br>El formato dialogado del evento permiti\u00f3 generar un an\u00e1lisis profundo sobre la visi\u00f3n del alcalde cochabambino, abordando temas esenciales que surgieron a partir de consultas previas realizadas a analistas, acad\u00e9micos y profesionales destacados, as\u00ed como de una convocatoria abierta en redes sociales para recoger inquietudes de la ciudadan\u00eda.<\/p>\n\n\n\n<p><br>Hasta el momento, el ciclo \u201cSin filtros\u201d ha contado con la participaci\u00f3n de Jorge \u201cTuto\u201d Quiroga, Samuel Doria Medina y Manfred Reyes Villa. El pr\u00f3ximo encuentro ser\u00e1 el 9 de abril en el campus de Santa Cruz de la UPB, con la presencia de Chi Hyun Chung, y con quien cerrar\u00e1 este primer ciclo de conversaciones.<br>Para el segundo ciclo, se espera la eventual confirmaci\u00f3n de Luis Arce Catacora, Evo Morales Ayma, Andr\u00f3nico Rodr\u00edguez Ledezma y Luis Fernando Camacho, entre otros actores pol\u00edticos.<br>El evento est\u00e1 abierto tanto a la comunidad universitaria como al p\u00fablico en general, y las sesiones pueden seguirse en vivo a trav\u00e9s de las plataformas digitales de la UPB. Con esta iniciativa, la universidad busca contribuir a la construcci\u00f3n de un debate informado y profundo sobre el futuro de Bolivia, en v\u00edsperas del proceso electoral del bicentenario.<\/p>\n\n\n\n<figure class=\"wp-block-image size-large\"><img data-recalc-dims=\"1\" loading=\"lazy\" decoding=\"async\" width=\"640\" height=\"426\" src=\"https:\/\/i0.wp.com\/innoticiasbo.com\/wp-content\/uploads\/2025\/03\/img-20250326-wa01791526005151919340424.jpg?resize=640%2C426&#038;ssl=1\" alt=\"\" class=\"wp-image-4341\" srcset=\"https:\/\/i0.wp.com\/innoticiasbo.com\/wp-content\/uploads\/2025\/03\/img-20250326-wa01791526005151919340424.jpg?resize=1024%2C682&amp;ssl=1 1024w, https:\/\/i0.wp.com\/innoticiasbo.com\/wp-content\/uploads\/2025\/03\/img-20250326-wa01791526005151919340424.jpg?resize=300%2C200&amp;ssl=1 300w, https:\/\/i0.wp.com\/innoticiasbo.com\/wp-content\/uploads\/2025\/03\/img-20250326-wa01791526005151919340424.jpg?resize=768%2C512&amp;ssl=1 768w, https:\/\/i0.wp.com\/innoticiasbo.com\/wp-content\/uploads\/2025\/03\/img-20250326-wa01791526005151919340424.jpg?resize=1536%2C1023&amp;ssl=1 1536w, https:\/\/i0.wp.com\/innoticiasbo.com\/wp-content\/uploads\/2025\/03\/img-20250326-wa01791526005151919340424.jpg?resize=600%2C400&amp;ssl=1 600w, https:\/\/i0.wp.com\/innoticiasbo.com\/wp-content\/uploads\/2025\/03\/img-20250326-wa01791526005151919340424.jpg?w=1600&amp;ssl=1 1600w, https:\/\/i0.wp.com\/innoticiasbo.com\/wp-content\/uploads\/2025\/03\/img-20250326-wa01791526005151919340424.jpg?w=1280&amp;ssl=1 1280w\" sizes=\"auto, (max-width: 640px) 100vw, 640px\" \/><\/figure>\n\n\n\n<h1 class=\"wp-block-heading\"><\/h1>\n","protected":false},"excerpt":{"rendered":"<p>Cochabamba, 26 marzo de 2025. La Universidad Privada Boliviana (UPB) llev\u00f3 a cabo la tercera edici\u00f3n del ciclo de entrevistas \u201cSin filtros: Bolivia de cara al futuro\u201d, un espacio de di\u00e1logo con los principales actores pol\u00edticos del pa\u00eds, dise\u00f1ado para responder a las inquietudes de la ciudadan\u00eda de cara a las elecciones del bicentenario. En&#8230;<\/p>\n","protected":false},"author":2,"featured_media":4342,"comment_status":"open","ping_status":"open","sticky":false,"template":"","format":"standard","meta":{"_jetpack_memberships_contains_paid_content":false,"footnotes":"","jetpack_publicize_message":"","jetpack_publicize_feature_enabled":true,"jetpack_social_post_already_shared":true,"jetpack_social_options":{"image_generator_settings":{"template":"highway","enabled":false},"version":2}},"categories":[1,3],"tags":[],"class_list":["post-4343","post","type-post","status-publish","format-standard","has-post-thumbnail","hentry","category-bolivia","category-politica"],"jetpack_publicize_connections":[],"yoast_head":"<!-- This site is optimized with the Yoast SEO plugin v23.4 - https:\/\/yoast.com\/wordpress\/plugins\/seo\/ -->\n<title>UPB CONTIN\u00daA SU CICLO DE ENTREVISTAS CON LA PARTICIPACI\u00d3N DE MANFRED REYES VILLA - innoticiasbo.com<\/title>\n<meta name=\"robots\" content=\"index, follow, max-snippet:-1, max-image-preview:large, max-video-preview:-1\" \/>\n<link rel=\"canonical\" href=\"https:\/\/innoticiasbo.com\/index.php\/2025\/03\/26\/upb-continua-su-ciclo-de-entrevistas-con-la-participacion-de-manfred-reyes-villa\/\" \/>\n<meta property=\"og:locale\" content=\"es_ES\" \/>\n<meta property=\"og:type\" content=\"article\" \/>\n<meta property=\"og:title\" content=\"UPB CONTIN\u00daA SU CICLO DE ENTREVISTAS CON LA PARTICIPACI\u00d3N DE MANFRED REYES VILLA - innoticiasbo.com\" \/>\n<meta property=\"og:description\" content=\"Cochabamba, 26 marzo de 2025. La Universidad Privada Boliviana (UPB) llev\u00f3 a cabo la tercera edici\u00f3n del ciclo de entrevistas \u201cSin filtros: Bolivia de cara al futuro\u201d, un espacio de di\u00e1logo con los principales actores pol\u00edticos del pa\u00eds, dise\u00f1ado para responder a las inquietudes de la ciudadan\u00eda de cara a las elecciones del bicentenario. En...\" \/>\n<meta property=\"og:url\" content=\"https:\/\/innoticiasbo.com\/index.php\/2025\/03\/26\/upb-continua-su-ciclo-de-entrevistas-con-la-participacion-de-manfred-reyes-villa\/\" \/>\n<meta property=\"og:site_name\" content=\"innoticiasbo.com\" \/>\n<meta property=\"article:publisher\" content=\"https:\/\/www.facebook.com\/innoticiasbolivia\" \/>\n<meta property=\"article:published_time\" content=\"2025-03-27T02:43:19+00:00\" \/>\n<meta property=\"article:modified_time\" content=\"2025-03-27T02:43:39+00:00\" \/>\n<meta property=\"og:image\" content=\"https:\/\/i0.wp.com\/innoticiasbo.com\/wp-content\/uploads\/2025\/03\/IMG-20250326-WA0179.jpg?fit=1600%2C1066&ssl=1\" \/>\n\t<meta property=\"og:image:width\" content=\"1600\" \/>\n\t<meta property=\"og:image:height\" content=\"1066\" \/>\n\t<meta property=\"og:image:type\" content=\"image\/jpeg\" \/>\n<meta name=\"author\" content=\"Prensa\" \/>\n<meta name=\"twitter:card\" content=\"summary_large_image\" \/>\n<meta name=\"twitter:creator\" content=\"@innoticiasbo\" \/>\n<meta name=\"twitter:site\" content=\"@innoticiasbo\" \/>\n<meta name=\"twitter:label1\" content=\"Escrito por\" \/>\n\t<meta name=\"twitter:data1\" content=\"Prensa\" \/>\n\t<meta name=\"twitter:label2\" content=\"Tiempo de lectura\" \/>\n\t<meta name=\"twitter:data2\" content=\"4 minutos\" \/>\n<script type=\"application\/ld+json\" class=\"yoast-schema-graph\">{\"@context\":\"https:\/\/schema.org\",\"@graph\":[{\"@type\":\"Article\",\"@id\":\"https:\/\/innoticiasbo.com\/index.php\/2025\/03\/26\/upb-continua-su-ciclo-de-entrevistas-con-la-participacion-de-manfred-reyes-villa\/#article\",\"isPartOf\":{\"@id\":\"https:\/\/innoticiasbo.com\/index.php\/2025\/03\/26\/upb-continua-su-ciclo-de-entrevistas-con-la-participacion-de-manfred-reyes-villa\/\"},\"author\":{\"name\":\"Prensa\",\"@id\":\"https:\/\/innoticiasbo.com\/#\/schema\/person\/589cd527c4211df1b943bdad85ec07ce\"},\"headline\":\"UPB CONTIN\u00daA SU CICLO DE ENTREVISTAS CON LA PARTICIPACI\u00d3N DE MANFRED REYES VILLA\",\"datePublished\":\"2025-03-27T02:43:19+00:00\",\"dateModified\":\"2025-03-27T02:43:39+00:00\",\"mainEntityOfPage\":{\"@id\":\"https:\/\/innoticiasbo.com\/index.php\/2025\/03\/26\/upb-continua-su-ciclo-de-entrevistas-con-la-participacion-de-manfred-reyes-villa\/\"},\"wordCount\":720,\"commentCount\":0,\"publisher\":{\"@id\":\"https:\/\/innoticiasbo.com\/#organization\"},\"image\":{\"@id\":\"https:\/\/innoticiasbo.com\/index.php\/2025\/03\/26\/upb-continua-su-ciclo-de-entrevistas-con-la-participacion-de-manfred-reyes-villa\/#primaryimage\"},\"thumbnailUrl\":\"https:\/\/i0.wp.com\/innoticiasbo.com\/wp-content\/uploads\/2025\/03\/IMG-20250326-WA0179.jpg?fit=1600%2C1066&ssl=1\",\"articleSection\":[\"Bolivia\",\"Pol\u00edtica\"],\"inLanguage\":\"es\",\"potentialAction\":[{\"@type\":\"CommentAction\",\"name\":\"Comment\",\"target\":[\"https:\/\/innoticiasbo.com\/index.php\/2025\/03\/26\/upb-continua-su-ciclo-de-entrevistas-con-la-participacion-de-manfred-reyes-villa\/#respond\"]}]},{\"@type\":\"WebPage\",\"@id\":\"https:\/\/innoticiasbo.com\/index.php\/2025\/03\/26\/upb-continua-su-ciclo-de-entrevistas-con-la-participacion-de-manfred-reyes-villa\/\",\"url\":\"https:\/\/innoticiasbo.com\/index.php\/2025\/03\/26\/upb-continua-su-ciclo-de-entrevistas-con-la-participacion-de-manfred-reyes-villa\/\",\"name\":\"UPB CONTIN\u00daA SU CICLO DE ENTREVISTAS CON LA PARTICIPACI\u00d3N DE MANFRED REYES VILLA - innoticiasbo.com\",\"isPartOf\":{\"@id\":\"https:\/\/innoticiasbo.com\/#website\"},\"primaryImageOfPage\":{\"@id\":\"https:\/\/innoticiasbo.com\/index.php\/2025\/03\/26\/upb-continua-su-ciclo-de-entrevistas-con-la-participacion-de-manfred-reyes-villa\/#primaryimage\"},\"image\":{\"@id\":\"https:\/\/innoticiasbo.com\/index.php\/2025\/03\/26\/upb-continua-su-ciclo-de-entrevistas-con-la-participacion-de-manfred-reyes-villa\/#primaryimage\"},\"thumbnailUrl\":\"https:\/\/i0.wp.com\/innoticiasbo.com\/wp-content\/uploads\/2025\/03\/IMG-20250326-WA0179.jpg?fit=1600%2C1066&ssl=1\",\"datePublished\":\"2025-03-27T02:43:19+00:00\",\"dateModified\":\"2025-03-27T02:43:39+00:00\",\"breadcrumb\":{\"@id\":\"https:\/\/innoticiasbo.com\/index.php\/2025\/03\/26\/upb-continua-su-ciclo-de-entrevistas-con-la-participacion-de-manfred-reyes-villa\/#breadcrumb\"},\"inLanguage\":\"es\",\"potentialAction\":[{\"@type\":\"ReadAction\",\"target\":[\"https:\/\/innoticiasbo.com\/index.php\/2025\/03\/26\/upb-continua-su-ciclo-de-entrevistas-con-la-participacion-de-manfred-reyes-villa\/\"]}]},{\"@type\":\"ImageObject\",\"inLanguage\":\"es\",\"@id\":\"https:\/\/innoticiasbo.com\/index.php\/2025\/03\/26\/upb-continua-su-ciclo-de-entrevistas-con-la-participacion-de-manfred-reyes-villa\/#primaryimage\",\"url\":\"https:\/\/i0.wp.com\/innoticiasbo.com\/wp-content\/uploads\/2025\/03\/IMG-20250326-WA0179.jpg?fit=1600%2C1066&ssl=1\",\"contentUrl\":\"https:\/\/i0.wp.com\/innoticiasbo.com\/wp-content\/uploads\/2025\/03\/IMG-20250326-WA0179.jpg?fit=1600%2C1066&ssl=1\",\"width\":1600,\"height\":1066},{\"@type\":\"BreadcrumbList\",\"@id\":\"https:\/\/innoticiasbo.com\/index.php\/2025\/03\/26\/upb-continua-su-ciclo-de-entrevistas-con-la-participacion-de-manfred-reyes-villa\/#breadcrumb\",\"itemListElement\":[{\"@type\":\"ListItem\",\"position\":1,\"name\":\"Portada\",\"item\":\"https:\/\/innoticiasbo.com\/\"},{\"@type\":\"ListItem\",\"position\":2,\"name\":\"UPB CONTIN\u00daA SU CICLO DE ENTREVISTAS CON LA PARTICIPACI\u00d3N DE MANFRED REYES VILLA\"}]},{\"@type\":\"WebSite\",\"@id\":\"https:\/\/innoticiasbo.com\/#website\",\"url\":\"https:\/\/innoticiasbo.com\/\",\"name\":\"innoticiasbo.com\",\"description\":\"\",\"publisher\":{\"@id\":\"https:\/\/innoticiasbo.com\/#organization\"},\"potentialAction\":[{\"@type\":\"SearchAction\",\"target\":{\"@type\":\"EntryPoint\",\"urlTemplate\":\"https:\/\/innoticiasbo.com\/?s={search_term_string}\"},\"query-input\":{\"@type\":\"PropertyValueSpecification\",\"valueRequired\":true,\"valueName\":\"search_term_string\"}}],\"inLanguage\":\"es\"},{\"@type\":\"Organization\",\"@id\":\"https:\/\/innoticiasbo.com\/#organization\",\"name\":\"innoticiasbo.com\",\"url\":\"https:\/\/innoticiasbo.com\/\",\"logo\":{\"@type\":\"ImageObject\",\"inLanguage\":\"es\",\"@id\":\"https:\/\/innoticiasbo.com\/#\/schema\/logo\/image\/\",\"url\":\"https:\/\/i0.wp.com\/innoticiasbo.com\/wp-content\/uploads\/2026\/04\/cropped-IN-LOGO.png?fit=1476%2C1476&ssl=1\",\"contentUrl\":\"https:\/\/i0.wp.com\/innoticiasbo.com\/wp-content\/uploads\/2026\/04\/cropped-IN-LOGO.png?fit=1476%2C1476&ssl=1\",\"width\":1476,\"height\":1476,\"caption\":\"innoticiasbo.com\"},\"image\":{\"@id\":\"https:\/\/innoticiasbo.com\/#\/schema\/logo\/image\/\"},\"sameAs\":[\"https:\/\/www.facebook.com\/innoticiasbolivia\",\"https:\/\/x.com\/innoticiasbo\",\"https:\/\/www.instagram.com\/innoticiasbo\",\"https:\/\/www.youtube.com\/innoticiasbo\"]},{\"@type\":\"Person\",\"@id\":\"https:\/\/innoticiasbo.com\/#\/schema\/person\/589cd527c4211df1b943bdad85ec07ce\",\"name\":\"Prensa\",\"image\":{\"@type\":\"ImageObject\",\"inLanguage\":\"es\",\"@id\":\"https:\/\/innoticiasbo.com\/#\/schema\/person\/image\/\",\"url\":\"https:\/\/secure.gravatar.com\/avatar\/d359bbdf112023c1c0a3ec7fe1600657?s=96&d=mm&r=g\",\"contentUrl\":\"https:\/\/secure.gravatar.com\/avatar\/d359bbdf112023c1c0a3ec7fe1600657?s=96&d=mm&r=g\",\"caption\":\"Prensa\"},\"sameAs\":[\"http:\/\/www.innoticiasbo.com\"],\"url\":\"https:\/\/innoticiasbo.com\/index.php\/author\/prensa\/\"}]}<\/script>\n<!-- \/ Yoast SEO plugin. -->","yoast_head_json":{"title":"UPB CONTIN\u00daA SU CICLO DE ENTREVISTAS CON LA PARTICIPACI\u00d3N DE MANFRED REYES VILLA - innoticiasbo.com","robots":{"index":"index","follow":"follow","max-snippet":"max-snippet:-1","max-image-preview":"max-image-preview:large","max-video-preview":"max-video-preview:-1"},"canonical":"https:\/\/innoticiasbo.com\/index.php\/2025\/03\/26\/upb-continua-su-ciclo-de-entrevistas-con-la-participacion-de-manfred-reyes-villa\/","og_locale":"es_ES","og_type":"article","og_title":"UPB CONTIN\u00daA SU CICLO DE ENTREVISTAS CON LA PARTICIPACI\u00d3N DE MANFRED REYES VILLA - innoticiasbo.com","og_description":"Cochabamba, 26 marzo de 2025. La Universidad Privada Boliviana (UPB) llev\u00f3 a cabo la tercera edici\u00f3n del ciclo de entrevistas \u201cSin filtros: Bolivia de cara al futuro\u201d, un espacio de di\u00e1logo con los principales actores pol\u00edticos del pa\u00eds, dise\u00f1ado para responder a las inquietudes de la ciudadan\u00eda de cara a las elecciones del bicentenario. En...","og_url":"https:\/\/innoticiasbo.com\/index.php\/2025\/03\/26\/upb-continua-su-ciclo-de-entrevistas-con-la-participacion-de-manfred-reyes-villa\/","og_site_name":"innoticiasbo.com","article_publisher":"https:\/\/www.facebook.com\/innoticiasbolivia","article_published_time":"2025-03-27T02:43:19+00:00","article_modified_time":"2025-03-27T02:43:39+00:00","og_image":[{"width":1600,"height":1066,"url":"https:\/\/i0.wp.com\/innoticiasbo.com\/wp-content\/uploads\/2025\/03\/IMG-20250326-WA0179.jpg?fit=1600%2C1066&ssl=1","type":"image\/jpeg"}],"author":"Prensa","twitter_card":"summary_large_image","twitter_creator":"@innoticiasbo","twitter_site":"@innoticiasbo","twitter_misc":{"Escrito por":"Prensa","Tiempo de lectura":"4 minutos"},"schema":{"@context":"https:\/\/schema.org","@graph":[{"@type":"Article","@id":"https:\/\/innoticiasbo.com\/index.php\/2025\/03\/26\/upb-continua-su-ciclo-de-entrevistas-con-la-participacion-de-manfred-reyes-villa\/#article","isPartOf":{"@id":"https:\/\/innoticiasbo.com\/index.php\/2025\/03\/26\/upb-continua-su-ciclo-de-entrevistas-con-la-participacion-de-manfred-reyes-villa\/"},"author":{"name":"Prensa","@id":"https:\/\/innoticiasbo.com\/#\/schema\/person\/589cd527c4211df1b943bdad85ec07ce"},"headline":"UPB CONTIN\u00daA SU CICLO DE ENTREVISTAS CON LA PARTICIPACI\u00d3N DE MANFRED REYES VILLA","datePublished":"2025-03-27T02:43:19+00:00","dateModified":"2025-03-27T02:43:39+00:00","mainEntityOfPage":{"@id":"https:\/\/innoticiasbo.com\/index.php\/2025\/03\/26\/upb-continua-su-ciclo-de-entrevistas-con-la-participacion-de-manfred-reyes-villa\/"},"wordCount":720,"commentCount":0,"publisher":{"@id":"https:\/\/innoticiasbo.com\/#organization"},"image":{"@id":"https:\/\/innoticiasbo.com\/index.php\/2025\/03\/26\/upb-continua-su-ciclo-de-entrevistas-con-la-participacion-de-manfred-reyes-villa\/#primaryimage"},"thumbnailUrl":"https:\/\/i0.wp.com\/innoticiasbo.com\/wp-content\/uploads\/2025\/03\/IMG-20250326-WA0179.jpg?fit=1600%2C1066&ssl=1","articleSection":["Bolivia","Pol\u00edtica"],"inLanguage":"es","potentialAction":[{"@type":"CommentAction","name":"Comment","target":["https:\/\/innoticiasbo.com\/index.php\/2025\/03\/26\/upb-continua-su-ciclo-de-entrevistas-con-la-participacion-de-manfred-reyes-villa\/#respond"]}]},{"@type":"WebPage","@id":"https:\/\/innoticiasbo.com\/index.php\/2025\/03\/26\/upb-continua-su-ciclo-de-entrevistas-con-la-participacion-de-manfred-reyes-villa\/","url":"https:\/\/innoticiasbo.com\/index.php\/2025\/03\/26\/upb-continua-su-ciclo-de-entrevistas-con-la-participacion-de-manfred-reyes-villa\/","name":"UPB CONTIN\u00daA SU CICLO DE ENTREVISTAS CON LA PARTICIPACI\u00d3N DE MANFRED REYES VILLA - innoticiasbo.com","isPartOf":{"@id":"https:\/\/innoticiasbo.com\/#website"},"primaryImageOfPage":{"@id":"https:\/\/innoticiasbo.com\/index.php\/2025\/03\/26\/upb-continua-su-ciclo-de-entrevistas-con-la-participacion-de-manfred-reyes-villa\/#primaryimage"},"image":{"@id":"https:\/\/innoticiasbo.com\/index.php\/2025\/03\/26\/upb-continua-su-ciclo-de-entrevistas-con-la-participacion-de-manfred-reyes-villa\/#primaryimage"},"thumbnailUrl":"https:\/\/i0.wp.com\/innoticiasbo.com\/wp-content\/uploads\/2025\/03\/IMG-20250326-WA0179.jpg?fit=1600%2C1066&ssl=1","datePublished":"2025-03-27T02:43:19+00:00","dateModified":"2025-03-27T02:43:39+00:00","breadcrumb":{"@id":"https:\/\/innoticiasbo.com\/index.php\/2025\/03\/26\/upb-continua-su-ciclo-de-entrevistas-con-la-participacion-de-manfred-reyes-villa\/#breadcrumb"},"inLanguage":"es","potentialAction":[{"@type":"ReadAction","target":["https:\/\/innoticiasbo.com\/index.php\/2025\/03\/26\/upb-continua-su-ciclo-de-entrevistas-con-la-participacion-de-manfred-reyes-villa\/"]}]},{"@type":"ImageObject","inLanguage":"es","@id":"https:\/\/innoticiasbo.com\/index.php\/2025\/03\/26\/upb-continua-su-ciclo-de-entrevistas-con-la-participacion-de-manfred-reyes-villa\/#primaryimage","url":"https:\/\/i0.wp.com\/innoticiasbo.com\/wp-content\/uploads\/2025\/03\/IMG-20250326-WA0179.jpg?fit=1600%2C1066&ssl=1","contentUrl":"https:\/\/i0.wp.com\/innoticiasbo.com\/wp-content\/uploads\/2025\/03\/IMG-20250326-WA0179.jpg?fit=1600%2C1066&ssl=1","width":1600,"height":1066},{"@type":"BreadcrumbList","@id":"https:\/\/innoticiasbo.com\/index.php\/2025\/03\/26\/upb-continua-su-ciclo-de-entrevistas-con-la-participacion-de-manfred-reyes-villa\/#breadcrumb","itemListElement":[{"@type":"ListItem","position":1,"name":"Portada","item":"https:\/\/innoticiasbo.com\/"},{"@type":"ListItem","position":2,"name":"UPB CONTIN\u00daA SU CICLO DE ENTREVISTAS CON LA PARTICIPACI\u00d3N DE MANFRED REYES VILLA"}]},{"@type":"WebSite","@id":"https:\/\/innoticiasbo.com\/#website","url":"https:\/\/innoticiasbo.com\/","name":"innoticiasbo.com","description":"","publisher":{"@id":"https:\/\/innoticiasbo.com\/#organization"},"potentialAction":[{"@type":"SearchAction","target":{"@type":"EntryPoint","urlTemplate":"https:\/\/innoticiasbo.com\/?s={search_term_string}"},"query-input":{"@type":"PropertyValueSpecification","valueRequired":true,"valueName":"search_term_string"}}],"inLanguage":"es"},{"@type":"Organization","@id":"https:\/\/innoticiasbo.com\/#organization","name":"innoticiasbo.com","url":"https:\/\/innoticiasbo.com\/","logo":{"@type":"ImageObject","inLanguage":"es","@id":"https:\/\/innoticiasbo.com\/#\/schema\/logo\/image\/","url":"https:\/\/i0.wp.com\/innoticiasbo.com\/wp-content\/uploads\/2026\/04\/cropped-IN-LOGO.png?fit=1476%2C1476&ssl=1","contentUrl":"https:\/\/i0.wp.com\/innoticiasbo.com\/wp-content\/uploads\/2026\/04\/cropped-IN-LOGO.png?fit=1476%2C1476&ssl=1","width":1476,"height":1476,"caption":"innoticiasbo.com"},"image":{"@id":"https:\/\/innoticiasbo.com\/#\/schema\/logo\/image\/"},"sameAs":["https:\/\/www.facebook.com\/innoticiasbolivia","https:\/\/x.com\/innoticiasbo","https:\/\/www.instagram.com\/innoticiasbo","https:\/\/www.youtube.com\/innoticiasbo"]},{"@type":"Person","@id":"https:\/\/innoticiasbo.com\/#\/schema\/person\/589cd527c4211df1b943bdad85ec07ce","name":"Prensa","image":{"@type":"ImageObject","inLanguage":"es","@id":"https:\/\/innoticiasbo.com\/#\/schema\/person\/image\/","url":"https:\/\/secure.gravatar.com\/avatar\/d359bbdf112023c1c0a3ec7fe1600657?s=96&d=mm&r=g","contentUrl":"https:\/\/secure.gravatar.com\/avatar\/d359bbdf112023c1c0a3ec7fe1600657?s=96&d=mm&r=g","caption":"Prensa"},"sameAs":["http:\/\/www.innoticiasbo.com"],"url":"https:\/\/innoticiasbo.com\/index.php\/author\/prensa\/"}]}},"jetpack_featured_media_url":"https:\/\/i0.wp.com\/innoticiasbo.com\/wp-content\/uploads\/2025\/03\/IMG-20250326-WA0179.jpg?fit=1600%2C1066&ssl=1","jetpack_likes_enabled":true,"jetpack_sharing_enabled":true,"jetpack_shortlink":"https:\/\/wp.me\/pg298x-183","_links":{"self":[{"href":"https:\/\/innoticiasbo.com\/index.php\/wp-json\/wp\/v2\/posts\/4343","targetHints":{"allow":["GET"]}}],"collection":[{"href":"https:\/\/innoticiasbo.com\/index.php\/wp-json\/wp\/v2\/posts"}],"about":[{"href":"https:\/\/innoticiasbo.com\/index.php\/wp-json\/wp\/v2\/types\/post"}],"author":[{"embeddable":true,"href":"https:\/\/innoticiasbo.com\/index.php\/wp-json\/wp\/v2\/users\/2"}],"replies":[{"embeddable":true,"href":"https:\/\/innoticiasbo.com\/index.php\/wp-json\/wp\/v2\/comments?post=4343"}],"version-history":[{"count":1,"href":"https:\/\/innoticiasbo.com\/index.php\/wp-json\/wp\/v2\/posts\/4343\/revisions"}],"predecessor-version":[{"id":4344,"href":"https:\/\/innoticiasbo.com\/index.php\/wp-json\/wp\/v2\/posts\/4343\/revisions\/4344"}],"wp:featuredmedia":[{"embeddable":true,"href":"https:\/\/innoticiasbo.com\/index.php\/wp-json\/wp\/v2\/media\/4342"}],"wp:attachment":[{"href":"https:\/\/innoticiasbo.com\/index.php\/wp-json\/wp\/v2\/media?parent=4343"}],"wp:term":[{"taxonomy":"category","embeddable":true,"href":"https:\/\/innoticiasbo.com\/index.php\/wp-json\/wp\/v2\/categories?post=4343"},{"taxonomy":"post_tag","embeddable":true,"href":"https:\/\/innoticiasbo.com\/index.php\/wp-json\/wp\/v2\/tags?post=4343"}],"curies":[{"name":"wp","href":"https:\/\/api.w.org\/{rel}","templated":true}]}}