{"id":4319,"date":"2025-03-25T20:23:38","date_gmt":"2025-03-26T00:23:38","guid":{"rendered":"https:\/\/innoticiasbo.com\/?p=4319"},"modified":"2025-03-25T20:23:38","modified_gmt":"2025-03-26T00:23:38","slug":"fiscalia-alcaldia-de-quillacollo-y-unitepc-unen-acciones-para-implementar-una-camara-gesell","status":"publish","type":"post","link":"https:\/\/innoticiasbo.com\/index.php\/2025\/03\/25\/fiscalia-alcaldia-de-quillacollo-y-unitepc-unen-acciones-para-implementar-una-camara-gesell\/","title":{"rendered":"FISCAL\u00cdA, ALCALD\u00cdA DE QUILLACOLLO Y UNITEPC UNEN ACCIONES PARA IMPLEMENTAR UNA C\u00c1MARA GESELL"},"content":{"rendered":"\n<p>Cochabamba, 25 de marzo, 2025.- El Fiscal Departamental de Cochabamba, Osvaldo Tejerina R\u00edos, inform\u00f3 hoy que, se llev\u00f3 adelante una reuni\u00f3n de coordinaci\u00f3n con el Gobierno Aut\u00f3nomo Municipal de Quillacollo y la Universidad T\u00e9cnica Cosmos (UNITEPC), para garantizar la construcci\u00f3n de una C\u00e1mara Gesell en dicho municipio, que beneficiar\u00e1 a las v\u00edctimas de violencia de los municipios del Valle Bajo.<\/p>\n\n\n\n<figure class=\"wp-block-video\"><video controls src=\"https:\/\/innoticiasbo.com\/wp-content\/uploads\/2025\/03\/d61b548b-914b-4b32-af13-0f59343d2d6d.mp4\"><\/video><\/figure>\n\n\n\n<p>\u201cA partir del lineamiento de nuestro Fiscal General del Estado, Roger Mariaca, que nos instruy\u00f3 que generemos la posibilidad de consolidar una c\u00e1mara Gesell, hemos convocado a la Alcald\u00eda de Quillacollo y al cooperante que es la UNITEPC, espacio en el que hicimos un compromiso para que este instrumento investigativo se haga realidad, nos hemos puesto plazos, fechas y l\u00edmites para concretizar aquello\u201d, dijo el Fiscal Departamental.<\/p>\n\n\n\n<p>La C\u00e1mara Gesell es un espacio exclusivo para entrevistar a ni\u00f1os, ni\u00f1as, adolescentes y otras v\u00edctimas de violencia, permitiendo la toma de declaraciones de manera segura y minimizando la revictimizaci\u00f3n. <\/p>\n\n\n\n<p>Fuente: Prensa FGE<\/p>\n","protected":false},"excerpt":{"rendered":"<p>Cochabamba, 25 de marzo, 2025.- El Fiscal Departamental de Cochabamba, Osvaldo Tejerina R\u00edos, inform\u00f3 hoy que, se llev\u00f3 adelante una reuni\u00f3n de coordinaci\u00f3n con el Gobierno Aut\u00f3nomo Municipal de Quillacollo y la Universidad T\u00e9cnica Cosmos (UNITEPC), para garantizar la construcci\u00f3n de una C\u00e1mara Gesell en dicho municipio, que beneficiar\u00e1 a las v\u00edctimas de violencia de&#8230;<\/p>\n","protected":false},"author":6,"featured_media":4317,"comment_status":"closed","ping_status":"open","sticky":false,"template":"","format":"standard","meta":{"_jetpack_memberships_contains_paid_content":false,"footnotes":"","jetpack_publicize_message":"","jetpack_publicize_feature_enabled":true,"jetpack_social_post_already_shared":true,"jetpack_social_options":{"image_generator_settings":{"template":"highway","enabled":false},"version":2}},"categories":[1],"tags":[],"class_list":["post-4319","post","type-post","status-publish","format-standard","has-post-thumbnail","hentry","category-bolivia"],"jetpack_publicize_connections":[],"yoast_head":"<!-- This site is optimized with the Yoast SEO plugin v23.4 - https:\/\/yoast.com\/wordpress\/plugins\/seo\/ -->\n<title>FISCAL\u00cdA, ALCALD\u00cdA DE QUILLACOLLO Y UNITEPC UNEN ACCIONES PARA IMPLEMENTAR UNA C\u00c1MARA GESELL - innoticiasbo.com<\/title>\n<meta name=\"robots\" content=\"index, follow, max-snippet:-1, max-image-preview:large, max-video-preview:-1\" \/>\n<link rel=\"canonical\" href=\"https:\/\/innoticiasbo.com\/index.php\/2025\/03\/25\/fiscalia-alcaldia-de-quillacollo-y-unitepc-unen-acciones-para-implementar-una-camara-gesell\/\" \/>\n<meta property=\"og:locale\" content=\"es_ES\" \/>\n<meta property=\"og:type\" content=\"article\" \/>\n<meta property=\"og:title\" content=\"FISCAL\u00cdA, ALCALD\u00cdA DE QUILLACOLLO Y UNITEPC UNEN ACCIONES PARA IMPLEMENTAR UNA C\u00c1MARA GESELL - innoticiasbo.com\" \/>\n<meta property=\"og:description\" content=\"Cochabamba, 25 de marzo, 2025.- El Fiscal Departamental de Cochabamba, Osvaldo Tejerina R\u00edos, inform\u00f3 hoy que, se llev\u00f3 adelante una reuni\u00f3n de coordinaci\u00f3n con el Gobierno Aut\u00f3nomo Municipal de Quillacollo y la Universidad T\u00e9cnica Cosmos (UNITEPC), para garantizar la construcci\u00f3n de una C\u00e1mara Gesell en dicho municipio, que beneficiar\u00e1 a las v\u00edctimas de violencia de...\" \/>\n<meta property=\"og:url\" content=\"https:\/\/innoticiasbo.com\/index.php\/2025\/03\/25\/fiscalia-alcaldia-de-quillacollo-y-unitepc-unen-acciones-para-implementar-una-camara-gesell\/\" \/>\n<meta property=\"og:site_name\" content=\"innoticiasbo.com\" \/>\n<meta property=\"article:publisher\" content=\"https:\/\/www.facebook.com\/innoticiasbolivia\" \/>\n<meta property=\"article:published_time\" content=\"2025-03-26T00:23:38+00:00\" \/>\n<meta property=\"og:image\" content=\"https:\/\/i0.wp.com\/innoticiasbo.com\/wp-content\/uploads\/2025\/03\/bb64b1a1-4879-420a-9a7b-617a4d21d3c9-1.jpg?fit=1600%2C1066&ssl=1\" \/>\n\t<meta property=\"og:image:width\" content=\"1600\" \/>\n\t<meta property=\"og:image:height\" content=\"1066\" \/>\n\t<meta property=\"og:image:type\" content=\"image\/jpeg\" \/>\n<meta name=\"author\" content=\"Eliza Riva\" \/>\n<meta name=\"twitter:card\" content=\"summary_large_image\" \/>\n<meta name=\"twitter:creator\" content=\"@innoticiasbo\" \/>\n<meta name=\"twitter:site\" content=\"@innoticiasbo\" \/>\n<meta name=\"twitter:label1\" content=\"Escrito por\" \/>\n\t<meta name=\"twitter:data1\" content=\"Eliza Riva\" \/>\n\t<meta name=\"twitter:label2\" content=\"Tiempo de lectura\" \/>\n\t<meta name=\"twitter:data2\" content=\"1 minuto\" \/>\n<script type=\"application\/ld+json\" class=\"yoast-schema-graph\">{\"@context\":\"https:\/\/schema.org\",\"@graph\":[{\"@type\":\"Article\",\"@id\":\"https:\/\/innoticiasbo.com\/index.php\/2025\/03\/25\/fiscalia-alcaldia-de-quillacollo-y-unitepc-unen-acciones-para-implementar-una-camara-gesell\/#article\",\"isPartOf\":{\"@id\":\"https:\/\/innoticiasbo.com\/index.php\/2025\/03\/25\/fiscalia-alcaldia-de-quillacollo-y-unitepc-unen-acciones-para-implementar-una-camara-gesell\/\"},\"author\":{\"name\":\"Eliza Riva\",\"@id\":\"https:\/\/innoticiasbo.com\/#\/schema\/person\/8c935b6b11c0223d8f77dc01fc948202\"},\"headline\":\"FISCAL\u00cdA, ALCALD\u00cdA DE QUILLACOLLO Y UNITEPC UNEN ACCIONES PARA IMPLEMENTAR UNA C\u00c1MARA GESELL\",\"datePublished\":\"2025-03-26T00:23:38+00:00\",\"dateModified\":\"2025-03-26T00:23:38+00:00\",\"mainEntityOfPage\":{\"@id\":\"https:\/\/innoticiasbo.com\/index.php\/2025\/03\/25\/fiscalia-alcaldia-de-quillacollo-y-unitepc-unen-acciones-para-implementar-una-camara-gesell\/\"},\"wordCount\":191,\"publisher\":{\"@id\":\"https:\/\/innoticiasbo.com\/#organization\"},\"image\":{\"@id\":\"https:\/\/innoticiasbo.com\/index.php\/2025\/03\/25\/fiscalia-alcaldia-de-quillacollo-y-unitepc-unen-acciones-para-implementar-una-camara-gesell\/#primaryimage\"},\"thumbnailUrl\":\"https:\/\/i0.wp.com\/innoticiasbo.com\/wp-content\/uploads\/2025\/03\/bb64b1a1-4879-420a-9a7b-617a4d21d3c9-1.jpg?fit=1600%2C1066&ssl=1\",\"articleSection\":[\"Bolivia\"],\"inLanguage\":\"es\"},{\"@type\":\"WebPage\",\"@id\":\"https:\/\/innoticiasbo.com\/index.php\/2025\/03\/25\/fiscalia-alcaldia-de-quillacollo-y-unitepc-unen-acciones-para-implementar-una-camara-gesell\/\",\"url\":\"https:\/\/innoticiasbo.com\/index.php\/2025\/03\/25\/fiscalia-alcaldia-de-quillacollo-y-unitepc-unen-acciones-para-implementar-una-camara-gesell\/\",\"name\":\"FISCAL\u00cdA, ALCALD\u00cdA DE QUILLACOLLO Y UNITEPC UNEN ACCIONES PARA IMPLEMENTAR UNA C\u00c1MARA GESELL - innoticiasbo.com\",\"isPartOf\":{\"@id\":\"https:\/\/innoticiasbo.com\/#website\"},\"primaryImageOfPage\":{\"@id\":\"https:\/\/innoticiasbo.com\/index.php\/2025\/03\/25\/fiscalia-alcaldia-de-quillacollo-y-unitepc-unen-acciones-para-implementar-una-camara-gesell\/#primaryimage\"},\"image\":{\"@id\":\"https:\/\/innoticiasbo.com\/index.php\/2025\/03\/25\/fiscalia-alcaldia-de-quillacollo-y-unitepc-unen-acciones-para-implementar-una-camara-gesell\/#primaryimage\"},\"thumbnailUrl\":\"https:\/\/i0.wp.com\/innoticiasbo.com\/wp-content\/uploads\/2025\/03\/bb64b1a1-4879-420a-9a7b-617a4d21d3c9-1.jpg?fit=1600%2C1066&ssl=1\",\"datePublished\":\"2025-03-26T00:23:38+00:00\",\"dateModified\":\"2025-03-26T00:23:38+00:00\",\"breadcrumb\":{\"@id\":\"https:\/\/innoticiasbo.com\/index.php\/2025\/03\/25\/fiscalia-alcaldia-de-quillacollo-y-unitepc-unen-acciones-para-implementar-una-camara-gesell\/#breadcrumb\"},\"inLanguage\":\"es\",\"potentialAction\":[{\"@type\":\"ReadAction\",\"target\":[\"https:\/\/innoticiasbo.com\/index.php\/2025\/03\/25\/fiscalia-alcaldia-de-quillacollo-y-unitepc-unen-acciones-para-implementar-una-camara-gesell\/\"]}]},{\"@type\":\"ImageObject\",\"inLanguage\":\"es\",\"@id\":\"https:\/\/innoticiasbo.com\/index.php\/2025\/03\/25\/fiscalia-alcaldia-de-quillacollo-y-unitepc-unen-acciones-para-implementar-una-camara-gesell\/#primaryimage\",\"url\":\"https:\/\/i0.wp.com\/innoticiasbo.com\/wp-content\/uploads\/2025\/03\/bb64b1a1-4879-420a-9a7b-617a4d21d3c9-1.jpg?fit=1600%2C1066&ssl=1\",\"contentUrl\":\"https:\/\/i0.wp.com\/innoticiasbo.com\/wp-content\/uploads\/2025\/03\/bb64b1a1-4879-420a-9a7b-617a4d21d3c9-1.jpg?fit=1600%2C1066&ssl=1\",\"width\":1600,\"height\":1066},{\"@type\":\"BreadcrumbList\",\"@id\":\"https:\/\/innoticiasbo.com\/index.php\/2025\/03\/25\/fiscalia-alcaldia-de-quillacollo-y-unitepc-unen-acciones-para-implementar-una-camara-gesell\/#breadcrumb\",\"itemListElement\":[{\"@type\":\"ListItem\",\"position\":1,\"name\":\"Portada\",\"item\":\"https:\/\/innoticiasbo.com\/\"},{\"@type\":\"ListItem\",\"position\":2,\"name\":\"FISCAL\u00cdA, ALCALD\u00cdA DE QUILLACOLLO Y UNITEPC UNEN ACCIONES PARA IMPLEMENTAR UNA C\u00c1MARA GESELL\"}]},{\"@type\":\"WebSite\",\"@id\":\"https:\/\/innoticiasbo.com\/#website\",\"url\":\"https:\/\/innoticiasbo.com\/\",\"name\":\"innoticiasbo.com\",\"description\":\"\",\"publisher\":{\"@id\":\"https:\/\/innoticiasbo.com\/#organization\"},\"potentialAction\":[{\"@type\":\"SearchAction\",\"target\":{\"@type\":\"EntryPoint\",\"urlTemplate\":\"https:\/\/innoticiasbo.com\/?s={search_term_string}\"},\"query-input\":{\"@type\":\"PropertyValueSpecification\",\"valueRequired\":true,\"valueName\":\"search_term_string\"}}],\"inLanguage\":\"es\"},{\"@type\":\"Organization\",\"@id\":\"https:\/\/innoticiasbo.com\/#organization\",\"name\":\"innoticiasbo.com\",\"url\":\"https:\/\/innoticiasbo.com\/\",\"logo\":{\"@type\":\"ImageObject\",\"inLanguage\":\"es\",\"@id\":\"https:\/\/innoticiasbo.com\/#\/schema\/logo\/image\/\",\"url\":\"https:\/\/i0.wp.com\/innoticiasbo.com\/wp-content\/uploads\/2026\/04\/cropped-IN-LOGO.png?fit=1476%2C1476&ssl=1\",\"contentUrl\":\"https:\/\/i0.wp.com\/innoticiasbo.com\/wp-content\/uploads\/2026\/04\/cropped-IN-LOGO.png?fit=1476%2C1476&ssl=1\",\"width\":1476,\"height\":1476,\"caption\":\"innoticiasbo.com\"},\"image\":{\"@id\":\"https:\/\/innoticiasbo.com\/#\/schema\/logo\/image\/\"},\"sameAs\":[\"https:\/\/www.facebook.com\/innoticiasbolivia\",\"https:\/\/x.com\/innoticiasbo\",\"https:\/\/www.instagram.com\/innoticiasbo\",\"https:\/\/www.youtube.com\/innoticiasbo\"]},{\"@type\":\"Person\",\"@id\":\"https:\/\/innoticiasbo.com\/#\/schema\/person\/8c935b6b11c0223d8f77dc01fc948202\",\"name\":\"Eliza Riva\",\"image\":{\"@type\":\"ImageObject\",\"inLanguage\":\"es\",\"@id\":\"https:\/\/innoticiasbo.com\/#\/schema\/person\/image\/\",\"url\":\"https:\/\/secure.gravatar.com\/avatar\/fdc172c2af344133d19e57e4b7acdee4?s=96&d=mm&r=g\",\"contentUrl\":\"https:\/\/secure.gravatar.com\/avatar\/fdc172c2af344133d19e57e4b7acdee4?s=96&d=mm&r=g\",\"caption\":\"Eliza Riva\"},\"sameAs\":[\"http:\/\/www.innoticiasbo.com\"],\"url\":\"https:\/\/innoticiasbo.com\/index.php\/author\/prensa-4\/\"}]}<\/script>\n<!-- \/ Yoast SEO plugin. -->","yoast_head_json":{"title":"FISCAL\u00cdA, ALCALD\u00cdA DE QUILLACOLLO Y UNITEPC UNEN ACCIONES PARA IMPLEMENTAR UNA C\u00c1MARA GESELL - innoticiasbo.com","robots":{"index":"index","follow":"follow","max-snippet":"max-snippet:-1","max-image-preview":"max-image-preview:large","max-video-preview":"max-video-preview:-1"},"canonical":"https:\/\/innoticiasbo.com\/index.php\/2025\/03\/25\/fiscalia-alcaldia-de-quillacollo-y-unitepc-unen-acciones-para-implementar-una-camara-gesell\/","og_locale":"es_ES","og_type":"article","og_title":"FISCAL\u00cdA, ALCALD\u00cdA DE QUILLACOLLO Y UNITEPC UNEN ACCIONES PARA IMPLEMENTAR UNA C\u00c1MARA GESELL - innoticiasbo.com","og_description":"Cochabamba, 25 de marzo, 2025.- El Fiscal Departamental de Cochabamba, Osvaldo Tejerina R\u00edos, inform\u00f3 hoy que, se llev\u00f3 adelante una reuni\u00f3n de coordinaci\u00f3n con el Gobierno Aut\u00f3nomo Municipal de Quillacollo y la Universidad T\u00e9cnica Cosmos (UNITEPC), para garantizar la construcci\u00f3n de una C\u00e1mara Gesell en dicho municipio, que beneficiar\u00e1 a las v\u00edctimas de violencia de...","og_url":"https:\/\/innoticiasbo.com\/index.php\/2025\/03\/25\/fiscalia-alcaldia-de-quillacollo-y-unitepc-unen-acciones-para-implementar-una-camara-gesell\/","og_site_name":"innoticiasbo.com","article_publisher":"https:\/\/www.facebook.com\/innoticiasbolivia","article_published_time":"2025-03-26T00:23:38+00:00","og_image":[{"width":1600,"height":1066,"url":"https:\/\/i0.wp.com\/innoticiasbo.com\/wp-content\/uploads\/2025\/03\/bb64b1a1-4879-420a-9a7b-617a4d21d3c9-1.jpg?fit=1600%2C1066&ssl=1","type":"image\/jpeg"}],"author":"Eliza Riva","twitter_card":"summary_large_image","twitter_creator":"@innoticiasbo","twitter_site":"@innoticiasbo","twitter_misc":{"Escrito por":"Eliza Riva","Tiempo de lectura":"1 minuto"},"schema":{"@context":"https:\/\/schema.org","@graph":[{"@type":"Article","@id":"https:\/\/innoticiasbo.com\/index.php\/2025\/03\/25\/fiscalia-alcaldia-de-quillacollo-y-unitepc-unen-acciones-para-implementar-una-camara-gesell\/#article","isPartOf":{"@id":"https:\/\/innoticiasbo.com\/index.php\/2025\/03\/25\/fiscalia-alcaldia-de-quillacollo-y-unitepc-unen-acciones-para-implementar-una-camara-gesell\/"},"author":{"name":"Eliza Riva","@id":"https:\/\/innoticiasbo.com\/#\/schema\/person\/8c935b6b11c0223d8f77dc01fc948202"},"headline":"FISCAL\u00cdA, ALCALD\u00cdA DE QUILLACOLLO Y UNITEPC UNEN ACCIONES PARA IMPLEMENTAR UNA C\u00c1MARA GESELL","datePublished":"2025-03-26T00:23:38+00:00","dateModified":"2025-03-26T00:23:38+00:00","mainEntityOfPage":{"@id":"https:\/\/innoticiasbo.com\/index.php\/2025\/03\/25\/fiscalia-alcaldia-de-quillacollo-y-unitepc-unen-acciones-para-implementar-una-camara-gesell\/"},"wordCount":191,"publisher":{"@id":"https:\/\/innoticiasbo.com\/#organization"},"image":{"@id":"https:\/\/innoticiasbo.com\/index.php\/2025\/03\/25\/fiscalia-alcaldia-de-quillacollo-y-unitepc-unen-acciones-para-implementar-una-camara-gesell\/#primaryimage"},"thumbnailUrl":"https:\/\/i0.wp.com\/innoticiasbo.com\/wp-content\/uploads\/2025\/03\/bb64b1a1-4879-420a-9a7b-617a4d21d3c9-1.jpg?fit=1600%2C1066&ssl=1","articleSection":["Bolivia"],"inLanguage":"es"},{"@type":"WebPage","@id":"https:\/\/innoticiasbo.com\/index.php\/2025\/03\/25\/fiscalia-alcaldia-de-quillacollo-y-unitepc-unen-acciones-para-implementar-una-camara-gesell\/","url":"https:\/\/innoticiasbo.com\/index.php\/2025\/03\/25\/fiscalia-alcaldia-de-quillacollo-y-unitepc-unen-acciones-para-implementar-una-camara-gesell\/","name":"FISCAL\u00cdA, ALCALD\u00cdA DE QUILLACOLLO Y UNITEPC UNEN ACCIONES PARA IMPLEMENTAR UNA C\u00c1MARA GESELL - innoticiasbo.com","isPartOf":{"@id":"https:\/\/innoticiasbo.com\/#website"},"primaryImageOfPage":{"@id":"https:\/\/innoticiasbo.com\/index.php\/2025\/03\/25\/fiscalia-alcaldia-de-quillacollo-y-unitepc-unen-acciones-para-implementar-una-camara-gesell\/#primaryimage"},"image":{"@id":"https:\/\/innoticiasbo.com\/index.php\/2025\/03\/25\/fiscalia-alcaldia-de-quillacollo-y-unitepc-unen-acciones-para-implementar-una-camara-gesell\/#primaryimage"},"thumbnailUrl":"https:\/\/i0.wp.com\/innoticiasbo.com\/wp-content\/uploads\/2025\/03\/bb64b1a1-4879-420a-9a7b-617a4d21d3c9-1.jpg?fit=1600%2C1066&ssl=1","datePublished":"2025-03-26T00:23:38+00:00","dateModified":"2025-03-26T00:23:38+00:00","breadcrumb":{"@id":"https:\/\/innoticiasbo.com\/index.php\/2025\/03\/25\/fiscalia-alcaldia-de-quillacollo-y-unitepc-unen-acciones-para-implementar-una-camara-gesell\/#breadcrumb"},"inLanguage":"es","potentialAction":[{"@type":"ReadAction","target":["https:\/\/innoticiasbo.com\/index.php\/2025\/03\/25\/fiscalia-alcaldia-de-quillacollo-y-unitepc-unen-acciones-para-implementar-una-camara-gesell\/"]}]},{"@type":"ImageObject","inLanguage":"es","@id":"https:\/\/innoticiasbo.com\/index.php\/2025\/03\/25\/fiscalia-alcaldia-de-quillacollo-y-unitepc-unen-acciones-para-implementar-una-camara-gesell\/#primaryimage","url":"https:\/\/i0.wp.com\/innoticiasbo.com\/wp-content\/uploads\/2025\/03\/bb64b1a1-4879-420a-9a7b-617a4d21d3c9-1.jpg?fit=1600%2C1066&ssl=1","contentUrl":"https:\/\/i0.wp.com\/innoticiasbo.com\/wp-content\/uploads\/2025\/03\/bb64b1a1-4879-420a-9a7b-617a4d21d3c9-1.jpg?fit=1600%2C1066&ssl=1","width":1600,"height":1066},{"@type":"BreadcrumbList","@id":"https:\/\/innoticiasbo.com\/index.php\/2025\/03\/25\/fiscalia-alcaldia-de-quillacollo-y-unitepc-unen-acciones-para-implementar-una-camara-gesell\/#breadcrumb","itemListElement":[{"@type":"ListItem","position":1,"name":"Portada","item":"https:\/\/innoticiasbo.com\/"},{"@type":"ListItem","position":2,"name":"FISCAL\u00cdA, ALCALD\u00cdA DE QUILLACOLLO Y UNITEPC UNEN ACCIONES PARA IMPLEMENTAR UNA C\u00c1MARA GESELL"}]},{"@type":"WebSite","@id":"https:\/\/innoticiasbo.com\/#website","url":"https:\/\/innoticiasbo.com\/","name":"innoticiasbo.com","description":"","publisher":{"@id":"https:\/\/innoticiasbo.com\/#organization"},"potentialAction":[{"@type":"SearchAction","target":{"@type":"EntryPoint","urlTemplate":"https:\/\/innoticiasbo.com\/?s={search_term_string}"},"query-input":{"@type":"PropertyValueSpecification","valueRequired":true,"valueName":"search_term_string"}}],"inLanguage":"es"},{"@type":"Organization","@id":"https:\/\/innoticiasbo.com\/#organization","name":"innoticiasbo.com","url":"https:\/\/innoticiasbo.com\/","logo":{"@type":"ImageObject","inLanguage":"es","@id":"https:\/\/innoticiasbo.com\/#\/schema\/logo\/image\/","url":"https:\/\/i0.wp.com\/innoticiasbo.com\/wp-content\/uploads\/2026\/04\/cropped-IN-LOGO.png?fit=1476%2C1476&ssl=1","contentUrl":"https:\/\/i0.wp.com\/innoticiasbo.com\/wp-content\/uploads\/2026\/04\/cropped-IN-LOGO.png?fit=1476%2C1476&ssl=1","width":1476,"height":1476,"caption":"innoticiasbo.com"},"image":{"@id":"https:\/\/innoticiasbo.com\/#\/schema\/logo\/image\/"},"sameAs":["https:\/\/www.facebook.com\/innoticiasbolivia","https:\/\/x.com\/innoticiasbo","https:\/\/www.instagram.com\/innoticiasbo","https:\/\/www.youtube.com\/innoticiasbo"]},{"@type":"Person","@id":"https:\/\/innoticiasbo.com\/#\/schema\/person\/8c935b6b11c0223d8f77dc01fc948202","name":"Eliza Riva","image":{"@type":"ImageObject","inLanguage":"es","@id":"https:\/\/innoticiasbo.com\/#\/schema\/person\/image\/","url":"https:\/\/secure.gravatar.com\/avatar\/fdc172c2af344133d19e57e4b7acdee4?s=96&d=mm&r=g","contentUrl":"https:\/\/secure.gravatar.com\/avatar\/fdc172c2af344133d19e57e4b7acdee4?s=96&d=mm&r=g","caption":"Eliza Riva"},"sameAs":["http:\/\/www.innoticiasbo.com"],"url":"https:\/\/innoticiasbo.com\/index.php\/author\/prensa-4\/"}]}},"jetpack_featured_media_url":"https:\/\/i0.wp.com\/innoticiasbo.com\/wp-content\/uploads\/2025\/03\/bb64b1a1-4879-420a-9a7b-617a4d21d3c9-1.jpg?fit=1600%2C1066&ssl=1","jetpack_likes_enabled":true,"jetpack_sharing_enabled":true,"jetpack_shortlink":"https:\/\/wp.me\/pg298x-17F","_links":{"self":[{"href":"https:\/\/innoticiasbo.com\/index.php\/wp-json\/wp\/v2\/posts\/4319","targetHints":{"allow":["GET"]}}],"collection":[{"href":"https:\/\/innoticiasbo.com\/index.php\/wp-json\/wp\/v2\/posts"}],"about":[{"href":"https:\/\/innoticiasbo.com\/index.php\/wp-json\/wp\/v2\/types\/post"}],"author":[{"embeddable":true,"href":"https:\/\/innoticiasbo.com\/index.php\/wp-json\/wp\/v2\/users\/6"}],"replies":[{"embeddable":true,"href":"https:\/\/innoticiasbo.com\/index.php\/wp-json\/wp\/v2\/comments?post=4319"}],"version-history":[{"count":1,"href":"https:\/\/innoticiasbo.com\/index.php\/wp-json\/wp\/v2\/posts\/4319\/revisions"}],"predecessor-version":[{"id":4320,"href":"https:\/\/innoticiasbo.com\/index.php\/wp-json\/wp\/v2\/posts\/4319\/revisions\/4320"}],"wp:featuredmedia":[{"embeddable":true,"href":"https:\/\/innoticiasbo.com\/index.php\/wp-json\/wp\/v2\/media\/4317"}],"wp:attachment":[{"href":"https:\/\/innoticiasbo.com\/index.php\/wp-json\/wp\/v2\/media?parent=4319"}],"wp:term":[{"taxonomy":"category","embeddable":true,"href":"https:\/\/innoticiasbo.com\/index.php\/wp-json\/wp\/v2\/categories?post=4319"},{"taxonomy":"post_tag","embeddable":true,"href":"https:\/\/innoticiasbo.com\/index.php\/wp-json\/wp\/v2\/tags?post=4319"}],"curies":[{"name":"wp","href":"https:\/\/api.w.org\/{rel}","templated":true}]}}