{"id":4222,"date":"2025-03-08T14:16:23","date_gmt":"2025-03-08T18:16:23","guid":{"rendered":"https:\/\/innoticiasbo.com\/?p=4222"},"modified":"2025-03-08T14:17:05","modified_gmt":"2025-03-08T18:17:05","slug":"upb-impulsa-el-debate-politico-rumbo-a-las-elecciones-2025-con-su-ciclo-sin-filtros","status":"publish","type":"post","link":"https:\/\/innoticiasbo.com\/index.php\/2025\/03\/08\/upb-impulsa-el-debate-politico-rumbo-a-las-elecciones-2025-con-su-ciclo-sin-filtros\/","title":{"rendered":"UPB IMPULSA EL DEBATE POL\u00cdTICO RUMBO A LAS ELECCIONES 2025 CON SU CICLO \u201cSIN FILTROS\u201d"},"content":{"rendered":"\n<figure class=\"wp-block-video\"><video controls src=\"https:\/\/innoticiasbo.com\/wp-content\/uploads\/2025\/03\/VID-20250308-WA0036.mp4\"><\/video><\/figure>\n\n\n\n<p><br><br>Cochabamba, 8 de Marzo del 2025.- La Universidad Privada Boliviana (UPB) ha dado inicio a un espacio crucial en el panorama electoral del pa\u00eds: el ciclo de entrevistas \u201cSin filtros: Bolivia de cara al futuro\u201d. Este foro busca generar un debate profundo con actores pol\u00edticos clave, en un contexto donde el futuro de Bolivia se define de cara a las elecciones presidenciales de 2025.<br><br>El pasado viernes, el expresidente Jorge \u201cTuto\u201d Quiroga fue el protagonista de la jornada. Durante su participaci\u00f3n, abord\u00f3 temas fundamentales como la estabilidad democr\u00e1tica, la econom\u00eda y el desarrollo del pa\u00eds en medio de un panorama pol\u00edtico complejo. En su intervenci\u00f3n, destac\u00f3 la importancia de garantizar elecciones limpias y transparentes, adem\u00e1s de plantear propuestas sobre el rumbo que deber\u00eda tomar Bolivia en los pr\u00f3ximos a\u00f1os.<br><br>El ciclo de entrevistas de la UPB se ha consolidado como un espacio donde las preguntas son directas y sin rodeos, permitiendo que los ciudadanos conozcan de primera mano las posturas y visiones de los l\u00edderes pol\u00edticos. Con cada nuevo encuentro, el foro busca fortalecer el debate electoral y ofrecer informaci\u00f3n clave a la poblaci\u00f3n.<br><br>La iniciativa continuar\u00e1 con m\u00e1s invitados relevantes en las pr\u00f3ximas semanas, fomentando un di\u00e1logo abierto sobre los retos y oportunidades del pa\u00eds en el corto y mediano plazo. Se espera la participaci\u00f3n de otros candidatos y figuras pol\u00edticas que marcar\u00e1n la agenda electoral en Bolivia.<br><br>\u00bfQui\u00e9n ser\u00e1 el pr\u00f3ximo en sentarse frente a las preguntas m\u00e1s valientes? La expectativa crece, y el debate apenas comienza.<br><br>#Elecciones2025 #UPB #DebatePol\u00edtico #SinFiltros #Bolivia<\/p>\n","protected":false},"excerpt":{"rendered":"<p>Cochabamba, 8 de Marzo del 2025.- La Universidad Privada Boliviana (UPB) ha dado inicio a un espacio crucial en el panorama electoral del pa\u00eds: el ciclo de entrevistas \u201cSin filtros: Bolivia de cara al futuro\u201d. Este foro busca generar un debate profundo con actores pol\u00edticos clave, en un contexto donde el futuro de Bolivia se&#8230;<\/p>\n","protected":false},"author":7,"featured_media":4221,"comment_status":"open","ping_status":"open","sticky":false,"template":"","format":"standard","meta":{"_jetpack_memberships_contains_paid_content":false,"footnotes":"","jetpack_publicize_message":"","jetpack_publicize_feature_enabled":true,"jetpack_social_post_already_shared":true,"jetpack_social_options":{"image_generator_settings":{"template":"highway","enabled":false},"version":2}},"categories":[1,2,3],"tags":[],"class_list":["post-4222","post","type-post","status-publish","format-standard","has-post-thumbnail","hentry","category-bolivia","category-cochabamba","category-politica"],"jetpack_publicize_connections":[],"yoast_head":"<!-- This site is optimized with the Yoast SEO plugin v23.4 - https:\/\/yoast.com\/wordpress\/plugins\/seo\/ -->\n<title>UPB IMPULSA EL DEBATE POL\u00cdTICO RUMBO A LAS ELECCIONES 2025 CON SU CICLO \u201cSIN FILTROS\u201d - innoticiasbo.com<\/title>\n<meta name=\"robots\" content=\"index, follow, max-snippet:-1, max-image-preview:large, max-video-preview:-1\" \/>\n<link rel=\"canonical\" href=\"https:\/\/innoticiasbo.com\/index.php\/2025\/03\/08\/upb-impulsa-el-debate-politico-rumbo-a-las-elecciones-2025-con-su-ciclo-sin-filtros\/\" \/>\n<meta property=\"og:locale\" content=\"es_ES\" \/>\n<meta property=\"og:type\" content=\"article\" \/>\n<meta property=\"og:title\" content=\"UPB IMPULSA EL DEBATE POL\u00cdTICO RUMBO A LAS ELECCIONES 2025 CON SU CICLO \u201cSIN FILTROS\u201d - innoticiasbo.com\" \/>\n<meta property=\"og:description\" content=\"Cochabamba, 8 de Marzo del 2025.- La Universidad Privada Boliviana (UPB) ha dado inicio a un espacio crucial en el panorama electoral del pa\u00eds: el ciclo de entrevistas \u201cSin filtros: Bolivia de cara al futuro\u201d. Este foro busca generar un debate profundo con actores pol\u00edticos clave, en un contexto donde el futuro de Bolivia se...\" \/>\n<meta property=\"og:url\" content=\"https:\/\/innoticiasbo.com\/index.php\/2025\/03\/08\/upb-impulsa-el-debate-politico-rumbo-a-las-elecciones-2025-con-su-ciclo-sin-filtros\/\" \/>\n<meta property=\"og:site_name\" content=\"innoticiasbo.com\" \/>\n<meta property=\"article:publisher\" content=\"https:\/\/www.facebook.com\/innoticiasbolivia\" \/>\n<meta property=\"article:published_time\" content=\"2025-03-08T18:16:23+00:00\" \/>\n<meta property=\"article:modified_time\" content=\"2025-03-08T18:17:05+00:00\" \/>\n<meta property=\"og:image\" content=\"https:\/\/i0.wp.com\/innoticiasbo.com\/wp-content\/uploads\/2025\/03\/IMG_20250308_14164450.jpeg?fit=848%2C480&ssl=1\" \/>\n\t<meta property=\"og:image:width\" content=\"848\" \/>\n\t<meta property=\"og:image:height\" content=\"480\" \/>\n\t<meta property=\"og:image:type\" content=\"image\/jpeg\" \/>\n<meta name=\"author\" content=\"Abril Rodr\u00edguez\" \/>\n<meta name=\"twitter:card\" content=\"summary_large_image\" \/>\n<meta name=\"twitter:creator\" content=\"@innoticiasbo\" \/>\n<meta name=\"twitter:site\" content=\"@innoticiasbo\" \/>\n<meta name=\"twitter:label1\" content=\"Escrito por\" \/>\n\t<meta name=\"twitter:data1\" content=\"Abril Rodr\u00edguez\" \/>\n\t<meta name=\"twitter:label2\" content=\"Tiempo de lectura\" \/>\n\t<meta name=\"twitter:data2\" content=\"1 minuto\" \/>\n<script type=\"application\/ld+json\" class=\"yoast-schema-graph\">{\"@context\":\"https:\/\/schema.org\",\"@graph\":[{\"@type\":\"Article\",\"@id\":\"https:\/\/innoticiasbo.com\/index.php\/2025\/03\/08\/upb-impulsa-el-debate-politico-rumbo-a-las-elecciones-2025-con-su-ciclo-sin-filtros\/#article\",\"isPartOf\":{\"@id\":\"https:\/\/innoticiasbo.com\/index.php\/2025\/03\/08\/upb-impulsa-el-debate-politico-rumbo-a-las-elecciones-2025-con-su-ciclo-sin-filtros\/\"},\"author\":{\"name\":\"Abril Rodr\u00edguez\",\"@id\":\"https:\/\/innoticiasbo.com\/#\/schema\/person\/a3aa59f775293b57d2f63327b36c159f\"},\"headline\":\"UPB IMPULSA EL DEBATE POL\u00cdTICO RUMBO A LAS ELECCIONES 2025 CON SU CICLO \u201cSIN FILTROS\u201d\",\"datePublished\":\"2025-03-08T18:16:23+00:00\",\"dateModified\":\"2025-03-08T18:17:05+00:00\",\"mainEntityOfPage\":{\"@id\":\"https:\/\/innoticiasbo.com\/index.php\/2025\/03\/08\/upb-impulsa-el-debate-politico-rumbo-a-las-elecciones-2025-con-su-ciclo-sin-filtros\/\"},\"wordCount\":294,\"commentCount\":0,\"publisher\":{\"@id\":\"https:\/\/innoticiasbo.com\/#organization\"},\"image\":{\"@id\":\"https:\/\/innoticiasbo.com\/index.php\/2025\/03\/08\/upb-impulsa-el-debate-politico-rumbo-a-las-elecciones-2025-con-su-ciclo-sin-filtros\/#primaryimage\"},\"thumbnailUrl\":\"https:\/\/i0.wp.com\/innoticiasbo.com\/wp-content\/uploads\/2025\/03\/IMG_20250308_14164450.jpeg?fit=848%2C480&ssl=1\",\"articleSection\":[\"Bolivia\",\"Cochabamba\",\"Pol\u00edtica\"],\"inLanguage\":\"es\",\"potentialAction\":[{\"@type\":\"CommentAction\",\"name\":\"Comment\",\"target\":[\"https:\/\/innoticiasbo.com\/index.php\/2025\/03\/08\/upb-impulsa-el-debate-politico-rumbo-a-las-elecciones-2025-con-su-ciclo-sin-filtros\/#respond\"]}]},{\"@type\":\"WebPage\",\"@id\":\"https:\/\/innoticiasbo.com\/index.php\/2025\/03\/08\/upb-impulsa-el-debate-politico-rumbo-a-las-elecciones-2025-con-su-ciclo-sin-filtros\/\",\"url\":\"https:\/\/innoticiasbo.com\/index.php\/2025\/03\/08\/upb-impulsa-el-debate-politico-rumbo-a-las-elecciones-2025-con-su-ciclo-sin-filtros\/\",\"name\":\"UPB IMPULSA EL DEBATE POL\u00cdTICO RUMBO A LAS ELECCIONES 2025 CON SU CICLO \u201cSIN FILTROS\u201d - innoticiasbo.com\",\"isPartOf\":{\"@id\":\"https:\/\/innoticiasbo.com\/#website\"},\"primaryImageOfPage\":{\"@id\":\"https:\/\/innoticiasbo.com\/index.php\/2025\/03\/08\/upb-impulsa-el-debate-politico-rumbo-a-las-elecciones-2025-con-su-ciclo-sin-filtros\/#primaryimage\"},\"image\":{\"@id\":\"https:\/\/innoticiasbo.com\/index.php\/2025\/03\/08\/upb-impulsa-el-debate-politico-rumbo-a-las-elecciones-2025-con-su-ciclo-sin-filtros\/#primaryimage\"},\"thumbnailUrl\":\"https:\/\/i0.wp.com\/innoticiasbo.com\/wp-content\/uploads\/2025\/03\/IMG_20250308_14164450.jpeg?fit=848%2C480&ssl=1\",\"datePublished\":\"2025-03-08T18:16:23+00:00\",\"dateModified\":\"2025-03-08T18:17:05+00:00\",\"breadcrumb\":{\"@id\":\"https:\/\/innoticiasbo.com\/index.php\/2025\/03\/08\/upb-impulsa-el-debate-politico-rumbo-a-las-elecciones-2025-con-su-ciclo-sin-filtros\/#breadcrumb\"},\"inLanguage\":\"es\",\"potentialAction\":[{\"@type\":\"ReadAction\",\"target\":[\"https:\/\/innoticiasbo.com\/index.php\/2025\/03\/08\/upb-impulsa-el-debate-politico-rumbo-a-las-elecciones-2025-con-su-ciclo-sin-filtros\/\"]}]},{\"@type\":\"ImageObject\",\"inLanguage\":\"es\",\"@id\":\"https:\/\/innoticiasbo.com\/index.php\/2025\/03\/08\/upb-impulsa-el-debate-politico-rumbo-a-las-elecciones-2025-con-su-ciclo-sin-filtros\/#primaryimage\",\"url\":\"https:\/\/i0.wp.com\/innoticiasbo.com\/wp-content\/uploads\/2025\/03\/IMG_20250308_14164450.jpeg?fit=848%2C480&ssl=1\",\"contentUrl\":\"https:\/\/i0.wp.com\/innoticiasbo.com\/wp-content\/uploads\/2025\/03\/IMG_20250308_14164450.jpeg?fit=848%2C480&ssl=1\",\"width\":848,\"height\":480},{\"@type\":\"BreadcrumbList\",\"@id\":\"https:\/\/innoticiasbo.com\/index.php\/2025\/03\/08\/upb-impulsa-el-debate-politico-rumbo-a-las-elecciones-2025-con-su-ciclo-sin-filtros\/#breadcrumb\",\"itemListElement\":[{\"@type\":\"ListItem\",\"position\":1,\"name\":\"Portada\",\"item\":\"https:\/\/innoticiasbo.com\/\"},{\"@type\":\"ListItem\",\"position\":2,\"name\":\"UPB IMPULSA EL DEBATE POL\u00cdTICO RUMBO A LAS ELECCIONES 2025 CON SU CICLO \u201cSIN FILTROS\u201d\"}]},{\"@type\":\"WebSite\",\"@id\":\"https:\/\/innoticiasbo.com\/#website\",\"url\":\"https:\/\/innoticiasbo.com\/\",\"name\":\"innoticiasbo.com\",\"description\":\"\",\"publisher\":{\"@id\":\"https:\/\/innoticiasbo.com\/#organization\"},\"potentialAction\":[{\"@type\":\"SearchAction\",\"target\":{\"@type\":\"EntryPoint\",\"urlTemplate\":\"https:\/\/innoticiasbo.com\/?s={search_term_string}\"},\"query-input\":{\"@type\":\"PropertyValueSpecification\",\"valueRequired\":true,\"valueName\":\"search_term_string\"}}],\"inLanguage\":\"es\"},{\"@type\":\"Organization\",\"@id\":\"https:\/\/innoticiasbo.com\/#organization\",\"name\":\"innoticiasbo.com\",\"url\":\"https:\/\/innoticiasbo.com\/\",\"logo\":{\"@type\":\"ImageObject\",\"inLanguage\":\"es\",\"@id\":\"https:\/\/innoticiasbo.com\/#\/schema\/logo\/image\/\",\"url\":\"https:\/\/i0.wp.com\/innoticiasbo.com\/wp-content\/uploads\/2026\/04\/cropped-IN-LOGO.png?fit=1476%2C1476&ssl=1\",\"contentUrl\":\"https:\/\/i0.wp.com\/innoticiasbo.com\/wp-content\/uploads\/2026\/04\/cropped-IN-LOGO.png?fit=1476%2C1476&ssl=1\",\"width\":1476,\"height\":1476,\"caption\":\"innoticiasbo.com\"},\"image\":{\"@id\":\"https:\/\/innoticiasbo.com\/#\/schema\/logo\/image\/\"},\"sameAs\":[\"https:\/\/www.facebook.com\/innoticiasbolivia\",\"https:\/\/x.com\/innoticiasbo\",\"https:\/\/www.instagram.com\/innoticiasbo\",\"https:\/\/www.youtube.com\/innoticiasbo\"]},{\"@type\":\"Person\",\"@id\":\"https:\/\/innoticiasbo.com\/#\/schema\/person\/a3aa59f775293b57d2f63327b36c159f\",\"name\":\"Abril Rodr\u00edguez\",\"image\":{\"@type\":\"ImageObject\",\"inLanguage\":\"es\",\"@id\":\"https:\/\/innoticiasbo.com\/#\/schema\/person\/image\/\",\"url\":\"https:\/\/secure.gravatar.com\/avatar\/f8e99d792cd766ba261d033b036cbf24?s=96&d=mm&r=g\",\"contentUrl\":\"https:\/\/secure.gravatar.com\/avatar\/f8e99d792cd766ba261d033b036cbf24?s=96&d=mm&r=g\",\"caption\":\"Abril Rodr\u00edguez\"},\"sameAs\":[\"http:\/\/www.innoticiasbo.com\"],\"url\":\"https:\/\/innoticiasbo.com\/index.php\/author\/prensa5\/\"}]}<\/script>\n<!-- \/ Yoast SEO plugin. -->","yoast_head_json":{"title":"UPB IMPULSA EL DEBATE POL\u00cdTICO RUMBO A LAS ELECCIONES 2025 CON SU CICLO \u201cSIN FILTROS\u201d - innoticiasbo.com","robots":{"index":"index","follow":"follow","max-snippet":"max-snippet:-1","max-image-preview":"max-image-preview:large","max-video-preview":"max-video-preview:-1"},"canonical":"https:\/\/innoticiasbo.com\/index.php\/2025\/03\/08\/upb-impulsa-el-debate-politico-rumbo-a-las-elecciones-2025-con-su-ciclo-sin-filtros\/","og_locale":"es_ES","og_type":"article","og_title":"UPB IMPULSA EL DEBATE POL\u00cdTICO RUMBO A LAS ELECCIONES 2025 CON SU CICLO \u201cSIN FILTROS\u201d - innoticiasbo.com","og_description":"Cochabamba, 8 de Marzo del 2025.- La Universidad Privada Boliviana (UPB) ha dado inicio a un espacio crucial en el panorama electoral del pa\u00eds: el ciclo de entrevistas \u201cSin filtros: Bolivia de cara al futuro\u201d. Este foro busca generar un debate profundo con actores pol\u00edticos clave, en un contexto donde el futuro de Bolivia se...","og_url":"https:\/\/innoticiasbo.com\/index.php\/2025\/03\/08\/upb-impulsa-el-debate-politico-rumbo-a-las-elecciones-2025-con-su-ciclo-sin-filtros\/","og_site_name":"innoticiasbo.com","article_publisher":"https:\/\/www.facebook.com\/innoticiasbolivia","article_published_time":"2025-03-08T18:16:23+00:00","article_modified_time":"2025-03-08T18:17:05+00:00","og_image":[{"width":848,"height":480,"url":"https:\/\/i0.wp.com\/innoticiasbo.com\/wp-content\/uploads\/2025\/03\/IMG_20250308_14164450.jpeg?fit=848%2C480&ssl=1","type":"image\/jpeg"}],"author":"Abril Rodr\u00edguez","twitter_card":"summary_large_image","twitter_creator":"@innoticiasbo","twitter_site":"@innoticiasbo","twitter_misc":{"Escrito por":"Abril Rodr\u00edguez","Tiempo de lectura":"1 minuto"},"schema":{"@context":"https:\/\/schema.org","@graph":[{"@type":"Article","@id":"https:\/\/innoticiasbo.com\/index.php\/2025\/03\/08\/upb-impulsa-el-debate-politico-rumbo-a-las-elecciones-2025-con-su-ciclo-sin-filtros\/#article","isPartOf":{"@id":"https:\/\/innoticiasbo.com\/index.php\/2025\/03\/08\/upb-impulsa-el-debate-politico-rumbo-a-las-elecciones-2025-con-su-ciclo-sin-filtros\/"},"author":{"name":"Abril Rodr\u00edguez","@id":"https:\/\/innoticiasbo.com\/#\/schema\/person\/a3aa59f775293b57d2f63327b36c159f"},"headline":"UPB IMPULSA EL DEBATE POL\u00cdTICO RUMBO A LAS ELECCIONES 2025 CON SU CICLO \u201cSIN FILTROS\u201d","datePublished":"2025-03-08T18:16:23+00:00","dateModified":"2025-03-08T18:17:05+00:00","mainEntityOfPage":{"@id":"https:\/\/innoticiasbo.com\/index.php\/2025\/03\/08\/upb-impulsa-el-debate-politico-rumbo-a-las-elecciones-2025-con-su-ciclo-sin-filtros\/"},"wordCount":294,"commentCount":0,"publisher":{"@id":"https:\/\/innoticiasbo.com\/#organization"},"image":{"@id":"https:\/\/innoticiasbo.com\/index.php\/2025\/03\/08\/upb-impulsa-el-debate-politico-rumbo-a-las-elecciones-2025-con-su-ciclo-sin-filtros\/#primaryimage"},"thumbnailUrl":"https:\/\/i0.wp.com\/innoticiasbo.com\/wp-content\/uploads\/2025\/03\/IMG_20250308_14164450.jpeg?fit=848%2C480&ssl=1","articleSection":["Bolivia","Cochabamba","Pol\u00edtica"],"inLanguage":"es","potentialAction":[{"@type":"CommentAction","name":"Comment","target":["https:\/\/innoticiasbo.com\/index.php\/2025\/03\/08\/upb-impulsa-el-debate-politico-rumbo-a-las-elecciones-2025-con-su-ciclo-sin-filtros\/#respond"]}]},{"@type":"WebPage","@id":"https:\/\/innoticiasbo.com\/index.php\/2025\/03\/08\/upb-impulsa-el-debate-politico-rumbo-a-las-elecciones-2025-con-su-ciclo-sin-filtros\/","url":"https:\/\/innoticiasbo.com\/index.php\/2025\/03\/08\/upb-impulsa-el-debate-politico-rumbo-a-las-elecciones-2025-con-su-ciclo-sin-filtros\/","name":"UPB IMPULSA EL DEBATE POL\u00cdTICO RUMBO A LAS ELECCIONES 2025 CON SU CICLO \u201cSIN FILTROS\u201d - innoticiasbo.com","isPartOf":{"@id":"https:\/\/innoticiasbo.com\/#website"},"primaryImageOfPage":{"@id":"https:\/\/innoticiasbo.com\/index.php\/2025\/03\/08\/upb-impulsa-el-debate-politico-rumbo-a-las-elecciones-2025-con-su-ciclo-sin-filtros\/#primaryimage"},"image":{"@id":"https:\/\/innoticiasbo.com\/index.php\/2025\/03\/08\/upb-impulsa-el-debate-politico-rumbo-a-las-elecciones-2025-con-su-ciclo-sin-filtros\/#primaryimage"},"thumbnailUrl":"https:\/\/i0.wp.com\/innoticiasbo.com\/wp-content\/uploads\/2025\/03\/IMG_20250308_14164450.jpeg?fit=848%2C480&ssl=1","datePublished":"2025-03-08T18:16:23+00:00","dateModified":"2025-03-08T18:17:05+00:00","breadcrumb":{"@id":"https:\/\/innoticiasbo.com\/index.php\/2025\/03\/08\/upb-impulsa-el-debate-politico-rumbo-a-las-elecciones-2025-con-su-ciclo-sin-filtros\/#breadcrumb"},"inLanguage":"es","potentialAction":[{"@type":"ReadAction","target":["https:\/\/innoticiasbo.com\/index.php\/2025\/03\/08\/upb-impulsa-el-debate-politico-rumbo-a-las-elecciones-2025-con-su-ciclo-sin-filtros\/"]}]},{"@type":"ImageObject","inLanguage":"es","@id":"https:\/\/innoticiasbo.com\/index.php\/2025\/03\/08\/upb-impulsa-el-debate-politico-rumbo-a-las-elecciones-2025-con-su-ciclo-sin-filtros\/#primaryimage","url":"https:\/\/i0.wp.com\/innoticiasbo.com\/wp-content\/uploads\/2025\/03\/IMG_20250308_14164450.jpeg?fit=848%2C480&ssl=1","contentUrl":"https:\/\/i0.wp.com\/innoticiasbo.com\/wp-content\/uploads\/2025\/03\/IMG_20250308_14164450.jpeg?fit=848%2C480&ssl=1","width":848,"height":480},{"@type":"BreadcrumbList","@id":"https:\/\/innoticiasbo.com\/index.php\/2025\/03\/08\/upb-impulsa-el-debate-politico-rumbo-a-las-elecciones-2025-con-su-ciclo-sin-filtros\/#breadcrumb","itemListElement":[{"@type":"ListItem","position":1,"name":"Portada","item":"https:\/\/innoticiasbo.com\/"},{"@type":"ListItem","position":2,"name":"UPB IMPULSA EL DEBATE POL\u00cdTICO RUMBO A LAS ELECCIONES 2025 CON SU CICLO \u201cSIN FILTROS\u201d"}]},{"@type":"WebSite","@id":"https:\/\/innoticiasbo.com\/#website","url":"https:\/\/innoticiasbo.com\/","name":"innoticiasbo.com","description":"","publisher":{"@id":"https:\/\/innoticiasbo.com\/#organization"},"potentialAction":[{"@type":"SearchAction","target":{"@type":"EntryPoint","urlTemplate":"https:\/\/innoticiasbo.com\/?s={search_term_string}"},"query-input":{"@type":"PropertyValueSpecification","valueRequired":true,"valueName":"search_term_string"}}],"inLanguage":"es"},{"@type":"Organization","@id":"https:\/\/innoticiasbo.com\/#organization","name":"innoticiasbo.com","url":"https:\/\/innoticiasbo.com\/","logo":{"@type":"ImageObject","inLanguage":"es","@id":"https:\/\/innoticiasbo.com\/#\/schema\/logo\/image\/","url":"https:\/\/i0.wp.com\/innoticiasbo.com\/wp-content\/uploads\/2026\/04\/cropped-IN-LOGO.png?fit=1476%2C1476&ssl=1","contentUrl":"https:\/\/i0.wp.com\/innoticiasbo.com\/wp-content\/uploads\/2026\/04\/cropped-IN-LOGO.png?fit=1476%2C1476&ssl=1","width":1476,"height":1476,"caption":"innoticiasbo.com"},"image":{"@id":"https:\/\/innoticiasbo.com\/#\/schema\/logo\/image\/"},"sameAs":["https:\/\/www.facebook.com\/innoticiasbolivia","https:\/\/x.com\/innoticiasbo","https:\/\/www.instagram.com\/innoticiasbo","https:\/\/www.youtube.com\/innoticiasbo"]},{"@type":"Person","@id":"https:\/\/innoticiasbo.com\/#\/schema\/person\/a3aa59f775293b57d2f63327b36c159f","name":"Abril Rodr\u00edguez","image":{"@type":"ImageObject","inLanguage":"es","@id":"https:\/\/innoticiasbo.com\/#\/schema\/person\/image\/","url":"https:\/\/secure.gravatar.com\/avatar\/f8e99d792cd766ba261d033b036cbf24?s=96&d=mm&r=g","contentUrl":"https:\/\/secure.gravatar.com\/avatar\/f8e99d792cd766ba261d033b036cbf24?s=96&d=mm&r=g","caption":"Abril Rodr\u00edguez"},"sameAs":["http:\/\/www.innoticiasbo.com"],"url":"https:\/\/innoticiasbo.com\/index.php\/author\/prensa5\/"}]}},"jetpack_featured_media_url":"https:\/\/i0.wp.com\/innoticiasbo.com\/wp-content\/uploads\/2025\/03\/IMG_20250308_14164450.jpeg?fit=848%2C480&ssl=1","jetpack_likes_enabled":true,"jetpack_sharing_enabled":true,"jetpack_shortlink":"https:\/\/wp.me\/pg298x-166","_links":{"self":[{"href":"https:\/\/innoticiasbo.com\/index.php\/wp-json\/wp\/v2\/posts\/4222","targetHints":{"allow":["GET"]}}],"collection":[{"href":"https:\/\/innoticiasbo.com\/index.php\/wp-json\/wp\/v2\/posts"}],"about":[{"href":"https:\/\/innoticiasbo.com\/index.php\/wp-json\/wp\/v2\/types\/post"}],"author":[{"embeddable":true,"href":"https:\/\/innoticiasbo.com\/index.php\/wp-json\/wp\/v2\/users\/7"}],"replies":[{"embeddable":true,"href":"https:\/\/innoticiasbo.com\/index.php\/wp-json\/wp\/v2\/comments?post=4222"}],"version-history":[{"count":1,"href":"https:\/\/innoticiasbo.com\/index.php\/wp-json\/wp\/v2\/posts\/4222\/revisions"}],"predecessor-version":[{"id":4223,"href":"https:\/\/innoticiasbo.com\/index.php\/wp-json\/wp\/v2\/posts\/4222\/revisions\/4223"}],"wp:featuredmedia":[{"embeddable":true,"href":"https:\/\/innoticiasbo.com\/index.php\/wp-json\/wp\/v2\/media\/4221"}],"wp:attachment":[{"href":"https:\/\/innoticiasbo.com\/index.php\/wp-json\/wp\/v2\/media?parent=4222"}],"wp:term":[{"taxonomy":"category","embeddable":true,"href":"https:\/\/innoticiasbo.com\/index.php\/wp-json\/wp\/v2\/categories?post=4222"},{"taxonomy":"post_tag","embeddable":true,"href":"https:\/\/innoticiasbo.com\/index.php\/wp-json\/wp\/v2\/tags?post=4222"}],"curies":[{"name":"wp","href":"https:\/\/api.w.org\/{rel}","templated":true}]}}