{"id":4155,"date":"2025-02-25T00:37:04","date_gmt":"2025-02-25T04:37:04","guid":{"rendered":"https:\/\/innoticiasbo.com\/?p=4155"},"modified":"2025-02-25T00:37:19","modified_gmt":"2025-02-25T04:37:19","slug":"aduana-moderniza-el-control-fronterizo-con-brasil-con-nuevo-edificio-y-servicios","status":"publish","type":"post","link":"https:\/\/innoticiasbo.com\/index.php\/2025\/02\/25\/aduana-moderniza-el-control-fronterizo-con-brasil-con-nuevo-edificio-y-servicios\/","title":{"rendered":"ADUANA MODERNIZA EL CONTROL FRONTERIZO CON BRASIL CON NUEVO EDIFICIO Y SERVICIOS"},"content":{"rendered":"\n<p>Puerto Suarez, 26 de febrero\u00a0 de 2025.- La Aduana Nacional inaugur\u00f3\u00a0 un edificio de seis plantas en Puerto Su\u00e1rez, frontera con Brasil, junto con infraestructuras m\u00f3viles para los Puntos de Inspecci\u00f3n Aduanera de Abap\u00f3 y Yacuses, y mejoras en las oficinas de Puerto Quijarro. La inversi\u00f3n total alcanz\u00f3 24,1 millones de bolivianos, con fondos p\u00fablicos y propios.<\/p>\n\n\n\n<p><br>El edificio de Puerto Su\u00e1rez, construido con 20,5 millones de bolivianos, es ahora el m\u00e1s moderno de la zona. Incluye un Centro de Contacto, viviendas para funcionarios, un archivo documental, una plataforma de atenci\u00f3n a operadores de comercio exterior, una sala de capacitaciones, cinco espacios para archivo, 64 dormitorios con ba\u00f1o privado, una terraza amplia y un ascensor, entre otros ambientes.<br>El archivo se organiz\u00f3 con documentos clasificados, foliados y digitalizados. En noviembre de 2024, la Aduana lanz\u00f3 el sistema JAREMBAE, que permite solicitar copias simples, legalizadas y certificaciones desde el celular en cualquier lugar del pa\u00eds.<\/p>\n\n\n\n<figure class=\"wp-block-image size-large\"><img data-recalc-dims=\"1\" loading=\"lazy\" decoding=\"async\" width=\"640\" height=\"427\" src=\"https:\/\/i0.wp.com\/innoticiasbo.com\/wp-content\/uploads\/2025\/02\/img-20250224-wa01307419076620097048258.jpg?resize=640%2C427&#038;ssl=1\" alt=\"\" class=\"wp-image-4150\" srcset=\"https:\/\/i0.wp.com\/innoticiasbo.com\/wp-content\/uploads\/2025\/02\/img-20250224-wa01307419076620097048258.jpg?resize=1024%2C683&amp;ssl=1 1024w, https:\/\/i0.wp.com\/innoticiasbo.com\/wp-content\/uploads\/2025\/02\/img-20250224-wa01307419076620097048258.jpg?resize=300%2C200&amp;ssl=1 300w, https:\/\/i0.wp.com\/innoticiasbo.com\/wp-content\/uploads\/2025\/02\/img-20250224-wa01307419076620097048258.jpg?resize=768%2C512&amp;ssl=1 768w, https:\/\/i0.wp.com\/innoticiasbo.com\/wp-content\/uploads\/2025\/02\/img-20250224-wa01307419076620097048258.jpg?resize=1536%2C1025&amp;ssl=1 1536w, https:\/\/i0.wp.com\/innoticiasbo.com\/wp-content\/uploads\/2025\/02\/img-20250224-wa01307419076620097048258.jpg?resize=600%2C400&amp;ssl=1 600w, https:\/\/i0.wp.com\/innoticiasbo.com\/wp-content\/uploads\/2025\/02\/img-20250224-wa01307419076620097048258.jpg?w=2000&amp;ssl=1 2000w, https:\/\/i0.wp.com\/innoticiasbo.com\/wp-content\/uploads\/2025\/02\/img-20250224-wa01307419076620097048258.jpg?w=1280&amp;ssl=1 1280w, https:\/\/i0.wp.com\/innoticiasbo.com\/wp-content\/uploads\/2025\/02\/img-20250224-wa01307419076620097048258.jpg?w=1920&amp;ssl=1 1920w\" sizes=\"auto, (max-width: 640px) 100vw, 640px\" \/><\/figure>\n\n\n\n<p><br>El presidente Luis Arce y la presidenta de la Aduana, Karina Serrudo, inauguraron hoy las instalaciones. Estos espacios mejoran la atenci\u00f3n a operadores comerciales y las condiciones de estancia del personal aduanero, y eliminan los 367.153 bolivianos anuales, en promedio, que se gastaban en alquiler de viviendas para el personal aduanero.<\/p>\n\n\n\n<figure class=\"wp-block-image size-large\"><img data-recalc-dims=\"1\" loading=\"lazy\" decoding=\"async\" width=\"640\" height=\"427\" src=\"https:\/\/i0.wp.com\/innoticiasbo.com\/wp-content\/uploads\/2025\/02\/img-20250224-wa01243982030936510043134.jpg?resize=640%2C427&#038;ssl=1\" alt=\"\" class=\"wp-image-4151\" srcset=\"https:\/\/i0.wp.com\/innoticiasbo.com\/wp-content\/uploads\/2025\/02\/img-20250224-wa01243982030936510043134.jpg?resize=1024%2C683&amp;ssl=1 1024w, https:\/\/i0.wp.com\/innoticiasbo.com\/wp-content\/uploads\/2025\/02\/img-20250224-wa01243982030936510043134.jpg?resize=300%2C200&amp;ssl=1 300w, https:\/\/i0.wp.com\/innoticiasbo.com\/wp-content\/uploads\/2025\/02\/img-20250224-wa01243982030936510043134.jpg?resize=768%2C512&amp;ssl=1 768w, https:\/\/i0.wp.com\/innoticiasbo.com\/wp-content\/uploads\/2025\/02\/img-20250224-wa01243982030936510043134.jpg?resize=1536%2C1025&amp;ssl=1 1536w, https:\/\/i0.wp.com\/innoticiasbo.com\/wp-content\/uploads\/2025\/02\/img-20250224-wa01243982030936510043134.jpg?resize=600%2C400&amp;ssl=1 600w, https:\/\/i0.wp.com\/innoticiasbo.com\/wp-content\/uploads\/2025\/02\/img-20250224-wa01243982030936510043134.jpg?w=2000&amp;ssl=1 2000w, https:\/\/i0.wp.com\/innoticiasbo.com\/wp-content\/uploads\/2025\/02\/img-20250224-wa01243982030936510043134.jpg?w=1280&amp;ssl=1 1280w, https:\/\/i0.wp.com\/innoticiasbo.com\/wp-content\/uploads\/2025\/02\/img-20250224-wa01243982030936510043134.jpg?w=1920&amp;ssl=1 1920w\" sizes=\"auto, (max-width: 640px) 100vw, 640px\" \/><\/figure>\n\n\n\n<p><br>\u201cEsta obra eleva la eficiencia operativa y la calidad de los servicios. Centraliza funciones, asegura el almacenamiento de documentos y aloja al personal, y fortalece el comercio y la seguridad fronteriza\u201d, afirm\u00f3 Serrudo.<br>Ubicada en la provincia Germ\u00e1n Busch, Santa Cruz, cerca de Brasil, la Aduana Frontera Puerto Su\u00e1rez es clave para el transporte de carga y pasajeros. Gestiona reg\u00edmenes aduaneros como importaci\u00f3n (general, inmediata y anticipada), exportaci\u00f3n, tr\u00e1nsito aduanero, dep\u00f3sito,<\/p>\n\n\n\n<figure class=\"wp-block-image size-large\"><img data-recalc-dims=\"1\" loading=\"lazy\" decoding=\"async\" width=\"640\" height=\"427\" src=\"https:\/\/i0.wp.com\/innoticiasbo.com\/wp-content\/uploads\/2025\/02\/img-20250224-wa01288699625518584149441.jpg?resize=640%2C427&#038;ssl=1\" alt=\"\" class=\"wp-image-4152\" srcset=\"https:\/\/i0.wp.com\/innoticiasbo.com\/wp-content\/uploads\/2025\/02\/img-20250224-wa01288699625518584149441.jpg?resize=1024%2C683&amp;ssl=1 1024w, https:\/\/i0.wp.com\/innoticiasbo.com\/wp-content\/uploads\/2025\/02\/img-20250224-wa01288699625518584149441.jpg?resize=300%2C200&amp;ssl=1 300w, https:\/\/i0.wp.com\/innoticiasbo.com\/wp-content\/uploads\/2025\/02\/img-20250224-wa01288699625518584149441.jpg?resize=768%2C512&amp;ssl=1 768w, https:\/\/i0.wp.com\/innoticiasbo.com\/wp-content\/uploads\/2025\/02\/img-20250224-wa01288699625518584149441.jpg?resize=1536%2C1025&amp;ssl=1 1536w, https:\/\/i0.wp.com\/innoticiasbo.com\/wp-content\/uploads\/2025\/02\/img-20250224-wa01288699625518584149441.jpg?resize=600%2C400&amp;ssl=1 600w, https:\/\/i0.wp.com\/innoticiasbo.com\/wp-content\/uploads\/2025\/02\/img-20250224-wa01288699625518584149441.jpg?w=2000&amp;ssl=1 2000w, https:\/\/i0.wp.com\/innoticiasbo.com\/wp-content\/uploads\/2025\/02\/img-20250224-wa01288699625518584149441.jpg?w=1280&amp;ssl=1 1280w, https:\/\/i0.wp.com\/innoticiasbo.com\/wp-content\/uploads\/2025\/02\/img-20250224-wa01288699625518584149441.jpg?w=1920&amp;ssl=1 1920w\" sizes=\"auto, (max-width: 640px) 100vw, 640px\" \/><\/figure>\n\n\n\n<figure class=\"wp-block-image\"><img data-recalc-dims=\"1\" loading=\"lazy\" decoding=\"async\" width=\"640\" height=\"427\" src=\"https:\/\/i0.wp.com\/innoticiasbo.com\/wp-content\/uploads\/2025\/02\/img-20250224-wa0126701987947561856879.jpg?resize=640%2C427&#038;ssl=1\" alt=\"\" class=\"wp-image-4153\" srcset=\"https:\/\/i0.wp.com\/innoticiasbo.com\/wp-content\/uploads\/2025\/02\/img-20250224-wa0126701987947561856879.jpg?resize=1024%2C683&amp;ssl=1 1024w, https:\/\/i0.wp.com\/innoticiasbo.com\/wp-content\/uploads\/2025\/02\/img-20250224-wa0126701987947561856879.jpg?resize=300%2C200&amp;ssl=1 300w, https:\/\/i0.wp.com\/innoticiasbo.com\/wp-content\/uploads\/2025\/02\/img-20250224-wa0126701987947561856879.jpg?resize=768%2C512&amp;ssl=1 768w, https:\/\/i0.wp.com\/innoticiasbo.com\/wp-content\/uploads\/2025\/02\/img-20250224-wa0126701987947561856879.jpg?resize=1536%2C1025&amp;ssl=1 1536w, https:\/\/i0.wp.com\/innoticiasbo.com\/wp-content\/uploads\/2025\/02\/img-20250224-wa0126701987947561856879.jpg?resize=600%2C400&amp;ssl=1 600w, https:\/\/i0.wp.com\/innoticiasbo.com\/wp-content\/uploads\/2025\/02\/img-20250224-wa0126701987947561856879.jpg?w=2000&amp;ssl=1 2000w, https:\/\/i0.wp.com\/innoticiasbo.com\/wp-content\/uploads\/2025\/02\/img-20250224-wa0126701987947561856879.jpg?w=1280&amp;ssl=1 1280w, https:\/\/i0.wp.com\/innoticiasbo.com\/wp-content\/uploads\/2025\/02\/img-20250224-wa0126701987947561856879.jpg?w=1920&amp;ssl=1 1920w\" sizes=\"auto, (max-width: 640px) 100vw, 640px\" \/><\/figure>\n\n\n\n<p> veh\u00edculos de turismo y viajeros internacionales.<br>En 2024, recaud\u00f3 982 millones de bolivianos. Las importaciones (CIF) sumaron 5.290 millones, con productos destacados como preparaciones alimenticias, pl\u00e1sticos, papel, maquinaria agr\u00edcola, bebidas alcoh\u00f3licas, transformadores, tractores, alimentos para mascotas, hierro fundido, animales vivos, aceites de petr\u00f3leo y cer\u00e1micas. Las exportaciones (FOB) alcanzaron 9.025 millones, con gas natural, urea, abonos, m\u00e1quinas para semillas, tejidos sint\u00e9ticos y derivados de soya como principales productos.<br>En el a\u00f1o del Bicentenario, la Aduana Nacional, bajo los lineamientos trazados por el Presidente Luis Arce, impulsa el comercio exterior con estas mejoras.<\/p>\n","protected":false},"excerpt":{"rendered":"<p>Puerto Suarez, 26 de febrero\u00a0 de 2025.- La Aduana Nacional inaugur\u00f3\u00a0 un edificio de seis plantas en Puerto Su\u00e1rez, frontera con Brasil, junto con infraestructuras m\u00f3viles para los Puntos de Inspecci\u00f3n Aduanera de Abap\u00f3 y Yacuses, y mejoras en las oficinas de Puerto Quijarro. La inversi\u00f3n total alcanz\u00f3 24,1 millones de bolivianos, con fondos p\u00fablicos&#8230;<\/p>\n","protected":false},"author":2,"featured_media":4154,"comment_status":"open","ping_status":"open","sticky":false,"template":"","format":"standard","meta":{"_jetpack_memberships_contains_paid_content":false,"footnotes":"","jetpack_publicize_message":"","jetpack_publicize_feature_enabled":true,"jetpack_social_post_already_shared":true,"jetpack_social_options":{"image_generator_settings":{"template":"highway","enabled":false},"version":2}},"categories":[1,16],"tags":[],"class_list":["post-4155","post","type-post","status-publish","format-standard","has-post-thumbnail","hentry","category-bolivia","category-economia"],"jetpack_publicize_connections":[],"yoast_head":"<!-- This site is optimized with the Yoast SEO plugin v23.4 - https:\/\/yoast.com\/wordpress\/plugins\/seo\/ -->\n<title>ADUANA MODERNIZA EL CONTROL FRONTERIZO CON BRASIL CON NUEVO EDIFICIO Y SERVICIOS - innoticiasbo.com<\/title>\n<meta name=\"robots\" content=\"index, follow, max-snippet:-1, max-image-preview:large, max-video-preview:-1\" \/>\n<link rel=\"canonical\" href=\"https:\/\/innoticiasbo.com\/index.php\/2025\/02\/25\/aduana-moderniza-el-control-fronterizo-con-brasil-con-nuevo-edificio-y-servicios\/\" \/>\n<meta property=\"og:locale\" content=\"es_ES\" \/>\n<meta property=\"og:type\" content=\"article\" \/>\n<meta property=\"og:title\" content=\"ADUANA MODERNIZA EL CONTROL FRONTERIZO CON BRASIL CON NUEVO EDIFICIO Y SERVICIOS - innoticiasbo.com\" \/>\n<meta property=\"og:description\" content=\"Puerto Suarez, 26 de febrero\u00a0 de 2025.- La Aduana Nacional inaugur\u00f3\u00a0 un edificio de seis plantas en Puerto Su\u00e1rez, frontera con Brasil, junto con infraestructuras m\u00f3viles para los Puntos de Inspecci\u00f3n Aduanera de Abap\u00f3 y Yacuses, y mejoras en las oficinas de Puerto Quijarro. La inversi\u00f3n total alcanz\u00f3 24,1 millones de bolivianos, con fondos p\u00fablicos...\" \/>\n<meta property=\"og:url\" content=\"https:\/\/innoticiasbo.com\/index.php\/2025\/02\/25\/aduana-moderniza-el-control-fronterizo-con-brasil-con-nuevo-edificio-y-servicios\/\" \/>\n<meta property=\"og:site_name\" content=\"innoticiasbo.com\" \/>\n<meta property=\"article:publisher\" content=\"https:\/\/www.facebook.com\/innoticiasbolivia\" \/>\n<meta property=\"article:published_time\" content=\"2025-02-25T04:37:04+00:00\" \/>\n<meta property=\"article:modified_time\" content=\"2025-02-25T04:37:19+00:00\" \/>\n<meta property=\"og:image\" content=\"https:\/\/i0.wp.com\/innoticiasbo.com\/wp-content\/uploads\/2025\/02\/IMG-20250224-WA0138-scaled.jpg?fit=2560%2C1920&ssl=1\" \/>\n\t<meta property=\"og:image:width\" content=\"2560\" \/>\n\t<meta property=\"og:image:height\" content=\"1920\" \/>\n\t<meta property=\"og:image:type\" content=\"image\/jpeg\" \/>\n<meta name=\"author\" content=\"Prensa\" \/>\n<meta name=\"twitter:card\" content=\"summary_large_image\" \/>\n<meta name=\"twitter:creator\" content=\"@innoticiasbo\" \/>\n<meta name=\"twitter:site\" content=\"@innoticiasbo\" \/>\n<meta name=\"twitter:label1\" content=\"Escrito por\" \/>\n\t<meta name=\"twitter:data1\" content=\"Prensa\" \/>\n\t<meta name=\"twitter:label2\" content=\"Tiempo de lectura\" \/>\n\t<meta name=\"twitter:data2\" content=\"2 minutos\" \/>\n<script type=\"application\/ld+json\" class=\"yoast-schema-graph\">{\"@context\":\"https:\/\/schema.org\",\"@graph\":[{\"@type\":\"Article\",\"@id\":\"https:\/\/innoticiasbo.com\/index.php\/2025\/02\/25\/aduana-moderniza-el-control-fronterizo-con-brasil-con-nuevo-edificio-y-servicios\/#article\",\"isPartOf\":{\"@id\":\"https:\/\/innoticiasbo.com\/index.php\/2025\/02\/25\/aduana-moderniza-el-control-fronterizo-con-brasil-con-nuevo-edificio-y-servicios\/\"},\"author\":{\"name\":\"Prensa\",\"@id\":\"https:\/\/innoticiasbo.com\/#\/schema\/person\/589cd527c4211df1b943bdad85ec07ce\"},\"headline\":\"ADUANA MODERNIZA EL CONTROL FRONTERIZO CON BRASIL CON NUEVO EDIFICIO Y SERVICIOS\",\"datePublished\":\"2025-02-25T04:37:04+00:00\",\"dateModified\":\"2025-02-25T04:37:19+00:00\",\"mainEntityOfPage\":{\"@id\":\"https:\/\/innoticiasbo.com\/index.php\/2025\/02\/25\/aduana-moderniza-el-control-fronterizo-con-brasil-con-nuevo-edificio-y-servicios\/\"},\"wordCount\":397,\"commentCount\":0,\"publisher\":{\"@id\":\"https:\/\/innoticiasbo.com\/#organization\"},\"image\":{\"@id\":\"https:\/\/innoticiasbo.com\/index.php\/2025\/02\/25\/aduana-moderniza-el-control-fronterizo-con-brasil-con-nuevo-edificio-y-servicios\/#primaryimage\"},\"thumbnailUrl\":\"https:\/\/i0.wp.com\/innoticiasbo.com\/wp-content\/uploads\/2025\/02\/IMG-20250224-WA0138-scaled.jpg?fit=2560%2C1920&ssl=1\",\"articleSection\":[\"Bolivia\",\"Econom\u00eda\"],\"inLanguage\":\"es\",\"potentialAction\":[{\"@type\":\"CommentAction\",\"name\":\"Comment\",\"target\":[\"https:\/\/innoticiasbo.com\/index.php\/2025\/02\/25\/aduana-moderniza-el-control-fronterizo-con-brasil-con-nuevo-edificio-y-servicios\/#respond\"]}]},{\"@type\":\"WebPage\",\"@id\":\"https:\/\/innoticiasbo.com\/index.php\/2025\/02\/25\/aduana-moderniza-el-control-fronterizo-con-brasil-con-nuevo-edificio-y-servicios\/\",\"url\":\"https:\/\/innoticiasbo.com\/index.php\/2025\/02\/25\/aduana-moderniza-el-control-fronterizo-con-brasil-con-nuevo-edificio-y-servicios\/\",\"name\":\"ADUANA MODERNIZA EL CONTROL FRONTERIZO CON BRASIL CON NUEVO EDIFICIO Y SERVICIOS - innoticiasbo.com\",\"isPartOf\":{\"@id\":\"https:\/\/innoticiasbo.com\/#website\"},\"primaryImageOfPage\":{\"@id\":\"https:\/\/innoticiasbo.com\/index.php\/2025\/02\/25\/aduana-moderniza-el-control-fronterizo-con-brasil-con-nuevo-edificio-y-servicios\/#primaryimage\"},\"image\":{\"@id\":\"https:\/\/innoticiasbo.com\/index.php\/2025\/02\/25\/aduana-moderniza-el-control-fronterizo-con-brasil-con-nuevo-edificio-y-servicios\/#primaryimage\"},\"thumbnailUrl\":\"https:\/\/i0.wp.com\/innoticiasbo.com\/wp-content\/uploads\/2025\/02\/IMG-20250224-WA0138-scaled.jpg?fit=2560%2C1920&ssl=1\",\"datePublished\":\"2025-02-25T04:37:04+00:00\",\"dateModified\":\"2025-02-25T04:37:19+00:00\",\"breadcrumb\":{\"@id\":\"https:\/\/innoticiasbo.com\/index.php\/2025\/02\/25\/aduana-moderniza-el-control-fronterizo-con-brasil-con-nuevo-edificio-y-servicios\/#breadcrumb\"},\"inLanguage\":\"es\",\"potentialAction\":[{\"@type\":\"ReadAction\",\"target\":[\"https:\/\/innoticiasbo.com\/index.php\/2025\/02\/25\/aduana-moderniza-el-control-fronterizo-con-brasil-con-nuevo-edificio-y-servicios\/\"]}]},{\"@type\":\"ImageObject\",\"inLanguage\":\"es\",\"@id\":\"https:\/\/innoticiasbo.com\/index.php\/2025\/02\/25\/aduana-moderniza-el-control-fronterizo-con-brasil-con-nuevo-edificio-y-servicios\/#primaryimage\",\"url\":\"https:\/\/i0.wp.com\/innoticiasbo.com\/wp-content\/uploads\/2025\/02\/IMG-20250224-WA0138-scaled.jpg?fit=2560%2C1920&ssl=1\",\"contentUrl\":\"https:\/\/i0.wp.com\/innoticiasbo.com\/wp-content\/uploads\/2025\/02\/IMG-20250224-WA0138-scaled.jpg?fit=2560%2C1920&ssl=1\",\"width\":2560,\"height\":1920},{\"@type\":\"BreadcrumbList\",\"@id\":\"https:\/\/innoticiasbo.com\/index.php\/2025\/02\/25\/aduana-moderniza-el-control-fronterizo-con-brasil-con-nuevo-edificio-y-servicios\/#breadcrumb\",\"itemListElement\":[{\"@type\":\"ListItem\",\"position\":1,\"name\":\"Portada\",\"item\":\"https:\/\/innoticiasbo.com\/\"},{\"@type\":\"ListItem\",\"position\":2,\"name\":\"ADUANA MODERNIZA EL CONTROL FRONTERIZO CON BRASIL CON NUEVO EDIFICIO Y SERVICIOS\"}]},{\"@type\":\"WebSite\",\"@id\":\"https:\/\/innoticiasbo.com\/#website\",\"url\":\"https:\/\/innoticiasbo.com\/\",\"name\":\"innoticiasbo.com\",\"description\":\"\",\"publisher\":{\"@id\":\"https:\/\/innoticiasbo.com\/#organization\"},\"potentialAction\":[{\"@type\":\"SearchAction\",\"target\":{\"@type\":\"EntryPoint\",\"urlTemplate\":\"https:\/\/innoticiasbo.com\/?s={search_term_string}\"},\"query-input\":{\"@type\":\"PropertyValueSpecification\",\"valueRequired\":true,\"valueName\":\"search_term_string\"}}],\"inLanguage\":\"es\"},{\"@type\":\"Organization\",\"@id\":\"https:\/\/innoticiasbo.com\/#organization\",\"name\":\"innoticiasbo.com\",\"url\":\"https:\/\/innoticiasbo.com\/\",\"logo\":{\"@type\":\"ImageObject\",\"inLanguage\":\"es\",\"@id\":\"https:\/\/innoticiasbo.com\/#\/schema\/logo\/image\/\",\"url\":\"https:\/\/i0.wp.com\/innoticiasbo.com\/wp-content\/uploads\/2026\/04\/cropped-IN-LOGO.png?fit=1476%2C1476&ssl=1\",\"contentUrl\":\"https:\/\/i0.wp.com\/innoticiasbo.com\/wp-content\/uploads\/2026\/04\/cropped-IN-LOGO.png?fit=1476%2C1476&ssl=1\",\"width\":1476,\"height\":1476,\"caption\":\"innoticiasbo.com\"},\"image\":{\"@id\":\"https:\/\/innoticiasbo.com\/#\/schema\/logo\/image\/\"},\"sameAs\":[\"https:\/\/www.facebook.com\/innoticiasbolivia\",\"https:\/\/x.com\/innoticiasbo\",\"https:\/\/www.instagram.com\/innoticiasbo\",\"https:\/\/www.youtube.com\/innoticiasbo\"]},{\"@type\":\"Person\",\"@id\":\"https:\/\/innoticiasbo.com\/#\/schema\/person\/589cd527c4211df1b943bdad85ec07ce\",\"name\":\"Prensa\",\"image\":{\"@type\":\"ImageObject\",\"inLanguage\":\"es\",\"@id\":\"https:\/\/innoticiasbo.com\/#\/schema\/person\/image\/\",\"url\":\"https:\/\/secure.gravatar.com\/avatar\/d359bbdf112023c1c0a3ec7fe1600657?s=96&d=mm&r=g\",\"contentUrl\":\"https:\/\/secure.gravatar.com\/avatar\/d359bbdf112023c1c0a3ec7fe1600657?s=96&d=mm&r=g\",\"caption\":\"Prensa\"},\"sameAs\":[\"http:\/\/www.innoticiasbo.com\"],\"url\":\"https:\/\/innoticiasbo.com\/index.php\/author\/prensa\/\"}]}<\/script>\n<!-- \/ Yoast SEO plugin. -->","yoast_head_json":{"title":"ADUANA MODERNIZA EL CONTROL FRONTERIZO CON BRASIL CON NUEVO EDIFICIO Y SERVICIOS - innoticiasbo.com","robots":{"index":"index","follow":"follow","max-snippet":"max-snippet:-1","max-image-preview":"max-image-preview:large","max-video-preview":"max-video-preview:-1"},"canonical":"https:\/\/innoticiasbo.com\/index.php\/2025\/02\/25\/aduana-moderniza-el-control-fronterizo-con-brasil-con-nuevo-edificio-y-servicios\/","og_locale":"es_ES","og_type":"article","og_title":"ADUANA MODERNIZA EL CONTROL FRONTERIZO CON BRASIL CON NUEVO EDIFICIO Y SERVICIOS - innoticiasbo.com","og_description":"Puerto Suarez, 26 de febrero\u00a0 de 2025.- La Aduana Nacional inaugur\u00f3\u00a0 un edificio de seis plantas en Puerto Su\u00e1rez, frontera con Brasil, junto con infraestructuras m\u00f3viles para los Puntos de Inspecci\u00f3n Aduanera de Abap\u00f3 y Yacuses, y mejoras en las oficinas de Puerto Quijarro. La inversi\u00f3n total alcanz\u00f3 24,1 millones de bolivianos, con fondos p\u00fablicos...","og_url":"https:\/\/innoticiasbo.com\/index.php\/2025\/02\/25\/aduana-moderniza-el-control-fronterizo-con-brasil-con-nuevo-edificio-y-servicios\/","og_site_name":"innoticiasbo.com","article_publisher":"https:\/\/www.facebook.com\/innoticiasbolivia","article_published_time":"2025-02-25T04:37:04+00:00","article_modified_time":"2025-02-25T04:37:19+00:00","og_image":[{"width":2560,"height":1920,"url":"https:\/\/i0.wp.com\/innoticiasbo.com\/wp-content\/uploads\/2025\/02\/IMG-20250224-WA0138-scaled.jpg?fit=2560%2C1920&ssl=1","type":"image\/jpeg"}],"author":"Prensa","twitter_card":"summary_large_image","twitter_creator":"@innoticiasbo","twitter_site":"@innoticiasbo","twitter_misc":{"Escrito por":"Prensa","Tiempo de lectura":"2 minutos"},"schema":{"@context":"https:\/\/schema.org","@graph":[{"@type":"Article","@id":"https:\/\/innoticiasbo.com\/index.php\/2025\/02\/25\/aduana-moderniza-el-control-fronterizo-con-brasil-con-nuevo-edificio-y-servicios\/#article","isPartOf":{"@id":"https:\/\/innoticiasbo.com\/index.php\/2025\/02\/25\/aduana-moderniza-el-control-fronterizo-con-brasil-con-nuevo-edificio-y-servicios\/"},"author":{"name":"Prensa","@id":"https:\/\/innoticiasbo.com\/#\/schema\/person\/589cd527c4211df1b943bdad85ec07ce"},"headline":"ADUANA MODERNIZA EL CONTROL FRONTERIZO CON BRASIL CON NUEVO EDIFICIO Y SERVICIOS","datePublished":"2025-02-25T04:37:04+00:00","dateModified":"2025-02-25T04:37:19+00:00","mainEntityOfPage":{"@id":"https:\/\/innoticiasbo.com\/index.php\/2025\/02\/25\/aduana-moderniza-el-control-fronterizo-con-brasil-con-nuevo-edificio-y-servicios\/"},"wordCount":397,"commentCount":0,"publisher":{"@id":"https:\/\/innoticiasbo.com\/#organization"},"image":{"@id":"https:\/\/innoticiasbo.com\/index.php\/2025\/02\/25\/aduana-moderniza-el-control-fronterizo-con-brasil-con-nuevo-edificio-y-servicios\/#primaryimage"},"thumbnailUrl":"https:\/\/i0.wp.com\/innoticiasbo.com\/wp-content\/uploads\/2025\/02\/IMG-20250224-WA0138-scaled.jpg?fit=2560%2C1920&ssl=1","articleSection":["Bolivia","Econom\u00eda"],"inLanguage":"es","potentialAction":[{"@type":"CommentAction","name":"Comment","target":["https:\/\/innoticiasbo.com\/index.php\/2025\/02\/25\/aduana-moderniza-el-control-fronterizo-con-brasil-con-nuevo-edificio-y-servicios\/#respond"]}]},{"@type":"WebPage","@id":"https:\/\/innoticiasbo.com\/index.php\/2025\/02\/25\/aduana-moderniza-el-control-fronterizo-con-brasil-con-nuevo-edificio-y-servicios\/","url":"https:\/\/innoticiasbo.com\/index.php\/2025\/02\/25\/aduana-moderniza-el-control-fronterizo-con-brasil-con-nuevo-edificio-y-servicios\/","name":"ADUANA MODERNIZA EL CONTROL FRONTERIZO CON BRASIL CON NUEVO EDIFICIO Y SERVICIOS - innoticiasbo.com","isPartOf":{"@id":"https:\/\/innoticiasbo.com\/#website"},"primaryImageOfPage":{"@id":"https:\/\/innoticiasbo.com\/index.php\/2025\/02\/25\/aduana-moderniza-el-control-fronterizo-con-brasil-con-nuevo-edificio-y-servicios\/#primaryimage"},"image":{"@id":"https:\/\/innoticiasbo.com\/index.php\/2025\/02\/25\/aduana-moderniza-el-control-fronterizo-con-brasil-con-nuevo-edificio-y-servicios\/#primaryimage"},"thumbnailUrl":"https:\/\/i0.wp.com\/innoticiasbo.com\/wp-content\/uploads\/2025\/02\/IMG-20250224-WA0138-scaled.jpg?fit=2560%2C1920&ssl=1","datePublished":"2025-02-25T04:37:04+00:00","dateModified":"2025-02-25T04:37:19+00:00","breadcrumb":{"@id":"https:\/\/innoticiasbo.com\/index.php\/2025\/02\/25\/aduana-moderniza-el-control-fronterizo-con-brasil-con-nuevo-edificio-y-servicios\/#breadcrumb"},"inLanguage":"es","potentialAction":[{"@type":"ReadAction","target":["https:\/\/innoticiasbo.com\/index.php\/2025\/02\/25\/aduana-moderniza-el-control-fronterizo-con-brasil-con-nuevo-edificio-y-servicios\/"]}]},{"@type":"ImageObject","inLanguage":"es","@id":"https:\/\/innoticiasbo.com\/index.php\/2025\/02\/25\/aduana-moderniza-el-control-fronterizo-con-brasil-con-nuevo-edificio-y-servicios\/#primaryimage","url":"https:\/\/i0.wp.com\/innoticiasbo.com\/wp-content\/uploads\/2025\/02\/IMG-20250224-WA0138-scaled.jpg?fit=2560%2C1920&ssl=1","contentUrl":"https:\/\/i0.wp.com\/innoticiasbo.com\/wp-content\/uploads\/2025\/02\/IMG-20250224-WA0138-scaled.jpg?fit=2560%2C1920&ssl=1","width":2560,"height":1920},{"@type":"BreadcrumbList","@id":"https:\/\/innoticiasbo.com\/index.php\/2025\/02\/25\/aduana-moderniza-el-control-fronterizo-con-brasil-con-nuevo-edificio-y-servicios\/#breadcrumb","itemListElement":[{"@type":"ListItem","position":1,"name":"Portada","item":"https:\/\/innoticiasbo.com\/"},{"@type":"ListItem","position":2,"name":"ADUANA MODERNIZA EL CONTROL FRONTERIZO CON BRASIL CON NUEVO EDIFICIO Y SERVICIOS"}]},{"@type":"WebSite","@id":"https:\/\/innoticiasbo.com\/#website","url":"https:\/\/innoticiasbo.com\/","name":"innoticiasbo.com","description":"","publisher":{"@id":"https:\/\/innoticiasbo.com\/#organization"},"potentialAction":[{"@type":"SearchAction","target":{"@type":"EntryPoint","urlTemplate":"https:\/\/innoticiasbo.com\/?s={search_term_string}"},"query-input":{"@type":"PropertyValueSpecification","valueRequired":true,"valueName":"search_term_string"}}],"inLanguage":"es"},{"@type":"Organization","@id":"https:\/\/innoticiasbo.com\/#organization","name":"innoticiasbo.com","url":"https:\/\/innoticiasbo.com\/","logo":{"@type":"ImageObject","inLanguage":"es","@id":"https:\/\/innoticiasbo.com\/#\/schema\/logo\/image\/","url":"https:\/\/i0.wp.com\/innoticiasbo.com\/wp-content\/uploads\/2026\/04\/cropped-IN-LOGO.png?fit=1476%2C1476&ssl=1","contentUrl":"https:\/\/i0.wp.com\/innoticiasbo.com\/wp-content\/uploads\/2026\/04\/cropped-IN-LOGO.png?fit=1476%2C1476&ssl=1","width":1476,"height":1476,"caption":"innoticiasbo.com"},"image":{"@id":"https:\/\/innoticiasbo.com\/#\/schema\/logo\/image\/"},"sameAs":["https:\/\/www.facebook.com\/innoticiasbolivia","https:\/\/x.com\/innoticiasbo","https:\/\/www.instagram.com\/innoticiasbo","https:\/\/www.youtube.com\/innoticiasbo"]},{"@type":"Person","@id":"https:\/\/innoticiasbo.com\/#\/schema\/person\/589cd527c4211df1b943bdad85ec07ce","name":"Prensa","image":{"@type":"ImageObject","inLanguage":"es","@id":"https:\/\/innoticiasbo.com\/#\/schema\/person\/image\/","url":"https:\/\/secure.gravatar.com\/avatar\/d359bbdf112023c1c0a3ec7fe1600657?s=96&d=mm&r=g","contentUrl":"https:\/\/secure.gravatar.com\/avatar\/d359bbdf112023c1c0a3ec7fe1600657?s=96&d=mm&r=g","caption":"Prensa"},"sameAs":["http:\/\/www.innoticiasbo.com"],"url":"https:\/\/innoticiasbo.com\/index.php\/author\/prensa\/"}]}},"jetpack_featured_media_url":"https:\/\/i0.wp.com\/innoticiasbo.com\/wp-content\/uploads\/2025\/02\/IMG-20250224-WA0138-scaled.jpg?fit=2560%2C1920&ssl=1","jetpack_likes_enabled":true,"jetpack_sharing_enabled":true,"jetpack_shortlink":"https:\/\/wp.me\/pg298x-151","_links":{"self":[{"href":"https:\/\/innoticiasbo.com\/index.php\/wp-json\/wp\/v2\/posts\/4155","targetHints":{"allow":["GET"]}}],"collection":[{"href":"https:\/\/innoticiasbo.com\/index.php\/wp-json\/wp\/v2\/posts"}],"about":[{"href":"https:\/\/innoticiasbo.com\/index.php\/wp-json\/wp\/v2\/types\/post"}],"author":[{"embeddable":true,"href":"https:\/\/innoticiasbo.com\/index.php\/wp-json\/wp\/v2\/users\/2"}],"replies":[{"embeddable":true,"href":"https:\/\/innoticiasbo.com\/index.php\/wp-json\/wp\/v2\/comments?post=4155"}],"version-history":[{"count":1,"href":"https:\/\/innoticiasbo.com\/index.php\/wp-json\/wp\/v2\/posts\/4155\/revisions"}],"predecessor-version":[{"id":4156,"href":"https:\/\/innoticiasbo.com\/index.php\/wp-json\/wp\/v2\/posts\/4155\/revisions\/4156"}],"wp:featuredmedia":[{"embeddable":true,"href":"https:\/\/innoticiasbo.com\/index.php\/wp-json\/wp\/v2\/media\/4154"}],"wp:attachment":[{"href":"https:\/\/innoticiasbo.com\/index.php\/wp-json\/wp\/v2\/media?parent=4155"}],"wp:term":[{"taxonomy":"category","embeddable":true,"href":"https:\/\/innoticiasbo.com\/index.php\/wp-json\/wp\/v2\/categories?post=4155"},{"taxonomy":"post_tag","embeddable":true,"href":"https:\/\/innoticiasbo.com\/index.php\/wp-json\/wp\/v2\/tags?post=4155"}],"curies":[{"name":"wp","href":"https:\/\/api.w.org\/{rel}","templated":true}]}}