{"id":4119,"date":"2025-02-17T19:08:27","date_gmt":"2025-02-17T23:08:27","guid":{"rendered":"https:\/\/innoticiasbo.com\/?p=4119"},"modified":"2025-02-17T19:09:29","modified_gmt":"2025-02-17T23:09:29","slug":"32-fallecidos-en-fatal-accidente-en-potosi","status":"publish","type":"post","link":"https:\/\/innoticiasbo.com\/index.php\/2025\/02\/17\/32-fallecidos-en-fatal-accidente-en-potosi\/","title":{"rendered":"32 FALLECIDOS EN FATAL ACCIDENTE EN POTOS\u00cd"},"content":{"rendered":"\n<p>Cochabamba, 17 de febrero de 2025.- Se trata del peor siniestro vial en lo que va del a\u00f1o en el pa\u00eds. Un bus de la empresaSan Jos\u00e9, por razones que se investigan, perdi\u00f3 el control y se embarranc\u00f3 casi 800 metros de profundidad cerca del puente de Yocalla, sobre la carretera Potos\u00ed-Oruro.<\/p>\n\n\n\n<figure class=\"wp-block-image size-large\"><img data-recalc-dims=\"1\" loading=\"lazy\" decoding=\"async\" width=\"640\" height=\"391\" src=\"https:\/\/i0.wp.com\/innoticiasbo.com\/wp-content\/uploads\/2025\/02\/wp-image8766042085860832112.jpeg?resize=640%2C391&#038;ssl=1\" alt=\"\" class=\"wp-image-4116\" srcset=\"https:\/\/i0.wp.com\/innoticiasbo.com\/wp-content\/uploads\/2025\/02\/wp-image8766042085860832112.jpeg?resize=1024%2C625&amp;ssl=1 1024w, https:\/\/i0.wp.com\/innoticiasbo.com\/wp-content\/uploads\/2025\/02\/wp-image8766042085860832112.jpeg?resize=300%2C183&amp;ssl=1 300w, https:\/\/i0.wp.com\/innoticiasbo.com\/wp-content\/uploads\/2025\/02\/wp-image8766042085860832112.jpeg?resize=768%2C469&amp;ssl=1 768w, https:\/\/i0.wp.com\/innoticiasbo.com\/wp-content\/uploads\/2025\/02\/wp-image8766042085860832112.jpeg?w=1200&amp;ssl=1 1200w\" sizes=\"auto, (max-width: 640px) 100vw, 640px\" \/><\/figure>\n\n\n\n<p><br>El \u00faltimo reporte de la polic\u00eda da cuenta del saldo fatal de 32 personas fallecidas y 15 heridos, en el terrible embarrancamiento en el tramo carretero Oruro y Potos\u00ed.<\/p>\n\n\n\n<figure class=\"wp-block-image size-large\"><img data-recalc-dims=\"1\" loading=\"lazy\" decoding=\"async\" width=\"400\" height=\"225\" src=\"https:\/\/i0.wp.com\/innoticiasbo.com\/wp-content\/uploads\/2025\/02\/17398232071707087346477258317843.webp?resize=400%2C225&#038;ssl=1\" alt=\"\" class=\"wp-image-4117\" srcset=\"https:\/\/i0.wp.com\/innoticiasbo.com\/wp-content\/uploads\/2025\/02\/17398232071707087346477258317843.webp?w=400&amp;ssl=1 400w, https:\/\/i0.wp.com\/innoticiasbo.com\/wp-content\/uploads\/2025\/02\/17398232071707087346477258317843.webp?resize=300%2C169&amp;ssl=1 300w\" sizes=\"auto, (max-width: 400px) 100vw, 400px\" \/><\/figure>\n\n\n\n<p><br>En principio se hab{ia reportado 11 fallecidos, pero a medida que pasaron las horas, los rescatistas daban cuenta de nuevos fallecidos, mientras que 15 personas fueron trasladadas hasta el hospital Bracamonte de Potos\u00ed, se trata de los heridos que viajaban como pasajeros en el bus que ten\u00eda como destino el departamento de Oruro, entre ellos hay cuatro menores de edad.<\/p>\n\n\n\n<h1 class=\"wp-block-heading\"><\/h1>\n","protected":false},"excerpt":{"rendered":"<p>Cochabamba, 17 de febrero de 2025.- Se trata del peor siniestro vial en lo que va del a\u00f1o en el pa\u00eds. Un bus de la empresaSan Jos\u00e9, por razones que se investigan, perdi\u00f3 el control y se embarranc\u00f3 casi 800 metros de profundidad cerca del puente de Yocalla, sobre la carretera Potos\u00ed-Oruro. El \u00faltimo reporte&#8230;<\/p>\n","protected":false},"author":2,"featured_media":4118,"comment_status":"open","ping_status":"open","sticky":false,"template":"","format":"standard","meta":{"_jetpack_memberships_contains_paid_content":false,"footnotes":"","jetpack_publicize_message":"","jetpack_publicize_feature_enabled":true,"jetpack_social_post_already_shared":true,"jetpack_social_options":{"image_generator_settings":{"template":"highway","enabled":false},"version":2}},"categories":[1,15],"tags":[33,35,34,36],"class_list":["post-4119","post","type-post","status-publish","format-standard","has-post-thumbnail","hentry","category-bolivia","category-seguridad","tag-accidente","tag-fallecidos","tag-potosi","tag-siniestro-vial"],"jetpack_publicize_connections":[],"yoast_head":"<!-- This site is optimized with the Yoast SEO plugin v23.4 - https:\/\/yoast.com\/wordpress\/plugins\/seo\/ -->\n<title>32 FALLECIDOS EN FATAL ACCIDENTE EN POTOS\u00cd - innoticiasbo.com<\/title>\n<meta name=\"robots\" content=\"index, follow, max-snippet:-1, max-image-preview:large, max-video-preview:-1\" \/>\n<link rel=\"canonical\" href=\"https:\/\/innoticiasbo.com\/index.php\/2025\/02\/17\/32-fallecidos-en-fatal-accidente-en-potosi\/\" \/>\n<meta property=\"og:locale\" content=\"es_ES\" \/>\n<meta property=\"og:type\" content=\"article\" \/>\n<meta property=\"og:title\" content=\"32 FALLECIDOS EN FATAL ACCIDENTE EN POTOS\u00cd - innoticiasbo.com\" \/>\n<meta property=\"og:description\" content=\"Cochabamba, 17 de febrero de 2025.- Se trata del peor siniestro vial en lo que va del a\u00f1o en el pa\u00eds. Un bus de la empresaSan Jos\u00e9, por razones que se investigan, perdi\u00f3 el control y se embarranc\u00f3 casi 800 metros de profundidad cerca del puente de Yocalla, sobre la carretera Potos\u00ed-Oruro. El \u00faltimo reporte...\" \/>\n<meta property=\"og:url\" content=\"https:\/\/innoticiasbo.com\/index.php\/2025\/02\/17\/32-fallecidos-en-fatal-accidente-en-potosi\/\" \/>\n<meta property=\"og:site_name\" content=\"innoticiasbo.com\" \/>\n<meta property=\"article:publisher\" content=\"https:\/\/www.facebook.com\/innoticiasbolivia\" \/>\n<meta property=\"article:published_time\" content=\"2025-02-17T23:08:27+00:00\" \/>\n<meta property=\"article:modified_time\" content=\"2025-02-17T23:09:29+00:00\" \/>\n<meta property=\"og:image\" content=\"https:\/\/i0.wp.com\/innoticiasbo.com\/wp-content\/uploads\/2025\/02\/lg.jpeg?fit=1200%2C733&ssl=1\" \/>\n\t<meta property=\"og:image:width\" content=\"1200\" \/>\n\t<meta property=\"og:image:height\" content=\"733\" \/>\n\t<meta property=\"og:image:type\" content=\"image\/jpeg\" \/>\n<meta name=\"author\" content=\"Prensa\" \/>\n<meta name=\"twitter:card\" content=\"summary_large_image\" \/>\n<meta name=\"twitter:creator\" content=\"@innoticiasbo\" \/>\n<meta name=\"twitter:site\" content=\"@innoticiasbo\" \/>\n<meta name=\"twitter:label1\" content=\"Escrito por\" \/>\n\t<meta name=\"twitter:data1\" content=\"Prensa\" \/>\n\t<meta name=\"twitter:label2\" content=\"Tiempo de lectura\" \/>\n\t<meta name=\"twitter:data2\" content=\"1 minuto\" \/>\n<script type=\"application\/ld+json\" class=\"yoast-schema-graph\">{\"@context\":\"https:\/\/schema.org\",\"@graph\":[{\"@type\":\"Article\",\"@id\":\"https:\/\/innoticiasbo.com\/index.php\/2025\/02\/17\/32-fallecidos-en-fatal-accidente-en-potosi\/#article\",\"isPartOf\":{\"@id\":\"https:\/\/innoticiasbo.com\/index.php\/2025\/02\/17\/32-fallecidos-en-fatal-accidente-en-potosi\/\"},\"author\":{\"name\":\"Prensa\",\"@id\":\"https:\/\/innoticiasbo.com\/#\/schema\/person\/589cd527c4211df1b943bdad85ec07ce\"},\"headline\":\"32 FALLECIDOS EN FATAL ACCIDENTE EN POTOS\u00cd\",\"datePublished\":\"2025-02-17T23:08:27+00:00\",\"dateModified\":\"2025-02-17T23:09:29+00:00\",\"mainEntityOfPage\":{\"@id\":\"https:\/\/innoticiasbo.com\/index.php\/2025\/02\/17\/32-fallecidos-en-fatal-accidente-en-potosi\/\"},\"wordCount\":147,\"commentCount\":0,\"publisher\":{\"@id\":\"https:\/\/innoticiasbo.com\/#organization\"},\"image\":{\"@id\":\"https:\/\/innoticiasbo.com\/index.php\/2025\/02\/17\/32-fallecidos-en-fatal-accidente-en-potosi\/#primaryimage\"},\"thumbnailUrl\":\"https:\/\/i0.wp.com\/innoticiasbo.com\/wp-content\/uploads\/2025\/02\/lg.jpeg?fit=1200%2C733&ssl=1\",\"keywords\":[\"accidente\",\"fallecidos\",\"Potos\u00ed\",\"siniestro vial\"],\"articleSection\":[\"Bolivia\",\"Seguridad\"],\"inLanguage\":\"es\",\"potentialAction\":[{\"@type\":\"CommentAction\",\"name\":\"Comment\",\"target\":[\"https:\/\/innoticiasbo.com\/index.php\/2025\/02\/17\/32-fallecidos-en-fatal-accidente-en-potosi\/#respond\"]}]},{\"@type\":\"WebPage\",\"@id\":\"https:\/\/innoticiasbo.com\/index.php\/2025\/02\/17\/32-fallecidos-en-fatal-accidente-en-potosi\/\",\"url\":\"https:\/\/innoticiasbo.com\/index.php\/2025\/02\/17\/32-fallecidos-en-fatal-accidente-en-potosi\/\",\"name\":\"32 FALLECIDOS EN FATAL ACCIDENTE EN POTOS\u00cd - innoticiasbo.com\",\"isPartOf\":{\"@id\":\"https:\/\/innoticiasbo.com\/#website\"},\"primaryImageOfPage\":{\"@id\":\"https:\/\/innoticiasbo.com\/index.php\/2025\/02\/17\/32-fallecidos-en-fatal-accidente-en-potosi\/#primaryimage\"},\"image\":{\"@id\":\"https:\/\/innoticiasbo.com\/index.php\/2025\/02\/17\/32-fallecidos-en-fatal-accidente-en-potosi\/#primaryimage\"},\"thumbnailUrl\":\"https:\/\/i0.wp.com\/innoticiasbo.com\/wp-content\/uploads\/2025\/02\/lg.jpeg?fit=1200%2C733&ssl=1\",\"datePublished\":\"2025-02-17T23:08:27+00:00\",\"dateModified\":\"2025-02-17T23:09:29+00:00\",\"breadcrumb\":{\"@id\":\"https:\/\/innoticiasbo.com\/index.php\/2025\/02\/17\/32-fallecidos-en-fatal-accidente-en-potosi\/#breadcrumb\"},\"inLanguage\":\"es\",\"potentialAction\":[{\"@type\":\"ReadAction\",\"target\":[\"https:\/\/innoticiasbo.com\/index.php\/2025\/02\/17\/32-fallecidos-en-fatal-accidente-en-potosi\/\"]}]},{\"@type\":\"ImageObject\",\"inLanguage\":\"es\",\"@id\":\"https:\/\/innoticiasbo.com\/index.php\/2025\/02\/17\/32-fallecidos-en-fatal-accidente-en-potosi\/#primaryimage\",\"url\":\"https:\/\/i0.wp.com\/innoticiasbo.com\/wp-content\/uploads\/2025\/02\/lg.jpeg?fit=1200%2C733&ssl=1\",\"contentUrl\":\"https:\/\/i0.wp.com\/innoticiasbo.com\/wp-content\/uploads\/2025\/02\/lg.jpeg?fit=1200%2C733&ssl=1\",\"width\":1200,\"height\":733},{\"@type\":\"BreadcrumbList\",\"@id\":\"https:\/\/innoticiasbo.com\/index.php\/2025\/02\/17\/32-fallecidos-en-fatal-accidente-en-potosi\/#breadcrumb\",\"itemListElement\":[{\"@type\":\"ListItem\",\"position\":1,\"name\":\"Portada\",\"item\":\"https:\/\/innoticiasbo.com\/\"},{\"@type\":\"ListItem\",\"position\":2,\"name\":\"32 FALLECIDOS EN FATAL ACCIDENTE EN POTOS\u00cd\"}]},{\"@type\":\"WebSite\",\"@id\":\"https:\/\/innoticiasbo.com\/#website\",\"url\":\"https:\/\/innoticiasbo.com\/\",\"name\":\"innoticiasbo.com\",\"description\":\"\",\"publisher\":{\"@id\":\"https:\/\/innoticiasbo.com\/#organization\"},\"potentialAction\":[{\"@type\":\"SearchAction\",\"target\":{\"@type\":\"EntryPoint\",\"urlTemplate\":\"https:\/\/innoticiasbo.com\/?s={search_term_string}\"},\"query-input\":{\"@type\":\"PropertyValueSpecification\",\"valueRequired\":true,\"valueName\":\"search_term_string\"}}],\"inLanguage\":\"es\"},{\"@type\":\"Organization\",\"@id\":\"https:\/\/innoticiasbo.com\/#organization\",\"name\":\"innoticiasbo.com\",\"url\":\"https:\/\/innoticiasbo.com\/\",\"logo\":{\"@type\":\"ImageObject\",\"inLanguage\":\"es\",\"@id\":\"https:\/\/innoticiasbo.com\/#\/schema\/logo\/image\/\",\"url\":\"https:\/\/i0.wp.com\/innoticiasbo.com\/wp-content\/uploads\/2026\/04\/cropped-IN-LOGO.png?fit=1476%2C1476&ssl=1\",\"contentUrl\":\"https:\/\/i0.wp.com\/innoticiasbo.com\/wp-content\/uploads\/2026\/04\/cropped-IN-LOGO.png?fit=1476%2C1476&ssl=1\",\"width\":1476,\"height\":1476,\"caption\":\"innoticiasbo.com\"},\"image\":{\"@id\":\"https:\/\/innoticiasbo.com\/#\/schema\/logo\/image\/\"},\"sameAs\":[\"https:\/\/www.facebook.com\/innoticiasbolivia\",\"https:\/\/x.com\/innoticiasbo\",\"https:\/\/www.instagram.com\/innoticiasbo\",\"https:\/\/www.youtube.com\/innoticiasbo\"]},{\"@type\":\"Person\",\"@id\":\"https:\/\/innoticiasbo.com\/#\/schema\/person\/589cd527c4211df1b943bdad85ec07ce\",\"name\":\"Prensa\",\"image\":{\"@type\":\"ImageObject\",\"inLanguage\":\"es\",\"@id\":\"https:\/\/innoticiasbo.com\/#\/schema\/person\/image\/\",\"url\":\"https:\/\/secure.gravatar.com\/avatar\/d359bbdf112023c1c0a3ec7fe1600657?s=96&d=mm&r=g\",\"contentUrl\":\"https:\/\/secure.gravatar.com\/avatar\/d359bbdf112023c1c0a3ec7fe1600657?s=96&d=mm&r=g\",\"caption\":\"Prensa\"},\"sameAs\":[\"http:\/\/www.innoticiasbo.com\"],\"url\":\"https:\/\/innoticiasbo.com\/index.php\/author\/prensa\/\"}]}<\/script>\n<!-- \/ Yoast SEO plugin. -->","yoast_head_json":{"title":"32 FALLECIDOS EN FATAL ACCIDENTE EN POTOS\u00cd - innoticiasbo.com","robots":{"index":"index","follow":"follow","max-snippet":"max-snippet:-1","max-image-preview":"max-image-preview:large","max-video-preview":"max-video-preview:-1"},"canonical":"https:\/\/innoticiasbo.com\/index.php\/2025\/02\/17\/32-fallecidos-en-fatal-accidente-en-potosi\/","og_locale":"es_ES","og_type":"article","og_title":"32 FALLECIDOS EN FATAL ACCIDENTE EN POTOS\u00cd - innoticiasbo.com","og_description":"Cochabamba, 17 de febrero de 2025.- Se trata del peor siniestro vial en lo que va del a\u00f1o en el pa\u00eds. Un bus de la empresaSan Jos\u00e9, por razones que se investigan, perdi\u00f3 el control y se embarranc\u00f3 casi 800 metros de profundidad cerca del puente de Yocalla, sobre la carretera Potos\u00ed-Oruro. El \u00faltimo reporte...","og_url":"https:\/\/innoticiasbo.com\/index.php\/2025\/02\/17\/32-fallecidos-en-fatal-accidente-en-potosi\/","og_site_name":"innoticiasbo.com","article_publisher":"https:\/\/www.facebook.com\/innoticiasbolivia","article_published_time":"2025-02-17T23:08:27+00:00","article_modified_time":"2025-02-17T23:09:29+00:00","og_image":[{"width":1200,"height":733,"url":"https:\/\/i0.wp.com\/innoticiasbo.com\/wp-content\/uploads\/2025\/02\/lg.jpeg?fit=1200%2C733&ssl=1","type":"image\/jpeg"}],"author":"Prensa","twitter_card":"summary_large_image","twitter_creator":"@innoticiasbo","twitter_site":"@innoticiasbo","twitter_misc":{"Escrito por":"Prensa","Tiempo de lectura":"1 minuto"},"schema":{"@context":"https:\/\/schema.org","@graph":[{"@type":"Article","@id":"https:\/\/innoticiasbo.com\/index.php\/2025\/02\/17\/32-fallecidos-en-fatal-accidente-en-potosi\/#article","isPartOf":{"@id":"https:\/\/innoticiasbo.com\/index.php\/2025\/02\/17\/32-fallecidos-en-fatal-accidente-en-potosi\/"},"author":{"name":"Prensa","@id":"https:\/\/innoticiasbo.com\/#\/schema\/person\/589cd527c4211df1b943bdad85ec07ce"},"headline":"32 FALLECIDOS EN FATAL ACCIDENTE EN POTOS\u00cd","datePublished":"2025-02-17T23:08:27+00:00","dateModified":"2025-02-17T23:09:29+00:00","mainEntityOfPage":{"@id":"https:\/\/innoticiasbo.com\/index.php\/2025\/02\/17\/32-fallecidos-en-fatal-accidente-en-potosi\/"},"wordCount":147,"commentCount":0,"publisher":{"@id":"https:\/\/innoticiasbo.com\/#organization"},"image":{"@id":"https:\/\/innoticiasbo.com\/index.php\/2025\/02\/17\/32-fallecidos-en-fatal-accidente-en-potosi\/#primaryimage"},"thumbnailUrl":"https:\/\/i0.wp.com\/innoticiasbo.com\/wp-content\/uploads\/2025\/02\/lg.jpeg?fit=1200%2C733&ssl=1","keywords":["accidente","fallecidos","Potos\u00ed","siniestro vial"],"articleSection":["Bolivia","Seguridad"],"inLanguage":"es","potentialAction":[{"@type":"CommentAction","name":"Comment","target":["https:\/\/innoticiasbo.com\/index.php\/2025\/02\/17\/32-fallecidos-en-fatal-accidente-en-potosi\/#respond"]}]},{"@type":"WebPage","@id":"https:\/\/innoticiasbo.com\/index.php\/2025\/02\/17\/32-fallecidos-en-fatal-accidente-en-potosi\/","url":"https:\/\/innoticiasbo.com\/index.php\/2025\/02\/17\/32-fallecidos-en-fatal-accidente-en-potosi\/","name":"32 FALLECIDOS EN FATAL ACCIDENTE EN POTOS\u00cd - innoticiasbo.com","isPartOf":{"@id":"https:\/\/innoticiasbo.com\/#website"},"primaryImageOfPage":{"@id":"https:\/\/innoticiasbo.com\/index.php\/2025\/02\/17\/32-fallecidos-en-fatal-accidente-en-potosi\/#primaryimage"},"image":{"@id":"https:\/\/innoticiasbo.com\/index.php\/2025\/02\/17\/32-fallecidos-en-fatal-accidente-en-potosi\/#primaryimage"},"thumbnailUrl":"https:\/\/i0.wp.com\/innoticiasbo.com\/wp-content\/uploads\/2025\/02\/lg.jpeg?fit=1200%2C733&ssl=1","datePublished":"2025-02-17T23:08:27+00:00","dateModified":"2025-02-17T23:09:29+00:00","breadcrumb":{"@id":"https:\/\/innoticiasbo.com\/index.php\/2025\/02\/17\/32-fallecidos-en-fatal-accidente-en-potosi\/#breadcrumb"},"inLanguage":"es","potentialAction":[{"@type":"ReadAction","target":["https:\/\/innoticiasbo.com\/index.php\/2025\/02\/17\/32-fallecidos-en-fatal-accidente-en-potosi\/"]}]},{"@type":"ImageObject","inLanguage":"es","@id":"https:\/\/innoticiasbo.com\/index.php\/2025\/02\/17\/32-fallecidos-en-fatal-accidente-en-potosi\/#primaryimage","url":"https:\/\/i0.wp.com\/innoticiasbo.com\/wp-content\/uploads\/2025\/02\/lg.jpeg?fit=1200%2C733&ssl=1","contentUrl":"https:\/\/i0.wp.com\/innoticiasbo.com\/wp-content\/uploads\/2025\/02\/lg.jpeg?fit=1200%2C733&ssl=1","width":1200,"height":733},{"@type":"BreadcrumbList","@id":"https:\/\/innoticiasbo.com\/index.php\/2025\/02\/17\/32-fallecidos-en-fatal-accidente-en-potosi\/#breadcrumb","itemListElement":[{"@type":"ListItem","position":1,"name":"Portada","item":"https:\/\/innoticiasbo.com\/"},{"@type":"ListItem","position":2,"name":"32 FALLECIDOS EN FATAL ACCIDENTE EN POTOS\u00cd"}]},{"@type":"WebSite","@id":"https:\/\/innoticiasbo.com\/#website","url":"https:\/\/innoticiasbo.com\/","name":"innoticiasbo.com","description":"","publisher":{"@id":"https:\/\/innoticiasbo.com\/#organization"},"potentialAction":[{"@type":"SearchAction","target":{"@type":"EntryPoint","urlTemplate":"https:\/\/innoticiasbo.com\/?s={search_term_string}"},"query-input":{"@type":"PropertyValueSpecification","valueRequired":true,"valueName":"search_term_string"}}],"inLanguage":"es"},{"@type":"Organization","@id":"https:\/\/innoticiasbo.com\/#organization","name":"innoticiasbo.com","url":"https:\/\/innoticiasbo.com\/","logo":{"@type":"ImageObject","inLanguage":"es","@id":"https:\/\/innoticiasbo.com\/#\/schema\/logo\/image\/","url":"https:\/\/i0.wp.com\/innoticiasbo.com\/wp-content\/uploads\/2026\/04\/cropped-IN-LOGO.png?fit=1476%2C1476&ssl=1","contentUrl":"https:\/\/i0.wp.com\/innoticiasbo.com\/wp-content\/uploads\/2026\/04\/cropped-IN-LOGO.png?fit=1476%2C1476&ssl=1","width":1476,"height":1476,"caption":"innoticiasbo.com"},"image":{"@id":"https:\/\/innoticiasbo.com\/#\/schema\/logo\/image\/"},"sameAs":["https:\/\/www.facebook.com\/innoticiasbolivia","https:\/\/x.com\/innoticiasbo","https:\/\/www.instagram.com\/innoticiasbo","https:\/\/www.youtube.com\/innoticiasbo"]},{"@type":"Person","@id":"https:\/\/innoticiasbo.com\/#\/schema\/person\/589cd527c4211df1b943bdad85ec07ce","name":"Prensa","image":{"@type":"ImageObject","inLanguage":"es","@id":"https:\/\/innoticiasbo.com\/#\/schema\/person\/image\/","url":"https:\/\/secure.gravatar.com\/avatar\/d359bbdf112023c1c0a3ec7fe1600657?s=96&d=mm&r=g","contentUrl":"https:\/\/secure.gravatar.com\/avatar\/d359bbdf112023c1c0a3ec7fe1600657?s=96&d=mm&r=g","caption":"Prensa"},"sameAs":["http:\/\/www.innoticiasbo.com"],"url":"https:\/\/innoticiasbo.com\/index.php\/author\/prensa\/"}]}},"jetpack_featured_media_url":"https:\/\/i0.wp.com\/innoticiasbo.com\/wp-content\/uploads\/2025\/02\/lg.jpeg?fit=1200%2C733&ssl=1","jetpack_likes_enabled":true,"jetpack_sharing_enabled":true,"jetpack_shortlink":"https:\/\/wp.me\/pg298x-14r","_links":{"self":[{"href":"https:\/\/innoticiasbo.com\/index.php\/wp-json\/wp\/v2\/posts\/4119","targetHints":{"allow":["GET"]}}],"collection":[{"href":"https:\/\/innoticiasbo.com\/index.php\/wp-json\/wp\/v2\/posts"}],"about":[{"href":"https:\/\/innoticiasbo.com\/index.php\/wp-json\/wp\/v2\/types\/post"}],"author":[{"embeddable":true,"href":"https:\/\/innoticiasbo.com\/index.php\/wp-json\/wp\/v2\/users\/2"}],"replies":[{"embeddable":true,"href":"https:\/\/innoticiasbo.com\/index.php\/wp-json\/wp\/v2\/comments?post=4119"}],"version-history":[{"count":1,"href":"https:\/\/innoticiasbo.com\/index.php\/wp-json\/wp\/v2\/posts\/4119\/revisions"}],"predecessor-version":[{"id":4120,"href":"https:\/\/innoticiasbo.com\/index.php\/wp-json\/wp\/v2\/posts\/4119\/revisions\/4120"}],"wp:featuredmedia":[{"embeddable":true,"href":"https:\/\/innoticiasbo.com\/index.php\/wp-json\/wp\/v2\/media\/4118"}],"wp:attachment":[{"href":"https:\/\/innoticiasbo.com\/index.php\/wp-json\/wp\/v2\/media?parent=4119"}],"wp:term":[{"taxonomy":"category","embeddable":true,"href":"https:\/\/innoticiasbo.com\/index.php\/wp-json\/wp\/v2\/categories?post=4119"},{"taxonomy":"post_tag","embeddable":true,"href":"https:\/\/innoticiasbo.com\/index.php\/wp-json\/wp\/v2\/tags?post=4119"}],"curies":[{"name":"wp","href":"https:\/\/api.w.org\/{rel}","templated":true}]}}