{"id":4114,"date":"2025-02-17T06:39:57","date_gmt":"2025-02-17T10:39:57","guid":{"rendered":"https:\/\/innoticiasbo.com\/?p=4114"},"modified":"2025-02-17T06:40:09","modified_gmt":"2025-02-17T10:40:09","slug":"cancilleria-y-la-importancia-del-dialogo-internacional","status":"publish","type":"post","link":"https:\/\/innoticiasbo.com\/index.php\/2025\/02\/17\/cancilleria-y-la-importancia-del-dialogo-internacional\/","title":{"rendered":"CANCILLER\u00cdA Y LA IMPORTANCIA DEL DI\u00c1LOGO INTERNACIONAL"},"content":{"rendered":"\n<figure class=\"wp-block-image size-large\"><img data-recalc-dims=\"1\" loading=\"lazy\" decoding=\"async\" width=\"640\" height=\"640\" src=\"https:\/\/i0.wp.com\/innoticiasbo.com\/wp-content\/uploads\/2025\/02\/img-20250214-wa01732316160192802587522.jpg?resize=640%2C640&#038;ssl=1\" alt=\"\" class=\"wp-image-4112\" srcset=\"https:\/\/i0.wp.com\/innoticiasbo.com\/wp-content\/uploads\/2025\/02\/img-20250214-wa01732316160192802587522.jpg?resize=1024%2C1024&amp;ssl=1 1024w, https:\/\/i0.wp.com\/innoticiasbo.com\/wp-content\/uploads\/2025\/02\/img-20250214-wa01732316160192802587522.jpg?resize=300%2C300&amp;ssl=1 300w, https:\/\/i0.wp.com\/innoticiasbo.com\/wp-content\/uploads\/2025\/02\/img-20250214-wa01732316160192802587522.jpg?resize=150%2C150&amp;ssl=1 150w, https:\/\/i0.wp.com\/innoticiasbo.com\/wp-content\/uploads\/2025\/02\/img-20250214-wa01732316160192802587522.jpg?resize=768%2C768&amp;ssl=1 768w, https:\/\/i0.wp.com\/innoticiasbo.com\/wp-content\/uploads\/2025\/02\/img-20250214-wa01732316160192802587522.jpg?w=1080&amp;ssl=1 1080w\" sizes=\"auto, (max-width: 640px) 100vw, 640px\" \/><\/figure>\n\n\n\n<p class=\"MsoNormal\">La ministra de Seguridad de Argentina, Patricia Bullrich, se desplaz\u00f3 esta semana hasta Aguas Blancas, una peque\u00f1a poblaci\u00f3n argentina fronteriza con Bermejo, Bolivia, para inaugurar la construcci\u00f3n de una valla de 200 metros. Aunque se trata de una obra de escasa envergadura, el acto estuvo rodeado de toda una parafernalia medi\u00e1tica. Claro, su simbolismo trasciende lo que es, en t\u00e9rminos pr\u00e1cticos, una modesta construcci\u00f3n; su verdadero prop\u00f3sito fue enviar un mensaje claro en la lucha contra el narcotr\u00e1fico que circula entre ambos pa\u00edses.<\/p>\n\n\n\n\n\n<p class=\"MsoNormal\">Bullrich no se anduvo con rodeos. Durante la presentaci\u00f3n de la valla expres\u00f3, en un video promocional, que \u201clos cercamos a los delincuentes\u201d, una declaraci\u00f3n que, m\u00e1s que apuntar al tr\u00e1fico il\u00edcito en ambas direcciones, sugiere que todos los \u201cdelincuentes\u201d provienen exclusivamente de Bolivia. Esta visi\u00f3n, reduccionista y parcial, refuerza la etiqueta que ciertos sectores intentan adherir a Bolivia como el \u00fanico culpable del narcotr\u00e1fico en la regi\u00f3n, ignorando la din\u00e1mica bilateral y multilateral de este fen\u00f3meno.<\/p>\n\n\n\n<p class=\"MsoNormal\">Sin embargo, los errores diplom\u00e1ticos cometidos por la Canciller\u00eda de Bolivia en este impase son variados. En mi columna anterior sobre el tema, titulada <em>\u201cFricciones diplom\u00e1ticas, entre la realidad y la ret\u00f3rica\u201d<\/em>, ya se\u00f1alaba c\u00f3mo la negligencia de los diplom\u00e1ticos bolivianos en Buenos Aires y Salta ha sido determinante en el deterioro de las relaciones bilaterales. En el manual b\u00e1sico de cualquier canciller\u00eda, se establece que los diplom\u00e1ticos deben mantenerse informados sobre los acontecimientos del pa\u00eds receptor y transmitir esa informaci\u00f3n al gobierno del pa\u00eds acreditante. El incumplimiento de esta tarea esencial, establecida en el art\u00edculo tercero de la Convenci\u00f3n de Viena, refleja una falta alarmante de compromiso profesional.<\/p>\n\n\n\n<p class=\"MsoNormal\">Tanto la embajada como el consulado debieron alerta a Celinda Sosa sobre el denominado \u201cPlan G\u00fcemes, que no se proyect\u00f3 de la noche a la ma\u00f1ana. Sin embargo, no tiene sentido pedir la renuncia de estos funcionarios, como sugieren algunos diputados con experiencia en el servicio exterior. Sencillamente, se sustituir\u00edan por otros, igualmente alineados con el r\u00e9gimen y tan ajenos a las responsabilidades diplom\u00e1ticas como los anteriores.<\/p>\n\n\n\n<p class=\"MsoNormal\">Otro error se encuentra en la decisi\u00f3n, poco pensada, de emitir un comunicado con un tono casi de protesta, indicando de manera prescriptiva c\u00f3mo deber\u00edan llevarse a cabo los trabajos bilaterales dentro del marco de la \u00abbuena vecindad\u00bb. Aunque el contenido del comunicado no es del todo equivocado, es de una torpeza may\u00fascula utilizar esta v\u00eda para se\u00f1alar lo que debe ser un proceso de di\u00e1logo continuo. Entre quienes saben de las se\u00f1ales y el lenguaje diplom\u00e1tico, un comunicado debe ser uno de los \u00faltimos recursos, cuando todas las dem\u00e1s v\u00edas de entendimiento y negociaci\u00f3n han fracasado.<\/p>\n\n\n\n<p class=\"MsoNormal\">Pero, \u00a1albricias!, parece que la sensatez finalmente toc\u00f3 la puerta del Ministerio de Relaciones Exteriores de Bolivia. La canciller Celinda Sosa, esta semana dej\u00f3 entrever que para avanzar en una buena vecindad, lo esencial es establecer mecanismos de di\u00e1logo. \u00a1Bravo, ministra! Esa es la v\u00eda correcta, aunque, claro, lleg\u00f3 algo demorada. Despu\u00e9s de tantas fricciones y una lluvia de innecesarios intercambios medi\u00e1ticos, finalmente se reconoce lo que deb\u00eda ser el camino, la diplomacia y el di\u00e1logo fluido.<\/p>\n\n\n\n<p class=\"MsoNormal\">No solo la canciller Sosa parece haberlo comprendido. Tambi\u00e9n en el \u00e1rea de la lucha contra el narcotr\u00e1fico las autoridades bolivianas despabilaron. El viceministro de Defensa Social y Sustancias Controladas, Jaime Mamani, reaccion\u00f3 en paralelo a Sosa, enviando una nota a Buenos Aires para coordinar esfuerzos conjuntos en la lucha contra el narcotr\u00e1fico.<\/p>\n\n\n\n<p class=\"MsoNormal\">Entre tanto, el movimiento argentino en la frontera es notable; el vecino pa\u00eds est\u00e1 desplegando 10.000 uniformados, drones y otros equipos de tecnolog\u00eda de alta gama para frenar el tr\u00e1fico il\u00edcito de drogas. Durante la primera semana de operaciones, los resultados fueron inmediatos con 500 kilos de coca\u00edna incautados, provenientes de Bolivia.<\/p>\n\n\n\n<p class=\"MsoNormal\">Esta lucha debe ser conjunta y as\u00ed se la debe presentar a la comunidad internacional. No podemos permitir que Bolivia sea vista como la \u00fanica culpable y todo por la ineficiencia de las autoridades bolivianas. A estas alturas, esperar un cambio real del gobierno del MAS parece una utop\u00eda. Bolivia, lamentablemente, parece condenada a seguir en este ciclo hasta que Luis Arce y su gobierno se retiren y se inicie una verdadera reconstrucci\u00f3n de la institucionalidad.<\/p>\n\n\n\n<p class=\"MsoNormal\">&nbsp;<\/p>\n\n\n\n<p class=\"MsoNormal\">&nbsp;<\/p>\n","protected":false},"excerpt":{"rendered":"<p>La ministra de Seguridad de Argentina, Patricia Bullrich, se desplaz\u00f3 esta semana hasta Aguas Blancas, una peque\u00f1a poblaci\u00f3n argentina fronteriza con Bermejo, Bolivia, para inaugurar la construcci\u00f3n de una valla de 200 metros. Aunque se trata de una obra de escasa envergadura, el acto estuvo rodeado de toda una parafernalia medi\u00e1tica. Claro, su simbolismo trasciende&#8230;<\/p>\n","protected":false},"author":2,"featured_media":4113,"comment_status":"open","ping_status":"open","sticky":false,"template":"","format":"standard","meta":{"_jetpack_memberships_contains_paid_content":false,"footnotes":"","jetpack_publicize_message":"","jetpack_publicize_feature_enabled":true,"jetpack_social_post_already_shared":true,"jetpack_social_options":{"image_generator_settings":{"template":"highway","enabled":false},"version":2}},"categories":[1,17],"tags":[],"class_list":["post-4114","post","type-post","status-publish","format-standard","has-post-thumbnail","hentry","category-bolivia","category-opinion"],"jetpack_publicize_connections":[],"yoast_head":"<!-- This site is optimized with the Yoast SEO plugin v23.4 - https:\/\/yoast.com\/wordpress\/plugins\/seo\/ -->\n<title>CANCILLER\u00cdA Y LA IMPORTANCIA DEL DI\u00c1LOGO INTERNACIONAL - innoticiasbo.com<\/title>\n<meta name=\"robots\" content=\"index, follow, max-snippet:-1, max-image-preview:large, max-video-preview:-1\" \/>\n<link rel=\"canonical\" href=\"https:\/\/innoticiasbo.com\/index.php\/2025\/02\/17\/cancilleria-y-la-importancia-del-dialogo-internacional\/\" \/>\n<meta property=\"og:locale\" content=\"es_ES\" \/>\n<meta property=\"og:type\" content=\"article\" \/>\n<meta property=\"og:title\" content=\"CANCILLER\u00cdA Y LA IMPORTANCIA DEL DI\u00c1LOGO INTERNACIONAL - innoticiasbo.com\" \/>\n<meta property=\"og:description\" content=\"La ministra de Seguridad de Argentina, Patricia Bullrich, se desplaz\u00f3 esta semana hasta Aguas Blancas, una peque\u00f1a poblaci\u00f3n argentina fronteriza con Bermejo, Bolivia, para inaugurar la construcci\u00f3n de una valla de 200 metros. Aunque se trata de una obra de escasa envergadura, el acto estuvo rodeado de toda una parafernalia medi\u00e1tica. Claro, su simbolismo trasciende...\" \/>\n<meta property=\"og:url\" content=\"https:\/\/innoticiasbo.com\/index.php\/2025\/02\/17\/cancilleria-y-la-importancia-del-dialogo-internacional\/\" \/>\n<meta property=\"og:site_name\" content=\"innoticiasbo.com\" \/>\n<meta property=\"article:publisher\" content=\"https:\/\/www.facebook.com\/innoticiasbolivia\" \/>\n<meta property=\"article:published_time\" content=\"2025-02-17T10:39:57+00:00\" \/>\n<meta property=\"article:modified_time\" content=\"2025-02-17T10:40:09+00:00\" \/>\n<meta property=\"og:image\" content=\"https:\/\/i0.wp.com\/innoticiasbo.com\/wp-content\/uploads\/2025\/02\/IMG-20250214-WA0173.jpg?fit=1080%2C1080&ssl=1\" \/>\n\t<meta property=\"og:image:width\" content=\"1080\" \/>\n\t<meta property=\"og:image:height\" content=\"1080\" \/>\n\t<meta property=\"og:image:type\" content=\"image\/jpeg\" \/>\n<meta name=\"author\" content=\"Prensa\" \/>\n<meta name=\"twitter:card\" content=\"summary_large_image\" \/>\n<meta name=\"twitter:creator\" content=\"@innoticiasbo\" \/>\n<meta name=\"twitter:site\" content=\"@innoticiasbo\" \/>\n<meta name=\"twitter:label1\" content=\"Escrito por\" \/>\n\t<meta name=\"twitter:data1\" content=\"Prensa\" \/>\n\t<meta name=\"twitter:label2\" content=\"Tiempo de lectura\" \/>\n\t<meta name=\"twitter:data2\" content=\"4 minutos\" \/>\n<script type=\"application\/ld+json\" class=\"yoast-schema-graph\">{\"@context\":\"https:\/\/schema.org\",\"@graph\":[{\"@type\":\"Article\",\"@id\":\"https:\/\/innoticiasbo.com\/index.php\/2025\/02\/17\/cancilleria-y-la-importancia-del-dialogo-internacional\/#article\",\"isPartOf\":{\"@id\":\"https:\/\/innoticiasbo.com\/index.php\/2025\/02\/17\/cancilleria-y-la-importancia-del-dialogo-internacional\/\"},\"author\":{\"name\":\"Prensa\",\"@id\":\"https:\/\/innoticiasbo.com\/#\/schema\/person\/589cd527c4211df1b943bdad85ec07ce\"},\"headline\":\"CANCILLER\u00cdA Y LA IMPORTANCIA DEL DI\u00c1LOGO INTERNACIONAL\",\"datePublished\":\"2025-02-17T10:39:57+00:00\",\"dateModified\":\"2025-02-17T10:40:09+00:00\",\"mainEntityOfPage\":{\"@id\":\"https:\/\/innoticiasbo.com\/index.php\/2025\/02\/17\/cancilleria-y-la-importancia-del-dialogo-internacional\/\"},\"wordCount\":767,\"commentCount\":0,\"publisher\":{\"@id\":\"https:\/\/innoticiasbo.com\/#organization\"},\"image\":{\"@id\":\"https:\/\/innoticiasbo.com\/index.php\/2025\/02\/17\/cancilleria-y-la-importancia-del-dialogo-internacional\/#primaryimage\"},\"thumbnailUrl\":\"https:\/\/i0.wp.com\/innoticiasbo.com\/wp-content\/uploads\/2025\/02\/IMG-20250214-WA0173.jpg?fit=1080%2C1080&ssl=1\",\"articleSection\":[\"Bolivia\",\"Opini\u00f3n\"],\"inLanguage\":\"es\",\"potentialAction\":[{\"@type\":\"CommentAction\",\"name\":\"Comment\",\"target\":[\"https:\/\/innoticiasbo.com\/index.php\/2025\/02\/17\/cancilleria-y-la-importancia-del-dialogo-internacional\/#respond\"]}]},{\"@type\":\"WebPage\",\"@id\":\"https:\/\/innoticiasbo.com\/index.php\/2025\/02\/17\/cancilleria-y-la-importancia-del-dialogo-internacional\/\",\"url\":\"https:\/\/innoticiasbo.com\/index.php\/2025\/02\/17\/cancilleria-y-la-importancia-del-dialogo-internacional\/\",\"name\":\"CANCILLER\u00cdA Y LA IMPORTANCIA DEL DI\u00c1LOGO INTERNACIONAL - innoticiasbo.com\",\"isPartOf\":{\"@id\":\"https:\/\/innoticiasbo.com\/#website\"},\"primaryImageOfPage\":{\"@id\":\"https:\/\/innoticiasbo.com\/index.php\/2025\/02\/17\/cancilleria-y-la-importancia-del-dialogo-internacional\/#primaryimage\"},\"image\":{\"@id\":\"https:\/\/innoticiasbo.com\/index.php\/2025\/02\/17\/cancilleria-y-la-importancia-del-dialogo-internacional\/#primaryimage\"},\"thumbnailUrl\":\"https:\/\/i0.wp.com\/innoticiasbo.com\/wp-content\/uploads\/2025\/02\/IMG-20250214-WA0173.jpg?fit=1080%2C1080&ssl=1\",\"datePublished\":\"2025-02-17T10:39:57+00:00\",\"dateModified\":\"2025-02-17T10:40:09+00:00\",\"breadcrumb\":{\"@id\":\"https:\/\/innoticiasbo.com\/index.php\/2025\/02\/17\/cancilleria-y-la-importancia-del-dialogo-internacional\/#breadcrumb\"},\"inLanguage\":\"es\",\"potentialAction\":[{\"@type\":\"ReadAction\",\"target\":[\"https:\/\/innoticiasbo.com\/index.php\/2025\/02\/17\/cancilleria-y-la-importancia-del-dialogo-internacional\/\"]}]},{\"@type\":\"ImageObject\",\"inLanguage\":\"es\",\"@id\":\"https:\/\/innoticiasbo.com\/index.php\/2025\/02\/17\/cancilleria-y-la-importancia-del-dialogo-internacional\/#primaryimage\",\"url\":\"https:\/\/i0.wp.com\/innoticiasbo.com\/wp-content\/uploads\/2025\/02\/IMG-20250214-WA0173.jpg?fit=1080%2C1080&ssl=1\",\"contentUrl\":\"https:\/\/i0.wp.com\/innoticiasbo.com\/wp-content\/uploads\/2025\/02\/IMG-20250214-WA0173.jpg?fit=1080%2C1080&ssl=1\",\"width\":1080,\"height\":1080},{\"@type\":\"BreadcrumbList\",\"@id\":\"https:\/\/innoticiasbo.com\/index.php\/2025\/02\/17\/cancilleria-y-la-importancia-del-dialogo-internacional\/#breadcrumb\",\"itemListElement\":[{\"@type\":\"ListItem\",\"position\":1,\"name\":\"Portada\",\"item\":\"https:\/\/innoticiasbo.com\/\"},{\"@type\":\"ListItem\",\"position\":2,\"name\":\"CANCILLER\u00cdA Y LA IMPORTANCIA DEL DI\u00c1LOGO INTERNACIONAL\"}]},{\"@type\":\"WebSite\",\"@id\":\"https:\/\/innoticiasbo.com\/#website\",\"url\":\"https:\/\/innoticiasbo.com\/\",\"name\":\"innoticiasbo.com\",\"description\":\"\",\"publisher\":{\"@id\":\"https:\/\/innoticiasbo.com\/#organization\"},\"potentialAction\":[{\"@type\":\"SearchAction\",\"target\":{\"@type\":\"EntryPoint\",\"urlTemplate\":\"https:\/\/innoticiasbo.com\/?s={search_term_string}\"},\"query-input\":{\"@type\":\"PropertyValueSpecification\",\"valueRequired\":true,\"valueName\":\"search_term_string\"}}],\"inLanguage\":\"es\"},{\"@type\":\"Organization\",\"@id\":\"https:\/\/innoticiasbo.com\/#organization\",\"name\":\"innoticiasbo.com\",\"url\":\"https:\/\/innoticiasbo.com\/\",\"logo\":{\"@type\":\"ImageObject\",\"inLanguage\":\"es\",\"@id\":\"https:\/\/innoticiasbo.com\/#\/schema\/logo\/image\/\",\"url\":\"https:\/\/i0.wp.com\/innoticiasbo.com\/wp-content\/uploads\/2026\/04\/cropped-IN-LOGO.png?fit=1476%2C1476&ssl=1\",\"contentUrl\":\"https:\/\/i0.wp.com\/innoticiasbo.com\/wp-content\/uploads\/2026\/04\/cropped-IN-LOGO.png?fit=1476%2C1476&ssl=1\",\"width\":1476,\"height\":1476,\"caption\":\"innoticiasbo.com\"},\"image\":{\"@id\":\"https:\/\/innoticiasbo.com\/#\/schema\/logo\/image\/\"},\"sameAs\":[\"https:\/\/www.facebook.com\/innoticiasbolivia\",\"https:\/\/x.com\/innoticiasbo\",\"https:\/\/www.instagram.com\/innoticiasbo\",\"https:\/\/www.youtube.com\/innoticiasbo\"]},{\"@type\":\"Person\",\"@id\":\"https:\/\/innoticiasbo.com\/#\/schema\/person\/589cd527c4211df1b943bdad85ec07ce\",\"name\":\"Prensa\",\"image\":{\"@type\":\"ImageObject\",\"inLanguage\":\"es\",\"@id\":\"https:\/\/innoticiasbo.com\/#\/schema\/person\/image\/\",\"url\":\"https:\/\/secure.gravatar.com\/avatar\/d359bbdf112023c1c0a3ec7fe1600657?s=96&d=mm&r=g\",\"contentUrl\":\"https:\/\/secure.gravatar.com\/avatar\/d359bbdf112023c1c0a3ec7fe1600657?s=96&d=mm&r=g\",\"caption\":\"Prensa\"},\"sameAs\":[\"http:\/\/www.innoticiasbo.com\"],\"url\":\"https:\/\/innoticiasbo.com\/index.php\/author\/prensa\/\"}]}<\/script>\n<!-- \/ Yoast SEO plugin. -->","yoast_head_json":{"title":"CANCILLER\u00cdA Y LA IMPORTANCIA DEL DI\u00c1LOGO INTERNACIONAL - innoticiasbo.com","robots":{"index":"index","follow":"follow","max-snippet":"max-snippet:-1","max-image-preview":"max-image-preview:large","max-video-preview":"max-video-preview:-1"},"canonical":"https:\/\/innoticiasbo.com\/index.php\/2025\/02\/17\/cancilleria-y-la-importancia-del-dialogo-internacional\/","og_locale":"es_ES","og_type":"article","og_title":"CANCILLER\u00cdA Y LA IMPORTANCIA DEL DI\u00c1LOGO INTERNACIONAL - innoticiasbo.com","og_description":"La ministra de Seguridad de Argentina, Patricia Bullrich, se desplaz\u00f3 esta semana hasta Aguas Blancas, una peque\u00f1a poblaci\u00f3n argentina fronteriza con Bermejo, Bolivia, para inaugurar la construcci\u00f3n de una valla de 200 metros. Aunque se trata de una obra de escasa envergadura, el acto estuvo rodeado de toda una parafernalia medi\u00e1tica. Claro, su simbolismo trasciende...","og_url":"https:\/\/innoticiasbo.com\/index.php\/2025\/02\/17\/cancilleria-y-la-importancia-del-dialogo-internacional\/","og_site_name":"innoticiasbo.com","article_publisher":"https:\/\/www.facebook.com\/innoticiasbolivia","article_published_time":"2025-02-17T10:39:57+00:00","article_modified_time":"2025-02-17T10:40:09+00:00","og_image":[{"width":1080,"height":1080,"url":"https:\/\/i0.wp.com\/innoticiasbo.com\/wp-content\/uploads\/2025\/02\/IMG-20250214-WA0173.jpg?fit=1080%2C1080&ssl=1","type":"image\/jpeg"}],"author":"Prensa","twitter_card":"summary_large_image","twitter_creator":"@innoticiasbo","twitter_site":"@innoticiasbo","twitter_misc":{"Escrito por":"Prensa","Tiempo de lectura":"4 minutos"},"schema":{"@context":"https:\/\/schema.org","@graph":[{"@type":"Article","@id":"https:\/\/innoticiasbo.com\/index.php\/2025\/02\/17\/cancilleria-y-la-importancia-del-dialogo-internacional\/#article","isPartOf":{"@id":"https:\/\/innoticiasbo.com\/index.php\/2025\/02\/17\/cancilleria-y-la-importancia-del-dialogo-internacional\/"},"author":{"name":"Prensa","@id":"https:\/\/innoticiasbo.com\/#\/schema\/person\/589cd527c4211df1b943bdad85ec07ce"},"headline":"CANCILLER\u00cdA Y LA IMPORTANCIA DEL DI\u00c1LOGO INTERNACIONAL","datePublished":"2025-02-17T10:39:57+00:00","dateModified":"2025-02-17T10:40:09+00:00","mainEntityOfPage":{"@id":"https:\/\/innoticiasbo.com\/index.php\/2025\/02\/17\/cancilleria-y-la-importancia-del-dialogo-internacional\/"},"wordCount":767,"commentCount":0,"publisher":{"@id":"https:\/\/innoticiasbo.com\/#organization"},"image":{"@id":"https:\/\/innoticiasbo.com\/index.php\/2025\/02\/17\/cancilleria-y-la-importancia-del-dialogo-internacional\/#primaryimage"},"thumbnailUrl":"https:\/\/i0.wp.com\/innoticiasbo.com\/wp-content\/uploads\/2025\/02\/IMG-20250214-WA0173.jpg?fit=1080%2C1080&ssl=1","articleSection":["Bolivia","Opini\u00f3n"],"inLanguage":"es","potentialAction":[{"@type":"CommentAction","name":"Comment","target":["https:\/\/innoticiasbo.com\/index.php\/2025\/02\/17\/cancilleria-y-la-importancia-del-dialogo-internacional\/#respond"]}]},{"@type":"WebPage","@id":"https:\/\/innoticiasbo.com\/index.php\/2025\/02\/17\/cancilleria-y-la-importancia-del-dialogo-internacional\/","url":"https:\/\/innoticiasbo.com\/index.php\/2025\/02\/17\/cancilleria-y-la-importancia-del-dialogo-internacional\/","name":"CANCILLER\u00cdA Y LA IMPORTANCIA DEL DI\u00c1LOGO INTERNACIONAL - innoticiasbo.com","isPartOf":{"@id":"https:\/\/innoticiasbo.com\/#website"},"primaryImageOfPage":{"@id":"https:\/\/innoticiasbo.com\/index.php\/2025\/02\/17\/cancilleria-y-la-importancia-del-dialogo-internacional\/#primaryimage"},"image":{"@id":"https:\/\/innoticiasbo.com\/index.php\/2025\/02\/17\/cancilleria-y-la-importancia-del-dialogo-internacional\/#primaryimage"},"thumbnailUrl":"https:\/\/i0.wp.com\/innoticiasbo.com\/wp-content\/uploads\/2025\/02\/IMG-20250214-WA0173.jpg?fit=1080%2C1080&ssl=1","datePublished":"2025-02-17T10:39:57+00:00","dateModified":"2025-02-17T10:40:09+00:00","breadcrumb":{"@id":"https:\/\/innoticiasbo.com\/index.php\/2025\/02\/17\/cancilleria-y-la-importancia-del-dialogo-internacional\/#breadcrumb"},"inLanguage":"es","potentialAction":[{"@type":"ReadAction","target":["https:\/\/innoticiasbo.com\/index.php\/2025\/02\/17\/cancilleria-y-la-importancia-del-dialogo-internacional\/"]}]},{"@type":"ImageObject","inLanguage":"es","@id":"https:\/\/innoticiasbo.com\/index.php\/2025\/02\/17\/cancilleria-y-la-importancia-del-dialogo-internacional\/#primaryimage","url":"https:\/\/i0.wp.com\/innoticiasbo.com\/wp-content\/uploads\/2025\/02\/IMG-20250214-WA0173.jpg?fit=1080%2C1080&ssl=1","contentUrl":"https:\/\/i0.wp.com\/innoticiasbo.com\/wp-content\/uploads\/2025\/02\/IMG-20250214-WA0173.jpg?fit=1080%2C1080&ssl=1","width":1080,"height":1080},{"@type":"BreadcrumbList","@id":"https:\/\/innoticiasbo.com\/index.php\/2025\/02\/17\/cancilleria-y-la-importancia-del-dialogo-internacional\/#breadcrumb","itemListElement":[{"@type":"ListItem","position":1,"name":"Portada","item":"https:\/\/innoticiasbo.com\/"},{"@type":"ListItem","position":2,"name":"CANCILLER\u00cdA Y LA IMPORTANCIA DEL DI\u00c1LOGO INTERNACIONAL"}]},{"@type":"WebSite","@id":"https:\/\/innoticiasbo.com\/#website","url":"https:\/\/innoticiasbo.com\/","name":"innoticiasbo.com","description":"","publisher":{"@id":"https:\/\/innoticiasbo.com\/#organization"},"potentialAction":[{"@type":"SearchAction","target":{"@type":"EntryPoint","urlTemplate":"https:\/\/innoticiasbo.com\/?s={search_term_string}"},"query-input":{"@type":"PropertyValueSpecification","valueRequired":true,"valueName":"search_term_string"}}],"inLanguage":"es"},{"@type":"Organization","@id":"https:\/\/innoticiasbo.com\/#organization","name":"innoticiasbo.com","url":"https:\/\/innoticiasbo.com\/","logo":{"@type":"ImageObject","inLanguage":"es","@id":"https:\/\/innoticiasbo.com\/#\/schema\/logo\/image\/","url":"https:\/\/i0.wp.com\/innoticiasbo.com\/wp-content\/uploads\/2026\/04\/cropped-IN-LOGO.png?fit=1476%2C1476&ssl=1","contentUrl":"https:\/\/i0.wp.com\/innoticiasbo.com\/wp-content\/uploads\/2026\/04\/cropped-IN-LOGO.png?fit=1476%2C1476&ssl=1","width":1476,"height":1476,"caption":"innoticiasbo.com"},"image":{"@id":"https:\/\/innoticiasbo.com\/#\/schema\/logo\/image\/"},"sameAs":["https:\/\/www.facebook.com\/innoticiasbolivia","https:\/\/x.com\/innoticiasbo","https:\/\/www.instagram.com\/innoticiasbo","https:\/\/www.youtube.com\/innoticiasbo"]},{"@type":"Person","@id":"https:\/\/innoticiasbo.com\/#\/schema\/person\/589cd527c4211df1b943bdad85ec07ce","name":"Prensa","image":{"@type":"ImageObject","inLanguage":"es","@id":"https:\/\/innoticiasbo.com\/#\/schema\/person\/image\/","url":"https:\/\/secure.gravatar.com\/avatar\/d359bbdf112023c1c0a3ec7fe1600657?s=96&d=mm&r=g","contentUrl":"https:\/\/secure.gravatar.com\/avatar\/d359bbdf112023c1c0a3ec7fe1600657?s=96&d=mm&r=g","caption":"Prensa"},"sameAs":["http:\/\/www.innoticiasbo.com"],"url":"https:\/\/innoticiasbo.com\/index.php\/author\/prensa\/"}]}},"jetpack_featured_media_url":"https:\/\/i0.wp.com\/innoticiasbo.com\/wp-content\/uploads\/2025\/02\/IMG-20250214-WA0173.jpg?fit=1080%2C1080&ssl=1","jetpack_likes_enabled":true,"jetpack_sharing_enabled":true,"jetpack_shortlink":"https:\/\/wp.me\/pg298x-14m","_links":{"self":[{"href":"https:\/\/innoticiasbo.com\/index.php\/wp-json\/wp\/v2\/posts\/4114","targetHints":{"allow":["GET"]}}],"collection":[{"href":"https:\/\/innoticiasbo.com\/index.php\/wp-json\/wp\/v2\/posts"}],"about":[{"href":"https:\/\/innoticiasbo.com\/index.php\/wp-json\/wp\/v2\/types\/post"}],"author":[{"embeddable":true,"href":"https:\/\/innoticiasbo.com\/index.php\/wp-json\/wp\/v2\/users\/2"}],"replies":[{"embeddable":true,"href":"https:\/\/innoticiasbo.com\/index.php\/wp-json\/wp\/v2\/comments?post=4114"}],"version-history":[{"count":1,"href":"https:\/\/innoticiasbo.com\/index.php\/wp-json\/wp\/v2\/posts\/4114\/revisions"}],"predecessor-version":[{"id":4115,"href":"https:\/\/innoticiasbo.com\/index.php\/wp-json\/wp\/v2\/posts\/4114\/revisions\/4115"}],"wp:featuredmedia":[{"embeddable":true,"href":"https:\/\/innoticiasbo.com\/index.php\/wp-json\/wp\/v2\/media\/4113"}],"wp:attachment":[{"href":"https:\/\/innoticiasbo.com\/index.php\/wp-json\/wp\/v2\/media?parent=4114"}],"wp:term":[{"taxonomy":"category","embeddable":true,"href":"https:\/\/innoticiasbo.com\/index.php\/wp-json\/wp\/v2\/categories?post=4114"},{"taxonomy":"post_tag","embeddable":true,"href":"https:\/\/innoticiasbo.com\/index.php\/wp-json\/wp\/v2\/tags?post=4114"}],"curies":[{"name":"wp","href":"https:\/\/api.w.org\/{rel}","templated":true}]}}