{"id":4099,"date":"2025-02-16T08:45:58","date_gmt":"2025-02-16T12:45:58","guid":{"rendered":"https:\/\/innoticiasbo.com\/?p=4099"},"modified":"2025-02-16T08:46:07","modified_gmt":"2025-02-16T12:46:07","slug":"trabajadores-de-la-construccion-de-cochabamba-reciben-informacion-de-la-gestora-en-jornada-previsional","status":"publish","type":"post","link":"https:\/\/innoticiasbo.com\/index.php\/2025\/02\/16\/trabajadores-de-la-construccion-de-cochabamba-reciben-informacion-de-la-gestora-en-jornada-previsional\/","title":{"rendered":"TRABAJADORES DE LA CONSTRUCCI\u00d3N DE COCHABAMBA RECIBEN INFORMACI\u00d3N DE LA GESTORA EN JORNADA PREVISIONAL"},"content":{"rendered":"\n<p class=\"MsoNormal\">Cochabamba 14 de febrero 2025.-\u00a0 Afiliados a la Federaci\u00f3n Sindical de Trabajadores en Construcci\u00f3n de Cochabamba participaron este viernes de una Jornada de Educaci\u00f3n Previsional, con el objetivo de despejar dudas e interiorizarse de los beneficios del Sistema Integral de Pensiones (SIP).<\/p>\n\n\n\n<figure class=\"wp-block-image size-large\"><img data-recalc-dims=\"1\" loading=\"lazy\" decoding=\"async\" width=\"640\" height=\"389\" src=\"https:\/\/i0.wp.com\/innoticiasbo.com\/wp-content\/uploads\/2025\/02\/img-20250216-wa00316604799700223449483.jpg?resize=640%2C389&#038;ssl=1\" alt=\"\" class=\"wp-image-4095\" srcset=\"https:\/\/i0.wp.com\/innoticiasbo.com\/wp-content\/uploads\/2025\/02\/img-20250216-wa00316604799700223449483.jpg?resize=1024%2C623&amp;ssl=1 1024w, https:\/\/i0.wp.com\/innoticiasbo.com\/wp-content\/uploads\/2025\/02\/img-20250216-wa00316604799700223449483.jpg?resize=300%2C183&amp;ssl=1 300w, https:\/\/i0.wp.com\/innoticiasbo.com\/wp-content\/uploads\/2025\/02\/img-20250216-wa00316604799700223449483.jpg?resize=768%2C468&amp;ssl=1 768w, https:\/\/i0.wp.com\/innoticiasbo.com\/wp-content\/uploads\/2025\/02\/img-20250216-wa00316604799700223449483.jpg?resize=1536%2C935&amp;ssl=1 1536w, https:\/\/i0.wp.com\/innoticiasbo.com\/wp-content\/uploads\/2025\/02\/img-20250216-wa00316604799700223449483.jpg?w=1600&amp;ssl=1 1600w, https:\/\/i0.wp.com\/innoticiasbo.com\/wp-content\/uploads\/2025\/02\/img-20250216-wa00316604799700223449483.jpg?w=1280&amp;ssl=1 1280w\" sizes=\"auto, (max-width: 640px) 100vw, 640px\" \/><\/figure>\n\n\n\n<p class=\"MsoNormal\">\u201cPara nosotros, como instituci\u00f3n, esta actividad no es solo una oportunidad para informar, sino tambi\u00e9n para escuchar, para conocer sus inquietudes, sus expectativas y sus necesidades, reiterarles que la Gestora P\u00fablica, como instituci\u00f3n de todos los bolivianos, est\u00e1 comprometida con ustedes\u201d, sostuvo el gerente Regional Valles, Ezequiel Hurtado a tiempo de inaugurar el evento.<\/p>\n\n\n\n<p class=\"MsoNormal\">La Gestora P\u00fablica de la Seguridad Social de Largo Plazo, en el marco de un acercamiento directo con las diferentes instituciones, organizaciones sociales y poblaci\u00f3n en general realiza peri\u00f3dicamente estas Jornadas de Educaci\u00f3n Previsional con el objetivo de informar y despejar dudas que pueden surgir respecto a los alcances de la Ley 065 de Pensiones y el SIP.<\/p>\n\n\n\n<figure class=\"wp-block-image size-large\"><img data-recalc-dims=\"1\" loading=\"lazy\" decoding=\"async\" width=\"640\" height=\"427\" src=\"https:\/\/i0.wp.com\/innoticiasbo.com\/wp-content\/uploads\/2025\/02\/img-20250216-wa00325861366096529974544.jpg?resize=640%2C427&#038;ssl=1\" alt=\"\" class=\"wp-image-4096\" srcset=\"https:\/\/i0.wp.com\/innoticiasbo.com\/wp-content\/uploads\/2025\/02\/img-20250216-wa00325861366096529974544.jpg?resize=1024%2C683&amp;ssl=1 1024w, https:\/\/i0.wp.com\/innoticiasbo.com\/wp-content\/uploads\/2025\/02\/img-20250216-wa00325861366096529974544.jpg?resize=300%2C200&amp;ssl=1 300w, https:\/\/i0.wp.com\/innoticiasbo.com\/wp-content\/uploads\/2025\/02\/img-20250216-wa00325861366096529974544.jpg?resize=768%2C512&amp;ssl=1 768w, https:\/\/i0.wp.com\/innoticiasbo.com\/wp-content\/uploads\/2025\/02\/img-20250216-wa00325861366096529974544.jpg?resize=600%2C400&amp;ssl=1 600w, https:\/\/i0.wp.com\/innoticiasbo.com\/wp-content\/uploads\/2025\/02\/img-20250216-wa00325861366096529974544.jpg?w=1368&amp;ssl=1 1368w, https:\/\/i0.wp.com\/innoticiasbo.com\/wp-content\/uploads\/2025\/02\/img-20250216-wa00325861366096529974544.jpg?w=1280&amp;ssl=1 1280w\" sizes=\"auto, (max-width: 640px) 100vw, 640px\" \/><\/figure>\n\n\n\n<p class=\"MsoNormal\">Durante el encuentro realizado en el Teatro Te\u00f3filo Vargas en el municipio de Quillacollo m\u00e1s de un centenar de trabajadores, jubilados y asegurados, recibieron adem\u00e1s una amplia explicaci\u00f3n sobre los alcances de la Ley 1582 de L\u00edmites Solidarios, accedieron a su Estado de Ahorro Previsional, c\u00f3mo utilizar la Oficina Virtual, entre otros, servicios con que cuenta la Gestora.<\/p>\n\n\n\n<p class=\"MsoNormal\">Por su parte el secretario General de la Federaci\u00f3n de Trabajadores en la Construcci\u00f3n de Cochabamba, Juli\u00e1n Rocha, destac\u00f3 el desprendimiento de Profesionales y T\u00e9cnicos de la Gestora que en un dialogo e intercambio de opiniones dieron luces a los trabajadores sobre la necesidad de asegurar su futuro y el de sus familias con una jubilaci\u00f3n digna y segura.<\/p>\n\n\n\n<figure class=\"wp-block-image size-large\"><img data-recalc-dims=\"1\" loading=\"lazy\" decoding=\"async\" width=\"640\" height=\"427\" src=\"https:\/\/i0.wp.com\/innoticiasbo.com\/wp-content\/uploads\/2025\/02\/img-20250216-wa0030427848457236861003.jpg?resize=640%2C427&#038;ssl=1\" alt=\"\" class=\"wp-image-4097\" srcset=\"https:\/\/i0.wp.com\/innoticiasbo.com\/wp-content\/uploads\/2025\/02\/img-20250216-wa0030427848457236861003.jpg?resize=1024%2C683&amp;ssl=1 1024w, https:\/\/i0.wp.com\/innoticiasbo.com\/wp-content\/uploads\/2025\/02\/img-20250216-wa0030427848457236861003.jpg?resize=300%2C200&amp;ssl=1 300w, https:\/\/i0.wp.com\/innoticiasbo.com\/wp-content\/uploads\/2025\/02\/img-20250216-wa0030427848457236861003.jpg?resize=768%2C512&amp;ssl=1 768w, https:\/\/i0.wp.com\/innoticiasbo.com\/wp-content\/uploads\/2025\/02\/img-20250216-wa0030427848457236861003.jpg?resize=600%2C400&amp;ssl=1 600w, https:\/\/i0.wp.com\/innoticiasbo.com\/wp-content\/uploads\/2025\/02\/img-20250216-wa0030427848457236861003.jpg?w=1368&amp;ssl=1 1368w, https:\/\/i0.wp.com\/innoticiasbo.com\/wp-content\/uploads\/2025\/02\/img-20250216-wa0030427848457236861003.jpg?w=1280&amp;ssl=1 1280w\" sizes=\"auto, (max-width: 640px) 100vw, 640px\" \/><\/figure>\n\n\n\n<p class=\"MsoNormal\">\u201cPara nosotros como sector de la construcci\u00f3n es sumamente importante est\u00e1 jornada porque no solo est\u00e1n hermanos jubilados del sector, sino tambi\u00e9n trabajadores activos que requerimos de informaci\u00f3n y\u00a0 por eso destacamos est\u00e1s explicaciones que nos da la Gestora\u00bb manifest\u00f3 Rocha.<\/p>\n\n\n\n<p class=\"MsoNormal\">Con este tipo de jornadas, se refuerza el compromiso de brindar informaci\u00f3n clave sobre los derechos de seguridad social y pensiones a los trabajadores del pa\u00eds.<\/p>\n","protected":false},"excerpt":{"rendered":"<p>Cochabamba 14 de febrero 2025.-\u00a0 Afiliados a la Federaci\u00f3n Sindical de Trabajadores en Construcci\u00f3n de Cochabamba participaron este viernes de una Jornada de Educaci\u00f3n Previsional, con el objetivo de despejar dudas e interiorizarse de los beneficios del Sistema Integral de Pensiones (SIP). \u201cPara nosotros, como instituci\u00f3n, esta actividad no es solo una oportunidad para informar,&#8230;<\/p>\n","protected":false},"author":2,"featured_media":4098,"comment_status":"open","ping_status":"open","sticky":false,"template":"","format":"standard","meta":{"_jetpack_memberships_contains_paid_content":false,"footnotes":"","jetpack_publicize_message":"","jetpack_publicize_feature_enabled":true,"jetpack_social_post_already_shared":true,"jetpack_social_options":{"image_generator_settings":{"template":"highway","enabled":false},"version":2}},"categories":[2,16],"tags":[],"class_list":["post-4099","post","type-post","status-publish","format-standard","has-post-thumbnail","hentry","category-cochabamba","category-economia"],"jetpack_publicize_connections":[],"yoast_head":"<!-- This site is optimized with the Yoast SEO plugin v23.4 - https:\/\/yoast.com\/wordpress\/plugins\/seo\/ -->\n<title>TRABAJADORES DE LA CONSTRUCCI\u00d3N DE COCHABAMBA RECIBEN INFORMACI\u00d3N DE LA GESTORA EN JORNADA PREVISIONAL - innoticiasbo.com<\/title>\n<meta name=\"robots\" content=\"index, follow, max-snippet:-1, max-image-preview:large, max-video-preview:-1\" \/>\n<link rel=\"canonical\" href=\"https:\/\/innoticiasbo.com\/index.php\/2025\/02\/16\/trabajadores-de-la-construccion-de-cochabamba-reciben-informacion-de-la-gestora-en-jornada-previsional\/\" \/>\n<meta property=\"og:locale\" content=\"es_ES\" \/>\n<meta property=\"og:type\" content=\"article\" \/>\n<meta property=\"og:title\" content=\"TRABAJADORES DE LA CONSTRUCCI\u00d3N DE COCHABAMBA RECIBEN INFORMACI\u00d3N DE LA GESTORA EN JORNADA PREVISIONAL - innoticiasbo.com\" \/>\n<meta property=\"og:description\" content=\"Cochabamba 14 de febrero 2025.-\u00a0 Afiliados a la Federaci\u00f3n Sindical de Trabajadores en Construcci\u00f3n de Cochabamba participaron este viernes de una Jornada de Educaci\u00f3n Previsional, con el objetivo de despejar dudas e interiorizarse de los beneficios del Sistema Integral de Pensiones (SIP). \u201cPara nosotros, como instituci\u00f3n, esta actividad no es solo una oportunidad para informar,...\" \/>\n<meta property=\"og:url\" content=\"https:\/\/innoticiasbo.com\/index.php\/2025\/02\/16\/trabajadores-de-la-construccion-de-cochabamba-reciben-informacion-de-la-gestora-en-jornada-previsional\/\" \/>\n<meta property=\"og:site_name\" content=\"innoticiasbo.com\" \/>\n<meta property=\"article:publisher\" content=\"https:\/\/www.facebook.com\/innoticiasbolivia\" \/>\n<meta property=\"article:published_time\" content=\"2025-02-16T12:45:58+00:00\" \/>\n<meta property=\"article:modified_time\" content=\"2025-02-16T12:46:07+00:00\" \/>\n<meta property=\"og:image\" content=\"https:\/\/i0.wp.com\/innoticiasbo.com\/wp-content\/uploads\/2025\/02\/IMG-20250216-WA0030.jpg?fit=1368%2C912&ssl=1\" \/>\n\t<meta property=\"og:image:width\" content=\"1368\" \/>\n\t<meta property=\"og:image:height\" content=\"912\" \/>\n\t<meta property=\"og:image:type\" content=\"image\/jpeg\" \/>\n<meta name=\"author\" content=\"Prensa\" \/>\n<meta name=\"twitter:card\" content=\"summary_large_image\" \/>\n<meta name=\"twitter:creator\" content=\"@innoticiasbo\" \/>\n<meta name=\"twitter:site\" content=\"@innoticiasbo\" \/>\n<meta name=\"twitter:label1\" content=\"Escrito por\" \/>\n\t<meta name=\"twitter:data1\" content=\"Prensa\" \/>\n\t<meta name=\"twitter:label2\" content=\"Tiempo de lectura\" \/>\n\t<meta name=\"twitter:data2\" content=\"2 minutos\" \/>\n<script type=\"application\/ld+json\" class=\"yoast-schema-graph\">{\"@context\":\"https:\/\/schema.org\",\"@graph\":[{\"@type\":\"Article\",\"@id\":\"https:\/\/innoticiasbo.com\/index.php\/2025\/02\/16\/trabajadores-de-la-construccion-de-cochabamba-reciben-informacion-de-la-gestora-en-jornada-previsional\/#article\",\"isPartOf\":{\"@id\":\"https:\/\/innoticiasbo.com\/index.php\/2025\/02\/16\/trabajadores-de-la-construccion-de-cochabamba-reciben-informacion-de-la-gestora-en-jornada-previsional\/\"},\"author\":{\"name\":\"Prensa\",\"@id\":\"https:\/\/innoticiasbo.com\/#\/schema\/person\/589cd527c4211df1b943bdad85ec07ce\"},\"headline\":\"TRABAJADORES DE LA CONSTRUCCI\u00d3N DE COCHABAMBA RECIBEN INFORMACI\u00d3N DE LA GESTORA EN JORNADA PREVISIONAL\",\"datePublished\":\"2025-02-16T12:45:58+00:00\",\"dateModified\":\"2025-02-16T12:46:07+00:00\",\"mainEntityOfPage\":{\"@id\":\"https:\/\/innoticiasbo.com\/index.php\/2025\/02\/16\/trabajadores-de-la-construccion-de-cochabamba-reciben-informacion-de-la-gestora-en-jornada-previsional\/\"},\"wordCount\":380,\"commentCount\":0,\"publisher\":{\"@id\":\"https:\/\/innoticiasbo.com\/#organization\"},\"image\":{\"@id\":\"https:\/\/innoticiasbo.com\/index.php\/2025\/02\/16\/trabajadores-de-la-construccion-de-cochabamba-reciben-informacion-de-la-gestora-en-jornada-previsional\/#primaryimage\"},\"thumbnailUrl\":\"https:\/\/i0.wp.com\/innoticiasbo.com\/wp-content\/uploads\/2025\/02\/IMG-20250216-WA0030.jpg?fit=1368%2C912&ssl=1\",\"articleSection\":[\"Cochabamba\",\"Econom\u00eda\"],\"inLanguage\":\"es\",\"potentialAction\":[{\"@type\":\"CommentAction\",\"name\":\"Comment\",\"target\":[\"https:\/\/innoticiasbo.com\/index.php\/2025\/02\/16\/trabajadores-de-la-construccion-de-cochabamba-reciben-informacion-de-la-gestora-en-jornada-previsional\/#respond\"]}]},{\"@type\":\"WebPage\",\"@id\":\"https:\/\/innoticiasbo.com\/index.php\/2025\/02\/16\/trabajadores-de-la-construccion-de-cochabamba-reciben-informacion-de-la-gestora-en-jornada-previsional\/\",\"url\":\"https:\/\/innoticiasbo.com\/index.php\/2025\/02\/16\/trabajadores-de-la-construccion-de-cochabamba-reciben-informacion-de-la-gestora-en-jornada-previsional\/\",\"name\":\"TRABAJADORES DE LA CONSTRUCCI\u00d3N DE COCHABAMBA RECIBEN INFORMACI\u00d3N DE LA GESTORA EN JORNADA PREVISIONAL - innoticiasbo.com\",\"isPartOf\":{\"@id\":\"https:\/\/innoticiasbo.com\/#website\"},\"primaryImageOfPage\":{\"@id\":\"https:\/\/innoticiasbo.com\/index.php\/2025\/02\/16\/trabajadores-de-la-construccion-de-cochabamba-reciben-informacion-de-la-gestora-en-jornada-previsional\/#primaryimage\"},\"image\":{\"@id\":\"https:\/\/innoticiasbo.com\/index.php\/2025\/02\/16\/trabajadores-de-la-construccion-de-cochabamba-reciben-informacion-de-la-gestora-en-jornada-previsional\/#primaryimage\"},\"thumbnailUrl\":\"https:\/\/i0.wp.com\/innoticiasbo.com\/wp-content\/uploads\/2025\/02\/IMG-20250216-WA0030.jpg?fit=1368%2C912&ssl=1\",\"datePublished\":\"2025-02-16T12:45:58+00:00\",\"dateModified\":\"2025-02-16T12:46:07+00:00\",\"breadcrumb\":{\"@id\":\"https:\/\/innoticiasbo.com\/index.php\/2025\/02\/16\/trabajadores-de-la-construccion-de-cochabamba-reciben-informacion-de-la-gestora-en-jornada-previsional\/#breadcrumb\"},\"inLanguage\":\"es\",\"potentialAction\":[{\"@type\":\"ReadAction\",\"target\":[\"https:\/\/innoticiasbo.com\/index.php\/2025\/02\/16\/trabajadores-de-la-construccion-de-cochabamba-reciben-informacion-de-la-gestora-en-jornada-previsional\/\"]}]},{\"@type\":\"ImageObject\",\"inLanguage\":\"es\",\"@id\":\"https:\/\/innoticiasbo.com\/index.php\/2025\/02\/16\/trabajadores-de-la-construccion-de-cochabamba-reciben-informacion-de-la-gestora-en-jornada-previsional\/#primaryimage\",\"url\":\"https:\/\/i0.wp.com\/innoticiasbo.com\/wp-content\/uploads\/2025\/02\/IMG-20250216-WA0030.jpg?fit=1368%2C912&ssl=1\",\"contentUrl\":\"https:\/\/i0.wp.com\/innoticiasbo.com\/wp-content\/uploads\/2025\/02\/IMG-20250216-WA0030.jpg?fit=1368%2C912&ssl=1\",\"width\":1368,\"height\":912},{\"@type\":\"BreadcrumbList\",\"@id\":\"https:\/\/innoticiasbo.com\/index.php\/2025\/02\/16\/trabajadores-de-la-construccion-de-cochabamba-reciben-informacion-de-la-gestora-en-jornada-previsional\/#breadcrumb\",\"itemListElement\":[{\"@type\":\"ListItem\",\"position\":1,\"name\":\"Portada\",\"item\":\"https:\/\/innoticiasbo.com\/\"},{\"@type\":\"ListItem\",\"position\":2,\"name\":\"TRABAJADORES DE LA CONSTRUCCI\u00d3N DE COCHABAMBA RECIBEN INFORMACI\u00d3N DE LA GESTORA EN JORNADA PREVISIONAL\"}]},{\"@type\":\"WebSite\",\"@id\":\"https:\/\/innoticiasbo.com\/#website\",\"url\":\"https:\/\/innoticiasbo.com\/\",\"name\":\"innoticiasbo.com\",\"description\":\"\",\"publisher\":{\"@id\":\"https:\/\/innoticiasbo.com\/#organization\"},\"potentialAction\":[{\"@type\":\"SearchAction\",\"target\":{\"@type\":\"EntryPoint\",\"urlTemplate\":\"https:\/\/innoticiasbo.com\/?s={search_term_string}\"},\"query-input\":{\"@type\":\"PropertyValueSpecification\",\"valueRequired\":true,\"valueName\":\"search_term_string\"}}],\"inLanguage\":\"es\"},{\"@type\":\"Organization\",\"@id\":\"https:\/\/innoticiasbo.com\/#organization\",\"name\":\"innoticiasbo.com\",\"url\":\"https:\/\/innoticiasbo.com\/\",\"logo\":{\"@type\":\"ImageObject\",\"inLanguage\":\"es\",\"@id\":\"https:\/\/innoticiasbo.com\/#\/schema\/logo\/image\/\",\"url\":\"https:\/\/i0.wp.com\/innoticiasbo.com\/wp-content\/uploads\/2026\/04\/cropped-IN-LOGO.png?fit=1476%2C1476&ssl=1\",\"contentUrl\":\"https:\/\/i0.wp.com\/innoticiasbo.com\/wp-content\/uploads\/2026\/04\/cropped-IN-LOGO.png?fit=1476%2C1476&ssl=1\",\"width\":1476,\"height\":1476,\"caption\":\"innoticiasbo.com\"},\"image\":{\"@id\":\"https:\/\/innoticiasbo.com\/#\/schema\/logo\/image\/\"},\"sameAs\":[\"https:\/\/www.facebook.com\/innoticiasbolivia\",\"https:\/\/x.com\/innoticiasbo\",\"https:\/\/www.instagram.com\/innoticiasbo\",\"https:\/\/www.youtube.com\/innoticiasbo\"]},{\"@type\":\"Person\",\"@id\":\"https:\/\/innoticiasbo.com\/#\/schema\/person\/589cd527c4211df1b943bdad85ec07ce\",\"name\":\"Prensa\",\"image\":{\"@type\":\"ImageObject\",\"inLanguage\":\"es\",\"@id\":\"https:\/\/innoticiasbo.com\/#\/schema\/person\/image\/\",\"url\":\"https:\/\/secure.gravatar.com\/avatar\/d359bbdf112023c1c0a3ec7fe1600657?s=96&d=mm&r=g\",\"contentUrl\":\"https:\/\/secure.gravatar.com\/avatar\/d359bbdf112023c1c0a3ec7fe1600657?s=96&d=mm&r=g\",\"caption\":\"Prensa\"},\"sameAs\":[\"http:\/\/www.innoticiasbo.com\"],\"url\":\"https:\/\/innoticiasbo.com\/index.php\/author\/prensa\/\"}]}<\/script>\n<!-- \/ Yoast SEO plugin. -->","yoast_head_json":{"title":"TRABAJADORES DE LA CONSTRUCCI\u00d3N DE COCHABAMBA RECIBEN INFORMACI\u00d3N DE LA GESTORA EN JORNADA PREVISIONAL - innoticiasbo.com","robots":{"index":"index","follow":"follow","max-snippet":"max-snippet:-1","max-image-preview":"max-image-preview:large","max-video-preview":"max-video-preview:-1"},"canonical":"https:\/\/innoticiasbo.com\/index.php\/2025\/02\/16\/trabajadores-de-la-construccion-de-cochabamba-reciben-informacion-de-la-gestora-en-jornada-previsional\/","og_locale":"es_ES","og_type":"article","og_title":"TRABAJADORES DE LA CONSTRUCCI\u00d3N DE COCHABAMBA RECIBEN INFORMACI\u00d3N DE LA GESTORA EN JORNADA PREVISIONAL - innoticiasbo.com","og_description":"Cochabamba 14 de febrero 2025.-\u00a0 Afiliados a la Federaci\u00f3n Sindical de Trabajadores en Construcci\u00f3n de Cochabamba participaron este viernes de una Jornada de Educaci\u00f3n Previsional, con el objetivo de despejar dudas e interiorizarse de los beneficios del Sistema Integral de Pensiones (SIP). \u201cPara nosotros, como instituci\u00f3n, esta actividad no es solo una oportunidad para informar,...","og_url":"https:\/\/innoticiasbo.com\/index.php\/2025\/02\/16\/trabajadores-de-la-construccion-de-cochabamba-reciben-informacion-de-la-gestora-en-jornada-previsional\/","og_site_name":"innoticiasbo.com","article_publisher":"https:\/\/www.facebook.com\/innoticiasbolivia","article_published_time":"2025-02-16T12:45:58+00:00","article_modified_time":"2025-02-16T12:46:07+00:00","og_image":[{"width":1368,"height":912,"url":"https:\/\/i0.wp.com\/innoticiasbo.com\/wp-content\/uploads\/2025\/02\/IMG-20250216-WA0030.jpg?fit=1368%2C912&ssl=1","type":"image\/jpeg"}],"author":"Prensa","twitter_card":"summary_large_image","twitter_creator":"@innoticiasbo","twitter_site":"@innoticiasbo","twitter_misc":{"Escrito por":"Prensa","Tiempo de lectura":"2 minutos"},"schema":{"@context":"https:\/\/schema.org","@graph":[{"@type":"Article","@id":"https:\/\/innoticiasbo.com\/index.php\/2025\/02\/16\/trabajadores-de-la-construccion-de-cochabamba-reciben-informacion-de-la-gestora-en-jornada-previsional\/#article","isPartOf":{"@id":"https:\/\/innoticiasbo.com\/index.php\/2025\/02\/16\/trabajadores-de-la-construccion-de-cochabamba-reciben-informacion-de-la-gestora-en-jornada-previsional\/"},"author":{"name":"Prensa","@id":"https:\/\/innoticiasbo.com\/#\/schema\/person\/589cd527c4211df1b943bdad85ec07ce"},"headline":"TRABAJADORES DE LA CONSTRUCCI\u00d3N DE COCHABAMBA RECIBEN INFORMACI\u00d3N DE LA GESTORA EN JORNADA PREVISIONAL","datePublished":"2025-02-16T12:45:58+00:00","dateModified":"2025-02-16T12:46:07+00:00","mainEntityOfPage":{"@id":"https:\/\/innoticiasbo.com\/index.php\/2025\/02\/16\/trabajadores-de-la-construccion-de-cochabamba-reciben-informacion-de-la-gestora-en-jornada-previsional\/"},"wordCount":380,"commentCount":0,"publisher":{"@id":"https:\/\/innoticiasbo.com\/#organization"},"image":{"@id":"https:\/\/innoticiasbo.com\/index.php\/2025\/02\/16\/trabajadores-de-la-construccion-de-cochabamba-reciben-informacion-de-la-gestora-en-jornada-previsional\/#primaryimage"},"thumbnailUrl":"https:\/\/i0.wp.com\/innoticiasbo.com\/wp-content\/uploads\/2025\/02\/IMG-20250216-WA0030.jpg?fit=1368%2C912&ssl=1","articleSection":["Cochabamba","Econom\u00eda"],"inLanguage":"es","potentialAction":[{"@type":"CommentAction","name":"Comment","target":["https:\/\/innoticiasbo.com\/index.php\/2025\/02\/16\/trabajadores-de-la-construccion-de-cochabamba-reciben-informacion-de-la-gestora-en-jornada-previsional\/#respond"]}]},{"@type":"WebPage","@id":"https:\/\/innoticiasbo.com\/index.php\/2025\/02\/16\/trabajadores-de-la-construccion-de-cochabamba-reciben-informacion-de-la-gestora-en-jornada-previsional\/","url":"https:\/\/innoticiasbo.com\/index.php\/2025\/02\/16\/trabajadores-de-la-construccion-de-cochabamba-reciben-informacion-de-la-gestora-en-jornada-previsional\/","name":"TRABAJADORES DE LA CONSTRUCCI\u00d3N DE COCHABAMBA RECIBEN INFORMACI\u00d3N DE LA GESTORA EN JORNADA PREVISIONAL - innoticiasbo.com","isPartOf":{"@id":"https:\/\/innoticiasbo.com\/#website"},"primaryImageOfPage":{"@id":"https:\/\/innoticiasbo.com\/index.php\/2025\/02\/16\/trabajadores-de-la-construccion-de-cochabamba-reciben-informacion-de-la-gestora-en-jornada-previsional\/#primaryimage"},"image":{"@id":"https:\/\/innoticiasbo.com\/index.php\/2025\/02\/16\/trabajadores-de-la-construccion-de-cochabamba-reciben-informacion-de-la-gestora-en-jornada-previsional\/#primaryimage"},"thumbnailUrl":"https:\/\/i0.wp.com\/innoticiasbo.com\/wp-content\/uploads\/2025\/02\/IMG-20250216-WA0030.jpg?fit=1368%2C912&ssl=1","datePublished":"2025-02-16T12:45:58+00:00","dateModified":"2025-02-16T12:46:07+00:00","breadcrumb":{"@id":"https:\/\/innoticiasbo.com\/index.php\/2025\/02\/16\/trabajadores-de-la-construccion-de-cochabamba-reciben-informacion-de-la-gestora-en-jornada-previsional\/#breadcrumb"},"inLanguage":"es","potentialAction":[{"@type":"ReadAction","target":["https:\/\/innoticiasbo.com\/index.php\/2025\/02\/16\/trabajadores-de-la-construccion-de-cochabamba-reciben-informacion-de-la-gestora-en-jornada-previsional\/"]}]},{"@type":"ImageObject","inLanguage":"es","@id":"https:\/\/innoticiasbo.com\/index.php\/2025\/02\/16\/trabajadores-de-la-construccion-de-cochabamba-reciben-informacion-de-la-gestora-en-jornada-previsional\/#primaryimage","url":"https:\/\/i0.wp.com\/innoticiasbo.com\/wp-content\/uploads\/2025\/02\/IMG-20250216-WA0030.jpg?fit=1368%2C912&ssl=1","contentUrl":"https:\/\/i0.wp.com\/innoticiasbo.com\/wp-content\/uploads\/2025\/02\/IMG-20250216-WA0030.jpg?fit=1368%2C912&ssl=1","width":1368,"height":912},{"@type":"BreadcrumbList","@id":"https:\/\/innoticiasbo.com\/index.php\/2025\/02\/16\/trabajadores-de-la-construccion-de-cochabamba-reciben-informacion-de-la-gestora-en-jornada-previsional\/#breadcrumb","itemListElement":[{"@type":"ListItem","position":1,"name":"Portada","item":"https:\/\/innoticiasbo.com\/"},{"@type":"ListItem","position":2,"name":"TRABAJADORES DE LA CONSTRUCCI\u00d3N DE COCHABAMBA RECIBEN INFORMACI\u00d3N DE LA GESTORA EN JORNADA PREVISIONAL"}]},{"@type":"WebSite","@id":"https:\/\/innoticiasbo.com\/#website","url":"https:\/\/innoticiasbo.com\/","name":"innoticiasbo.com","description":"","publisher":{"@id":"https:\/\/innoticiasbo.com\/#organization"},"potentialAction":[{"@type":"SearchAction","target":{"@type":"EntryPoint","urlTemplate":"https:\/\/innoticiasbo.com\/?s={search_term_string}"},"query-input":{"@type":"PropertyValueSpecification","valueRequired":true,"valueName":"search_term_string"}}],"inLanguage":"es"},{"@type":"Organization","@id":"https:\/\/innoticiasbo.com\/#organization","name":"innoticiasbo.com","url":"https:\/\/innoticiasbo.com\/","logo":{"@type":"ImageObject","inLanguage":"es","@id":"https:\/\/innoticiasbo.com\/#\/schema\/logo\/image\/","url":"https:\/\/i0.wp.com\/innoticiasbo.com\/wp-content\/uploads\/2026\/04\/cropped-IN-LOGO.png?fit=1476%2C1476&ssl=1","contentUrl":"https:\/\/i0.wp.com\/innoticiasbo.com\/wp-content\/uploads\/2026\/04\/cropped-IN-LOGO.png?fit=1476%2C1476&ssl=1","width":1476,"height":1476,"caption":"innoticiasbo.com"},"image":{"@id":"https:\/\/innoticiasbo.com\/#\/schema\/logo\/image\/"},"sameAs":["https:\/\/www.facebook.com\/innoticiasbolivia","https:\/\/x.com\/innoticiasbo","https:\/\/www.instagram.com\/innoticiasbo","https:\/\/www.youtube.com\/innoticiasbo"]},{"@type":"Person","@id":"https:\/\/innoticiasbo.com\/#\/schema\/person\/589cd527c4211df1b943bdad85ec07ce","name":"Prensa","image":{"@type":"ImageObject","inLanguage":"es","@id":"https:\/\/innoticiasbo.com\/#\/schema\/person\/image\/","url":"https:\/\/secure.gravatar.com\/avatar\/d359bbdf112023c1c0a3ec7fe1600657?s=96&d=mm&r=g","contentUrl":"https:\/\/secure.gravatar.com\/avatar\/d359bbdf112023c1c0a3ec7fe1600657?s=96&d=mm&r=g","caption":"Prensa"},"sameAs":["http:\/\/www.innoticiasbo.com"],"url":"https:\/\/innoticiasbo.com\/index.php\/author\/prensa\/"}]}},"jetpack_featured_media_url":"https:\/\/i0.wp.com\/innoticiasbo.com\/wp-content\/uploads\/2025\/02\/IMG-20250216-WA0030.jpg?fit=1368%2C912&ssl=1","jetpack_likes_enabled":true,"jetpack_sharing_enabled":true,"jetpack_shortlink":"https:\/\/wp.me\/pg298x-147","_links":{"self":[{"href":"https:\/\/innoticiasbo.com\/index.php\/wp-json\/wp\/v2\/posts\/4099","targetHints":{"allow":["GET"]}}],"collection":[{"href":"https:\/\/innoticiasbo.com\/index.php\/wp-json\/wp\/v2\/posts"}],"about":[{"href":"https:\/\/innoticiasbo.com\/index.php\/wp-json\/wp\/v2\/types\/post"}],"author":[{"embeddable":true,"href":"https:\/\/innoticiasbo.com\/index.php\/wp-json\/wp\/v2\/users\/2"}],"replies":[{"embeddable":true,"href":"https:\/\/innoticiasbo.com\/index.php\/wp-json\/wp\/v2\/comments?post=4099"}],"version-history":[{"count":1,"href":"https:\/\/innoticiasbo.com\/index.php\/wp-json\/wp\/v2\/posts\/4099\/revisions"}],"predecessor-version":[{"id":4100,"href":"https:\/\/innoticiasbo.com\/index.php\/wp-json\/wp\/v2\/posts\/4099\/revisions\/4100"}],"wp:featuredmedia":[{"embeddable":true,"href":"https:\/\/innoticiasbo.com\/index.php\/wp-json\/wp\/v2\/media\/4098"}],"wp:attachment":[{"href":"https:\/\/innoticiasbo.com\/index.php\/wp-json\/wp\/v2\/media?parent=4099"}],"wp:term":[{"taxonomy":"category","embeddable":true,"href":"https:\/\/innoticiasbo.com\/index.php\/wp-json\/wp\/v2\/categories?post=4099"},{"taxonomy":"post_tag","embeddable":true,"href":"https:\/\/innoticiasbo.com\/index.php\/wp-json\/wp\/v2\/tags?post=4099"}],"curies":[{"name":"wp","href":"https:\/\/api.w.org\/{rel}","templated":true}]}}