{"id":3995,"date":"2025-02-05T08:54:22","date_gmt":"2025-02-05T12:54:22","guid":{"rendered":"https:\/\/innoticiasbo.com\/?p=3995"},"modified":"2025-02-05T08:54:33","modified_gmt":"2025-02-05T12:54:33","slug":"alcaldia-iniciara-proceso-penal-contra-diputado-ormachea-por-difundir-informacion-falsa","status":"publish","type":"post","link":"https:\/\/innoticiasbo.com\/index.php\/2025\/02\/05\/alcaldia-iniciara-proceso-penal-contra-diputado-ormachea-por-difundir-informacion-falsa\/","title":{"rendered":"ALCALDIA INICIAR\u00c1 PROCESO PENAL CONTRA DIPUTADO ORMACHEA POR DIFUNDIR&nbsp; INFORMACI\u00d3N&nbsp; \u00abFALSA\u00bb"},"content":{"rendered":"\n<p>Cochabamba, 5 de febrero de 2025.- El Gobierno Aut\u00f3nomo Municipal de Cochabamba (GAMC) iniciar\u00e1 un proceso penal en contra del diputado Jos\u00e9 Ormachea por difundir informaci\u00f3n falsa en relaci\u00f3n al desayuno escolar.<\/p>\n\n\n\n<p>\u201cEl d\u00eda de hoy (Ormachea) ha publicado en sus redes sociales un video donde acusa al alcalde y al concejal Reyes Villa Avil\u00e9s de direccionar contratos de desayuno escolar y de incurrir en actos de corrupci\u00f3n (\u2026) el audio que presenta como prueba es totalmente falso, hicimos la verificaci\u00f3n del mismo y fue hecho con inteligencia artificial\u201d inform\u00f3 el director de Comunicaci\u00f3n e Imagen Corporativa, Juan Jos\u00e9 Ayaviri.<\/p>\n\n\n\n<figure class=\"wp-block-image size-large\"><img data-recalc-dims=\"1\" loading=\"lazy\" decoding=\"async\" width=\"640\" height=\"352\" src=\"https:\/\/i0.wp.com\/innoticiasbo.com\/wp-content\/uploads\/2025\/02\/screenshot_20250205_085228_whatsapp8967308042024101631.jpg?resize=640%2C352&#038;ssl=1\" alt=\"\" class=\"wp-image-3993\" srcset=\"https:\/\/i0.wp.com\/innoticiasbo.com\/wp-content\/uploads\/2025\/02\/screenshot_20250205_085228_whatsapp8967308042024101631.jpg?resize=1024%2C563&amp;ssl=1 1024w, https:\/\/i0.wp.com\/innoticiasbo.com\/wp-content\/uploads\/2025\/02\/screenshot_20250205_085228_whatsapp8967308042024101631.jpg?resize=300%2C165&amp;ssl=1 300w, https:\/\/i0.wp.com\/innoticiasbo.com\/wp-content\/uploads\/2025\/02\/screenshot_20250205_085228_whatsapp8967308042024101631.jpg?resize=768%2C422&amp;ssl=1 768w, https:\/\/i0.wp.com\/innoticiasbo.com\/wp-content\/uploads\/2025\/02\/screenshot_20250205_085228_whatsapp8967308042024101631.jpg?w=1080&amp;ssl=1 1080w\" sizes=\"auto, (max-width: 640px) 100vw, 640px\" \/><figcaption class=\"wp-element-caption\">Captura presentaci\u00f3n&nbsp; GAMC <\/figcaption><\/figure>\n\n\n\n<p>La autoridad asegur\u00f3 que no hubo un direccionamiento o favoritismo en la contrataci\u00f3n de la empresa en cuesti\u00f3n, pues solo se present\u00f3 una propuesta. Asimismo, explic\u00f3 sobre el costo del producto. \u201cEl diputado Ormachea lo present\u00f3 como si costar\u00e1 Bs. 0.60, hemos ido a un supermercado y este producto con factura cuesta Bs. 1.50, el que la Alcald\u00eda entrega a los ni\u00f1os es con mucho valor nutricional (\u2026) no existe un sobreprecio, Ormachea falsea los datos y desinforma con sus acciones\u201d indic\u00f3 Ayaviri.<\/p>\n\n\n\n<p>Por ese motivo, la autoridad inform\u00f3 que la Alcald\u00eda tomar\u00e1 acciones en contra del diputado. \u201cYa estamos cansados de que sujetos como este acusen falsamente a nuestras autoridades. Vamos a sentar un precedente para que personas como \u00e9l, en condiciones que solamente sustancias controladas pueden provocar haga este tipo de declaraciones\u201d agreg\u00f3.<\/p>\n","protected":false},"excerpt":{"rendered":"<p>Cochabamba, 5 de febrero de 2025.- El Gobierno Aut\u00f3nomo Municipal de Cochabamba (GAMC) iniciar\u00e1 un proceso penal en contra del diputado Jos\u00e9 Ormachea por difundir informaci\u00f3n falsa en relaci\u00f3n al desayuno escolar. \u201cEl d\u00eda de hoy (Ormachea) ha publicado en sus redes sociales un video donde acusa al alcalde y al concejal Reyes Villa Avil\u00e9s&#8230;<\/p>\n","protected":false},"author":2,"featured_media":3994,"comment_status":"open","ping_status":"open","sticky":false,"template":"","format":"standard","meta":{"_jetpack_memberships_contains_paid_content":false,"footnotes":"","jetpack_publicize_message":"","jetpack_publicize_feature_enabled":true,"jetpack_social_post_already_shared":true,"jetpack_social_options":{"image_generator_settings":{"template":"highway","enabled":false},"version":2}},"categories":[1,3],"tags":[],"class_list":["post-3995","post","type-post","status-publish","format-standard","has-post-thumbnail","hentry","category-bolivia","category-politica"],"jetpack_publicize_connections":[],"yoast_head":"<!-- This site is optimized with the Yoast SEO plugin v23.4 - https:\/\/yoast.com\/wordpress\/plugins\/seo\/ -->\n<title>ALCALDIA INICIAR\u00c1 PROCESO PENAL CONTRA DIPUTADO ORMACHEA POR DIFUNDIR&nbsp; INFORMACI\u00d3N&nbsp; &quot;FALSA&quot; - innoticiasbo.com<\/title>\n<meta name=\"robots\" content=\"index, follow, max-snippet:-1, max-image-preview:large, max-video-preview:-1\" \/>\n<link rel=\"canonical\" href=\"https:\/\/innoticiasbo.com\/index.php\/2025\/02\/05\/alcaldia-iniciara-proceso-penal-contra-diputado-ormachea-por-difundir-informacion-falsa\/\" \/>\n<meta property=\"og:locale\" content=\"es_ES\" \/>\n<meta property=\"og:type\" content=\"article\" \/>\n<meta property=\"og:title\" content=\"ALCALDIA INICIAR\u00c1 PROCESO PENAL CONTRA DIPUTADO ORMACHEA POR DIFUNDIR&nbsp; INFORMACI\u00d3N&nbsp; &quot;FALSA&quot; - innoticiasbo.com\" \/>\n<meta property=\"og:description\" content=\"Cochabamba, 5 de febrero de 2025.- El Gobierno Aut\u00f3nomo Municipal de Cochabamba (GAMC) iniciar\u00e1 un proceso penal en contra del diputado Jos\u00e9 Ormachea por difundir informaci\u00f3n falsa en relaci\u00f3n al desayuno escolar. \u201cEl d\u00eda de hoy (Ormachea) ha publicado en sus redes sociales un video donde acusa al alcalde y al concejal Reyes Villa Avil\u00e9s...\" \/>\n<meta property=\"og:url\" content=\"https:\/\/innoticiasbo.com\/index.php\/2025\/02\/05\/alcaldia-iniciara-proceso-penal-contra-diputado-ormachea-por-difundir-informacion-falsa\/\" \/>\n<meta property=\"og:site_name\" content=\"innoticiasbo.com\" \/>\n<meta property=\"article:publisher\" content=\"https:\/\/www.facebook.com\/innoticiasbolivia\" \/>\n<meta property=\"article:published_time\" content=\"2025-02-05T12:54:22+00:00\" \/>\n<meta property=\"article:modified_time\" content=\"2025-02-05T12:54:33+00:00\" \/>\n<meta property=\"og:image\" content=\"https:\/\/i0.wp.com\/innoticiasbo.com\/wp-content\/uploads\/2025\/02\/Screenshot_20250205_085228_WhatsApp.jpg?fit=1080%2C594&ssl=1\" \/>\n\t<meta property=\"og:image:width\" content=\"1080\" \/>\n\t<meta property=\"og:image:height\" content=\"594\" \/>\n\t<meta property=\"og:image:type\" content=\"image\/jpeg\" \/>\n<meta name=\"author\" content=\"Prensa\" \/>\n<meta name=\"twitter:card\" content=\"summary_large_image\" \/>\n<meta name=\"twitter:creator\" content=\"@innoticiasbo\" \/>\n<meta name=\"twitter:site\" content=\"@innoticiasbo\" \/>\n<meta name=\"twitter:label1\" content=\"Escrito por\" \/>\n\t<meta name=\"twitter:data1\" content=\"Prensa\" \/>\n\t<meta name=\"twitter:label2\" content=\"Tiempo de lectura\" \/>\n\t<meta name=\"twitter:data2\" content=\"1 minuto\" \/>\n<script type=\"application\/ld+json\" class=\"yoast-schema-graph\">{\"@context\":\"https:\/\/schema.org\",\"@graph\":[{\"@type\":\"Article\",\"@id\":\"https:\/\/innoticiasbo.com\/index.php\/2025\/02\/05\/alcaldia-iniciara-proceso-penal-contra-diputado-ormachea-por-difundir-informacion-falsa\/#article\",\"isPartOf\":{\"@id\":\"https:\/\/innoticiasbo.com\/index.php\/2025\/02\/05\/alcaldia-iniciara-proceso-penal-contra-diputado-ormachea-por-difundir-informacion-falsa\/\"},\"author\":{\"name\":\"Prensa\",\"@id\":\"https:\/\/innoticiasbo.com\/#\/schema\/person\/589cd527c4211df1b943bdad85ec07ce\"},\"headline\":\"ALCALDIA INICIAR\u00c1 PROCESO PENAL CONTRA DIPUTADO ORMACHEA POR DIFUNDIR&nbsp; INFORMACI\u00d3N&nbsp; \u00abFALSA\u00bb\",\"datePublished\":\"2025-02-05T12:54:22+00:00\",\"dateModified\":\"2025-02-05T12:54:33+00:00\",\"mainEntityOfPage\":{\"@id\":\"https:\/\/innoticiasbo.com\/index.php\/2025\/02\/05\/alcaldia-iniciara-proceso-penal-contra-diputado-ormachea-por-difundir-informacion-falsa\/\"},\"wordCount\":262,\"commentCount\":0,\"publisher\":{\"@id\":\"https:\/\/innoticiasbo.com\/#organization\"},\"image\":{\"@id\":\"https:\/\/innoticiasbo.com\/index.php\/2025\/02\/05\/alcaldia-iniciara-proceso-penal-contra-diputado-ormachea-por-difundir-informacion-falsa\/#primaryimage\"},\"thumbnailUrl\":\"https:\/\/i0.wp.com\/innoticiasbo.com\/wp-content\/uploads\/2025\/02\/Screenshot_20250205_085228_WhatsApp.jpg?fit=1080%2C594&ssl=1\",\"articleSection\":[\"Bolivia\",\"Pol\u00edtica\"],\"inLanguage\":\"es\",\"potentialAction\":[{\"@type\":\"CommentAction\",\"name\":\"Comment\",\"target\":[\"https:\/\/innoticiasbo.com\/index.php\/2025\/02\/05\/alcaldia-iniciara-proceso-penal-contra-diputado-ormachea-por-difundir-informacion-falsa\/#respond\"]}]},{\"@type\":\"WebPage\",\"@id\":\"https:\/\/innoticiasbo.com\/index.php\/2025\/02\/05\/alcaldia-iniciara-proceso-penal-contra-diputado-ormachea-por-difundir-informacion-falsa\/\",\"url\":\"https:\/\/innoticiasbo.com\/index.php\/2025\/02\/05\/alcaldia-iniciara-proceso-penal-contra-diputado-ormachea-por-difundir-informacion-falsa\/\",\"name\":\"ALCALDIA INICIAR\u00c1 PROCESO PENAL CONTRA DIPUTADO ORMACHEA POR DIFUNDIR&nbsp; INFORMACI\u00d3N&nbsp; \\\"FALSA\\\" - innoticiasbo.com\",\"isPartOf\":{\"@id\":\"https:\/\/innoticiasbo.com\/#website\"},\"primaryImageOfPage\":{\"@id\":\"https:\/\/innoticiasbo.com\/index.php\/2025\/02\/05\/alcaldia-iniciara-proceso-penal-contra-diputado-ormachea-por-difundir-informacion-falsa\/#primaryimage\"},\"image\":{\"@id\":\"https:\/\/innoticiasbo.com\/index.php\/2025\/02\/05\/alcaldia-iniciara-proceso-penal-contra-diputado-ormachea-por-difundir-informacion-falsa\/#primaryimage\"},\"thumbnailUrl\":\"https:\/\/i0.wp.com\/innoticiasbo.com\/wp-content\/uploads\/2025\/02\/Screenshot_20250205_085228_WhatsApp.jpg?fit=1080%2C594&ssl=1\",\"datePublished\":\"2025-02-05T12:54:22+00:00\",\"dateModified\":\"2025-02-05T12:54:33+00:00\",\"breadcrumb\":{\"@id\":\"https:\/\/innoticiasbo.com\/index.php\/2025\/02\/05\/alcaldia-iniciara-proceso-penal-contra-diputado-ormachea-por-difundir-informacion-falsa\/#breadcrumb\"},\"inLanguage\":\"es\",\"potentialAction\":[{\"@type\":\"ReadAction\",\"target\":[\"https:\/\/innoticiasbo.com\/index.php\/2025\/02\/05\/alcaldia-iniciara-proceso-penal-contra-diputado-ormachea-por-difundir-informacion-falsa\/\"]}]},{\"@type\":\"ImageObject\",\"inLanguage\":\"es\",\"@id\":\"https:\/\/innoticiasbo.com\/index.php\/2025\/02\/05\/alcaldia-iniciara-proceso-penal-contra-diputado-ormachea-por-difundir-informacion-falsa\/#primaryimage\",\"url\":\"https:\/\/i0.wp.com\/innoticiasbo.com\/wp-content\/uploads\/2025\/02\/Screenshot_20250205_085228_WhatsApp.jpg?fit=1080%2C594&ssl=1\",\"contentUrl\":\"https:\/\/i0.wp.com\/innoticiasbo.com\/wp-content\/uploads\/2025\/02\/Screenshot_20250205_085228_WhatsApp.jpg?fit=1080%2C594&ssl=1\",\"width\":1080,\"height\":594},{\"@type\":\"BreadcrumbList\",\"@id\":\"https:\/\/innoticiasbo.com\/index.php\/2025\/02\/05\/alcaldia-iniciara-proceso-penal-contra-diputado-ormachea-por-difundir-informacion-falsa\/#breadcrumb\",\"itemListElement\":[{\"@type\":\"ListItem\",\"position\":1,\"name\":\"Portada\",\"item\":\"https:\/\/innoticiasbo.com\/\"},{\"@type\":\"ListItem\",\"position\":2,\"name\":\"ALCALDIA INICIAR\u00c1 PROCESO PENAL CONTRA DIPUTADO ORMACHEA POR DIFUNDIR&nbsp; INFORMACI\u00d3N&nbsp; \u00abFALSA\u00bb\"}]},{\"@type\":\"WebSite\",\"@id\":\"https:\/\/innoticiasbo.com\/#website\",\"url\":\"https:\/\/innoticiasbo.com\/\",\"name\":\"innoticiasbo.com\",\"description\":\"\",\"publisher\":{\"@id\":\"https:\/\/innoticiasbo.com\/#organization\"},\"potentialAction\":[{\"@type\":\"SearchAction\",\"target\":{\"@type\":\"EntryPoint\",\"urlTemplate\":\"https:\/\/innoticiasbo.com\/?s={search_term_string}\"},\"query-input\":{\"@type\":\"PropertyValueSpecification\",\"valueRequired\":true,\"valueName\":\"search_term_string\"}}],\"inLanguage\":\"es\"},{\"@type\":\"Organization\",\"@id\":\"https:\/\/innoticiasbo.com\/#organization\",\"name\":\"innoticiasbo.com\",\"url\":\"https:\/\/innoticiasbo.com\/\",\"logo\":{\"@type\":\"ImageObject\",\"inLanguage\":\"es\",\"@id\":\"https:\/\/innoticiasbo.com\/#\/schema\/logo\/image\/\",\"url\":\"https:\/\/i0.wp.com\/innoticiasbo.com\/wp-content\/uploads\/2026\/04\/cropped-IN-LOGO.png?fit=1476%2C1476&ssl=1\",\"contentUrl\":\"https:\/\/i0.wp.com\/innoticiasbo.com\/wp-content\/uploads\/2026\/04\/cropped-IN-LOGO.png?fit=1476%2C1476&ssl=1\",\"width\":1476,\"height\":1476,\"caption\":\"innoticiasbo.com\"},\"image\":{\"@id\":\"https:\/\/innoticiasbo.com\/#\/schema\/logo\/image\/\"},\"sameAs\":[\"https:\/\/www.facebook.com\/innoticiasbolivia\",\"https:\/\/x.com\/innoticiasbo\",\"https:\/\/www.instagram.com\/innoticiasbo\",\"https:\/\/www.youtube.com\/innoticiasbo\"]},{\"@type\":\"Person\",\"@id\":\"https:\/\/innoticiasbo.com\/#\/schema\/person\/589cd527c4211df1b943bdad85ec07ce\",\"name\":\"Prensa\",\"image\":{\"@type\":\"ImageObject\",\"inLanguage\":\"es\",\"@id\":\"https:\/\/innoticiasbo.com\/#\/schema\/person\/image\/\",\"url\":\"https:\/\/secure.gravatar.com\/avatar\/d359bbdf112023c1c0a3ec7fe1600657?s=96&d=mm&r=g\",\"contentUrl\":\"https:\/\/secure.gravatar.com\/avatar\/d359bbdf112023c1c0a3ec7fe1600657?s=96&d=mm&r=g\",\"caption\":\"Prensa\"},\"sameAs\":[\"http:\/\/www.innoticiasbo.com\"],\"url\":\"https:\/\/innoticiasbo.com\/index.php\/author\/prensa\/\"}]}<\/script>\n<!-- \/ Yoast SEO plugin. -->","yoast_head_json":{"title":"ALCALDIA INICIAR\u00c1 PROCESO PENAL CONTRA DIPUTADO ORMACHEA POR DIFUNDIR&nbsp; INFORMACI\u00d3N&nbsp; \"FALSA\" - innoticiasbo.com","robots":{"index":"index","follow":"follow","max-snippet":"max-snippet:-1","max-image-preview":"max-image-preview:large","max-video-preview":"max-video-preview:-1"},"canonical":"https:\/\/innoticiasbo.com\/index.php\/2025\/02\/05\/alcaldia-iniciara-proceso-penal-contra-diputado-ormachea-por-difundir-informacion-falsa\/","og_locale":"es_ES","og_type":"article","og_title":"ALCALDIA INICIAR\u00c1 PROCESO PENAL CONTRA DIPUTADO ORMACHEA POR DIFUNDIR&nbsp; INFORMACI\u00d3N&nbsp; \"FALSA\" - innoticiasbo.com","og_description":"Cochabamba, 5 de febrero de 2025.- El Gobierno Aut\u00f3nomo Municipal de Cochabamba (GAMC) iniciar\u00e1 un proceso penal en contra del diputado Jos\u00e9 Ormachea por difundir informaci\u00f3n falsa en relaci\u00f3n al desayuno escolar. \u201cEl d\u00eda de hoy (Ormachea) ha publicado en sus redes sociales un video donde acusa al alcalde y al concejal Reyes Villa Avil\u00e9s...","og_url":"https:\/\/innoticiasbo.com\/index.php\/2025\/02\/05\/alcaldia-iniciara-proceso-penal-contra-diputado-ormachea-por-difundir-informacion-falsa\/","og_site_name":"innoticiasbo.com","article_publisher":"https:\/\/www.facebook.com\/innoticiasbolivia","article_published_time":"2025-02-05T12:54:22+00:00","article_modified_time":"2025-02-05T12:54:33+00:00","og_image":[{"width":1080,"height":594,"url":"https:\/\/i0.wp.com\/innoticiasbo.com\/wp-content\/uploads\/2025\/02\/Screenshot_20250205_085228_WhatsApp.jpg?fit=1080%2C594&ssl=1","type":"image\/jpeg"}],"author":"Prensa","twitter_card":"summary_large_image","twitter_creator":"@innoticiasbo","twitter_site":"@innoticiasbo","twitter_misc":{"Escrito por":"Prensa","Tiempo de lectura":"1 minuto"},"schema":{"@context":"https:\/\/schema.org","@graph":[{"@type":"Article","@id":"https:\/\/innoticiasbo.com\/index.php\/2025\/02\/05\/alcaldia-iniciara-proceso-penal-contra-diputado-ormachea-por-difundir-informacion-falsa\/#article","isPartOf":{"@id":"https:\/\/innoticiasbo.com\/index.php\/2025\/02\/05\/alcaldia-iniciara-proceso-penal-contra-diputado-ormachea-por-difundir-informacion-falsa\/"},"author":{"name":"Prensa","@id":"https:\/\/innoticiasbo.com\/#\/schema\/person\/589cd527c4211df1b943bdad85ec07ce"},"headline":"ALCALDIA INICIAR\u00c1 PROCESO PENAL CONTRA DIPUTADO ORMACHEA POR DIFUNDIR&nbsp; INFORMACI\u00d3N&nbsp; \u00abFALSA\u00bb","datePublished":"2025-02-05T12:54:22+00:00","dateModified":"2025-02-05T12:54:33+00:00","mainEntityOfPage":{"@id":"https:\/\/innoticiasbo.com\/index.php\/2025\/02\/05\/alcaldia-iniciara-proceso-penal-contra-diputado-ormachea-por-difundir-informacion-falsa\/"},"wordCount":262,"commentCount":0,"publisher":{"@id":"https:\/\/innoticiasbo.com\/#organization"},"image":{"@id":"https:\/\/innoticiasbo.com\/index.php\/2025\/02\/05\/alcaldia-iniciara-proceso-penal-contra-diputado-ormachea-por-difundir-informacion-falsa\/#primaryimage"},"thumbnailUrl":"https:\/\/i0.wp.com\/innoticiasbo.com\/wp-content\/uploads\/2025\/02\/Screenshot_20250205_085228_WhatsApp.jpg?fit=1080%2C594&ssl=1","articleSection":["Bolivia","Pol\u00edtica"],"inLanguage":"es","potentialAction":[{"@type":"CommentAction","name":"Comment","target":["https:\/\/innoticiasbo.com\/index.php\/2025\/02\/05\/alcaldia-iniciara-proceso-penal-contra-diputado-ormachea-por-difundir-informacion-falsa\/#respond"]}]},{"@type":"WebPage","@id":"https:\/\/innoticiasbo.com\/index.php\/2025\/02\/05\/alcaldia-iniciara-proceso-penal-contra-diputado-ormachea-por-difundir-informacion-falsa\/","url":"https:\/\/innoticiasbo.com\/index.php\/2025\/02\/05\/alcaldia-iniciara-proceso-penal-contra-diputado-ormachea-por-difundir-informacion-falsa\/","name":"ALCALDIA INICIAR\u00c1 PROCESO PENAL CONTRA DIPUTADO ORMACHEA POR DIFUNDIR&nbsp; INFORMACI\u00d3N&nbsp; \"FALSA\" - innoticiasbo.com","isPartOf":{"@id":"https:\/\/innoticiasbo.com\/#website"},"primaryImageOfPage":{"@id":"https:\/\/innoticiasbo.com\/index.php\/2025\/02\/05\/alcaldia-iniciara-proceso-penal-contra-diputado-ormachea-por-difundir-informacion-falsa\/#primaryimage"},"image":{"@id":"https:\/\/innoticiasbo.com\/index.php\/2025\/02\/05\/alcaldia-iniciara-proceso-penal-contra-diputado-ormachea-por-difundir-informacion-falsa\/#primaryimage"},"thumbnailUrl":"https:\/\/i0.wp.com\/innoticiasbo.com\/wp-content\/uploads\/2025\/02\/Screenshot_20250205_085228_WhatsApp.jpg?fit=1080%2C594&ssl=1","datePublished":"2025-02-05T12:54:22+00:00","dateModified":"2025-02-05T12:54:33+00:00","breadcrumb":{"@id":"https:\/\/innoticiasbo.com\/index.php\/2025\/02\/05\/alcaldia-iniciara-proceso-penal-contra-diputado-ormachea-por-difundir-informacion-falsa\/#breadcrumb"},"inLanguage":"es","potentialAction":[{"@type":"ReadAction","target":["https:\/\/innoticiasbo.com\/index.php\/2025\/02\/05\/alcaldia-iniciara-proceso-penal-contra-diputado-ormachea-por-difundir-informacion-falsa\/"]}]},{"@type":"ImageObject","inLanguage":"es","@id":"https:\/\/innoticiasbo.com\/index.php\/2025\/02\/05\/alcaldia-iniciara-proceso-penal-contra-diputado-ormachea-por-difundir-informacion-falsa\/#primaryimage","url":"https:\/\/i0.wp.com\/innoticiasbo.com\/wp-content\/uploads\/2025\/02\/Screenshot_20250205_085228_WhatsApp.jpg?fit=1080%2C594&ssl=1","contentUrl":"https:\/\/i0.wp.com\/innoticiasbo.com\/wp-content\/uploads\/2025\/02\/Screenshot_20250205_085228_WhatsApp.jpg?fit=1080%2C594&ssl=1","width":1080,"height":594},{"@type":"BreadcrumbList","@id":"https:\/\/innoticiasbo.com\/index.php\/2025\/02\/05\/alcaldia-iniciara-proceso-penal-contra-diputado-ormachea-por-difundir-informacion-falsa\/#breadcrumb","itemListElement":[{"@type":"ListItem","position":1,"name":"Portada","item":"https:\/\/innoticiasbo.com\/"},{"@type":"ListItem","position":2,"name":"ALCALDIA INICIAR\u00c1 PROCESO PENAL CONTRA DIPUTADO ORMACHEA POR DIFUNDIR&nbsp; INFORMACI\u00d3N&nbsp; \u00abFALSA\u00bb"}]},{"@type":"WebSite","@id":"https:\/\/innoticiasbo.com\/#website","url":"https:\/\/innoticiasbo.com\/","name":"innoticiasbo.com","description":"","publisher":{"@id":"https:\/\/innoticiasbo.com\/#organization"},"potentialAction":[{"@type":"SearchAction","target":{"@type":"EntryPoint","urlTemplate":"https:\/\/innoticiasbo.com\/?s={search_term_string}"},"query-input":{"@type":"PropertyValueSpecification","valueRequired":true,"valueName":"search_term_string"}}],"inLanguage":"es"},{"@type":"Organization","@id":"https:\/\/innoticiasbo.com\/#organization","name":"innoticiasbo.com","url":"https:\/\/innoticiasbo.com\/","logo":{"@type":"ImageObject","inLanguage":"es","@id":"https:\/\/innoticiasbo.com\/#\/schema\/logo\/image\/","url":"https:\/\/i0.wp.com\/innoticiasbo.com\/wp-content\/uploads\/2026\/04\/cropped-IN-LOGO.png?fit=1476%2C1476&ssl=1","contentUrl":"https:\/\/i0.wp.com\/innoticiasbo.com\/wp-content\/uploads\/2026\/04\/cropped-IN-LOGO.png?fit=1476%2C1476&ssl=1","width":1476,"height":1476,"caption":"innoticiasbo.com"},"image":{"@id":"https:\/\/innoticiasbo.com\/#\/schema\/logo\/image\/"},"sameAs":["https:\/\/www.facebook.com\/innoticiasbolivia","https:\/\/x.com\/innoticiasbo","https:\/\/www.instagram.com\/innoticiasbo","https:\/\/www.youtube.com\/innoticiasbo"]},{"@type":"Person","@id":"https:\/\/innoticiasbo.com\/#\/schema\/person\/589cd527c4211df1b943bdad85ec07ce","name":"Prensa","image":{"@type":"ImageObject","inLanguage":"es","@id":"https:\/\/innoticiasbo.com\/#\/schema\/person\/image\/","url":"https:\/\/secure.gravatar.com\/avatar\/d359bbdf112023c1c0a3ec7fe1600657?s=96&d=mm&r=g","contentUrl":"https:\/\/secure.gravatar.com\/avatar\/d359bbdf112023c1c0a3ec7fe1600657?s=96&d=mm&r=g","caption":"Prensa"},"sameAs":["http:\/\/www.innoticiasbo.com"],"url":"https:\/\/innoticiasbo.com\/index.php\/author\/prensa\/"}]}},"jetpack_featured_media_url":"https:\/\/i0.wp.com\/innoticiasbo.com\/wp-content\/uploads\/2025\/02\/Screenshot_20250205_085228_WhatsApp.jpg?fit=1080%2C594&ssl=1","jetpack_likes_enabled":true,"jetpack_sharing_enabled":true,"jetpack_shortlink":"https:\/\/wp.me\/pg298x-12r","_links":{"self":[{"href":"https:\/\/innoticiasbo.com\/index.php\/wp-json\/wp\/v2\/posts\/3995","targetHints":{"allow":["GET"]}}],"collection":[{"href":"https:\/\/innoticiasbo.com\/index.php\/wp-json\/wp\/v2\/posts"}],"about":[{"href":"https:\/\/innoticiasbo.com\/index.php\/wp-json\/wp\/v2\/types\/post"}],"author":[{"embeddable":true,"href":"https:\/\/innoticiasbo.com\/index.php\/wp-json\/wp\/v2\/users\/2"}],"replies":[{"embeddable":true,"href":"https:\/\/innoticiasbo.com\/index.php\/wp-json\/wp\/v2\/comments?post=3995"}],"version-history":[{"count":1,"href":"https:\/\/innoticiasbo.com\/index.php\/wp-json\/wp\/v2\/posts\/3995\/revisions"}],"predecessor-version":[{"id":3996,"href":"https:\/\/innoticiasbo.com\/index.php\/wp-json\/wp\/v2\/posts\/3995\/revisions\/3996"}],"wp:featuredmedia":[{"embeddable":true,"href":"https:\/\/innoticiasbo.com\/index.php\/wp-json\/wp\/v2\/media\/3994"}],"wp:attachment":[{"href":"https:\/\/innoticiasbo.com\/index.php\/wp-json\/wp\/v2\/media?parent=3995"}],"wp:term":[{"taxonomy":"category","embeddable":true,"href":"https:\/\/innoticiasbo.com\/index.php\/wp-json\/wp\/v2\/categories?post=3995"},{"taxonomy":"post_tag","embeddable":true,"href":"https:\/\/innoticiasbo.com\/index.php\/wp-json\/wp\/v2\/tags?post=3995"}],"curies":[{"name":"wp","href":"https:\/\/api.w.org\/{rel}","templated":true}]}}