{"id":3991,"date":"2025-02-04T22:42:24","date_gmt":"2025-02-05T02:42:24","guid":{"rendered":"https:\/\/innoticiasbo.com\/?p=3991"},"modified":"2025-02-04T22:42:29","modified_gmt":"2025-02-05T02:42:29","slug":"jessica-echeverria-es-designada-como-fiscal-de-materia-especializada-en-delitos-en-razon-de-genero","status":"publish","type":"post","link":"https:\/\/innoticiasbo.com\/index.php\/2025\/02\/04\/jessica-echeverria-es-designada-como-fiscal-de-materia-especializada-en-delitos-en-razon-de-genero\/","title":{"rendered":"JESSICA ECHEVERR\u00cdA ES DESIGNADA COMO FISCAL DE MATERIA ESPECIALIZADA EN DELITOS EN RAZ\u00d3N DE G\u00c9NERO"},"content":{"rendered":"\n<p>Santa Cruz, 4 de febrero\u00a0 de 2025.- El Fiscal Departamental de Santa Cruz, Alberto Zeballos, posesion\u00f3 hoy a la abogada Jessica Echeverr\u00eda Bravo como Fiscal Especializada en Delitos en Raz\u00f3n de G\u00e9nero, a quien encomend\u00f3 realizar sus funciones de manera transparente y con responsabilidad en beneficio de la poblaci\u00f3n cruce\u00f1a.<\/p>\n\n\n\n<figure class=\"wp-block-image size-large\"><img data-recalc-dims=\"1\" loading=\"lazy\" decoding=\"async\" width=\"640\" height=\"456\" src=\"https:\/\/i0.wp.com\/innoticiasbo.com\/wp-content\/uploads\/2025\/02\/img-20250204-wa01377576397872758978171.jpg?resize=640%2C456&#038;ssl=1\" alt=\"\" class=\"wp-image-3988\" srcset=\"https:\/\/i0.wp.com\/innoticiasbo.com\/wp-content\/uploads\/2025\/02\/img-20250204-wa01377576397872758978171.jpg?resize=1024%2C729&amp;ssl=1 1024w, https:\/\/i0.wp.com\/innoticiasbo.com\/wp-content\/uploads\/2025\/02\/img-20250204-wa01377576397872758978171.jpg?resize=300%2C214&amp;ssl=1 300w, https:\/\/i0.wp.com\/innoticiasbo.com\/wp-content\/uploads\/2025\/02\/img-20250204-wa01377576397872758978171.jpg?resize=768%2C547&amp;ssl=1 768w, https:\/\/i0.wp.com\/innoticiasbo.com\/wp-content\/uploads\/2025\/02\/img-20250204-wa01377576397872758978171.jpg?w=1471&amp;ssl=1 1471w, https:\/\/i0.wp.com\/innoticiasbo.com\/wp-content\/uploads\/2025\/02\/img-20250204-wa01377576397872758978171.jpg?w=1280&amp;ssl=1 1280w\" sizes=\"auto, (max-width: 640px) 100vw, 640px\" \/><\/figure>\n\n\n\n<p>\u201cA trav\u00e9s de un proceso de selecci\u00f3n, en coordinaci\u00f3n con el Fiscal General del Estado, como cabeza de la instituci\u00f3n, se vio la necesidad de contar con su profesionalismo y trayectoria como parte activa de la Red Ciudadana en su ejercicio de lucha contra la violencia en raz\u00f3n de g\u00e9nero, en favor y en procura de garantizar el derecho de las mujeres, ni\u00f1as, ni\u00f1os y adolescentes\u201d, dijo Zeballos.<\/p>\n\n\n\n<figure class=\"wp-block-image size-large\"><img data-recalc-dims=\"1\" loading=\"lazy\" decoding=\"async\" width=\"640\" height=\"444\" src=\"https:\/\/i0.wp.com\/innoticiasbo.com\/wp-content\/uploads\/2025\/02\/img-20250204-wa01381149419994566887684.jpg?resize=640%2C444&#038;ssl=1\" alt=\"\" class=\"wp-image-3989\" srcset=\"https:\/\/i0.wp.com\/innoticiasbo.com\/wp-content\/uploads\/2025\/02\/img-20250204-wa01381149419994566887684.jpg?resize=1024%2C710&amp;ssl=1 1024w, https:\/\/i0.wp.com\/innoticiasbo.com\/wp-content\/uploads\/2025\/02\/img-20250204-wa01381149419994566887684.jpg?resize=300%2C208&amp;ssl=1 300w, https:\/\/i0.wp.com\/innoticiasbo.com\/wp-content\/uploads\/2025\/02\/img-20250204-wa01381149419994566887684.jpg?resize=768%2C533&amp;ssl=1 768w, https:\/\/i0.wp.com\/innoticiasbo.com\/wp-content\/uploads\/2025\/02\/img-20250204-wa01381149419994566887684.jpg?w=1507&amp;ssl=1 1507w, https:\/\/i0.wp.com\/innoticiasbo.com\/wp-content\/uploads\/2025\/02\/img-20250204-wa01381149419994566887684.jpg?w=1280&amp;ssl=1 1280w\" sizes=\"auto, (max-width: 640px) 100vw, 640px\" \/><\/figure>\n\n\n\n<p>Por su parte, la flamante Fiscal de Materia Especializada en Delitos en Raz\u00f3n de G\u00e9nero, Jessica Echeverr\u00eda Bravo, agradeci\u00f3 al Fiscal General del Estado, Roger Mariaca Montenegro, y al Fiscal Departamental de Santa Cruz, Alberto Zeballos, por la confianza depositada en su persona para asumir este importante reto, asimismo se comprometi\u00f3 a brindar una atenci\u00f3n \u00e1gil y digna a la poblaci\u00f3n que busca justicia, principalmente a las personas que se encuentran en situaci\u00f3n de vulnerabilidad.<\/p>\n","protected":false},"excerpt":{"rendered":"<p>Santa Cruz, 4 de febrero\u00a0 de 2025.- El Fiscal Departamental de Santa Cruz, Alberto Zeballos, posesion\u00f3 hoy a la abogada Jessica Echeverr\u00eda Bravo como Fiscal Especializada en Delitos en Raz\u00f3n de G\u00e9nero, a quien encomend\u00f3 realizar sus funciones de manera transparente y con responsabilidad en beneficio de la poblaci\u00f3n cruce\u00f1a. \u201cA trav\u00e9s de un proceso&#8230;<\/p>\n","protected":false},"author":2,"featured_media":3990,"comment_status":"open","ping_status":"open","sticky":false,"template":"","format":"standard","meta":{"_jetpack_memberships_contains_paid_content":false,"footnotes":"","jetpack_publicize_message":"","jetpack_publicize_feature_enabled":true,"jetpack_social_post_already_shared":true,"jetpack_social_options":{"image_generator_settings":{"template":"highway","enabled":false},"version":2}},"categories":[1,15],"tags":[],"class_list":["post-3991","post","type-post","status-publish","format-standard","has-post-thumbnail","hentry","category-bolivia","category-seguridad"],"jetpack_publicize_connections":[],"yoast_head":"<!-- This site is optimized with the Yoast SEO plugin v23.4 - https:\/\/yoast.com\/wordpress\/plugins\/seo\/ -->\n<title>JESSICA ECHEVERR\u00cdA ES DESIGNADA COMO FISCAL DE MATERIA ESPECIALIZADA EN DELITOS EN RAZ\u00d3N DE G\u00c9NERO - innoticiasbo.com<\/title>\n<meta name=\"robots\" content=\"index, follow, max-snippet:-1, max-image-preview:large, max-video-preview:-1\" \/>\n<link rel=\"canonical\" href=\"https:\/\/innoticiasbo.com\/index.php\/2025\/02\/04\/jessica-echeverria-es-designada-como-fiscal-de-materia-especializada-en-delitos-en-razon-de-genero\/\" \/>\n<meta property=\"og:locale\" content=\"es_ES\" \/>\n<meta property=\"og:type\" content=\"article\" \/>\n<meta property=\"og:title\" content=\"JESSICA ECHEVERR\u00cdA ES DESIGNADA COMO FISCAL DE MATERIA ESPECIALIZADA EN DELITOS EN RAZ\u00d3N DE G\u00c9NERO - innoticiasbo.com\" \/>\n<meta property=\"og:description\" content=\"Santa Cruz, 4 de febrero\u00a0 de 2025.- El Fiscal Departamental de Santa Cruz, Alberto Zeballos, posesion\u00f3 hoy a la abogada Jessica Echeverr\u00eda Bravo como Fiscal Especializada en Delitos en Raz\u00f3n de G\u00e9nero, a quien encomend\u00f3 realizar sus funciones de manera transparente y con responsabilidad en beneficio de la poblaci\u00f3n cruce\u00f1a. \u201cA trav\u00e9s de un proceso...\" \/>\n<meta property=\"og:url\" content=\"https:\/\/innoticiasbo.com\/index.php\/2025\/02\/04\/jessica-echeverria-es-designada-como-fiscal-de-materia-especializada-en-delitos-en-razon-de-genero\/\" \/>\n<meta property=\"og:site_name\" content=\"innoticiasbo.com\" \/>\n<meta property=\"article:publisher\" content=\"https:\/\/www.facebook.com\/innoticiasbolivia\" \/>\n<meta property=\"article:published_time\" content=\"2025-02-05T02:42:24+00:00\" \/>\n<meta property=\"article:modified_time\" content=\"2025-02-05T02:42:29+00:00\" \/>\n<meta property=\"og:image\" content=\"https:\/\/i0.wp.com\/innoticiasbo.com\/wp-content\/uploads\/2025\/02\/IMG-20250204-WA0138.jpg?fit=1507%2C1045&ssl=1\" \/>\n\t<meta property=\"og:image:width\" content=\"1507\" \/>\n\t<meta property=\"og:image:height\" content=\"1045\" \/>\n\t<meta property=\"og:image:type\" content=\"image\/jpeg\" \/>\n<meta name=\"author\" content=\"Prensa\" \/>\n<meta name=\"twitter:card\" content=\"summary_large_image\" \/>\n<meta name=\"twitter:creator\" content=\"@innoticiasbo\" \/>\n<meta name=\"twitter:site\" content=\"@innoticiasbo\" \/>\n<meta name=\"twitter:label1\" content=\"Escrito por\" \/>\n\t<meta name=\"twitter:data1\" content=\"Prensa\" \/>\n\t<meta name=\"twitter:label2\" content=\"Tiempo de lectura\" \/>\n\t<meta name=\"twitter:data2\" content=\"1 minuto\" \/>\n<script type=\"application\/ld+json\" class=\"yoast-schema-graph\">{\"@context\":\"https:\/\/schema.org\",\"@graph\":[{\"@type\":\"Article\",\"@id\":\"https:\/\/innoticiasbo.com\/index.php\/2025\/02\/04\/jessica-echeverria-es-designada-como-fiscal-de-materia-especializada-en-delitos-en-razon-de-genero\/#article\",\"isPartOf\":{\"@id\":\"https:\/\/innoticiasbo.com\/index.php\/2025\/02\/04\/jessica-echeverria-es-designada-como-fiscal-de-materia-especializada-en-delitos-en-razon-de-genero\/\"},\"author\":{\"name\":\"Prensa\",\"@id\":\"https:\/\/innoticiasbo.com\/#\/schema\/person\/589cd527c4211df1b943bdad85ec07ce\"},\"headline\":\"JESSICA ECHEVERR\u00cdA ES DESIGNADA COMO FISCAL DE MATERIA ESPECIALIZADA EN DELITOS EN RAZ\u00d3N DE G\u00c9NERO\",\"datePublished\":\"2025-02-05T02:42:24+00:00\",\"dateModified\":\"2025-02-05T02:42:29+00:00\",\"mainEntityOfPage\":{\"@id\":\"https:\/\/innoticiasbo.com\/index.php\/2025\/02\/04\/jessica-echeverria-es-designada-como-fiscal-de-materia-especializada-en-delitos-en-razon-de-genero\/\"},\"wordCount\":229,\"commentCount\":0,\"publisher\":{\"@id\":\"https:\/\/innoticiasbo.com\/#organization\"},\"image\":{\"@id\":\"https:\/\/innoticiasbo.com\/index.php\/2025\/02\/04\/jessica-echeverria-es-designada-como-fiscal-de-materia-especializada-en-delitos-en-razon-de-genero\/#primaryimage\"},\"thumbnailUrl\":\"https:\/\/i0.wp.com\/innoticiasbo.com\/wp-content\/uploads\/2025\/02\/IMG-20250204-WA0138.jpg?fit=1507%2C1045&ssl=1\",\"articleSection\":[\"Bolivia\",\"Seguridad\"],\"inLanguage\":\"es\",\"potentialAction\":[{\"@type\":\"CommentAction\",\"name\":\"Comment\",\"target\":[\"https:\/\/innoticiasbo.com\/index.php\/2025\/02\/04\/jessica-echeverria-es-designada-como-fiscal-de-materia-especializada-en-delitos-en-razon-de-genero\/#respond\"]}]},{\"@type\":\"WebPage\",\"@id\":\"https:\/\/innoticiasbo.com\/index.php\/2025\/02\/04\/jessica-echeverria-es-designada-como-fiscal-de-materia-especializada-en-delitos-en-razon-de-genero\/\",\"url\":\"https:\/\/innoticiasbo.com\/index.php\/2025\/02\/04\/jessica-echeverria-es-designada-como-fiscal-de-materia-especializada-en-delitos-en-razon-de-genero\/\",\"name\":\"JESSICA ECHEVERR\u00cdA ES DESIGNADA COMO FISCAL DE MATERIA ESPECIALIZADA EN DELITOS EN RAZ\u00d3N DE G\u00c9NERO - innoticiasbo.com\",\"isPartOf\":{\"@id\":\"https:\/\/innoticiasbo.com\/#website\"},\"primaryImageOfPage\":{\"@id\":\"https:\/\/innoticiasbo.com\/index.php\/2025\/02\/04\/jessica-echeverria-es-designada-como-fiscal-de-materia-especializada-en-delitos-en-razon-de-genero\/#primaryimage\"},\"image\":{\"@id\":\"https:\/\/innoticiasbo.com\/index.php\/2025\/02\/04\/jessica-echeverria-es-designada-como-fiscal-de-materia-especializada-en-delitos-en-razon-de-genero\/#primaryimage\"},\"thumbnailUrl\":\"https:\/\/i0.wp.com\/innoticiasbo.com\/wp-content\/uploads\/2025\/02\/IMG-20250204-WA0138.jpg?fit=1507%2C1045&ssl=1\",\"datePublished\":\"2025-02-05T02:42:24+00:00\",\"dateModified\":\"2025-02-05T02:42:29+00:00\",\"breadcrumb\":{\"@id\":\"https:\/\/innoticiasbo.com\/index.php\/2025\/02\/04\/jessica-echeverria-es-designada-como-fiscal-de-materia-especializada-en-delitos-en-razon-de-genero\/#breadcrumb\"},\"inLanguage\":\"es\",\"potentialAction\":[{\"@type\":\"ReadAction\",\"target\":[\"https:\/\/innoticiasbo.com\/index.php\/2025\/02\/04\/jessica-echeverria-es-designada-como-fiscal-de-materia-especializada-en-delitos-en-razon-de-genero\/\"]}]},{\"@type\":\"ImageObject\",\"inLanguage\":\"es\",\"@id\":\"https:\/\/innoticiasbo.com\/index.php\/2025\/02\/04\/jessica-echeverria-es-designada-como-fiscal-de-materia-especializada-en-delitos-en-razon-de-genero\/#primaryimage\",\"url\":\"https:\/\/i0.wp.com\/innoticiasbo.com\/wp-content\/uploads\/2025\/02\/IMG-20250204-WA0138.jpg?fit=1507%2C1045&ssl=1\",\"contentUrl\":\"https:\/\/i0.wp.com\/innoticiasbo.com\/wp-content\/uploads\/2025\/02\/IMG-20250204-WA0138.jpg?fit=1507%2C1045&ssl=1\",\"width\":1507,\"height\":1045},{\"@type\":\"BreadcrumbList\",\"@id\":\"https:\/\/innoticiasbo.com\/index.php\/2025\/02\/04\/jessica-echeverria-es-designada-como-fiscal-de-materia-especializada-en-delitos-en-razon-de-genero\/#breadcrumb\",\"itemListElement\":[{\"@type\":\"ListItem\",\"position\":1,\"name\":\"Portada\",\"item\":\"https:\/\/innoticiasbo.com\/\"},{\"@type\":\"ListItem\",\"position\":2,\"name\":\"JESSICA ECHEVERR\u00cdA ES DESIGNADA COMO FISCAL DE MATERIA ESPECIALIZADA EN DELITOS EN RAZ\u00d3N DE G\u00c9NERO\"}]},{\"@type\":\"WebSite\",\"@id\":\"https:\/\/innoticiasbo.com\/#website\",\"url\":\"https:\/\/innoticiasbo.com\/\",\"name\":\"innoticiasbo.com\",\"description\":\"\",\"publisher\":{\"@id\":\"https:\/\/innoticiasbo.com\/#organization\"},\"potentialAction\":[{\"@type\":\"SearchAction\",\"target\":{\"@type\":\"EntryPoint\",\"urlTemplate\":\"https:\/\/innoticiasbo.com\/?s={search_term_string}\"},\"query-input\":{\"@type\":\"PropertyValueSpecification\",\"valueRequired\":true,\"valueName\":\"search_term_string\"}}],\"inLanguage\":\"es\"},{\"@type\":\"Organization\",\"@id\":\"https:\/\/innoticiasbo.com\/#organization\",\"name\":\"innoticiasbo.com\",\"url\":\"https:\/\/innoticiasbo.com\/\",\"logo\":{\"@type\":\"ImageObject\",\"inLanguage\":\"es\",\"@id\":\"https:\/\/innoticiasbo.com\/#\/schema\/logo\/image\/\",\"url\":\"https:\/\/i0.wp.com\/innoticiasbo.com\/wp-content\/uploads\/2026\/04\/cropped-IN-LOGO.png?fit=1476%2C1476&ssl=1\",\"contentUrl\":\"https:\/\/i0.wp.com\/innoticiasbo.com\/wp-content\/uploads\/2026\/04\/cropped-IN-LOGO.png?fit=1476%2C1476&ssl=1\",\"width\":1476,\"height\":1476,\"caption\":\"innoticiasbo.com\"},\"image\":{\"@id\":\"https:\/\/innoticiasbo.com\/#\/schema\/logo\/image\/\"},\"sameAs\":[\"https:\/\/www.facebook.com\/innoticiasbolivia\",\"https:\/\/x.com\/innoticiasbo\",\"https:\/\/www.instagram.com\/innoticiasbo\",\"https:\/\/www.youtube.com\/innoticiasbo\"]},{\"@type\":\"Person\",\"@id\":\"https:\/\/innoticiasbo.com\/#\/schema\/person\/589cd527c4211df1b943bdad85ec07ce\",\"name\":\"Prensa\",\"image\":{\"@type\":\"ImageObject\",\"inLanguage\":\"es\",\"@id\":\"https:\/\/innoticiasbo.com\/#\/schema\/person\/image\/\",\"url\":\"https:\/\/secure.gravatar.com\/avatar\/d359bbdf112023c1c0a3ec7fe1600657?s=96&d=mm&r=g\",\"contentUrl\":\"https:\/\/secure.gravatar.com\/avatar\/d359bbdf112023c1c0a3ec7fe1600657?s=96&d=mm&r=g\",\"caption\":\"Prensa\"},\"sameAs\":[\"http:\/\/www.innoticiasbo.com\"],\"url\":\"https:\/\/innoticiasbo.com\/index.php\/author\/prensa\/\"}]}<\/script>\n<!-- \/ Yoast SEO plugin. -->","yoast_head_json":{"title":"JESSICA ECHEVERR\u00cdA ES DESIGNADA COMO FISCAL DE MATERIA ESPECIALIZADA EN DELITOS EN RAZ\u00d3N DE G\u00c9NERO - innoticiasbo.com","robots":{"index":"index","follow":"follow","max-snippet":"max-snippet:-1","max-image-preview":"max-image-preview:large","max-video-preview":"max-video-preview:-1"},"canonical":"https:\/\/innoticiasbo.com\/index.php\/2025\/02\/04\/jessica-echeverria-es-designada-como-fiscal-de-materia-especializada-en-delitos-en-razon-de-genero\/","og_locale":"es_ES","og_type":"article","og_title":"JESSICA ECHEVERR\u00cdA ES DESIGNADA COMO FISCAL DE MATERIA ESPECIALIZADA EN DELITOS EN RAZ\u00d3N DE G\u00c9NERO - innoticiasbo.com","og_description":"Santa Cruz, 4 de febrero\u00a0 de 2025.- El Fiscal Departamental de Santa Cruz, Alberto Zeballos, posesion\u00f3 hoy a la abogada Jessica Echeverr\u00eda Bravo como Fiscal Especializada en Delitos en Raz\u00f3n de G\u00e9nero, a quien encomend\u00f3 realizar sus funciones de manera transparente y con responsabilidad en beneficio de la poblaci\u00f3n cruce\u00f1a. \u201cA trav\u00e9s de un proceso...","og_url":"https:\/\/innoticiasbo.com\/index.php\/2025\/02\/04\/jessica-echeverria-es-designada-como-fiscal-de-materia-especializada-en-delitos-en-razon-de-genero\/","og_site_name":"innoticiasbo.com","article_publisher":"https:\/\/www.facebook.com\/innoticiasbolivia","article_published_time":"2025-02-05T02:42:24+00:00","article_modified_time":"2025-02-05T02:42:29+00:00","og_image":[{"width":1507,"height":1045,"url":"https:\/\/i0.wp.com\/innoticiasbo.com\/wp-content\/uploads\/2025\/02\/IMG-20250204-WA0138.jpg?fit=1507%2C1045&ssl=1","type":"image\/jpeg"}],"author":"Prensa","twitter_card":"summary_large_image","twitter_creator":"@innoticiasbo","twitter_site":"@innoticiasbo","twitter_misc":{"Escrito por":"Prensa","Tiempo de lectura":"1 minuto"},"schema":{"@context":"https:\/\/schema.org","@graph":[{"@type":"Article","@id":"https:\/\/innoticiasbo.com\/index.php\/2025\/02\/04\/jessica-echeverria-es-designada-como-fiscal-de-materia-especializada-en-delitos-en-razon-de-genero\/#article","isPartOf":{"@id":"https:\/\/innoticiasbo.com\/index.php\/2025\/02\/04\/jessica-echeverria-es-designada-como-fiscal-de-materia-especializada-en-delitos-en-razon-de-genero\/"},"author":{"name":"Prensa","@id":"https:\/\/innoticiasbo.com\/#\/schema\/person\/589cd527c4211df1b943bdad85ec07ce"},"headline":"JESSICA ECHEVERR\u00cdA ES DESIGNADA COMO FISCAL DE MATERIA ESPECIALIZADA EN DELITOS EN RAZ\u00d3N DE G\u00c9NERO","datePublished":"2025-02-05T02:42:24+00:00","dateModified":"2025-02-05T02:42:29+00:00","mainEntityOfPage":{"@id":"https:\/\/innoticiasbo.com\/index.php\/2025\/02\/04\/jessica-echeverria-es-designada-como-fiscal-de-materia-especializada-en-delitos-en-razon-de-genero\/"},"wordCount":229,"commentCount":0,"publisher":{"@id":"https:\/\/innoticiasbo.com\/#organization"},"image":{"@id":"https:\/\/innoticiasbo.com\/index.php\/2025\/02\/04\/jessica-echeverria-es-designada-como-fiscal-de-materia-especializada-en-delitos-en-razon-de-genero\/#primaryimage"},"thumbnailUrl":"https:\/\/i0.wp.com\/innoticiasbo.com\/wp-content\/uploads\/2025\/02\/IMG-20250204-WA0138.jpg?fit=1507%2C1045&ssl=1","articleSection":["Bolivia","Seguridad"],"inLanguage":"es","potentialAction":[{"@type":"CommentAction","name":"Comment","target":["https:\/\/innoticiasbo.com\/index.php\/2025\/02\/04\/jessica-echeverria-es-designada-como-fiscal-de-materia-especializada-en-delitos-en-razon-de-genero\/#respond"]}]},{"@type":"WebPage","@id":"https:\/\/innoticiasbo.com\/index.php\/2025\/02\/04\/jessica-echeverria-es-designada-como-fiscal-de-materia-especializada-en-delitos-en-razon-de-genero\/","url":"https:\/\/innoticiasbo.com\/index.php\/2025\/02\/04\/jessica-echeverria-es-designada-como-fiscal-de-materia-especializada-en-delitos-en-razon-de-genero\/","name":"JESSICA ECHEVERR\u00cdA ES DESIGNADA COMO FISCAL DE MATERIA ESPECIALIZADA EN DELITOS EN RAZ\u00d3N DE G\u00c9NERO - innoticiasbo.com","isPartOf":{"@id":"https:\/\/innoticiasbo.com\/#website"},"primaryImageOfPage":{"@id":"https:\/\/innoticiasbo.com\/index.php\/2025\/02\/04\/jessica-echeverria-es-designada-como-fiscal-de-materia-especializada-en-delitos-en-razon-de-genero\/#primaryimage"},"image":{"@id":"https:\/\/innoticiasbo.com\/index.php\/2025\/02\/04\/jessica-echeverria-es-designada-como-fiscal-de-materia-especializada-en-delitos-en-razon-de-genero\/#primaryimage"},"thumbnailUrl":"https:\/\/i0.wp.com\/innoticiasbo.com\/wp-content\/uploads\/2025\/02\/IMG-20250204-WA0138.jpg?fit=1507%2C1045&ssl=1","datePublished":"2025-02-05T02:42:24+00:00","dateModified":"2025-02-05T02:42:29+00:00","breadcrumb":{"@id":"https:\/\/innoticiasbo.com\/index.php\/2025\/02\/04\/jessica-echeverria-es-designada-como-fiscal-de-materia-especializada-en-delitos-en-razon-de-genero\/#breadcrumb"},"inLanguage":"es","potentialAction":[{"@type":"ReadAction","target":["https:\/\/innoticiasbo.com\/index.php\/2025\/02\/04\/jessica-echeverria-es-designada-como-fiscal-de-materia-especializada-en-delitos-en-razon-de-genero\/"]}]},{"@type":"ImageObject","inLanguage":"es","@id":"https:\/\/innoticiasbo.com\/index.php\/2025\/02\/04\/jessica-echeverria-es-designada-como-fiscal-de-materia-especializada-en-delitos-en-razon-de-genero\/#primaryimage","url":"https:\/\/i0.wp.com\/innoticiasbo.com\/wp-content\/uploads\/2025\/02\/IMG-20250204-WA0138.jpg?fit=1507%2C1045&ssl=1","contentUrl":"https:\/\/i0.wp.com\/innoticiasbo.com\/wp-content\/uploads\/2025\/02\/IMG-20250204-WA0138.jpg?fit=1507%2C1045&ssl=1","width":1507,"height":1045},{"@type":"BreadcrumbList","@id":"https:\/\/innoticiasbo.com\/index.php\/2025\/02\/04\/jessica-echeverria-es-designada-como-fiscal-de-materia-especializada-en-delitos-en-razon-de-genero\/#breadcrumb","itemListElement":[{"@type":"ListItem","position":1,"name":"Portada","item":"https:\/\/innoticiasbo.com\/"},{"@type":"ListItem","position":2,"name":"JESSICA ECHEVERR\u00cdA ES DESIGNADA COMO FISCAL DE MATERIA ESPECIALIZADA EN DELITOS EN RAZ\u00d3N DE G\u00c9NERO"}]},{"@type":"WebSite","@id":"https:\/\/innoticiasbo.com\/#website","url":"https:\/\/innoticiasbo.com\/","name":"innoticiasbo.com","description":"","publisher":{"@id":"https:\/\/innoticiasbo.com\/#organization"},"potentialAction":[{"@type":"SearchAction","target":{"@type":"EntryPoint","urlTemplate":"https:\/\/innoticiasbo.com\/?s={search_term_string}"},"query-input":{"@type":"PropertyValueSpecification","valueRequired":true,"valueName":"search_term_string"}}],"inLanguage":"es"},{"@type":"Organization","@id":"https:\/\/innoticiasbo.com\/#organization","name":"innoticiasbo.com","url":"https:\/\/innoticiasbo.com\/","logo":{"@type":"ImageObject","inLanguage":"es","@id":"https:\/\/innoticiasbo.com\/#\/schema\/logo\/image\/","url":"https:\/\/i0.wp.com\/innoticiasbo.com\/wp-content\/uploads\/2026\/04\/cropped-IN-LOGO.png?fit=1476%2C1476&ssl=1","contentUrl":"https:\/\/i0.wp.com\/innoticiasbo.com\/wp-content\/uploads\/2026\/04\/cropped-IN-LOGO.png?fit=1476%2C1476&ssl=1","width":1476,"height":1476,"caption":"innoticiasbo.com"},"image":{"@id":"https:\/\/innoticiasbo.com\/#\/schema\/logo\/image\/"},"sameAs":["https:\/\/www.facebook.com\/innoticiasbolivia","https:\/\/x.com\/innoticiasbo","https:\/\/www.instagram.com\/innoticiasbo","https:\/\/www.youtube.com\/innoticiasbo"]},{"@type":"Person","@id":"https:\/\/innoticiasbo.com\/#\/schema\/person\/589cd527c4211df1b943bdad85ec07ce","name":"Prensa","image":{"@type":"ImageObject","inLanguage":"es","@id":"https:\/\/innoticiasbo.com\/#\/schema\/person\/image\/","url":"https:\/\/secure.gravatar.com\/avatar\/d359bbdf112023c1c0a3ec7fe1600657?s=96&d=mm&r=g","contentUrl":"https:\/\/secure.gravatar.com\/avatar\/d359bbdf112023c1c0a3ec7fe1600657?s=96&d=mm&r=g","caption":"Prensa"},"sameAs":["http:\/\/www.innoticiasbo.com"],"url":"https:\/\/innoticiasbo.com\/index.php\/author\/prensa\/"}]}},"jetpack_featured_media_url":"https:\/\/i0.wp.com\/innoticiasbo.com\/wp-content\/uploads\/2025\/02\/IMG-20250204-WA0138.jpg?fit=1507%2C1045&ssl=1","jetpack_likes_enabled":true,"jetpack_sharing_enabled":true,"jetpack_shortlink":"https:\/\/wp.me\/pg298x-12n","_links":{"self":[{"href":"https:\/\/innoticiasbo.com\/index.php\/wp-json\/wp\/v2\/posts\/3991","targetHints":{"allow":["GET"]}}],"collection":[{"href":"https:\/\/innoticiasbo.com\/index.php\/wp-json\/wp\/v2\/posts"}],"about":[{"href":"https:\/\/innoticiasbo.com\/index.php\/wp-json\/wp\/v2\/types\/post"}],"author":[{"embeddable":true,"href":"https:\/\/innoticiasbo.com\/index.php\/wp-json\/wp\/v2\/users\/2"}],"replies":[{"embeddable":true,"href":"https:\/\/innoticiasbo.com\/index.php\/wp-json\/wp\/v2\/comments?post=3991"}],"version-history":[{"count":1,"href":"https:\/\/innoticiasbo.com\/index.php\/wp-json\/wp\/v2\/posts\/3991\/revisions"}],"predecessor-version":[{"id":3992,"href":"https:\/\/innoticiasbo.com\/index.php\/wp-json\/wp\/v2\/posts\/3991\/revisions\/3992"}],"wp:featuredmedia":[{"embeddable":true,"href":"https:\/\/innoticiasbo.com\/index.php\/wp-json\/wp\/v2\/media\/3990"}],"wp:attachment":[{"href":"https:\/\/innoticiasbo.com\/index.php\/wp-json\/wp\/v2\/media?parent=3991"}],"wp:term":[{"taxonomy":"category","embeddable":true,"href":"https:\/\/innoticiasbo.com\/index.php\/wp-json\/wp\/v2\/categories?post=3991"},{"taxonomy":"post_tag","embeddable":true,"href":"https:\/\/innoticiasbo.com\/index.php\/wp-json\/wp\/v2\/tags?post=3991"}],"curies":[{"name":"wp","href":"https:\/\/api.w.org\/{rel}","templated":true}]}}