{"id":3818,"date":"2025-01-24T19:30:33","date_gmt":"2025-01-24T23:30:33","guid":{"rendered":"https:\/\/innoticiasbo.com\/?p=3818"},"modified":"2025-01-24T19:30:43","modified_gmt":"2025-01-24T23:30:43","slug":"milei-eliminara-el-feminicidio-del-codigo-penal-porque-ninguna-vida-vale-mas-que-otra","status":"publish","type":"post","link":"https:\/\/innoticiasbo.com\/index.php\/2025\/01\/24\/milei-eliminara-el-feminicidio-del-codigo-penal-porque-ninguna-vida-vale-mas-que-otra\/","title":{"rendered":"MILEI ELIMINAR\u00c1 EL FEMINICIDIO DEL C\u00d3DIGO PENAL PORQUE \u00abNINGUNA VIDA VALE M\u00c1S QUE OTRA\u00bb"},"content":{"rendered":"\n<p>Argentina, 24 de enero de 2025.- El gobierno de Javier Milei determin\u00f3 que eliminar\u00e1 el tipo penal de feminicidio del C\u00f3digo Penal de Argentina por considerar que \u201cninguna vida vale m\u00e1s que otra\u201d.<\/p>\n\n\n\n<p>El ministro de Justicia de Argentina, Mariano C\u00faneo Libarola, inform\u00f3 la determinacicon. \u201cVamos a eliminar la figura del feminicidio del C\u00f3digo Penal Argentino, porque esta administraci\u00f3n defiende la igualdad ante la Ley consagrada en nuestra Constituci\u00f3n Nacional. Ninguna vida vale m\u00e1s que otra\u201d, se\u00f1al\u00f3.<\/p>\n\n\n\n<figure class=\"wp-block-image size-large\"><img data-recalc-dims=\"1\" loading=\"lazy\" decoding=\"async\" width=\"470\" height=\"313\" src=\"https:\/\/i0.wp.com\/innoticiasbo.com\/wp-content\/uploads\/2025\/01\/857716-javier-20milei-201117315926263004252478.jpg?resize=470%2C313&#038;ssl=1\" alt=\"\" class=\"wp-image-3816\" srcset=\"https:\/\/i0.wp.com\/innoticiasbo.com\/wp-content\/uploads\/2025\/01\/857716-javier-20milei-201117315926263004252478.jpg?w=470&amp;ssl=1 470w, https:\/\/i0.wp.com\/innoticiasbo.com\/wp-content\/uploads\/2025\/01\/857716-javier-20milei-201117315926263004252478.jpg?resize=300%2C200&amp;ssl=1 300w\" sizes=\"auto, (max-width: 470px) 100vw, 470px\" \/><\/figure>\n\n\n\n<p>Para Milei, el feminismo \u201ces una distorsi\u00f3n del concepto de igualdad que \u00fanicamente busca privilegios poniendo a una mitad de poblaci\u00f3n en contra de la otra\u201d. De hecho este gobierno considera que durante a\u00f1os hubo un uso instrumental de la mujer \u201cpara llenarse los bolsillos y desmedrar al hombre, sin impotar nuestro sexo, somos todos iguales ante la Ley y merecemos la misma protecci\u00f3n y respeto\u00bb, escribi\u00f3 la referida autoridad en sus redes sociales<\/p>\n\n\n\n<h1 class=\"wp-block-heading\">Argentina #JavierMilei #feminicidio #feminismo #c\u00f3digoPenal #innoticias<\/h1>\n","protected":false},"excerpt":{"rendered":"<p>Argentina, 24 de enero de 2025.- El gobierno de Javier Milei determin\u00f3 que eliminar\u00e1 el tipo penal de feminicidio del C\u00f3digo Penal de Argentina por considerar que \u201cninguna vida vale m\u00e1s que otra\u201d. El ministro de Justicia de Argentina, Mariano C\u00faneo Libarola, inform\u00f3 la determinacicon. \u201cVamos a eliminar la figura del feminicidio del C\u00f3digo Penal&#8230;<\/p>\n","protected":false},"author":2,"featured_media":3817,"comment_status":"open","ping_status":"open","sticky":false,"template":"","format":"standard","meta":{"_jetpack_memberships_contains_paid_content":false,"footnotes":"","jetpack_publicize_message":"","jetpack_publicize_feature_enabled":true,"jetpack_social_post_already_shared":true,"jetpack_social_options":{"image_generator_settings":{"template":"highway","enabled":false},"version":2}},"categories":[5],"tags":[],"class_list":["post-3818","post","type-post","status-publish","format-standard","has-post-thumbnail","hentry","category-mundo"],"jetpack_publicize_connections":[],"yoast_head":"<!-- This site is optimized with the Yoast SEO plugin v23.4 - https:\/\/yoast.com\/wordpress\/plugins\/seo\/ -->\n<title>MILEI ELIMINAR\u00c1 EL FEMINICIDIO DEL C\u00d3DIGO PENAL PORQUE &quot;NINGUNA VIDA VALE M\u00c1S QUE OTRA&quot; - innoticiasbo.com<\/title>\n<meta name=\"robots\" content=\"index, follow, max-snippet:-1, max-image-preview:large, max-video-preview:-1\" \/>\n<link rel=\"canonical\" href=\"https:\/\/innoticiasbo.com\/index.php\/2025\/01\/24\/milei-eliminara-el-feminicidio-del-codigo-penal-porque-ninguna-vida-vale-mas-que-otra\/\" \/>\n<meta property=\"og:locale\" content=\"es_ES\" \/>\n<meta property=\"og:type\" content=\"article\" \/>\n<meta property=\"og:title\" content=\"MILEI ELIMINAR\u00c1 EL FEMINICIDIO DEL C\u00d3DIGO PENAL PORQUE &quot;NINGUNA VIDA VALE M\u00c1S QUE OTRA&quot; - innoticiasbo.com\" \/>\n<meta property=\"og:description\" content=\"Argentina, 24 de enero de 2025.- El gobierno de Javier Milei determin\u00f3 que eliminar\u00e1 el tipo penal de feminicidio del C\u00f3digo Penal de Argentina por considerar que \u201cninguna vida vale m\u00e1s que otra\u201d. El ministro de Justicia de Argentina, Mariano C\u00faneo Libarola, inform\u00f3 la determinacicon. \u201cVamos a eliminar la figura del feminicidio del C\u00f3digo Penal...\" \/>\n<meta property=\"og:url\" content=\"https:\/\/innoticiasbo.com\/index.php\/2025\/01\/24\/milei-eliminara-el-feminicidio-del-codigo-penal-porque-ninguna-vida-vale-mas-que-otra\/\" \/>\n<meta property=\"og:site_name\" content=\"innoticiasbo.com\" \/>\n<meta property=\"article:publisher\" content=\"https:\/\/www.facebook.com\/innoticiasbolivia\" \/>\n<meta property=\"article:published_time\" content=\"2025-01-24T23:30:33+00:00\" \/>\n<meta property=\"article:modified_time\" content=\"2025-01-24T23:30:43+00:00\" \/>\n<meta property=\"og:image\" content=\"https:\/\/i0.wp.com\/innoticiasbo.com\/wp-content\/uploads\/2025\/01\/argentinien-milei_3.png.webp?fit=414%2C233&ssl=1\" \/>\n\t<meta property=\"og:image:width\" content=\"414\" \/>\n\t<meta property=\"og:image:height\" content=\"233\" \/>\n\t<meta property=\"og:image:type\" content=\"image\/webp\" \/>\n<meta name=\"author\" content=\"Prensa\" \/>\n<meta name=\"twitter:card\" content=\"summary_large_image\" \/>\n<meta name=\"twitter:creator\" content=\"@innoticiasbo\" \/>\n<meta name=\"twitter:site\" content=\"@innoticiasbo\" \/>\n<meta name=\"twitter:label1\" content=\"Escrito por\" \/>\n\t<meta name=\"twitter:data1\" content=\"Prensa\" \/>\n\t<meta name=\"twitter:label2\" content=\"Tiempo de lectura\" \/>\n\t<meta name=\"twitter:data2\" content=\"1 minuto\" \/>\n<script type=\"application\/ld+json\" class=\"yoast-schema-graph\">{\"@context\":\"https:\/\/schema.org\",\"@graph\":[{\"@type\":\"Article\",\"@id\":\"https:\/\/innoticiasbo.com\/index.php\/2025\/01\/24\/milei-eliminara-el-feminicidio-del-codigo-penal-porque-ninguna-vida-vale-mas-que-otra\/#article\",\"isPartOf\":{\"@id\":\"https:\/\/innoticiasbo.com\/index.php\/2025\/01\/24\/milei-eliminara-el-feminicidio-del-codigo-penal-porque-ninguna-vida-vale-mas-que-otra\/\"},\"author\":{\"name\":\"Prensa\",\"@id\":\"https:\/\/innoticiasbo.com\/#\/schema\/person\/589cd527c4211df1b943bdad85ec07ce\"},\"headline\":\"MILEI ELIMINAR\u00c1 EL FEMINICIDIO DEL C\u00d3DIGO PENAL PORQUE \u00abNINGUNA VIDA VALE M\u00c1S QUE OTRA\u00bb\",\"datePublished\":\"2025-01-24T23:30:33+00:00\",\"dateModified\":\"2025-01-24T23:30:43+00:00\",\"mainEntityOfPage\":{\"@id\":\"https:\/\/innoticiasbo.com\/index.php\/2025\/01\/24\/milei-eliminara-el-feminicidio-del-codigo-penal-porque-ninguna-vida-vale-mas-que-otra\/\"},\"wordCount\":185,\"commentCount\":0,\"publisher\":{\"@id\":\"https:\/\/innoticiasbo.com\/#organization\"},\"image\":{\"@id\":\"https:\/\/innoticiasbo.com\/index.php\/2025\/01\/24\/milei-eliminara-el-feminicidio-del-codigo-penal-porque-ninguna-vida-vale-mas-que-otra\/#primaryimage\"},\"thumbnailUrl\":\"https:\/\/i0.wp.com\/innoticiasbo.com\/wp-content\/uploads\/2025\/01\/argentinien-milei_3.png.webp?fit=414%2C233&ssl=1\",\"articleSection\":[\"Mundo\"],\"inLanguage\":\"es\",\"potentialAction\":[{\"@type\":\"CommentAction\",\"name\":\"Comment\",\"target\":[\"https:\/\/innoticiasbo.com\/index.php\/2025\/01\/24\/milei-eliminara-el-feminicidio-del-codigo-penal-porque-ninguna-vida-vale-mas-que-otra\/#respond\"]}]},{\"@type\":\"WebPage\",\"@id\":\"https:\/\/innoticiasbo.com\/index.php\/2025\/01\/24\/milei-eliminara-el-feminicidio-del-codigo-penal-porque-ninguna-vida-vale-mas-que-otra\/\",\"url\":\"https:\/\/innoticiasbo.com\/index.php\/2025\/01\/24\/milei-eliminara-el-feminicidio-del-codigo-penal-porque-ninguna-vida-vale-mas-que-otra\/\",\"name\":\"MILEI ELIMINAR\u00c1 EL FEMINICIDIO DEL C\u00d3DIGO PENAL PORQUE \\\"NINGUNA VIDA VALE M\u00c1S QUE OTRA\\\" - innoticiasbo.com\",\"isPartOf\":{\"@id\":\"https:\/\/innoticiasbo.com\/#website\"},\"primaryImageOfPage\":{\"@id\":\"https:\/\/innoticiasbo.com\/index.php\/2025\/01\/24\/milei-eliminara-el-feminicidio-del-codigo-penal-porque-ninguna-vida-vale-mas-que-otra\/#primaryimage\"},\"image\":{\"@id\":\"https:\/\/innoticiasbo.com\/index.php\/2025\/01\/24\/milei-eliminara-el-feminicidio-del-codigo-penal-porque-ninguna-vida-vale-mas-que-otra\/#primaryimage\"},\"thumbnailUrl\":\"https:\/\/i0.wp.com\/innoticiasbo.com\/wp-content\/uploads\/2025\/01\/argentinien-milei_3.png.webp?fit=414%2C233&ssl=1\",\"datePublished\":\"2025-01-24T23:30:33+00:00\",\"dateModified\":\"2025-01-24T23:30:43+00:00\",\"breadcrumb\":{\"@id\":\"https:\/\/innoticiasbo.com\/index.php\/2025\/01\/24\/milei-eliminara-el-feminicidio-del-codigo-penal-porque-ninguna-vida-vale-mas-que-otra\/#breadcrumb\"},\"inLanguage\":\"es\",\"potentialAction\":[{\"@type\":\"ReadAction\",\"target\":[\"https:\/\/innoticiasbo.com\/index.php\/2025\/01\/24\/milei-eliminara-el-feminicidio-del-codigo-penal-porque-ninguna-vida-vale-mas-que-otra\/\"]}]},{\"@type\":\"ImageObject\",\"inLanguage\":\"es\",\"@id\":\"https:\/\/innoticiasbo.com\/index.php\/2025\/01\/24\/milei-eliminara-el-feminicidio-del-codigo-penal-porque-ninguna-vida-vale-mas-que-otra\/#primaryimage\",\"url\":\"https:\/\/i0.wp.com\/innoticiasbo.com\/wp-content\/uploads\/2025\/01\/argentinien-milei_3.png.webp?fit=414%2C233&ssl=1\",\"contentUrl\":\"https:\/\/i0.wp.com\/innoticiasbo.com\/wp-content\/uploads\/2025\/01\/argentinien-milei_3.png.webp?fit=414%2C233&ssl=1\",\"width\":414,\"height\":233},{\"@type\":\"BreadcrumbList\",\"@id\":\"https:\/\/innoticiasbo.com\/index.php\/2025\/01\/24\/milei-eliminara-el-feminicidio-del-codigo-penal-porque-ninguna-vida-vale-mas-que-otra\/#breadcrumb\",\"itemListElement\":[{\"@type\":\"ListItem\",\"position\":1,\"name\":\"Portada\",\"item\":\"https:\/\/innoticiasbo.com\/\"},{\"@type\":\"ListItem\",\"position\":2,\"name\":\"MILEI ELIMINAR\u00c1 EL FEMINICIDIO DEL C\u00d3DIGO PENAL PORQUE \u00abNINGUNA VIDA VALE M\u00c1S QUE OTRA\u00bb\"}]},{\"@type\":\"WebSite\",\"@id\":\"https:\/\/innoticiasbo.com\/#website\",\"url\":\"https:\/\/innoticiasbo.com\/\",\"name\":\"innoticiasbo.com\",\"description\":\"\",\"publisher\":{\"@id\":\"https:\/\/innoticiasbo.com\/#organization\"},\"potentialAction\":[{\"@type\":\"SearchAction\",\"target\":{\"@type\":\"EntryPoint\",\"urlTemplate\":\"https:\/\/innoticiasbo.com\/?s={search_term_string}\"},\"query-input\":{\"@type\":\"PropertyValueSpecification\",\"valueRequired\":true,\"valueName\":\"search_term_string\"}}],\"inLanguage\":\"es\"},{\"@type\":\"Organization\",\"@id\":\"https:\/\/innoticiasbo.com\/#organization\",\"name\":\"innoticiasbo.com\",\"url\":\"https:\/\/innoticiasbo.com\/\",\"logo\":{\"@type\":\"ImageObject\",\"inLanguage\":\"es\",\"@id\":\"https:\/\/innoticiasbo.com\/#\/schema\/logo\/image\/\",\"url\":\"https:\/\/i0.wp.com\/innoticiasbo.com\/wp-content\/uploads\/2026\/04\/cropped-IN-LOGO.png?fit=1476%2C1476&ssl=1\",\"contentUrl\":\"https:\/\/i0.wp.com\/innoticiasbo.com\/wp-content\/uploads\/2026\/04\/cropped-IN-LOGO.png?fit=1476%2C1476&ssl=1\",\"width\":1476,\"height\":1476,\"caption\":\"innoticiasbo.com\"},\"image\":{\"@id\":\"https:\/\/innoticiasbo.com\/#\/schema\/logo\/image\/\"},\"sameAs\":[\"https:\/\/www.facebook.com\/innoticiasbolivia\",\"https:\/\/x.com\/innoticiasbo\",\"https:\/\/www.instagram.com\/innoticiasbo\",\"https:\/\/www.youtube.com\/innoticiasbo\"]},{\"@type\":\"Person\",\"@id\":\"https:\/\/innoticiasbo.com\/#\/schema\/person\/589cd527c4211df1b943bdad85ec07ce\",\"name\":\"Prensa\",\"image\":{\"@type\":\"ImageObject\",\"inLanguage\":\"es\",\"@id\":\"https:\/\/innoticiasbo.com\/#\/schema\/person\/image\/\",\"url\":\"https:\/\/secure.gravatar.com\/avatar\/d359bbdf112023c1c0a3ec7fe1600657?s=96&d=mm&r=g\",\"contentUrl\":\"https:\/\/secure.gravatar.com\/avatar\/d359bbdf112023c1c0a3ec7fe1600657?s=96&d=mm&r=g\",\"caption\":\"Prensa\"},\"sameAs\":[\"http:\/\/www.innoticiasbo.com\"],\"url\":\"https:\/\/innoticiasbo.com\/index.php\/author\/prensa\/\"}]}<\/script>\n<!-- \/ Yoast SEO plugin. -->","yoast_head_json":{"title":"MILEI ELIMINAR\u00c1 EL FEMINICIDIO DEL C\u00d3DIGO PENAL PORQUE \"NINGUNA VIDA VALE M\u00c1S QUE OTRA\" - innoticiasbo.com","robots":{"index":"index","follow":"follow","max-snippet":"max-snippet:-1","max-image-preview":"max-image-preview:large","max-video-preview":"max-video-preview:-1"},"canonical":"https:\/\/innoticiasbo.com\/index.php\/2025\/01\/24\/milei-eliminara-el-feminicidio-del-codigo-penal-porque-ninguna-vida-vale-mas-que-otra\/","og_locale":"es_ES","og_type":"article","og_title":"MILEI ELIMINAR\u00c1 EL FEMINICIDIO DEL C\u00d3DIGO PENAL PORQUE \"NINGUNA VIDA VALE M\u00c1S QUE OTRA\" - innoticiasbo.com","og_description":"Argentina, 24 de enero de 2025.- El gobierno de Javier Milei determin\u00f3 que eliminar\u00e1 el tipo penal de feminicidio del C\u00f3digo Penal de Argentina por considerar que \u201cninguna vida vale m\u00e1s que otra\u201d. El ministro de Justicia de Argentina, Mariano C\u00faneo Libarola, inform\u00f3 la determinacicon. \u201cVamos a eliminar la figura del feminicidio del C\u00f3digo Penal...","og_url":"https:\/\/innoticiasbo.com\/index.php\/2025\/01\/24\/milei-eliminara-el-feminicidio-del-codigo-penal-porque-ninguna-vida-vale-mas-que-otra\/","og_site_name":"innoticiasbo.com","article_publisher":"https:\/\/www.facebook.com\/innoticiasbolivia","article_published_time":"2025-01-24T23:30:33+00:00","article_modified_time":"2025-01-24T23:30:43+00:00","og_image":[{"width":414,"height":233,"url":"https:\/\/i0.wp.com\/innoticiasbo.com\/wp-content\/uploads\/2025\/01\/argentinien-milei_3.png.webp?fit=414%2C233&ssl=1","type":"image\/webp"}],"author":"Prensa","twitter_card":"summary_large_image","twitter_creator":"@innoticiasbo","twitter_site":"@innoticiasbo","twitter_misc":{"Escrito por":"Prensa","Tiempo de lectura":"1 minuto"},"schema":{"@context":"https:\/\/schema.org","@graph":[{"@type":"Article","@id":"https:\/\/innoticiasbo.com\/index.php\/2025\/01\/24\/milei-eliminara-el-feminicidio-del-codigo-penal-porque-ninguna-vida-vale-mas-que-otra\/#article","isPartOf":{"@id":"https:\/\/innoticiasbo.com\/index.php\/2025\/01\/24\/milei-eliminara-el-feminicidio-del-codigo-penal-porque-ninguna-vida-vale-mas-que-otra\/"},"author":{"name":"Prensa","@id":"https:\/\/innoticiasbo.com\/#\/schema\/person\/589cd527c4211df1b943bdad85ec07ce"},"headline":"MILEI ELIMINAR\u00c1 EL FEMINICIDIO DEL C\u00d3DIGO PENAL PORQUE \u00abNINGUNA VIDA VALE M\u00c1S QUE OTRA\u00bb","datePublished":"2025-01-24T23:30:33+00:00","dateModified":"2025-01-24T23:30:43+00:00","mainEntityOfPage":{"@id":"https:\/\/innoticiasbo.com\/index.php\/2025\/01\/24\/milei-eliminara-el-feminicidio-del-codigo-penal-porque-ninguna-vida-vale-mas-que-otra\/"},"wordCount":185,"commentCount":0,"publisher":{"@id":"https:\/\/innoticiasbo.com\/#organization"},"image":{"@id":"https:\/\/innoticiasbo.com\/index.php\/2025\/01\/24\/milei-eliminara-el-feminicidio-del-codigo-penal-porque-ninguna-vida-vale-mas-que-otra\/#primaryimage"},"thumbnailUrl":"https:\/\/i0.wp.com\/innoticiasbo.com\/wp-content\/uploads\/2025\/01\/argentinien-milei_3.png.webp?fit=414%2C233&ssl=1","articleSection":["Mundo"],"inLanguage":"es","potentialAction":[{"@type":"CommentAction","name":"Comment","target":["https:\/\/innoticiasbo.com\/index.php\/2025\/01\/24\/milei-eliminara-el-feminicidio-del-codigo-penal-porque-ninguna-vida-vale-mas-que-otra\/#respond"]}]},{"@type":"WebPage","@id":"https:\/\/innoticiasbo.com\/index.php\/2025\/01\/24\/milei-eliminara-el-feminicidio-del-codigo-penal-porque-ninguna-vida-vale-mas-que-otra\/","url":"https:\/\/innoticiasbo.com\/index.php\/2025\/01\/24\/milei-eliminara-el-feminicidio-del-codigo-penal-porque-ninguna-vida-vale-mas-que-otra\/","name":"MILEI ELIMINAR\u00c1 EL FEMINICIDIO DEL C\u00d3DIGO PENAL PORQUE \"NINGUNA VIDA VALE M\u00c1S QUE OTRA\" - innoticiasbo.com","isPartOf":{"@id":"https:\/\/innoticiasbo.com\/#website"},"primaryImageOfPage":{"@id":"https:\/\/innoticiasbo.com\/index.php\/2025\/01\/24\/milei-eliminara-el-feminicidio-del-codigo-penal-porque-ninguna-vida-vale-mas-que-otra\/#primaryimage"},"image":{"@id":"https:\/\/innoticiasbo.com\/index.php\/2025\/01\/24\/milei-eliminara-el-feminicidio-del-codigo-penal-porque-ninguna-vida-vale-mas-que-otra\/#primaryimage"},"thumbnailUrl":"https:\/\/i0.wp.com\/innoticiasbo.com\/wp-content\/uploads\/2025\/01\/argentinien-milei_3.png.webp?fit=414%2C233&ssl=1","datePublished":"2025-01-24T23:30:33+00:00","dateModified":"2025-01-24T23:30:43+00:00","breadcrumb":{"@id":"https:\/\/innoticiasbo.com\/index.php\/2025\/01\/24\/milei-eliminara-el-feminicidio-del-codigo-penal-porque-ninguna-vida-vale-mas-que-otra\/#breadcrumb"},"inLanguage":"es","potentialAction":[{"@type":"ReadAction","target":["https:\/\/innoticiasbo.com\/index.php\/2025\/01\/24\/milei-eliminara-el-feminicidio-del-codigo-penal-porque-ninguna-vida-vale-mas-que-otra\/"]}]},{"@type":"ImageObject","inLanguage":"es","@id":"https:\/\/innoticiasbo.com\/index.php\/2025\/01\/24\/milei-eliminara-el-feminicidio-del-codigo-penal-porque-ninguna-vida-vale-mas-que-otra\/#primaryimage","url":"https:\/\/i0.wp.com\/innoticiasbo.com\/wp-content\/uploads\/2025\/01\/argentinien-milei_3.png.webp?fit=414%2C233&ssl=1","contentUrl":"https:\/\/i0.wp.com\/innoticiasbo.com\/wp-content\/uploads\/2025\/01\/argentinien-milei_3.png.webp?fit=414%2C233&ssl=1","width":414,"height":233},{"@type":"BreadcrumbList","@id":"https:\/\/innoticiasbo.com\/index.php\/2025\/01\/24\/milei-eliminara-el-feminicidio-del-codigo-penal-porque-ninguna-vida-vale-mas-que-otra\/#breadcrumb","itemListElement":[{"@type":"ListItem","position":1,"name":"Portada","item":"https:\/\/innoticiasbo.com\/"},{"@type":"ListItem","position":2,"name":"MILEI ELIMINAR\u00c1 EL FEMINICIDIO DEL C\u00d3DIGO PENAL PORQUE \u00abNINGUNA VIDA VALE M\u00c1S QUE OTRA\u00bb"}]},{"@type":"WebSite","@id":"https:\/\/innoticiasbo.com\/#website","url":"https:\/\/innoticiasbo.com\/","name":"innoticiasbo.com","description":"","publisher":{"@id":"https:\/\/innoticiasbo.com\/#organization"},"potentialAction":[{"@type":"SearchAction","target":{"@type":"EntryPoint","urlTemplate":"https:\/\/innoticiasbo.com\/?s={search_term_string}"},"query-input":{"@type":"PropertyValueSpecification","valueRequired":true,"valueName":"search_term_string"}}],"inLanguage":"es"},{"@type":"Organization","@id":"https:\/\/innoticiasbo.com\/#organization","name":"innoticiasbo.com","url":"https:\/\/innoticiasbo.com\/","logo":{"@type":"ImageObject","inLanguage":"es","@id":"https:\/\/innoticiasbo.com\/#\/schema\/logo\/image\/","url":"https:\/\/i0.wp.com\/innoticiasbo.com\/wp-content\/uploads\/2026\/04\/cropped-IN-LOGO.png?fit=1476%2C1476&ssl=1","contentUrl":"https:\/\/i0.wp.com\/innoticiasbo.com\/wp-content\/uploads\/2026\/04\/cropped-IN-LOGO.png?fit=1476%2C1476&ssl=1","width":1476,"height":1476,"caption":"innoticiasbo.com"},"image":{"@id":"https:\/\/innoticiasbo.com\/#\/schema\/logo\/image\/"},"sameAs":["https:\/\/www.facebook.com\/innoticiasbolivia","https:\/\/x.com\/innoticiasbo","https:\/\/www.instagram.com\/innoticiasbo","https:\/\/www.youtube.com\/innoticiasbo"]},{"@type":"Person","@id":"https:\/\/innoticiasbo.com\/#\/schema\/person\/589cd527c4211df1b943bdad85ec07ce","name":"Prensa","image":{"@type":"ImageObject","inLanguage":"es","@id":"https:\/\/innoticiasbo.com\/#\/schema\/person\/image\/","url":"https:\/\/secure.gravatar.com\/avatar\/d359bbdf112023c1c0a3ec7fe1600657?s=96&d=mm&r=g","contentUrl":"https:\/\/secure.gravatar.com\/avatar\/d359bbdf112023c1c0a3ec7fe1600657?s=96&d=mm&r=g","caption":"Prensa"},"sameAs":["http:\/\/www.innoticiasbo.com"],"url":"https:\/\/innoticiasbo.com\/index.php\/author\/prensa\/"}]}},"jetpack_featured_media_url":"https:\/\/i0.wp.com\/innoticiasbo.com\/wp-content\/uploads\/2025\/01\/argentinien-milei_3.png.webp?fit=414%2C233&ssl=1","jetpack_likes_enabled":true,"jetpack_sharing_enabled":true,"jetpack_shortlink":"https:\/\/wp.me\/pg298x-ZA","_links":{"self":[{"href":"https:\/\/innoticiasbo.com\/index.php\/wp-json\/wp\/v2\/posts\/3818","targetHints":{"allow":["GET"]}}],"collection":[{"href":"https:\/\/innoticiasbo.com\/index.php\/wp-json\/wp\/v2\/posts"}],"about":[{"href":"https:\/\/innoticiasbo.com\/index.php\/wp-json\/wp\/v2\/types\/post"}],"author":[{"embeddable":true,"href":"https:\/\/innoticiasbo.com\/index.php\/wp-json\/wp\/v2\/users\/2"}],"replies":[{"embeddable":true,"href":"https:\/\/innoticiasbo.com\/index.php\/wp-json\/wp\/v2\/comments?post=3818"}],"version-history":[{"count":1,"href":"https:\/\/innoticiasbo.com\/index.php\/wp-json\/wp\/v2\/posts\/3818\/revisions"}],"predecessor-version":[{"id":3819,"href":"https:\/\/innoticiasbo.com\/index.php\/wp-json\/wp\/v2\/posts\/3818\/revisions\/3819"}],"wp:featuredmedia":[{"embeddable":true,"href":"https:\/\/innoticiasbo.com\/index.php\/wp-json\/wp\/v2\/media\/3817"}],"wp:attachment":[{"href":"https:\/\/innoticiasbo.com\/index.php\/wp-json\/wp\/v2\/media?parent=3818"}],"wp:term":[{"taxonomy":"category","embeddable":true,"href":"https:\/\/innoticiasbo.com\/index.php\/wp-json\/wp\/v2\/categories?post=3818"},{"taxonomy":"post_tag","embeddable":true,"href":"https:\/\/innoticiasbo.com\/index.php\/wp-json\/wp\/v2\/tags?post=3818"}],"curies":[{"name":"wp","href":"https:\/\/api.w.org\/{rel}","templated":true}]}}