{"id":3666,"date":"2025-01-16T21:57:36","date_gmt":"2025-01-17T01:57:36","guid":{"rendered":"https:\/\/innoticiasbo.com\/?p=3666"},"modified":"2025-01-16T21:58:06","modified_gmt":"2025-01-17T01:58:06","slug":"samuel-se-comprometio-a-poner-tasa-cero-al-ice-para-vinos-y-singanis-nacionales","status":"publish","type":"post","link":"https:\/\/innoticiasbo.com\/index.php\/2025\/01\/16\/samuel-se-comprometio-a-poner-tasa-cero-al-ice-para-vinos-y-singanis-nacionales\/","title":{"rendered":"SAMUEL SE COMPROMETI\u00d3 A PONER TASA CERO AL ICE PARA VINOS Y SINGANIS NACIONALES"},"content":{"rendered":"\n<p>Tarija, 16 de enero de 2025.- El empresario y precandidato a la presidencia en las elecciones de 2025, Samuel Doria Medina, present\u00f3 sus Soluciones para Tarija. Se comprometi\u00f3 a poner tasa cero al ICE para vinos y singanis nacionales, a hacer realidad la promesa incumplida del riego para los cultivos de la regi\u00f3n, a duplicar la cantidad de cultivos de uva que existe en este momento y a impulsar una \u00abrevoluci\u00f3n del turismo en Tarija\u00bb en torno a la ruta del vino, en la que tendr\u00e1n papel destacado los emprendedores.<\/p>\n\n\n\n<figure class=\"wp-block-image size-large\"><img data-recalc-dims=\"1\" loading=\"lazy\" decoding=\"async\" width=\"640\" height=\"426\" src=\"https:\/\/i0.wp.com\/innoticiasbo.com\/wp-content\/uploads\/2025\/01\/img-20250116-wa02553465146273766890858.jpg?resize=640%2C426&#038;ssl=1\" alt=\"\" class=\"wp-image-3660\" srcset=\"https:\/\/i0.wp.com\/innoticiasbo.com\/wp-content\/uploads\/2025\/01\/img-20250116-wa02553465146273766890858.jpg?resize=1024%2C682&amp;ssl=1 1024w, https:\/\/i0.wp.com\/innoticiasbo.com\/wp-content\/uploads\/2025\/01\/img-20250116-wa02553465146273766890858.jpg?resize=300%2C200&amp;ssl=1 300w, https:\/\/i0.wp.com\/innoticiasbo.com\/wp-content\/uploads\/2025\/01\/img-20250116-wa02553465146273766890858.jpg?resize=768%2C512&amp;ssl=1 768w, https:\/\/i0.wp.com\/innoticiasbo.com\/wp-content\/uploads\/2025\/01\/img-20250116-wa02553465146273766890858.jpg?resize=600%2C400&amp;ssl=1 600w, https:\/\/i0.wp.com\/innoticiasbo.com\/wp-content\/uploads\/2025\/01\/img-20250116-wa02553465146273766890858.jpg?w=1280&amp;ssl=1 1280w\" sizes=\"auto, (max-width: 640px) 100vw, 640px\" \/><\/figure>\n\n\n\n<p>Doria Medina record\u00f3 que desde 2006, los gobernadores, alcaldes y rectores<br \/>universitarios de Tarija administraron 9.000 millones de d\u00f3lares. \u00abFue una gran<br \/>bonanza que, incre\u00edblemente, no alcanz\u00f3 para construir el camino al Chaco,<br \/>garantizar el riego para la agricultura, mejorar la salud de los tarije\u00f1os para que<br \/>no tengan que ir a mendigar atenci\u00f3n m\u00e9dica a la Argentina o resolver otros<br \/>problemas b\u00e1sicos de la regi\u00f3n\u00bb, se\u00f1al\u00f3. Consider\u00f3 esto \u00abla triste consecuencia de que los pol\u00edticos se hayan robado la plata de los bolivianos y de los tarije\u00f1os\u00bb.<br \/>Celebr\u00f3 que Tarija ya est\u00e9 corrigiendo lo que llam\u00f3 \u00abun crimen hist\u00f3rico\u00bb y explic\u00f3<br \/>que su propuesta solo busca amplificar lo que ya han comenzado a hacer los<br \/>emprendedores tarije\u00f1os. \u00abTarija ha logrado desarrollar una industria vitivin\u00edcola<br \/>robusta y con un gran potencial de expansi\u00f3n\u00bb, indic\u00f3. Por tanto, el principal<br \/>desaf\u00edo es ampliar significativamente el alcance de este fen\u00f3meno productivo.<\/p>\n\n\n\n<p>Para ello, hay que vencer los obst\u00e1culos puestos por el centralismo. \u00abLa forma preferida de ponerle zancadilla a los tarije\u00f1os ha sido la imposici\u00f3n de grav\u00e1menes excesivos a su principal actividad no extractiva. Estos impuestos parecen haber sido inventados por bur\u00f3cratas para perjudicar a los productores porque piensan que crear riqueza es algo malo para la colectividad. Es exactamente al rev\u00e9s: lo que es malo para todos es destruir la riqueza cortando las alas a los que la producen\u00bb, explic\u00f3 Doria Medina antes de comprometerse a \u00abponer tasa cero al Impuesto al Consumo Espec\u00edfico (ICE) para vinos y singanis nacionales\u00bb. Actualmente el ICE para estos productos est\u00e1 entre 3 y 10%.<\/p>\n\n\n\n<figure class=\"wp-block-image size-large\"><img data-recalc-dims=\"1\" loading=\"lazy\" decoding=\"async\" width=\"640\" height=\"426\" src=\"https:\/\/i0.wp.com\/innoticiasbo.com\/wp-content\/uploads\/2025\/01\/img-20250116-wa02541667623192674366350.jpg?resize=640%2C426&#038;ssl=1\" alt=\"\" class=\"wp-image-3661\" srcset=\"https:\/\/i0.wp.com\/innoticiasbo.com\/wp-content\/uploads\/2025\/01\/img-20250116-wa02541667623192674366350.jpg?resize=1024%2C682&amp;ssl=1 1024w, https:\/\/i0.wp.com\/innoticiasbo.com\/wp-content\/uploads\/2025\/01\/img-20250116-wa02541667623192674366350.jpg?resize=300%2C200&amp;ssl=1 300w, https:\/\/i0.wp.com\/innoticiasbo.com\/wp-content\/uploads\/2025\/01\/img-20250116-wa02541667623192674366350.jpg?resize=768%2C512&amp;ssl=1 768w, https:\/\/i0.wp.com\/innoticiasbo.com\/wp-content\/uploads\/2025\/01\/img-20250116-wa02541667623192674366350.jpg?resize=600%2C400&amp;ssl=1 600w, https:\/\/i0.wp.com\/innoticiasbo.com\/wp-content\/uploads\/2025\/01\/img-20250116-wa02541667623192674366350.jpg?w=1280&amp;ssl=1 1280w\" sizes=\"auto, (max-width: 640px) 100vw, 640px\" \/><\/figure>\n\n\n\n<p>Otra medida de en esta misma direcci\u00f3n ser\u00e1 ocuparse del riego, una necesidad<br \/>que se ha usado para despilfarrar la plata del gas. Doria Medina se comprometi\u00f3<br \/>a \u00abtriplicar la capacidad de riego, de 3.500 a 10.500 hect\u00e1reas bajo riego, con la<br \/>activaci\u00f3n y el mantenimiento asegurado de 15 represas ya construidas\u00bb.<\/p>\n\n\n\n<p>Samuel invit\u00f3 a Tarija, que ya es un importante destino del turismo interno, a<br>sumarse a la \u00abrevoluci\u00f3n del turismo\u00bb que ha planteado, con dos millones de<br>visitantes extranjeros adicionales y un movimiento de unos 3.000 millones de<br>d\u00f3lares anuales. Para ello, entre otras medidas, \u00abBoA dejar\u00e1 de ser un monopolio<br>con atribuciones para cobrar sus tarifas m\u00e1s altas a los tarije\u00f1os, como ocurre<br>ahora. Abrir\u00e9 los cielos para que viajar sea m\u00e1s f\u00e1cil y barato. Garantizar\u00e9 que<br>hayan vuelos diarios directos de las principales capitales del pa\u00eds\u00bb, asegur\u00f3.<\/p>\n\n\n\n<figure class=\"wp-block-image size-large\"><img data-recalc-dims=\"1\" loading=\"lazy\" decoding=\"async\" width=\"640\" height=\"363\" src=\"https:\/\/i0.wp.com\/innoticiasbo.com\/wp-content\/uploads\/2025\/01\/screenshot_20250116_212513_facebook7948516619650994204.jpg?resize=640%2C363&#038;ssl=1\" alt=\"\" class=\"wp-image-3662\" srcset=\"https:\/\/i0.wp.com\/innoticiasbo.com\/wp-content\/uploads\/2025\/01\/screenshot_20250116_212513_facebook7948516619650994204.jpg?resize=1024%2C581&amp;ssl=1 1024w, https:\/\/i0.wp.com\/innoticiasbo.com\/wp-content\/uploads\/2025\/01\/screenshot_20250116_212513_facebook7948516619650994204.jpg?resize=300%2C170&amp;ssl=1 300w, https:\/\/i0.wp.com\/innoticiasbo.com\/wp-content\/uploads\/2025\/01\/screenshot_20250116_212513_facebook7948516619650994204.jpg?resize=768%2C436&amp;ssl=1 768w, https:\/\/i0.wp.com\/innoticiasbo.com\/wp-content\/uploads\/2025\/01\/screenshot_20250116_212513_facebook7948516619650994204.jpg?w=1080&amp;ssl=1 1080w\" sizes=\"auto, (max-width: 640px) 100vw, 640px\" \/><\/figure>\n\n\n\n<p>Tambi\u00e9n se comprometi\u00f3 a tener \u00abun Ministerio de Cultura y Turismo que merezca<br \/>ese nombre, que deje de ser una bolsa de salarios para las Bartolinas y se convierta en una real cartera de Estado\u00bb para que, entre otras muchas cosas, trabaje en el norte argentino para animar a sus pobladores a visitar Tarija y aprovechar sus precios comparativos.<\/p>\n\n\n\n<p>Samuel prometi\u00f3 que Tarija volver\u00e1 a percibir importantes ingresos gas\u00edferos con<br>una nueva ley de hidrocarburos que multiplique las inversiones privadas. Los<br>resultados, se\u00f1al\u00f3, ya no ser\u00e1n \u00abmalgastados por los pol\u00edticos, sino que pasar\u00e1n a un fideicomiso y se invertir\u00e1n 50% por Tarija y 50% por el gobierno central en las prioridades regionales, salud y educaci\u00f3n\u00bb.<\/p>\n\n\n\n<figure class=\"wp-block-image size-large\"><img data-recalc-dims=\"1\" loading=\"lazy\" decoding=\"async\" width=\"640\" height=\"373\" src=\"https:\/\/i0.wp.com\/innoticiasbo.com\/wp-content\/uploads\/2025\/01\/screenshot_20250116_212504_facebook4043056869433071038.jpg?resize=640%2C373&#038;ssl=1\" alt=\"\" class=\"wp-image-3663\" srcset=\"https:\/\/i0.wp.com\/innoticiasbo.com\/wp-content\/uploads\/2025\/01\/screenshot_20250116_212504_facebook4043056869433071038.jpg?resize=1024%2C596&amp;ssl=1 1024w, https:\/\/i0.wp.com\/innoticiasbo.com\/wp-content\/uploads\/2025\/01\/screenshot_20250116_212504_facebook4043056869433071038.jpg?resize=300%2C175&amp;ssl=1 300w, https:\/\/i0.wp.com\/innoticiasbo.com\/wp-content\/uploads\/2025\/01\/screenshot_20250116_212504_facebook4043056869433071038.jpg?resize=768%2C447&amp;ssl=1 768w, https:\/\/i0.wp.com\/innoticiasbo.com\/wp-content\/uploads\/2025\/01\/screenshot_20250116_212504_facebook4043056869433071038.jpg?w=1080&amp;ssl=1 1080w\" sizes=\"auto, (max-width: 640px) 100vw, 640px\" \/><\/figure>\n\n\n\n<p>Ratific\u00f3 su oferta de \u00abautonom\u00edas econ\u00f3micas\u00bb para que el departamento<br \/>cogestione sus recursos naturales y cumpla sus grandes obras so\u00f1adas. Y ratific\u00f3 su plan para traer d\u00f3lares y combustibles al pa\u00eds en 100 d\u00edas del nuevo gobierno.<\/p>\n\n\n\n<p>\u00abSe c\u00f3mo hacerlo. Tambi\u00e9n se devolver\u00e1n en d\u00f3lares los dep\u00f3sitos en d\u00f3lares<br \/>atrapados en los bancos\u00bb, finaliz\u00f3.<\/p>\n\n\n\n<h1 class=\"wp-block-heading\">SamuelDoriaMedina #tasaceroice #vinosbolivianos #singanisbolivianos #solucionesparabolivia #eleccionesbolivia2025 #Tarija #innoticias<\/h1>\n","protected":false},"excerpt":{"rendered":"<p>Tarija, 16 de enero de 2025.- El empresario y precandidato a la presidencia en las elecciones de 2025, Samuel Doria Medina, present\u00f3 sus Soluciones para Tarija. Se comprometi\u00f3 a poner tasa cero al ICE para vinos y singanis nacionales, a hacer realidad la promesa incumplida del riego para los cultivos de la regi\u00f3n, a duplicar&#8230;<\/p>\n","protected":false},"author":2,"featured_media":3665,"comment_status":"open","ping_status":"open","sticky":false,"template":"","format":"standard","meta":{"_jetpack_memberships_contains_paid_content":false,"footnotes":"","jetpack_publicize_message":"","jetpack_publicize_feature_enabled":true,"jetpack_social_post_already_shared":true,"jetpack_social_options":{"image_generator_settings":{"template":"highway","enabled":false},"version":2}},"categories":[1,3],"tags":[],"class_list":["post-3666","post","type-post","status-publish","format-standard","has-post-thumbnail","hentry","category-bolivia","category-politica"],"jetpack_publicize_connections":[],"yoast_head":"<!-- This site is optimized with the Yoast SEO plugin v23.4 - https:\/\/yoast.com\/wordpress\/plugins\/seo\/ -->\n<title>SAMUEL SE COMPROMETI\u00d3 A PONER TASA CERO AL ICE PARA VINOS Y SINGANIS NACIONALES - innoticiasbo.com<\/title>\n<meta name=\"robots\" content=\"index, follow, max-snippet:-1, max-image-preview:large, max-video-preview:-1\" \/>\n<link rel=\"canonical\" href=\"https:\/\/innoticiasbo.com\/index.php\/2025\/01\/16\/samuel-se-comprometio-a-poner-tasa-cero-al-ice-para-vinos-y-singanis-nacionales\/\" \/>\n<meta property=\"og:locale\" content=\"es_ES\" \/>\n<meta property=\"og:type\" content=\"article\" \/>\n<meta property=\"og:title\" content=\"SAMUEL SE COMPROMETI\u00d3 A PONER TASA CERO AL ICE PARA VINOS Y SINGANIS NACIONALES - innoticiasbo.com\" \/>\n<meta property=\"og:description\" content=\"Tarija, 16 de enero de 2025.- El empresario y precandidato a la presidencia en las elecciones de 2025, Samuel Doria Medina, present\u00f3 sus Soluciones para Tarija. Se comprometi\u00f3 a poner tasa cero al ICE para vinos y singanis nacionales, a hacer realidad la promesa incumplida del riego para los cultivos de la regi\u00f3n, a duplicar...\" \/>\n<meta property=\"og:url\" content=\"https:\/\/innoticiasbo.com\/index.php\/2025\/01\/16\/samuel-se-comprometio-a-poner-tasa-cero-al-ice-para-vinos-y-singanis-nacionales\/\" \/>\n<meta property=\"og:site_name\" content=\"innoticiasbo.com\" \/>\n<meta property=\"article:publisher\" content=\"https:\/\/www.facebook.com\/innoticiasbolivia\" \/>\n<meta property=\"article:published_time\" content=\"2025-01-17T01:57:36+00:00\" \/>\n<meta property=\"article:modified_time\" content=\"2025-01-17T01:58:06+00:00\" \/>\n<meta property=\"og:image\" content=\"https:\/\/i0.wp.com\/innoticiasbo.com\/wp-content\/uploads\/2025\/01\/IMG-20250116-WA0254.jpg?fit=1280%2C853&ssl=1\" \/>\n\t<meta property=\"og:image:width\" content=\"1280\" \/>\n\t<meta property=\"og:image:height\" content=\"853\" \/>\n\t<meta property=\"og:image:type\" content=\"image\/jpeg\" \/>\n<meta name=\"author\" content=\"Prensa\" \/>\n<meta name=\"twitter:card\" content=\"summary_large_image\" \/>\n<meta name=\"twitter:creator\" content=\"@innoticiasbo\" \/>\n<meta name=\"twitter:site\" content=\"@innoticiasbo\" \/>\n<meta name=\"twitter:label1\" content=\"Escrito por\" \/>\n\t<meta name=\"twitter:data1\" content=\"Prensa\" \/>\n\t<meta name=\"twitter:label2\" content=\"Tiempo de lectura\" \/>\n\t<meta name=\"twitter:data2\" content=\"3 minutos\" \/>\n<script type=\"application\/ld+json\" class=\"yoast-schema-graph\">{\"@context\":\"https:\/\/schema.org\",\"@graph\":[{\"@type\":\"Article\",\"@id\":\"https:\/\/innoticiasbo.com\/index.php\/2025\/01\/16\/samuel-se-comprometio-a-poner-tasa-cero-al-ice-para-vinos-y-singanis-nacionales\/#article\",\"isPartOf\":{\"@id\":\"https:\/\/innoticiasbo.com\/index.php\/2025\/01\/16\/samuel-se-comprometio-a-poner-tasa-cero-al-ice-para-vinos-y-singanis-nacionales\/\"},\"author\":{\"name\":\"Prensa\",\"@id\":\"https:\/\/innoticiasbo.com\/#\/schema\/person\/589cd527c4211df1b943bdad85ec07ce\"},\"headline\":\"SAMUEL SE COMPROMETI\u00d3 A PONER TASA CERO AL ICE PARA VINOS Y SINGANIS NACIONALES\",\"datePublished\":\"2025-01-17T01:57:36+00:00\",\"dateModified\":\"2025-01-17T01:58:06+00:00\",\"mainEntityOfPage\":{\"@id\":\"https:\/\/innoticiasbo.com\/index.php\/2025\/01\/16\/samuel-se-comprometio-a-poner-tasa-cero-al-ice-para-vinos-y-singanis-nacionales\/\"},\"wordCount\":704,\"commentCount\":0,\"publisher\":{\"@id\":\"https:\/\/innoticiasbo.com\/#organization\"},\"image\":{\"@id\":\"https:\/\/innoticiasbo.com\/index.php\/2025\/01\/16\/samuel-se-comprometio-a-poner-tasa-cero-al-ice-para-vinos-y-singanis-nacionales\/#primaryimage\"},\"thumbnailUrl\":\"https:\/\/i0.wp.com\/innoticiasbo.com\/wp-content\/uploads\/2025\/01\/IMG-20250116-WA0254.jpg?fit=1280%2C853&ssl=1\",\"articleSection\":[\"Bolivia\",\"Pol\u00edtica\"],\"inLanguage\":\"es\",\"potentialAction\":[{\"@type\":\"CommentAction\",\"name\":\"Comment\",\"target\":[\"https:\/\/innoticiasbo.com\/index.php\/2025\/01\/16\/samuel-se-comprometio-a-poner-tasa-cero-al-ice-para-vinos-y-singanis-nacionales\/#respond\"]}]},{\"@type\":\"WebPage\",\"@id\":\"https:\/\/innoticiasbo.com\/index.php\/2025\/01\/16\/samuel-se-comprometio-a-poner-tasa-cero-al-ice-para-vinos-y-singanis-nacionales\/\",\"url\":\"https:\/\/innoticiasbo.com\/index.php\/2025\/01\/16\/samuel-se-comprometio-a-poner-tasa-cero-al-ice-para-vinos-y-singanis-nacionales\/\",\"name\":\"SAMUEL SE COMPROMETI\u00d3 A PONER TASA CERO AL ICE PARA VINOS Y SINGANIS NACIONALES - innoticiasbo.com\",\"isPartOf\":{\"@id\":\"https:\/\/innoticiasbo.com\/#website\"},\"primaryImageOfPage\":{\"@id\":\"https:\/\/innoticiasbo.com\/index.php\/2025\/01\/16\/samuel-se-comprometio-a-poner-tasa-cero-al-ice-para-vinos-y-singanis-nacionales\/#primaryimage\"},\"image\":{\"@id\":\"https:\/\/innoticiasbo.com\/index.php\/2025\/01\/16\/samuel-se-comprometio-a-poner-tasa-cero-al-ice-para-vinos-y-singanis-nacionales\/#primaryimage\"},\"thumbnailUrl\":\"https:\/\/i0.wp.com\/innoticiasbo.com\/wp-content\/uploads\/2025\/01\/IMG-20250116-WA0254.jpg?fit=1280%2C853&ssl=1\",\"datePublished\":\"2025-01-17T01:57:36+00:00\",\"dateModified\":\"2025-01-17T01:58:06+00:00\",\"breadcrumb\":{\"@id\":\"https:\/\/innoticiasbo.com\/index.php\/2025\/01\/16\/samuel-se-comprometio-a-poner-tasa-cero-al-ice-para-vinos-y-singanis-nacionales\/#breadcrumb\"},\"inLanguage\":\"es\",\"potentialAction\":[{\"@type\":\"ReadAction\",\"target\":[\"https:\/\/innoticiasbo.com\/index.php\/2025\/01\/16\/samuel-se-comprometio-a-poner-tasa-cero-al-ice-para-vinos-y-singanis-nacionales\/\"]}]},{\"@type\":\"ImageObject\",\"inLanguage\":\"es\",\"@id\":\"https:\/\/innoticiasbo.com\/index.php\/2025\/01\/16\/samuel-se-comprometio-a-poner-tasa-cero-al-ice-para-vinos-y-singanis-nacionales\/#primaryimage\",\"url\":\"https:\/\/i0.wp.com\/innoticiasbo.com\/wp-content\/uploads\/2025\/01\/IMG-20250116-WA0254.jpg?fit=1280%2C853&ssl=1\",\"contentUrl\":\"https:\/\/i0.wp.com\/innoticiasbo.com\/wp-content\/uploads\/2025\/01\/IMG-20250116-WA0254.jpg?fit=1280%2C853&ssl=1\",\"width\":1280,\"height\":853},{\"@type\":\"BreadcrumbList\",\"@id\":\"https:\/\/innoticiasbo.com\/index.php\/2025\/01\/16\/samuel-se-comprometio-a-poner-tasa-cero-al-ice-para-vinos-y-singanis-nacionales\/#breadcrumb\",\"itemListElement\":[{\"@type\":\"ListItem\",\"position\":1,\"name\":\"Portada\",\"item\":\"https:\/\/innoticiasbo.com\/\"},{\"@type\":\"ListItem\",\"position\":2,\"name\":\"SAMUEL SE COMPROMETI\u00d3 A PONER TASA CERO AL ICE PARA VINOS Y SINGANIS NACIONALES\"}]},{\"@type\":\"WebSite\",\"@id\":\"https:\/\/innoticiasbo.com\/#website\",\"url\":\"https:\/\/innoticiasbo.com\/\",\"name\":\"innoticiasbo.com\",\"description\":\"\",\"publisher\":{\"@id\":\"https:\/\/innoticiasbo.com\/#organization\"},\"potentialAction\":[{\"@type\":\"SearchAction\",\"target\":{\"@type\":\"EntryPoint\",\"urlTemplate\":\"https:\/\/innoticiasbo.com\/?s={search_term_string}\"},\"query-input\":{\"@type\":\"PropertyValueSpecification\",\"valueRequired\":true,\"valueName\":\"search_term_string\"}}],\"inLanguage\":\"es\"},{\"@type\":\"Organization\",\"@id\":\"https:\/\/innoticiasbo.com\/#organization\",\"name\":\"innoticiasbo.com\",\"url\":\"https:\/\/innoticiasbo.com\/\",\"logo\":{\"@type\":\"ImageObject\",\"inLanguage\":\"es\",\"@id\":\"https:\/\/innoticiasbo.com\/#\/schema\/logo\/image\/\",\"url\":\"https:\/\/i0.wp.com\/innoticiasbo.com\/wp-content\/uploads\/2026\/04\/cropped-IN-LOGO.png?fit=1476%2C1476&ssl=1\",\"contentUrl\":\"https:\/\/i0.wp.com\/innoticiasbo.com\/wp-content\/uploads\/2026\/04\/cropped-IN-LOGO.png?fit=1476%2C1476&ssl=1\",\"width\":1476,\"height\":1476,\"caption\":\"innoticiasbo.com\"},\"image\":{\"@id\":\"https:\/\/innoticiasbo.com\/#\/schema\/logo\/image\/\"},\"sameAs\":[\"https:\/\/www.facebook.com\/innoticiasbolivia\",\"https:\/\/x.com\/innoticiasbo\",\"https:\/\/www.instagram.com\/innoticiasbo\",\"https:\/\/www.youtube.com\/innoticiasbo\"]},{\"@type\":\"Person\",\"@id\":\"https:\/\/innoticiasbo.com\/#\/schema\/person\/589cd527c4211df1b943bdad85ec07ce\",\"name\":\"Prensa\",\"image\":{\"@type\":\"ImageObject\",\"inLanguage\":\"es\",\"@id\":\"https:\/\/innoticiasbo.com\/#\/schema\/person\/image\/\",\"url\":\"https:\/\/secure.gravatar.com\/avatar\/d359bbdf112023c1c0a3ec7fe1600657?s=96&d=mm&r=g\",\"contentUrl\":\"https:\/\/secure.gravatar.com\/avatar\/d359bbdf112023c1c0a3ec7fe1600657?s=96&d=mm&r=g\",\"caption\":\"Prensa\"},\"sameAs\":[\"http:\/\/www.innoticiasbo.com\"],\"url\":\"https:\/\/innoticiasbo.com\/index.php\/author\/prensa\/\"}]}<\/script>\n<!-- \/ Yoast SEO plugin. -->","yoast_head_json":{"title":"SAMUEL SE COMPROMETI\u00d3 A PONER TASA CERO AL ICE PARA VINOS Y SINGANIS NACIONALES - innoticiasbo.com","robots":{"index":"index","follow":"follow","max-snippet":"max-snippet:-1","max-image-preview":"max-image-preview:large","max-video-preview":"max-video-preview:-1"},"canonical":"https:\/\/innoticiasbo.com\/index.php\/2025\/01\/16\/samuel-se-comprometio-a-poner-tasa-cero-al-ice-para-vinos-y-singanis-nacionales\/","og_locale":"es_ES","og_type":"article","og_title":"SAMUEL SE COMPROMETI\u00d3 A PONER TASA CERO AL ICE PARA VINOS Y SINGANIS NACIONALES - innoticiasbo.com","og_description":"Tarija, 16 de enero de 2025.- El empresario y precandidato a la presidencia en las elecciones de 2025, Samuel Doria Medina, present\u00f3 sus Soluciones para Tarija. Se comprometi\u00f3 a poner tasa cero al ICE para vinos y singanis nacionales, a hacer realidad la promesa incumplida del riego para los cultivos de la regi\u00f3n, a duplicar...","og_url":"https:\/\/innoticiasbo.com\/index.php\/2025\/01\/16\/samuel-se-comprometio-a-poner-tasa-cero-al-ice-para-vinos-y-singanis-nacionales\/","og_site_name":"innoticiasbo.com","article_publisher":"https:\/\/www.facebook.com\/innoticiasbolivia","article_published_time":"2025-01-17T01:57:36+00:00","article_modified_time":"2025-01-17T01:58:06+00:00","og_image":[{"width":1280,"height":853,"url":"https:\/\/i0.wp.com\/innoticiasbo.com\/wp-content\/uploads\/2025\/01\/IMG-20250116-WA0254.jpg?fit=1280%2C853&ssl=1","type":"image\/jpeg"}],"author":"Prensa","twitter_card":"summary_large_image","twitter_creator":"@innoticiasbo","twitter_site":"@innoticiasbo","twitter_misc":{"Escrito por":"Prensa","Tiempo de lectura":"3 minutos"},"schema":{"@context":"https:\/\/schema.org","@graph":[{"@type":"Article","@id":"https:\/\/innoticiasbo.com\/index.php\/2025\/01\/16\/samuel-se-comprometio-a-poner-tasa-cero-al-ice-para-vinos-y-singanis-nacionales\/#article","isPartOf":{"@id":"https:\/\/innoticiasbo.com\/index.php\/2025\/01\/16\/samuel-se-comprometio-a-poner-tasa-cero-al-ice-para-vinos-y-singanis-nacionales\/"},"author":{"name":"Prensa","@id":"https:\/\/innoticiasbo.com\/#\/schema\/person\/589cd527c4211df1b943bdad85ec07ce"},"headline":"SAMUEL SE COMPROMETI\u00d3 A PONER TASA CERO AL ICE PARA VINOS Y SINGANIS NACIONALES","datePublished":"2025-01-17T01:57:36+00:00","dateModified":"2025-01-17T01:58:06+00:00","mainEntityOfPage":{"@id":"https:\/\/innoticiasbo.com\/index.php\/2025\/01\/16\/samuel-se-comprometio-a-poner-tasa-cero-al-ice-para-vinos-y-singanis-nacionales\/"},"wordCount":704,"commentCount":0,"publisher":{"@id":"https:\/\/innoticiasbo.com\/#organization"},"image":{"@id":"https:\/\/innoticiasbo.com\/index.php\/2025\/01\/16\/samuel-se-comprometio-a-poner-tasa-cero-al-ice-para-vinos-y-singanis-nacionales\/#primaryimage"},"thumbnailUrl":"https:\/\/i0.wp.com\/innoticiasbo.com\/wp-content\/uploads\/2025\/01\/IMG-20250116-WA0254.jpg?fit=1280%2C853&ssl=1","articleSection":["Bolivia","Pol\u00edtica"],"inLanguage":"es","potentialAction":[{"@type":"CommentAction","name":"Comment","target":["https:\/\/innoticiasbo.com\/index.php\/2025\/01\/16\/samuel-se-comprometio-a-poner-tasa-cero-al-ice-para-vinos-y-singanis-nacionales\/#respond"]}]},{"@type":"WebPage","@id":"https:\/\/innoticiasbo.com\/index.php\/2025\/01\/16\/samuel-se-comprometio-a-poner-tasa-cero-al-ice-para-vinos-y-singanis-nacionales\/","url":"https:\/\/innoticiasbo.com\/index.php\/2025\/01\/16\/samuel-se-comprometio-a-poner-tasa-cero-al-ice-para-vinos-y-singanis-nacionales\/","name":"SAMUEL SE COMPROMETI\u00d3 A PONER TASA CERO AL ICE PARA VINOS Y SINGANIS NACIONALES - innoticiasbo.com","isPartOf":{"@id":"https:\/\/innoticiasbo.com\/#website"},"primaryImageOfPage":{"@id":"https:\/\/innoticiasbo.com\/index.php\/2025\/01\/16\/samuel-se-comprometio-a-poner-tasa-cero-al-ice-para-vinos-y-singanis-nacionales\/#primaryimage"},"image":{"@id":"https:\/\/innoticiasbo.com\/index.php\/2025\/01\/16\/samuel-se-comprometio-a-poner-tasa-cero-al-ice-para-vinos-y-singanis-nacionales\/#primaryimage"},"thumbnailUrl":"https:\/\/i0.wp.com\/innoticiasbo.com\/wp-content\/uploads\/2025\/01\/IMG-20250116-WA0254.jpg?fit=1280%2C853&ssl=1","datePublished":"2025-01-17T01:57:36+00:00","dateModified":"2025-01-17T01:58:06+00:00","breadcrumb":{"@id":"https:\/\/innoticiasbo.com\/index.php\/2025\/01\/16\/samuel-se-comprometio-a-poner-tasa-cero-al-ice-para-vinos-y-singanis-nacionales\/#breadcrumb"},"inLanguage":"es","potentialAction":[{"@type":"ReadAction","target":["https:\/\/innoticiasbo.com\/index.php\/2025\/01\/16\/samuel-se-comprometio-a-poner-tasa-cero-al-ice-para-vinos-y-singanis-nacionales\/"]}]},{"@type":"ImageObject","inLanguage":"es","@id":"https:\/\/innoticiasbo.com\/index.php\/2025\/01\/16\/samuel-se-comprometio-a-poner-tasa-cero-al-ice-para-vinos-y-singanis-nacionales\/#primaryimage","url":"https:\/\/i0.wp.com\/innoticiasbo.com\/wp-content\/uploads\/2025\/01\/IMG-20250116-WA0254.jpg?fit=1280%2C853&ssl=1","contentUrl":"https:\/\/i0.wp.com\/innoticiasbo.com\/wp-content\/uploads\/2025\/01\/IMG-20250116-WA0254.jpg?fit=1280%2C853&ssl=1","width":1280,"height":853},{"@type":"BreadcrumbList","@id":"https:\/\/innoticiasbo.com\/index.php\/2025\/01\/16\/samuel-se-comprometio-a-poner-tasa-cero-al-ice-para-vinos-y-singanis-nacionales\/#breadcrumb","itemListElement":[{"@type":"ListItem","position":1,"name":"Portada","item":"https:\/\/innoticiasbo.com\/"},{"@type":"ListItem","position":2,"name":"SAMUEL SE COMPROMETI\u00d3 A PONER TASA CERO AL ICE PARA VINOS Y SINGANIS NACIONALES"}]},{"@type":"WebSite","@id":"https:\/\/innoticiasbo.com\/#website","url":"https:\/\/innoticiasbo.com\/","name":"innoticiasbo.com","description":"","publisher":{"@id":"https:\/\/innoticiasbo.com\/#organization"},"potentialAction":[{"@type":"SearchAction","target":{"@type":"EntryPoint","urlTemplate":"https:\/\/innoticiasbo.com\/?s={search_term_string}"},"query-input":{"@type":"PropertyValueSpecification","valueRequired":true,"valueName":"search_term_string"}}],"inLanguage":"es"},{"@type":"Organization","@id":"https:\/\/innoticiasbo.com\/#organization","name":"innoticiasbo.com","url":"https:\/\/innoticiasbo.com\/","logo":{"@type":"ImageObject","inLanguage":"es","@id":"https:\/\/innoticiasbo.com\/#\/schema\/logo\/image\/","url":"https:\/\/i0.wp.com\/innoticiasbo.com\/wp-content\/uploads\/2026\/04\/cropped-IN-LOGO.png?fit=1476%2C1476&ssl=1","contentUrl":"https:\/\/i0.wp.com\/innoticiasbo.com\/wp-content\/uploads\/2026\/04\/cropped-IN-LOGO.png?fit=1476%2C1476&ssl=1","width":1476,"height":1476,"caption":"innoticiasbo.com"},"image":{"@id":"https:\/\/innoticiasbo.com\/#\/schema\/logo\/image\/"},"sameAs":["https:\/\/www.facebook.com\/innoticiasbolivia","https:\/\/x.com\/innoticiasbo","https:\/\/www.instagram.com\/innoticiasbo","https:\/\/www.youtube.com\/innoticiasbo"]},{"@type":"Person","@id":"https:\/\/innoticiasbo.com\/#\/schema\/person\/589cd527c4211df1b943bdad85ec07ce","name":"Prensa","image":{"@type":"ImageObject","inLanguage":"es","@id":"https:\/\/innoticiasbo.com\/#\/schema\/person\/image\/","url":"https:\/\/secure.gravatar.com\/avatar\/d359bbdf112023c1c0a3ec7fe1600657?s=96&d=mm&r=g","contentUrl":"https:\/\/secure.gravatar.com\/avatar\/d359bbdf112023c1c0a3ec7fe1600657?s=96&d=mm&r=g","caption":"Prensa"},"sameAs":["http:\/\/www.innoticiasbo.com"],"url":"https:\/\/innoticiasbo.com\/index.php\/author\/prensa\/"}]}},"jetpack_featured_media_url":"https:\/\/i0.wp.com\/innoticiasbo.com\/wp-content\/uploads\/2025\/01\/IMG-20250116-WA0254.jpg?fit=1280%2C853&ssl=1","jetpack_likes_enabled":true,"jetpack_sharing_enabled":true,"jetpack_shortlink":"https:\/\/wp.me\/pg298x-X8","_links":{"self":[{"href":"https:\/\/innoticiasbo.com\/index.php\/wp-json\/wp\/v2\/posts\/3666","targetHints":{"allow":["GET"]}}],"collection":[{"href":"https:\/\/innoticiasbo.com\/index.php\/wp-json\/wp\/v2\/posts"}],"about":[{"href":"https:\/\/innoticiasbo.com\/index.php\/wp-json\/wp\/v2\/types\/post"}],"author":[{"embeddable":true,"href":"https:\/\/innoticiasbo.com\/index.php\/wp-json\/wp\/v2\/users\/2"}],"replies":[{"embeddable":true,"href":"https:\/\/innoticiasbo.com\/index.php\/wp-json\/wp\/v2\/comments?post=3666"}],"version-history":[{"count":1,"href":"https:\/\/innoticiasbo.com\/index.php\/wp-json\/wp\/v2\/posts\/3666\/revisions"}],"predecessor-version":[{"id":3667,"href":"https:\/\/innoticiasbo.com\/index.php\/wp-json\/wp\/v2\/posts\/3666\/revisions\/3667"}],"wp:featuredmedia":[{"embeddable":true,"href":"https:\/\/innoticiasbo.com\/index.php\/wp-json\/wp\/v2\/media\/3665"}],"wp:attachment":[{"href":"https:\/\/innoticiasbo.com\/index.php\/wp-json\/wp\/v2\/media?parent=3666"}],"wp:term":[{"taxonomy":"category","embeddable":true,"href":"https:\/\/innoticiasbo.com\/index.php\/wp-json\/wp\/v2\/categories?post=3666"},{"taxonomy":"post_tag","embeddable":true,"href":"https:\/\/innoticiasbo.com\/index.php\/wp-json\/wp\/v2\/tags?post=3666"}],"curies":[{"name":"wp","href":"https:\/\/api.w.org\/{rel}","templated":true}]}}