{"id":3650,"date":"2025-01-16T21:07:07","date_gmt":"2025-01-17T01:07:07","guid":{"rendered":"https:\/\/innoticiasbo.com\/?p=3650"},"modified":"2025-01-16T21:07:19","modified_gmt":"2025-01-17T01:07:19","slug":"organizaciones-y-lideres-del-sur-del-pais-se-suman-a-la-candidatura-de-reyes-villa","status":"publish","type":"post","link":"https:\/\/innoticiasbo.com\/index.php\/2025\/01\/16\/organizaciones-y-lideres-del-sur-del-pais-se-suman-a-la-candidatura-de-reyes-villa\/","title":{"rendered":"ORGANIZACIONES Y L\u00cdDERES DEL SUR DEL PA\u00cdS SE SUMAN A LA CANDIDATURA&nbsp; DE REYES VILLA"},"content":{"rendered":"\n<p>Sucre, 16 de enero de 2025.- APB Sumate que proclam\u00f3 a Manfred Reyes Villa como candidato a la presidencia el pasado 5 de enero recibi\u00f3 en las \u00faltimas horas el apoyo de 6 organizaciones sociales y pol\u00edticas del sur del pa\u00eds, \u201cnuestra alianza es con el pueblo, con las organizaciones vivas de cada departamento, esos son los acuerdos que valen, esa es nuestra l\u00ednea de conducta\u201d declar\u00f3 Mauricio Mu\u00f1oz, dirigente nacional luego de suscribir estos acuerdos.<\/p>\n\n\n\n<figure class=\"wp-block-image size-large\"><img data-recalc-dims=\"1\" loading=\"lazy\" decoding=\"async\" width=\"640\" height=\"373\" src=\"https:\/\/i0.wp.com\/innoticiasbo.com\/wp-content\/uploads\/2025\/01\/img-20250116-wa00462850582129624299873.jpg?resize=640%2C373&#038;ssl=1\" alt=\"\" class=\"wp-image-3647\" srcset=\"https:\/\/i0.wp.com\/innoticiasbo.com\/wp-content\/uploads\/2025\/01\/img-20250116-wa00462850582129624299873.jpg?resize=1024%2C596&amp;ssl=1 1024w, https:\/\/i0.wp.com\/innoticiasbo.com\/wp-content\/uploads\/2025\/01\/img-20250116-wa00462850582129624299873.jpg?resize=300%2C175&amp;ssl=1 300w, https:\/\/i0.wp.com\/innoticiasbo.com\/wp-content\/uploads\/2025\/01\/img-20250116-wa00462850582129624299873.jpg?resize=768%2C447&amp;ssl=1 768w, https:\/\/i0.wp.com\/innoticiasbo.com\/wp-content\/uploads\/2025\/01\/img-20250116-wa00462850582129624299873.jpg?w=1394&amp;ssl=1 1394w, https:\/\/i0.wp.com\/innoticiasbo.com\/wp-content\/uploads\/2025\/01\/img-20250116-wa00462850582129624299873.jpg?w=1280&amp;ssl=1 1280w\" sizes=\"auto, (max-width: 640px) 100vw, 640px\" \/><\/figure>\n\n\n\n<p>El dirigente explic\u00f3 que en el caso de Chuquisaca recibieron el respaldo de la Federaci\u00f3n de Juntas Vecinales de Chuquisaca, la Organizaci\u00f3n Conciencia Revolucionaria de Esperanza y Oportunidades y la Agrupaci\u00f3n Ciudadana Departamental Libertaria de Chuquisaca brindaron su apoyo a la candidatura de Reyes Villa.<\/p>\n\n\n\n<p>En Potos\u00ed ocurri\u00f3 lo mismo con la Federaci\u00f3n de Microempresarios y un grupo importante de activistas de Cultura y deportistas destacados. Adem\u00e1s, se sum\u00f3 la Confederaci\u00f3n Nacional de Naciones Ind\u00edgenas Originarios de Bolivia.<\/p>\n\n\n\n<p>\u201cNosotros hemos definido con absoluta claridad que la alianza de Manfred es con el pueblo, porque ya pas\u00f3 el tiempo en el que unos cuantos pol\u00edticos se re\u00fanen para repartirse cargos a espaldas de nuestra gente. Bolivia necesita un cambio profundo para salir de la crisis y la primera se\u00f1al de ese cambio es una nueva conducta de los dirigentes pol\u00edticos y est\u00e1 claro que el \u00fanico que puede ofrecer aquello es Manfred\u201d, explic\u00f3 Mu\u00f1oz.<\/p>\n\n\n\n<figure class=\"wp-block-image size-large\"><img data-recalc-dims=\"1\" loading=\"lazy\" decoding=\"async\" width=\"640\" height=\"360\" src=\"https:\/\/i0.wp.com\/innoticiasbo.com\/wp-content\/uploads\/2025\/01\/img-20250116-wa0062985182212767704781.jpg?resize=640%2C360&#038;ssl=1\" alt=\"\" class=\"wp-image-3648\" srcset=\"https:\/\/i0.wp.com\/innoticiasbo.com\/wp-content\/uploads\/2025\/01\/img-20250116-wa0062985182212767704781.jpg?resize=1024%2C576&amp;ssl=1 1024w, https:\/\/i0.wp.com\/innoticiasbo.com\/wp-content\/uploads\/2025\/01\/img-20250116-wa0062985182212767704781.jpg?resize=300%2C169&amp;ssl=1 300w, https:\/\/i0.wp.com\/innoticiasbo.com\/wp-content\/uploads\/2025\/01\/img-20250116-wa0062985182212767704781.jpg?resize=768%2C432&amp;ssl=1 768w, https:\/\/i0.wp.com\/innoticiasbo.com\/wp-content\/uploads\/2025\/01\/img-20250116-wa0062985182212767704781.jpg?resize=1536%2C864&amp;ssl=1 1536w, https:\/\/i0.wp.com\/innoticiasbo.com\/wp-content\/uploads\/2025\/01\/img-20250116-wa0062985182212767704781.jpg?w=1600&amp;ssl=1 1600w, https:\/\/i0.wp.com\/innoticiasbo.com\/wp-content\/uploads\/2025\/01\/img-20250116-wa0062985182212767704781.jpg?w=1280&amp;ssl=1 1280w\" sizes=\"auto, (max-width: 640px) 100vw, 640px\" \/><\/figure>\n\n\n\n<p>El dirigente nacional se\u00f1al\u00f3 que \u201chay otra cosa que valoramos mucho, el reconcomiendo en todo el pa\u00eds a la capacidad de gesti\u00f3n de Manfred, es el \u00fanico candidato con experiencia que ha demostrado que sabe hacer y su vida es el testimonio de su compromiso con la patria\u201d.<\/p>\n\n\n\n<p>\u201cVamos recorrer todo el pa\u00eds, porque todos los d\u00edas recibimos invitaciones para estar en los 9 departamento con organizaciones, con dirigentes, con l\u00edderes, con j\u00f3venes y mujeres que quieren brindarle p\u00fablicamente su apoyo a Manfred, esa es una gran se\u00f1al de que el pueblo ya no quiere experimentos sino certezas, por eso en los pr\u00f3ximos d\u00edas estaremos en Tarija para tambi\u00e9n recibir el apoyo pol\u00edtico a nuestro movimiento\u201d.<\/p>\n","protected":false},"excerpt":{"rendered":"<p>Sucre, 16 de enero de 2025.- APB Sumate que proclam\u00f3 a Manfred Reyes Villa como candidato a la presidencia el pasado 5 de enero recibi\u00f3 en las \u00faltimas horas el apoyo de 6 organizaciones sociales y pol\u00edticas del sur del pa\u00eds, \u201cnuestra alianza es con el pueblo, con las organizaciones vivas de cada departamento, esos&#8230;<\/p>\n","protected":false},"author":2,"featured_media":3649,"comment_status":"open","ping_status":"open","sticky":false,"template":"","format":"standard","meta":{"_jetpack_memberships_contains_paid_content":false,"footnotes":"","jetpack_publicize_message":"","jetpack_publicize_feature_enabled":true,"jetpack_social_post_already_shared":true,"jetpack_social_options":{"image_generator_settings":{"template":"highway","enabled":false},"version":2}},"categories":[1,3],"tags":[],"class_list":["post-3650","post","type-post","status-publish","format-standard","has-post-thumbnail","hentry","category-bolivia","category-politica"],"jetpack_publicize_connections":[],"yoast_head":"<!-- This site is optimized with the Yoast SEO plugin v23.4 - https:\/\/yoast.com\/wordpress\/plugins\/seo\/ -->\n<title>ORGANIZACIONES Y L\u00cdDERES DEL SUR DEL PA\u00cdS SE SUMAN A LA CANDIDATURA&nbsp; DE REYES VILLA - innoticiasbo.com<\/title>\n<meta name=\"robots\" content=\"index, follow, max-snippet:-1, max-image-preview:large, max-video-preview:-1\" \/>\n<link rel=\"canonical\" href=\"https:\/\/innoticiasbo.com\/index.php\/2025\/01\/16\/organizaciones-y-lideres-del-sur-del-pais-se-suman-a-la-candidatura-de-reyes-villa\/\" \/>\n<meta property=\"og:locale\" content=\"es_ES\" \/>\n<meta property=\"og:type\" content=\"article\" \/>\n<meta property=\"og:title\" content=\"ORGANIZACIONES Y L\u00cdDERES DEL SUR DEL PA\u00cdS SE SUMAN A LA CANDIDATURA&nbsp; DE REYES VILLA - innoticiasbo.com\" \/>\n<meta property=\"og:description\" content=\"Sucre, 16 de enero de 2025.- APB Sumate que proclam\u00f3 a Manfred Reyes Villa como candidato a la presidencia el pasado 5 de enero recibi\u00f3 en las \u00faltimas horas el apoyo de 6 organizaciones sociales y pol\u00edticas del sur del pa\u00eds, \u201cnuestra alianza es con el pueblo, con las organizaciones vivas de cada departamento, esos...\" \/>\n<meta property=\"og:url\" content=\"https:\/\/innoticiasbo.com\/index.php\/2025\/01\/16\/organizaciones-y-lideres-del-sur-del-pais-se-suman-a-la-candidatura-de-reyes-villa\/\" \/>\n<meta property=\"og:site_name\" content=\"innoticiasbo.com\" \/>\n<meta property=\"article:publisher\" content=\"https:\/\/www.facebook.com\/innoticiasbolivia\" \/>\n<meta property=\"article:published_time\" content=\"2025-01-17T01:07:07+00:00\" \/>\n<meta property=\"article:modified_time\" content=\"2025-01-17T01:07:19+00:00\" \/>\n<meta property=\"og:image\" content=\"https:\/\/i0.wp.com\/innoticiasbo.com\/wp-content\/uploads\/2025\/01\/IMG-20250116-WA0045.jpg?fit=1080%2C810&ssl=1\" \/>\n\t<meta property=\"og:image:width\" content=\"1080\" \/>\n\t<meta property=\"og:image:height\" content=\"810\" \/>\n\t<meta property=\"og:image:type\" content=\"image\/jpeg\" \/>\n<meta name=\"author\" content=\"Prensa\" \/>\n<meta name=\"twitter:card\" content=\"summary_large_image\" \/>\n<meta name=\"twitter:creator\" content=\"@innoticiasbo\" \/>\n<meta name=\"twitter:site\" content=\"@innoticiasbo\" \/>\n<meta name=\"twitter:label1\" content=\"Escrito por\" \/>\n\t<meta name=\"twitter:data1\" content=\"Prensa\" \/>\n\t<meta name=\"twitter:label2\" content=\"Tiempo de lectura\" \/>\n\t<meta name=\"twitter:data2\" content=\"2 minutos\" \/>\n<script type=\"application\/ld+json\" class=\"yoast-schema-graph\">{\"@context\":\"https:\/\/schema.org\",\"@graph\":[{\"@type\":\"Article\",\"@id\":\"https:\/\/innoticiasbo.com\/index.php\/2025\/01\/16\/organizaciones-y-lideres-del-sur-del-pais-se-suman-a-la-candidatura-de-reyes-villa\/#article\",\"isPartOf\":{\"@id\":\"https:\/\/innoticiasbo.com\/index.php\/2025\/01\/16\/organizaciones-y-lideres-del-sur-del-pais-se-suman-a-la-candidatura-de-reyes-villa\/\"},\"author\":{\"name\":\"Prensa\",\"@id\":\"https:\/\/innoticiasbo.com\/#\/schema\/person\/589cd527c4211df1b943bdad85ec07ce\"},\"headline\":\"ORGANIZACIONES Y L\u00cdDERES DEL SUR DEL PA\u00cdS SE SUMAN A LA CANDIDATURA&nbsp; DE REYES VILLA\",\"datePublished\":\"2025-01-17T01:07:07+00:00\",\"dateModified\":\"2025-01-17T01:07:19+00:00\",\"mainEntityOfPage\":{\"@id\":\"https:\/\/innoticiasbo.com\/index.php\/2025\/01\/16\/organizaciones-y-lideres-del-sur-del-pais-se-suman-a-la-candidatura-de-reyes-villa\/\"},\"wordCount\":388,\"commentCount\":0,\"publisher\":{\"@id\":\"https:\/\/innoticiasbo.com\/#organization\"},\"image\":{\"@id\":\"https:\/\/innoticiasbo.com\/index.php\/2025\/01\/16\/organizaciones-y-lideres-del-sur-del-pais-se-suman-a-la-candidatura-de-reyes-villa\/#primaryimage\"},\"thumbnailUrl\":\"https:\/\/i0.wp.com\/innoticiasbo.com\/wp-content\/uploads\/2025\/01\/IMG-20250116-WA0045.jpg?fit=1080%2C810&ssl=1\",\"articleSection\":[\"Bolivia\",\"Pol\u00edtica\"],\"inLanguage\":\"es\",\"potentialAction\":[{\"@type\":\"CommentAction\",\"name\":\"Comment\",\"target\":[\"https:\/\/innoticiasbo.com\/index.php\/2025\/01\/16\/organizaciones-y-lideres-del-sur-del-pais-se-suman-a-la-candidatura-de-reyes-villa\/#respond\"]}]},{\"@type\":\"WebPage\",\"@id\":\"https:\/\/innoticiasbo.com\/index.php\/2025\/01\/16\/organizaciones-y-lideres-del-sur-del-pais-se-suman-a-la-candidatura-de-reyes-villa\/\",\"url\":\"https:\/\/innoticiasbo.com\/index.php\/2025\/01\/16\/organizaciones-y-lideres-del-sur-del-pais-se-suman-a-la-candidatura-de-reyes-villa\/\",\"name\":\"ORGANIZACIONES Y L\u00cdDERES DEL SUR DEL PA\u00cdS SE SUMAN A LA CANDIDATURA&nbsp; DE REYES VILLA - innoticiasbo.com\",\"isPartOf\":{\"@id\":\"https:\/\/innoticiasbo.com\/#website\"},\"primaryImageOfPage\":{\"@id\":\"https:\/\/innoticiasbo.com\/index.php\/2025\/01\/16\/organizaciones-y-lideres-del-sur-del-pais-se-suman-a-la-candidatura-de-reyes-villa\/#primaryimage\"},\"image\":{\"@id\":\"https:\/\/innoticiasbo.com\/index.php\/2025\/01\/16\/organizaciones-y-lideres-del-sur-del-pais-se-suman-a-la-candidatura-de-reyes-villa\/#primaryimage\"},\"thumbnailUrl\":\"https:\/\/i0.wp.com\/innoticiasbo.com\/wp-content\/uploads\/2025\/01\/IMG-20250116-WA0045.jpg?fit=1080%2C810&ssl=1\",\"datePublished\":\"2025-01-17T01:07:07+00:00\",\"dateModified\":\"2025-01-17T01:07:19+00:00\",\"breadcrumb\":{\"@id\":\"https:\/\/innoticiasbo.com\/index.php\/2025\/01\/16\/organizaciones-y-lideres-del-sur-del-pais-se-suman-a-la-candidatura-de-reyes-villa\/#breadcrumb\"},\"inLanguage\":\"es\",\"potentialAction\":[{\"@type\":\"ReadAction\",\"target\":[\"https:\/\/innoticiasbo.com\/index.php\/2025\/01\/16\/organizaciones-y-lideres-del-sur-del-pais-se-suman-a-la-candidatura-de-reyes-villa\/\"]}]},{\"@type\":\"ImageObject\",\"inLanguage\":\"es\",\"@id\":\"https:\/\/innoticiasbo.com\/index.php\/2025\/01\/16\/organizaciones-y-lideres-del-sur-del-pais-se-suman-a-la-candidatura-de-reyes-villa\/#primaryimage\",\"url\":\"https:\/\/i0.wp.com\/innoticiasbo.com\/wp-content\/uploads\/2025\/01\/IMG-20250116-WA0045.jpg?fit=1080%2C810&ssl=1\",\"contentUrl\":\"https:\/\/i0.wp.com\/innoticiasbo.com\/wp-content\/uploads\/2025\/01\/IMG-20250116-WA0045.jpg?fit=1080%2C810&ssl=1\",\"width\":1080,\"height\":810},{\"@type\":\"BreadcrumbList\",\"@id\":\"https:\/\/innoticiasbo.com\/index.php\/2025\/01\/16\/organizaciones-y-lideres-del-sur-del-pais-se-suman-a-la-candidatura-de-reyes-villa\/#breadcrumb\",\"itemListElement\":[{\"@type\":\"ListItem\",\"position\":1,\"name\":\"Portada\",\"item\":\"https:\/\/innoticiasbo.com\/\"},{\"@type\":\"ListItem\",\"position\":2,\"name\":\"ORGANIZACIONES Y L\u00cdDERES DEL SUR DEL PA\u00cdS SE SUMAN A LA CANDIDATURA&nbsp; DE REYES VILLA\"}]},{\"@type\":\"WebSite\",\"@id\":\"https:\/\/innoticiasbo.com\/#website\",\"url\":\"https:\/\/innoticiasbo.com\/\",\"name\":\"innoticiasbo.com\",\"description\":\"\",\"publisher\":{\"@id\":\"https:\/\/innoticiasbo.com\/#organization\"},\"potentialAction\":[{\"@type\":\"SearchAction\",\"target\":{\"@type\":\"EntryPoint\",\"urlTemplate\":\"https:\/\/innoticiasbo.com\/?s={search_term_string}\"},\"query-input\":{\"@type\":\"PropertyValueSpecification\",\"valueRequired\":true,\"valueName\":\"search_term_string\"}}],\"inLanguage\":\"es\"},{\"@type\":\"Organization\",\"@id\":\"https:\/\/innoticiasbo.com\/#organization\",\"name\":\"innoticiasbo.com\",\"url\":\"https:\/\/innoticiasbo.com\/\",\"logo\":{\"@type\":\"ImageObject\",\"inLanguage\":\"es\",\"@id\":\"https:\/\/innoticiasbo.com\/#\/schema\/logo\/image\/\",\"url\":\"https:\/\/i0.wp.com\/innoticiasbo.com\/wp-content\/uploads\/2026\/04\/cropped-IN-LOGO.png?fit=1476%2C1476&ssl=1\",\"contentUrl\":\"https:\/\/i0.wp.com\/innoticiasbo.com\/wp-content\/uploads\/2026\/04\/cropped-IN-LOGO.png?fit=1476%2C1476&ssl=1\",\"width\":1476,\"height\":1476,\"caption\":\"innoticiasbo.com\"},\"image\":{\"@id\":\"https:\/\/innoticiasbo.com\/#\/schema\/logo\/image\/\"},\"sameAs\":[\"https:\/\/www.facebook.com\/innoticiasbolivia\",\"https:\/\/x.com\/innoticiasbo\",\"https:\/\/www.instagram.com\/innoticiasbo\",\"https:\/\/www.youtube.com\/innoticiasbo\"]},{\"@type\":\"Person\",\"@id\":\"https:\/\/innoticiasbo.com\/#\/schema\/person\/589cd527c4211df1b943bdad85ec07ce\",\"name\":\"Prensa\",\"image\":{\"@type\":\"ImageObject\",\"inLanguage\":\"es\",\"@id\":\"https:\/\/innoticiasbo.com\/#\/schema\/person\/image\/\",\"url\":\"https:\/\/secure.gravatar.com\/avatar\/d359bbdf112023c1c0a3ec7fe1600657?s=96&d=mm&r=g\",\"contentUrl\":\"https:\/\/secure.gravatar.com\/avatar\/d359bbdf112023c1c0a3ec7fe1600657?s=96&d=mm&r=g\",\"caption\":\"Prensa\"},\"sameAs\":[\"http:\/\/www.innoticiasbo.com\"],\"url\":\"https:\/\/innoticiasbo.com\/index.php\/author\/prensa\/\"}]}<\/script>\n<!-- \/ Yoast SEO plugin. -->","yoast_head_json":{"title":"ORGANIZACIONES Y L\u00cdDERES DEL SUR DEL PA\u00cdS SE SUMAN A LA CANDIDATURA&nbsp; DE REYES VILLA - innoticiasbo.com","robots":{"index":"index","follow":"follow","max-snippet":"max-snippet:-1","max-image-preview":"max-image-preview:large","max-video-preview":"max-video-preview:-1"},"canonical":"https:\/\/innoticiasbo.com\/index.php\/2025\/01\/16\/organizaciones-y-lideres-del-sur-del-pais-se-suman-a-la-candidatura-de-reyes-villa\/","og_locale":"es_ES","og_type":"article","og_title":"ORGANIZACIONES Y L\u00cdDERES DEL SUR DEL PA\u00cdS SE SUMAN A LA CANDIDATURA&nbsp; DE REYES VILLA - innoticiasbo.com","og_description":"Sucre, 16 de enero de 2025.- APB Sumate que proclam\u00f3 a Manfred Reyes Villa como candidato a la presidencia el pasado 5 de enero recibi\u00f3 en las \u00faltimas horas el apoyo de 6 organizaciones sociales y pol\u00edticas del sur del pa\u00eds, \u201cnuestra alianza es con el pueblo, con las organizaciones vivas de cada departamento, esos...","og_url":"https:\/\/innoticiasbo.com\/index.php\/2025\/01\/16\/organizaciones-y-lideres-del-sur-del-pais-se-suman-a-la-candidatura-de-reyes-villa\/","og_site_name":"innoticiasbo.com","article_publisher":"https:\/\/www.facebook.com\/innoticiasbolivia","article_published_time":"2025-01-17T01:07:07+00:00","article_modified_time":"2025-01-17T01:07:19+00:00","og_image":[{"width":1080,"height":810,"url":"https:\/\/i0.wp.com\/innoticiasbo.com\/wp-content\/uploads\/2025\/01\/IMG-20250116-WA0045.jpg?fit=1080%2C810&ssl=1","type":"image\/jpeg"}],"author":"Prensa","twitter_card":"summary_large_image","twitter_creator":"@innoticiasbo","twitter_site":"@innoticiasbo","twitter_misc":{"Escrito por":"Prensa","Tiempo de lectura":"2 minutos"},"schema":{"@context":"https:\/\/schema.org","@graph":[{"@type":"Article","@id":"https:\/\/innoticiasbo.com\/index.php\/2025\/01\/16\/organizaciones-y-lideres-del-sur-del-pais-se-suman-a-la-candidatura-de-reyes-villa\/#article","isPartOf":{"@id":"https:\/\/innoticiasbo.com\/index.php\/2025\/01\/16\/organizaciones-y-lideres-del-sur-del-pais-se-suman-a-la-candidatura-de-reyes-villa\/"},"author":{"name":"Prensa","@id":"https:\/\/innoticiasbo.com\/#\/schema\/person\/589cd527c4211df1b943bdad85ec07ce"},"headline":"ORGANIZACIONES Y L\u00cdDERES DEL SUR DEL PA\u00cdS SE SUMAN A LA CANDIDATURA&nbsp; DE REYES VILLA","datePublished":"2025-01-17T01:07:07+00:00","dateModified":"2025-01-17T01:07:19+00:00","mainEntityOfPage":{"@id":"https:\/\/innoticiasbo.com\/index.php\/2025\/01\/16\/organizaciones-y-lideres-del-sur-del-pais-se-suman-a-la-candidatura-de-reyes-villa\/"},"wordCount":388,"commentCount":0,"publisher":{"@id":"https:\/\/innoticiasbo.com\/#organization"},"image":{"@id":"https:\/\/innoticiasbo.com\/index.php\/2025\/01\/16\/organizaciones-y-lideres-del-sur-del-pais-se-suman-a-la-candidatura-de-reyes-villa\/#primaryimage"},"thumbnailUrl":"https:\/\/i0.wp.com\/innoticiasbo.com\/wp-content\/uploads\/2025\/01\/IMG-20250116-WA0045.jpg?fit=1080%2C810&ssl=1","articleSection":["Bolivia","Pol\u00edtica"],"inLanguage":"es","potentialAction":[{"@type":"CommentAction","name":"Comment","target":["https:\/\/innoticiasbo.com\/index.php\/2025\/01\/16\/organizaciones-y-lideres-del-sur-del-pais-se-suman-a-la-candidatura-de-reyes-villa\/#respond"]}]},{"@type":"WebPage","@id":"https:\/\/innoticiasbo.com\/index.php\/2025\/01\/16\/organizaciones-y-lideres-del-sur-del-pais-se-suman-a-la-candidatura-de-reyes-villa\/","url":"https:\/\/innoticiasbo.com\/index.php\/2025\/01\/16\/organizaciones-y-lideres-del-sur-del-pais-se-suman-a-la-candidatura-de-reyes-villa\/","name":"ORGANIZACIONES Y L\u00cdDERES DEL SUR DEL PA\u00cdS SE SUMAN A LA CANDIDATURA&nbsp; DE REYES VILLA - innoticiasbo.com","isPartOf":{"@id":"https:\/\/innoticiasbo.com\/#website"},"primaryImageOfPage":{"@id":"https:\/\/innoticiasbo.com\/index.php\/2025\/01\/16\/organizaciones-y-lideres-del-sur-del-pais-se-suman-a-la-candidatura-de-reyes-villa\/#primaryimage"},"image":{"@id":"https:\/\/innoticiasbo.com\/index.php\/2025\/01\/16\/organizaciones-y-lideres-del-sur-del-pais-se-suman-a-la-candidatura-de-reyes-villa\/#primaryimage"},"thumbnailUrl":"https:\/\/i0.wp.com\/innoticiasbo.com\/wp-content\/uploads\/2025\/01\/IMG-20250116-WA0045.jpg?fit=1080%2C810&ssl=1","datePublished":"2025-01-17T01:07:07+00:00","dateModified":"2025-01-17T01:07:19+00:00","breadcrumb":{"@id":"https:\/\/innoticiasbo.com\/index.php\/2025\/01\/16\/organizaciones-y-lideres-del-sur-del-pais-se-suman-a-la-candidatura-de-reyes-villa\/#breadcrumb"},"inLanguage":"es","potentialAction":[{"@type":"ReadAction","target":["https:\/\/innoticiasbo.com\/index.php\/2025\/01\/16\/organizaciones-y-lideres-del-sur-del-pais-se-suman-a-la-candidatura-de-reyes-villa\/"]}]},{"@type":"ImageObject","inLanguage":"es","@id":"https:\/\/innoticiasbo.com\/index.php\/2025\/01\/16\/organizaciones-y-lideres-del-sur-del-pais-se-suman-a-la-candidatura-de-reyes-villa\/#primaryimage","url":"https:\/\/i0.wp.com\/innoticiasbo.com\/wp-content\/uploads\/2025\/01\/IMG-20250116-WA0045.jpg?fit=1080%2C810&ssl=1","contentUrl":"https:\/\/i0.wp.com\/innoticiasbo.com\/wp-content\/uploads\/2025\/01\/IMG-20250116-WA0045.jpg?fit=1080%2C810&ssl=1","width":1080,"height":810},{"@type":"BreadcrumbList","@id":"https:\/\/innoticiasbo.com\/index.php\/2025\/01\/16\/organizaciones-y-lideres-del-sur-del-pais-se-suman-a-la-candidatura-de-reyes-villa\/#breadcrumb","itemListElement":[{"@type":"ListItem","position":1,"name":"Portada","item":"https:\/\/innoticiasbo.com\/"},{"@type":"ListItem","position":2,"name":"ORGANIZACIONES Y L\u00cdDERES DEL SUR DEL PA\u00cdS SE SUMAN A LA CANDIDATURA&nbsp; DE REYES VILLA"}]},{"@type":"WebSite","@id":"https:\/\/innoticiasbo.com\/#website","url":"https:\/\/innoticiasbo.com\/","name":"innoticiasbo.com","description":"","publisher":{"@id":"https:\/\/innoticiasbo.com\/#organization"},"potentialAction":[{"@type":"SearchAction","target":{"@type":"EntryPoint","urlTemplate":"https:\/\/innoticiasbo.com\/?s={search_term_string}"},"query-input":{"@type":"PropertyValueSpecification","valueRequired":true,"valueName":"search_term_string"}}],"inLanguage":"es"},{"@type":"Organization","@id":"https:\/\/innoticiasbo.com\/#organization","name":"innoticiasbo.com","url":"https:\/\/innoticiasbo.com\/","logo":{"@type":"ImageObject","inLanguage":"es","@id":"https:\/\/innoticiasbo.com\/#\/schema\/logo\/image\/","url":"https:\/\/i0.wp.com\/innoticiasbo.com\/wp-content\/uploads\/2026\/04\/cropped-IN-LOGO.png?fit=1476%2C1476&ssl=1","contentUrl":"https:\/\/i0.wp.com\/innoticiasbo.com\/wp-content\/uploads\/2026\/04\/cropped-IN-LOGO.png?fit=1476%2C1476&ssl=1","width":1476,"height":1476,"caption":"innoticiasbo.com"},"image":{"@id":"https:\/\/innoticiasbo.com\/#\/schema\/logo\/image\/"},"sameAs":["https:\/\/www.facebook.com\/innoticiasbolivia","https:\/\/x.com\/innoticiasbo","https:\/\/www.instagram.com\/innoticiasbo","https:\/\/www.youtube.com\/innoticiasbo"]},{"@type":"Person","@id":"https:\/\/innoticiasbo.com\/#\/schema\/person\/589cd527c4211df1b943bdad85ec07ce","name":"Prensa","image":{"@type":"ImageObject","inLanguage":"es","@id":"https:\/\/innoticiasbo.com\/#\/schema\/person\/image\/","url":"https:\/\/secure.gravatar.com\/avatar\/d359bbdf112023c1c0a3ec7fe1600657?s=96&d=mm&r=g","contentUrl":"https:\/\/secure.gravatar.com\/avatar\/d359bbdf112023c1c0a3ec7fe1600657?s=96&d=mm&r=g","caption":"Prensa"},"sameAs":["http:\/\/www.innoticiasbo.com"],"url":"https:\/\/innoticiasbo.com\/index.php\/author\/prensa\/"}]}},"jetpack_featured_media_url":"https:\/\/i0.wp.com\/innoticiasbo.com\/wp-content\/uploads\/2025\/01\/IMG-20250116-WA0045.jpg?fit=1080%2C810&ssl=1","jetpack_likes_enabled":true,"jetpack_sharing_enabled":true,"jetpack_shortlink":"https:\/\/wp.me\/pg298x-WS","_links":{"self":[{"href":"https:\/\/innoticiasbo.com\/index.php\/wp-json\/wp\/v2\/posts\/3650","targetHints":{"allow":["GET"]}}],"collection":[{"href":"https:\/\/innoticiasbo.com\/index.php\/wp-json\/wp\/v2\/posts"}],"about":[{"href":"https:\/\/innoticiasbo.com\/index.php\/wp-json\/wp\/v2\/types\/post"}],"author":[{"embeddable":true,"href":"https:\/\/innoticiasbo.com\/index.php\/wp-json\/wp\/v2\/users\/2"}],"replies":[{"embeddable":true,"href":"https:\/\/innoticiasbo.com\/index.php\/wp-json\/wp\/v2\/comments?post=3650"}],"version-history":[{"count":1,"href":"https:\/\/innoticiasbo.com\/index.php\/wp-json\/wp\/v2\/posts\/3650\/revisions"}],"predecessor-version":[{"id":3651,"href":"https:\/\/innoticiasbo.com\/index.php\/wp-json\/wp\/v2\/posts\/3650\/revisions\/3651"}],"wp:featuredmedia":[{"embeddable":true,"href":"https:\/\/innoticiasbo.com\/index.php\/wp-json\/wp\/v2\/media\/3649"}],"wp:attachment":[{"href":"https:\/\/innoticiasbo.com\/index.php\/wp-json\/wp\/v2\/media?parent=3650"}],"wp:term":[{"taxonomy":"category","embeddable":true,"href":"https:\/\/innoticiasbo.com\/index.php\/wp-json\/wp\/v2\/categories?post=3650"},{"taxonomy":"post_tag","embeddable":true,"href":"https:\/\/innoticiasbo.com\/index.php\/wp-json\/wp\/v2\/tags?post=3650"}],"curies":[{"name":"wp","href":"https:\/\/api.w.org\/{rel}","templated":true}]}}